{"id":6548,"date":"2025-04-09T00:17:47","date_gmt":"2025-04-08T22:17:47","guid":{"rendered":"https:\/\/vieassociative.be\/actualites\/la-meilleure-facon-dutiliser-un-tas-de-celeri-restants\/"},"modified":"2025-04-09T00:17:47","modified_gmt":"2025-04-08T22:17:47","slug":"la-meilleure-facon-dutiliser-un-tas-de-celeri-restants","status":"publish","type":"post","link":"https:\/\/vieassociative.be\/actualites\/la-meilleure-facon-dutiliser-un-tas-de-celeri-restants\/","title":{"rendered":"La meilleure fa\u00e7on d&rsquo;utiliser un tas de c\u00e9leri restants"},"content":{"rendered":"<div class=\"mt-4 leading-6 md:mb-8\">C&rsquo;est la recette dont vous avez besoin pour aborder ce c\u0153ur de c\u00e9leri vieillissant dans votre r\u00e9frig\u00e9rateur.<\/div>\n<p><\/p>\n<p>Je ne saurai jamais pourquoi les magasins vendent des paquets de 16 onces de c\u0153urs de c\u00e9leri alors que je n&rsquo;ai jamais besoin que de deux tiges. R\u00e9cemment, un de mes amis a d\u00e9plor\u00e9 qu&rsquo;il avait trop de restes de c\u00e9leri en train de mourir lentement dans le r\u00e9frig\u00e9rateur, donc je sais que ce n&rsquo;est pas seulement moi. \u00c0 moins que vous ne commenciez une justice hors de votre maison, l&rsquo;exc\u00e8s de c\u00e9leri est s\u00fbr de se produire. Chaque fois que j&rsquo;ai trop de c\u00e9leri, je fais cette d\u00e9licieuse salade de c\u00e9leri. <\/p>\n<p>Je suis conscient que \u00abd\u00e9licieux\u00bb et \u00absalade de c\u00e9leri\u00bb ressemblent \u00e0 des mensonges, mais c&rsquo;est vraiment (croiser mon c\u0153ur) quelque chose que j&rsquo;aime. Je parcourais l&rsquo;un de mes livres de cuisine pr\u00e9f\u00e9r\u00e9s, Ottolenghi&rsquo;s <em>Beaucoup plus<\/em>et a trouv\u00e9 une salade de c\u00e9leri qui comportait un \u0153uf dur. Si vous mettez un \u0153uf durs sur quoi que ce soit, je vais m&rsquo;inscrire &#8211; alors je l&rsquo;ai essay\u00e9. C&rsquo;\u00e9tait charmant avec beaucoup de croquant du c\u00e9leri et du poivron vert, sal\u00e9 au fromage feta, et avait des segments de citron en bouche jet\u00e9s. Avec le cadre pos\u00e9 devant moi, cette salade a finalement \u00e9volu\u00e9 dans la salade de c\u00e9leri restante que je fais aujourd&rsquo;hui.<\/p>\n<div class=\"eloquent-imagery-image\">\n<div class=\"flex justify-center\">\n                    <img decoding=\"async\" class=\"border border-gray-100\" src=\"https:\/\/vieassociative.be\/actualites\/wp-content\/uploads\/2025\/04\/La-meilleure-facon-dutiliser-un-tas-de-celeri-restants.jpg\" alt=\"C\u00e9leri en tranches fines dans un monticule.\" width=\"2000\" height=\"1124\" loading=\"lazy\"  >\n            <\/div>\n<\/p><\/div>\n<h2 id=\"how-to-make-leftover-celery-salad\">Comment faire des restes de salade de c\u00e9leri<\/h2>\n<p>L&rsquo;astuce pour emp\u00eacher le c\u00e9leri d&rsquo;\u00eatre tortur\u00e9 en tant que l\u00e9gume cru est de le trancher finement et sur un biais dramatique. Franchement, c&rsquo;est juste plus facile \u00e0 manger. M\u00e2cher des mecs \u00e9pais de c\u00e9leri est \u00e9puisant. Les tranches minces raccourcissent les fibres ext\u00e9rieures filandreuses et exposent plus de l&rsquo;int\u00e9rieur tendre qui adoucit l\u00e9g\u00e8rement dans la vinaigrette de citron tout en maintenant beaucoup de croquant. Vous pouvez profiter de la saveur verdoyante du c\u00e9leri sans avoir l&rsquo;impression d&rsquo;avoir besoin d&rsquo;une journ\u00e9e de repos. <\/p>\n<p>Ce n&rsquo;est pas un secret que le c\u00e9leri n&rsquo;a pas beaucoup de nuances \u00e0 sa saveur aqueuse, vous devriez donc ajouter des aides qui vous excitent. Ne vous y trompez pas, le c\u00e9leri est l&rsquo;\u00e9toile, mais un \u0153uf durs, des haricots, une pinc\u00e9e d&rsquo;\u00e9pices ou du fromage \u00e9miett\u00e9 peuvent aider \u00e0 faire en sorte que cette salade attend avec impatience. <\/p>\n<p>Bien que cette recette ait des mesures, c&rsquo;est certainement le type que vous pouvez manipuler pour s&rsquo;adapter \u00e0 votre palais. J&rsquo;aime garder la lumi\u00e8re sur l&rsquo;oignon brut car il peut \u00eatre trop vif pour moi. En fait, je l&rsquo;ajoute au jus de citron avec le sel d&rsquo;abord pendant que je pr\u00e9pare les autres parties de la salade afin qu&rsquo;elle puisse se d\u00e9composer et se d\u00e9shabiller un peu. Si cela ne vous d\u00e9range pas la morsure de l&rsquo;oignon brut, ajoutez-en plus et coupez-le un peu plus \u00e9pais que moi. Cela vaut \u00e9galement pour les autres accessoires. N&rsquo;ayez pas peur de le personnaliser, et n&rsquo;ayez certainement pas peur d&rsquo;ajouter plus de c\u00e9leri.<\/p>\n<h2 id=\"leftover-celery-salad\">Salade de c\u00e9leri reste<\/h2>\n<p>Ingr\u00e9dients:<\/p>\n<div class=\"pogoClear relative my-10 border-b-(1.5px) border-t-(1.5px) border-dashed border-black py-5 sm:my-14 sm:border-0 sm:py-0\" x-cloak x-data=\"{ commentsCount: null }\" x-init=\"commentsCount = await window.openweb.getMessagesCount(118531)\" x-show=\"commentsCount !== null &amp;&amp; commentsCount &gt; 0\">\n<div class=\"absolute top-1\/2 hidden w-full -translate-y-1\/2 border-t-(1.5px) border-dashed border-black sm:block\"><\/div>\n<div class=\"relative flex justify-center\">\n<div class=\"flex max-w-max items-center gap-x-3 bg-white px-5\">\n<div class=\"relative\">\n                <span class=\"absolute left-1\/2 top-1\/2 -translate-x-1\/2 -translate-y-1\/2 font-akshar text-sm font-medium text-black\" x-text=\"commentsCount\"><\/span><\/p>\n<p>                <svg class=\"h-8 w-8 text-black\">\n                    <use href=\"http:\/\/lifehacker.com\/images\/icons\/spritemap.svg#sprite-chat-bubble\"><\/use>\n                <\/svg>\n            <\/div>\n<p>            <span class=\"text-sm font-medium text-black\">Que pensez-vous jusqu&rsquo;\u00e0 pr\u00e9sent? <button class=\"font-semibold text-brand-green underline hover:text-brand-green-700\" onclick=\"window.openweb.scrollToComments(118531)\">Publier un commentaire.<\/button><\/span>\n        <\/div>\n<\/p><\/div>\n<\/div>\n<ul>\n<li>\n<p>Jus de 2 citrons<\/p>\n<\/li>\n<li>\n<p>\u00bd cuill\u00e8re \u00e0 caf\u00e9 de sel<\/p>\n<\/li>\n<li>\n<p>\u00bc petit oignon<\/p>\n<\/li>\n<li>\n<p>\u00bd cloche, d\u00e9s\u00e9qu\u00e9e<\/p>\n<\/li>\n<li>\n<p>10 \u00e0 12 tiges de c\u00e9leri, se termine<\/p>\n<\/li>\n<li>\n<p>1 piment tha\u00eflandais<\/p>\n<\/li>\n<li>\n<p>1 cuill\u00e8re \u00e0 caf\u00e9 de miel<\/p>\n<\/li>\n<li>\n<p>\u00bd cuill\u00e8re \u00e0 caf\u00e9 de moutarde Dijon<\/p>\n<\/li>\n<li>\n<p>2 cuill\u00e8res \u00e0 soupe d&rsquo;huile d&rsquo;olive extra vierge<\/p>\n<\/li>\n<li>\n<p>\u00bc \u00bd tasse de pois surgel\u00e9s (ou pois chiches, edamame, fromage feta, avocat ou combo)<\/p>\n<\/li>\n<li>\n<p>4 \u0153ufs durs, pel\u00e9es et coup\u00e9es de moiti\u00e9<\/p>\n<\/li>\n<\/ul>\n<p>1. Ajouter le jus de citron et le sel \u00e0 un salade. Trancher finement l&rsquo;oignon et le remuer dans le m\u00e9lange de jus de citron. Trancher finement les tiges de c\u00e9leri et le poivron. Huissonner le piment.<\/p>\n<p>2. Ajouter le miel, la moutarde et l&rsquo;huile d&rsquo;olive dans le bol des oignons citronn\u00e9s. Fouettez le tout ensemble pour qu&rsquo;une vinaigrette se forme au fond du bol. <\/p>\n<p>3. Ajouter le c\u00e9leri, le poivron, le piment et les pois surgel\u00e9s. Jetez tout ensemble. Servir la salade et orner les assiettes avec quelques moiti\u00e9s d&rsquo;oeufs durs. Arroser un exc\u00e8s de vinaigrette sur le dessus et une pinc\u00e9e de sel. <\/p>\n","protected":false},"excerpt":{"rendered":"<p>C&rsquo;est la recette dont vous avez besoin pour aborder ce c\u0153ur de c\u00e9leri vieillissant dans votre r\u00e9frig\u00e9rateur. Je ne saurai jamais pourquoi les magasins vendent<\/p>\n","protected":false},"author":1,"featured_media":6549,"comment_status":"","ping_status":"","sticky":false,"template":"","format":"standard","meta":{"footnotes":""},"categories":[39],"tags":[6264,120,531,530,6265,1214],"class_list":["post-6548","post","type-post","status-publish","format-standard","has-post-thumbnail","hentry","category-gastronomie","tag-celeri","tag-dutiliser","tag-facon","tag-meilleure","tag-restants","tag-tas","generate-columns","tablet-grid-50","mobile-grid-100","grid-parent","grid-33"],"yoast_head":"<!-- This site is optimized with the Yoast SEO plugin v24.0 - https:\/\/yoast.com\/wordpress\/plugins\/seo\/ -->\n<title>La meilleure fa\u00e7on d&#039;utiliser un tas de c\u00e9leri restants | Vie Associative<\/title>\n<meta name=\"robots\" content=\"index, follow, max-snippet:-1, max-image-preview:large, max-video-preview:-1\" \/>\n<link rel=\"canonical\" href=\"https:\/\/vieassociative.be\/actualites\/la-meilleure-facon-dutiliser-un-tas-de-celeri-restants\/\" \/>\n<meta property=\"og:locale\" content=\"fr_FR\" \/>\n<meta property=\"og:type\" content=\"article\" \/>\n<meta property=\"og:title\" content=\"La meilleure fa\u00e7on d&#039;utiliser un tas de c\u00e9leri restants | Vie Associative\" \/>\n<meta property=\"og:description\" content=\"C&rsquo;est la recette dont vous avez besoin pour aborder ce c\u0153ur de c\u00e9leri vieillissant dans votre r\u00e9frig\u00e9rateur. Je ne saurai jamais pourquoi les magasins vendent\" \/>\n<meta property=\"og:url\" content=\"https:\/\/vieassociative.be\/actualites\/la-meilleure-facon-dutiliser-un-tas-de-celeri-restants\/\" \/>\n<meta property=\"og:site_name\" content=\"Vie Associative\" \/>\n<meta property=\"article:published_time\" content=\"2025-04-08T22:17:47+00:00\" \/>\n<meta property=\"og:image\" content=\"https:\/\/vieassociative.be\/actualites\/wp-content\/uploads\/2025\/04\/La-meilleure-facon-dutiliser-un-tas-de-celeri-restants.jpg\" \/>\n<meta name=\"author\" content=\"Julien\" \/>\n<meta name=\"twitter:card\" content=\"summary_large_image\" \/>\n<meta name=\"twitter:label1\" content=\"\u00c9crit par\" \/>\n\t<meta name=\"twitter:data1\" content=\"Julien\" \/>\n\t<meta name=\"twitter:label2\" content=\"Dur\u00e9e de lecture est.\" \/>\n\t<meta name=\"twitter:data2\" content=\"4 minutes\" \/>\n<script type=\"application\/ld+json\" class=\"yoast-schema-graph\">{\"@context\":\"https:\/\/schema.org\",\"@graph\":[{\"@type\":\"Article\",\"@id\":\"https:\/\/vieassociative.be\/actualites\/la-meilleure-facon-dutiliser-un-tas-de-celeri-restants\/#article\",\"isPartOf\":{\"@id\":\"https:\/\/vieassociative.be\/actualites\/la-meilleure-facon-dutiliser-un-tas-de-celeri-restants\/\"},\"author\":{\"name\":\"Julien\",\"@id\":\"https:\/\/vieassociative.be\/actualites\/#\/schema\/person\/b87ac4f82f9d4e7b7cec7395b679edc4\"},\"headline\":\"La meilleure fa\u00e7on d&rsquo;utiliser un tas de c\u00e9leri restants\",\"datePublished\":\"2025-04-08T22:17:47+00:00\",\"dateModified\":\"2025-04-08T22:17:47+00:00\",\"mainEntityOfPage\":{\"@id\":\"https:\/\/vieassociative.be\/actualites\/la-meilleure-facon-dutiliser-un-tas-de-celeri-restants\/\"},\"wordCount\":766,\"publisher\":{\"@id\":\"https:\/\/vieassociative.be\/actualites\/#organization\"},\"image\":{\"@id\":\"https:\/\/vieassociative.be\/actualites\/la-meilleure-facon-dutiliser-un-tas-de-celeri-restants\/#primaryimage\"},\"thumbnailUrl\":\"https:\/\/vieassociative.be\/actualites\/wp-content\/uploads\/2025\/04\/1744150669_La-meilleure-facon-dutiliser-un-tas-de-celeri-restants.jpg\",\"keywords\":[\"c\u00e9leri\",\"dutiliser\",\"fa\u00e7on\",\"meilleure\",\"restants\",\"tas\"],\"articleSection\":[\"Gastronomie\"],\"inLanguage\":\"fr-BE\"},{\"@type\":\"WebPage\",\"@id\":\"https:\/\/vieassociative.be\/actualites\/la-meilleure-facon-dutiliser-un-tas-de-celeri-restants\/\",\"url\":\"https:\/\/vieassociative.be\/actualites\/la-meilleure-facon-dutiliser-un-tas-de-celeri-restants\/\",\"name\":\"La meilleure fa\u00e7on d'utiliser un tas de c\u00e9leri restants | Vie Associative\",\"isPartOf\":{\"@id\":\"https:\/\/vieassociative.be\/actualites\/#website\"},\"primaryImageOfPage\":{\"@id\":\"https:\/\/vieassociative.be\/actualites\/la-meilleure-facon-dutiliser-un-tas-de-celeri-restants\/#primaryimage\"},\"image\":{\"@id\":\"https:\/\/vieassociative.be\/actualites\/la-meilleure-facon-dutiliser-un-tas-de-celeri-restants\/#primaryimage\"},\"thumbnailUrl\":\"https:\/\/vieassociative.be\/actualites\/wp-content\/uploads\/2025\/04\/1744150669_La-meilleure-facon-dutiliser-un-tas-de-celeri-restants.jpg\",\"datePublished\":\"2025-04-08T22:17:47+00:00\",\"dateModified\":\"2025-04-08T22:17:47+00:00\",\"breadcrumb\":{\"@id\":\"https:\/\/vieassociative.be\/actualites\/la-meilleure-facon-dutiliser-un-tas-de-celeri-restants\/#breadcrumb\"},\"inLanguage\":\"fr-BE\",\"potentialAction\":[{\"@type\":\"ReadAction\",\"target\":[\"https:\/\/vieassociative.be\/actualites\/la-meilleure-facon-dutiliser-un-tas-de-celeri-restants\/\"]}]},{\"@type\":\"ImageObject\",\"inLanguage\":\"fr-BE\",\"@id\":\"https:\/\/vieassociative.be\/actualites\/la-meilleure-facon-dutiliser-un-tas-de-celeri-restants\/#primaryimage\",\"url\":\"https:\/\/vieassociative.be\/actualites\/wp-content\/uploads\/2025\/04\/1744150669_La-meilleure-facon-dutiliser-un-tas-de-celeri-restants.jpg\",\"contentUrl\":\"https:\/\/vieassociative.be\/actualites\/wp-content\/uploads\/2025\/04\/1744150669_La-meilleure-facon-dutiliser-un-tas-de-celeri-restants.jpg\",\"width\":1200,\"height\":675,\"caption\":\"La meilleure fa\u00e7on d'utiliser un tas de c\u00e9leri restants\"},{\"@type\":\"BreadcrumbList\",\"@id\":\"https:\/\/vieassociative.be\/actualites\/la-meilleure-facon-dutiliser-un-tas-de-celeri-restants\/#breadcrumb\",\"itemListElement\":[{\"@type\":\"ListItem\",\"position\":1,\"name\":\"Accueil\",\"item\":\"https:\/\/vieassociative.be\/actualites\/\"},{\"@type\":\"ListItem\",\"position\":2,\"name\":\"La meilleure fa\u00e7on d&rsquo;utiliser un tas de c\u00e9leri restants\"}]},{\"@type\":\"WebSite\",\"@id\":\"https:\/\/vieassociative.be\/actualites\/#website\",\"url\":\"https:\/\/vieassociative.be\/actualites\/\",\"name\":\"Vie Associative\",\"description\":\"\",\"publisher\":{\"@id\":\"https:\/\/vieassociative.be\/actualites\/#organization\"},\"potentialAction\":[{\"@type\":\"SearchAction\",\"target\":{\"@type\":\"EntryPoint\",\"urlTemplate\":\"https:\/\/vieassociative.be\/actualites\/?s={search_term_string}\"},\"query-input\":{\"@type\":\"PropertyValueSpecification\",\"valueRequired\":true,\"valueName\":\"search_term_string\"}}],\"inLanguage\":\"fr-BE\"},{\"@type\":\"Organization\",\"@id\":\"https:\/\/vieassociative.be\/actualites\/#organization\",\"name\":\"Vie Associative\",\"url\":\"https:\/\/vieassociative.be\/actualites\/\",\"logo\":{\"@type\":\"ImageObject\",\"inLanguage\":\"fr-BE\",\"@id\":\"https:\/\/vieassociative.be\/actualites\/#\/schema\/logo\/image\/\",\"url\":\"https:\/\/vieassociative.be\/actualites\/wp-content\/uploads\/2024\/09\/cropped-vieassociative_favicon.ico.png\",\"contentUrl\":\"https:\/\/vieassociative.be\/actualites\/wp-content\/uploads\/2024\/09\/cropped-vieassociative_favicon.ico.png\",\"width\":512,\"height\":512,\"caption\":\"Vie Associative\"},\"image\":{\"@id\":\"https:\/\/vieassociative.be\/actualites\/#\/schema\/logo\/image\/\"}},{\"@type\":\"Person\",\"@id\":\"https:\/\/vieassociative.be\/actualites\/#\/schema\/person\/b87ac4f82f9d4e7b7cec7395b679edc4\",\"name\":\"Julien\",\"image\":{\"@type\":\"ImageObject\",\"inLanguage\":\"fr-BE\",\"@id\":\"https:\/\/vieassociative.be\/actualites\/#\/schema\/person\/image\/\",\"url\":\"https:\/\/vieassociative.be\/actualites\/wp-content\/uploads\/2024\/09\/vie-associative-1-150x150.jpg\",\"contentUrl\":\"https:\/\/vieassociative.be\/actualites\/wp-content\/uploads\/2024\/09\/vie-associative-1-150x150.jpg\",\"caption\":\"Julien\"},\"description\":\"Je suis Julien, r\u00e9dacteur pour Vie Associative. Passionn\u00e9 par le monde associatif depuis plus de 10 ans, j'ai \u00e0 c\u0153ur de partager des histoires inspirantes et de mettre en lumi\u00e8re les initiatives locales. Mon objectif est de sensibiliser et d'encourager l'engagement communautaire \u00e0 travers mes articles.\",\"sameAs\":[\"https:\/\/vieassociative.be\/\"]}]}<\/script>\n<!-- \/ Yoast SEO plugin. -->","yoast_head_json":{"title":"La meilleure fa\u00e7on d'utiliser un tas de c\u00e9leri restants | Vie Associative","robots":{"index":"index","follow":"follow","max-snippet":"max-snippet:-1","max-image-preview":"max-image-preview:large","max-video-preview":"max-video-preview:-1"},"canonical":"https:\/\/vieassociative.be\/actualites\/la-meilleure-facon-dutiliser-un-tas-de-celeri-restants\/","og_locale":"fr_FR","og_type":"article","og_title":"La meilleure fa\u00e7on d'utiliser un tas de c\u00e9leri restants | Vie Associative","og_description":"C&rsquo;est la recette dont vous avez besoin pour aborder ce c\u0153ur de c\u00e9leri vieillissant dans votre r\u00e9frig\u00e9rateur. Je ne saurai jamais pourquoi les magasins vendent","og_url":"https:\/\/vieassociative.be\/actualites\/la-meilleure-facon-dutiliser-un-tas-de-celeri-restants\/","og_site_name":"Vie Associative","article_published_time":"2025-04-08T22:17:47+00:00","og_image":[{"url":"https:\/\/vieassociative.be\/actualites\/wp-content\/uploads\/2025\/04\/La-meilleure-facon-dutiliser-un-tas-de-celeri-restants.jpg","type":"","width":"","height":""}],"author":"Julien","twitter_card":"summary_large_image","twitter_misc":{"\u00c9crit par":"Julien","Dur\u00e9e de lecture est.":"4 minutes"},"schema":{"@context":"https:\/\/schema.org","@graph":[{"@type":"Article","@id":"https:\/\/vieassociative.be\/actualites\/la-meilleure-facon-dutiliser-un-tas-de-celeri-restants\/#article","isPartOf":{"@id":"https:\/\/vieassociative.be\/actualites\/la-meilleure-facon-dutiliser-un-tas-de-celeri-restants\/"},"author":{"name":"Julien","@id":"https:\/\/vieassociative.be\/actualites\/#\/schema\/person\/b87ac4f82f9d4e7b7cec7395b679edc4"},"headline":"La meilleure fa\u00e7on d&rsquo;utiliser un tas de c\u00e9leri restants","datePublished":"2025-04-08T22:17:47+00:00","dateModified":"2025-04-08T22:17:47+00:00","mainEntityOfPage":{"@id":"https:\/\/vieassociative.be\/actualites\/la-meilleure-facon-dutiliser-un-tas-de-celeri-restants\/"},"wordCount":766,"publisher":{"@id":"https:\/\/vieassociative.be\/actualites\/#organization"},"image":{"@id":"https:\/\/vieassociative.be\/actualites\/la-meilleure-facon-dutiliser-un-tas-de-celeri-restants\/#primaryimage"},"thumbnailUrl":"https:\/\/vieassociative.be\/actualites\/wp-content\/uploads\/2025\/04\/1744150669_La-meilleure-facon-dutiliser-un-tas-de-celeri-restants.jpg","keywords":["c\u00e9leri","dutiliser","fa\u00e7on","meilleure","restants","tas"],"articleSection":["Gastronomie"],"inLanguage":"fr-BE"},{"@type":"WebPage","@id":"https:\/\/vieassociative.be\/actualites\/la-meilleure-facon-dutiliser-un-tas-de-celeri-restants\/","url":"https:\/\/vieassociative.be\/actualites\/la-meilleure-facon-dutiliser-un-tas-de-celeri-restants\/","name":"La meilleure fa\u00e7on d'utiliser un tas de c\u00e9leri restants | Vie Associative","isPartOf":{"@id":"https:\/\/vieassociative.be\/actualites\/#website"},"primaryImageOfPage":{"@id":"https:\/\/vieassociative.be\/actualites\/la-meilleure-facon-dutiliser-un-tas-de-celeri-restants\/#primaryimage"},"image":{"@id":"https:\/\/vieassociative.be\/actualites\/la-meilleure-facon-dutiliser-un-tas-de-celeri-restants\/#primaryimage"},"thumbnailUrl":"https:\/\/vieassociative.be\/actualites\/wp-content\/uploads\/2025\/04\/1744150669_La-meilleure-facon-dutiliser-un-tas-de-celeri-restants.jpg","datePublished":"2025-04-08T22:17:47+00:00","dateModified":"2025-04-08T22:17:47+00:00","breadcrumb":{"@id":"https:\/\/vieassociative.be\/actualites\/la-meilleure-facon-dutiliser-un-tas-de-celeri-restants\/#breadcrumb"},"inLanguage":"fr-BE","potentialAction":[{"@type":"ReadAction","target":["https:\/\/vieassociative.be\/actualites\/la-meilleure-facon-dutiliser-un-tas-de-celeri-restants\/"]}]},{"@type":"ImageObject","inLanguage":"fr-BE","@id":"https:\/\/vieassociative.be\/actualites\/la-meilleure-facon-dutiliser-un-tas-de-celeri-restants\/#primaryimage","url":"https:\/\/vieassociative.be\/actualites\/wp-content\/uploads\/2025\/04\/1744150669_La-meilleure-facon-dutiliser-un-tas-de-celeri-restants.jpg","contentUrl":"https:\/\/vieassociative.be\/actualites\/wp-content\/uploads\/2025\/04\/1744150669_La-meilleure-facon-dutiliser-un-tas-de-celeri-restants.jpg","width":1200,"height":675,"caption":"La meilleure fa\u00e7on d'utiliser un tas de c\u00e9leri restants"},{"@type":"BreadcrumbList","@id":"https:\/\/vieassociative.be\/actualites\/la-meilleure-facon-dutiliser-un-tas-de-celeri-restants\/#breadcrumb","itemListElement":[{"@type":"ListItem","position":1,"name":"Accueil","item":"https:\/\/vieassociative.be\/actualites\/"},{"@type":"ListItem","position":2,"name":"La meilleure fa\u00e7on d&rsquo;utiliser un tas de c\u00e9leri restants"}]},{"@type":"WebSite","@id":"https:\/\/vieassociative.be\/actualites\/#website","url":"https:\/\/vieassociative.be\/actualites\/","name":"Vie Associative","description":"","publisher":{"@id":"https:\/\/vieassociative.be\/actualites\/#organization"},"potentialAction":[{"@type":"SearchAction","target":{"@type":"EntryPoint","urlTemplate":"https:\/\/vieassociative.be\/actualites\/?s={search_term_string}"},"query-input":{"@type":"PropertyValueSpecification","valueRequired":true,"valueName":"search_term_string"}}],"inLanguage":"fr-BE"},{"@type":"Organization","@id":"https:\/\/vieassociative.be\/actualites\/#organization","name":"Vie Associative","url":"https:\/\/vieassociative.be\/actualites\/","logo":{"@type":"ImageObject","inLanguage":"fr-BE","@id":"https:\/\/vieassociative.be\/actualites\/#\/schema\/logo\/image\/","url":"https:\/\/vieassociative.be\/actualites\/wp-content\/uploads\/2024\/09\/cropped-vieassociative_favicon.ico.png","contentUrl":"https:\/\/vieassociative.be\/actualites\/wp-content\/uploads\/2024\/09\/cropped-vieassociative_favicon.ico.png","width":512,"height":512,"caption":"Vie Associative"},"image":{"@id":"https:\/\/vieassociative.be\/actualites\/#\/schema\/logo\/image\/"}},{"@type":"Person","@id":"https:\/\/vieassociative.be\/actualites\/#\/schema\/person\/b87ac4f82f9d4e7b7cec7395b679edc4","name":"Julien","image":{"@type":"ImageObject","inLanguage":"fr-BE","@id":"https:\/\/vieassociative.be\/actualites\/#\/schema\/person\/image\/","url":"https:\/\/vieassociative.be\/actualites\/wp-content\/uploads\/2024\/09\/vie-associative-1-150x150.jpg","contentUrl":"https:\/\/vieassociative.be\/actualites\/wp-content\/uploads\/2024\/09\/vie-associative-1-150x150.jpg","caption":"Julien"},"description":"Je suis Julien, r\u00e9dacteur pour Vie Associative. Passionn\u00e9 par le monde associatif depuis plus de 10 ans, j'ai \u00e0 c\u0153ur de partager des histoires inspirantes et de mettre en lumi\u00e8re les initiatives locales. Mon objectif est de sensibiliser et d'encourager l'engagement communautaire \u00e0 travers mes articles.","sameAs":["https:\/\/vieassociative.be\/"]}]}},"_links":{"self":[{"href":"https:\/\/vieassociative.be\/actualites\/wp-json\/wp\/v2\/posts\/6548"}],"collection":[{"href":"https:\/\/vieassociative.be\/actualites\/wp-json\/wp\/v2\/posts"}],"about":[{"href":"https:\/\/vieassociative.be\/actualites\/wp-json\/wp\/v2\/types\/post"}],"author":[{"embeddable":true,"href":"https:\/\/vieassociative.be\/actualites\/wp-json\/wp\/v2\/users\/1"}],"replies":[{"embeddable":true,"href":"https:\/\/vieassociative.be\/actualites\/wp-json\/wp\/v2\/comments?post=6548"}],"version-history":[{"count":0,"href":"https:\/\/vieassociative.be\/actualites\/wp-json\/wp\/v2\/posts\/6548\/revisions"}],"wp:featuredmedia":[{"embeddable":true,"href":"https:\/\/vieassociative.be\/actualites\/wp-json\/wp\/v2\/media\/6549"}],"wp:attachment":[{"href":"https:\/\/vieassociative.be\/actualites\/wp-json\/wp\/v2\/media?parent=6548"}],"wp:term":[{"taxonomy":"category","embeddable":true,"href":"https:\/\/vieassociative.be\/actualites\/wp-json\/wp\/v2\/categories?post=6548"},{"taxonomy":"post_tag","embeddable":true,"href":"https:\/\/vieassociative.be\/actualites\/wp-json\/wp\/v2\/tags?post=6548"}],"curies":[{"name":"wp","href":"https:\/\/api.w.org\/{rel}","templated":true}]}}