{"id":6546,"date":"2025-04-08T22:17:03","date_gmt":"2025-04-08T20:17:03","guid":{"rendered":"https:\/\/vieassociative.be\/actualites\/ex-costa-concordia-le-capitaine-schettino-retire-sa-demande-dexecution-ouverte\/"},"modified":"2025-04-08T22:17:03","modified_gmt":"2025-04-08T20:17:03","slug":"ex-costa-concordia-le-capitaine-schettino-retire-sa-demande-dexecution-ouverte","status":"publish","type":"post","link":"https:\/\/vieassociative.be\/actualites\/ex-costa-concordia-le-capitaine-schettino-retire-sa-demande-dexecution-ouverte\/","title":{"rendered":"Ex- \u00ab\u00a0Costa Concordia\u00a0\u00bb Le capitaine Schettino retire sa demande d&rsquo;ex\u00e9cution ouverte"},"content":{"rendered":"<p><strong>OER a provoqu\u00e9 l&rsquo;un des plus lourds \u00e9cart d&rsquo;exp\u00e9dition en Italie. Francesco Schettino est en prison depuis des ann\u00e9es et voulait maintenant \u00eatre libre &#8211; en fait.<\/strong><\/p>\n<p><span id=\"more-413062\"><\/span>L&rsquo;ex-capitaine d\u00e9tenu du navire de croisi\u00e8re coul\u00e9 \u00ab\u00a0Costa Concordia\u00a0\u00bb, Francesco Schettino, a \u00e9tonnamment retir\u00e9 sa demande d&rsquo;ex\u00e9cution ouverte. L&rsquo;Italien de 64 ans voulait pouvoir quitter la prison pour travailler pendant la journ\u00e9e. Cependant, il y a eu des difficult\u00e9s avec la proposition de travail, a d\u00e9clar\u00e9 l&rsquo;avocat de Schettino aux journalistes. Par cons\u00e9quent, Schettino a d\u00e9cid\u00e9 de retirer la demande. <\/p>\n<\/p>\n<div id=\"attachment_413064\" class=\"wp-caption alignleft\" style=\"max-width: 300px\"><img fetchpriority=\"high\" decoding=\"async\" class=\"wp-image-413064 size-medium\" src=\"https:\/\/vieassociative.be\/actualites\/wp-content\/uploads\/2025\/04\/Ex-Costa-Concordia-Le-capitaine-Schettino-retire-sa-demande-dexecution.jpg\" alt=\"\" width=\"300\" height=\"171\"><\/p>\n<p class=\"wp-caption-text\">L&rsquo;accident du navire de croisi\u00e8re \u00ab\u00a0Costa Concordia\u00a0\u00bb devant l&rsquo;\u00eele toscan de Giglio le 13 janvier 2012 a fait la une des journaux dans le monde. Photo: Enzo Russo \/ ANSA \/ EPA \/ DP<\/p>\n<\/div>\n<p>\u00ab\u00a0Si les conditions pr\u00e9alables sont remplies \u00e0 l&rsquo;avenir pour refaire l&rsquo;application, nous le ferons\u00a0\u00bb, explique Francesca Carnicelli. La proc\u00e9dure a \u00e9t\u00e9 interrompue. C&rsquo;\u00e9tait en fait le plan de Schettino de travailler en dehors de la prison sur un projet de num\u00e9risation de la cabane de construction de la cath\u00e9drale du Vatican.<\/p>\n<p><strong>-32 d\u00e9c\u00e8s pour une catastrophe de croisi\u00e8re:<\/strong> Schettino purge une peine de prison de 16 ans et un mois pour l&rsquo;accident du navire de croisi\u00e8re \u00ab\u00a0Costa Concordia\u00a0\u00bb au large de l&rsquo;\u00eele toscan de Giglio \u00e0 partir du 13 janvier 2012. Entre-temps, l&rsquo;italien a purg\u00e9 plus de la moiti\u00e9 de sa punition et a \u00e9galement atteint la date limite pour les mesures d&rsquo;application plus l\u00e2che.<\/p>\n<p>Schettino re\u00e7oit la dette principale sur les plafonds du \u00ab\u00a0Costa Concordia\u00a0\u00bb. Il avait contr\u00f4l\u00e9 le navire trop pr\u00e8s de l&rsquo;\u00eele de Giglio. Le capitaine a \u00e9galement \u00e9t\u00e9 critiqu\u00e9 parce qu&rsquo;il a quitt\u00e9 le navire lors de l&rsquo;\u00e9vacuation des passagers. 32 personnes ont \u00e9t\u00e9 tu\u00e9es dans la catastrophe de la croisi\u00e8re. (DPA)<\/p>\n","protected":false},"excerpt":{"rendered":"<p>OER a provoqu\u00e9 l&rsquo;un des plus lourds \u00e9cart d&rsquo;exp\u00e9dition en Italie. Francesco Schettino est en prison depuis des ann\u00e9es et voulait maintenant \u00eatre libre &#8211;<\/p>\n","protected":false},"author":1,"featured_media":6547,"comment_status":"","ping_status":"","sticky":false,"template":"","format":"standard","meta":{"footnotes":""},"categories":[298],"tags":[6261,6260,6259,1642,6263,1977,2955,6262],"class_list":["post-6546","post","type-post","status-publish","format-standard","has-post-thumbnail","hentry","category-belgique","tag-capitaine","tag-concordia","tag-costa","tag-demande","tag-dexecution","tag-ouverte","tag-retire","tag-schettino","generate-columns","tablet-grid-50","mobile-grid-100","grid-parent","grid-33"],"yoast_head":"<!-- This site is optimized with the Yoast SEO plugin v24.0 - https:\/\/yoast.com\/wordpress\/plugins\/seo\/ -->\n<title>Ex- &quot;Costa Concordia&quot; Le capitaine Schettino retire sa demande d&#039;ex\u00e9cution ouverte | Vie Associative<\/title>\n<meta name=\"robots\" content=\"index, follow, max-snippet:-1, max-image-preview:large, max-video-preview:-1\" \/>\n<link rel=\"canonical\" href=\"https:\/\/vieassociative.be\/actualites\/ex-costa-concordia-le-capitaine-schettino-retire-sa-demande-dexecution-ouverte\/\" \/>\n<meta property=\"og:locale\" content=\"fr_FR\" \/>\n<meta property=\"og:type\" content=\"article\" \/>\n<meta property=\"og:title\" content=\"Ex- &quot;Costa Concordia&quot; Le capitaine Schettino retire sa demande d&#039;ex\u00e9cution ouverte | Vie Associative\" \/>\n<meta property=\"og:description\" content=\"OER a provoqu\u00e9 l&rsquo;un des plus lourds \u00e9cart d&rsquo;exp\u00e9dition en Italie. Francesco Schettino est en prison depuis des ann\u00e9es et voulait maintenant \u00eatre libre &#8211;\" \/>\n<meta property=\"og:url\" content=\"https:\/\/vieassociative.be\/actualites\/ex-costa-concordia-le-capitaine-schettino-retire-sa-demande-dexecution-ouverte\/\" \/>\n<meta property=\"og:site_name\" content=\"Vie Associative\" \/>\n<meta property=\"article:published_time\" content=\"2025-04-08T20:17:03+00:00\" \/>\n<meta property=\"og:image\" content=\"https:\/\/vieassociative.be\/actualites\/wp-content\/uploads\/2024\/09\/header_backgroundk-01-e1726694325946.png\" \/>\n\t<meta property=\"og:image:width\" content=\"279\" \/>\n\t<meta property=\"og:image:height\" content=\"92\" \/>\n\t<meta property=\"og:image:type\" content=\"image\/png\" \/>\n<meta name=\"author\" content=\"Julien\" \/>\n<meta name=\"twitter:card\" content=\"summary_large_image\" \/>\n<meta name=\"twitter:label1\" content=\"\u00c9crit par\" \/>\n\t<meta name=\"twitter:data1\" content=\"Julien\" \/>\n\t<meta name=\"twitter:label2\" content=\"Dur\u00e9e de lecture est.\" \/>\n\t<meta name=\"twitter:data2\" content=\"2 minutes\" \/>\n<script type=\"application\/ld+json\" class=\"yoast-schema-graph\">{\"@context\":\"https:\/\/schema.org\",\"@graph\":[{\"@type\":\"Article\",\"@id\":\"https:\/\/vieassociative.be\/actualites\/ex-costa-concordia-le-capitaine-schettino-retire-sa-demande-dexecution-ouverte\/#article\",\"isPartOf\":{\"@id\":\"https:\/\/vieassociative.be\/actualites\/ex-costa-concordia-le-capitaine-schettino-retire-sa-demande-dexecution-ouverte\/\"},\"author\":{\"name\":\"Julien\",\"@id\":\"https:\/\/vieassociative.be\/actualites\/#\/schema\/person\/b87ac4f82f9d4e7b7cec7395b679edc4\"},\"headline\":\"Ex- \u00ab\u00a0Costa Concordia\u00a0\u00bb Le capitaine Schettino retire sa demande d&rsquo;ex\u00e9cution ouverte\",\"datePublished\":\"2025-04-08T20:17:03+00:00\",\"dateModified\":\"2025-04-08T20:17:03+00:00\",\"mainEntityOfPage\":{\"@id\":\"https:\/\/vieassociative.be\/actualites\/ex-costa-concordia-le-capitaine-schettino-retire-sa-demande-dexecution-ouverte\/\"},\"wordCount\":331,\"publisher\":{\"@id\":\"https:\/\/vieassociative.be\/actualites\/#organization\"},\"image\":{\"@id\":\"https:\/\/vieassociative.be\/actualites\/ex-costa-concordia-le-capitaine-schettino-retire-sa-demande-dexecution-ouverte\/#primaryimage\"},\"thumbnailUrl\":\"https:\/\/vieassociative.be\/actualites\/wp-content\/uploads\/2025\/04\/1744143423_Ex-Costa-Concordia-Le-capitaine-Schettino-retire-sa-demande-dexecution.jpg\",\"keywords\":[\"capitaine\",\"Concordia\",\"Costa\",\"demand\u00e9\",\"dex\u00e9cution\",\"ouverte\",\"retire\",\"Schettino\"],\"articleSection\":[\"Belgique\"],\"inLanguage\":\"fr-BE\"},{\"@type\":\"WebPage\",\"@id\":\"https:\/\/vieassociative.be\/actualites\/ex-costa-concordia-le-capitaine-schettino-retire-sa-demande-dexecution-ouverte\/\",\"url\":\"https:\/\/vieassociative.be\/actualites\/ex-costa-concordia-le-capitaine-schettino-retire-sa-demande-dexecution-ouverte\/\",\"name\":\"Ex- \\\"Costa Concordia\\\" Le capitaine Schettino retire sa demande d'ex\u00e9cution ouverte | Vie Associative\",\"isPartOf\":{\"@id\":\"https:\/\/vieassociative.be\/actualites\/#website\"},\"primaryImageOfPage\":{\"@id\":\"https:\/\/vieassociative.be\/actualites\/ex-costa-concordia-le-capitaine-schettino-retire-sa-demande-dexecution-ouverte\/#primaryimage\"},\"image\":{\"@id\":\"https:\/\/vieassociative.be\/actualites\/ex-costa-concordia-le-capitaine-schettino-retire-sa-demande-dexecution-ouverte\/#primaryimage\"},\"thumbnailUrl\":\"https:\/\/vieassociative.be\/actualites\/wp-content\/uploads\/2025\/04\/1744143423_Ex-Costa-Concordia-Le-capitaine-Schettino-retire-sa-demande-dexecution.jpg\",\"datePublished\":\"2025-04-08T20:17:03+00:00\",\"dateModified\":\"2025-04-08T20:17:03+00:00\",\"breadcrumb\":{\"@id\":\"https:\/\/vieassociative.be\/actualites\/ex-costa-concordia-le-capitaine-schettino-retire-sa-demande-dexecution-ouverte\/#breadcrumb\"},\"inLanguage\":\"fr-BE\",\"potentialAction\":[{\"@type\":\"ReadAction\",\"target\":[\"https:\/\/vieassociative.be\/actualites\/ex-costa-concordia-le-capitaine-schettino-retire-sa-demande-dexecution-ouverte\/\"]}]},{\"@type\":\"ImageObject\",\"inLanguage\":\"fr-BE\",\"@id\":\"https:\/\/vieassociative.be\/actualites\/ex-costa-concordia-le-capitaine-schettino-retire-sa-demande-dexecution-ouverte\/#primaryimage\",\"url\":\"https:\/\/vieassociative.be\/actualites\/wp-content\/uploads\/2025\/04\/1744143423_Ex-Costa-Concordia-Le-capitaine-Schettino-retire-sa-demande-dexecution.jpg\",\"contentUrl\":\"https:\/\/vieassociative.be\/actualites\/wp-content\/uploads\/2025\/04\/1744143423_Ex-Costa-Concordia-Le-capitaine-Schettino-retire-sa-demande-dexecution.jpg\",\"width\":1200,\"height\":834,\"caption\":\"Ex- \\\"Costa Concordia\\\" Le capitaine Schettino retire sa demande d'ex\u00e9cution ouverte\"},{\"@type\":\"BreadcrumbList\",\"@id\":\"https:\/\/vieassociative.be\/actualites\/ex-costa-concordia-le-capitaine-schettino-retire-sa-demande-dexecution-ouverte\/#breadcrumb\",\"itemListElement\":[{\"@type\":\"ListItem\",\"position\":1,\"name\":\"Accueil\",\"item\":\"https:\/\/vieassociative.be\/actualites\/\"},{\"@type\":\"ListItem\",\"position\":2,\"name\":\"Ex- \u00ab\u00a0Costa Concordia\u00a0\u00bb Le capitaine Schettino retire sa demande d&rsquo;ex\u00e9cution ouverte\"}]},{\"@type\":\"WebSite\",\"@id\":\"https:\/\/vieassociative.be\/actualites\/#website\",\"url\":\"https:\/\/vieassociative.be\/actualites\/\",\"name\":\"Vie Associative\",\"description\":\"\",\"publisher\":{\"@id\":\"https:\/\/vieassociative.be\/actualites\/#organization\"},\"potentialAction\":[{\"@type\":\"SearchAction\",\"target\":{\"@type\":\"EntryPoint\",\"urlTemplate\":\"https:\/\/vieassociative.be\/actualites\/?s={search_term_string}\"},\"query-input\":{\"@type\":\"PropertyValueSpecification\",\"valueRequired\":true,\"valueName\":\"search_term_string\"}}],\"inLanguage\":\"fr-BE\"},{\"@type\":\"Organization\",\"@id\":\"https:\/\/vieassociative.be\/actualites\/#organization\",\"name\":\"Vie Associative\",\"url\":\"https:\/\/vieassociative.be\/actualites\/\",\"logo\":{\"@type\":\"ImageObject\",\"inLanguage\":\"fr-BE\",\"@id\":\"https:\/\/vieassociative.be\/actualites\/#\/schema\/logo\/image\/\",\"url\":\"https:\/\/vieassociative.be\/actualites\/wp-content\/uploads\/2024\/09\/cropped-vieassociative_favicon.ico.png\",\"contentUrl\":\"https:\/\/vieassociative.be\/actualites\/wp-content\/uploads\/2024\/09\/cropped-vieassociative_favicon.ico.png\",\"width\":512,\"height\":512,\"caption\":\"Vie Associative\"},\"image\":{\"@id\":\"https:\/\/vieassociative.be\/actualites\/#\/schema\/logo\/image\/\"}},{\"@type\":\"Person\",\"@id\":\"https:\/\/vieassociative.be\/actualites\/#\/schema\/person\/b87ac4f82f9d4e7b7cec7395b679edc4\",\"name\":\"Julien\",\"image\":{\"@type\":\"ImageObject\",\"inLanguage\":\"fr-BE\",\"@id\":\"https:\/\/vieassociative.be\/actualites\/#\/schema\/person\/image\/\",\"url\":\"https:\/\/vieassociative.be\/actualites\/wp-content\/uploads\/2024\/09\/vie-associative-1-150x150.jpg\",\"contentUrl\":\"https:\/\/vieassociative.be\/actualites\/wp-content\/uploads\/2024\/09\/vie-associative-1-150x150.jpg\",\"caption\":\"Julien\"},\"description\":\"Je suis Julien, r\u00e9dacteur pour Vie Associative. Passionn\u00e9 par le monde associatif depuis plus de 10 ans, j'ai \u00e0 c\u0153ur de partager des histoires inspirantes et de mettre en lumi\u00e8re les initiatives locales. Mon objectif est de sensibiliser et d'encourager l'engagement communautaire \u00e0 travers mes articles.\",\"sameAs\":[\"https:\/\/vieassociative.be\/\"]}]}<\/script>\n<!-- \/ Yoast SEO plugin. -->","yoast_head_json":{"title":"Ex- \"Costa Concordia\" Le capitaine Schettino retire sa demande d'ex\u00e9cution ouverte | Vie Associative","robots":{"index":"index","follow":"follow","max-snippet":"max-snippet:-1","max-image-preview":"max-image-preview:large","max-video-preview":"max-video-preview:-1"},"canonical":"https:\/\/vieassociative.be\/actualites\/ex-costa-concordia-le-capitaine-schettino-retire-sa-demande-dexecution-ouverte\/","og_locale":"fr_FR","og_type":"article","og_title":"Ex- \"Costa Concordia\" Le capitaine Schettino retire sa demande d'ex\u00e9cution ouverte | Vie Associative","og_description":"OER a provoqu\u00e9 l&rsquo;un des plus lourds \u00e9cart d&rsquo;exp\u00e9dition en Italie. Francesco Schettino est en prison depuis des ann\u00e9es et voulait maintenant \u00eatre libre &#8211;","og_url":"https:\/\/vieassociative.be\/actualites\/ex-costa-concordia-le-capitaine-schettino-retire-sa-demande-dexecution-ouverte\/","og_site_name":"Vie Associative","article_published_time":"2025-04-08T20:17:03+00:00","og_image":[{"width":279,"height":92,"url":"https:\/\/vieassociative.be\/actualites\/wp-content\/uploads\/2024\/09\/header_backgroundk-01-e1726694325946.png","type":"image\/png"}],"author":"Julien","twitter_card":"summary_large_image","twitter_misc":{"\u00c9crit par":"Julien","Dur\u00e9e de lecture est.":"2 minutes"},"schema":{"@context":"https:\/\/schema.org","@graph":[{"@type":"Article","@id":"https:\/\/vieassociative.be\/actualites\/ex-costa-concordia-le-capitaine-schettino-retire-sa-demande-dexecution-ouverte\/#article","isPartOf":{"@id":"https:\/\/vieassociative.be\/actualites\/ex-costa-concordia-le-capitaine-schettino-retire-sa-demande-dexecution-ouverte\/"},"author":{"name":"Julien","@id":"https:\/\/vieassociative.be\/actualites\/#\/schema\/person\/b87ac4f82f9d4e7b7cec7395b679edc4"},"headline":"Ex- \u00ab\u00a0Costa Concordia\u00a0\u00bb Le capitaine Schettino retire sa demande d&rsquo;ex\u00e9cution ouverte","datePublished":"2025-04-08T20:17:03+00:00","dateModified":"2025-04-08T20:17:03+00:00","mainEntityOfPage":{"@id":"https:\/\/vieassociative.be\/actualites\/ex-costa-concordia-le-capitaine-schettino-retire-sa-demande-dexecution-ouverte\/"},"wordCount":331,"publisher":{"@id":"https:\/\/vieassociative.be\/actualites\/#organization"},"image":{"@id":"https:\/\/vieassociative.be\/actualites\/ex-costa-concordia-le-capitaine-schettino-retire-sa-demande-dexecution-ouverte\/#primaryimage"},"thumbnailUrl":"https:\/\/vieassociative.be\/actualites\/wp-content\/uploads\/2025\/04\/1744143423_Ex-Costa-Concordia-Le-capitaine-Schettino-retire-sa-demande-dexecution.jpg","keywords":["capitaine","Concordia","Costa","demand\u00e9","dex\u00e9cution","ouverte","retire","Schettino"],"articleSection":["Belgique"],"inLanguage":"fr-BE"},{"@type":"WebPage","@id":"https:\/\/vieassociative.be\/actualites\/ex-costa-concordia-le-capitaine-schettino-retire-sa-demande-dexecution-ouverte\/","url":"https:\/\/vieassociative.be\/actualites\/ex-costa-concordia-le-capitaine-schettino-retire-sa-demande-dexecution-ouverte\/","name":"Ex- \"Costa Concordia\" Le capitaine Schettino retire sa demande d'ex\u00e9cution ouverte | Vie Associative","isPartOf":{"@id":"https:\/\/vieassociative.be\/actualites\/#website"},"primaryImageOfPage":{"@id":"https:\/\/vieassociative.be\/actualites\/ex-costa-concordia-le-capitaine-schettino-retire-sa-demande-dexecution-ouverte\/#primaryimage"},"image":{"@id":"https:\/\/vieassociative.be\/actualites\/ex-costa-concordia-le-capitaine-schettino-retire-sa-demande-dexecution-ouverte\/#primaryimage"},"thumbnailUrl":"https:\/\/vieassociative.be\/actualites\/wp-content\/uploads\/2025\/04\/1744143423_Ex-Costa-Concordia-Le-capitaine-Schettino-retire-sa-demande-dexecution.jpg","datePublished":"2025-04-08T20:17:03+00:00","dateModified":"2025-04-08T20:17:03+00:00","breadcrumb":{"@id":"https:\/\/vieassociative.be\/actualites\/ex-costa-concordia-le-capitaine-schettino-retire-sa-demande-dexecution-ouverte\/#breadcrumb"},"inLanguage":"fr-BE","potentialAction":[{"@type":"ReadAction","target":["https:\/\/vieassociative.be\/actualites\/ex-costa-concordia-le-capitaine-schettino-retire-sa-demande-dexecution-ouverte\/"]}]},{"@type":"ImageObject","inLanguage":"fr-BE","@id":"https:\/\/vieassociative.be\/actualites\/ex-costa-concordia-le-capitaine-schettino-retire-sa-demande-dexecution-ouverte\/#primaryimage","url":"https:\/\/vieassociative.be\/actualites\/wp-content\/uploads\/2025\/04\/1744143423_Ex-Costa-Concordia-Le-capitaine-Schettino-retire-sa-demande-dexecution.jpg","contentUrl":"https:\/\/vieassociative.be\/actualites\/wp-content\/uploads\/2025\/04\/1744143423_Ex-Costa-Concordia-Le-capitaine-Schettino-retire-sa-demande-dexecution.jpg","width":1200,"height":834,"caption":"Ex- \"Costa Concordia\" Le capitaine Schettino retire sa demande d'ex\u00e9cution ouverte"},{"@type":"BreadcrumbList","@id":"https:\/\/vieassociative.be\/actualites\/ex-costa-concordia-le-capitaine-schettino-retire-sa-demande-dexecution-ouverte\/#breadcrumb","itemListElement":[{"@type":"ListItem","position":1,"name":"Accueil","item":"https:\/\/vieassociative.be\/actualites\/"},{"@type":"ListItem","position":2,"name":"Ex- \u00ab\u00a0Costa Concordia\u00a0\u00bb Le capitaine Schettino retire sa demande d&rsquo;ex\u00e9cution ouverte"}]},{"@type":"WebSite","@id":"https:\/\/vieassociative.be\/actualites\/#website","url":"https:\/\/vieassociative.be\/actualites\/","name":"Vie Associative","description":"","publisher":{"@id":"https:\/\/vieassociative.be\/actualites\/#organization"},"potentialAction":[{"@type":"SearchAction","target":{"@type":"EntryPoint","urlTemplate":"https:\/\/vieassociative.be\/actualites\/?s={search_term_string}"},"query-input":{"@type":"PropertyValueSpecification","valueRequired":true,"valueName":"search_term_string"}}],"inLanguage":"fr-BE"},{"@type":"Organization","@id":"https:\/\/vieassociative.be\/actualites\/#organization","name":"Vie Associative","url":"https:\/\/vieassociative.be\/actualites\/","logo":{"@type":"ImageObject","inLanguage":"fr-BE","@id":"https:\/\/vieassociative.be\/actualites\/#\/schema\/logo\/image\/","url":"https:\/\/vieassociative.be\/actualites\/wp-content\/uploads\/2024\/09\/cropped-vieassociative_favicon.ico.png","contentUrl":"https:\/\/vieassociative.be\/actualites\/wp-content\/uploads\/2024\/09\/cropped-vieassociative_favicon.ico.png","width":512,"height":512,"caption":"Vie Associative"},"image":{"@id":"https:\/\/vieassociative.be\/actualites\/#\/schema\/logo\/image\/"}},{"@type":"Person","@id":"https:\/\/vieassociative.be\/actualites\/#\/schema\/person\/b87ac4f82f9d4e7b7cec7395b679edc4","name":"Julien","image":{"@type":"ImageObject","inLanguage":"fr-BE","@id":"https:\/\/vieassociative.be\/actualites\/#\/schema\/person\/image\/","url":"https:\/\/vieassociative.be\/actualites\/wp-content\/uploads\/2024\/09\/vie-associative-1-150x150.jpg","contentUrl":"https:\/\/vieassociative.be\/actualites\/wp-content\/uploads\/2024\/09\/vie-associative-1-150x150.jpg","caption":"Julien"},"description":"Je suis Julien, r\u00e9dacteur pour Vie Associative. Passionn\u00e9 par le monde associatif depuis plus de 10 ans, j'ai \u00e0 c\u0153ur de partager des histoires inspirantes et de mettre en lumi\u00e8re les initiatives locales. Mon objectif est de sensibiliser et d'encourager l'engagement communautaire \u00e0 travers mes articles.","sameAs":["https:\/\/vieassociative.be\/"]}]}},"_links":{"self":[{"href":"https:\/\/vieassociative.be\/actualites\/wp-json\/wp\/v2\/posts\/6546"}],"collection":[{"href":"https:\/\/vieassociative.be\/actualites\/wp-json\/wp\/v2\/posts"}],"about":[{"href":"https:\/\/vieassociative.be\/actualites\/wp-json\/wp\/v2\/types\/post"}],"author":[{"embeddable":true,"href":"https:\/\/vieassociative.be\/actualites\/wp-json\/wp\/v2\/users\/1"}],"replies":[{"embeddable":true,"href":"https:\/\/vieassociative.be\/actualites\/wp-json\/wp\/v2\/comments?post=6546"}],"version-history":[{"count":0,"href":"https:\/\/vieassociative.be\/actualites\/wp-json\/wp\/v2\/posts\/6546\/revisions"}],"wp:featuredmedia":[{"embeddable":true,"href":"https:\/\/vieassociative.be\/actualites\/wp-json\/wp\/v2\/media\/6547"}],"wp:attachment":[{"href":"https:\/\/vieassociative.be\/actualites\/wp-json\/wp\/v2\/media?parent=6546"}],"wp:term":[{"taxonomy":"category","embeddable":true,"href":"https:\/\/vieassociative.be\/actualites\/wp-json\/wp\/v2\/categories?post=6546"},{"taxonomy":"post_tag","embeddable":true,"href":"https:\/\/vieassociative.be\/actualites\/wp-json\/wp\/v2\/tags?post=6546"}],"curies":[{"name":"wp","href":"https:\/\/api.w.org\/{rel}","templated":true}]}}