{"id":6544,"date":"2025-04-08T21:16:57","date_gmt":"2025-04-08T19:16:57","guid":{"rendered":"https:\/\/vieassociative.be\/actualites\/sept-renovations-domestiques-populaires-qui-augmenteront-vos-impots-fonciers\/"},"modified":"2025-04-08T21:16:57","modified_gmt":"2025-04-08T19:16:57","slug":"sept-renovations-domestiques-populaires-qui-augmenteront-vos-impots-fonciers","status":"publish","type":"post","link":"https:\/\/vieassociative.be\/actualites\/sept-renovations-domestiques-populaires-qui-augmenteront-vos-impots-fonciers\/","title":{"rendered":"Sept r\u00e9novations domestiques populaires qui augmenteront vos imp\u00f4ts fonciers"},"content":{"rendered":"<div class=\"mt-4 leading-6 md:mb-8\">Profitez de ces mises \u00e0 niveau &#8211; et de la facture fiscale plus importante qui les accompagne.<\/div>\n<p><\/p>\n<p>Alors que les imp\u00f4ts fonciers varient consid\u00e9rablement \u00e0 travers les \u00c9tats-Unis (Essex County, le New Jersey a en moyenne la plus \u00e9lev\u00e9e, \u00e0 13 145 $; alors que la Virginie-Occidentale a une partie la plus basse &#8211; 989 $), si vous poss\u00e9dez une maison, vous payez <em>quelques <\/em>type d&rsquo;imp\u00f4ts fonciers &#8211; et si vous r\u00e9novez cette maison, vos imp\u00f4ts fonciers augmenteront probablement. <\/p>\n<p>Cela se produit parce que des am\u00e9liorations significatives de votre maison augmenteront sa valeur, et la valeur de votre propri\u00e9t\u00e9 est sur laquelle vos imp\u00f4ts fonciers sont bas\u00e9s. Il peut prendre un certain temps \u00e0 votre \u00e9valuateur fiscal local pour rattraper vos r\u00e9novations, mais \u00e0 un moment donn\u00e9, votre propri\u00e9t\u00e9 sera r\u00e9\u00e9valu\u00e9e et vos imp\u00f4ts ont augment\u00e9 en cons\u00e9quence, il est donc pr\u00e9f\u00e9rable d&rsquo;\u00eatre pr\u00eat \u00e0 prendre le coup. <\/p>\n<p>Une partie de cette pr\u00e9paration signifie conna\u00eetre les types de projets de r\u00e9novation qui auront le plus grand impact sur votre facture fiscale. Les taux d&rsquo;imposition et les proc\u00e9dures d&rsquo;\u00e9valuation varient consid\u00e9rablement d&rsquo;un endroit \u00e0 l&rsquo;autre, il est donc impossible de dire exactement \u00e0 quel point un projet particulier aura sur votre facture fiscale particuli\u00e8re, mais ces sept r\u00e9novations sont susceptibles de faire augmenter le plus vos imp\u00f4ts fonciers.<\/p>\n<h2 id=\"building-an-addition\">Construire un ajout<\/h2>\n<p>D&rsquo;une mani\u00e8re g\u00e9n\u00e9rale, tout ce qui augmente l&rsquo;espace habitable de votre maison augmentera vos imp\u00f4ts fonciers. Les imp\u00f4ts fonciers sont g\u00e9n\u00e9ralement \u00e9valu\u00e9s par une valeur de vente potentielle, un co\u00fbt de remplacement ou une valeur locative estim\u00e9e (parfois les trois), donc avoir plus d&rsquo;espace de vie stimule \u00e9videmment tous les aspects de la valeur de votre maison.<\/p>\n<p>Cela comprend d&rsquo;autres r\u00e9novations qui ajoutent de l&rsquo;espace habitable sans n\u00e9cessiter de nouvelles constructions, comme convertir un garage en chambre ou bureau, ou subdivisant une chambre en deux (une maison avec trois chambres, aussi petite, est souvent consid\u00e9r\u00e9e comme plus pr\u00e9cieuse qu&rsquo;un avec deux). Et certains types de d\u00e9pendances, comme un hangar dans votre arri\u00e8re-cour, pourraient \u00e9galement augmenter votre facture fiscale, en particulier si elles sont construites sur une fondation et connect\u00e9es \u00e0 l&rsquo;eau, \u00e0 l&rsquo;\u00e9lectricit\u00e9 et aux conduites d&rsquo;\u00e9gout.<\/p>\n<h2 id=\"adding-a-bathroom\">Ajouter une salle de bain<\/h2>\n<p>Comme les chambres, plus de salles de bains signifient g\u00e9n\u00e9ralement que votre maison vaut plus, donc en ajouter une \u00e0 votre maison augmentera probablement votre facture fiscale. La mise \u00e0 niveau de vos salles de bains existantes peut \u00e9galement d\u00e9clencher une augmentation de l&rsquo;imp\u00f4t foncier, car de nombreuses \u00e9valuations fiscales s&rsquo;appuient sur le nombre de luminaires dans le bain pour \u00e9valuer la valeur g\u00e9n\u00e9rale, donc un demi-bain en deux pi\u00e8ces est \u00e9valu\u00e9 moins d&rsquo;une suite en cinq pi\u00e8ces. Transformer ce simple trois pi\u00e8ces en une somptueuse salle de bains de spa pourrait vous co\u00fbter au moment de l&rsquo;imp\u00f4t, m\u00eame si vous n&rsquo;avez pas r\u00e9ellement ajout\u00e9 de nouvelle salle de bain.<\/p>\n<h2 id=\"installing-an-in-ground-pool\">Installation d&rsquo;une piscine dans le sol<\/h2>\n<p>M\u00eame si les piscines sont un peu controvers\u00e9es en termes de valeur de la maison &#8211; ils peuvent m\u00eame baisser votre prix de vente potentiel parce qu&rsquo;ils sont co\u00fbteux \u00e0 entretenir, et tout le monde n&rsquo;est pas un fan de piscines &#8211; ils augmenteront toujours votre <em>propri\u00e9t\u00e9 <\/em>valeur parce que a) ils sont clairement une am\u00e9lioration, dans le sens o\u00f9 ils ajoutent quelque chose \u00e0 votre propri\u00e9t\u00e9 qui n&rsquo;\u00e9tait pas l\u00e0 auparavant (et ils ajoutent g\u00e9n\u00e9ralement <em>quelques<\/em> valeur) et b) ils sont consid\u00e9r\u00e9s comme des \u00abbiens immobiliers\u00bb au lieu de biens personnels (et de luxe, pour d\u00e9marrer) car ils sont attach\u00e9s \u00e0 la maison. (Une piscine hors sol serait probablement consid\u00e9r\u00e9e comme des biens personnels et n&rsquo;aurait aucun impact sur vos imp\u00f4ts fonciers).<\/p>\n<h2 id=\"adding-a-patio-or-deck\">Ajout d&rsquo;un patio ou d&rsquo;un deck<\/h2>\n<p>L&rsquo;ajout d&rsquo;un patio ou d&rsquo;une terrasse \u00e0 votre espace ext\u00e9rieur am\u00e9liore \u00e9videmment cet espace, le rendant plus agr\u00e9able et utile. Cela ne garantit pas n\u00e9cessairement une bosse fiscale fonci\u00e8re &#8211; les codes fiscaux diff\u00e9rents auront des directives diff\u00e9rentes concernant les espaces ext\u00e9rieurs, ainsi que la taille et la port\u00e9e de votre terrasse ou terrasse (ainsi que les mat\u00e9riaux que vous utilisez) sera \u00e9galement facteur. Mais en g\u00e9n\u00e9ral, si votre nouvel espace ext\u00e9rieur peut augmenter la valeur de vente de votre maison, il augmentera \u00e9galement vos imp\u00f4ts fonciers.<\/p>\n<h2 id=\"finishing-your-basement\">Terminer votre sous-sol<\/h2>\n<p>Si votre \u00e9valuation fiscale actuelle est bas\u00e9e sur une maison avec un sous-sol humide et terne rempli de toiles d&rsquo;araign\u00e9e et de plomberie expos\u00e9e, ce ne devrait pas \u00eatre un choc que la transformation de cet espace en une zone de divertissement confortable ou une suite d&rsquo;invit\u00e9s augmentera vos imp\u00f4ts fonciers. \u00c9tant donn\u00e9 qu&rsquo;un sous-sol fini offre g\u00e9n\u00e9ralement un retour sur investissement de 70% en termes de valeur de la maison, si votre sous-sol co\u00fbte la moyenne de 32 000 $ \u00e0 terminer, votre maison devrait augmenter en valeur d&rsquo;environ 22 400 $ et que vos imp\u00f4ts augmenteront certainement en cons\u00e9quence.<\/p>\n<h2 id=\"general-land-improvements\">Am\u00e9liorations g\u00e9n\u00e9rales des terres<\/h2>\n<p>Un concept cl\u00e9 des imp\u00f4ts fonciers est \u00abl&rsquo;am\u00e9lioration\u00bb. Chaque maison a commenc\u00e9 comme une parcelle de terrain vide. Quelqu&rsquo;un est venu et l&rsquo;a am\u00e9lior\u00e9 en nettoyant l&rsquo;intrigue, en faisant courir les \u00e9gouts, l&rsquo;eau et les lignes \u00e9lectriques, en versant une fondation et en y construisant une maison. Toutes ces am\u00e9liorations ont rendu la terre plus pr\u00e9cieuse, et ce processus se poursuit lorsque vous r\u00e9novez ou ajoutez la propri\u00e9t\u00e9.<\/p>\n<div class=\"pogoClear relative my-10 border-b-(1.5px) border-t-(1.5px) border-dashed border-black py-5 sm:my-14 sm:border-0 sm:py-0\" x-cloak x-data=\"{ commentsCount: null }\" x-init=\"commentsCount = await window.openweb.getMessagesCount(01JRB307PX84MB3SJTCRJKN33C)\" x-show=\"commentsCount !== null &amp;&amp; commentsCount &gt; 0\">\n<div class=\"absolute top-1\/2 hidden w-full -translate-y-1\/2 border-t-(1.5px) border-dashed border-black sm:block\"><\/div>\n<div class=\"relative flex justify-center\">\n<div class=\"flex max-w-max items-center gap-x-3 bg-white px-5\">\n<div class=\"relative\">\n                <span class=\"absolute left-1\/2 top-1\/2 -translate-x-1\/2 -translate-y-1\/2 font-akshar text-sm font-medium text-black\" x-text=\"commentsCount\"><\/span><\/p>\n<p>                <svg class=\"h-8 w-8 text-black\">\n                    <use href=\"http:\/\/lifehacker.com\/images\/icons\/spritemap.svg#sprite-chat-bubble\"><\/use>\n                <\/svg>\n            <\/div>\n<p>            <span class=\"text-sm font-medium text-black\">Que pensez-vous jusqu&rsquo;\u00e0 pr\u00e9sent? <button class=\"font-semibold text-brand-green underline hover:text-brand-green-700\" onclick=\"window.openweb.scrollToComments(01JRB307PX84MB3SJTCRJKN33C)\">Publier un commentaire.<\/button><\/span>\n        <\/div>\n<\/p><\/div>\n<\/div>\n<p>Cela ne signifie pas seulement des ajouts et des r\u00e9novations \u00e0 la maison elle-m\u00eame, vous pouvez \u00e9galement am\u00e9liorer la terre de diverses mani\u00e8res:<\/p>\n<ul>\n<li>\n<p>Ajouter des cl\u00f4tures \u00e0 une cour<\/p>\n<\/li>\n<li>\n<p>Pavage d&rsquo;une all\u00e9e de salet\u00e9 ou de gravier<\/p>\n<\/li>\n<li>\n<p>Ajout de syst\u00e8mes de drainage ou d&rsquo;irrigation<\/p>\n<\/li>\n<li>\n<p>Am\u00e9nagement paysager et \u00e9clatement dur<\/p>\n<\/li>\n<li>\n<p>Ajout d&rsquo;\u00e9clairage ext\u00e9rieur<\/p>\n<\/li>\n<li>\n<p>Regrouper<\/p>\n<\/li>\n<li>\n<p>Installation des trottoirs<\/p>\n<\/li>\n<\/ul>\n<p>Tous ces projets am\u00e9liorent la propri\u00e9t\u00e9, ajoutent de la valeur et pourraient d\u00e9clencher des hausses d&rsquo;imp\u00f4t foncier importantes.<\/p>\n<h2 id=\"adding-a-fireplace\">Ajout d&rsquo;une chemin\u00e9e<\/h2>\n<p>L&rsquo;ajout d&rsquo;une chemin\u00e9e \u00e0 votre maison en fait un endroit plus confortable et plus chaud &#8211; et \u00e9galement plus pr\u00e9cieux. Les chemin\u00e9es sont g\u00e9n\u00e9ralement consid\u00e9r\u00e9es comme des luxes (\u00e0 moins que votre maison ne s&rsquo;appuie sur une pour chaleur), ce qui est l&rsquo;une des raisons pour lesquelles les maisons avec des chemin\u00e9es se vendent environ 13% de plus que les maisons comparables. En cons\u00e9quence, vous pouvez vous attendre \u00e0 ce que cette valeur suppl\u00e9mentaire soit refl\u00e9t\u00e9e dans la prochaine \u00e9valuation fiscale de votre maison. <\/p>\n<h2 id=\"call-before-you-renovate\">Appelez avant de r\u00e9nover <\/h2>\n<p>Si vous envisagez une sorte de r\u00e9novation, d&rsquo;addition ou d&rsquo;une autre am\u00e9lioration \u00e0 votre maison, il peut \u00eatre tr\u00e8s difficile de d\u00e9terminer comment &#8211; ou quand &#8211; cela aura un impact sur vos imp\u00f4ts fonciers. Et une r\u00e8gle est susceptible de rester vrai: si vous tirez des permis pour le projet (et que vous devriez certainement tirer des permis pour tout emploi pour lequel les codes du b\u00e2timent locaux vous obtiennent), finalement votre bureau fiscal local prendra conscience de vos projets et d\u00e9m\u00e9nagera pour r\u00e9\u00e9valuer la valeur de votre maison \u00e0 des fins fiscales. <\/p>\n<p>Le moyen le plus simple de se faire une id\u00e9e de l&rsquo;impact fiscal est d&rsquo;appeler le bureau de votre \u00e9valuateur local et de demander, avant de commencer tout travail. Ils ne pourront probablement pas vous donner un num\u00e9ro pr\u00e9cis, mais ils peuvent vous dire si vous pouvez vous attendre \u00e0 ce que votre projet augmente votre facture fiscale et vous donne une id\u00e9e g\u00e9n\u00e9rale de ce \u00e0 quoi pourrait ressembler cette augmentation.<\/p>\n","protected":false},"excerpt":{"rendered":"<p>Profitez de ces mises \u00e0 niveau &#8211; et de la facture fiscale plus importante qui les accompagne. Alors que les imp\u00f4ts fonciers varient consid\u00e9rablement \u00e0<\/p>\n","protected":false},"author":1,"featured_media":6545,"comment_status":"","ping_status":"","sticky":false,"template":"","format":"standard","meta":{"footnotes":""},"categories":[41],"tags":[6257,6256,6258,5028,2795,99,6255,525,27],"class_list":["post-6544","post","type-post","status-publish","format-standard","has-post-thumbnail","hentry","category-argent","tag-augmenteront","tag-domestiques","tag-fonciers","tag-impots","tag-populaires","tag-qui","tag-renovations","tag-sept","tag-vos","generate-columns","tablet-grid-50","mobile-grid-100","grid-parent","grid-33"],"yoast_head":"<!-- This site is optimized with the Yoast SEO plugin v24.0 - https:\/\/yoast.com\/wordpress\/plugins\/seo\/ -->\n<title>Sept r\u00e9novations domestiques populaires qui augmenteront vos imp\u00f4ts fonciers | Vie Associative<\/title>\n<meta name=\"robots\" content=\"index, follow, max-snippet:-1, max-image-preview:large, max-video-preview:-1\" \/>\n<link rel=\"canonical\" href=\"https:\/\/vieassociative.be\/actualites\/sept-renovations-domestiques-populaires-qui-augmenteront-vos-impots-fonciers\/\" \/>\n<meta property=\"og:locale\" content=\"fr_FR\" \/>\n<meta property=\"og:type\" content=\"article\" \/>\n<meta property=\"og:title\" content=\"Sept r\u00e9novations domestiques populaires qui augmenteront vos imp\u00f4ts fonciers | Vie Associative\" \/>\n<meta property=\"og:description\" content=\"Profitez de ces mises \u00e0 niveau &#8211; et de la facture fiscale plus importante qui les accompagne. Alors que les imp\u00f4ts fonciers varient consid\u00e9rablement \u00e0\" \/>\n<meta property=\"og:url\" content=\"https:\/\/vieassociative.be\/actualites\/sept-renovations-domestiques-populaires-qui-augmenteront-vos-impots-fonciers\/\" \/>\n<meta property=\"og:site_name\" content=\"Vie Associative\" \/>\n<meta property=\"article:published_time\" content=\"2025-04-08T19:16:57+00:00\" \/>\n<meta property=\"og:image\" content=\"https:\/\/vieassociative.be\/actualites\/wp-content\/uploads\/2024\/09\/header_backgroundk-01-e1726694325946.png\" \/>\n\t<meta property=\"og:image:width\" content=\"279\" \/>\n\t<meta property=\"og:image:height\" content=\"92\" \/>\n\t<meta property=\"og:image:type\" content=\"image\/png\" \/>\n<meta name=\"author\" content=\"Julien\" \/>\n<meta name=\"twitter:card\" content=\"summary_large_image\" \/>\n<meta name=\"twitter:label1\" content=\"\u00c9crit par\" \/>\n\t<meta name=\"twitter:data1\" content=\"Julien\" \/>\n\t<meta name=\"twitter:label2\" content=\"Dur\u00e9e de lecture est.\" \/>\n\t<meta name=\"twitter:data2\" content=\"7 minutes\" \/>\n<script type=\"application\/ld+json\" class=\"yoast-schema-graph\">{\"@context\":\"https:\/\/schema.org\",\"@graph\":[{\"@type\":\"Article\",\"@id\":\"https:\/\/vieassociative.be\/actualites\/sept-renovations-domestiques-populaires-qui-augmenteront-vos-impots-fonciers\/#article\",\"isPartOf\":{\"@id\":\"https:\/\/vieassociative.be\/actualites\/sept-renovations-domestiques-populaires-qui-augmenteront-vos-impots-fonciers\/\"},\"author\":{\"name\":\"Julien\",\"@id\":\"https:\/\/vieassociative.be\/actualites\/#\/schema\/person\/b87ac4f82f9d4e7b7cec7395b679edc4\"},\"headline\":\"Sept r\u00e9novations domestiques populaires qui augmenteront vos imp\u00f4ts fonciers\",\"datePublished\":\"2025-04-08T19:16:57+00:00\",\"dateModified\":\"2025-04-08T19:16:57+00:00\",\"mainEntityOfPage\":{\"@id\":\"https:\/\/vieassociative.be\/actualites\/sept-renovations-domestiques-populaires-qui-augmenteront-vos-impots-fonciers\/\"},\"wordCount\":1385,\"publisher\":{\"@id\":\"https:\/\/vieassociative.be\/actualites\/#organization\"},\"image\":{\"@id\":\"https:\/\/vieassociative.be\/actualites\/sept-renovations-domestiques-populaires-qui-augmenteront-vos-impots-fonciers\/#primaryimage\"},\"thumbnailUrl\":\"https:\/\/vieassociative.be\/actualites\/wp-content\/uploads\/2025\/04\/Sept-renovations-domestiques-populaires-qui-augmenteront-vos-impots-fonciers.png\",\"keywords\":[\"augmenteront\",\"domestiques\",\"fonciers\",\"imp\u00f4ts\",\"populaires\",\"qui\",\"r\u00e9novations\",\"Sept\",\"vos\"],\"articleSection\":[\"Argent\"],\"inLanguage\":\"fr-BE\"},{\"@type\":\"WebPage\",\"@id\":\"https:\/\/vieassociative.be\/actualites\/sept-renovations-domestiques-populaires-qui-augmenteront-vos-impots-fonciers\/\",\"url\":\"https:\/\/vieassociative.be\/actualites\/sept-renovations-domestiques-populaires-qui-augmenteront-vos-impots-fonciers\/\",\"name\":\"Sept r\u00e9novations domestiques populaires qui augmenteront vos imp\u00f4ts fonciers | Vie Associative\",\"isPartOf\":{\"@id\":\"https:\/\/vieassociative.be\/actualites\/#website\"},\"primaryImageOfPage\":{\"@id\":\"https:\/\/vieassociative.be\/actualites\/sept-renovations-domestiques-populaires-qui-augmenteront-vos-impots-fonciers\/#primaryimage\"},\"image\":{\"@id\":\"https:\/\/vieassociative.be\/actualites\/sept-renovations-domestiques-populaires-qui-augmenteront-vos-impots-fonciers\/#primaryimage\"},\"thumbnailUrl\":\"https:\/\/vieassociative.be\/actualites\/wp-content\/uploads\/2025\/04\/Sept-renovations-domestiques-populaires-qui-augmenteront-vos-impots-fonciers.png\",\"datePublished\":\"2025-04-08T19:16:57+00:00\",\"dateModified\":\"2025-04-08T19:16:57+00:00\",\"breadcrumb\":{\"@id\":\"https:\/\/vieassociative.be\/actualites\/sept-renovations-domestiques-populaires-qui-augmenteront-vos-impots-fonciers\/#breadcrumb\"},\"inLanguage\":\"fr-BE\",\"potentialAction\":[{\"@type\":\"ReadAction\",\"target\":[\"https:\/\/vieassociative.be\/actualites\/sept-renovations-domestiques-populaires-qui-augmenteront-vos-impots-fonciers\/\"]}]},{\"@type\":\"ImageObject\",\"inLanguage\":\"fr-BE\",\"@id\":\"https:\/\/vieassociative.be\/actualites\/sept-renovations-domestiques-populaires-qui-augmenteront-vos-impots-fonciers\/#primaryimage\",\"url\":\"https:\/\/vieassociative.be\/actualites\/wp-content\/uploads\/2025\/04\/Sept-renovations-domestiques-populaires-qui-augmenteront-vos-impots-fonciers.png\",\"contentUrl\":\"https:\/\/vieassociative.be\/actualites\/wp-content\/uploads\/2025\/04\/Sept-renovations-domestiques-populaires-qui-augmenteront-vos-impots-fonciers.png\",\"width\":1200,\"height\":675,\"caption\":\"Sept r\u00e9novations domestiques populaires qui augmenteront vos imp\u00f4ts fonciers\"},{\"@type\":\"BreadcrumbList\",\"@id\":\"https:\/\/vieassociative.be\/actualites\/sept-renovations-domestiques-populaires-qui-augmenteront-vos-impots-fonciers\/#breadcrumb\",\"itemListElement\":[{\"@type\":\"ListItem\",\"position\":1,\"name\":\"Accueil\",\"item\":\"https:\/\/vieassociative.be\/actualites\/\"},{\"@type\":\"ListItem\",\"position\":2,\"name\":\"Sept r\u00e9novations domestiques populaires qui augmenteront vos imp\u00f4ts fonciers\"}]},{\"@type\":\"WebSite\",\"@id\":\"https:\/\/vieassociative.be\/actualites\/#website\",\"url\":\"https:\/\/vieassociative.be\/actualites\/\",\"name\":\"Vie Associative\",\"description\":\"\",\"publisher\":{\"@id\":\"https:\/\/vieassociative.be\/actualites\/#organization\"},\"potentialAction\":[{\"@type\":\"SearchAction\",\"target\":{\"@type\":\"EntryPoint\",\"urlTemplate\":\"https:\/\/vieassociative.be\/actualites\/?s={search_term_string}\"},\"query-input\":{\"@type\":\"PropertyValueSpecification\",\"valueRequired\":true,\"valueName\":\"search_term_string\"}}],\"inLanguage\":\"fr-BE\"},{\"@type\":\"Organization\",\"@id\":\"https:\/\/vieassociative.be\/actualites\/#organization\",\"name\":\"Vie Associative\",\"url\":\"https:\/\/vieassociative.be\/actualites\/\",\"logo\":{\"@type\":\"ImageObject\",\"inLanguage\":\"fr-BE\",\"@id\":\"https:\/\/vieassociative.be\/actualites\/#\/schema\/logo\/image\/\",\"url\":\"https:\/\/vieassociative.be\/actualites\/wp-content\/uploads\/2024\/09\/cropped-vieassociative_favicon.ico.png\",\"contentUrl\":\"https:\/\/vieassociative.be\/actualites\/wp-content\/uploads\/2024\/09\/cropped-vieassociative_favicon.ico.png\",\"width\":512,\"height\":512,\"caption\":\"Vie Associative\"},\"image\":{\"@id\":\"https:\/\/vieassociative.be\/actualites\/#\/schema\/logo\/image\/\"}},{\"@type\":\"Person\",\"@id\":\"https:\/\/vieassociative.be\/actualites\/#\/schema\/person\/b87ac4f82f9d4e7b7cec7395b679edc4\",\"name\":\"Julien\",\"image\":{\"@type\":\"ImageObject\",\"inLanguage\":\"fr-BE\",\"@id\":\"https:\/\/vieassociative.be\/actualites\/#\/schema\/person\/image\/\",\"url\":\"https:\/\/vieassociative.be\/actualites\/wp-content\/uploads\/2024\/09\/vie-associative-1-150x150.jpg\",\"contentUrl\":\"https:\/\/vieassociative.be\/actualites\/wp-content\/uploads\/2024\/09\/vie-associative-1-150x150.jpg\",\"caption\":\"Julien\"},\"description\":\"Je suis Julien, r\u00e9dacteur pour Vie Associative. Passionn\u00e9 par le monde associatif depuis plus de 10 ans, j'ai \u00e0 c\u0153ur de partager des histoires inspirantes et de mettre en lumi\u00e8re les initiatives locales. Mon objectif est de sensibiliser et d'encourager l'engagement communautaire \u00e0 travers mes articles.\",\"sameAs\":[\"https:\/\/vieassociative.be\/\"]}]}<\/script>\n<!-- \/ Yoast SEO plugin. -->","yoast_head_json":{"title":"Sept r\u00e9novations domestiques populaires qui augmenteront vos imp\u00f4ts fonciers | Vie Associative","robots":{"index":"index","follow":"follow","max-snippet":"max-snippet:-1","max-image-preview":"max-image-preview:large","max-video-preview":"max-video-preview:-1"},"canonical":"https:\/\/vieassociative.be\/actualites\/sept-renovations-domestiques-populaires-qui-augmenteront-vos-impots-fonciers\/","og_locale":"fr_FR","og_type":"article","og_title":"Sept r\u00e9novations domestiques populaires qui augmenteront vos imp\u00f4ts fonciers | Vie Associative","og_description":"Profitez de ces mises \u00e0 niveau &#8211; et de la facture fiscale plus importante qui les accompagne. Alors que les imp\u00f4ts fonciers varient consid\u00e9rablement \u00e0","og_url":"https:\/\/vieassociative.be\/actualites\/sept-renovations-domestiques-populaires-qui-augmenteront-vos-impots-fonciers\/","og_site_name":"Vie Associative","article_published_time":"2025-04-08T19:16:57+00:00","og_image":[{"width":279,"height":92,"url":"https:\/\/vieassociative.be\/actualites\/wp-content\/uploads\/2024\/09\/header_backgroundk-01-e1726694325946.png","type":"image\/png"}],"author":"Julien","twitter_card":"summary_large_image","twitter_misc":{"\u00c9crit par":"Julien","Dur\u00e9e de lecture est.":"7 minutes"},"schema":{"@context":"https:\/\/schema.org","@graph":[{"@type":"Article","@id":"https:\/\/vieassociative.be\/actualites\/sept-renovations-domestiques-populaires-qui-augmenteront-vos-impots-fonciers\/#article","isPartOf":{"@id":"https:\/\/vieassociative.be\/actualites\/sept-renovations-domestiques-populaires-qui-augmenteront-vos-impots-fonciers\/"},"author":{"name":"Julien","@id":"https:\/\/vieassociative.be\/actualites\/#\/schema\/person\/b87ac4f82f9d4e7b7cec7395b679edc4"},"headline":"Sept r\u00e9novations domestiques populaires qui augmenteront vos imp\u00f4ts fonciers","datePublished":"2025-04-08T19:16:57+00:00","dateModified":"2025-04-08T19:16:57+00:00","mainEntityOfPage":{"@id":"https:\/\/vieassociative.be\/actualites\/sept-renovations-domestiques-populaires-qui-augmenteront-vos-impots-fonciers\/"},"wordCount":1385,"publisher":{"@id":"https:\/\/vieassociative.be\/actualites\/#organization"},"image":{"@id":"https:\/\/vieassociative.be\/actualites\/sept-renovations-domestiques-populaires-qui-augmenteront-vos-impots-fonciers\/#primaryimage"},"thumbnailUrl":"https:\/\/vieassociative.be\/actualites\/wp-content\/uploads\/2025\/04\/Sept-renovations-domestiques-populaires-qui-augmenteront-vos-impots-fonciers.png","keywords":["augmenteront","domestiques","fonciers","imp\u00f4ts","populaires","qui","r\u00e9novations","Sept","vos"],"articleSection":["Argent"],"inLanguage":"fr-BE"},{"@type":"WebPage","@id":"https:\/\/vieassociative.be\/actualites\/sept-renovations-domestiques-populaires-qui-augmenteront-vos-impots-fonciers\/","url":"https:\/\/vieassociative.be\/actualites\/sept-renovations-domestiques-populaires-qui-augmenteront-vos-impots-fonciers\/","name":"Sept r\u00e9novations domestiques populaires qui augmenteront vos imp\u00f4ts fonciers | Vie Associative","isPartOf":{"@id":"https:\/\/vieassociative.be\/actualites\/#website"},"primaryImageOfPage":{"@id":"https:\/\/vieassociative.be\/actualites\/sept-renovations-domestiques-populaires-qui-augmenteront-vos-impots-fonciers\/#primaryimage"},"image":{"@id":"https:\/\/vieassociative.be\/actualites\/sept-renovations-domestiques-populaires-qui-augmenteront-vos-impots-fonciers\/#primaryimage"},"thumbnailUrl":"https:\/\/vieassociative.be\/actualites\/wp-content\/uploads\/2025\/04\/Sept-renovations-domestiques-populaires-qui-augmenteront-vos-impots-fonciers.png","datePublished":"2025-04-08T19:16:57+00:00","dateModified":"2025-04-08T19:16:57+00:00","breadcrumb":{"@id":"https:\/\/vieassociative.be\/actualites\/sept-renovations-domestiques-populaires-qui-augmenteront-vos-impots-fonciers\/#breadcrumb"},"inLanguage":"fr-BE","potentialAction":[{"@type":"ReadAction","target":["https:\/\/vieassociative.be\/actualites\/sept-renovations-domestiques-populaires-qui-augmenteront-vos-impots-fonciers\/"]}]},{"@type":"ImageObject","inLanguage":"fr-BE","@id":"https:\/\/vieassociative.be\/actualites\/sept-renovations-domestiques-populaires-qui-augmenteront-vos-impots-fonciers\/#primaryimage","url":"https:\/\/vieassociative.be\/actualites\/wp-content\/uploads\/2025\/04\/Sept-renovations-domestiques-populaires-qui-augmenteront-vos-impots-fonciers.png","contentUrl":"https:\/\/vieassociative.be\/actualites\/wp-content\/uploads\/2025\/04\/Sept-renovations-domestiques-populaires-qui-augmenteront-vos-impots-fonciers.png","width":1200,"height":675,"caption":"Sept r\u00e9novations domestiques populaires qui augmenteront vos imp\u00f4ts fonciers"},{"@type":"BreadcrumbList","@id":"https:\/\/vieassociative.be\/actualites\/sept-renovations-domestiques-populaires-qui-augmenteront-vos-impots-fonciers\/#breadcrumb","itemListElement":[{"@type":"ListItem","position":1,"name":"Accueil","item":"https:\/\/vieassociative.be\/actualites\/"},{"@type":"ListItem","position":2,"name":"Sept r\u00e9novations domestiques populaires qui augmenteront vos imp\u00f4ts fonciers"}]},{"@type":"WebSite","@id":"https:\/\/vieassociative.be\/actualites\/#website","url":"https:\/\/vieassociative.be\/actualites\/","name":"Vie Associative","description":"","publisher":{"@id":"https:\/\/vieassociative.be\/actualites\/#organization"},"potentialAction":[{"@type":"SearchAction","target":{"@type":"EntryPoint","urlTemplate":"https:\/\/vieassociative.be\/actualites\/?s={search_term_string}"},"query-input":{"@type":"PropertyValueSpecification","valueRequired":true,"valueName":"search_term_string"}}],"inLanguage":"fr-BE"},{"@type":"Organization","@id":"https:\/\/vieassociative.be\/actualites\/#organization","name":"Vie Associative","url":"https:\/\/vieassociative.be\/actualites\/","logo":{"@type":"ImageObject","inLanguage":"fr-BE","@id":"https:\/\/vieassociative.be\/actualites\/#\/schema\/logo\/image\/","url":"https:\/\/vieassociative.be\/actualites\/wp-content\/uploads\/2024\/09\/cropped-vieassociative_favicon.ico.png","contentUrl":"https:\/\/vieassociative.be\/actualites\/wp-content\/uploads\/2024\/09\/cropped-vieassociative_favicon.ico.png","width":512,"height":512,"caption":"Vie Associative"},"image":{"@id":"https:\/\/vieassociative.be\/actualites\/#\/schema\/logo\/image\/"}},{"@type":"Person","@id":"https:\/\/vieassociative.be\/actualites\/#\/schema\/person\/b87ac4f82f9d4e7b7cec7395b679edc4","name":"Julien","image":{"@type":"ImageObject","inLanguage":"fr-BE","@id":"https:\/\/vieassociative.be\/actualites\/#\/schema\/person\/image\/","url":"https:\/\/vieassociative.be\/actualites\/wp-content\/uploads\/2024\/09\/vie-associative-1-150x150.jpg","contentUrl":"https:\/\/vieassociative.be\/actualites\/wp-content\/uploads\/2024\/09\/vie-associative-1-150x150.jpg","caption":"Julien"},"description":"Je suis Julien, r\u00e9dacteur pour Vie Associative. Passionn\u00e9 par le monde associatif depuis plus de 10 ans, j'ai \u00e0 c\u0153ur de partager des histoires inspirantes et de mettre en lumi\u00e8re les initiatives locales. Mon objectif est de sensibiliser et d'encourager l'engagement communautaire \u00e0 travers mes articles.","sameAs":["https:\/\/vieassociative.be\/"]}]}},"_links":{"self":[{"href":"https:\/\/vieassociative.be\/actualites\/wp-json\/wp\/v2\/posts\/6544"}],"collection":[{"href":"https:\/\/vieassociative.be\/actualites\/wp-json\/wp\/v2\/posts"}],"about":[{"href":"https:\/\/vieassociative.be\/actualites\/wp-json\/wp\/v2\/types\/post"}],"author":[{"embeddable":true,"href":"https:\/\/vieassociative.be\/actualites\/wp-json\/wp\/v2\/users\/1"}],"replies":[{"embeddable":true,"href":"https:\/\/vieassociative.be\/actualites\/wp-json\/wp\/v2\/comments?post=6544"}],"version-history":[{"count":0,"href":"https:\/\/vieassociative.be\/actualites\/wp-json\/wp\/v2\/posts\/6544\/revisions"}],"wp:featuredmedia":[{"embeddable":true,"href":"https:\/\/vieassociative.be\/actualites\/wp-json\/wp\/v2\/media\/6545"}],"wp:attachment":[{"href":"https:\/\/vieassociative.be\/actualites\/wp-json\/wp\/v2\/media?parent=6544"}],"wp:term":[{"taxonomy":"category","embeddable":true,"href":"https:\/\/vieassociative.be\/actualites\/wp-json\/wp\/v2\/categories?post=6544"},{"taxonomy":"post_tag","embeddable":true,"href":"https:\/\/vieassociative.be\/actualites\/wp-json\/wp\/v2\/tags?post=6544"}],"curies":[{"name":"wp","href":"https:\/\/api.w.org\/{rel}","templated":true}]}}