{"id":6530,"date":"2025-04-08T12:20:31","date_gmt":"2025-04-08T10:20:31","guid":{"rendered":"https:\/\/vieassociative.be\/actualites\/elevez-vos-bretzels-ennuyeux-achetes-en-magasin-avec-cette-simple-technique-dassaisonnement\/"},"modified":"2025-04-08T12:20:31","modified_gmt":"2025-04-08T10:20:31","slug":"elevez-vos-bretzels-ennuyeux-achetes-en-magasin-avec-cette-simple-technique-dassaisonnement","status":"publish","type":"post","link":"https:\/\/vieassociative.be\/actualites\/elevez-vos-bretzels-ennuyeux-achetes-en-magasin-avec-cette-simple-technique-dassaisonnement\/","title":{"rendered":"\u00c9levez vos bretzels ennuyeux achet\u00e9s en magasin avec cette simple technique d&rsquo;assaisonnement"},"content":{"rendered":"<div class=\"mt-4 leading-6 md:mb-8\">Arr\u00eatez de vous punir avec des bretzels durs \u00e0 une note et faites-les \u00e0 la place.<\/div>\n<p><\/p>\n<p>Les bretzels durs sont <em>bien<\/em>. Je n&rsquo;aime pas les manger, mais parfois ils sont la seule collation comestible (sans doute). Le bretzel moyen est un n\u0153ud sec et sans saveur d&rsquo;opportunit\u00e9 manqu\u00e9e, sauf quelques touffes errantes de sel. <em>Chevronn\u00e9<\/em> Les bretzels, en revanche, sont une histoire compl\u00e8tement diff\u00e9rente. Ils sont une joie \u00e0 manger, et chaque sac de bretzels doit \u00eatre converti en tel. Heureusement, c&rsquo;est facile. Voici la meilleure fa\u00e7on de le faire. <\/p>\n<p>Une partie de ce qui rend cette astuce de bretzel si d\u00e9licieuse est le 1-2 punch d&rsquo;huile et les assaisonnements puissants. L&rsquo;huile offre un rev\u00eatement auquel les assaisonnements secs peuvent s&rsquo;accrocher, et \u00e9videmment, les assaisonnements fournissent un monde de saveur qui est autrement manquant. Le rev\u00eatement l\u00e9ger du p\u00e9trole se r\u00e9chauffe dans le four et le bretzel obtient une deuxi\u00e8me cuisinier qui m\u00e8ne \u00e0 un bretzel plus croustillant et l\u00e9g\u00e8rement grill\u00e9. C&rsquo;est une autre couche de saveur, bien que subtile.<\/p>\n<p>Dans un grand bol, m\u00e9langer simplement les bretzels avec deux cuill\u00e8res \u00e0 soupe d&rsquo;huile de cuisson neutre et trois cuill\u00e8res \u00e0 soupe d&rsquo;\u00e9pices finement moulues, puis cuire. C&rsquo;est vraiment aussi simple. Mais la diff\u00e9rence entre les bretzels assaisonn\u00e9s OK et ceux qui chantent vraiment r\u00e9sident dans la texture du m\u00e9lange d&rsquo;assaisonnement. Si vous utilisez l&rsquo;ail moulu et la poudre d&rsquo;oignon directement de votre pot d&rsquo;\u00e9pices, cela fonctionnera, mais les granules sont l\u00e9g\u00e8rement trop grands. Ils ne s&rsquo;accrochent pas aussi bien \u00e0 l&rsquo;huile et ils sont plus susceptibles de br\u00fbler et de se sentir poussi\u00e9reux lorsque vous les mangez. Une coh\u00e9rence plus fine est meilleure.<\/p>\n<h2 id=\"the-trick-to-better-seasoned-pretzels\">L&rsquo;astuce pour des bretzels mieux assaisonn\u00e9s<\/h2>\n<p>Au lieu de cela, utilisez les paquets d&rsquo;assaisonnement pr\u00e9-m\u00e9lang\u00e9s pour les pansements, les trempettes ou le pop-corn &#8211; ils sont d\u00e9j\u00e0 en train de mourir en une fine poudre. J&rsquo;ai utilis\u00e9 un paquet de vinaigrette en ranch, mais le m\u00e9lange de poudre de trempette \u00e0 l&rsquo;oignon serait un ph\u00e9nom\u00e8ne sal\u00e9, ou m\u00eame le fromage en poudre de Kraft Mac and Cheese fonctionnerait pour des bretzels au fromage. Si vous pr\u00e9f\u00e9rez faire votre propre m\u00e9lange, je vous recommande de lancer la combinaison d&rsquo;\u00e9pices dans un mortier et un pilon et de les broyer en une fine poudre comme vous le feriez pour avoir assaiss\u00e9 du pop-corn.  <\/p>\n<p>Une fois que mon assaisonnement \u00e0 l&rsquo;huile et au ranch a \u00e9t\u00e9 soigneusement m\u00e9lang\u00e9, j&rsquo;ai jet\u00e9 quelques tasses de bretzels ennuyeux. C&rsquo;\u00e9tait environ six onces de mini-bretzels de Snyder. J&rsquo;ai jet\u00e9 les bretzels enduits sur une plaque \u00e0 p\u00e2tisserie et les \u00e9tal\u00e9s pour qu&rsquo;ils ne se chevauchent pas trop. Vous allez pour une couche principalement unique. S&rsquo;il n&rsquo;y a pas assez d&rsquo;espace, utilisez une deuxi\u00e8me plaque \u00e0 p\u00e2tisserie. Je les ai cuits pendant environ 20 minutes dans un four \u00e0 275 \u00b0 F et ils \u00e9taient pr\u00eats \u00e0 grignoter.<\/p>\n<p>Avec ce traitement simple, les bretzels punisment secs et sans saveur qui sont tomb\u00e9s du sac seront transform\u00e9s en une collation hautement souhaitable. C&rsquo;est une \u00e9volution semblable aux arachides crues \u00e0 du miel r\u00f4ti ou en charmander \u00e0 Charizard. Vous serez content de l&rsquo;avoir fait. <\/p>\n<h2 id=\"ranch-seasoned-pretzels-recipe\">Recette de bretzels assaisonn\u00e9e en ranch<\/h2>\n<p>Ingr\u00e9dients:<\/p>\n<div class=\"pogoClear relative my-10 border-b-(1.5px) border-t-(1.5px) border-dashed border-black py-5 sm:my-14 sm:border-0 sm:py-0\" x-cloak x-data=\"{ commentsCount: null }\" x-init=\"commentsCount = await window.openweb.getMessagesCount(118613)\" x-show=\"commentsCount !== null &amp;&amp; commentsCount &gt; 0\">\n<div class=\"absolute top-1\/2 hidden w-full -translate-y-1\/2 border-t-(1.5px) border-dashed border-black sm:block\"><\/div>\n<div class=\"relative flex justify-center\">\n<div class=\"flex max-w-max items-center gap-x-3 bg-white px-5\">\n<div class=\"relative\">\n                <span class=\"absolute left-1\/2 top-1\/2 -translate-x-1\/2 -translate-y-1\/2 font-akshar text-sm font-medium text-black\" x-text=\"commentsCount\"><\/span><\/p>\n<p>                <svg class=\"h-8 w-8 text-black\">\n                    <use href=\"http:\/\/lifehacker.com\/images\/icons\/spritemap.svg#sprite-chat-bubble\"><\/use>\n                <\/svg>\n            <\/div>\n<p>            <span class=\"text-sm font-medium text-black\">Que pensez-vous jusqu&rsquo;\u00e0 pr\u00e9sent? <button class=\"font-semibold text-brand-green underline hover:text-brand-green-700\" onclick=\"window.openweb.scrollToComments(118613)\">Publier un commentaire.<\/button><\/span>\n        <\/div>\n<\/p><\/div>\n<\/div>\n<ul>\n<li>\n<p>2 cuill\u00e8res \u00e0 soupe d&rsquo;huile neutre<\/p>\n<\/li>\n<li>\n<p>3 cuill\u00e8res \u00e0 soupe d&rsquo;assaisonnement Ranch (ou un paquet d&rsquo;une once)<\/p>\n<\/li>\n<li>\n<p>6-8 onces bretzels durs<\/p>\n<\/li>\n<\/ul>\n<p>1. Pr\u00e9chauffer le four \u00e0 275 \u00b0 F.<\/p>\n<p>2. M\u00e9langer l&rsquo;assaisonnement de l&rsquo;huile et du ranch jusqu&rsquo;\u00e0 ce qu&rsquo;il soit bien combin\u00e9. Incorporer les bretzels jusqu&rsquo;\u00e0 ce qu&rsquo;il soit bien enrob\u00e9. <\/p>\n<p>3. \u00c9talez les bretzels enduits sur un plateau en feuille et cuire \u00e0 la cuisson pendant 15 \u00e0 20 minutes jusqu&rsquo;\u00e0 ce qu&rsquo;il soit sec, mais pas visiblement brunissement. Cool bri\u00e8vement et profitez-en.<\/p>\n","protected":false},"excerpt":{"rendered":"<p>Arr\u00eatez de vous punir avec des bretzels durs \u00e0 une note et faites-les \u00e0 la place. Les bretzels durs sont bien. Je n&rsquo;aime pas les<\/p>\n","protected":false},"author":1,"featured_media":6531,"comment_status":"","ping_status":"","sticky":false,"template":"","format":"standard","meta":{"footnotes":""},"categories":[39],"tags":[768,61,6250,206,6251,6249,2240,769,1730,3724,27],"class_list":["post-6530","post","type-post","status-publish","format-standard","has-post-thumbnail","hentry","category-gastronomie","tag-achetes","tag-avec","tag-bretzels","tag-cette","tag-dassaisonnement","tag-elevez","tag-ennuyeux","tag-magasin","tag-simple","tag-technique","tag-vos","generate-columns","tablet-grid-50","mobile-grid-100","grid-parent","grid-33"],"yoast_head":"<!-- This site is optimized with the Yoast SEO plugin v24.0 - https:\/\/yoast.com\/wordpress\/plugins\/seo\/ -->\n<title>\u00c9levez vos bretzels ennuyeux achet\u00e9s en magasin avec cette simple technique d&#039;assaisonnement | Vie Associative<\/title>\n<meta name=\"robots\" content=\"index, follow, max-snippet:-1, max-image-preview:large, max-video-preview:-1\" \/>\n<link rel=\"canonical\" href=\"https:\/\/vieassociative.be\/actualites\/elevez-vos-bretzels-ennuyeux-achetes-en-magasin-avec-cette-simple-technique-dassaisonnement\/\" \/>\n<meta property=\"og:locale\" content=\"fr_FR\" \/>\n<meta property=\"og:type\" content=\"article\" \/>\n<meta property=\"og:title\" content=\"\u00c9levez vos bretzels ennuyeux achet\u00e9s en magasin avec cette simple technique d&#039;assaisonnement | Vie Associative\" \/>\n<meta property=\"og:description\" content=\"Arr\u00eatez de vous punir avec des bretzels durs \u00e0 une note et faites-les \u00e0 la place. Les bretzels durs sont bien. Je n&rsquo;aime pas les\" \/>\n<meta property=\"og:url\" content=\"https:\/\/vieassociative.be\/actualites\/elevez-vos-bretzels-ennuyeux-achetes-en-magasin-avec-cette-simple-technique-dassaisonnement\/\" \/>\n<meta property=\"og:site_name\" content=\"Vie Associative\" \/>\n<meta property=\"article:published_time\" content=\"2025-04-08T10:20:31+00:00\" \/>\n<meta property=\"og:image\" content=\"https:\/\/vieassociative.be\/actualites\/wp-content\/uploads\/2024\/09\/header_backgroundk-01-e1726694325946.png\" \/>\n\t<meta property=\"og:image:width\" content=\"279\" \/>\n\t<meta property=\"og:image:height\" content=\"92\" \/>\n\t<meta property=\"og:image:type\" content=\"image\/png\" \/>\n<meta name=\"author\" content=\"Julien\" \/>\n<meta name=\"twitter:card\" content=\"summary_large_image\" \/>\n<meta name=\"twitter:label1\" content=\"\u00c9crit par\" \/>\n\t<meta name=\"twitter:data1\" content=\"Julien\" \/>\n\t<meta name=\"twitter:label2\" content=\"Dur\u00e9e de lecture est.\" \/>\n\t<meta name=\"twitter:data2\" content=\"3 minutes\" \/>\n<script type=\"application\/ld+json\" class=\"yoast-schema-graph\">{\"@context\":\"https:\/\/schema.org\",\"@graph\":[{\"@type\":\"Article\",\"@id\":\"https:\/\/vieassociative.be\/actualites\/elevez-vos-bretzels-ennuyeux-achetes-en-magasin-avec-cette-simple-technique-dassaisonnement\/#article\",\"isPartOf\":{\"@id\":\"https:\/\/vieassociative.be\/actualites\/elevez-vos-bretzels-ennuyeux-achetes-en-magasin-avec-cette-simple-technique-dassaisonnement\/\"},\"author\":{\"name\":\"Julien\",\"@id\":\"https:\/\/vieassociative.be\/actualites\/#\/schema\/person\/b87ac4f82f9d4e7b7cec7395b679edc4\"},\"headline\":\"\u00c9levez vos bretzels ennuyeux achet\u00e9s en magasin avec cette simple technique d&rsquo;assaisonnement\",\"datePublished\":\"2025-04-08T10:20:31+00:00\",\"dateModified\":\"2025-04-08T10:20:31+00:00\",\"mainEntityOfPage\":{\"@id\":\"https:\/\/vieassociative.be\/actualites\/elevez-vos-bretzels-ennuyeux-achetes-en-magasin-avec-cette-simple-technique-dassaisonnement\/\"},\"wordCount\":696,\"publisher\":{\"@id\":\"https:\/\/vieassociative.be\/actualites\/#organization\"},\"image\":{\"@id\":\"https:\/\/vieassociative.be\/actualites\/elevez-vos-bretzels-ennuyeux-achetes-en-magasin-avec-cette-simple-technique-dassaisonnement\/#primaryimage\"},\"thumbnailUrl\":\"https:\/\/vieassociative.be\/actualites\/wp-content\/uploads\/2025\/04\/Elevez-vos-bretzels-ennuyeux-achetes-en-magasin-avec-cette-simple.jpg\",\"keywords\":[\"achet\u00e9s\",\"avec\",\"bretzels\",\"cette\",\"dassaisonnement\",\"\u00c9levez\",\"ennuyeux\",\"magasin\",\"simple\",\"technique\",\"vos\"],\"articleSection\":[\"Gastronomie\"],\"inLanguage\":\"fr-BE\"},{\"@type\":\"WebPage\",\"@id\":\"https:\/\/vieassociative.be\/actualites\/elevez-vos-bretzels-ennuyeux-achetes-en-magasin-avec-cette-simple-technique-dassaisonnement\/\",\"url\":\"https:\/\/vieassociative.be\/actualites\/elevez-vos-bretzels-ennuyeux-achetes-en-magasin-avec-cette-simple-technique-dassaisonnement\/\",\"name\":\"\u00c9levez vos bretzels ennuyeux achet\u00e9s en magasin avec cette simple technique d'assaisonnement | Vie Associative\",\"isPartOf\":{\"@id\":\"https:\/\/vieassociative.be\/actualites\/#website\"},\"primaryImageOfPage\":{\"@id\":\"https:\/\/vieassociative.be\/actualites\/elevez-vos-bretzels-ennuyeux-achetes-en-magasin-avec-cette-simple-technique-dassaisonnement\/#primaryimage\"},\"image\":{\"@id\":\"https:\/\/vieassociative.be\/actualites\/elevez-vos-bretzels-ennuyeux-achetes-en-magasin-avec-cette-simple-technique-dassaisonnement\/#primaryimage\"},\"thumbnailUrl\":\"https:\/\/vieassociative.be\/actualites\/wp-content\/uploads\/2025\/04\/Elevez-vos-bretzels-ennuyeux-achetes-en-magasin-avec-cette-simple.jpg\",\"datePublished\":\"2025-04-08T10:20:31+00:00\",\"dateModified\":\"2025-04-08T10:20:31+00:00\",\"breadcrumb\":{\"@id\":\"https:\/\/vieassociative.be\/actualites\/elevez-vos-bretzels-ennuyeux-achetes-en-magasin-avec-cette-simple-technique-dassaisonnement\/#breadcrumb\"},\"inLanguage\":\"fr-BE\",\"potentialAction\":[{\"@type\":\"ReadAction\",\"target\":[\"https:\/\/vieassociative.be\/actualites\/elevez-vos-bretzels-ennuyeux-achetes-en-magasin-avec-cette-simple-technique-dassaisonnement\/\"]}]},{\"@type\":\"ImageObject\",\"inLanguage\":\"fr-BE\",\"@id\":\"https:\/\/vieassociative.be\/actualites\/elevez-vos-bretzels-ennuyeux-achetes-en-magasin-avec-cette-simple-technique-dassaisonnement\/#primaryimage\",\"url\":\"https:\/\/vieassociative.be\/actualites\/wp-content\/uploads\/2025\/04\/Elevez-vos-bretzels-ennuyeux-achetes-en-magasin-avec-cette-simple.jpg\",\"contentUrl\":\"https:\/\/vieassociative.be\/actualites\/wp-content\/uploads\/2025\/04\/Elevez-vos-bretzels-ennuyeux-achetes-en-magasin-avec-cette-simple.jpg\",\"width\":1200,\"height\":675,\"caption\":\"\u00c9levez vos bretzels ennuyeux achet\u00e9s en magasin avec cette simple technique d'assaisonnement\"},{\"@type\":\"BreadcrumbList\",\"@id\":\"https:\/\/vieassociative.be\/actualites\/elevez-vos-bretzels-ennuyeux-achetes-en-magasin-avec-cette-simple-technique-dassaisonnement\/#breadcrumb\",\"itemListElement\":[{\"@type\":\"ListItem\",\"position\":1,\"name\":\"Accueil\",\"item\":\"https:\/\/vieassociative.be\/actualites\/\"},{\"@type\":\"ListItem\",\"position\":2,\"name\":\"\u00c9levez vos bretzels ennuyeux achet\u00e9s en magasin avec cette simple technique d&rsquo;assaisonnement\"}]},{\"@type\":\"WebSite\",\"@id\":\"https:\/\/vieassociative.be\/actualites\/#website\",\"url\":\"https:\/\/vieassociative.be\/actualites\/\",\"name\":\"Vie Associative\",\"description\":\"\",\"publisher\":{\"@id\":\"https:\/\/vieassociative.be\/actualites\/#organization\"},\"potentialAction\":[{\"@type\":\"SearchAction\",\"target\":{\"@type\":\"EntryPoint\",\"urlTemplate\":\"https:\/\/vieassociative.be\/actualites\/?s={search_term_string}\"},\"query-input\":{\"@type\":\"PropertyValueSpecification\",\"valueRequired\":true,\"valueName\":\"search_term_string\"}}],\"inLanguage\":\"fr-BE\"},{\"@type\":\"Organization\",\"@id\":\"https:\/\/vieassociative.be\/actualites\/#organization\",\"name\":\"Vie Associative\",\"url\":\"https:\/\/vieassociative.be\/actualites\/\",\"logo\":{\"@type\":\"ImageObject\",\"inLanguage\":\"fr-BE\",\"@id\":\"https:\/\/vieassociative.be\/actualites\/#\/schema\/logo\/image\/\",\"url\":\"https:\/\/vieassociative.be\/actualites\/wp-content\/uploads\/2024\/09\/cropped-vieassociative_favicon.ico.png\",\"contentUrl\":\"https:\/\/vieassociative.be\/actualites\/wp-content\/uploads\/2024\/09\/cropped-vieassociative_favicon.ico.png\",\"width\":512,\"height\":512,\"caption\":\"Vie Associative\"},\"image\":{\"@id\":\"https:\/\/vieassociative.be\/actualites\/#\/schema\/logo\/image\/\"}},{\"@type\":\"Person\",\"@id\":\"https:\/\/vieassociative.be\/actualites\/#\/schema\/person\/b87ac4f82f9d4e7b7cec7395b679edc4\",\"name\":\"Julien\",\"image\":{\"@type\":\"ImageObject\",\"inLanguage\":\"fr-BE\",\"@id\":\"https:\/\/vieassociative.be\/actualites\/#\/schema\/person\/image\/\",\"url\":\"https:\/\/vieassociative.be\/actualites\/wp-content\/uploads\/2024\/09\/vie-associative-1-150x150.jpg\",\"contentUrl\":\"https:\/\/vieassociative.be\/actualites\/wp-content\/uploads\/2024\/09\/vie-associative-1-150x150.jpg\",\"caption\":\"Julien\"},\"description\":\"Je suis Julien, r\u00e9dacteur pour Vie Associative. Passionn\u00e9 par le monde associatif depuis plus de 10 ans, j'ai \u00e0 c\u0153ur de partager des histoires inspirantes et de mettre en lumi\u00e8re les initiatives locales. Mon objectif est de sensibiliser et d'encourager l'engagement communautaire \u00e0 travers mes articles.\",\"sameAs\":[\"https:\/\/vieassociative.be\/\"]}]}<\/script>\n<!-- \/ Yoast SEO plugin. -->","yoast_head_json":{"title":"\u00c9levez vos bretzels ennuyeux achet\u00e9s en magasin avec cette simple technique d'assaisonnement | Vie Associative","robots":{"index":"index","follow":"follow","max-snippet":"max-snippet:-1","max-image-preview":"max-image-preview:large","max-video-preview":"max-video-preview:-1"},"canonical":"https:\/\/vieassociative.be\/actualites\/elevez-vos-bretzels-ennuyeux-achetes-en-magasin-avec-cette-simple-technique-dassaisonnement\/","og_locale":"fr_FR","og_type":"article","og_title":"\u00c9levez vos bretzels ennuyeux achet\u00e9s en magasin avec cette simple technique d'assaisonnement | Vie Associative","og_description":"Arr\u00eatez de vous punir avec des bretzels durs \u00e0 une note et faites-les \u00e0 la place. Les bretzels durs sont bien. Je n&rsquo;aime pas les","og_url":"https:\/\/vieassociative.be\/actualites\/elevez-vos-bretzels-ennuyeux-achetes-en-magasin-avec-cette-simple-technique-dassaisonnement\/","og_site_name":"Vie Associative","article_published_time":"2025-04-08T10:20:31+00:00","og_image":[{"width":279,"height":92,"url":"https:\/\/vieassociative.be\/actualites\/wp-content\/uploads\/2024\/09\/header_backgroundk-01-e1726694325946.png","type":"image\/png"}],"author":"Julien","twitter_card":"summary_large_image","twitter_misc":{"\u00c9crit par":"Julien","Dur\u00e9e de lecture est.":"3 minutes"},"schema":{"@context":"https:\/\/schema.org","@graph":[{"@type":"Article","@id":"https:\/\/vieassociative.be\/actualites\/elevez-vos-bretzels-ennuyeux-achetes-en-magasin-avec-cette-simple-technique-dassaisonnement\/#article","isPartOf":{"@id":"https:\/\/vieassociative.be\/actualites\/elevez-vos-bretzels-ennuyeux-achetes-en-magasin-avec-cette-simple-technique-dassaisonnement\/"},"author":{"name":"Julien","@id":"https:\/\/vieassociative.be\/actualites\/#\/schema\/person\/b87ac4f82f9d4e7b7cec7395b679edc4"},"headline":"\u00c9levez vos bretzels ennuyeux achet\u00e9s en magasin avec cette simple technique d&rsquo;assaisonnement","datePublished":"2025-04-08T10:20:31+00:00","dateModified":"2025-04-08T10:20:31+00:00","mainEntityOfPage":{"@id":"https:\/\/vieassociative.be\/actualites\/elevez-vos-bretzels-ennuyeux-achetes-en-magasin-avec-cette-simple-technique-dassaisonnement\/"},"wordCount":696,"publisher":{"@id":"https:\/\/vieassociative.be\/actualites\/#organization"},"image":{"@id":"https:\/\/vieassociative.be\/actualites\/elevez-vos-bretzels-ennuyeux-achetes-en-magasin-avec-cette-simple-technique-dassaisonnement\/#primaryimage"},"thumbnailUrl":"https:\/\/vieassociative.be\/actualites\/wp-content\/uploads\/2025\/04\/Elevez-vos-bretzels-ennuyeux-achetes-en-magasin-avec-cette-simple.jpg","keywords":["achet\u00e9s","avec","bretzels","cette","dassaisonnement","\u00c9levez","ennuyeux","magasin","simple","technique","vos"],"articleSection":["Gastronomie"],"inLanguage":"fr-BE"},{"@type":"WebPage","@id":"https:\/\/vieassociative.be\/actualites\/elevez-vos-bretzels-ennuyeux-achetes-en-magasin-avec-cette-simple-technique-dassaisonnement\/","url":"https:\/\/vieassociative.be\/actualites\/elevez-vos-bretzels-ennuyeux-achetes-en-magasin-avec-cette-simple-technique-dassaisonnement\/","name":"\u00c9levez vos bretzels ennuyeux achet\u00e9s en magasin avec cette simple technique d'assaisonnement | Vie Associative","isPartOf":{"@id":"https:\/\/vieassociative.be\/actualites\/#website"},"primaryImageOfPage":{"@id":"https:\/\/vieassociative.be\/actualites\/elevez-vos-bretzels-ennuyeux-achetes-en-magasin-avec-cette-simple-technique-dassaisonnement\/#primaryimage"},"image":{"@id":"https:\/\/vieassociative.be\/actualites\/elevez-vos-bretzels-ennuyeux-achetes-en-magasin-avec-cette-simple-technique-dassaisonnement\/#primaryimage"},"thumbnailUrl":"https:\/\/vieassociative.be\/actualites\/wp-content\/uploads\/2025\/04\/Elevez-vos-bretzels-ennuyeux-achetes-en-magasin-avec-cette-simple.jpg","datePublished":"2025-04-08T10:20:31+00:00","dateModified":"2025-04-08T10:20:31+00:00","breadcrumb":{"@id":"https:\/\/vieassociative.be\/actualites\/elevez-vos-bretzels-ennuyeux-achetes-en-magasin-avec-cette-simple-technique-dassaisonnement\/#breadcrumb"},"inLanguage":"fr-BE","potentialAction":[{"@type":"ReadAction","target":["https:\/\/vieassociative.be\/actualites\/elevez-vos-bretzels-ennuyeux-achetes-en-magasin-avec-cette-simple-technique-dassaisonnement\/"]}]},{"@type":"ImageObject","inLanguage":"fr-BE","@id":"https:\/\/vieassociative.be\/actualites\/elevez-vos-bretzels-ennuyeux-achetes-en-magasin-avec-cette-simple-technique-dassaisonnement\/#primaryimage","url":"https:\/\/vieassociative.be\/actualites\/wp-content\/uploads\/2025\/04\/Elevez-vos-bretzels-ennuyeux-achetes-en-magasin-avec-cette-simple.jpg","contentUrl":"https:\/\/vieassociative.be\/actualites\/wp-content\/uploads\/2025\/04\/Elevez-vos-bretzels-ennuyeux-achetes-en-magasin-avec-cette-simple.jpg","width":1200,"height":675,"caption":"\u00c9levez vos bretzels ennuyeux achet\u00e9s en magasin avec cette simple technique d'assaisonnement"},{"@type":"BreadcrumbList","@id":"https:\/\/vieassociative.be\/actualites\/elevez-vos-bretzels-ennuyeux-achetes-en-magasin-avec-cette-simple-technique-dassaisonnement\/#breadcrumb","itemListElement":[{"@type":"ListItem","position":1,"name":"Accueil","item":"https:\/\/vieassociative.be\/actualites\/"},{"@type":"ListItem","position":2,"name":"\u00c9levez vos bretzels ennuyeux achet\u00e9s en magasin avec cette simple technique d&rsquo;assaisonnement"}]},{"@type":"WebSite","@id":"https:\/\/vieassociative.be\/actualites\/#website","url":"https:\/\/vieassociative.be\/actualites\/","name":"Vie Associative","description":"","publisher":{"@id":"https:\/\/vieassociative.be\/actualites\/#organization"},"potentialAction":[{"@type":"SearchAction","target":{"@type":"EntryPoint","urlTemplate":"https:\/\/vieassociative.be\/actualites\/?s={search_term_string}"},"query-input":{"@type":"PropertyValueSpecification","valueRequired":true,"valueName":"search_term_string"}}],"inLanguage":"fr-BE"},{"@type":"Organization","@id":"https:\/\/vieassociative.be\/actualites\/#organization","name":"Vie Associative","url":"https:\/\/vieassociative.be\/actualites\/","logo":{"@type":"ImageObject","inLanguage":"fr-BE","@id":"https:\/\/vieassociative.be\/actualites\/#\/schema\/logo\/image\/","url":"https:\/\/vieassociative.be\/actualites\/wp-content\/uploads\/2024\/09\/cropped-vieassociative_favicon.ico.png","contentUrl":"https:\/\/vieassociative.be\/actualites\/wp-content\/uploads\/2024\/09\/cropped-vieassociative_favicon.ico.png","width":512,"height":512,"caption":"Vie Associative"},"image":{"@id":"https:\/\/vieassociative.be\/actualites\/#\/schema\/logo\/image\/"}},{"@type":"Person","@id":"https:\/\/vieassociative.be\/actualites\/#\/schema\/person\/b87ac4f82f9d4e7b7cec7395b679edc4","name":"Julien","image":{"@type":"ImageObject","inLanguage":"fr-BE","@id":"https:\/\/vieassociative.be\/actualites\/#\/schema\/person\/image\/","url":"https:\/\/vieassociative.be\/actualites\/wp-content\/uploads\/2024\/09\/vie-associative-1-150x150.jpg","contentUrl":"https:\/\/vieassociative.be\/actualites\/wp-content\/uploads\/2024\/09\/vie-associative-1-150x150.jpg","caption":"Julien"},"description":"Je suis Julien, r\u00e9dacteur pour Vie Associative. Passionn\u00e9 par le monde associatif depuis plus de 10 ans, j'ai \u00e0 c\u0153ur de partager des histoires inspirantes et de mettre en lumi\u00e8re les initiatives locales. Mon objectif est de sensibiliser et d'encourager l'engagement communautaire \u00e0 travers mes articles.","sameAs":["https:\/\/vieassociative.be\/"]}]}},"_links":{"self":[{"href":"https:\/\/vieassociative.be\/actualites\/wp-json\/wp\/v2\/posts\/6530"}],"collection":[{"href":"https:\/\/vieassociative.be\/actualites\/wp-json\/wp\/v2\/posts"}],"about":[{"href":"https:\/\/vieassociative.be\/actualites\/wp-json\/wp\/v2\/types\/post"}],"author":[{"embeddable":true,"href":"https:\/\/vieassociative.be\/actualites\/wp-json\/wp\/v2\/users\/1"}],"replies":[{"embeddable":true,"href":"https:\/\/vieassociative.be\/actualites\/wp-json\/wp\/v2\/comments?post=6530"}],"version-history":[{"count":0,"href":"https:\/\/vieassociative.be\/actualites\/wp-json\/wp\/v2\/posts\/6530\/revisions"}],"wp:featuredmedia":[{"embeddable":true,"href":"https:\/\/vieassociative.be\/actualites\/wp-json\/wp\/v2\/media\/6531"}],"wp:attachment":[{"href":"https:\/\/vieassociative.be\/actualites\/wp-json\/wp\/v2\/media?parent=6530"}],"wp:term":[{"taxonomy":"category","embeddable":true,"href":"https:\/\/vieassociative.be\/actualites\/wp-json\/wp\/v2\/categories?post=6530"},{"taxonomy":"post_tag","embeddable":true,"href":"https:\/\/vieassociative.be\/actualites\/wp-json\/wp\/v2\/tags?post=6530"}],"curies":[{"name":"wp","href":"https:\/\/api.w.org\/{rel}","templated":true}]}}