{"id":6522,"date":"2025-04-08T03:17:53","date_gmt":"2025-04-08T01:17:53","guid":{"rendered":"https:\/\/vieassociative.be\/actualites\/vous-pouvez-obtenir-ce-haut-parleur-skullcandy-impermeable-et-portable-en-vente-pour-35-maintenant\/"},"modified":"2025-04-08T03:17:53","modified_gmt":"2025-04-08T01:17:53","slug":"vous-pouvez-obtenir-ce-haut-parleur-skullcandy-impermeable-et-portable-en-vente-pour-35-maintenant","status":"publish","type":"post","link":"https:\/\/vieassociative.be\/actualites\/vous-pouvez-obtenir-ce-haut-parleur-skullcandy-impermeable-et-portable-en-vente-pour-35-maintenant\/","title":{"rendered":"Vous pouvez obtenir ce haut-parleur Skullcandy imperm\u00e9able et portable en vente pour 35 $ maintenant"},"content":{"rendered":"<div class=\"mt-4 leading-6 md:mb-8\">Le Skullcandy Terrain Mini est pratique, durable et pr\u00eat pour l&rsquo;\u00e9t\u00e9.<\/div>\n<p><\/p>\n<p>Si vous avez d\u00e9j\u00e0 essay\u00e9 de faire glisser un haut-parleur trop grand &#8211; ou de pire, compt\u00e9 sur le minuscule audio pour la projection sonore de votre t\u00e9l\u00e9phone &#8211; vous devriez appr\u00e9cier cette vente sur le Skullcandy Terrain Mini: il est de la taille d&rsquo;une paume, sans filet, et actuellement en vente pour 34,99 $ \u00e0 partir de 39,99 $ sur Stacksocial, avec une livraison gratuite dans la gamme de prix n&rsquo;est pas un gout Conf\u00e9rencier \u00e9tanche qui ne sera pas endommag\u00e9 s&rsquo;il est tomb\u00e9 dans la piscine cet \u00e9t\u00e9.<\/p>\n<p>Le Skullcandy Terrain Mini a Bluetooth 5.3, donc la connexion est stable dans une plage de 33 pieds. On dit que la batterie vous donne 14 heures de jeu, ce qui devrait couvrir la plupart des aventures d&rsquo;une journ\u00e9e ou au moins une solide liste de lecture de la journ\u00e9e de travail sans avoir besoin d&rsquo;une recharge. Quand il mourra, il utilise USB-C, qui est heureusement inclus dans la bo\u00eete, vous n&rsquo;aurez donc pas besoin de creuser \u00e0 travers de vieilles cordons. Il est \u00e9galement livr\u00e9 avec une sangle de poignet que vous pouvez le couper \u00e0 un sac ou le balancer comme une longe lorsque vous \u00eates en mouvement. En ce qui concerne le son, il est d\u00e9cent en soi, mais la v\u00e9ritable fonctionnalit\u00e9 st\u00e9r\u00e9o sans fil signifie que vous pouvez l&rsquo;associer \u00e0 une deuxi\u00e8me unit\u00e9 pour une v\u00e9ritable s\u00e9paration st\u00e9r\u00e9o. Vous pouvez \u00e9galement utiliser le multi-link de Skullcandy pour encha\u00eener jusqu&rsquo;\u00e0 99 d&rsquo;entre eux. De fa\u00e7on r\u00e9aliste, vous ne le ferez probablement jamais, mais l&rsquo;option est l\u00e0 si vous voulez faire DJ une Flash Mob.<\/p>\n<div class=\"pogoClear relative my-10 border-b-(1.5px) border-t-(1.5px) border-dashed border-black py-5 sm:my-14 sm:border-0 sm:py-0\" x-cloak x-data=\"{ commentsCount: null }\" x-init=\"commentsCount = await window.openweb.getMessagesCount(122526)\" x-show=\"commentsCount !== null &amp;&amp; commentsCount &gt; 0\">\n<div class=\"absolute top-1\/2 hidden w-full -translate-y-1\/2 border-t-(1.5px) border-dashed border-black sm:block\"><\/div>\n<div class=\"relative flex justify-center\">\n<div class=\"flex max-w-max items-center gap-x-3 bg-white px-5\">\n<div class=\"relative\">\n                <span class=\"absolute left-1\/2 top-1\/2 -translate-x-1\/2 -translate-y-1\/2 font-akshar text-sm font-medium text-black\" x-text=\"commentsCount\"><\/span><\/p>\n<p>                <svg class=\"h-8 w-8 text-black\">\n                    <use href=\"http:\/\/lifehacker.com\/images\/icons\/spritemap.svg#sprite-chat-bubble\"><\/use>\n                <\/svg>\n            <\/div>\n<p>            <span class=\"text-sm font-medium text-black\">Que pensez-vous jusqu&rsquo;\u00e0 pr\u00e9sent? <button class=\"font-semibold text-brand-green underline hover:text-brand-green-700\" onclick=\"window.openweb.scrollToComments(122526)\">Publier un commentaire.<\/button><\/span>\n        <\/div>\n<\/p><\/div>\n<\/div>\n<p>Cela dit, cet haut-parleur ne frappe pas bien au-dessus de sa taille. Il est construit plus pour l&rsquo;\u00e9coute d\u00e9contract\u00e9e et portable que les basses en plein essor ou la pr\u00e9cision \u00e0 volume \u00e9lev\u00e9. Le maillage de tissu aide \u00e0 la durabilit\u00e9 et \u00e0 la clart\u00e9 sonore, mais il ne remplacera pas la configuration de votre haut-parleur de votre maison. Si vous \u00eates sur le march\u00e9 pour un petit haut-parleur accident\u00e9 imperm\u00e9able, rechargeable et facile \u00e0 lancer dans un sac, le Skullcandy Terrain Mini a crite.<\/p>\n","protected":false},"excerpt":{"rendered":"<p>Le Skullcandy Terrain Mini est pratique, durable et pr\u00eat pour l&rsquo;\u00e9t\u00e9. Si vous avez d\u00e9j\u00e0 essay\u00e9 de faire glisser un haut-parleur trop grand &#8211; ou<\/p>\n","protected":false},"author":1,"featured_media":6523,"comment_status":"","ping_status":"","sticky":false,"template":"","format":"standard","meta":{"footnotes":""},"categories":[13],"tags":[3545,6241,233,227,170,81,5,6240,223,4],"class_list":["post-6522","post","type-post","status-publish","format-standard","has-post-thumbnail","hentry","category-technologie","tag-hautparleur","tag-impermeable","tag-maintenant","tag-obtenir","tag-portable","tag-pour","tag-pouvez","tag-skullcandy","tag-vente","tag-vous","generate-columns","tablet-grid-50","mobile-grid-100","grid-parent","grid-33"],"yoast_head":"<!-- This site is optimized with the Yoast SEO plugin v24.0 - https:\/\/yoast.com\/wordpress\/plugins\/seo\/ -->\n<title>Vous pouvez obtenir ce haut-parleur Skullcandy imperm\u00e9able et portable en vente pour 35 $ maintenant | Vie Associative<\/title>\n<meta name=\"robots\" content=\"index, follow, max-snippet:-1, max-image-preview:large, max-video-preview:-1\" \/>\n<link rel=\"canonical\" href=\"https:\/\/vieassociative.be\/actualites\/vous-pouvez-obtenir-ce-haut-parleur-skullcandy-impermeable-et-portable-en-vente-pour-35-maintenant\/\" \/>\n<meta property=\"og:locale\" content=\"fr_FR\" \/>\n<meta property=\"og:type\" content=\"article\" \/>\n<meta property=\"og:title\" content=\"Vous pouvez obtenir ce haut-parleur Skullcandy imperm\u00e9able et portable en vente pour 35 $ maintenant | Vie Associative\" \/>\n<meta property=\"og:description\" content=\"Le Skullcandy Terrain Mini est pratique, durable et pr\u00eat pour l&rsquo;\u00e9t\u00e9. Si vous avez d\u00e9j\u00e0 essay\u00e9 de faire glisser un haut-parleur trop grand &#8211; ou\" \/>\n<meta property=\"og:url\" content=\"https:\/\/vieassociative.be\/actualites\/vous-pouvez-obtenir-ce-haut-parleur-skullcandy-impermeable-et-portable-en-vente-pour-35-maintenant\/\" \/>\n<meta property=\"og:site_name\" content=\"Vie Associative\" \/>\n<meta property=\"article:published_time\" content=\"2025-04-08T01:17:53+00:00\" \/>\n<meta property=\"og:image\" content=\"https:\/\/vieassociative.be\/actualites\/wp-content\/uploads\/2024\/09\/header_backgroundk-01-e1726694325946.png\" \/>\n\t<meta property=\"og:image:width\" content=\"279\" \/>\n\t<meta property=\"og:image:height\" content=\"92\" \/>\n\t<meta property=\"og:image:type\" content=\"image\/png\" \/>\n<meta name=\"author\" content=\"Julien\" \/>\n<meta name=\"twitter:card\" content=\"summary_large_image\" \/>\n<meta name=\"twitter:label1\" content=\"\u00c9crit par\" \/>\n\t<meta name=\"twitter:data1\" content=\"Julien\" \/>\n\t<meta name=\"twitter:label2\" content=\"Dur\u00e9e de lecture est.\" \/>\n\t<meta name=\"twitter:data2\" content=\"2 minutes\" \/>\n<script type=\"application\/ld+json\" class=\"yoast-schema-graph\">{\"@context\":\"https:\/\/schema.org\",\"@graph\":[{\"@type\":\"Article\",\"@id\":\"https:\/\/vieassociative.be\/actualites\/vous-pouvez-obtenir-ce-haut-parleur-skullcandy-impermeable-et-portable-en-vente-pour-35-maintenant\/#article\",\"isPartOf\":{\"@id\":\"https:\/\/vieassociative.be\/actualites\/vous-pouvez-obtenir-ce-haut-parleur-skullcandy-impermeable-et-portable-en-vente-pour-35-maintenant\/\"},\"author\":{\"name\":\"Julien\",\"@id\":\"https:\/\/vieassociative.be\/actualites\/#\/schema\/person\/b87ac4f82f9d4e7b7cec7395b679edc4\"},\"headline\":\"Vous pouvez obtenir ce haut-parleur Skullcandy imperm\u00e9able et portable en vente pour 35 $ maintenant\",\"datePublished\":\"2025-04-08T01:17:53+00:00\",\"dateModified\":\"2025-04-08T01:17:53+00:00\",\"mainEntityOfPage\":{\"@id\":\"https:\/\/vieassociative.be\/actualites\/vous-pouvez-obtenir-ce-haut-parleur-skullcandy-impermeable-et-portable-en-vente-pour-35-maintenant\/\"},\"wordCount\":405,\"publisher\":{\"@id\":\"https:\/\/vieassociative.be\/actualites\/#organization\"},\"image\":{\"@id\":\"https:\/\/vieassociative.be\/actualites\/vous-pouvez-obtenir-ce-haut-parleur-skullcandy-impermeable-et-portable-en-vente-pour-35-maintenant\/#primaryimage\"},\"thumbnailUrl\":\"https:\/\/vieassociative.be\/actualites\/wp-content\/uploads\/2025\/04\/Vous-pouvez-obtenir-ce-haut-parleur-Skullcandy-impermeable-et-portable-en.jpg\",\"keywords\":[\"hautparleur\",\"imperm\u00e9able\",\"maintenant\",\"obtenir\",\"portable\",\"pour\",\"pouvez\",\"Skullcandy\",\"vente\",\"Vous\"],\"articleSection\":[\"Technologie\"],\"inLanguage\":\"fr-BE\"},{\"@type\":\"WebPage\",\"@id\":\"https:\/\/vieassociative.be\/actualites\/vous-pouvez-obtenir-ce-haut-parleur-skullcandy-impermeable-et-portable-en-vente-pour-35-maintenant\/\",\"url\":\"https:\/\/vieassociative.be\/actualites\/vous-pouvez-obtenir-ce-haut-parleur-skullcandy-impermeable-et-portable-en-vente-pour-35-maintenant\/\",\"name\":\"Vous pouvez obtenir ce haut-parleur Skullcandy imperm\u00e9able et portable en vente pour 35 $ maintenant | Vie Associative\",\"isPartOf\":{\"@id\":\"https:\/\/vieassociative.be\/actualites\/#website\"},\"primaryImageOfPage\":{\"@id\":\"https:\/\/vieassociative.be\/actualites\/vous-pouvez-obtenir-ce-haut-parleur-skullcandy-impermeable-et-portable-en-vente-pour-35-maintenant\/#primaryimage\"},\"image\":{\"@id\":\"https:\/\/vieassociative.be\/actualites\/vous-pouvez-obtenir-ce-haut-parleur-skullcandy-impermeable-et-portable-en-vente-pour-35-maintenant\/#primaryimage\"},\"thumbnailUrl\":\"https:\/\/vieassociative.be\/actualites\/wp-content\/uploads\/2025\/04\/Vous-pouvez-obtenir-ce-haut-parleur-Skullcandy-impermeable-et-portable-en.jpg\",\"datePublished\":\"2025-04-08T01:17:53+00:00\",\"dateModified\":\"2025-04-08T01:17:53+00:00\",\"breadcrumb\":{\"@id\":\"https:\/\/vieassociative.be\/actualites\/vous-pouvez-obtenir-ce-haut-parleur-skullcandy-impermeable-et-portable-en-vente-pour-35-maintenant\/#breadcrumb\"},\"inLanguage\":\"fr-BE\",\"potentialAction\":[{\"@type\":\"ReadAction\",\"target\":[\"https:\/\/vieassociative.be\/actualites\/vous-pouvez-obtenir-ce-haut-parleur-skullcandy-impermeable-et-portable-en-vente-pour-35-maintenant\/\"]}]},{\"@type\":\"ImageObject\",\"inLanguage\":\"fr-BE\",\"@id\":\"https:\/\/vieassociative.be\/actualites\/vous-pouvez-obtenir-ce-haut-parleur-skullcandy-impermeable-et-portable-en-vente-pour-35-maintenant\/#primaryimage\",\"url\":\"https:\/\/vieassociative.be\/actualites\/wp-content\/uploads\/2025\/04\/Vous-pouvez-obtenir-ce-haut-parleur-Skullcandy-impermeable-et-portable-en.jpg\",\"contentUrl\":\"https:\/\/vieassociative.be\/actualites\/wp-content\/uploads\/2025\/04\/Vous-pouvez-obtenir-ce-haut-parleur-Skullcandy-impermeable-et-portable-en.jpg\",\"width\":1200,\"height\":675,\"caption\":\"Vous pouvez obtenir ce haut-parleur Skullcandy imperm\u00e9able et portable en vente pour 35 $ maintenant\"},{\"@type\":\"BreadcrumbList\",\"@id\":\"https:\/\/vieassociative.be\/actualites\/vous-pouvez-obtenir-ce-haut-parleur-skullcandy-impermeable-et-portable-en-vente-pour-35-maintenant\/#breadcrumb\",\"itemListElement\":[{\"@type\":\"ListItem\",\"position\":1,\"name\":\"Accueil\",\"item\":\"https:\/\/vieassociative.be\/actualites\/\"},{\"@type\":\"ListItem\",\"position\":2,\"name\":\"Vous pouvez obtenir ce haut-parleur Skullcandy imperm\u00e9able et portable en vente pour 35 $ maintenant\"}]},{\"@type\":\"WebSite\",\"@id\":\"https:\/\/vieassociative.be\/actualites\/#website\",\"url\":\"https:\/\/vieassociative.be\/actualites\/\",\"name\":\"Vie Associative\",\"description\":\"\",\"publisher\":{\"@id\":\"https:\/\/vieassociative.be\/actualites\/#organization\"},\"potentialAction\":[{\"@type\":\"SearchAction\",\"target\":{\"@type\":\"EntryPoint\",\"urlTemplate\":\"https:\/\/vieassociative.be\/actualites\/?s={search_term_string}\"},\"query-input\":{\"@type\":\"PropertyValueSpecification\",\"valueRequired\":true,\"valueName\":\"search_term_string\"}}],\"inLanguage\":\"fr-BE\"},{\"@type\":\"Organization\",\"@id\":\"https:\/\/vieassociative.be\/actualites\/#organization\",\"name\":\"Vie Associative\",\"url\":\"https:\/\/vieassociative.be\/actualites\/\",\"logo\":{\"@type\":\"ImageObject\",\"inLanguage\":\"fr-BE\",\"@id\":\"https:\/\/vieassociative.be\/actualites\/#\/schema\/logo\/image\/\",\"url\":\"https:\/\/vieassociative.be\/actualites\/wp-content\/uploads\/2024\/09\/cropped-vieassociative_favicon.ico.png\",\"contentUrl\":\"https:\/\/vieassociative.be\/actualites\/wp-content\/uploads\/2024\/09\/cropped-vieassociative_favicon.ico.png\",\"width\":512,\"height\":512,\"caption\":\"Vie Associative\"},\"image\":{\"@id\":\"https:\/\/vieassociative.be\/actualites\/#\/schema\/logo\/image\/\"}},{\"@type\":\"Person\",\"@id\":\"https:\/\/vieassociative.be\/actualites\/#\/schema\/person\/b87ac4f82f9d4e7b7cec7395b679edc4\",\"name\":\"Julien\",\"image\":{\"@type\":\"ImageObject\",\"inLanguage\":\"fr-BE\",\"@id\":\"https:\/\/vieassociative.be\/actualites\/#\/schema\/person\/image\/\",\"url\":\"https:\/\/vieassociative.be\/actualites\/wp-content\/uploads\/2024\/09\/vie-associative-1-150x150.jpg\",\"contentUrl\":\"https:\/\/vieassociative.be\/actualites\/wp-content\/uploads\/2024\/09\/vie-associative-1-150x150.jpg\",\"caption\":\"Julien\"},\"description\":\"Je suis Julien, r\u00e9dacteur pour Vie Associative. Passionn\u00e9 par le monde associatif depuis plus de 10 ans, j'ai \u00e0 c\u0153ur de partager des histoires inspirantes et de mettre en lumi\u00e8re les initiatives locales. Mon objectif est de sensibiliser et d'encourager l'engagement communautaire \u00e0 travers mes articles.\",\"sameAs\":[\"https:\/\/vieassociative.be\/\"]}]}<\/script>\n<!-- \/ Yoast SEO plugin. -->","yoast_head_json":{"title":"Vous pouvez obtenir ce haut-parleur Skullcandy imperm\u00e9able et portable en vente pour 35 $ maintenant | Vie Associative","robots":{"index":"index","follow":"follow","max-snippet":"max-snippet:-1","max-image-preview":"max-image-preview:large","max-video-preview":"max-video-preview:-1"},"canonical":"https:\/\/vieassociative.be\/actualites\/vous-pouvez-obtenir-ce-haut-parleur-skullcandy-impermeable-et-portable-en-vente-pour-35-maintenant\/","og_locale":"fr_FR","og_type":"article","og_title":"Vous pouvez obtenir ce haut-parleur Skullcandy imperm\u00e9able et portable en vente pour 35 $ maintenant | Vie Associative","og_description":"Le Skullcandy Terrain Mini est pratique, durable et pr\u00eat pour l&rsquo;\u00e9t\u00e9. Si vous avez d\u00e9j\u00e0 essay\u00e9 de faire glisser un haut-parleur trop grand &#8211; ou","og_url":"https:\/\/vieassociative.be\/actualites\/vous-pouvez-obtenir-ce-haut-parleur-skullcandy-impermeable-et-portable-en-vente-pour-35-maintenant\/","og_site_name":"Vie Associative","article_published_time":"2025-04-08T01:17:53+00:00","og_image":[{"width":279,"height":92,"url":"https:\/\/vieassociative.be\/actualites\/wp-content\/uploads\/2024\/09\/header_backgroundk-01-e1726694325946.png","type":"image\/png"}],"author":"Julien","twitter_card":"summary_large_image","twitter_misc":{"\u00c9crit par":"Julien","Dur\u00e9e de lecture est.":"2 minutes"},"schema":{"@context":"https:\/\/schema.org","@graph":[{"@type":"Article","@id":"https:\/\/vieassociative.be\/actualites\/vous-pouvez-obtenir-ce-haut-parleur-skullcandy-impermeable-et-portable-en-vente-pour-35-maintenant\/#article","isPartOf":{"@id":"https:\/\/vieassociative.be\/actualites\/vous-pouvez-obtenir-ce-haut-parleur-skullcandy-impermeable-et-portable-en-vente-pour-35-maintenant\/"},"author":{"name":"Julien","@id":"https:\/\/vieassociative.be\/actualites\/#\/schema\/person\/b87ac4f82f9d4e7b7cec7395b679edc4"},"headline":"Vous pouvez obtenir ce haut-parleur Skullcandy imperm\u00e9able et portable en vente pour 35 $ maintenant","datePublished":"2025-04-08T01:17:53+00:00","dateModified":"2025-04-08T01:17:53+00:00","mainEntityOfPage":{"@id":"https:\/\/vieassociative.be\/actualites\/vous-pouvez-obtenir-ce-haut-parleur-skullcandy-impermeable-et-portable-en-vente-pour-35-maintenant\/"},"wordCount":405,"publisher":{"@id":"https:\/\/vieassociative.be\/actualites\/#organization"},"image":{"@id":"https:\/\/vieassociative.be\/actualites\/vous-pouvez-obtenir-ce-haut-parleur-skullcandy-impermeable-et-portable-en-vente-pour-35-maintenant\/#primaryimage"},"thumbnailUrl":"https:\/\/vieassociative.be\/actualites\/wp-content\/uploads\/2025\/04\/Vous-pouvez-obtenir-ce-haut-parleur-Skullcandy-impermeable-et-portable-en.jpg","keywords":["hautparleur","imperm\u00e9able","maintenant","obtenir","portable","pour","pouvez","Skullcandy","vente","Vous"],"articleSection":["Technologie"],"inLanguage":"fr-BE"},{"@type":"WebPage","@id":"https:\/\/vieassociative.be\/actualites\/vous-pouvez-obtenir-ce-haut-parleur-skullcandy-impermeable-et-portable-en-vente-pour-35-maintenant\/","url":"https:\/\/vieassociative.be\/actualites\/vous-pouvez-obtenir-ce-haut-parleur-skullcandy-impermeable-et-portable-en-vente-pour-35-maintenant\/","name":"Vous pouvez obtenir ce haut-parleur Skullcandy imperm\u00e9able et portable en vente pour 35 $ maintenant | Vie Associative","isPartOf":{"@id":"https:\/\/vieassociative.be\/actualites\/#website"},"primaryImageOfPage":{"@id":"https:\/\/vieassociative.be\/actualites\/vous-pouvez-obtenir-ce-haut-parleur-skullcandy-impermeable-et-portable-en-vente-pour-35-maintenant\/#primaryimage"},"image":{"@id":"https:\/\/vieassociative.be\/actualites\/vous-pouvez-obtenir-ce-haut-parleur-skullcandy-impermeable-et-portable-en-vente-pour-35-maintenant\/#primaryimage"},"thumbnailUrl":"https:\/\/vieassociative.be\/actualites\/wp-content\/uploads\/2025\/04\/Vous-pouvez-obtenir-ce-haut-parleur-Skullcandy-impermeable-et-portable-en.jpg","datePublished":"2025-04-08T01:17:53+00:00","dateModified":"2025-04-08T01:17:53+00:00","breadcrumb":{"@id":"https:\/\/vieassociative.be\/actualites\/vous-pouvez-obtenir-ce-haut-parleur-skullcandy-impermeable-et-portable-en-vente-pour-35-maintenant\/#breadcrumb"},"inLanguage":"fr-BE","potentialAction":[{"@type":"ReadAction","target":["https:\/\/vieassociative.be\/actualites\/vous-pouvez-obtenir-ce-haut-parleur-skullcandy-impermeable-et-portable-en-vente-pour-35-maintenant\/"]}]},{"@type":"ImageObject","inLanguage":"fr-BE","@id":"https:\/\/vieassociative.be\/actualites\/vous-pouvez-obtenir-ce-haut-parleur-skullcandy-impermeable-et-portable-en-vente-pour-35-maintenant\/#primaryimage","url":"https:\/\/vieassociative.be\/actualites\/wp-content\/uploads\/2025\/04\/Vous-pouvez-obtenir-ce-haut-parleur-Skullcandy-impermeable-et-portable-en.jpg","contentUrl":"https:\/\/vieassociative.be\/actualites\/wp-content\/uploads\/2025\/04\/Vous-pouvez-obtenir-ce-haut-parleur-Skullcandy-impermeable-et-portable-en.jpg","width":1200,"height":675,"caption":"Vous pouvez obtenir ce haut-parleur Skullcandy imperm\u00e9able et portable en vente pour 35 $ maintenant"},{"@type":"BreadcrumbList","@id":"https:\/\/vieassociative.be\/actualites\/vous-pouvez-obtenir-ce-haut-parleur-skullcandy-impermeable-et-portable-en-vente-pour-35-maintenant\/#breadcrumb","itemListElement":[{"@type":"ListItem","position":1,"name":"Accueil","item":"https:\/\/vieassociative.be\/actualites\/"},{"@type":"ListItem","position":2,"name":"Vous pouvez obtenir ce haut-parleur Skullcandy imperm\u00e9able et portable en vente pour 35 $ maintenant"}]},{"@type":"WebSite","@id":"https:\/\/vieassociative.be\/actualites\/#website","url":"https:\/\/vieassociative.be\/actualites\/","name":"Vie Associative","description":"","publisher":{"@id":"https:\/\/vieassociative.be\/actualites\/#organization"},"potentialAction":[{"@type":"SearchAction","target":{"@type":"EntryPoint","urlTemplate":"https:\/\/vieassociative.be\/actualites\/?s={search_term_string}"},"query-input":{"@type":"PropertyValueSpecification","valueRequired":true,"valueName":"search_term_string"}}],"inLanguage":"fr-BE"},{"@type":"Organization","@id":"https:\/\/vieassociative.be\/actualites\/#organization","name":"Vie Associative","url":"https:\/\/vieassociative.be\/actualites\/","logo":{"@type":"ImageObject","inLanguage":"fr-BE","@id":"https:\/\/vieassociative.be\/actualites\/#\/schema\/logo\/image\/","url":"https:\/\/vieassociative.be\/actualites\/wp-content\/uploads\/2024\/09\/cropped-vieassociative_favicon.ico.png","contentUrl":"https:\/\/vieassociative.be\/actualites\/wp-content\/uploads\/2024\/09\/cropped-vieassociative_favicon.ico.png","width":512,"height":512,"caption":"Vie Associative"},"image":{"@id":"https:\/\/vieassociative.be\/actualites\/#\/schema\/logo\/image\/"}},{"@type":"Person","@id":"https:\/\/vieassociative.be\/actualites\/#\/schema\/person\/b87ac4f82f9d4e7b7cec7395b679edc4","name":"Julien","image":{"@type":"ImageObject","inLanguage":"fr-BE","@id":"https:\/\/vieassociative.be\/actualites\/#\/schema\/person\/image\/","url":"https:\/\/vieassociative.be\/actualites\/wp-content\/uploads\/2024\/09\/vie-associative-1-150x150.jpg","contentUrl":"https:\/\/vieassociative.be\/actualites\/wp-content\/uploads\/2024\/09\/vie-associative-1-150x150.jpg","caption":"Julien"},"description":"Je suis Julien, r\u00e9dacteur pour Vie Associative. Passionn\u00e9 par le monde associatif depuis plus de 10 ans, j'ai \u00e0 c\u0153ur de partager des histoires inspirantes et de mettre en lumi\u00e8re les initiatives locales. Mon objectif est de sensibiliser et d'encourager l'engagement communautaire \u00e0 travers mes articles.","sameAs":["https:\/\/vieassociative.be\/"]}]}},"_links":{"self":[{"href":"https:\/\/vieassociative.be\/actualites\/wp-json\/wp\/v2\/posts\/6522"}],"collection":[{"href":"https:\/\/vieassociative.be\/actualites\/wp-json\/wp\/v2\/posts"}],"about":[{"href":"https:\/\/vieassociative.be\/actualites\/wp-json\/wp\/v2\/types\/post"}],"author":[{"embeddable":true,"href":"https:\/\/vieassociative.be\/actualites\/wp-json\/wp\/v2\/users\/1"}],"replies":[{"embeddable":true,"href":"https:\/\/vieassociative.be\/actualites\/wp-json\/wp\/v2\/comments?post=6522"}],"version-history":[{"count":0,"href":"https:\/\/vieassociative.be\/actualites\/wp-json\/wp\/v2\/posts\/6522\/revisions"}],"wp:featuredmedia":[{"embeddable":true,"href":"https:\/\/vieassociative.be\/actualites\/wp-json\/wp\/v2\/media\/6523"}],"wp:attachment":[{"href":"https:\/\/vieassociative.be\/actualites\/wp-json\/wp\/v2\/media?parent=6522"}],"wp:term":[{"taxonomy":"category","embeddable":true,"href":"https:\/\/vieassociative.be\/actualites\/wp-json\/wp\/v2\/categories?post=6522"},{"taxonomy":"post_tag","embeddable":true,"href":"https:\/\/vieassociative.be\/actualites\/wp-json\/wp\/v2\/tags?post=6522"}],"curies":[{"name":"wp","href":"https:\/\/api.w.org\/{rel}","templated":true}]}}