{"id":6516,"date":"2025-04-07T21:17:32","date_gmt":"2025-04-07T19:17:32","guid":{"rendered":"https:\/\/vieassociative.be\/actualites\/ce-que-jai-appris-de-trois-ans-avec-ma-friteuse-a-air-vortex-instantanee\/"},"modified":"2025-04-07T21:17:32","modified_gmt":"2025-04-07T19:17:32","slug":"ce-que-jai-appris-de-trois-ans-avec-ma-friteuse-a-air-vortex-instantanee","status":"publish","type":"post","link":"https:\/\/vieassociative.be\/actualites\/ce-que-jai-appris-de-trois-ans-avec-ma-friteuse-a-air-vortex-instantanee\/","title":{"rendered":"Ce que j&rsquo;ai appris de trois ans avec ma friteuse \u00e0 air vortex instantan\u00e9e"},"content":{"rendered":"<div class=\"mt-4 leading-6 md:mb-8\">Certains appareils ne peuvent pas r\u00e9sister \u00e0 l&rsquo;\u00e9preuve du temps, mais celui-ci est toujours fort.<\/div>\n<p><\/p>\n<p>J&rsquo;ai entendu de nouveaux parents dire des choses comme \u00ab\u00a0Je ne me souviens m\u00eame pas \u00e0 quoi ressemblait ma vie avant la naissance de mon enfant.\u00a0\u00bb Eh bien, je n&rsquo;ai pas d&rsquo;enfants, mais je suis presque s\u00fbr de pouvoir comprendre: je ne me souviens pas de ma vie avant ma friteuse \u00e0 air vortex instantan\u00e9e. J&rsquo;utilise cet appareil utile depuis trois ans maintenant, et les choses ne font que s&rsquo;am\u00e9liorer depuis. Dans ma cuisine, de toute fa\u00e7on. <\/p>\n<p>\u00c0 l&rsquo;origine, j&rsquo;ai obtenu le vortex instantan\u00e9 5.7-quart afin que je puisse \u00e9crire plus de recettes pour la couverture alimentaire de Thanksgiving. Je ne voulais pas particuli\u00e8rement une friteuse \u00e0 air &#8211; comment un petit four de comptoir pourrait-il aider \u00e0 Thanksgiving, pensais-je, sans parler de la cuisine quotidienne? Pourquoi quelqu&rsquo;un utiliserait-il m\u00eame cette chose? Je l&rsquo;ai jug\u00e9 sans cesse &#8211; jusqu&rsquo;\u00e0 ce que je commence \u00e0 l&rsquo;utiliser. <\/p>\n<div class=\"pogoClear mb-12 mt-10 rounded-md border-2 border-gray-100 py-7 shadow-xl md:py-6\">\n<div class=\"flex flex-wrap justify-between px-7 text-black no-underline md:flex-nowrap md:px-8\">\n<div class=\"order-1 mx-auto flex flex-col justify-center md:order-2 md:ml-4 md:w-full md:grow\">\n<div class=\"block cursor-pointer text-center font-akshar text-2xl font-medium leading-7 text-brand-green duration-200 ease-in-out hover:text-brand-green-700 md:text-left md:text-xl md:leading-6\">Vortex instantan\u00e9 5,7 quart Fryer Air (noir)\n                <\/div>\n<div class=\"mt-4 hidden md:flex md:justify-between\">\n<div class=\"self-end\">\n<div class=\"mb-0 h-11 md:flex md:flex-col md:justify-center\">\n<div class=\" font-sans leading-4 text-black\">\n<div class=\"flex flex-wrap items-center justify-center gap-x-1 md:justify-start\">\n        <span class=\"font-bold\"><\/p>\n<p>            119,99 $<br \/>\n                            <span class=\"font-medium\">\u00e0 Amazon<\/span><br \/>\n                    <\/span><br \/>\n                    <img decoding=\"async\" class=\"mt-0 h-(15px)\" src=\"https:\/\/vieassociative.be\/actualites\/wp-content\/uploads\/2025\/04\/Ce-que-jai-appris-de-trois-ans-avec-ma-friteuse.svg.svg+xml\" title=\"Amazon Prime\" alt=\"Amazon Prime\">\n            <\/div>\n<div class=\"flex items-center justify-center gap-x-1 font-bold md:justify-start\">\n            <span class=\"text-sm line-through\">139,99 $<\/span><br \/>\n            <span class=\"text-sm text-brand-green\">\u00c9conomisez 20,00 $<\/span>\n        <\/div>\n<\/p><\/div>\n<\/p><\/div>\n<\/p><\/div>\n<div class=\"w-44 self-end\">\n                            <button class=\"flex justify-center items-center w-full bg-brand-green text-white text-base font-sans font-medium rounded-md hover:bg-brand-green-700 hover:cursor-pointer md:text-sm h-11\"><\/p>\n<p>    Faire un magasin maintenant<br \/>\n<\/button>\n                        <\/div>\n<\/p><\/div>\n<\/p><\/div>\n<div class=\"order-2 mt-5 h-auto w-full md:order-1 md:mt-0 md:hidden\">\n<div class=\"flex aspect-video items-center justify-center\">\n                                            <img decoding=\"async\" class=\"m-0 max-h-full max-w-full rounded-md\" src=\"https:\/\/vieassociative.be\/actualites\/wp-content\/uploads\/2025\/04\/Ce-que-jai-appris-de-trois-ans-avec-ma-friteuse.jpg\" alt=\"Vortex instantan\u00e9 5,7 quart Fryer Air (noir)\" width=\"auto\" height=\"auto\" loading=\"lazy\">\n                                    <\/div>\n<\/p><\/div>\n<div class=\"order-2 ml-2 hidden w-32 shrink-0 items-center md:order-1 md:ml-0 md:flex\">\n<div class=\"flex aspect-video items-center justify-center\">\n                                            <img decoding=\"async\" class=\"m-0 max-h-full max-w-full rounded-md\" src=\"https:\/\/vieassociative.be\/actualites\/wp-content\/uploads\/2025\/04\/Ce-que-jai-appris-de-trois-ans-avec-ma-friteuse.jpg\" alt=\"Vortex instantan\u00e9 5,7 quart Fryer Air (noir)\" width=\"auto\" height=\"auto\" loading=\"lazy\">\n                                    <\/div>\n<\/p><\/div>\n<div class=\"order-3 flex grow flex-wrap md:hidden md:grow-0\">\n<div class=\"mt-4 w-full\">\n                        <button class=\"flex justify-center items-center w-full bg-brand-green text-white text-base font-sans font-medium rounded-md hover:bg-brand-green-700 hover:cursor-pointer md:text-sm h-11\"><\/p>\n<p>    Faire un magasin maintenant<br \/>\n<\/button>\n                    <\/div>\n<div class=\"mx-2 mt-4 w-full\">\n<div class=\" font-sans leading-4 text-black\">\n<div class=\"flex flex-wrap items-center justify-center gap-x-1 md:justify-start\">\n        <span class=\"font-bold\"><\/p>\n<p>            119,99 $<br \/>\n                            <span class=\"font-medium\">\u00e0 Amazon<\/span><br \/>\n                    <\/span><br \/>\n                    <img decoding=\"async\" class=\"mt-0 h-(15px)\" src=\"https:\/\/vieassociative.be\/actualites\/wp-content\/uploads\/2025\/04\/Ce-que-jai-appris-de-trois-ans-avec-ma-friteuse.svg.svg+xml\" title=\"Amazon Prime\" alt=\"Amazon Prime\">\n            <\/div>\n<div class=\"flex items-center justify-center gap-x-1 font-bold md:justify-start\">\n            <span class=\"text-sm line-through\">139,99 $<\/span><br \/>\n            <span class=\"text-sm text-brand-green\">\u00c9conomisez 20,00 $<\/span>\n        <\/div>\n<\/p><\/div>\n<\/p><\/div>\n<\/p><\/div>\n<\/p><\/div>\n<\/div>\n<h2 id=\"the-basics-of-using-an-instant-vortex\">Les bases de l&rsquo;utilisation d&rsquo;un vortex instantan\u00e9<\/h2>\n<p>La friteuse \u00e0 air vortex instantan\u00e9e est une friteuse \u00e0 air du mod\u00e8le de panier assez simple. Il a un design \u00e9l\u00e9gant en forme de gousse avec une poign\u00e9e en sautant \u00e0 l&rsquo;avant et un petit cadran tournant sur la section sup\u00e9rieure. Vous le branchez simplement et l&rsquo;appareil prend vie. Le panneau s&rsquo;allume avec des options de mode: Air Fry, cuire, r\u00e9chauffer et r\u00f4tir. Il y a deux boutons suppl\u00e9mentaires &#8211; pour r\u00e9gler la temp\u00e9rature et r\u00e9gler la minuterie &#8211; que vous contr\u00f4lez avec le cadran rotatif. Il y a une seule grille qui se trouve parfaitement dans le panier, et c&rsquo;est tout. Il n&rsquo;a pas 15 pr\u00e9r\u00e9glages, ni plusieurs grilles \u00e0 changer, et la simplicit\u00e9 est une grande raison pour laquelle j&rsquo;ai grandi pour l&rsquo;aimer. (Lisez mon examen complet du vortex instantan\u00e9 ici.)<\/p>\n<h2 id=\"how-the-instant-vortex-has-changed-my-cooking-over-three-years\">Comment le vortex instantan\u00e9 a chang\u00e9 ma cuisine sur trois ans<\/h2>\n<p>Pour \u00eatre clair, je cuisine toujours avec mes autres appareils. Une friteuse \u00e0 air ne remplace pas un po\u00eale ou un four, mais le vortex instantan\u00e9 est d\u00e9cid\u00e9ment devenu une partie critique de ma bo\u00eete \u00e0 outils de cuisine. C&rsquo;est devenu un gadget sur lequel je compte pleinement pour quelques situations sp\u00e9cifiques et lors de la cuisson de certains types d&rsquo;ingr\u00e9dients. Parfois, cela fonctionne en tandem avec d&rsquo;autres appareils, si j&rsquo;orchestrer un gros repas, mais souvent je tire la friteuse \u00e0 air parce que je suis fatigu\u00e9 et je ne veux pas vraiment faire des efforts dans ma cuisine.<\/p>\n<h3>R\u00f4tir tous les l\u00e9gumes<\/h3>\n<p>J&rsquo;aime mes l\u00e9gumes r\u00f4tis, saut\u00e9s ou cuits \u00e0 la vapeur dans cet ordre. La friteuse \u00e0 air a chang\u00e9 la fa\u00e7on dont je m&rsquo;attaque au premier, et chaque fois que je recommence \u00e0 le faire dans le four, je le regrette. La torr\u00e9faction de l\u00e9gumes dans le vortex instantan\u00e9 peut prendre aussi peu que cinq minutes (lorsque je r\u00f4tit les poivrons), et cela peut couper le temps de cuisson pour les l\u00e9gumes racinaires en deux. Quand je regarde en arri\u00e8re sur le \u00abavant les temps\u00bb, je pense aux ann\u00e9es que j&rsquo;ai perdues de pommes de terre r\u00f4tissantes dans le four &#8211; et en remplissant les choses, une pomme de terre cuite au four \u00e0 air est bien sup\u00e9rieure \u00e0 tout spud cuit au four.<\/p>\n<h3>Une cuisine de la semaine paresseuse sp\u00e9ciale<\/h3>\n<div class=\"eloquent-imagery-image\">\n<div class=\"flex justify-center\">\n                    <img decoding=\"async\" class=\"border border-gray-100\" src=\"https:\/\/vieassociative.be\/actualites\/wp-content\/uploads\/2025\/04\/Ce-que-jai-appris-de-trois-ans-avec-ma-friteuse.png\" alt=\"Kielbasa sur une assiette avec des cornichons.\" width=\"2000\" height=\"1114\" loading=\"lazy\"  >\n            <\/div>\n<\/p><\/div>\n<p>En tant que r\u00e9dacteur de nourriture, cela pourrait ne pas vous surprendre de savoir que je cuisine beaucoup pendant la journ\u00e9e. Je lave \u00e9galement beaucoup de plats \u00e0 cause de cela (de nombreux appartements de New York n&rsquo;ont pas de lave-vaisselle). Une fois la journ\u00e9e de travail termin\u00e9e, j&rsquo;en ai assez de ma cuisine. C&rsquo;est \u00e0 ce moment-l\u00e0 que je fais tomber mon vortex de sa maison au sommet du r\u00e9frig\u00e9rateur, je branche, je laisse tomber quelque chose ou autre \u00e0 l&rsquo;int\u00e9rieur et quitte la pi\u00e8ce. C&rsquo;est ainsi que le d\u00eener se pr\u00e9pare: un filet de porc marin\u00e9, un kielbasa de dinde ou des piq\u00fbres de steak congel\u00e9es entrent. Bien que la viande repose, je peux charger du brocoli frit \u00e0 l&rsquo;air, r\u00f4tir rapidement presque tous les l\u00e9gumes (avec cette m\u00e9thode), ou garder les choses simples et servir un c\u00f4t\u00e9 de cornichons tranch\u00e9s. Cette machine est l&#8217;embrayage pour les d\u00eeners de semaine paresseux.<\/p>\n<h3>Une machine de renouveau alimentaire frite \u00e0 emporter<\/h3>\n<p>Ce week-end, je suis all\u00e9 avec ma m\u00e8re sur le march\u00e9 asiatique o\u00f9 ils font ce d\u00e9licieux poisson battu et frite. J&rsquo;en ai apport\u00e9 pour mon fr\u00e8re et sa famille, mais m\u00eame s&rsquo;il \u00e9tait emball\u00e9 dans le r\u00e9cipient en plastique, il est devenu d\u00e9tremp\u00e9 de l&rsquo;humidit\u00e9. \u00c9tais-je inquiet? Absolument pas. <\/p>\n<p>Qu&rsquo;il s&rsquo;agisse de poulet frit, de poisson frit, de frites d\u00e9tremp\u00e9es ou d&rsquo;un sandwich au poulet frit entier, je relance toute ma nourriture frite dans mon vortex instantan\u00e9 en cinq minutes environ. Le style de panier facilite les choses, car vous pouvez faire le \u00abBasket Shake\u00bb: prenez la poign\u00e9e et bousculez tout dans le panier \u00e0 mi-chemin de la cuisson pour les cris. R\u00e9chauffer les restes de nourriture frite au four pendant 20 minutes est une chose du pass\u00e9.<\/p>\n<div class=\"pogoClear relative my-10 border-b-(1.5px) border-t-(1.5px) border-dashed border-black py-5 sm:my-14 sm:border-0 sm:py-0\" x-cloak x-data=\"{ commentsCount: null }\" x-init=\"commentsCount = await window.openweb.getMessagesCount(122591)\" x-show=\"commentsCount !== null &amp;&amp; commentsCount &gt; 0\">\n<div class=\"absolute top-1\/2 hidden w-full -translate-y-1\/2 border-t-(1.5px) border-dashed border-black sm:block\"><\/div>\n<div class=\"relative flex justify-center\">\n<div class=\"flex max-w-max items-center gap-x-3 bg-white px-5\">\n<div class=\"relative\">\n                <span class=\"absolute left-1\/2 top-1\/2 -translate-x-1\/2 -translate-y-1\/2 font-akshar text-sm font-medium text-black\" x-text=\"commentsCount\"><\/span><\/p>\n<p>                <svg class=\"h-8 w-8 text-black\">\n                    <use href=\"http:\/\/lifehacker.com\/images\/icons\/spritemap.svg#sprite-chat-bubble\"><\/use>\n                <\/svg>\n            <\/div>\n<p>            <span class=\"text-sm font-medium text-black\">Que pensez-vous jusqu&rsquo;\u00e0 pr\u00e9sent? <button class=\"font-semibold text-brand-green underline hover:text-brand-green-700\" onclick=\"window.openweb.scrollToComments(122591)\">Publier un commentaire.<\/button><\/span>\n        <\/div>\n<\/p><\/div>\n<\/div>\n<h3>Des d\u00eeners plus faciles et des \u00e9v\u00e9nements familiaux<\/h3>\n<p>Je ne pense pas que je pourrais me s\u00e9parer de mon vortex simplement parce que cela rend beaucoup mieux pour les d\u00eeners et les f\u00eates de vacances pour moi. Vraiment, cela facilite la cuisson de grands repas. Je l&rsquo;ai souvent install\u00e9 dans une zone totalement diff\u00e9rente, ce qui \u00e9limine l&rsquo;espace pr\u00e8s du po\u00eale, et la torr\u00e9faction des plats d&rsquo;accompagnement ou des desserts \u00e0 cuisson lib\u00e8re mon four pour des casseroles plus grandes ou la dinde de Thanksgiving.<\/p>\n<h2 id=\"what-i-wish-i-knew-when-i-first-got-my-instant-vortex\">Ce que j&rsquo;aurais aim\u00e9 savoir quand j&rsquo;ai obtenu mon vortex instantan\u00e9<\/h2>\n<div class=\"eloquent-imagery-image\">\n<div class=\"flex justify-center\">\n                    <img decoding=\"async\" class=\"border border-gray-100\" src=\"https:\/\/vieassociative.be\/actualites\/wp-content\/uploads\/2025\/04\/1744053452_165_Ce-que-jai-appris-de-trois-ans-avec-ma-friteuse.jpg\" alt=\"Un ruban de mesure \u00e0 l'int\u00e9rieur d'un panier \u00e0 frite\" width=\"2000\" height=\"1124\" loading=\"lazy\"  >\n            <\/div>\n<\/p><\/div>\n<h3>La profondeur du panier est importante<\/h3>\n<p>Le vortex a \u00e9t\u00e9 ma friteuse d&rsquo;air de panier pr\u00e9f\u00e9r\u00e9e jusqu&rsquo;\u00e0 pr\u00e9sent, mais je connaissais plus comment utiliser une friteuse \u00e0 air de style four car elle imite la forme d&rsquo;un four grille-pain et d&rsquo;un four conventionnel. Le panier sur le vortex instantan\u00e9 est plut\u00f4t profond &#8211; moins de quatre pouces \u00e0 la grille &#8211; ce qui est id\u00e9al pour r\u00f4tir des poulets de chair ou des coupes de viande \u00e9paisses, mais si vous placez une casserole \u00e0 g\u00e2teau ou quelque chose de large dans le panier, vous devez naviguer avec soin pour \u00e9viter de br\u00fbler vos jointures sur les c\u00f4t\u00e9s de la casserole. Je recommande d&rsquo;utiliser des bandes de papier d&rsquo;aluminium sous les articles larges afin que vous puissiez les abaisser et les retirer. <\/p>\n<div class=\"eloquent-imagery-image\">\n<div class=\"flex justify-center\">\n                    <img decoding=\"async\" class=\"border border-gray-100\" src=\"https:\/\/vieassociative.be\/actualites\/wp-content\/uploads\/2025\/04\/1744053452_402_Ce-que-jai-appris-de-trois-ans-avec-ma-friteuse.png\" alt=\"Une tarte \u00e0 la citrouille dans un panier de friteuses \u00e0 air avec une bande de papier d'aluminium jetant des c\u00f4t\u00e9s.\" width=\"2000\" height=\"1125\" loading=\"lazy\"  >\n            <\/div>\n<\/p><\/div>\n<h3>Les choses peuvent mal tourner dans un instant<\/h3>\n<p>La cuisine rapide, tant qu&rsquo;elle est bien cuite, n&rsquo;est jamais une mauvaise chose. Cependant, si vous ne pouvez pas voir \u00e0 quelle vitesse votre nourriture cuit, il est facile de le laisser aller trop loin. Le vortex instantan\u00e9 poss\u00e8de l&rsquo;un des syst\u00e8mes de chauffage de convection les plus efficaces que j&rsquo;ai utilis\u00e9s jusqu&rsquo;\u00e0 pr\u00e9sent, ce qui est g\u00e9nial, mais cela signifie \u00e9galement que la nourriture peut passer de parfait \u00e0 trop cuit en une minute. J&rsquo;ai d\u00fb apprendre \u00e0 la dure que je dois v\u00e9rifier fr\u00e9quemment mes aliments lors de la cuisson avec cet appareil. <\/p>\n<p>J&rsquo;ai d\u00e9j\u00e0 \u00e9crit sur mes friteuses d&rsquo;air pr\u00e9f\u00e9r\u00e9es, mais si vous \u00eates int\u00e9ress\u00e9 par une friteuse \u00e0 air facile \u00e0 naviguer avec un panier spacieux qui offre toujours des l\u00e9gumes et de la viande cuits uniform\u00e9ment, le vortex instantan\u00e9 peut \u00eatre votre aide pour le long terme. N&rsquo;oubliez pas de v\u00e9rifier votre nourriture, au moins au d\u00e9but, afin que vous ne br\u00fblez rien (ce qui est un bon conseil pour tout nouvel appareil, franchement).<\/p>\n","protected":false},"excerpt":{"rendered":"<p>Certains appareils ne peuvent pas r\u00e9sister \u00e0 l&rsquo;\u00e9preuve du temps, mais celui-ci est toujours fort. J&rsquo;ai entendu de nouveaux parents dire des choses comme \u00ab\u00a0Je<\/p>\n","protected":false},"author":1,"featured_media":6517,"comment_status":"","ping_status":"","sticky":false,"template":"","format":"standard","meta":{"footnotes":""},"categories":[39],"tags":[1327,584,3765,61,1326,6239,823,771,2087],"class_list":["post-6516","post","type-post","status-publish","format-standard","has-post-thumbnail","hentry","category-gastronomie","tag-air","tag-ans","tag-appris","tag-avec","tag-friteuse","tag-instantanee","tag-jai","tag-trois","tag-vortex","generate-columns","tablet-grid-50","mobile-grid-100","grid-parent","grid-33"],"yoast_head":"<!-- This site is optimized with the Yoast SEO plugin v24.0 - https:\/\/yoast.com\/wordpress\/plugins\/seo\/ -->\n<title>Ce que j&#039;ai appris de trois ans avec ma friteuse \u00e0 air vortex instantan\u00e9e | Vie Associative<\/title>\n<meta name=\"robots\" content=\"index, follow, max-snippet:-1, max-image-preview:large, max-video-preview:-1\" \/>\n<link rel=\"canonical\" href=\"https:\/\/vieassociative.be\/actualites\/ce-que-jai-appris-de-trois-ans-avec-ma-friteuse-a-air-vortex-instantanee\/\" \/>\n<meta property=\"og:locale\" content=\"fr_FR\" \/>\n<meta property=\"og:type\" content=\"article\" \/>\n<meta property=\"og:title\" content=\"Ce que j&#039;ai appris de trois ans avec ma friteuse \u00e0 air vortex instantan\u00e9e | Vie Associative\" \/>\n<meta property=\"og:description\" content=\"Certains appareils ne peuvent pas r\u00e9sister \u00e0 l&rsquo;\u00e9preuve du temps, mais celui-ci est toujours fort. J&rsquo;ai entendu de nouveaux parents dire des choses comme \u00ab\u00a0Je\" \/>\n<meta property=\"og:url\" content=\"https:\/\/vieassociative.be\/actualites\/ce-que-jai-appris-de-trois-ans-avec-ma-friteuse-a-air-vortex-instantanee\/\" \/>\n<meta property=\"og:site_name\" content=\"Vie Associative\" \/>\n<meta property=\"article:published_time\" content=\"2025-04-07T19:17:32+00:00\" \/>\n<meta property=\"og:image\" content=\"https:\/\/vieassociative.be\/actualites\/wp-content\/uploads\/2025\/04\/Ce-que-jai-appris-de-trois-ans-avec-ma-friteuse.svg.svg+xml\" \/>\n<meta name=\"author\" content=\"Julien\" \/>\n<meta name=\"twitter:card\" content=\"summary_large_image\" \/>\n<meta name=\"twitter:label1\" content=\"\u00c9crit par\" \/>\n\t<meta name=\"twitter:data1\" content=\"Julien\" \/>\n\t<meta name=\"twitter:label2\" content=\"Dur\u00e9e de lecture est.\" \/>\n\t<meta name=\"twitter:data2\" content=\"7 minutes\" \/>\n<script type=\"application\/ld+json\" class=\"yoast-schema-graph\">{\"@context\":\"https:\/\/schema.org\",\"@graph\":[{\"@type\":\"Article\",\"@id\":\"https:\/\/vieassociative.be\/actualites\/ce-que-jai-appris-de-trois-ans-avec-ma-friteuse-a-air-vortex-instantanee\/#article\",\"isPartOf\":{\"@id\":\"https:\/\/vieassociative.be\/actualites\/ce-que-jai-appris-de-trois-ans-avec-ma-friteuse-a-air-vortex-instantanee\/\"},\"author\":{\"name\":\"Julien\",\"@id\":\"https:\/\/vieassociative.be\/actualites\/#\/schema\/person\/b87ac4f82f9d4e7b7cec7395b679edc4\"},\"headline\":\"Ce que j&rsquo;ai appris de trois ans avec ma friteuse \u00e0 air vortex instantan\u00e9e\",\"datePublished\":\"2025-04-07T19:17:32+00:00\",\"dateModified\":\"2025-04-07T19:17:32+00:00\",\"mainEntityOfPage\":{\"@id\":\"https:\/\/vieassociative.be\/actualites\/ce-que-jai-appris-de-trois-ans-avec-ma-friteuse-a-air-vortex-instantanee\/\"},\"wordCount\":1412,\"publisher\":{\"@id\":\"https:\/\/vieassociative.be\/actualites\/#organization\"},\"image\":{\"@id\":\"https:\/\/vieassociative.be\/actualites\/ce-que-jai-appris-de-trois-ans-avec-ma-friteuse-a-air-vortex-instantanee\/#primaryimage\"},\"thumbnailUrl\":\"https:\/\/vieassociative.be\/actualites\/wp-content\/uploads\/2025\/04\/1744053452_Ce-que-jai-appris-de-trois-ans-avec-ma-friteuse.jpg\",\"keywords\":[\"air\",\"ans\",\"appris\",\"avec\",\"friteuse\",\"instantan\u00e9e\",\"Jai\",\"trois\",\"Vortex\"],\"articleSection\":[\"Gastronomie\"],\"inLanguage\":\"fr-BE\"},{\"@type\":\"WebPage\",\"@id\":\"https:\/\/vieassociative.be\/actualites\/ce-que-jai-appris-de-trois-ans-avec-ma-friteuse-a-air-vortex-instantanee\/\",\"url\":\"https:\/\/vieassociative.be\/actualites\/ce-que-jai-appris-de-trois-ans-avec-ma-friteuse-a-air-vortex-instantanee\/\",\"name\":\"Ce que j'ai appris de trois ans avec ma friteuse \u00e0 air vortex instantan\u00e9e | Vie Associative\",\"isPartOf\":{\"@id\":\"https:\/\/vieassociative.be\/actualites\/#website\"},\"primaryImageOfPage\":{\"@id\":\"https:\/\/vieassociative.be\/actualites\/ce-que-jai-appris-de-trois-ans-avec-ma-friteuse-a-air-vortex-instantanee\/#primaryimage\"},\"image\":{\"@id\":\"https:\/\/vieassociative.be\/actualites\/ce-que-jai-appris-de-trois-ans-avec-ma-friteuse-a-air-vortex-instantanee\/#primaryimage\"},\"thumbnailUrl\":\"https:\/\/vieassociative.be\/actualites\/wp-content\/uploads\/2025\/04\/1744053452_Ce-que-jai-appris-de-trois-ans-avec-ma-friteuse.jpg\",\"datePublished\":\"2025-04-07T19:17:32+00:00\",\"dateModified\":\"2025-04-07T19:17:32+00:00\",\"breadcrumb\":{\"@id\":\"https:\/\/vieassociative.be\/actualites\/ce-que-jai-appris-de-trois-ans-avec-ma-friteuse-a-air-vortex-instantanee\/#breadcrumb\"},\"inLanguage\":\"fr-BE\",\"potentialAction\":[{\"@type\":\"ReadAction\",\"target\":[\"https:\/\/vieassociative.be\/actualites\/ce-que-jai-appris-de-trois-ans-avec-ma-friteuse-a-air-vortex-instantanee\/\"]}]},{\"@type\":\"ImageObject\",\"inLanguage\":\"fr-BE\",\"@id\":\"https:\/\/vieassociative.be\/actualites\/ce-que-jai-appris-de-trois-ans-avec-ma-friteuse-a-air-vortex-instantanee\/#primaryimage\",\"url\":\"https:\/\/vieassociative.be\/actualites\/wp-content\/uploads\/2025\/04\/1744053452_Ce-que-jai-appris-de-trois-ans-avec-ma-friteuse.jpg\",\"contentUrl\":\"https:\/\/vieassociative.be\/actualites\/wp-content\/uploads\/2025\/04\/1744053452_Ce-que-jai-appris-de-trois-ans-avec-ma-friteuse.jpg\",\"width\":1200,\"height\":675,\"caption\":\"Ce que j'ai appris de trois ans avec ma friteuse \u00e0 air vortex instantan\u00e9e\"},{\"@type\":\"BreadcrumbList\",\"@id\":\"https:\/\/vieassociative.be\/actualites\/ce-que-jai-appris-de-trois-ans-avec-ma-friteuse-a-air-vortex-instantanee\/#breadcrumb\",\"itemListElement\":[{\"@type\":\"ListItem\",\"position\":1,\"name\":\"Accueil\",\"item\":\"https:\/\/vieassociative.be\/actualites\/\"},{\"@type\":\"ListItem\",\"position\":2,\"name\":\"Ce que j&rsquo;ai appris de trois ans avec ma friteuse \u00e0 air vortex instantan\u00e9e\"}]},{\"@type\":\"WebSite\",\"@id\":\"https:\/\/vieassociative.be\/actualites\/#website\",\"url\":\"https:\/\/vieassociative.be\/actualites\/\",\"name\":\"Vie Associative\",\"description\":\"\",\"publisher\":{\"@id\":\"https:\/\/vieassociative.be\/actualites\/#organization\"},\"potentialAction\":[{\"@type\":\"SearchAction\",\"target\":{\"@type\":\"EntryPoint\",\"urlTemplate\":\"https:\/\/vieassociative.be\/actualites\/?s={search_term_string}\"},\"query-input\":{\"@type\":\"PropertyValueSpecification\",\"valueRequired\":true,\"valueName\":\"search_term_string\"}}],\"inLanguage\":\"fr-BE\"},{\"@type\":\"Organization\",\"@id\":\"https:\/\/vieassociative.be\/actualites\/#organization\",\"name\":\"Vie Associative\",\"url\":\"https:\/\/vieassociative.be\/actualites\/\",\"logo\":{\"@type\":\"ImageObject\",\"inLanguage\":\"fr-BE\",\"@id\":\"https:\/\/vieassociative.be\/actualites\/#\/schema\/logo\/image\/\",\"url\":\"https:\/\/vieassociative.be\/actualites\/wp-content\/uploads\/2024\/09\/cropped-vieassociative_favicon.ico.png\",\"contentUrl\":\"https:\/\/vieassociative.be\/actualites\/wp-content\/uploads\/2024\/09\/cropped-vieassociative_favicon.ico.png\",\"width\":512,\"height\":512,\"caption\":\"Vie Associative\"},\"image\":{\"@id\":\"https:\/\/vieassociative.be\/actualites\/#\/schema\/logo\/image\/\"}},{\"@type\":\"Person\",\"@id\":\"https:\/\/vieassociative.be\/actualites\/#\/schema\/person\/b87ac4f82f9d4e7b7cec7395b679edc4\",\"name\":\"Julien\",\"image\":{\"@type\":\"ImageObject\",\"inLanguage\":\"fr-BE\",\"@id\":\"https:\/\/vieassociative.be\/actualites\/#\/schema\/person\/image\/\",\"url\":\"https:\/\/vieassociative.be\/actualites\/wp-content\/uploads\/2024\/09\/vie-associative-1-150x150.jpg\",\"contentUrl\":\"https:\/\/vieassociative.be\/actualites\/wp-content\/uploads\/2024\/09\/vie-associative-1-150x150.jpg\",\"caption\":\"Julien\"},\"description\":\"Je suis Julien, r\u00e9dacteur pour Vie Associative. Passionn\u00e9 par le monde associatif depuis plus de 10 ans, j'ai \u00e0 c\u0153ur de partager des histoires inspirantes et de mettre en lumi\u00e8re les initiatives locales. Mon objectif est de sensibiliser et d'encourager l'engagement communautaire \u00e0 travers mes articles.\",\"sameAs\":[\"https:\/\/vieassociative.be\/\"]}]}<\/script>\n<!-- \/ Yoast SEO plugin. -->","yoast_head_json":{"title":"Ce que j'ai appris de trois ans avec ma friteuse \u00e0 air vortex instantan\u00e9e | Vie Associative","robots":{"index":"index","follow":"follow","max-snippet":"max-snippet:-1","max-image-preview":"max-image-preview:large","max-video-preview":"max-video-preview:-1"},"canonical":"https:\/\/vieassociative.be\/actualites\/ce-que-jai-appris-de-trois-ans-avec-ma-friteuse-a-air-vortex-instantanee\/","og_locale":"fr_FR","og_type":"article","og_title":"Ce que j'ai appris de trois ans avec ma friteuse \u00e0 air vortex instantan\u00e9e | Vie Associative","og_description":"Certains appareils ne peuvent pas r\u00e9sister \u00e0 l&rsquo;\u00e9preuve du temps, mais celui-ci est toujours fort. J&rsquo;ai entendu de nouveaux parents dire des choses comme \u00ab\u00a0Je","og_url":"https:\/\/vieassociative.be\/actualites\/ce-que-jai-appris-de-trois-ans-avec-ma-friteuse-a-air-vortex-instantanee\/","og_site_name":"Vie Associative","article_published_time":"2025-04-07T19:17:32+00:00","og_image":[{"url":"https:\/\/vieassociative.be\/actualites\/wp-content\/uploads\/2025\/04\/Ce-que-jai-appris-de-trois-ans-avec-ma-friteuse.svg.svg+xml","type":"","width":"","height":""}],"author":"Julien","twitter_card":"summary_large_image","twitter_misc":{"\u00c9crit par":"Julien","Dur\u00e9e de lecture est.":"7 minutes"},"schema":{"@context":"https:\/\/schema.org","@graph":[{"@type":"Article","@id":"https:\/\/vieassociative.be\/actualites\/ce-que-jai-appris-de-trois-ans-avec-ma-friteuse-a-air-vortex-instantanee\/#article","isPartOf":{"@id":"https:\/\/vieassociative.be\/actualites\/ce-que-jai-appris-de-trois-ans-avec-ma-friteuse-a-air-vortex-instantanee\/"},"author":{"name":"Julien","@id":"https:\/\/vieassociative.be\/actualites\/#\/schema\/person\/b87ac4f82f9d4e7b7cec7395b679edc4"},"headline":"Ce que j&rsquo;ai appris de trois ans avec ma friteuse \u00e0 air vortex instantan\u00e9e","datePublished":"2025-04-07T19:17:32+00:00","dateModified":"2025-04-07T19:17:32+00:00","mainEntityOfPage":{"@id":"https:\/\/vieassociative.be\/actualites\/ce-que-jai-appris-de-trois-ans-avec-ma-friteuse-a-air-vortex-instantanee\/"},"wordCount":1412,"publisher":{"@id":"https:\/\/vieassociative.be\/actualites\/#organization"},"image":{"@id":"https:\/\/vieassociative.be\/actualites\/ce-que-jai-appris-de-trois-ans-avec-ma-friteuse-a-air-vortex-instantanee\/#primaryimage"},"thumbnailUrl":"https:\/\/vieassociative.be\/actualites\/wp-content\/uploads\/2025\/04\/1744053452_Ce-que-jai-appris-de-trois-ans-avec-ma-friteuse.jpg","keywords":["air","ans","appris","avec","friteuse","instantan\u00e9e","Jai","trois","Vortex"],"articleSection":["Gastronomie"],"inLanguage":"fr-BE"},{"@type":"WebPage","@id":"https:\/\/vieassociative.be\/actualites\/ce-que-jai-appris-de-trois-ans-avec-ma-friteuse-a-air-vortex-instantanee\/","url":"https:\/\/vieassociative.be\/actualites\/ce-que-jai-appris-de-trois-ans-avec-ma-friteuse-a-air-vortex-instantanee\/","name":"Ce que j'ai appris de trois ans avec ma friteuse \u00e0 air vortex instantan\u00e9e | Vie Associative","isPartOf":{"@id":"https:\/\/vieassociative.be\/actualites\/#website"},"primaryImageOfPage":{"@id":"https:\/\/vieassociative.be\/actualites\/ce-que-jai-appris-de-trois-ans-avec-ma-friteuse-a-air-vortex-instantanee\/#primaryimage"},"image":{"@id":"https:\/\/vieassociative.be\/actualites\/ce-que-jai-appris-de-trois-ans-avec-ma-friteuse-a-air-vortex-instantanee\/#primaryimage"},"thumbnailUrl":"https:\/\/vieassociative.be\/actualites\/wp-content\/uploads\/2025\/04\/1744053452_Ce-que-jai-appris-de-trois-ans-avec-ma-friteuse.jpg","datePublished":"2025-04-07T19:17:32+00:00","dateModified":"2025-04-07T19:17:32+00:00","breadcrumb":{"@id":"https:\/\/vieassociative.be\/actualites\/ce-que-jai-appris-de-trois-ans-avec-ma-friteuse-a-air-vortex-instantanee\/#breadcrumb"},"inLanguage":"fr-BE","potentialAction":[{"@type":"ReadAction","target":["https:\/\/vieassociative.be\/actualites\/ce-que-jai-appris-de-trois-ans-avec-ma-friteuse-a-air-vortex-instantanee\/"]}]},{"@type":"ImageObject","inLanguage":"fr-BE","@id":"https:\/\/vieassociative.be\/actualites\/ce-que-jai-appris-de-trois-ans-avec-ma-friteuse-a-air-vortex-instantanee\/#primaryimage","url":"https:\/\/vieassociative.be\/actualites\/wp-content\/uploads\/2025\/04\/1744053452_Ce-que-jai-appris-de-trois-ans-avec-ma-friteuse.jpg","contentUrl":"https:\/\/vieassociative.be\/actualites\/wp-content\/uploads\/2025\/04\/1744053452_Ce-que-jai-appris-de-trois-ans-avec-ma-friteuse.jpg","width":1200,"height":675,"caption":"Ce que j'ai appris de trois ans avec ma friteuse \u00e0 air vortex instantan\u00e9e"},{"@type":"BreadcrumbList","@id":"https:\/\/vieassociative.be\/actualites\/ce-que-jai-appris-de-trois-ans-avec-ma-friteuse-a-air-vortex-instantanee\/#breadcrumb","itemListElement":[{"@type":"ListItem","position":1,"name":"Accueil","item":"https:\/\/vieassociative.be\/actualites\/"},{"@type":"ListItem","position":2,"name":"Ce que j&rsquo;ai appris de trois ans avec ma friteuse \u00e0 air vortex instantan\u00e9e"}]},{"@type":"WebSite","@id":"https:\/\/vieassociative.be\/actualites\/#website","url":"https:\/\/vieassociative.be\/actualites\/","name":"Vie Associative","description":"","publisher":{"@id":"https:\/\/vieassociative.be\/actualites\/#organization"},"potentialAction":[{"@type":"SearchAction","target":{"@type":"EntryPoint","urlTemplate":"https:\/\/vieassociative.be\/actualites\/?s={search_term_string}"},"query-input":{"@type":"PropertyValueSpecification","valueRequired":true,"valueName":"search_term_string"}}],"inLanguage":"fr-BE"},{"@type":"Organization","@id":"https:\/\/vieassociative.be\/actualites\/#organization","name":"Vie Associative","url":"https:\/\/vieassociative.be\/actualites\/","logo":{"@type":"ImageObject","inLanguage":"fr-BE","@id":"https:\/\/vieassociative.be\/actualites\/#\/schema\/logo\/image\/","url":"https:\/\/vieassociative.be\/actualites\/wp-content\/uploads\/2024\/09\/cropped-vieassociative_favicon.ico.png","contentUrl":"https:\/\/vieassociative.be\/actualites\/wp-content\/uploads\/2024\/09\/cropped-vieassociative_favicon.ico.png","width":512,"height":512,"caption":"Vie Associative"},"image":{"@id":"https:\/\/vieassociative.be\/actualites\/#\/schema\/logo\/image\/"}},{"@type":"Person","@id":"https:\/\/vieassociative.be\/actualites\/#\/schema\/person\/b87ac4f82f9d4e7b7cec7395b679edc4","name":"Julien","image":{"@type":"ImageObject","inLanguage":"fr-BE","@id":"https:\/\/vieassociative.be\/actualites\/#\/schema\/person\/image\/","url":"https:\/\/vieassociative.be\/actualites\/wp-content\/uploads\/2024\/09\/vie-associative-1-150x150.jpg","contentUrl":"https:\/\/vieassociative.be\/actualites\/wp-content\/uploads\/2024\/09\/vie-associative-1-150x150.jpg","caption":"Julien"},"description":"Je suis Julien, r\u00e9dacteur pour Vie Associative. Passionn\u00e9 par le monde associatif depuis plus de 10 ans, j'ai \u00e0 c\u0153ur de partager des histoires inspirantes et de mettre en lumi\u00e8re les initiatives locales. Mon objectif est de sensibiliser et d'encourager l'engagement communautaire \u00e0 travers mes articles.","sameAs":["https:\/\/vieassociative.be\/"]}]}},"_links":{"self":[{"href":"https:\/\/vieassociative.be\/actualites\/wp-json\/wp\/v2\/posts\/6516"}],"collection":[{"href":"https:\/\/vieassociative.be\/actualites\/wp-json\/wp\/v2\/posts"}],"about":[{"href":"https:\/\/vieassociative.be\/actualites\/wp-json\/wp\/v2\/types\/post"}],"author":[{"embeddable":true,"href":"https:\/\/vieassociative.be\/actualites\/wp-json\/wp\/v2\/users\/1"}],"replies":[{"embeddable":true,"href":"https:\/\/vieassociative.be\/actualites\/wp-json\/wp\/v2\/comments?post=6516"}],"version-history":[{"count":0,"href":"https:\/\/vieassociative.be\/actualites\/wp-json\/wp\/v2\/posts\/6516\/revisions"}],"wp:featuredmedia":[{"embeddable":true,"href":"https:\/\/vieassociative.be\/actualites\/wp-json\/wp\/v2\/media\/6517"}],"wp:attachment":[{"href":"https:\/\/vieassociative.be\/actualites\/wp-json\/wp\/v2\/media?parent=6516"}],"wp:term":[{"taxonomy":"category","embeddable":true,"href":"https:\/\/vieassociative.be\/actualites\/wp-json\/wp\/v2\/categories?post=6516"},{"taxonomy":"post_tag","embeddable":true,"href":"https:\/\/vieassociative.be\/actualites\/wp-json\/wp\/v2\/tags?post=6516"}],"curies":[{"name":"wp","href":"https:\/\/api.w.org\/{rel}","templated":true}]}}