{"id":6512,"date":"2025-04-07T16:18:00","date_gmt":"2025-04-07T14:18:00","guid":{"rendered":"https:\/\/vieassociative.be\/actualites\/la-cour-rejette-la-securite-sociale-du-prince-laurent\/"},"modified":"2025-04-07T16:18:00","modified_gmt":"2025-04-07T14:18:00","slug":"la-cour-rejette-la-securite-sociale-du-prince-laurent","status":"publish","type":"post","link":"https:\/\/vieassociative.be\/actualites\/la-cour-rejette-la-securite-sociale-du-prince-laurent\/","title":{"rendered":"La Cour rejette la s\u00e9curit\u00e9 sociale du prince Laurent"},"content":{"rendered":"<p><strong>Le proc\u00e8s pour la s\u00e9curit\u00e9 sociale soumis par le prince Laurent de Belgique a \u00e9t\u00e9 d\u00e9clar\u00e9 non fond\u00e9 par le tribunal du travail de Bruxelles lundi. Dans ce cas, il s&rsquo;agissait d&rsquo;un diff\u00e9rend juridique entre l&rsquo;Institut d&rsquo;\u00c9tat d&rsquo;assurance sociale pour l&rsquo;auto-emploi (LISVS), le syndicat des classes Moyennes (UCM) et le prince Laurent.<\/strong><\/p>\n<p><span id=\"more-412975\"><\/span>Le verdict a suivi une audience qui a eu lieu le 25 novembre. Le prince, qui se consid\u00e8re en partie comme une personne auto-employ\u00e9e, avait d\u00e9pos\u00e9 une plainte afin de recevoir la s\u00e9curit\u00e9 sociale pour lui-m\u00eame, mais aussi pour sa femme et ses enfants.<\/p>\n<p>Selon la loi du 27 novembre 2013, le prince Laurent a une subvention annuelle de 388 000 euros, qui est compos\u00e9e d&rsquo;une part de salaire de 100 000 euros, \u00e0 laquelle il paie des imp\u00f4ts et une part des frais d&rsquo;exploitation. N\u00e9anmoins, il n&rsquo;est ni officiel ni employ\u00e9, mais ne prend que des t\u00e2ches de repr\u00e9sentation au nom de son fr\u00e8re, le roi Philipp. Il participe \u00e0 des initiations et \u00e0 d&rsquo;autres \u00e9v\u00e9nements dans lesquels il montre une pr\u00e9sence solennelle.<\/p>\n<div id=\"attachment_169307\" class=\"wp-caption alignleft\" style=\"max-width: 212px\"><img fetchpriority=\"high\" decoding=\"async\" class=\"wp-image-169307 size-medium\" src=\"https:\/\/vieassociative.be\/actualites\/wp-content\/uploads\/2025\/04\/La-Cour-rejette-la-securite-sociale-du-prince-Laurent.jpeg\" alt=\"\" width=\"212\" height=\"300\"  ><\/p>\n<p class=\"wp-caption-text\">Prince Laurent. Photo: Julien Warnand \/ EPA \/ DPA<\/p>\n<\/div>\n<p>Dans le cadre de ses fonctions royales, le prince prend en moyenne 93 missions, visites officielles ou r\u00e9unions chaque ann\u00e9e, a expliqu\u00e9 son avocat Olivier Rijckaert. Cependant, il n&rsquo;est pas assur\u00e9 qu&rsquo;il n&rsquo;a pas droit \u00e0 une compensation en cas d&rsquo;incapacit\u00e9 au travail ou \u00e0 la faillite et au soutien dans certaines situations familiales.<\/p>\n<p>Laurent de Belgique s&rsquo;est donc tourn\u00e9 vers le fonds de s\u00e9curit\u00e9 sociale de l&rsquo;UCM, mais lorsqu&rsquo;elle voulait l&rsquo;enregistrer aupr\u00e8s des LISV, il a \u00e9t\u00e9 rejet\u00e9.<\/p>\n<p>Pour l&rsquo;Institut d&rsquo;\u00c9tat de l&rsquo;assurance sociale pour l&rsquo;auto-emploi (LISV), les soins royaux que le prince re\u00e7oit n&rsquo;est pas un revenu en tant que personne auto-employ\u00e9e. \u00abTout simplement parce qu&rsquo;il est membre de la famille royale, il a droit \u00e0 ces soins \u00e0 vie.<\/p>\n<p>Ce rejet n&rsquo;est pas l\u00e9gal, explique Rijckaert, car les activit\u00e9s professionnelles de son client justifieraient son admission au syst\u00e8me de s\u00e9curit\u00e9 sociale belge et il remplissait toutes les conditions de statut d&rsquo;une personne ind\u00e9pendante. (Cre)<\/p>\n","protected":false},"excerpt":{"rendered":"<p>Le proc\u00e8s pour la s\u00e9curit\u00e9 sociale soumis par le prince Laurent de Belgique a \u00e9t\u00e9 d\u00e9clar\u00e9 non fond\u00e9 par le tribunal du travail de Bruxelles<\/p>\n","protected":false},"author":1,"featured_media":6513,"comment_status":"","ping_status":"","sticky":false,"template":"","format":"standard","meta":{"footnotes":""},"categories":[298],"tags":[2644,6235,4525,5076,151,4208],"class_list":["post-6512","post","type-post","status-publish","format-standard","has-post-thumbnail","hentry","category-belgique","tag-cour","tag-laurent","tag-prince","tag-rejette","tag-securite","tag-sociale","generate-columns","tablet-grid-50","mobile-grid-100","grid-parent","grid-33"],"yoast_head":"<!-- This site is optimized with the Yoast SEO plugin v24.0 - https:\/\/yoast.com\/wordpress\/plugins\/seo\/ -->\n<title>La Cour rejette la s\u00e9curit\u00e9 sociale du prince Laurent | Vie Associative<\/title>\n<meta name=\"robots\" content=\"index, follow, max-snippet:-1, max-image-preview:large, max-video-preview:-1\" \/>\n<link rel=\"canonical\" href=\"https:\/\/vieassociative.be\/actualites\/la-cour-rejette-la-securite-sociale-du-prince-laurent\/\" \/>\n<meta property=\"og:locale\" content=\"fr_FR\" \/>\n<meta property=\"og:type\" content=\"article\" \/>\n<meta property=\"og:title\" content=\"La Cour rejette la s\u00e9curit\u00e9 sociale du prince Laurent | Vie Associative\" \/>\n<meta property=\"og:description\" content=\"Le proc\u00e8s pour la s\u00e9curit\u00e9 sociale soumis par le prince Laurent de Belgique a \u00e9t\u00e9 d\u00e9clar\u00e9 non fond\u00e9 par le tribunal du travail de Bruxelles\" \/>\n<meta property=\"og:url\" content=\"https:\/\/vieassociative.be\/actualites\/la-cour-rejette-la-securite-sociale-du-prince-laurent\/\" \/>\n<meta property=\"og:site_name\" content=\"Vie Associative\" \/>\n<meta property=\"article:published_time\" content=\"2025-04-07T14:18:00+00:00\" \/>\n<meta property=\"og:image\" content=\"https:\/\/vieassociative.be\/actualites\/wp-content\/uploads\/2024\/09\/header_backgroundk-01-e1726694325946.png\" \/>\n\t<meta property=\"og:image:width\" content=\"279\" \/>\n\t<meta property=\"og:image:height\" content=\"92\" \/>\n\t<meta property=\"og:image:type\" content=\"image\/png\" \/>\n<meta name=\"author\" content=\"Julien\" \/>\n<meta name=\"twitter:card\" content=\"summary_large_image\" \/>\n<meta name=\"twitter:label1\" content=\"\u00c9crit par\" \/>\n\t<meta name=\"twitter:data1\" content=\"Julien\" \/>\n\t<meta name=\"twitter:label2\" content=\"Dur\u00e9e de lecture est.\" \/>\n\t<meta name=\"twitter:data2\" content=\"2 minutes\" \/>\n<script type=\"application\/ld+json\" class=\"yoast-schema-graph\">{\"@context\":\"https:\/\/schema.org\",\"@graph\":[{\"@type\":\"Article\",\"@id\":\"https:\/\/vieassociative.be\/actualites\/la-cour-rejette-la-securite-sociale-du-prince-laurent\/#article\",\"isPartOf\":{\"@id\":\"https:\/\/vieassociative.be\/actualites\/la-cour-rejette-la-securite-sociale-du-prince-laurent\/\"},\"author\":{\"name\":\"Julien\",\"@id\":\"https:\/\/vieassociative.be\/actualites\/#\/schema\/person\/b87ac4f82f9d4e7b7cec7395b679edc4\"},\"headline\":\"La Cour rejette la s\u00e9curit\u00e9 sociale du prince Laurent\",\"datePublished\":\"2025-04-07T14:18:00+00:00\",\"dateModified\":\"2025-04-07T14:18:00+00:00\",\"mainEntityOfPage\":{\"@id\":\"https:\/\/vieassociative.be\/actualites\/la-cour-rejette-la-securite-sociale-du-prince-laurent\/\"},\"wordCount\":389,\"publisher\":{\"@id\":\"https:\/\/vieassociative.be\/actualites\/#organization\"},\"image\":{\"@id\":\"https:\/\/vieassociative.be\/actualites\/la-cour-rejette-la-securite-sociale-du-prince-laurent\/#primaryimage\"},\"thumbnailUrl\":\"https:\/\/vieassociative.be\/actualites\/wp-content\/uploads\/2025\/04\/La-Cour-rejette-la-securite-sociale-du-prince-Laurent.jpg\",\"keywords\":[\"cour\",\"Laurent\",\"prince\",\"rejette\",\"s\u00e9curit\u00e9\",\"sociale\"],\"articleSection\":[\"Belgique\"],\"inLanguage\":\"fr-BE\"},{\"@type\":\"WebPage\",\"@id\":\"https:\/\/vieassociative.be\/actualites\/la-cour-rejette-la-securite-sociale-du-prince-laurent\/\",\"url\":\"https:\/\/vieassociative.be\/actualites\/la-cour-rejette-la-securite-sociale-du-prince-laurent\/\",\"name\":\"La Cour rejette la s\u00e9curit\u00e9 sociale du prince Laurent | Vie Associative\",\"isPartOf\":{\"@id\":\"https:\/\/vieassociative.be\/actualites\/#website\"},\"primaryImageOfPage\":{\"@id\":\"https:\/\/vieassociative.be\/actualites\/la-cour-rejette-la-securite-sociale-du-prince-laurent\/#primaryimage\"},\"image\":{\"@id\":\"https:\/\/vieassociative.be\/actualites\/la-cour-rejette-la-securite-sociale-du-prince-laurent\/#primaryimage\"},\"thumbnailUrl\":\"https:\/\/vieassociative.be\/actualites\/wp-content\/uploads\/2025\/04\/La-Cour-rejette-la-securite-sociale-du-prince-Laurent.jpg\",\"datePublished\":\"2025-04-07T14:18:00+00:00\",\"dateModified\":\"2025-04-07T14:18:00+00:00\",\"breadcrumb\":{\"@id\":\"https:\/\/vieassociative.be\/actualites\/la-cour-rejette-la-securite-sociale-du-prince-laurent\/#breadcrumb\"},\"inLanguage\":\"fr-BE\",\"potentialAction\":[{\"@type\":\"ReadAction\",\"target\":[\"https:\/\/vieassociative.be\/actualites\/la-cour-rejette-la-securite-sociale-du-prince-laurent\/\"]}]},{\"@type\":\"ImageObject\",\"inLanguage\":\"fr-BE\",\"@id\":\"https:\/\/vieassociative.be\/actualites\/la-cour-rejette-la-securite-sociale-du-prince-laurent\/#primaryimage\",\"url\":\"https:\/\/vieassociative.be\/actualites\/wp-content\/uploads\/2025\/04\/La-Cour-rejette-la-securite-sociale-du-prince-Laurent.jpg\",\"contentUrl\":\"https:\/\/vieassociative.be\/actualites\/wp-content\/uploads\/2025\/04\/La-Cour-rejette-la-securite-sociale-du-prince-Laurent.jpg\",\"width\":900,\"height\":300,\"caption\":\"La Cour rejette la s\u00e9curit\u00e9 sociale du prince Laurent\"},{\"@type\":\"BreadcrumbList\",\"@id\":\"https:\/\/vieassociative.be\/actualites\/la-cour-rejette-la-securite-sociale-du-prince-laurent\/#breadcrumb\",\"itemListElement\":[{\"@type\":\"ListItem\",\"position\":1,\"name\":\"Accueil\",\"item\":\"https:\/\/vieassociative.be\/actualites\/\"},{\"@type\":\"ListItem\",\"position\":2,\"name\":\"La Cour rejette la s\u00e9curit\u00e9 sociale du prince Laurent\"}]},{\"@type\":\"WebSite\",\"@id\":\"https:\/\/vieassociative.be\/actualites\/#website\",\"url\":\"https:\/\/vieassociative.be\/actualites\/\",\"name\":\"Vie Associative\",\"description\":\"\",\"publisher\":{\"@id\":\"https:\/\/vieassociative.be\/actualites\/#organization\"},\"potentialAction\":[{\"@type\":\"SearchAction\",\"target\":{\"@type\":\"EntryPoint\",\"urlTemplate\":\"https:\/\/vieassociative.be\/actualites\/?s={search_term_string}\"},\"query-input\":{\"@type\":\"PropertyValueSpecification\",\"valueRequired\":true,\"valueName\":\"search_term_string\"}}],\"inLanguage\":\"fr-BE\"},{\"@type\":\"Organization\",\"@id\":\"https:\/\/vieassociative.be\/actualites\/#organization\",\"name\":\"Vie Associative\",\"url\":\"https:\/\/vieassociative.be\/actualites\/\",\"logo\":{\"@type\":\"ImageObject\",\"inLanguage\":\"fr-BE\",\"@id\":\"https:\/\/vieassociative.be\/actualites\/#\/schema\/logo\/image\/\",\"url\":\"https:\/\/vieassociative.be\/actualites\/wp-content\/uploads\/2024\/09\/cropped-vieassociative_favicon.ico.png\",\"contentUrl\":\"https:\/\/vieassociative.be\/actualites\/wp-content\/uploads\/2024\/09\/cropped-vieassociative_favicon.ico.png\",\"width\":512,\"height\":512,\"caption\":\"Vie Associative\"},\"image\":{\"@id\":\"https:\/\/vieassociative.be\/actualites\/#\/schema\/logo\/image\/\"}},{\"@type\":\"Person\",\"@id\":\"https:\/\/vieassociative.be\/actualites\/#\/schema\/person\/b87ac4f82f9d4e7b7cec7395b679edc4\",\"name\":\"Julien\",\"image\":{\"@type\":\"ImageObject\",\"inLanguage\":\"fr-BE\",\"@id\":\"https:\/\/vieassociative.be\/actualites\/#\/schema\/person\/image\/\",\"url\":\"https:\/\/vieassociative.be\/actualites\/wp-content\/uploads\/2024\/09\/vie-associative-1-150x150.jpg\",\"contentUrl\":\"https:\/\/vieassociative.be\/actualites\/wp-content\/uploads\/2024\/09\/vie-associative-1-150x150.jpg\",\"caption\":\"Julien\"},\"description\":\"Je suis Julien, r\u00e9dacteur pour Vie Associative. Passionn\u00e9 par le monde associatif depuis plus de 10 ans, j'ai \u00e0 c\u0153ur de partager des histoires inspirantes et de mettre en lumi\u00e8re les initiatives locales. Mon objectif est de sensibiliser et d'encourager l'engagement communautaire \u00e0 travers mes articles.\",\"sameAs\":[\"https:\/\/vieassociative.be\/\"]}]}<\/script>\n<!-- \/ Yoast SEO plugin. -->","yoast_head_json":{"title":"La Cour rejette la s\u00e9curit\u00e9 sociale du prince Laurent | Vie Associative","robots":{"index":"index","follow":"follow","max-snippet":"max-snippet:-1","max-image-preview":"max-image-preview:large","max-video-preview":"max-video-preview:-1"},"canonical":"https:\/\/vieassociative.be\/actualites\/la-cour-rejette-la-securite-sociale-du-prince-laurent\/","og_locale":"fr_FR","og_type":"article","og_title":"La Cour rejette la s\u00e9curit\u00e9 sociale du prince Laurent | Vie Associative","og_description":"Le proc\u00e8s pour la s\u00e9curit\u00e9 sociale soumis par le prince Laurent de Belgique a \u00e9t\u00e9 d\u00e9clar\u00e9 non fond\u00e9 par le tribunal du travail de Bruxelles","og_url":"https:\/\/vieassociative.be\/actualites\/la-cour-rejette-la-securite-sociale-du-prince-laurent\/","og_site_name":"Vie Associative","article_published_time":"2025-04-07T14:18:00+00:00","og_image":[{"width":279,"height":92,"url":"https:\/\/vieassociative.be\/actualites\/wp-content\/uploads\/2024\/09\/header_backgroundk-01-e1726694325946.png","type":"image\/png"}],"author":"Julien","twitter_card":"summary_large_image","twitter_misc":{"\u00c9crit par":"Julien","Dur\u00e9e de lecture est.":"2 minutes"},"schema":{"@context":"https:\/\/schema.org","@graph":[{"@type":"Article","@id":"https:\/\/vieassociative.be\/actualites\/la-cour-rejette-la-securite-sociale-du-prince-laurent\/#article","isPartOf":{"@id":"https:\/\/vieassociative.be\/actualites\/la-cour-rejette-la-securite-sociale-du-prince-laurent\/"},"author":{"name":"Julien","@id":"https:\/\/vieassociative.be\/actualites\/#\/schema\/person\/b87ac4f82f9d4e7b7cec7395b679edc4"},"headline":"La Cour rejette la s\u00e9curit\u00e9 sociale du prince Laurent","datePublished":"2025-04-07T14:18:00+00:00","dateModified":"2025-04-07T14:18:00+00:00","mainEntityOfPage":{"@id":"https:\/\/vieassociative.be\/actualites\/la-cour-rejette-la-securite-sociale-du-prince-laurent\/"},"wordCount":389,"publisher":{"@id":"https:\/\/vieassociative.be\/actualites\/#organization"},"image":{"@id":"https:\/\/vieassociative.be\/actualites\/la-cour-rejette-la-securite-sociale-du-prince-laurent\/#primaryimage"},"thumbnailUrl":"https:\/\/vieassociative.be\/actualites\/wp-content\/uploads\/2025\/04\/La-Cour-rejette-la-securite-sociale-du-prince-Laurent.jpg","keywords":["cour","Laurent","prince","rejette","s\u00e9curit\u00e9","sociale"],"articleSection":["Belgique"],"inLanguage":"fr-BE"},{"@type":"WebPage","@id":"https:\/\/vieassociative.be\/actualites\/la-cour-rejette-la-securite-sociale-du-prince-laurent\/","url":"https:\/\/vieassociative.be\/actualites\/la-cour-rejette-la-securite-sociale-du-prince-laurent\/","name":"La Cour rejette la s\u00e9curit\u00e9 sociale du prince Laurent | Vie Associative","isPartOf":{"@id":"https:\/\/vieassociative.be\/actualites\/#website"},"primaryImageOfPage":{"@id":"https:\/\/vieassociative.be\/actualites\/la-cour-rejette-la-securite-sociale-du-prince-laurent\/#primaryimage"},"image":{"@id":"https:\/\/vieassociative.be\/actualites\/la-cour-rejette-la-securite-sociale-du-prince-laurent\/#primaryimage"},"thumbnailUrl":"https:\/\/vieassociative.be\/actualites\/wp-content\/uploads\/2025\/04\/La-Cour-rejette-la-securite-sociale-du-prince-Laurent.jpg","datePublished":"2025-04-07T14:18:00+00:00","dateModified":"2025-04-07T14:18:00+00:00","breadcrumb":{"@id":"https:\/\/vieassociative.be\/actualites\/la-cour-rejette-la-securite-sociale-du-prince-laurent\/#breadcrumb"},"inLanguage":"fr-BE","potentialAction":[{"@type":"ReadAction","target":["https:\/\/vieassociative.be\/actualites\/la-cour-rejette-la-securite-sociale-du-prince-laurent\/"]}]},{"@type":"ImageObject","inLanguage":"fr-BE","@id":"https:\/\/vieassociative.be\/actualites\/la-cour-rejette-la-securite-sociale-du-prince-laurent\/#primaryimage","url":"https:\/\/vieassociative.be\/actualites\/wp-content\/uploads\/2025\/04\/La-Cour-rejette-la-securite-sociale-du-prince-Laurent.jpg","contentUrl":"https:\/\/vieassociative.be\/actualites\/wp-content\/uploads\/2025\/04\/La-Cour-rejette-la-securite-sociale-du-prince-Laurent.jpg","width":900,"height":300,"caption":"La Cour rejette la s\u00e9curit\u00e9 sociale du prince Laurent"},{"@type":"BreadcrumbList","@id":"https:\/\/vieassociative.be\/actualites\/la-cour-rejette-la-securite-sociale-du-prince-laurent\/#breadcrumb","itemListElement":[{"@type":"ListItem","position":1,"name":"Accueil","item":"https:\/\/vieassociative.be\/actualites\/"},{"@type":"ListItem","position":2,"name":"La Cour rejette la s\u00e9curit\u00e9 sociale du prince Laurent"}]},{"@type":"WebSite","@id":"https:\/\/vieassociative.be\/actualites\/#website","url":"https:\/\/vieassociative.be\/actualites\/","name":"Vie Associative","description":"","publisher":{"@id":"https:\/\/vieassociative.be\/actualites\/#organization"},"potentialAction":[{"@type":"SearchAction","target":{"@type":"EntryPoint","urlTemplate":"https:\/\/vieassociative.be\/actualites\/?s={search_term_string}"},"query-input":{"@type":"PropertyValueSpecification","valueRequired":true,"valueName":"search_term_string"}}],"inLanguage":"fr-BE"},{"@type":"Organization","@id":"https:\/\/vieassociative.be\/actualites\/#organization","name":"Vie Associative","url":"https:\/\/vieassociative.be\/actualites\/","logo":{"@type":"ImageObject","inLanguage":"fr-BE","@id":"https:\/\/vieassociative.be\/actualites\/#\/schema\/logo\/image\/","url":"https:\/\/vieassociative.be\/actualites\/wp-content\/uploads\/2024\/09\/cropped-vieassociative_favicon.ico.png","contentUrl":"https:\/\/vieassociative.be\/actualites\/wp-content\/uploads\/2024\/09\/cropped-vieassociative_favicon.ico.png","width":512,"height":512,"caption":"Vie Associative"},"image":{"@id":"https:\/\/vieassociative.be\/actualites\/#\/schema\/logo\/image\/"}},{"@type":"Person","@id":"https:\/\/vieassociative.be\/actualites\/#\/schema\/person\/b87ac4f82f9d4e7b7cec7395b679edc4","name":"Julien","image":{"@type":"ImageObject","inLanguage":"fr-BE","@id":"https:\/\/vieassociative.be\/actualites\/#\/schema\/person\/image\/","url":"https:\/\/vieassociative.be\/actualites\/wp-content\/uploads\/2024\/09\/vie-associative-1-150x150.jpg","contentUrl":"https:\/\/vieassociative.be\/actualites\/wp-content\/uploads\/2024\/09\/vie-associative-1-150x150.jpg","caption":"Julien"},"description":"Je suis Julien, r\u00e9dacteur pour Vie Associative. Passionn\u00e9 par le monde associatif depuis plus de 10 ans, j'ai \u00e0 c\u0153ur de partager des histoires inspirantes et de mettre en lumi\u00e8re les initiatives locales. Mon objectif est de sensibiliser et d'encourager l'engagement communautaire \u00e0 travers mes articles.","sameAs":["https:\/\/vieassociative.be\/"]}]}},"_links":{"self":[{"href":"https:\/\/vieassociative.be\/actualites\/wp-json\/wp\/v2\/posts\/6512"}],"collection":[{"href":"https:\/\/vieassociative.be\/actualites\/wp-json\/wp\/v2\/posts"}],"about":[{"href":"https:\/\/vieassociative.be\/actualites\/wp-json\/wp\/v2\/types\/post"}],"author":[{"embeddable":true,"href":"https:\/\/vieassociative.be\/actualites\/wp-json\/wp\/v2\/users\/1"}],"replies":[{"embeddable":true,"href":"https:\/\/vieassociative.be\/actualites\/wp-json\/wp\/v2\/comments?post=6512"}],"version-history":[{"count":0,"href":"https:\/\/vieassociative.be\/actualites\/wp-json\/wp\/v2\/posts\/6512\/revisions"}],"wp:featuredmedia":[{"embeddable":true,"href":"https:\/\/vieassociative.be\/actualites\/wp-json\/wp\/v2\/media\/6513"}],"wp:attachment":[{"href":"https:\/\/vieassociative.be\/actualites\/wp-json\/wp\/v2\/media?parent=6512"}],"wp:term":[{"taxonomy":"category","embeddable":true,"href":"https:\/\/vieassociative.be\/actualites\/wp-json\/wp\/v2\/categories?post=6512"},{"taxonomy":"post_tag","embeddable":true,"href":"https:\/\/vieassociative.be\/actualites\/wp-json\/wp\/v2\/tags?post=6512"}],"curies":[{"name":"wp","href":"https:\/\/api.w.org\/{rel}","templated":true}]}}