{"id":6500,"date":"2025-04-07T04:17:06","date_gmt":"2025-04-07T02:17:06","guid":{"rendered":"https:\/\/vieassociative.be\/actualites\/spectacle-en-flandre-pogacar-triomphe-a-la-ronde\/"},"modified":"2025-04-07T04:17:06","modified_gmt":"2025-04-07T02:17:06","slug":"spectacle-en-flandre-pogacar-triomphe-a-la-ronde","status":"publish","type":"post","link":"https:\/\/vieassociative.be\/actualites\/spectacle-en-flandre-pogacar-triomphe-a-la-ronde\/","title":{"rendered":"Spectacle en Flandre: Pogacar triomphe \u00e0 la \u00ab\u00a0Ronde\u00a0\u00bb"},"content":{"rendered":"<p><strong>Des milliers de mille mises \u00e0 jour encouragent les professionnels de la roue de \u00ab\u00a0De Ronde\u00a0\u00bb en vacances \u00e0 cyclisme flamand. Il y a un \u00e9change passionnant de coups de favoris &#8211; cependant, le champion du monde Tadej Pogacar gagne en toute confiance.<\/strong><\/p>\n<p><span id=\"more-412946\"><\/span>Tadej Pogacar a recommenc\u00e9 autour de lui bri\u00e8vement, puis il s&rsquo;est d\u00e9chir\u00e9 les mains devant la ligne d&rsquo;arriv\u00e9e et a applaudi un autre magnifique succ\u00e8s. La star du v\u00e9lo slov\u00e8ne a c\u00e9l\u00e9br\u00e9 son deuxi\u00e8me triomphe sur la tourn\u00e9e de la Flandre apr\u00e8s une impressionnante exposition solo sur le spectacle de patch pav\u00e9.<\/p>\n<p>Le champion du monde de v\u00e9lo de route a pr\u00e9valu le jour du cyclisme flamand lors du prochain duel passionnant avec Mathieu van der Poel et a emp\u00each\u00e9 les Hollandais emp\u00each\u00e9s de son quatri\u00e8me succ\u00e8s pour le seul vainqueur record en Flandre.<\/p>\n<div id=\"attachment_412949\" class=\"wp-caption alignleft\" style=\"max-width: 300px\"><img fetchpriority=\"high\" decoding=\"async\" class=\"wp-image-412949 size-medium\" src=\"https:\/\/vieassociative.be\/actualites\/wp-content\/uploads\/2025\/04\/Spectacle-en-Flandre-Pogacar-triomphe-a-la-Ronde.jpg\" alt=\"\" width=\"300\" height=\"200\"><\/p>\n<p class=\"wp-caption-text\">04\/06\/2025, Belgique, Oudenaarde: le champ conducteur du centre historique d&rsquo;Oudenaarde. Photo: Geert Vanden Wijngaert \/ AP \/ DPA<\/p>\n<\/div>\n<p>Pour Pogacar, c&rsquo;\u00e9tait la huiti\u00e8me victoire dans l&rsquo;un des cinq monuments. Dans la 109e \u00e9dition de \u00ab\u00a0De Ronde\u00a0\u00bb, la tourn\u00e9e et le vainqueur de Giro ont pr\u00e9valu apr\u00e8s 269 kilom\u00e8tres entre Bruges et Oudenaarde avec 1:01 minutes d&rsquo;avance sur l&rsquo;ex-champion danois du monde Mads Pedersen. Van der Poel a termin\u00e9 troisi\u00e8me, Wout Van Aert quatri\u00e8me.<\/p>\n<p><strong>&#8211; \u00ab\u00a0Big Show for Cycling\u00a0\u00bb:<\/strong> \u00ab\u00a0Je ne pouvais pas \u00eatre fier de l&rsquo;\u00e9quipe, car nous avons conduit aujourd&rsquo;hui. Je suis tellement heureux de gagner dans ce maillot. Le but \u00e9tait la victoire, mais \u00e0 la fin, il est difficile de r\u00e9aliser tout cela\u00a0\u00bb, a d\u00e9clar\u00e9 Pogacar et son patron de l&rsquo;\u00e9quipe Mauro Gianetti: \u00ab\u00a0C&rsquo;\u00e9tait un spectacle incroyable. Tout le monde \u00e9tait beaucoup. Un grand spectacle pour le cyclisme.\u00a0\u00bb<\/p>\n<p>19 kilom\u00e8tres avant l&rsquo;arriv\u00e9e, Pogacar a mis l&rsquo;attaque d\u00e9cisive contre l&rsquo;Oude Kwaremont et n&rsquo;a pas pris les devants. Avec cela, Pogacar est \u00e9galement revenu pour le classique du printemps Milan-Sanremo quand il \u00e9tait dans le duel avec van der Poel et a termin\u00e9 troisi\u00e8me.<\/p>\n<p><strong>-Van der Poel \u00ab\u00a0Pride\u00a0\u00bb sur le succ\u00e8s des Flandres:<\/strong> Pour le vainqueur de l&rsquo;ann\u00e9e derni\u00e8re, Van Der Poel, la \u00ab\u00a0Ronde\u00a0\u00bb avec les passages pav\u00e9s frappants est l&rsquo;une de ses courses pr\u00e9f\u00e9r\u00e9es. Il avait d\u00e9j\u00e0 triomph\u00e9 en Flandre trois fois plus t\u00f4t &#8211; cela avait r\u00e9ussi \u00e0 faire des stars classiques telles que Fabian Cancellara et Tom Boons devant lui. \u00ab\u00a0Le fait que mon nom soit d\u00e9j\u00e0 sur la liste des gagnants \u00e0 trois reprises me rend incroyablement fier\u00a0\u00bb, a d\u00e9clar\u00e9 l&rsquo;ancien champion du monde. Mais cette fois, il a trouv\u00e9 son ma\u00eetre.<\/p>\n<p>Le grand \u00e9change de coups entre le N\u00e9erlandais et le conducteur exceptionnel Pogacar \u00e9tait attendu, comme ce fut le cas avec le Big Duel \u00e0 Milan-Sanremo il y a deux semaines. Et donc c&rsquo;est venu aussi. Mais cette fois, MVP ne pouvait plus rester sur la roue arri\u00e8re en phase cruciale.<\/p>\n<div id=\"attachment_412963\" class=\"wp-caption alignleft\" style=\"max-width: 300px\"><img decoding=\"async\" class=\"wp-image-412963 size-medium\" src=\"https:\/\/vieassociative.be\/actualites\/wp-content\/uploads\/2025\/04\/1743992226_380_Spectacle-en-Flandre-Pogacar-triomphe-a-la-Ronde.jpg\" alt=\"\" width=\"300\" height=\"200\"><\/p>\n<p class=\"wp-caption-text\">04.04.2025, Belgique, Oudenaarde: Le Slov\u00e8ne Tadej Pogacar (4e VR) de l&rsquo;\u00e9quipe des EAU Emirates et le Dane Mads Pedersen (3e VR) de Lidl-Trek en action. Photo: Dirk Waem \/ Belga \/ DPA<\/p>\n<\/div>\n<p>Il y a eu un accident violent d&rsquo;environ 130 kilom\u00e8tres avant l&rsquo;arriv\u00e9e. \u00c0 grande vitesse, il a attrap\u00e9 douze conducteurs. Van der Poel, c\u00e9l\u00e8bre, a \u00e9galement \u00e9t\u00e9 affect\u00e9 par la chute, mais il pouvait continuer.<\/p>\n<p>Les deux favoris sont rest\u00e9s proches les uns des autres dans l&rsquo;\u00e9change passionnant de coups. Dans le domaine principal, les aides des favoris ont pris beaucoup de vitesse, la distance entre le groupe sup\u00e9rieur de 13 membres \u00e9tait plus petite. Apr\u00e8s l&rsquo;all\u00e9e raide du Koppenberg, les deux favoris ont finalement rattrap\u00e9 le groupe sup\u00e9rieur.<\/p>\n<p>Pr\u00e8s de 20 kilom\u00e8tres avant l&rsquo;arriv\u00e9e, Pogacar a finalement secou\u00e9 le van der Poel \u00e9puis\u00e9 et le petit groupe de chasse autour de Pedersen et Wout Van Aert lors de la troisi\u00e8me travers\u00e9e du Kwaremont. C&rsquo;\u00e9tait l&rsquo;un des notoires explosifs de Pogacar, il a \u00e9largi l&rsquo;avance \u00e0 plus de 50 secondes &#8211; incapable de faire sa concurrence.<\/p>\n<p><strong>-Paris-Roubaix:<\/strong> Dans une semaine, il y aura la prochaine \u00e9preuve de force entre Pogacar et Van der Poel. Pogacar participera aux pav\u00e9s classiques de Paris-Roubaix pour la premi\u00e8re fois dimanche prochain et rencontrera \u00e0 nouveau son concurrent. La solide race de Van Aert, qui a accord\u00e9 une chance d&rsquo;\u00e9toile \u00e0 Paris-Roubaix, \u00e9tait encourageante. (DPA \/ CRE)<\/p>\n","protected":false},"excerpt":{"rendered":"<p>Des milliers de mille mises \u00e0 jour encouragent les professionnels de la roue de \u00ab\u00a0De Ronde\u00a0\u00bb en vacances \u00e0 cyclisme flamand. Il y a un<\/p>\n","protected":false},"author":1,"featured_media":6501,"comment_status":"","ping_status":"","sticky":false,"template":"","format":"standard","meta":{"footnotes":""},"categories":[298],"tags":[4128,5976,6229,5101,6228],"class_list":["post-6500","post","type-post","status-publish","format-standard","has-post-thumbnail","hentry","category-belgique","tag-flandre","tag-pogacar","tag-ronde","tag-spectacle","tag-triomphe","generate-columns","tablet-grid-50","mobile-grid-100","grid-parent","grid-33"],"yoast_head":"<!-- This site is optimized with the Yoast SEO plugin v24.0 - https:\/\/yoast.com\/wordpress\/plugins\/seo\/ -->\n<title>Spectacle en Flandre: Pogacar triomphe \u00e0 la &quot;Ronde&quot; | Vie Associative<\/title>\n<meta name=\"robots\" content=\"index, follow, max-snippet:-1, max-image-preview:large, max-video-preview:-1\" \/>\n<link rel=\"canonical\" href=\"https:\/\/vieassociative.be\/actualites\/spectacle-en-flandre-pogacar-triomphe-a-la-ronde\/\" \/>\n<meta property=\"og:locale\" content=\"fr_FR\" \/>\n<meta property=\"og:type\" content=\"article\" \/>\n<meta property=\"og:title\" content=\"Spectacle en Flandre: Pogacar triomphe \u00e0 la &quot;Ronde&quot; | Vie Associative\" \/>\n<meta property=\"og:description\" content=\"Des milliers de mille mises \u00e0 jour encouragent les professionnels de la roue de \u00ab\u00a0De Ronde\u00a0\u00bb en vacances \u00e0 cyclisme flamand. Il y a un\" \/>\n<meta property=\"og:url\" content=\"https:\/\/vieassociative.be\/actualites\/spectacle-en-flandre-pogacar-triomphe-a-la-ronde\/\" \/>\n<meta property=\"og:site_name\" content=\"Vie Associative\" \/>\n<meta property=\"article:published_time\" content=\"2025-04-07T02:17:06+00:00\" \/>\n<meta property=\"og:image\" content=\"https:\/\/vieassociative.be\/actualites\/wp-content\/uploads\/2024\/09\/header_backgroundk-01-e1726694325946.png\" \/>\n\t<meta property=\"og:image:width\" content=\"279\" \/>\n\t<meta property=\"og:image:height\" content=\"92\" \/>\n\t<meta property=\"og:image:type\" content=\"image\/png\" \/>\n<meta name=\"author\" content=\"Julien\" \/>\n<meta name=\"twitter:card\" content=\"summary_large_image\" \/>\n<meta name=\"twitter:label1\" content=\"\u00c9crit par\" \/>\n\t<meta name=\"twitter:data1\" content=\"Julien\" \/>\n\t<meta name=\"twitter:label2\" content=\"Dur\u00e9e de lecture est.\" \/>\n\t<meta name=\"twitter:data2\" content=\"4 minutes\" \/>\n<script type=\"application\/ld+json\" class=\"yoast-schema-graph\">{\"@context\":\"https:\/\/schema.org\",\"@graph\":[{\"@type\":\"Article\",\"@id\":\"https:\/\/vieassociative.be\/actualites\/spectacle-en-flandre-pogacar-triomphe-a-la-ronde\/#article\",\"isPartOf\":{\"@id\":\"https:\/\/vieassociative.be\/actualites\/spectacle-en-flandre-pogacar-triomphe-a-la-ronde\/\"},\"author\":{\"name\":\"Julien\",\"@id\":\"https:\/\/vieassociative.be\/actualites\/#\/schema\/person\/b87ac4f82f9d4e7b7cec7395b679edc4\"},\"headline\":\"Spectacle en Flandre: Pogacar triomphe \u00e0 la \u00ab\u00a0Ronde\u00a0\u00bb\",\"datePublished\":\"2025-04-07T02:17:06+00:00\",\"dateModified\":\"2025-04-07T02:17:06+00:00\",\"mainEntityOfPage\":{\"@id\":\"https:\/\/vieassociative.be\/actualites\/spectacle-en-flandre-pogacar-triomphe-a-la-ronde\/\"},\"wordCount\":774,\"publisher\":{\"@id\":\"https:\/\/vieassociative.be\/actualites\/#organization\"},\"image\":{\"@id\":\"https:\/\/vieassociative.be\/actualites\/spectacle-en-flandre-pogacar-triomphe-a-la-ronde\/#primaryimage\"},\"thumbnailUrl\":\"https:\/\/vieassociative.be\/actualites\/wp-content\/uploads\/2025\/04\/1743992226_Spectacle-en-Flandre-Pogacar-triomphe-a-la-Ronde.jpg\",\"keywords\":[\"Flandre\",\"Pogacar\",\"Ronde\",\"Spectacle\",\"triomphe\"],\"articleSection\":[\"Belgique\"],\"inLanguage\":\"fr-BE\"},{\"@type\":\"WebPage\",\"@id\":\"https:\/\/vieassociative.be\/actualites\/spectacle-en-flandre-pogacar-triomphe-a-la-ronde\/\",\"url\":\"https:\/\/vieassociative.be\/actualites\/spectacle-en-flandre-pogacar-triomphe-a-la-ronde\/\",\"name\":\"Spectacle en Flandre: Pogacar triomphe \u00e0 la \\\"Ronde\\\" | Vie Associative\",\"isPartOf\":{\"@id\":\"https:\/\/vieassociative.be\/actualites\/#website\"},\"primaryImageOfPage\":{\"@id\":\"https:\/\/vieassociative.be\/actualites\/spectacle-en-flandre-pogacar-triomphe-a-la-ronde\/#primaryimage\"},\"image\":{\"@id\":\"https:\/\/vieassociative.be\/actualites\/spectacle-en-flandre-pogacar-triomphe-a-la-ronde\/#primaryimage\"},\"thumbnailUrl\":\"https:\/\/vieassociative.be\/actualites\/wp-content\/uploads\/2025\/04\/1743992226_Spectacle-en-Flandre-Pogacar-triomphe-a-la-Ronde.jpg\",\"datePublished\":\"2025-04-07T02:17:06+00:00\",\"dateModified\":\"2025-04-07T02:17:06+00:00\",\"breadcrumb\":{\"@id\":\"https:\/\/vieassociative.be\/actualites\/spectacle-en-flandre-pogacar-triomphe-a-la-ronde\/#breadcrumb\"},\"inLanguage\":\"fr-BE\",\"potentialAction\":[{\"@type\":\"ReadAction\",\"target\":[\"https:\/\/vieassociative.be\/actualites\/spectacle-en-flandre-pogacar-triomphe-a-la-ronde\/\"]}]},{\"@type\":\"ImageObject\",\"inLanguage\":\"fr-BE\",\"@id\":\"https:\/\/vieassociative.be\/actualites\/spectacle-en-flandre-pogacar-triomphe-a-la-ronde\/#primaryimage\",\"url\":\"https:\/\/vieassociative.be\/actualites\/wp-content\/uploads\/2025\/04\/1743992226_Spectacle-en-Flandre-Pogacar-triomphe-a-la-Ronde.jpg\",\"contentUrl\":\"https:\/\/vieassociative.be\/actualites\/wp-content\/uploads\/2025\/04\/1743992226_Spectacle-en-Flandre-Pogacar-triomphe-a-la-Ronde.jpg\",\"width\":1200,\"height\":800,\"caption\":\"Spectacle en Flandre: Pogacar triomphe \u00e0 la \\\"Ronde\\\"\"},{\"@type\":\"BreadcrumbList\",\"@id\":\"https:\/\/vieassociative.be\/actualites\/spectacle-en-flandre-pogacar-triomphe-a-la-ronde\/#breadcrumb\",\"itemListElement\":[{\"@type\":\"ListItem\",\"position\":1,\"name\":\"Accueil\",\"item\":\"https:\/\/vieassociative.be\/actualites\/\"},{\"@type\":\"ListItem\",\"position\":2,\"name\":\"Spectacle en Flandre: Pogacar triomphe \u00e0 la \u00ab\u00a0Ronde\u00a0\u00bb\"}]},{\"@type\":\"WebSite\",\"@id\":\"https:\/\/vieassociative.be\/actualites\/#website\",\"url\":\"https:\/\/vieassociative.be\/actualites\/\",\"name\":\"Vie Associative\",\"description\":\"\",\"publisher\":{\"@id\":\"https:\/\/vieassociative.be\/actualites\/#organization\"},\"potentialAction\":[{\"@type\":\"SearchAction\",\"target\":{\"@type\":\"EntryPoint\",\"urlTemplate\":\"https:\/\/vieassociative.be\/actualites\/?s={search_term_string}\"},\"query-input\":{\"@type\":\"PropertyValueSpecification\",\"valueRequired\":true,\"valueName\":\"search_term_string\"}}],\"inLanguage\":\"fr-BE\"},{\"@type\":\"Organization\",\"@id\":\"https:\/\/vieassociative.be\/actualites\/#organization\",\"name\":\"Vie Associative\",\"url\":\"https:\/\/vieassociative.be\/actualites\/\",\"logo\":{\"@type\":\"ImageObject\",\"inLanguage\":\"fr-BE\",\"@id\":\"https:\/\/vieassociative.be\/actualites\/#\/schema\/logo\/image\/\",\"url\":\"https:\/\/vieassociative.be\/actualites\/wp-content\/uploads\/2024\/09\/cropped-vieassociative_favicon.ico.png\",\"contentUrl\":\"https:\/\/vieassociative.be\/actualites\/wp-content\/uploads\/2024\/09\/cropped-vieassociative_favicon.ico.png\",\"width\":512,\"height\":512,\"caption\":\"Vie Associative\"},\"image\":{\"@id\":\"https:\/\/vieassociative.be\/actualites\/#\/schema\/logo\/image\/\"}},{\"@type\":\"Person\",\"@id\":\"https:\/\/vieassociative.be\/actualites\/#\/schema\/person\/b87ac4f82f9d4e7b7cec7395b679edc4\",\"name\":\"Julien\",\"image\":{\"@type\":\"ImageObject\",\"inLanguage\":\"fr-BE\",\"@id\":\"https:\/\/vieassociative.be\/actualites\/#\/schema\/person\/image\/\",\"url\":\"https:\/\/vieassociative.be\/actualites\/wp-content\/uploads\/2024\/09\/vie-associative-1-150x150.jpg\",\"contentUrl\":\"https:\/\/vieassociative.be\/actualites\/wp-content\/uploads\/2024\/09\/vie-associative-1-150x150.jpg\",\"caption\":\"Julien\"},\"description\":\"Je suis Julien, r\u00e9dacteur pour Vie Associative. Passionn\u00e9 par le monde associatif depuis plus de 10 ans, j'ai \u00e0 c\u0153ur de partager des histoires inspirantes et de mettre en lumi\u00e8re les initiatives locales. Mon objectif est de sensibiliser et d'encourager l'engagement communautaire \u00e0 travers mes articles.\",\"sameAs\":[\"https:\/\/vieassociative.be\/\"]}]}<\/script>\n<!-- \/ Yoast SEO plugin. -->","yoast_head_json":{"title":"Spectacle en Flandre: Pogacar triomphe \u00e0 la \"Ronde\" | Vie Associative","robots":{"index":"index","follow":"follow","max-snippet":"max-snippet:-1","max-image-preview":"max-image-preview:large","max-video-preview":"max-video-preview:-1"},"canonical":"https:\/\/vieassociative.be\/actualites\/spectacle-en-flandre-pogacar-triomphe-a-la-ronde\/","og_locale":"fr_FR","og_type":"article","og_title":"Spectacle en Flandre: Pogacar triomphe \u00e0 la \"Ronde\" | Vie Associative","og_description":"Des milliers de mille mises \u00e0 jour encouragent les professionnels de la roue de \u00ab\u00a0De Ronde\u00a0\u00bb en vacances \u00e0 cyclisme flamand. Il y a un","og_url":"https:\/\/vieassociative.be\/actualites\/spectacle-en-flandre-pogacar-triomphe-a-la-ronde\/","og_site_name":"Vie Associative","article_published_time":"2025-04-07T02:17:06+00:00","og_image":[{"width":279,"height":92,"url":"https:\/\/vieassociative.be\/actualites\/wp-content\/uploads\/2024\/09\/header_backgroundk-01-e1726694325946.png","type":"image\/png"}],"author":"Julien","twitter_card":"summary_large_image","twitter_misc":{"\u00c9crit par":"Julien","Dur\u00e9e de lecture est.":"4 minutes"},"schema":{"@context":"https:\/\/schema.org","@graph":[{"@type":"Article","@id":"https:\/\/vieassociative.be\/actualites\/spectacle-en-flandre-pogacar-triomphe-a-la-ronde\/#article","isPartOf":{"@id":"https:\/\/vieassociative.be\/actualites\/spectacle-en-flandre-pogacar-triomphe-a-la-ronde\/"},"author":{"name":"Julien","@id":"https:\/\/vieassociative.be\/actualites\/#\/schema\/person\/b87ac4f82f9d4e7b7cec7395b679edc4"},"headline":"Spectacle en Flandre: Pogacar triomphe \u00e0 la \u00ab\u00a0Ronde\u00a0\u00bb","datePublished":"2025-04-07T02:17:06+00:00","dateModified":"2025-04-07T02:17:06+00:00","mainEntityOfPage":{"@id":"https:\/\/vieassociative.be\/actualites\/spectacle-en-flandre-pogacar-triomphe-a-la-ronde\/"},"wordCount":774,"publisher":{"@id":"https:\/\/vieassociative.be\/actualites\/#organization"},"image":{"@id":"https:\/\/vieassociative.be\/actualites\/spectacle-en-flandre-pogacar-triomphe-a-la-ronde\/#primaryimage"},"thumbnailUrl":"https:\/\/vieassociative.be\/actualites\/wp-content\/uploads\/2025\/04\/1743992226_Spectacle-en-Flandre-Pogacar-triomphe-a-la-Ronde.jpg","keywords":["Flandre","Pogacar","Ronde","Spectacle","triomphe"],"articleSection":["Belgique"],"inLanguage":"fr-BE"},{"@type":"WebPage","@id":"https:\/\/vieassociative.be\/actualites\/spectacle-en-flandre-pogacar-triomphe-a-la-ronde\/","url":"https:\/\/vieassociative.be\/actualites\/spectacle-en-flandre-pogacar-triomphe-a-la-ronde\/","name":"Spectacle en Flandre: Pogacar triomphe \u00e0 la \"Ronde\" | Vie Associative","isPartOf":{"@id":"https:\/\/vieassociative.be\/actualites\/#website"},"primaryImageOfPage":{"@id":"https:\/\/vieassociative.be\/actualites\/spectacle-en-flandre-pogacar-triomphe-a-la-ronde\/#primaryimage"},"image":{"@id":"https:\/\/vieassociative.be\/actualites\/spectacle-en-flandre-pogacar-triomphe-a-la-ronde\/#primaryimage"},"thumbnailUrl":"https:\/\/vieassociative.be\/actualites\/wp-content\/uploads\/2025\/04\/1743992226_Spectacle-en-Flandre-Pogacar-triomphe-a-la-Ronde.jpg","datePublished":"2025-04-07T02:17:06+00:00","dateModified":"2025-04-07T02:17:06+00:00","breadcrumb":{"@id":"https:\/\/vieassociative.be\/actualites\/spectacle-en-flandre-pogacar-triomphe-a-la-ronde\/#breadcrumb"},"inLanguage":"fr-BE","potentialAction":[{"@type":"ReadAction","target":["https:\/\/vieassociative.be\/actualites\/spectacle-en-flandre-pogacar-triomphe-a-la-ronde\/"]}]},{"@type":"ImageObject","inLanguage":"fr-BE","@id":"https:\/\/vieassociative.be\/actualites\/spectacle-en-flandre-pogacar-triomphe-a-la-ronde\/#primaryimage","url":"https:\/\/vieassociative.be\/actualites\/wp-content\/uploads\/2025\/04\/1743992226_Spectacle-en-Flandre-Pogacar-triomphe-a-la-Ronde.jpg","contentUrl":"https:\/\/vieassociative.be\/actualites\/wp-content\/uploads\/2025\/04\/1743992226_Spectacle-en-Flandre-Pogacar-triomphe-a-la-Ronde.jpg","width":1200,"height":800,"caption":"Spectacle en Flandre: Pogacar triomphe \u00e0 la \"Ronde\""},{"@type":"BreadcrumbList","@id":"https:\/\/vieassociative.be\/actualites\/spectacle-en-flandre-pogacar-triomphe-a-la-ronde\/#breadcrumb","itemListElement":[{"@type":"ListItem","position":1,"name":"Accueil","item":"https:\/\/vieassociative.be\/actualites\/"},{"@type":"ListItem","position":2,"name":"Spectacle en Flandre: Pogacar triomphe \u00e0 la \u00ab\u00a0Ronde\u00a0\u00bb"}]},{"@type":"WebSite","@id":"https:\/\/vieassociative.be\/actualites\/#website","url":"https:\/\/vieassociative.be\/actualites\/","name":"Vie Associative","description":"","publisher":{"@id":"https:\/\/vieassociative.be\/actualites\/#organization"},"potentialAction":[{"@type":"SearchAction","target":{"@type":"EntryPoint","urlTemplate":"https:\/\/vieassociative.be\/actualites\/?s={search_term_string}"},"query-input":{"@type":"PropertyValueSpecification","valueRequired":true,"valueName":"search_term_string"}}],"inLanguage":"fr-BE"},{"@type":"Organization","@id":"https:\/\/vieassociative.be\/actualites\/#organization","name":"Vie Associative","url":"https:\/\/vieassociative.be\/actualites\/","logo":{"@type":"ImageObject","inLanguage":"fr-BE","@id":"https:\/\/vieassociative.be\/actualites\/#\/schema\/logo\/image\/","url":"https:\/\/vieassociative.be\/actualites\/wp-content\/uploads\/2024\/09\/cropped-vieassociative_favicon.ico.png","contentUrl":"https:\/\/vieassociative.be\/actualites\/wp-content\/uploads\/2024\/09\/cropped-vieassociative_favicon.ico.png","width":512,"height":512,"caption":"Vie Associative"},"image":{"@id":"https:\/\/vieassociative.be\/actualites\/#\/schema\/logo\/image\/"}},{"@type":"Person","@id":"https:\/\/vieassociative.be\/actualites\/#\/schema\/person\/b87ac4f82f9d4e7b7cec7395b679edc4","name":"Julien","image":{"@type":"ImageObject","inLanguage":"fr-BE","@id":"https:\/\/vieassociative.be\/actualites\/#\/schema\/person\/image\/","url":"https:\/\/vieassociative.be\/actualites\/wp-content\/uploads\/2024\/09\/vie-associative-1-150x150.jpg","contentUrl":"https:\/\/vieassociative.be\/actualites\/wp-content\/uploads\/2024\/09\/vie-associative-1-150x150.jpg","caption":"Julien"},"description":"Je suis Julien, r\u00e9dacteur pour Vie Associative. Passionn\u00e9 par le monde associatif depuis plus de 10 ans, j'ai \u00e0 c\u0153ur de partager des histoires inspirantes et de mettre en lumi\u00e8re les initiatives locales. Mon objectif est de sensibiliser et d'encourager l'engagement communautaire \u00e0 travers mes articles.","sameAs":["https:\/\/vieassociative.be\/"]}]}},"_links":{"self":[{"href":"https:\/\/vieassociative.be\/actualites\/wp-json\/wp\/v2\/posts\/6500"}],"collection":[{"href":"https:\/\/vieassociative.be\/actualites\/wp-json\/wp\/v2\/posts"}],"about":[{"href":"https:\/\/vieassociative.be\/actualites\/wp-json\/wp\/v2\/types\/post"}],"author":[{"embeddable":true,"href":"https:\/\/vieassociative.be\/actualites\/wp-json\/wp\/v2\/users\/1"}],"replies":[{"embeddable":true,"href":"https:\/\/vieassociative.be\/actualites\/wp-json\/wp\/v2\/comments?post=6500"}],"version-history":[{"count":0,"href":"https:\/\/vieassociative.be\/actualites\/wp-json\/wp\/v2\/posts\/6500\/revisions"}],"wp:featuredmedia":[{"embeddable":true,"href":"https:\/\/vieassociative.be\/actualites\/wp-json\/wp\/v2\/media\/6501"}],"wp:attachment":[{"href":"https:\/\/vieassociative.be\/actualites\/wp-json\/wp\/v2\/media?parent=6500"}],"wp:term":[{"taxonomy":"category","embeddable":true,"href":"https:\/\/vieassociative.be\/actualites\/wp-json\/wp\/v2\/categories?post=6500"},{"taxonomy":"post_tag","embeddable":true,"href":"https:\/\/vieassociative.be\/actualites\/wp-json\/wp\/v2\/tags?post=6500"}],"curies":[{"name":"wp","href":"https:\/\/api.w.org\/{rel}","templated":true}]}}