{"id":6498,"date":"2025-04-07T03:17:28","date_gmt":"2025-04-07T01:17:28","guid":{"rendered":"https:\/\/vieassociative.be\/actualites\/tout-ce-que-je-suis-en-train-en-avril\/"},"modified":"2025-04-07T03:17:28","modified_gmt":"2025-04-07T01:17:28","slug":"tout-ce-que-je-suis-en-train-en-avril","status":"publish","type":"post","link":"https:\/\/vieassociative.be\/actualites\/tout-ce-que-je-suis-en-train-en-avril\/","title":{"rendered":"Tout ce que je suis en train en avril"},"content":{"rendered":"<div class=\"mt-4 leading-6 md:mb-8\">M\u00eame si vous n&rsquo;avez pas encore commenc\u00e9 votre graine, il est encore temps.<\/div>\n<p><\/p>\n<p>Avril, c&rsquo;est quand les jardiniers doivent commencer \u00e0 \u00eatre des math\u00e9maticiens et des organisateurs professionnels, essayant de trouver de l&rsquo;espace pour tous les semis qui ont besoin de se lancer dans les plateaux \u00e0 temps. C&rsquo;est aussi la premi\u00e8re fois cette ann\u00e9e, vous commencerez \u00e0 semis de succession, \u00e0 l&rsquo;int\u00e9rieur et \u00e0 l&rsquo;ext\u00e9rieur. L&rsquo;ensemencement de succession est l&rsquo;un des v\u00e9ritables avantages de la culture de vos propres graines: cela signifie que vous pouvez cultiver un ou deux d&rsquo;une vari\u00e9t\u00e9 au lieu d&rsquo;avoir besoin de l&rsquo;espace pour un pack complet que vous prenez \u00e0 la p\u00e9pini\u00e8re. Faites pousser un plateau m\u00e9lang\u00e9 de l\u00e9gumes ou d&rsquo;herbes maintenant et en d\u00e9marrez un autre dans quelques semaines. Cela aidera \u00e9galement \u00e0 att\u00e9nuer une certaine pression sur la superficie carr\u00e9e dans votre espace de croissance. <\/p>\n<p>M\u00eame si vous n&rsquo;avez pas encore commenc\u00e9 votre graine, il est encore temps. Et rappelez-vous: il n&rsquo;y a pas de honte \u00e0 simplement acheter des d\u00e9parts ou \u00e0 attendre des cadeaux. Si vous allez commencer vos propres graines, vous voulez utiliser le m\u00e9lange de semis, pas le terreau. <\/p>\n<h2 id=\"tomatos-eggplant-and-peppers\">Tomates, aubergines et poivrons<\/h2>\n<div class=\"eloquent-imagery-image\">\n<div class=\"flex justify-center\">\n                    <img decoding=\"async\" class=\"border border-gray-100\" src=\"https:\/\/vieassociative.be\/actualites\/wp-content\/uploads\/2025\/04\/Tout-ce-que-je-suis-en-train-en-avril.jpg\" alt=\"Plants de tomates\" width=\"2000\" height=\"1222\" loading=\"lazy\"  >\n            <\/div>\n<\/p><\/div>\n<p>Les poivrons commencent g\u00e9n\u00e9ralement en mars, alors consid\u00e9rez cela votre dernier appel \u00e0 d\u00e9marrer votre propre. Les tomates et les aubergines sont plus indulgentes, mais les poivrons ont besoin d&rsquo;une longue piste; Obtenez des tomates et des graines d&rsquo;aubergines sem\u00e9es d&rsquo;ici le 15 avril. \u00c0 mesure qu&rsquo;elles poussent, soyez brutal dans les semis d&rsquo;amincissement et le lancer commence avec tout signe de d\u00e9tresse ou de maladie; Vous ne pouvez pas vous permettre de perdre toutes vos plantes et la maladie se propage rapidement dans un espace de croissance. <\/p>\n<h2 id=\"start-succession-seeding-peas-and-other-vegetables-outside\">Commencer la succession des pois de semis et d&rsquo;autres l\u00e9gumes \u00e0 l&rsquo;ext\u00e9rieur<\/h2>\n<div class=\"eloquent-imagery-image\">\n<div class=\"flex justify-center\">\n                    <img decoding=\"async\" class=\"border border-gray-100\" src=\"https:\/\/vieassociative.be\/actualites\/wp-content\/uploads\/2025\/04\/1743988647_889_Tout-ce-que-je-suis-en-train-en-avril.jpg\" alt=\"Plants de carottes qui poussent\" width=\"2000\" height=\"1165\" loading=\"lazy\"  >\n            <\/div>\n<\/p><\/div>\n<p>\u00c0 ce jour, vous devriez semer des pois \u00e0 l&rsquo;ext\u00e9rieur. Planifiez une alerte du calendrier toutes les deux semaines et assurez-vous que vous obtenez des radis, des carottes, des betteraves, des oignons verts et de la laitue dans le sol. N&rsquo;oubliez pas que vous vous plantez de la succession, vous n&rsquo;avez donc pas besoin d&rsquo;une tonne pour y aller chaque semaine. Consid\u00e9rez le nombre de radis que vous mangerez vraiment toutes les quelques semaines et obtenez quelques vari\u00e9t\u00e9s diff\u00e9rentes. Les carottes sont un investissement \u00e0 plus long terme, mais les planter maintenant, successivement, profitent de la pluie que vous obtenez probablement pour des taux de germination plus faciles. Je fais de courtes rang\u00e9es de ces graines, donc j&rsquo;ai beaucoup de place pour eux. Vous devriez voir ces pois appara\u00eetre rapidement et la plantation toutes les deux semaines jusqu&rsquo;en avril vous assurera des pois jusqu&rsquo;\u00e0 ce que le temps devienne trop chaud pour eux. <\/p>\n<h2 id=\"cucumbers-squash-and-melon\">Concombres, courges et melon <\/h2>\n<p>De retour \u00e0 l&rsquo;int\u00e9rieur, regardez jusqu&rsquo;\u00e0 la fin du mois pour d\u00e9marrer les cucurbits et la courge. Il y a tellement de concombres \u00e0 consid\u00e9rer &#8211; pour le d\u00e9capage, pour le tranchage &#8211; et il y a des Cucamelons, une petite gherkine aigre qui est devenue tr\u00e8s populaire. J&rsquo;ai trouv\u00e9 que les concombres de marins b\u00e9n\u00e9ficiaient de la plantation de succession, alors je plante une s\u00e9rie de graines fin avril, puis \u00e0 nouveau d\u00e9but mai. Cela me permet d&rsquo;avoir une r\u00e9colte continue tout l&rsquo;\u00e9t\u00e9. Les citrouilles ne n\u00e9cessitent pas la m\u00eame succession; Ils ont tendance \u00e0 \u00eatre prolifiques seuls, mais fin avril est le moment de les planter \u00e0 l&rsquo;int\u00e9rieur. Les melons, les concombres et les courges sont tous des semis faciles; Ils arrivent rapidement et atteignent rapidement une taille transplantable, vous voulez donc les semer pr\u00e8s de la date que vous pouvez transplanter dans le jardin. <\/p>\n<p>Au fur et \u00e0 mesure que vous plantez des graines, il est facile de rejeter le conservatisme de quelques plantes de courgettes. N&rsquo;oubliez pas qu&rsquo;une usine de courgettes nourrit une nation et \u00e9conomisez beaucoup de travail en donnant une gigantesque courge en juillet.<\/p>\n<h2 id=\"onions-and-leeks-come-in-a-few-flavors\">Les oignons et les poireaux viennent en quelques saveurs<\/h2>\n<div class=\"eloquent-imagery-image\">\n<div class=\"flex justify-center\">\n                    <img decoding=\"async\" class=\"border border-gray-100\" src=\"https:\/\/vieassociative.be\/actualites\/wp-content\/uploads\/2025\/04\/1743988647_774_Tout-ce-que-je-suis-en-train-en-avril.jpg\" alt=\"Ensembles d'oignon\" width=\"2000\" height=\"971\" loading=\"lazy\"  >\n            <\/div>\n<\/p><\/div>\n<p>Il y a trois types d&rsquo;oignons \u00e0 consid\u00e9rer \u00e0 cette p\u00e9riode de l&rsquo;ann\u00e9e. Tout d&rsquo;abord, il y a des oignons, qui sont ceux que vous pouvez utiliser tout l&rsquo;hiver si vous les stockez correctement. Ceux-ci viendront en sets, que vous pourrez obtenir \u00e0 la p\u00e9pini\u00e8re en ce moment. Vous pouvez les cultiver \u00e0 partir de semences, mais vous \u00eates en retard cette ann\u00e9e, donc pour quelques dollars, prenez un ensemble et partagez-les avec des amis. Pour le placement, consid\u00e9rez que les tomates sont bien interpr\u00e9t\u00e9es avec des oignons. Ces d\u00e9parts group\u00e9s iront dans le sol maintenant, et vous voulez \u00eatre s\u00fbr de donner \u00e0 chacun d&rsquo;eux suffisamment de place, alors ne surchargez pas. Chaque oignon devrait avoir environ six \u00e0 huit pouces entre eux afin qu&rsquo;ils puissent vraiment \u00e9liminer l&rsquo;ampoule au cours de l&rsquo;\u00e9t\u00e9. <\/p>\n<div class=\"pogoClear relative my-10 border-b-(1.5px) border-t-(1.5px) border-dashed border-black py-5 sm:my-14 sm:border-0 sm:py-0\" x-cloak x-data=\"{ commentsCount: null }\" x-init=\"commentsCount = await window.openweb.getMessagesCount(116883)\" x-show=\"commentsCount !== null &amp;&amp; commentsCount &gt; 0\">\n<div class=\"absolute top-1\/2 hidden w-full -translate-y-1\/2 border-t-(1.5px) border-dashed border-black sm:block\"><\/div>\n<div class=\"relative flex justify-center\">\n<div class=\"flex max-w-max items-center gap-x-3 bg-white px-5\">\n<div class=\"relative\">\n                <span class=\"absolute left-1\/2 top-1\/2 -translate-x-1\/2 -translate-y-1\/2 font-akshar text-sm font-medium text-black\" x-text=\"commentsCount\"><\/span><\/p>\n<p>                <svg class=\"h-8 w-8 text-black\">\n                    <use href=\"http:\/\/lifehacker.com\/images\/icons\/spritemap.svg#sprite-chat-bubble\"><\/use>\n                <\/svg>\n            <\/div>\n<p>            <span class=\"text-sm font-medium text-black\">Que pensez-vous jusqu&rsquo;\u00e0 pr\u00e9sent? <button class=\"font-semibold text-brand-green underline hover:text-brand-green-700\" onclick=\"window.openweb.scrollToComments(116883)\">Publier un commentaire.<\/button><\/span>\n        <\/div>\n<\/p><\/div>\n<\/div>\n<p>Vous avez \u00e9galement des oignons verts ou des oignons verts, et ceux-ci peuvent \u00eatre ensemenc\u00e9s directement dans le sol toutes les quelques semaines comme un jardin facile \u00e0 cultiver. Le dernier article est les poireaux, qui ont une tr\u00e8s longue saison de croissance prolong\u00e9e, mais qui sont vraiment gratifiants en tant que r\u00e9colte d&rsquo;hiver et d&rsquo;automne. Les poireaux sont facilement cultiv\u00e9s \u00e0 partir de graines, alors commencez-les d\u00e9but avril. Vous ne cultivez pas les poireaux un par cellule, mais ils peuvent plut\u00f4t \u00eatre cultiv\u00e9s ensemble dans un tas dans un pot de quatre pouces ou n&rsquo;importe quel plateau que vous avez. Une fois qu&rsquo;ils ont atteint six pouces de hauteur, commencez \u00e0 les couper \u00e0 trois pouces et \u00e0 les laisser repartir. Lorsqu&rsquo;ils sont pr\u00eats \u00e0 planter, vous les s\u00e9parerez soigneusement et les planterez aussi profond\u00e9ment que possible, \u00e0 l&rsquo;ext\u00e9rieur. <\/p>\n<h2 id=\"its-time-for-all-the-flowers\">Il est temps pour toutes les fleurs<\/h2>\n<div class=\"eloquent-imagery-image\">\n<div class=\"flex justify-center\">\n                    <img decoding=\"async\" class=\"border border-gray-100\" src=\"https:\/\/vieassociative.be\/actualites\/wp-content\/uploads\/2025\/04\/1743988648_963_Tout-ce-que-je-suis-en-train-en-avril.jpg\" alt=\"Plants de fleurs\" width=\"2000\" height=\"1438\" loading=\"lazy\"  >\n            <\/div>\n<\/p><\/div>\n<p>Bien qu&rsquo;il soit trop tard pour les Snapdragons, c&rsquo;est le bon moment pour que les soucis, le nasturtium et le doux alyssum aient commenc\u00e9. Je mentionne ces trois ensemble sp\u00e9cifiquement parce que ce sont les \u00e9l\u00e9ments constitutifs de votre programme de pr\u00e9vention des ravageurs dans un jardin, et vous en voudrez partout, alors les a sur\u00e9valu\u00e9s, \u00e0 l&rsquo;int\u00e9rieur, maintenant. Vous pouvez ranger le nasturtium et l&rsquo;alyssum doux presque partout. \u00c0 ce stade, je commence la premi\u00e8re succession de toutes mes fleurs annuelles sauf des tournesols. C&rsquo;est Zinnia, Stock, Poet Flower, Foxglove, Delphinium, Echinacea, Cosmos, Scabiosa, Yarrow, Calendula, Flowet Flower, Salvia, Agastache et tout ce que vous pr\u00e9voyez. Si vous faites une deuxi\u00e8me succession, vous commencerez cela dans la troisi\u00e8me semaine d&rsquo;avril. <\/p>\n<h2 id=\"growing-herbs-from-seed-saves-money\">La culture d&rsquo;herbes \u00e0 partir de graines permet d&rsquo;\u00e9conomiser de l&rsquo;argent<\/h2>\n<p>La culture d&rsquo;herbes \u00e0 partir de graines est l&rsquo;une des meilleures fa\u00e7ons d&rsquo;\u00e9conomiser de l&rsquo;argent, car ils sont chers commencent \u00e0 la p\u00e9pini\u00e8re et co\u00fbteux \u00e0 acheter \u00e0 l&rsquo;\u00e9picerie. La plupart des semencent facilement aussi. Assurez-vous que vous obtenez la coriandre, le basilic et l&rsquo;aneth dans les plateaux de semences maintenant. N&rsquo;oubliez pas que l&rsquo;aneth est un moyen de dissuasion des ravageurs, alors en grandissez plus que vous avez besoin d&rsquo;utiliser aux c\u00f4t\u00e9s des soucis et de l&rsquo;alyssum doux. Dill, de la coriandre et du boulon de persil, vous voudrez donc succ\u00e9der \u00e0 les semer \u00e0 la mi-avril. C&rsquo;est le bon moment pour consid\u00e9rer les herbes que vous n&rsquo;aurez peut-\u00eatre pas auparavant, comme la camomille, la citronnelle, la verveine citronn\u00e9e et la ciboulette.<\/p>\n","protected":false},"excerpt":{"rendered":"<p>M\u00eame si vous n&rsquo;avez pas encore commenc\u00e9 votre graine, il est encore temps. Avril, c&rsquo;est quand les jardiniers doivent commencer \u00e0 \u00eatre des math\u00e9maticiens et<\/p>\n","protected":false},"author":1,"featured_media":6499,"comment_status":"","ping_status":"","sticky":false,"template":"","format":"standard","meta":{"footnotes":""},"categories":[40],"tags":[3232,2985,236,3026],"class_list":["post-6498","post","type-post","status-publish","format-standard","has-post-thumbnail","hentry","category-maison","tag-avril","tag-suis","tag-tout","tag-train","generate-columns","tablet-grid-50","mobile-grid-100","grid-parent","grid-33"],"yoast_head":"<!-- This site is optimized with the Yoast SEO plugin v24.0 - https:\/\/yoast.com\/wordpress\/plugins\/seo\/ -->\n<title>Tout ce que je suis en train en avril | Vie Associative<\/title>\n<meta name=\"robots\" content=\"index, follow, max-snippet:-1, max-image-preview:large, max-video-preview:-1\" \/>\n<link rel=\"canonical\" href=\"https:\/\/vieassociative.be\/actualites\/tout-ce-que-je-suis-en-train-en-avril\/\" \/>\n<meta property=\"og:locale\" content=\"fr_FR\" \/>\n<meta property=\"og:type\" content=\"article\" \/>\n<meta property=\"og:title\" content=\"Tout ce que je suis en train en avril | Vie Associative\" \/>\n<meta property=\"og:description\" content=\"M\u00eame si vous n&rsquo;avez pas encore commenc\u00e9 votre graine, il est encore temps. Avril, c&rsquo;est quand les jardiniers doivent commencer \u00e0 \u00eatre des math\u00e9maticiens et\" \/>\n<meta property=\"og:url\" content=\"https:\/\/vieassociative.be\/actualites\/tout-ce-que-je-suis-en-train-en-avril\/\" \/>\n<meta property=\"og:site_name\" content=\"Vie Associative\" \/>\n<meta property=\"article:published_time\" content=\"2025-04-07T01:17:28+00:00\" \/>\n<meta property=\"og:image\" content=\"https:\/\/vieassociative.be\/actualites\/wp-content\/uploads\/2025\/04\/Tout-ce-que-je-suis-en-train-en-avril.jpg\" \/>\n<meta name=\"author\" content=\"Julien\" \/>\n<meta name=\"twitter:card\" content=\"summary_large_image\" \/>\n<meta name=\"twitter:label1\" content=\"\u00c9crit par\" \/>\n\t<meta name=\"twitter:data1\" content=\"Julien\" \/>\n\t<meta name=\"twitter:label2\" content=\"Dur\u00e9e de lecture est.\" \/>\n\t<meta name=\"twitter:data2\" content=\"6 minutes\" \/>\n<script type=\"application\/ld+json\" class=\"yoast-schema-graph\">{\"@context\":\"https:\/\/schema.org\",\"@graph\":[{\"@type\":\"Article\",\"@id\":\"https:\/\/vieassociative.be\/actualites\/tout-ce-que-je-suis-en-train-en-avril\/#article\",\"isPartOf\":{\"@id\":\"https:\/\/vieassociative.be\/actualites\/tout-ce-que-je-suis-en-train-en-avril\/\"},\"author\":{\"name\":\"Julien\",\"@id\":\"https:\/\/vieassociative.be\/actualites\/#\/schema\/person\/b87ac4f82f9d4e7b7cec7395b679edc4\"},\"headline\":\"Tout ce que je suis en train en avril\",\"datePublished\":\"2025-04-07T01:17:28+00:00\",\"dateModified\":\"2025-04-07T01:17:28+00:00\",\"mainEntityOfPage\":{\"@id\":\"https:\/\/vieassociative.be\/actualites\/tout-ce-que-je-suis-en-train-en-avril\/\"},\"wordCount\":1320,\"publisher\":{\"@id\":\"https:\/\/vieassociative.be\/actualites\/#organization\"},\"image\":{\"@id\":\"https:\/\/vieassociative.be\/actualites\/tout-ce-que-je-suis-en-train-en-avril\/#primaryimage\"},\"thumbnailUrl\":\"https:\/\/vieassociative.be\/actualites\/wp-content\/uploads\/2025\/04\/1743988648_Tout-ce-que-je-suis-en-train-en-avril.jpg\",\"keywords\":[\"avril\",\"suis\",\"tout\",\"Train\"],\"articleSection\":[\"Maison\"],\"inLanguage\":\"fr-BE\"},{\"@type\":\"WebPage\",\"@id\":\"https:\/\/vieassociative.be\/actualites\/tout-ce-que-je-suis-en-train-en-avril\/\",\"url\":\"https:\/\/vieassociative.be\/actualites\/tout-ce-que-je-suis-en-train-en-avril\/\",\"name\":\"Tout ce que je suis en train en avril | Vie Associative\",\"isPartOf\":{\"@id\":\"https:\/\/vieassociative.be\/actualites\/#website\"},\"primaryImageOfPage\":{\"@id\":\"https:\/\/vieassociative.be\/actualites\/tout-ce-que-je-suis-en-train-en-avril\/#primaryimage\"},\"image\":{\"@id\":\"https:\/\/vieassociative.be\/actualites\/tout-ce-que-je-suis-en-train-en-avril\/#primaryimage\"},\"thumbnailUrl\":\"https:\/\/vieassociative.be\/actualites\/wp-content\/uploads\/2025\/04\/1743988648_Tout-ce-que-je-suis-en-train-en-avril.jpg\",\"datePublished\":\"2025-04-07T01:17:28+00:00\",\"dateModified\":\"2025-04-07T01:17:28+00:00\",\"breadcrumb\":{\"@id\":\"https:\/\/vieassociative.be\/actualites\/tout-ce-que-je-suis-en-train-en-avril\/#breadcrumb\"},\"inLanguage\":\"fr-BE\",\"potentialAction\":[{\"@type\":\"ReadAction\",\"target\":[\"https:\/\/vieassociative.be\/actualites\/tout-ce-que-je-suis-en-train-en-avril\/\"]}]},{\"@type\":\"ImageObject\",\"inLanguage\":\"fr-BE\",\"@id\":\"https:\/\/vieassociative.be\/actualites\/tout-ce-que-je-suis-en-train-en-avril\/#primaryimage\",\"url\":\"https:\/\/vieassociative.be\/actualites\/wp-content\/uploads\/2025\/04\/1743988648_Tout-ce-que-je-suis-en-train-en-avril.jpg\",\"contentUrl\":\"https:\/\/vieassociative.be\/actualites\/wp-content\/uploads\/2025\/04\/1743988648_Tout-ce-que-je-suis-en-train-en-avril.jpg\",\"width\":1200,\"height\":675,\"caption\":\"Tout ce que je suis en train en avril\"},{\"@type\":\"BreadcrumbList\",\"@id\":\"https:\/\/vieassociative.be\/actualites\/tout-ce-que-je-suis-en-train-en-avril\/#breadcrumb\",\"itemListElement\":[{\"@type\":\"ListItem\",\"position\":1,\"name\":\"Accueil\",\"item\":\"https:\/\/vieassociative.be\/actualites\/\"},{\"@type\":\"ListItem\",\"position\":2,\"name\":\"Tout ce que je suis en train en avril\"}]},{\"@type\":\"WebSite\",\"@id\":\"https:\/\/vieassociative.be\/actualites\/#website\",\"url\":\"https:\/\/vieassociative.be\/actualites\/\",\"name\":\"Vie Associative\",\"description\":\"\",\"publisher\":{\"@id\":\"https:\/\/vieassociative.be\/actualites\/#organization\"},\"potentialAction\":[{\"@type\":\"SearchAction\",\"target\":{\"@type\":\"EntryPoint\",\"urlTemplate\":\"https:\/\/vieassociative.be\/actualites\/?s={search_term_string}\"},\"query-input\":{\"@type\":\"PropertyValueSpecification\",\"valueRequired\":true,\"valueName\":\"search_term_string\"}}],\"inLanguage\":\"fr-BE\"},{\"@type\":\"Organization\",\"@id\":\"https:\/\/vieassociative.be\/actualites\/#organization\",\"name\":\"Vie Associative\",\"url\":\"https:\/\/vieassociative.be\/actualites\/\",\"logo\":{\"@type\":\"ImageObject\",\"inLanguage\":\"fr-BE\",\"@id\":\"https:\/\/vieassociative.be\/actualites\/#\/schema\/logo\/image\/\",\"url\":\"https:\/\/vieassociative.be\/actualites\/wp-content\/uploads\/2024\/09\/cropped-vieassociative_favicon.ico.png\",\"contentUrl\":\"https:\/\/vieassociative.be\/actualites\/wp-content\/uploads\/2024\/09\/cropped-vieassociative_favicon.ico.png\",\"width\":512,\"height\":512,\"caption\":\"Vie Associative\"},\"image\":{\"@id\":\"https:\/\/vieassociative.be\/actualites\/#\/schema\/logo\/image\/\"}},{\"@type\":\"Person\",\"@id\":\"https:\/\/vieassociative.be\/actualites\/#\/schema\/person\/b87ac4f82f9d4e7b7cec7395b679edc4\",\"name\":\"Julien\",\"image\":{\"@type\":\"ImageObject\",\"inLanguage\":\"fr-BE\",\"@id\":\"https:\/\/vieassociative.be\/actualites\/#\/schema\/person\/image\/\",\"url\":\"https:\/\/vieassociative.be\/actualites\/wp-content\/uploads\/2024\/09\/vie-associative-1-150x150.jpg\",\"contentUrl\":\"https:\/\/vieassociative.be\/actualites\/wp-content\/uploads\/2024\/09\/vie-associative-1-150x150.jpg\",\"caption\":\"Julien\"},\"description\":\"Je suis Julien, r\u00e9dacteur pour Vie Associative. Passionn\u00e9 par le monde associatif depuis plus de 10 ans, j'ai \u00e0 c\u0153ur de partager des histoires inspirantes et de mettre en lumi\u00e8re les initiatives locales. Mon objectif est de sensibiliser et d'encourager l'engagement communautaire \u00e0 travers mes articles.\",\"sameAs\":[\"https:\/\/vieassociative.be\/\"]}]}<\/script>\n<!-- \/ Yoast SEO plugin. -->","yoast_head_json":{"title":"Tout ce que je suis en train en avril | Vie Associative","robots":{"index":"index","follow":"follow","max-snippet":"max-snippet:-1","max-image-preview":"max-image-preview:large","max-video-preview":"max-video-preview:-1"},"canonical":"https:\/\/vieassociative.be\/actualites\/tout-ce-que-je-suis-en-train-en-avril\/","og_locale":"fr_FR","og_type":"article","og_title":"Tout ce que je suis en train en avril | Vie Associative","og_description":"M\u00eame si vous n&rsquo;avez pas encore commenc\u00e9 votre graine, il est encore temps. Avril, c&rsquo;est quand les jardiniers doivent commencer \u00e0 \u00eatre des math\u00e9maticiens et","og_url":"https:\/\/vieassociative.be\/actualites\/tout-ce-que-je-suis-en-train-en-avril\/","og_site_name":"Vie Associative","article_published_time":"2025-04-07T01:17:28+00:00","og_image":[{"url":"https:\/\/vieassociative.be\/actualites\/wp-content\/uploads\/2025\/04\/Tout-ce-que-je-suis-en-train-en-avril.jpg","type":"","width":"","height":""}],"author":"Julien","twitter_card":"summary_large_image","twitter_misc":{"\u00c9crit par":"Julien","Dur\u00e9e de lecture est.":"6 minutes"},"schema":{"@context":"https:\/\/schema.org","@graph":[{"@type":"Article","@id":"https:\/\/vieassociative.be\/actualites\/tout-ce-que-je-suis-en-train-en-avril\/#article","isPartOf":{"@id":"https:\/\/vieassociative.be\/actualites\/tout-ce-que-je-suis-en-train-en-avril\/"},"author":{"name":"Julien","@id":"https:\/\/vieassociative.be\/actualites\/#\/schema\/person\/b87ac4f82f9d4e7b7cec7395b679edc4"},"headline":"Tout ce que je suis en train en avril","datePublished":"2025-04-07T01:17:28+00:00","dateModified":"2025-04-07T01:17:28+00:00","mainEntityOfPage":{"@id":"https:\/\/vieassociative.be\/actualites\/tout-ce-que-je-suis-en-train-en-avril\/"},"wordCount":1320,"publisher":{"@id":"https:\/\/vieassociative.be\/actualites\/#organization"},"image":{"@id":"https:\/\/vieassociative.be\/actualites\/tout-ce-que-je-suis-en-train-en-avril\/#primaryimage"},"thumbnailUrl":"https:\/\/vieassociative.be\/actualites\/wp-content\/uploads\/2025\/04\/1743988648_Tout-ce-que-je-suis-en-train-en-avril.jpg","keywords":["avril","suis","tout","Train"],"articleSection":["Maison"],"inLanguage":"fr-BE"},{"@type":"WebPage","@id":"https:\/\/vieassociative.be\/actualites\/tout-ce-que-je-suis-en-train-en-avril\/","url":"https:\/\/vieassociative.be\/actualites\/tout-ce-que-je-suis-en-train-en-avril\/","name":"Tout ce que je suis en train en avril | Vie Associative","isPartOf":{"@id":"https:\/\/vieassociative.be\/actualites\/#website"},"primaryImageOfPage":{"@id":"https:\/\/vieassociative.be\/actualites\/tout-ce-que-je-suis-en-train-en-avril\/#primaryimage"},"image":{"@id":"https:\/\/vieassociative.be\/actualites\/tout-ce-que-je-suis-en-train-en-avril\/#primaryimage"},"thumbnailUrl":"https:\/\/vieassociative.be\/actualites\/wp-content\/uploads\/2025\/04\/1743988648_Tout-ce-que-je-suis-en-train-en-avril.jpg","datePublished":"2025-04-07T01:17:28+00:00","dateModified":"2025-04-07T01:17:28+00:00","breadcrumb":{"@id":"https:\/\/vieassociative.be\/actualites\/tout-ce-que-je-suis-en-train-en-avril\/#breadcrumb"},"inLanguage":"fr-BE","potentialAction":[{"@type":"ReadAction","target":["https:\/\/vieassociative.be\/actualites\/tout-ce-que-je-suis-en-train-en-avril\/"]}]},{"@type":"ImageObject","inLanguage":"fr-BE","@id":"https:\/\/vieassociative.be\/actualites\/tout-ce-que-je-suis-en-train-en-avril\/#primaryimage","url":"https:\/\/vieassociative.be\/actualites\/wp-content\/uploads\/2025\/04\/1743988648_Tout-ce-que-je-suis-en-train-en-avril.jpg","contentUrl":"https:\/\/vieassociative.be\/actualites\/wp-content\/uploads\/2025\/04\/1743988648_Tout-ce-que-je-suis-en-train-en-avril.jpg","width":1200,"height":675,"caption":"Tout ce que je suis en train en avril"},{"@type":"BreadcrumbList","@id":"https:\/\/vieassociative.be\/actualites\/tout-ce-que-je-suis-en-train-en-avril\/#breadcrumb","itemListElement":[{"@type":"ListItem","position":1,"name":"Accueil","item":"https:\/\/vieassociative.be\/actualites\/"},{"@type":"ListItem","position":2,"name":"Tout ce que je suis en train en avril"}]},{"@type":"WebSite","@id":"https:\/\/vieassociative.be\/actualites\/#website","url":"https:\/\/vieassociative.be\/actualites\/","name":"Vie Associative","description":"","publisher":{"@id":"https:\/\/vieassociative.be\/actualites\/#organization"},"potentialAction":[{"@type":"SearchAction","target":{"@type":"EntryPoint","urlTemplate":"https:\/\/vieassociative.be\/actualites\/?s={search_term_string}"},"query-input":{"@type":"PropertyValueSpecification","valueRequired":true,"valueName":"search_term_string"}}],"inLanguage":"fr-BE"},{"@type":"Organization","@id":"https:\/\/vieassociative.be\/actualites\/#organization","name":"Vie Associative","url":"https:\/\/vieassociative.be\/actualites\/","logo":{"@type":"ImageObject","inLanguage":"fr-BE","@id":"https:\/\/vieassociative.be\/actualites\/#\/schema\/logo\/image\/","url":"https:\/\/vieassociative.be\/actualites\/wp-content\/uploads\/2024\/09\/cropped-vieassociative_favicon.ico.png","contentUrl":"https:\/\/vieassociative.be\/actualites\/wp-content\/uploads\/2024\/09\/cropped-vieassociative_favicon.ico.png","width":512,"height":512,"caption":"Vie Associative"},"image":{"@id":"https:\/\/vieassociative.be\/actualites\/#\/schema\/logo\/image\/"}},{"@type":"Person","@id":"https:\/\/vieassociative.be\/actualites\/#\/schema\/person\/b87ac4f82f9d4e7b7cec7395b679edc4","name":"Julien","image":{"@type":"ImageObject","inLanguage":"fr-BE","@id":"https:\/\/vieassociative.be\/actualites\/#\/schema\/person\/image\/","url":"https:\/\/vieassociative.be\/actualites\/wp-content\/uploads\/2024\/09\/vie-associative-1-150x150.jpg","contentUrl":"https:\/\/vieassociative.be\/actualites\/wp-content\/uploads\/2024\/09\/vie-associative-1-150x150.jpg","caption":"Julien"},"description":"Je suis Julien, r\u00e9dacteur pour Vie Associative. Passionn\u00e9 par le monde associatif depuis plus de 10 ans, j'ai \u00e0 c\u0153ur de partager des histoires inspirantes et de mettre en lumi\u00e8re les initiatives locales. Mon objectif est de sensibiliser et d'encourager l'engagement communautaire \u00e0 travers mes articles.","sameAs":["https:\/\/vieassociative.be\/"]}]}},"_links":{"self":[{"href":"https:\/\/vieassociative.be\/actualites\/wp-json\/wp\/v2\/posts\/6498"}],"collection":[{"href":"https:\/\/vieassociative.be\/actualites\/wp-json\/wp\/v2\/posts"}],"about":[{"href":"https:\/\/vieassociative.be\/actualites\/wp-json\/wp\/v2\/types\/post"}],"author":[{"embeddable":true,"href":"https:\/\/vieassociative.be\/actualites\/wp-json\/wp\/v2\/users\/1"}],"replies":[{"embeddable":true,"href":"https:\/\/vieassociative.be\/actualites\/wp-json\/wp\/v2\/comments?post=6498"}],"version-history":[{"count":0,"href":"https:\/\/vieassociative.be\/actualites\/wp-json\/wp\/v2\/posts\/6498\/revisions"}],"wp:featuredmedia":[{"embeddable":true,"href":"https:\/\/vieassociative.be\/actualites\/wp-json\/wp\/v2\/media\/6499"}],"wp:attachment":[{"href":"https:\/\/vieassociative.be\/actualites\/wp-json\/wp\/v2\/media?parent=6498"}],"wp:term":[{"taxonomy":"category","embeddable":true,"href":"https:\/\/vieassociative.be\/actualites\/wp-json\/wp\/v2\/categories?post=6498"},{"taxonomy":"post_tag","embeddable":true,"href":"https:\/\/vieassociative.be\/actualites\/wp-json\/wp\/v2\/tags?post=6498"}],"curies":[{"name":"wp","href":"https:\/\/api.w.org\/{rel}","templated":true}]}}