{"id":6492,"date":"2025-04-06T22:17:32","date_gmt":"2025-04-06T20:17:32","guid":{"rendered":"https:\/\/vieassociative.be\/actualites\/le-pape-francois-se-montre-etonnamment-sur-petersplatz\/"},"modified":"2025-04-06T22:17:32","modified_gmt":"2025-04-06T20:17:32","slug":"le-pape-francois-se-montre-etonnamment-sur-petersplatz","status":"publish","type":"post","link":"https:\/\/vieassociative.be\/actualites\/le-pape-francois-se-montre-etonnamment-sur-petersplatz\/","title":{"rendered":"Le pape Fran\u00e7ois se montre \u00e9tonnamment sur Peter&rsquo;splatz"},"content":{"rendered":"<p><strong>Vient-il ou ne vient-il pas? C&rsquo;\u00e9tait la question que des milliers de croyants se sont pos\u00e9s devant la foire \u00e0 Rome. Et le pape avait une surprise pr\u00eate.<\/strong><\/p>\n<p><span id=\"more-412952\"><\/span>Le pape malade Fran\u00e7ois s&rsquo;est \u00e9tonnamment montr\u00e9 publiquement dimanche. \u00c0 la fin d&rsquo;une messe devant 20 000 croyants, le chef de l&rsquo;\u00e9glise catholique en fauteuil roulant a \u00e9t\u00e9 conduit sur la place Saint-Pierre. \u00ab\u00a0Passez un bon dimanche pour tout le monde. Merci\u00a0\u00bb, a d\u00e9clar\u00e9 Francis avec une voix audible en italien. Dans les images et les enregistrements de films, il a \u00e9galement \u00e9t\u00e9 constat\u00e9 que l&rsquo;oxyg\u00e8ne \u00e9tait introduit dans son nez \u00e0 travers des canules<\/p>\n<p>L&rsquo;archev\u00eaque Rino Fisichella avait d\u00e9j\u00e0 lu le sermon du pape. Dans ce document, le chef de l&rsquo;\u00c9glise catholique a d\u00e9crit la maladie comme une sorte d&rsquo;\u00e9cole.<\/p>\n<div id=\"attachment_412954\" class=\"wp-caption alignleft\" style=\"max-width: 300px\"><img fetchpriority=\"high\" decoding=\"async\" class=\"wp-image-412954 size-medium\" src=\"https:\/\/vieassociative.be\/actualites\/wp-content\/uploads\/2025\/04\/Le-pape-Francois-se-montre-etonnamment-sur-Petersplatz.jpg\" alt=\"\" width=\"300\" height=\"200\"><\/p>\n<p class=\"wp-caption-text\">04\/06\/2025, Vatican, Vatican City: Le pape Fran\u00e7ois passe la sainte porte en fauteuil roulant \u00e0 la fin d&rsquo;une foire sur la place Saint-Pierre au Vatican. Photo: Vatican Media via AP \/ Vatican Media \/ DPA<\/p>\n<\/div>\n<p>\u00ab\u00a0Avec vous, chers fr\u00e8res et s\u0153urs malades, je partage beaucoup \u00e0 ce moment de ma vie: l&rsquo;exp\u00e9rience de la maladie pour se sentir faible, d\u00e9pendre des autres, a besoin de soutien dans beaucoup de choses. Ce n&rsquo;est pas toujours facile, mais c&rsquo;est une \u00e9cole dans laquelle nous apprenons \u00e0 aimer et \u00e0 aimer chaque jour\u00a0\u00bb, a-t-il d\u00e9clar\u00e9, selon la traduction officielle allemande.<\/p>\n<p><strong>&#8211; Sorti de l&rsquo;h\u00f4pital il y a deux semaines:<\/strong> L&rsquo;homme de 88 ans, qui a souffert d&rsquo;une grave pneumonie, \u00e9tait retourn\u00e9e au Vatican deux semaines apr\u00e8s 38 jours de traitement pour patients hospitalis\u00e9s dans une clinique \u00e0 Rome. Cependant, il doit continuer \u00e0 s&rsquo;\u00e9pargner et n&rsquo;a gu\u00e8re \u00e9t\u00e9 vu jusqu&rsquo;\u00e0 pr\u00e9sent.<\/p>\n<p>Le salon dans le cadre de l&rsquo;ann\u00e9e sainte 2025 a \u00e9t\u00e9 sp\u00e9cifiquement d\u00e9di\u00e9 aux malades. Dans un texte envoy\u00e9 par la chaise sainte par \u00e9crit, le pape a \u00e9galement rappel\u00e9 la violence que les m\u00e9decins et le personnel infirmier devaient souvent souffrir. Il a appel\u00e9 \u00e0 la paix en Ukraine, \u00e0 Gaza, au Soudan, au Soudan du Sud, \u00e0 la R\u00e9publique d\u00e9mocratique du Congo, au Myanmar et en Ha\u00efti.<\/p>\n<p>L&rsquo;ann\u00e9e du Jubil\u00e9 2025 a commenc\u00e9 \u00e0 ouvrir la porte sainte dans la basilique Saint-Pierre le 24 d\u00e9cembre 2024. Les ann\u00e9es saintes sont c\u00e9l\u00e9br\u00e9es tous les 25 ans, mais il y a aussi des ann\u00e9es sacr\u00e9es extraordinaires entre les deux, comme en 2015\/16. Fisichella, qui a dirig\u00e9 la messe du dimanche en tant que c\u00e9l\u00e9brant, est un pr\u00e9fet pro-pr\u00e9fet du Dicut\u00e9rium pour l&rsquo;\u00e9vang\u00e9lisation. Les dicas\u00e9s sont des installations de la Curie romaine comparables aux d\u00e9partements d&rsquo;un gouvernement. (DPA)<\/p>\n","protected":false},"excerpt":{"rendered":"<p>Vient-il ou ne vient-il pas? C&rsquo;\u00e9tait la question que des milliers de croyants se sont pos\u00e9s devant la foire \u00e0 Rome. Et le pape avait<\/p>\n","protected":false},"author":1,"featured_media":6493,"comment_status":"","ping_status":"","sticky":false,"template":"","format":"standard","meta":{"footnotes":""},"categories":[298],"tags":[4607,4202,1252,4201,6224,33],"class_list":["post-6492","post","type-post","status-publish","format-standard","has-post-thumbnail","hentry","category-belgique","tag-etonnamment","tag-francois","tag-montre","tag-pape","tag-petersplatz","tag-sur","generate-columns","tablet-grid-50","mobile-grid-100","grid-parent","grid-33"],"yoast_head":"<!-- This site is optimized with the Yoast SEO plugin v24.0 - https:\/\/yoast.com\/wordpress\/plugins\/seo\/ -->\n<title>Le pape Fran\u00e7ois se montre \u00e9tonnamment sur Peter&#039;splatz | Vie Associative<\/title>\n<meta name=\"robots\" content=\"index, follow, max-snippet:-1, max-image-preview:large, max-video-preview:-1\" \/>\n<link rel=\"canonical\" href=\"https:\/\/vieassociative.be\/actualites\/le-pape-francois-se-montre-etonnamment-sur-petersplatz\/\" \/>\n<meta property=\"og:locale\" content=\"fr_FR\" \/>\n<meta property=\"og:type\" content=\"article\" \/>\n<meta property=\"og:title\" content=\"Le pape Fran\u00e7ois se montre \u00e9tonnamment sur Peter&#039;splatz | Vie Associative\" \/>\n<meta property=\"og:description\" content=\"Vient-il ou ne vient-il pas? C&rsquo;\u00e9tait la question que des milliers de croyants se sont pos\u00e9s devant la foire \u00e0 Rome. Et le pape avait\" \/>\n<meta property=\"og:url\" content=\"https:\/\/vieassociative.be\/actualites\/le-pape-francois-se-montre-etonnamment-sur-petersplatz\/\" \/>\n<meta property=\"og:site_name\" content=\"Vie Associative\" \/>\n<meta property=\"article:published_time\" content=\"2025-04-06T20:17:32+00:00\" \/>\n<meta property=\"og:image\" content=\"https:\/\/vieassociative.be\/actualites\/wp-content\/uploads\/2024\/09\/header_backgroundk-01-e1726694325946.png\" \/>\n\t<meta property=\"og:image:width\" content=\"279\" \/>\n\t<meta property=\"og:image:height\" content=\"92\" \/>\n\t<meta property=\"og:image:type\" content=\"image\/png\" \/>\n<meta name=\"author\" content=\"Julien\" \/>\n<meta name=\"twitter:card\" content=\"summary_large_image\" \/>\n<meta name=\"twitter:label1\" content=\"\u00c9crit par\" \/>\n\t<meta name=\"twitter:data1\" content=\"Julien\" \/>\n\t<meta name=\"twitter:label2\" content=\"Dur\u00e9e de lecture est.\" \/>\n\t<meta name=\"twitter:data2\" content=\"2 minutes\" \/>\n<script type=\"application\/ld+json\" class=\"yoast-schema-graph\">{\"@context\":\"https:\/\/schema.org\",\"@graph\":[{\"@type\":\"Article\",\"@id\":\"https:\/\/vieassociative.be\/actualites\/le-pape-francois-se-montre-etonnamment-sur-petersplatz\/#article\",\"isPartOf\":{\"@id\":\"https:\/\/vieassociative.be\/actualites\/le-pape-francois-se-montre-etonnamment-sur-petersplatz\/\"},\"author\":{\"name\":\"Julien\",\"@id\":\"https:\/\/vieassociative.be\/actualites\/#\/schema\/person\/b87ac4f82f9d4e7b7cec7395b679edc4\"},\"headline\":\"Le pape Fran\u00e7ois se montre \u00e9tonnamment sur Peter&rsquo;splatz\",\"datePublished\":\"2025-04-06T20:17:32+00:00\",\"dateModified\":\"2025-04-06T20:17:32+00:00\",\"mainEntityOfPage\":{\"@id\":\"https:\/\/vieassociative.be\/actualites\/le-pape-francois-se-montre-etonnamment-sur-petersplatz\/\"},\"wordCount\":472,\"publisher\":{\"@id\":\"https:\/\/vieassociative.be\/actualites\/#organization\"},\"image\":{\"@id\":\"https:\/\/vieassociative.be\/actualites\/le-pape-francois-se-montre-etonnamment-sur-petersplatz\/#primaryimage\"},\"thumbnailUrl\":\"https:\/\/vieassociative.be\/actualites\/wp-content\/uploads\/2025\/04\/1743970652_Le-pape-Francois-se-montre-etonnamment-sur-Petersplatz.jpg\",\"keywords\":[\"\u00e9tonnamment\",\"Fran\u00e7ois\",\"montre\",\"pape\",\"Petersplatz\",\"sur\"],\"articleSection\":[\"Belgique\"],\"inLanguage\":\"fr-BE\"},{\"@type\":\"WebPage\",\"@id\":\"https:\/\/vieassociative.be\/actualites\/le-pape-francois-se-montre-etonnamment-sur-petersplatz\/\",\"url\":\"https:\/\/vieassociative.be\/actualites\/le-pape-francois-se-montre-etonnamment-sur-petersplatz\/\",\"name\":\"Le pape Fran\u00e7ois se montre \u00e9tonnamment sur Peter'splatz | Vie Associative\",\"isPartOf\":{\"@id\":\"https:\/\/vieassociative.be\/actualites\/#website\"},\"primaryImageOfPage\":{\"@id\":\"https:\/\/vieassociative.be\/actualites\/le-pape-francois-se-montre-etonnamment-sur-petersplatz\/#primaryimage\"},\"image\":{\"@id\":\"https:\/\/vieassociative.be\/actualites\/le-pape-francois-se-montre-etonnamment-sur-petersplatz\/#primaryimage\"},\"thumbnailUrl\":\"https:\/\/vieassociative.be\/actualites\/wp-content\/uploads\/2025\/04\/1743970652_Le-pape-Francois-se-montre-etonnamment-sur-Petersplatz.jpg\",\"datePublished\":\"2025-04-06T20:17:32+00:00\",\"dateModified\":\"2025-04-06T20:17:32+00:00\",\"breadcrumb\":{\"@id\":\"https:\/\/vieassociative.be\/actualites\/le-pape-francois-se-montre-etonnamment-sur-petersplatz\/#breadcrumb\"},\"inLanguage\":\"fr-BE\",\"potentialAction\":[{\"@type\":\"ReadAction\",\"target\":[\"https:\/\/vieassociative.be\/actualites\/le-pape-francois-se-montre-etonnamment-sur-petersplatz\/\"]}]},{\"@type\":\"ImageObject\",\"inLanguage\":\"fr-BE\",\"@id\":\"https:\/\/vieassociative.be\/actualites\/le-pape-francois-se-montre-etonnamment-sur-petersplatz\/#primaryimage\",\"url\":\"https:\/\/vieassociative.be\/actualites\/wp-content\/uploads\/2025\/04\/1743970652_Le-pape-Francois-se-montre-etonnamment-sur-Petersplatz.jpg\",\"contentUrl\":\"https:\/\/vieassociative.be\/actualites\/wp-content\/uploads\/2025\/04\/1743970652_Le-pape-Francois-se-montre-etonnamment-sur-Petersplatz.jpg\",\"width\":1200,\"height\":800,\"caption\":\"Le pape Fran\u00e7ois se montre \u00e9tonnamment sur Peter'splatz\"},{\"@type\":\"BreadcrumbList\",\"@id\":\"https:\/\/vieassociative.be\/actualites\/le-pape-francois-se-montre-etonnamment-sur-petersplatz\/#breadcrumb\",\"itemListElement\":[{\"@type\":\"ListItem\",\"position\":1,\"name\":\"Accueil\",\"item\":\"https:\/\/vieassociative.be\/actualites\/\"},{\"@type\":\"ListItem\",\"position\":2,\"name\":\"Le pape Fran\u00e7ois se montre \u00e9tonnamment sur Peter&rsquo;splatz\"}]},{\"@type\":\"WebSite\",\"@id\":\"https:\/\/vieassociative.be\/actualites\/#website\",\"url\":\"https:\/\/vieassociative.be\/actualites\/\",\"name\":\"Vie Associative\",\"description\":\"\",\"publisher\":{\"@id\":\"https:\/\/vieassociative.be\/actualites\/#organization\"},\"potentialAction\":[{\"@type\":\"SearchAction\",\"target\":{\"@type\":\"EntryPoint\",\"urlTemplate\":\"https:\/\/vieassociative.be\/actualites\/?s={search_term_string}\"},\"query-input\":{\"@type\":\"PropertyValueSpecification\",\"valueRequired\":true,\"valueName\":\"search_term_string\"}}],\"inLanguage\":\"fr-BE\"},{\"@type\":\"Organization\",\"@id\":\"https:\/\/vieassociative.be\/actualites\/#organization\",\"name\":\"Vie Associative\",\"url\":\"https:\/\/vieassociative.be\/actualites\/\",\"logo\":{\"@type\":\"ImageObject\",\"inLanguage\":\"fr-BE\",\"@id\":\"https:\/\/vieassociative.be\/actualites\/#\/schema\/logo\/image\/\",\"url\":\"https:\/\/vieassociative.be\/actualites\/wp-content\/uploads\/2024\/09\/cropped-vieassociative_favicon.ico.png\",\"contentUrl\":\"https:\/\/vieassociative.be\/actualites\/wp-content\/uploads\/2024\/09\/cropped-vieassociative_favicon.ico.png\",\"width\":512,\"height\":512,\"caption\":\"Vie Associative\"},\"image\":{\"@id\":\"https:\/\/vieassociative.be\/actualites\/#\/schema\/logo\/image\/\"}},{\"@type\":\"Person\",\"@id\":\"https:\/\/vieassociative.be\/actualites\/#\/schema\/person\/b87ac4f82f9d4e7b7cec7395b679edc4\",\"name\":\"Julien\",\"image\":{\"@type\":\"ImageObject\",\"inLanguage\":\"fr-BE\",\"@id\":\"https:\/\/vieassociative.be\/actualites\/#\/schema\/person\/image\/\",\"url\":\"https:\/\/vieassociative.be\/actualites\/wp-content\/uploads\/2024\/09\/vie-associative-1-150x150.jpg\",\"contentUrl\":\"https:\/\/vieassociative.be\/actualites\/wp-content\/uploads\/2024\/09\/vie-associative-1-150x150.jpg\",\"caption\":\"Julien\"},\"description\":\"Je suis Julien, r\u00e9dacteur pour Vie Associative. Passionn\u00e9 par le monde associatif depuis plus de 10 ans, j'ai \u00e0 c\u0153ur de partager des histoires inspirantes et de mettre en lumi\u00e8re les initiatives locales. Mon objectif est de sensibiliser et d'encourager l'engagement communautaire \u00e0 travers mes articles.\",\"sameAs\":[\"https:\/\/vieassociative.be\/\"]}]}<\/script>\n<!-- \/ Yoast SEO plugin. -->","yoast_head_json":{"title":"Le pape Fran\u00e7ois se montre \u00e9tonnamment sur Peter'splatz | Vie Associative","robots":{"index":"index","follow":"follow","max-snippet":"max-snippet:-1","max-image-preview":"max-image-preview:large","max-video-preview":"max-video-preview:-1"},"canonical":"https:\/\/vieassociative.be\/actualites\/le-pape-francois-se-montre-etonnamment-sur-petersplatz\/","og_locale":"fr_FR","og_type":"article","og_title":"Le pape Fran\u00e7ois se montre \u00e9tonnamment sur Peter'splatz | Vie Associative","og_description":"Vient-il ou ne vient-il pas? C&rsquo;\u00e9tait la question que des milliers de croyants se sont pos\u00e9s devant la foire \u00e0 Rome. Et le pape avait","og_url":"https:\/\/vieassociative.be\/actualites\/le-pape-francois-se-montre-etonnamment-sur-petersplatz\/","og_site_name":"Vie Associative","article_published_time":"2025-04-06T20:17:32+00:00","og_image":[{"width":279,"height":92,"url":"https:\/\/vieassociative.be\/actualites\/wp-content\/uploads\/2024\/09\/header_backgroundk-01-e1726694325946.png","type":"image\/png"}],"author":"Julien","twitter_card":"summary_large_image","twitter_misc":{"\u00c9crit par":"Julien","Dur\u00e9e de lecture est.":"2 minutes"},"schema":{"@context":"https:\/\/schema.org","@graph":[{"@type":"Article","@id":"https:\/\/vieassociative.be\/actualites\/le-pape-francois-se-montre-etonnamment-sur-petersplatz\/#article","isPartOf":{"@id":"https:\/\/vieassociative.be\/actualites\/le-pape-francois-se-montre-etonnamment-sur-petersplatz\/"},"author":{"name":"Julien","@id":"https:\/\/vieassociative.be\/actualites\/#\/schema\/person\/b87ac4f82f9d4e7b7cec7395b679edc4"},"headline":"Le pape Fran\u00e7ois se montre \u00e9tonnamment sur Peter&rsquo;splatz","datePublished":"2025-04-06T20:17:32+00:00","dateModified":"2025-04-06T20:17:32+00:00","mainEntityOfPage":{"@id":"https:\/\/vieassociative.be\/actualites\/le-pape-francois-se-montre-etonnamment-sur-petersplatz\/"},"wordCount":472,"publisher":{"@id":"https:\/\/vieassociative.be\/actualites\/#organization"},"image":{"@id":"https:\/\/vieassociative.be\/actualites\/le-pape-francois-se-montre-etonnamment-sur-petersplatz\/#primaryimage"},"thumbnailUrl":"https:\/\/vieassociative.be\/actualites\/wp-content\/uploads\/2025\/04\/1743970652_Le-pape-Francois-se-montre-etonnamment-sur-Petersplatz.jpg","keywords":["\u00e9tonnamment","Fran\u00e7ois","montre","pape","Petersplatz","sur"],"articleSection":["Belgique"],"inLanguage":"fr-BE"},{"@type":"WebPage","@id":"https:\/\/vieassociative.be\/actualites\/le-pape-francois-se-montre-etonnamment-sur-petersplatz\/","url":"https:\/\/vieassociative.be\/actualites\/le-pape-francois-se-montre-etonnamment-sur-petersplatz\/","name":"Le pape Fran\u00e7ois se montre \u00e9tonnamment sur Peter'splatz | Vie Associative","isPartOf":{"@id":"https:\/\/vieassociative.be\/actualites\/#website"},"primaryImageOfPage":{"@id":"https:\/\/vieassociative.be\/actualites\/le-pape-francois-se-montre-etonnamment-sur-petersplatz\/#primaryimage"},"image":{"@id":"https:\/\/vieassociative.be\/actualites\/le-pape-francois-se-montre-etonnamment-sur-petersplatz\/#primaryimage"},"thumbnailUrl":"https:\/\/vieassociative.be\/actualites\/wp-content\/uploads\/2025\/04\/1743970652_Le-pape-Francois-se-montre-etonnamment-sur-Petersplatz.jpg","datePublished":"2025-04-06T20:17:32+00:00","dateModified":"2025-04-06T20:17:32+00:00","breadcrumb":{"@id":"https:\/\/vieassociative.be\/actualites\/le-pape-francois-se-montre-etonnamment-sur-petersplatz\/#breadcrumb"},"inLanguage":"fr-BE","potentialAction":[{"@type":"ReadAction","target":["https:\/\/vieassociative.be\/actualites\/le-pape-francois-se-montre-etonnamment-sur-petersplatz\/"]}]},{"@type":"ImageObject","inLanguage":"fr-BE","@id":"https:\/\/vieassociative.be\/actualites\/le-pape-francois-se-montre-etonnamment-sur-petersplatz\/#primaryimage","url":"https:\/\/vieassociative.be\/actualites\/wp-content\/uploads\/2025\/04\/1743970652_Le-pape-Francois-se-montre-etonnamment-sur-Petersplatz.jpg","contentUrl":"https:\/\/vieassociative.be\/actualites\/wp-content\/uploads\/2025\/04\/1743970652_Le-pape-Francois-se-montre-etonnamment-sur-Petersplatz.jpg","width":1200,"height":800,"caption":"Le pape Fran\u00e7ois se montre \u00e9tonnamment sur Peter'splatz"},{"@type":"BreadcrumbList","@id":"https:\/\/vieassociative.be\/actualites\/le-pape-francois-se-montre-etonnamment-sur-petersplatz\/#breadcrumb","itemListElement":[{"@type":"ListItem","position":1,"name":"Accueil","item":"https:\/\/vieassociative.be\/actualites\/"},{"@type":"ListItem","position":2,"name":"Le pape Fran\u00e7ois se montre \u00e9tonnamment sur Peter&rsquo;splatz"}]},{"@type":"WebSite","@id":"https:\/\/vieassociative.be\/actualites\/#website","url":"https:\/\/vieassociative.be\/actualites\/","name":"Vie Associative","description":"","publisher":{"@id":"https:\/\/vieassociative.be\/actualites\/#organization"},"potentialAction":[{"@type":"SearchAction","target":{"@type":"EntryPoint","urlTemplate":"https:\/\/vieassociative.be\/actualites\/?s={search_term_string}"},"query-input":{"@type":"PropertyValueSpecification","valueRequired":true,"valueName":"search_term_string"}}],"inLanguage":"fr-BE"},{"@type":"Organization","@id":"https:\/\/vieassociative.be\/actualites\/#organization","name":"Vie Associative","url":"https:\/\/vieassociative.be\/actualites\/","logo":{"@type":"ImageObject","inLanguage":"fr-BE","@id":"https:\/\/vieassociative.be\/actualites\/#\/schema\/logo\/image\/","url":"https:\/\/vieassociative.be\/actualites\/wp-content\/uploads\/2024\/09\/cropped-vieassociative_favicon.ico.png","contentUrl":"https:\/\/vieassociative.be\/actualites\/wp-content\/uploads\/2024\/09\/cropped-vieassociative_favicon.ico.png","width":512,"height":512,"caption":"Vie Associative"},"image":{"@id":"https:\/\/vieassociative.be\/actualites\/#\/schema\/logo\/image\/"}},{"@type":"Person","@id":"https:\/\/vieassociative.be\/actualites\/#\/schema\/person\/b87ac4f82f9d4e7b7cec7395b679edc4","name":"Julien","image":{"@type":"ImageObject","inLanguage":"fr-BE","@id":"https:\/\/vieassociative.be\/actualites\/#\/schema\/person\/image\/","url":"https:\/\/vieassociative.be\/actualites\/wp-content\/uploads\/2024\/09\/vie-associative-1-150x150.jpg","contentUrl":"https:\/\/vieassociative.be\/actualites\/wp-content\/uploads\/2024\/09\/vie-associative-1-150x150.jpg","caption":"Julien"},"description":"Je suis Julien, r\u00e9dacteur pour Vie Associative. Passionn\u00e9 par le monde associatif depuis plus de 10 ans, j'ai \u00e0 c\u0153ur de partager des histoires inspirantes et de mettre en lumi\u00e8re les initiatives locales. Mon objectif est de sensibiliser et d'encourager l'engagement communautaire \u00e0 travers mes articles.","sameAs":["https:\/\/vieassociative.be\/"]}]}},"_links":{"self":[{"href":"https:\/\/vieassociative.be\/actualites\/wp-json\/wp\/v2\/posts\/6492"}],"collection":[{"href":"https:\/\/vieassociative.be\/actualites\/wp-json\/wp\/v2\/posts"}],"about":[{"href":"https:\/\/vieassociative.be\/actualites\/wp-json\/wp\/v2\/types\/post"}],"author":[{"embeddable":true,"href":"https:\/\/vieassociative.be\/actualites\/wp-json\/wp\/v2\/users\/1"}],"replies":[{"embeddable":true,"href":"https:\/\/vieassociative.be\/actualites\/wp-json\/wp\/v2\/comments?post=6492"}],"version-history":[{"count":0,"href":"https:\/\/vieassociative.be\/actualites\/wp-json\/wp\/v2\/posts\/6492\/revisions"}],"wp:featuredmedia":[{"embeddable":true,"href":"https:\/\/vieassociative.be\/actualites\/wp-json\/wp\/v2\/media\/6493"}],"wp:attachment":[{"href":"https:\/\/vieassociative.be\/actualites\/wp-json\/wp\/v2\/media?parent=6492"}],"wp:term":[{"taxonomy":"category","embeddable":true,"href":"https:\/\/vieassociative.be\/actualites\/wp-json\/wp\/v2\/categories?post=6492"},{"taxonomy":"post_tag","embeddable":true,"href":"https:\/\/vieassociative.be\/actualites\/wp-json\/wp\/v2\/tags?post=6492"}],"curies":[{"name":"wp","href":"https:\/\/api.w.org\/{rel}","templated":true}]}}