{"id":6484,"date":"2025-04-06T18:17:46","date_gmt":"2025-04-06T16:17:46","guid":{"rendered":"https:\/\/vieassociative.be\/actualites\/les-champignons-farcis-a-la-friteuse-sont-ma-mini-mine-preferee\/"},"modified":"2025-04-06T18:17:46","modified_gmt":"2025-04-06T16:17:46","slug":"les-champignons-farcis-a-la-friteuse-sont-ma-mini-mine-preferee","status":"publish","type":"post","link":"https:\/\/vieassociative.be\/actualites\/les-champignons-farcis-a-la-friteuse-sont-ma-mini-mine-preferee\/","title":{"rendered":"Les champignons farcis \u00e0 la friteuse sont ma mini-mine pr\u00e9f\u00e9r\u00e9e"},"content":{"rendered":"<div class=\"mt-4 leading-6 md:mb-8\">La friteuse \u00e0 air frappe \u00e0 environ 30 minutes de la cuisson pour cette collation substantielle.<\/div>\n<p><\/p>\n<p>Les meilleurs champignons en peluche que j&rsquo;aie jamais mang\u00e9s \u00e9taient emball\u00e9s avec tant de garnitures, ils auraient pu tout aussi bien s&rsquo;appeler des boulettes de viande avec des fonds de champignons. Ils \u00e9taient si savoureux, juteux et d\u00e9licieux que j&rsquo;avais probablement la moiti\u00e9 du plateau; J&rsquo;\u00e9tais \u00e0 une f\u00eate et cet ap\u00e9ritif m&rsquo;a rendu compl\u00e8tement antisocial. Mais la bonne nouvelle est qu&rsquo;ils ont inspir\u00e9 cette recette simple pour les champignons farcis fris\u00e9s. <\/p>\n<p>Chaque fois que mon petit ami ou moi proposons des champignons en peluche pour un repas, c&rsquo;est comme annoncer \u00ab\u00a0Pizza Party!\u00a0\u00bb \u00e0 un groupe de 10 ans. Il y a un hal\u00e8tement excit\u00e9, les yeux s&rsquo;allument, peut-\u00eatre qu&rsquo;une pompe de poing se produit &#8211; c&rsquo;est \u00e0 quel point cette recette est bonne. Nous avions l&rsquo;habitude de les fabriquer dans le four conventionnel, ce qui est bien pour les grands lots si vous nourrissez une foule, mais pour les petits et moyens lots, la friteuse \u00e0 air \u00e9limine environ 30 minutes de cuisson. Et cela, mes amis, est une excellente nouvelle.<\/p>\n<div class=\"pogoClear mb-12 mt-10 rounded-md border-2 border-gray-100 py-7 shadow-xl md:py-6\">\n<div class=\"flex flex-wrap justify-between px-7 text-black no-underline md:flex-nowrap md:px-8\">\n<div class=\"order-1 mx-auto flex flex-col justify-center md:order-2 md:ml-4 md:w-full md:grow\">\n<div class=\"block cursor-pointer text-center font-akshar text-2xl font-medium leading-7 text-brand-green duration-200 ease-in-out hover:text-brand-green-700 md:text-left md:text-xl md:leading-6\">Bella Pro Series &#8211; 4-QT. Slim Digital Air Fryer &#8211; en acier inoxydable\n                <\/div>\n<div class=\"mt-4 hidden md:flex md:justify-between\">\n<div class=\"self-end\">\n<div class=\"mb-0 h-11 md:flex md:flex-col md:justify-center\">\n<div class=\" font-sans leading-4 text-black\">\n<div class=\"flex flex-wrap items-center justify-center gap-x-1 md:justify-start\">\n        <span class=\"font-bold\"><\/p>\n<p>            55,99 $<br \/>\n                            <span class=\"font-medium\">\u00e0 Best Buy<\/span><br \/>\n                    <\/span>\n            <\/div>\n<div class=\"flex items-center justify-center gap-x-1 font-bold md:justify-start\">\n            <span class=\"text-sm line-through\">69,99 $<\/span><br \/>\n            <span class=\"text-sm text-brand-green\">\u00c9conomisez 14,00 $<\/span>\n        <\/div>\n<\/p><\/div>\n<\/p><\/div>\n<\/p><\/div>\n<div class=\"w-44 self-end\">\n                            <button class=\"flex justify-center items-center w-full bg-brand-green text-white text-base font-sans font-medium rounded-md hover:bg-brand-green-700 hover:cursor-pointer md:text-sm h-11\"><\/p>\n<p>    Faire un magasin maintenant<br \/>\n<\/button>\n                        <\/div>\n<\/p><\/div>\n<\/p><\/div>\n<div class=\"order-2 mt-5 h-auto w-full md:order-1 md:mt-0 md:hidden\">\n<div class=\"flex aspect-video items-center justify-center\">\n                                            <img decoding=\"async\" class=\"m-0 max-h-full max-w-full rounded-md\" src=\"https:\/\/vieassociative.be\/actualites\/wp-content\/uploads\/2025\/04\/Les-champignons-farcis-a-la-friteuse-sont-ma-mini-mine-preferee.jpg\" alt=\"Bella Pro Series - 4-QT. Slim Digital Air Fryer - en acier inoxydable\" width=\"auto\" height=\"auto\" loading=\"lazy\">\n                                    <\/div>\n<\/p><\/div>\n<div class=\"order-2 ml-2 hidden w-32 shrink-0 items-center md:order-1 md:ml-0 md:flex\">\n<div class=\"flex aspect-video items-center justify-center\">\n                                            <img decoding=\"async\" class=\"m-0 max-h-full max-w-full rounded-md\" src=\"https:\/\/vieassociative.be\/actualites\/wp-content\/uploads\/2025\/04\/Les-champignons-farcis-a-la-friteuse-sont-ma-mini-mine-preferee.jpg\" alt=\"Bella Pro Series - 4-QT. Slim Digital Air Fryer - en acier inoxydable\" width=\"auto\" height=\"auto\" loading=\"lazy\">\n                                    <\/div>\n<\/p><\/div>\n<div class=\"order-3 flex grow flex-wrap md:hidden md:grow-0\">\n<div class=\"mt-4 w-full\">\n                        <button class=\"flex justify-center items-center w-full bg-brand-green text-white text-base font-sans font-medium rounded-md hover:bg-brand-green-700 hover:cursor-pointer md:text-sm h-11\"><\/p>\n<p>    Faire un magasin maintenant<br \/>\n<\/button>\n                    <\/div>\n<div class=\"mx-2 mt-4 w-full\">\n<div class=\" font-sans leading-4 text-black\">\n<div class=\"flex flex-wrap items-center justify-center gap-x-1 md:justify-start\">\n        <span class=\"font-bold\"><\/p>\n<p>            55,99 $<br \/>\n                            <span class=\"font-medium\">\u00e0 Best Buy<\/span><br \/>\n                    <\/span>\n            <\/div>\n<div class=\"flex items-center justify-center gap-x-1 font-bold md:justify-start\">\n            <span class=\"text-sm line-through\">69,99 $<\/span><br \/>\n            <span class=\"text-sm text-brand-green\">\u00c9conomisez 14,00 $<\/span>\n        <\/div>\n<\/p><\/div>\n<\/p><\/div>\n<\/p><\/div>\n<\/p><\/div>\n<\/div>\n<p>La cl\u00e9 de grands champignons en peluche n&rsquo;est pas seulement une garniture savoureuse, mais sur-effliquant la garniture. Cela finit par am\u00e9liorer le rapport de farce \/ championne et fait de cette collation en quelque chose de plus substantiel, quelque chose que j&rsquo;aime appeler une mini-dirig\u00e9e. Au d\u00e9but, cela semblera \u00eatre trop rempli pour ces petites cavit\u00e9s &#8211; et c&rsquo;est le point. Lorsque vous remplissez les champignons, j&rsquo;aime ajouter suffisamment de remplissage sur tous les bouchons de champignons juste pour remplir les divots, et dans le cas \u00e9trange que vous <em>ne le faites pas<\/em> Ayez un suppl\u00e9ment, au moins chaque plafond obtient suffisamment. Revenez ensuite avec la farce restante et empilez-la sur le dessus. Ils finiront par ressembler \u00e0 des sph\u00e8res si tout fonctionne bien.<\/p>\n<div class=\"eloquent-imagery-image\">\n<div class=\"flex justify-center\">\n                    <img decoding=\"async\" class=\"border border-gray-100\" src=\"https:\/\/vieassociative.be\/actualites\/wp-content\/uploads\/2025\/04\/1743956266_485_Les-champignons-farcis-a-la-friteuse-sont-ma-mini-mine-preferee.jpg\" alt=\"Champignon coup\u00e9 en deux sur une assiette.\" width=\"2000\" height=\"1124\" loading=\"lazy\"  >\n            <\/div>\n<\/p><\/div>\n<p>Ces petites bombes umamis sortent croustillantes sur le dessus mais juteuses \u00e0 l&rsquo;int\u00e9rieur. Les grands crememi ou les champignons boutonn\u00e9s sont id\u00e9aux, mais je semble toujours me retrouver avec une collection irr\u00e9guli\u00e8re de grands, moyens et pip-squeak. Normalement, ce serait un probl\u00e8me car de diff\u00e9rentes tailles cuisent \u00e0 des taux diff\u00e9rents, mais comme la garniture est pr\u00e9cass\u00e9e, vous cherchez simplement \u00e0 adoucir les champignons. La friteuse \u00e0 air ne chauffe que du haut, donc m\u00eame si les plus petits bouchons de champignons peuvent ne pas avoir besoin de ces deux derni\u00e8res minutes, ils sont prot\u00e9g\u00e9s par la garniture sur le dessus et ne pas trop cuire. <\/p>\n<h2 id=\"air-fried-stuffed-mushrooms-recipe\">Recette de champignons en peluche frit<\/h2>\n<p>Ingr\u00e9dients:<\/p>\n<ul>\n<li>\n<p>8-10 champignons moyens<\/p>\n<\/li>\n<li>\n<p>Spritz d&rsquo;huile pour les champignons<\/p>\n<\/li>\n<li>\n<p>1 cuill\u00e8re \u00e0 soupe de beurre<\/p>\n<\/li>\n<li>\n<p>1 petite \u00e9chalote, hach\u00e9e<\/p>\n<\/li>\n<li>\n<p>2 gousses d&rsquo;ail, hach\u00e9<\/p>\n<\/li>\n<li>\n<p>4 onces saucisses moulues (ou dinde)<\/p>\n<\/li>\n<li>\n<p>\u00bc cuill\u00e8re \u00e0 caf\u00e9 de sel<\/p>\n<\/li>\n<li>\n<p>1 once de fromage \u00e0 la cr\u00e8me<\/p>\n<\/li>\n<li>\n<p>\u00bc cuill\u00e8re \u00e0 caf\u00e9 de persil s\u00e9ch\u00e9<\/p>\n<\/li>\n<li>\n<p>1 cuill\u00e8re \u00e0 soupe de parmesan r\u00e2p\u00e9 (ou r\u00e2p\u00e9)<\/p>\n<\/li>\n<\/ul>\n<p>1. Tirez les tiges des bouchons de champignons. Alignez les bouchons de champignons, c\u00f4t\u00e9 rond vers le haut, sur une assiette. Vaporisez le bas avec un peu d&rsquo;huile et retournez-les pour que le c\u00f4t\u00e9 d\u00e9sempam\u00e9 soit en hausse.<\/p>\n<p>2. Hacher les tiges des champignons \u00e0 peu pr\u00e8s jusqu&rsquo;\u00e0 ce qu&rsquo;ils soient \u00e0 peu pr\u00e8s de la m\u00eame taille que l&rsquo;ail hach\u00e9 et l&rsquo;\u00e9chalote. Ajouter les tiges, l&rsquo;\u00e9chalote et l&rsquo;ail dans une po\u00eale avec le beurre. Faire sauter les l\u00e9gumes \u00e0 feu moyen-doux jusqu&rsquo;\u00e0 ce qu&rsquo;ils commencent \u00e0 ramollir et \u00e0 transpirer. Ajouter la saucisse moulue et le sel et le s\u00e9parer en petits morceaux pendant qu&rsquo;il cuit dans la po\u00eale. Une fois la viande qui vient de terminer la cuisson, \u00e9teignez le feu et versez le m\u00e9lange dans un petit bol.<\/p>\n<div class=\"pogoClear relative my-10 border-b-(1.5px) border-t-(1.5px) border-dashed border-black py-5 sm:my-14 sm:border-0 sm:py-0\" x-cloak x-data=\"{ commentsCount: null }\" x-init=\"commentsCount = await window.openweb.getMessagesCount(117543)\" x-show=\"commentsCount !== null &amp;&amp; commentsCount &gt; 0\">\n<div class=\"absolute top-1\/2 hidden w-full -translate-y-1\/2 border-t-(1.5px) border-dashed border-black sm:block\"><\/div>\n<div class=\"relative flex justify-center\">\n<div class=\"flex max-w-max items-center gap-x-3 bg-white px-5\">\n<div class=\"relative\">\n                <span class=\"absolute left-1\/2 top-1\/2 -translate-x-1\/2 -translate-y-1\/2 font-akshar text-sm font-medium text-black\" x-text=\"commentsCount\"><\/span><\/p>\n<p>                <svg class=\"h-8 w-8 text-black\">\n                    <use href=\"http:\/\/lifehacker.com\/images\/icons\/spritemap.svg#sprite-chat-bubble\"><\/use>\n                <\/svg>\n            <\/div>\n<p>            <span class=\"text-sm font-medium text-black\">Que pensez-vous jusqu&rsquo;\u00e0 pr\u00e9sent? <button class=\"font-semibold text-brand-green underline hover:text-brand-green-700\" onclick=\"window.openweb.scrollToComments(117543)\">Publier un commentaire.<\/button><\/span>\n        <\/div>\n<\/p><\/div>\n<\/div>\n<p>3. Ajouter le fromage \u00e0 la cr\u00e8me au m\u00e9lange chaud et remuer jusqu&rsquo;\u00e0 ce qu&rsquo;il soit bien combin\u00e9. Incorporer le persil et le parmesan.<\/p>\n<p>4. \u00c0 l&rsquo;aide d&rsquo;une petite cuill\u00e8re, ajoutez juste assez de garniture pour remplir chacun des bouchons de champignons. Appuyez fermement le m\u00e9lange avec le dos de votre cuill\u00e8re. Divisez la garniture restante parmi les champignons, en monticule la farce sur le dessus. <\/p>\n<p>5. R\u00e9glez la friteuse \u00e0 air sur le r\u00e9glage \u00abAir Fry\u00bb \u00e0 325 \u00b0 F et faites cuire les champignons farcis pendant 10 minutes. Laissez-les ensuite s&rsquo;asseoir et refroidir pendant 5 \u00e0 10 minutes. (Ce temps de repos permet aux champignons de r\u00e9absorber tous les jus l\u00e2ches dans le capuchon. De plus, ces jus sont chauds, donc cela leur donne une chance de refroidir.) Profitez-en comme un c\u00f4t\u00e9 \u00e0 un plus grand d\u00eener de collation, ou seul en mini-direct.<\/p>\n","protected":false},"excerpt":{"rendered":"<p>La friteuse \u00e0 air frappe \u00e0 environ 30 minutes de la cuisson pour cette collation substantielle. Les meilleurs champignons en peluche que j&rsquo;aie jamais mang\u00e9s<\/p>\n","protected":false},"author":1,"featured_media":6485,"comment_status":"","ping_status":"","sticky":false,"template":"","format":"standard","meta":{"footnotes":""},"categories":[39],"tags":[6219,6220,1326,14,6221,52,18],"class_list":["post-6484","post","type-post","status-publish","format-standard","has-post-thumbnail","hentry","category-gastronomie","tag-champignons","tag-farcis","tag-friteuse","tag-les","tag-minimine","tag-preferee","tag-sont","generate-columns","tablet-grid-50","mobile-grid-100","grid-parent","grid-33"],"yoast_head":"<!-- This site is optimized with the Yoast SEO plugin v24.0 - https:\/\/yoast.com\/wordpress\/plugins\/seo\/ -->\n<title>Les champignons farcis \u00e0 la friteuse sont ma mini-mine pr\u00e9f\u00e9r\u00e9e | Vie Associative<\/title>\n<meta name=\"robots\" content=\"index, follow, max-snippet:-1, max-image-preview:large, max-video-preview:-1\" \/>\n<link rel=\"canonical\" href=\"https:\/\/vieassociative.be\/actualites\/les-champignons-farcis-a-la-friteuse-sont-ma-mini-mine-preferee\/\" \/>\n<meta property=\"og:locale\" content=\"fr_FR\" \/>\n<meta property=\"og:type\" content=\"article\" \/>\n<meta property=\"og:title\" content=\"Les champignons farcis \u00e0 la friteuse sont ma mini-mine pr\u00e9f\u00e9r\u00e9e | Vie Associative\" \/>\n<meta property=\"og:description\" content=\"La friteuse \u00e0 air frappe \u00e0 environ 30 minutes de la cuisson pour cette collation substantielle. Les meilleurs champignons en peluche que j&rsquo;aie jamais mang\u00e9s\" \/>\n<meta property=\"og:url\" content=\"https:\/\/vieassociative.be\/actualites\/les-champignons-farcis-a-la-friteuse-sont-ma-mini-mine-preferee\/\" \/>\n<meta property=\"og:site_name\" content=\"Vie Associative\" \/>\n<meta property=\"article:published_time\" content=\"2025-04-06T16:17:46+00:00\" \/>\n<meta property=\"og:image\" content=\"https:\/\/vieassociative.be\/actualites\/wp-content\/uploads\/2025\/04\/Les-champignons-farcis-a-la-friteuse-sont-ma-mini-mine-preferee.jpg\" \/>\n<meta name=\"author\" content=\"Julien\" \/>\n<meta name=\"twitter:card\" content=\"summary_large_image\" \/>\n<meta name=\"twitter:label1\" content=\"\u00c9crit par\" \/>\n\t<meta name=\"twitter:data1\" content=\"Julien\" \/>\n\t<meta name=\"twitter:label2\" content=\"Dur\u00e9e de lecture est.\" \/>\n\t<meta name=\"twitter:data2\" content=\"4 minutes\" \/>\n<script type=\"application\/ld+json\" class=\"yoast-schema-graph\">{\"@context\":\"https:\/\/schema.org\",\"@graph\":[{\"@type\":\"Article\",\"@id\":\"https:\/\/vieassociative.be\/actualites\/les-champignons-farcis-a-la-friteuse-sont-ma-mini-mine-preferee\/#article\",\"isPartOf\":{\"@id\":\"https:\/\/vieassociative.be\/actualites\/les-champignons-farcis-a-la-friteuse-sont-ma-mini-mine-preferee\/\"},\"author\":{\"name\":\"Julien\",\"@id\":\"https:\/\/vieassociative.be\/actualites\/#\/schema\/person\/b87ac4f82f9d4e7b7cec7395b679edc4\"},\"headline\":\"Les champignons farcis \u00e0 la friteuse sont ma mini-mine pr\u00e9f\u00e9r\u00e9e\",\"datePublished\":\"2025-04-06T16:17:46+00:00\",\"dateModified\":\"2025-04-06T16:17:46+00:00\",\"mainEntityOfPage\":{\"@id\":\"https:\/\/vieassociative.be\/actualites\/les-champignons-farcis-a-la-friteuse-sont-ma-mini-mine-preferee\/\"},\"wordCount\":847,\"publisher\":{\"@id\":\"https:\/\/vieassociative.be\/actualites\/#organization\"},\"image\":{\"@id\":\"https:\/\/vieassociative.be\/actualites\/les-champignons-farcis-a-la-friteuse-sont-ma-mini-mine-preferee\/#primaryimage\"},\"thumbnailUrl\":\"https:\/\/vieassociative.be\/actualites\/wp-content\/uploads\/2025\/04\/1743956266_Les-champignons-farcis-a-la-friteuse-sont-ma-mini-mine-preferee.jpg\",\"keywords\":[\"champignons\",\"farcis\",\"friteuse\",\"Les\",\"minimine\",\"pr\u00e9f\u00e9r\u00e9e\",\"sont\"],\"articleSection\":[\"Gastronomie\"],\"inLanguage\":\"fr-BE\"},{\"@type\":\"WebPage\",\"@id\":\"https:\/\/vieassociative.be\/actualites\/les-champignons-farcis-a-la-friteuse-sont-ma-mini-mine-preferee\/\",\"url\":\"https:\/\/vieassociative.be\/actualites\/les-champignons-farcis-a-la-friteuse-sont-ma-mini-mine-preferee\/\",\"name\":\"Les champignons farcis \u00e0 la friteuse sont ma mini-mine pr\u00e9f\u00e9r\u00e9e | Vie Associative\",\"isPartOf\":{\"@id\":\"https:\/\/vieassociative.be\/actualites\/#website\"},\"primaryImageOfPage\":{\"@id\":\"https:\/\/vieassociative.be\/actualites\/les-champignons-farcis-a-la-friteuse-sont-ma-mini-mine-preferee\/#primaryimage\"},\"image\":{\"@id\":\"https:\/\/vieassociative.be\/actualites\/les-champignons-farcis-a-la-friteuse-sont-ma-mini-mine-preferee\/#primaryimage\"},\"thumbnailUrl\":\"https:\/\/vieassociative.be\/actualites\/wp-content\/uploads\/2025\/04\/1743956266_Les-champignons-farcis-a-la-friteuse-sont-ma-mini-mine-preferee.jpg\",\"datePublished\":\"2025-04-06T16:17:46+00:00\",\"dateModified\":\"2025-04-06T16:17:46+00:00\",\"breadcrumb\":{\"@id\":\"https:\/\/vieassociative.be\/actualites\/les-champignons-farcis-a-la-friteuse-sont-ma-mini-mine-preferee\/#breadcrumb\"},\"inLanguage\":\"fr-BE\",\"potentialAction\":[{\"@type\":\"ReadAction\",\"target\":[\"https:\/\/vieassociative.be\/actualites\/les-champignons-farcis-a-la-friteuse-sont-ma-mini-mine-preferee\/\"]}]},{\"@type\":\"ImageObject\",\"inLanguage\":\"fr-BE\",\"@id\":\"https:\/\/vieassociative.be\/actualites\/les-champignons-farcis-a-la-friteuse-sont-ma-mini-mine-preferee\/#primaryimage\",\"url\":\"https:\/\/vieassociative.be\/actualites\/wp-content\/uploads\/2025\/04\/1743956266_Les-champignons-farcis-a-la-friteuse-sont-ma-mini-mine-preferee.jpg\",\"contentUrl\":\"https:\/\/vieassociative.be\/actualites\/wp-content\/uploads\/2025\/04\/1743956266_Les-champignons-farcis-a-la-friteuse-sont-ma-mini-mine-preferee.jpg\",\"width\":1200,\"height\":675,\"caption\":\"Les champignons farcis \u00e0 la friteuse sont ma mini-mine pr\u00e9f\u00e9r\u00e9e\"},{\"@type\":\"BreadcrumbList\",\"@id\":\"https:\/\/vieassociative.be\/actualites\/les-champignons-farcis-a-la-friteuse-sont-ma-mini-mine-preferee\/#breadcrumb\",\"itemListElement\":[{\"@type\":\"ListItem\",\"position\":1,\"name\":\"Accueil\",\"item\":\"https:\/\/vieassociative.be\/actualites\/\"},{\"@type\":\"ListItem\",\"position\":2,\"name\":\"Les champignons farcis \u00e0 la friteuse sont ma mini-mine pr\u00e9f\u00e9r\u00e9e\"}]},{\"@type\":\"WebSite\",\"@id\":\"https:\/\/vieassociative.be\/actualites\/#website\",\"url\":\"https:\/\/vieassociative.be\/actualites\/\",\"name\":\"Vie Associative\",\"description\":\"\",\"publisher\":{\"@id\":\"https:\/\/vieassociative.be\/actualites\/#organization\"},\"potentialAction\":[{\"@type\":\"SearchAction\",\"target\":{\"@type\":\"EntryPoint\",\"urlTemplate\":\"https:\/\/vieassociative.be\/actualites\/?s={search_term_string}\"},\"query-input\":{\"@type\":\"PropertyValueSpecification\",\"valueRequired\":true,\"valueName\":\"search_term_string\"}}],\"inLanguage\":\"fr-BE\"},{\"@type\":\"Organization\",\"@id\":\"https:\/\/vieassociative.be\/actualites\/#organization\",\"name\":\"Vie Associative\",\"url\":\"https:\/\/vieassociative.be\/actualites\/\",\"logo\":{\"@type\":\"ImageObject\",\"inLanguage\":\"fr-BE\",\"@id\":\"https:\/\/vieassociative.be\/actualites\/#\/schema\/logo\/image\/\",\"url\":\"https:\/\/vieassociative.be\/actualites\/wp-content\/uploads\/2024\/09\/cropped-vieassociative_favicon.ico.png\",\"contentUrl\":\"https:\/\/vieassociative.be\/actualites\/wp-content\/uploads\/2024\/09\/cropped-vieassociative_favicon.ico.png\",\"width\":512,\"height\":512,\"caption\":\"Vie Associative\"},\"image\":{\"@id\":\"https:\/\/vieassociative.be\/actualites\/#\/schema\/logo\/image\/\"}},{\"@type\":\"Person\",\"@id\":\"https:\/\/vieassociative.be\/actualites\/#\/schema\/person\/b87ac4f82f9d4e7b7cec7395b679edc4\",\"name\":\"Julien\",\"image\":{\"@type\":\"ImageObject\",\"inLanguage\":\"fr-BE\",\"@id\":\"https:\/\/vieassociative.be\/actualites\/#\/schema\/person\/image\/\",\"url\":\"https:\/\/vieassociative.be\/actualites\/wp-content\/uploads\/2024\/09\/vie-associative-1-150x150.jpg\",\"contentUrl\":\"https:\/\/vieassociative.be\/actualites\/wp-content\/uploads\/2024\/09\/vie-associative-1-150x150.jpg\",\"caption\":\"Julien\"},\"description\":\"Je suis Julien, r\u00e9dacteur pour Vie Associative. Passionn\u00e9 par le monde associatif depuis plus de 10 ans, j'ai \u00e0 c\u0153ur de partager des histoires inspirantes et de mettre en lumi\u00e8re les initiatives locales. Mon objectif est de sensibiliser et d'encourager l'engagement communautaire \u00e0 travers mes articles.\",\"sameAs\":[\"https:\/\/vieassociative.be\/\"]}]}<\/script>\n<!-- \/ Yoast SEO plugin. -->","yoast_head_json":{"title":"Les champignons farcis \u00e0 la friteuse sont ma mini-mine pr\u00e9f\u00e9r\u00e9e | Vie Associative","robots":{"index":"index","follow":"follow","max-snippet":"max-snippet:-1","max-image-preview":"max-image-preview:large","max-video-preview":"max-video-preview:-1"},"canonical":"https:\/\/vieassociative.be\/actualites\/les-champignons-farcis-a-la-friteuse-sont-ma-mini-mine-preferee\/","og_locale":"fr_FR","og_type":"article","og_title":"Les champignons farcis \u00e0 la friteuse sont ma mini-mine pr\u00e9f\u00e9r\u00e9e | Vie Associative","og_description":"La friteuse \u00e0 air frappe \u00e0 environ 30 minutes de la cuisson pour cette collation substantielle. Les meilleurs champignons en peluche que j&rsquo;aie jamais mang\u00e9s","og_url":"https:\/\/vieassociative.be\/actualites\/les-champignons-farcis-a-la-friteuse-sont-ma-mini-mine-preferee\/","og_site_name":"Vie Associative","article_published_time":"2025-04-06T16:17:46+00:00","og_image":[{"url":"https:\/\/vieassociative.be\/actualites\/wp-content\/uploads\/2025\/04\/Les-champignons-farcis-a-la-friteuse-sont-ma-mini-mine-preferee.jpg","type":"","width":"","height":""}],"author":"Julien","twitter_card":"summary_large_image","twitter_misc":{"\u00c9crit par":"Julien","Dur\u00e9e de lecture est.":"4 minutes"},"schema":{"@context":"https:\/\/schema.org","@graph":[{"@type":"Article","@id":"https:\/\/vieassociative.be\/actualites\/les-champignons-farcis-a-la-friteuse-sont-ma-mini-mine-preferee\/#article","isPartOf":{"@id":"https:\/\/vieassociative.be\/actualites\/les-champignons-farcis-a-la-friteuse-sont-ma-mini-mine-preferee\/"},"author":{"name":"Julien","@id":"https:\/\/vieassociative.be\/actualites\/#\/schema\/person\/b87ac4f82f9d4e7b7cec7395b679edc4"},"headline":"Les champignons farcis \u00e0 la friteuse sont ma mini-mine pr\u00e9f\u00e9r\u00e9e","datePublished":"2025-04-06T16:17:46+00:00","dateModified":"2025-04-06T16:17:46+00:00","mainEntityOfPage":{"@id":"https:\/\/vieassociative.be\/actualites\/les-champignons-farcis-a-la-friteuse-sont-ma-mini-mine-preferee\/"},"wordCount":847,"publisher":{"@id":"https:\/\/vieassociative.be\/actualites\/#organization"},"image":{"@id":"https:\/\/vieassociative.be\/actualites\/les-champignons-farcis-a-la-friteuse-sont-ma-mini-mine-preferee\/#primaryimage"},"thumbnailUrl":"https:\/\/vieassociative.be\/actualites\/wp-content\/uploads\/2025\/04\/1743956266_Les-champignons-farcis-a-la-friteuse-sont-ma-mini-mine-preferee.jpg","keywords":["champignons","farcis","friteuse","Les","minimine","pr\u00e9f\u00e9r\u00e9e","sont"],"articleSection":["Gastronomie"],"inLanguage":"fr-BE"},{"@type":"WebPage","@id":"https:\/\/vieassociative.be\/actualites\/les-champignons-farcis-a-la-friteuse-sont-ma-mini-mine-preferee\/","url":"https:\/\/vieassociative.be\/actualites\/les-champignons-farcis-a-la-friteuse-sont-ma-mini-mine-preferee\/","name":"Les champignons farcis \u00e0 la friteuse sont ma mini-mine pr\u00e9f\u00e9r\u00e9e | Vie Associative","isPartOf":{"@id":"https:\/\/vieassociative.be\/actualites\/#website"},"primaryImageOfPage":{"@id":"https:\/\/vieassociative.be\/actualites\/les-champignons-farcis-a-la-friteuse-sont-ma-mini-mine-preferee\/#primaryimage"},"image":{"@id":"https:\/\/vieassociative.be\/actualites\/les-champignons-farcis-a-la-friteuse-sont-ma-mini-mine-preferee\/#primaryimage"},"thumbnailUrl":"https:\/\/vieassociative.be\/actualites\/wp-content\/uploads\/2025\/04\/1743956266_Les-champignons-farcis-a-la-friteuse-sont-ma-mini-mine-preferee.jpg","datePublished":"2025-04-06T16:17:46+00:00","dateModified":"2025-04-06T16:17:46+00:00","breadcrumb":{"@id":"https:\/\/vieassociative.be\/actualites\/les-champignons-farcis-a-la-friteuse-sont-ma-mini-mine-preferee\/#breadcrumb"},"inLanguage":"fr-BE","potentialAction":[{"@type":"ReadAction","target":["https:\/\/vieassociative.be\/actualites\/les-champignons-farcis-a-la-friteuse-sont-ma-mini-mine-preferee\/"]}]},{"@type":"ImageObject","inLanguage":"fr-BE","@id":"https:\/\/vieassociative.be\/actualites\/les-champignons-farcis-a-la-friteuse-sont-ma-mini-mine-preferee\/#primaryimage","url":"https:\/\/vieassociative.be\/actualites\/wp-content\/uploads\/2025\/04\/1743956266_Les-champignons-farcis-a-la-friteuse-sont-ma-mini-mine-preferee.jpg","contentUrl":"https:\/\/vieassociative.be\/actualites\/wp-content\/uploads\/2025\/04\/1743956266_Les-champignons-farcis-a-la-friteuse-sont-ma-mini-mine-preferee.jpg","width":1200,"height":675,"caption":"Les champignons farcis \u00e0 la friteuse sont ma mini-mine pr\u00e9f\u00e9r\u00e9e"},{"@type":"BreadcrumbList","@id":"https:\/\/vieassociative.be\/actualites\/les-champignons-farcis-a-la-friteuse-sont-ma-mini-mine-preferee\/#breadcrumb","itemListElement":[{"@type":"ListItem","position":1,"name":"Accueil","item":"https:\/\/vieassociative.be\/actualites\/"},{"@type":"ListItem","position":2,"name":"Les champignons farcis \u00e0 la friteuse sont ma mini-mine pr\u00e9f\u00e9r\u00e9e"}]},{"@type":"WebSite","@id":"https:\/\/vieassociative.be\/actualites\/#website","url":"https:\/\/vieassociative.be\/actualites\/","name":"Vie Associative","description":"","publisher":{"@id":"https:\/\/vieassociative.be\/actualites\/#organization"},"potentialAction":[{"@type":"SearchAction","target":{"@type":"EntryPoint","urlTemplate":"https:\/\/vieassociative.be\/actualites\/?s={search_term_string}"},"query-input":{"@type":"PropertyValueSpecification","valueRequired":true,"valueName":"search_term_string"}}],"inLanguage":"fr-BE"},{"@type":"Organization","@id":"https:\/\/vieassociative.be\/actualites\/#organization","name":"Vie Associative","url":"https:\/\/vieassociative.be\/actualites\/","logo":{"@type":"ImageObject","inLanguage":"fr-BE","@id":"https:\/\/vieassociative.be\/actualites\/#\/schema\/logo\/image\/","url":"https:\/\/vieassociative.be\/actualites\/wp-content\/uploads\/2024\/09\/cropped-vieassociative_favicon.ico.png","contentUrl":"https:\/\/vieassociative.be\/actualites\/wp-content\/uploads\/2024\/09\/cropped-vieassociative_favicon.ico.png","width":512,"height":512,"caption":"Vie Associative"},"image":{"@id":"https:\/\/vieassociative.be\/actualites\/#\/schema\/logo\/image\/"}},{"@type":"Person","@id":"https:\/\/vieassociative.be\/actualites\/#\/schema\/person\/b87ac4f82f9d4e7b7cec7395b679edc4","name":"Julien","image":{"@type":"ImageObject","inLanguage":"fr-BE","@id":"https:\/\/vieassociative.be\/actualites\/#\/schema\/person\/image\/","url":"https:\/\/vieassociative.be\/actualites\/wp-content\/uploads\/2024\/09\/vie-associative-1-150x150.jpg","contentUrl":"https:\/\/vieassociative.be\/actualites\/wp-content\/uploads\/2024\/09\/vie-associative-1-150x150.jpg","caption":"Julien"},"description":"Je suis Julien, r\u00e9dacteur pour Vie Associative. Passionn\u00e9 par le monde associatif depuis plus de 10 ans, j'ai \u00e0 c\u0153ur de partager des histoires inspirantes et de mettre en lumi\u00e8re les initiatives locales. Mon objectif est de sensibiliser et d'encourager l'engagement communautaire \u00e0 travers mes articles.","sameAs":["https:\/\/vieassociative.be\/"]}]}},"_links":{"self":[{"href":"https:\/\/vieassociative.be\/actualites\/wp-json\/wp\/v2\/posts\/6484"}],"collection":[{"href":"https:\/\/vieassociative.be\/actualites\/wp-json\/wp\/v2\/posts"}],"about":[{"href":"https:\/\/vieassociative.be\/actualites\/wp-json\/wp\/v2\/types\/post"}],"author":[{"embeddable":true,"href":"https:\/\/vieassociative.be\/actualites\/wp-json\/wp\/v2\/users\/1"}],"replies":[{"embeddable":true,"href":"https:\/\/vieassociative.be\/actualites\/wp-json\/wp\/v2\/comments?post=6484"}],"version-history":[{"count":0,"href":"https:\/\/vieassociative.be\/actualites\/wp-json\/wp\/v2\/posts\/6484\/revisions"}],"wp:featuredmedia":[{"embeddable":true,"href":"https:\/\/vieassociative.be\/actualites\/wp-json\/wp\/v2\/media\/6485"}],"wp:attachment":[{"href":"https:\/\/vieassociative.be\/actualites\/wp-json\/wp\/v2\/media?parent=6484"}],"wp:term":[{"taxonomy":"category","embeddable":true,"href":"https:\/\/vieassociative.be\/actualites\/wp-json\/wp\/v2\/categories?post=6484"},{"taxonomy":"post_tag","embeddable":true,"href":"https:\/\/vieassociative.be\/actualites\/wp-json\/wp\/v2\/tags?post=6484"}],"curies":[{"name":"wp","href":"https:\/\/api.w.org\/{rel}","templated":true}]}}