{"id":6482,"date":"2025-04-06T15:18:11","date_gmt":"2025-04-06T13:18:11","guid":{"rendered":"https:\/\/vieassociative.be\/actualites\/les-precommandes-de-nintendo-switch-2-sont-desormais-retardees-grace-aux-tarifs\/"},"modified":"2025-04-06T15:18:11","modified_gmt":"2025-04-06T13:18:11","slug":"les-precommandes-de-nintendo-switch-2-sont-desormais-retardees-grace-aux-tarifs","status":"publish","type":"post","link":"https:\/\/vieassociative.be\/actualites\/les-precommandes-de-nintendo-switch-2-sont-desormais-retardees-grace-aux-tarifs\/","title":{"rendered":"Les pr\u00e9commandes de Nintendo Switch 2 sont d\u00e9sormais retard\u00e9es, gr\u00e2ce aux tarifs"},"content":{"rendered":"<div class=\"mt-4 leading-6 md:mb-8\">Nintendo pr\u00e9voyait \u00e0 l&rsquo;origine d&rsquo;ouvrir la pr\u00e9commande pour le Switch 2 le 9 avril.<\/div>\n<p><\/p>\n<p>Il y a beaucoup de battage m\u00e9diatique autour du Switch 2. La prochaine console de Nintendo am\u00e9liore le commutateur de huit ans, maintenant, presque toutes les mani\u00e8res, soutenant la r\u00e9solution HDR 4K, les taux de rafra\u00eechissement \u00e9lev\u00e9s et m\u00eame le \u00ab\u00a0mode de souris\u00a0\u00bb via le Joy-Cons 2. <\/p>\n<p>En plus de toutes les nouvelles fonctionnalit\u00e9s et modifications annonc\u00e9es mercredi, Nintendo a \u00e9galement r\u00e9v\u00e9l\u00e9 la date de sortie (5 juin) ainsi que la date de pr\u00e9commande (9 avril). Les fans passionn\u00e9s de Nintendo pourraient avoir ajout\u00e9 cette journ\u00e9e de pr\u00e9commande \u00e0 leurs calendriers, peut-\u00eatre s&rsquo;inscrivant aux alertes de divers magasins pour s&rsquo;assurer qu&rsquo;ils accrochent leur console d\u00e8s que possible humainement. Cependant, j&rsquo;ai de mauvaises nouvelles: les pr\u00e9commandes du Switch 2 sont officiellement retard\u00e9es. <\/p>\n<p>Nintendo a partag\u00e9 la nouvelle avec les m\u00e9dias vendredi matin. Sa br\u00e8ve d\u00e9claration se lit comme suit: \u00ab\u00a0Les pr\u00e9commandes de Nintendo Switch 2 aux \u00c9tats-Unis ne commenceront pas le 9 avril 2025 afin d&rsquo;\u00e9valuer l&rsquo;impact potentiel des tarifs et des conditions de march\u00e9 \u00e9volutives. Nintendo mettra \u00e0 jour le calendrier \u00e0 une date ult\u00e9rieure. La date de lancement du 5 juin 2025 est inchang\u00e9e.\u00a0\u00bb<\/p>\n<p>Il n&rsquo;y a pas d&rsquo;ambigu\u00eft\u00e9 ici. Les tarifs que l&rsquo;administration Trump a impos\u00e9 au hasard aux pays du monde entier &#8211; ainsi que les tarifs de repr\u00e9sailles que les pays ont impos\u00e9s aux \u00c9tats-Unis &#8211; sont directement responsables de la d\u00e9cision de Nintendo de retirer la date de pr\u00e9commande pour Switch 2. Nous ne savons pas ce que l&rsquo;entreprise est sp\u00e9cifiquement recherch\u00e9e avant qu&rsquo;ils ne choisissent un nouveau processus amusant.<\/p>\n<div class=\"pogoClear relative my-10 border-b-(1.5px) border-t-(1.5px) border-dashed border-black py-5 sm:my-14 sm:border-0 sm:py-0\" x-cloak x-data=\"{ commentsCount: null }\" x-init=\"commentsCount = await window.openweb.getMessagesCount(122567)\" x-show=\"commentsCount !== null &amp;&amp; commentsCount &gt; 0\">\n<div class=\"absolute top-1\/2 hidden w-full -translate-y-1\/2 border-t-(1.5px) border-dashed border-black sm:block\"><\/div>\n<div class=\"relative flex justify-center\">\n<div class=\"flex max-w-max items-center gap-x-3 bg-white px-5\">\n<div class=\"relative\">\n                <span class=\"absolute left-1\/2 top-1\/2 -translate-x-1\/2 -translate-y-1\/2 font-akshar text-sm font-medium text-black\" x-text=\"commentsCount\"><\/span><\/p>\n<p>                <svg class=\"h-8 w-8 text-black\">\n                    <use href=\"http:\/\/lifehacker.com\/images\/icons\/spritemap.svg#sprite-chat-bubble\"><\/use>\n                <\/svg>\n            <\/div>\n<p>            <span class=\"text-sm font-medium text-black\">Que pensez-vous jusqu&rsquo;\u00e0 pr\u00e9sent? <button class=\"font-semibold text-brand-green underline hover:text-brand-green-700\" onclick=\"window.openweb.scrollToComments(122567)\">Publier un commentaire.<\/button><\/span>\n        <\/div>\n<\/p><\/div>\n<\/div>\n<p>Nous ne savons pas non plus ce que cela signifie pour le prix du Switch 2 en dehors du Japon. L&rsquo;entreprise n&rsquo;a pas officiellement annonc\u00e9 le prix pendant la Nintendo Direct lui-m\u00eame, choisissant de r\u00e9v\u00e9ler le PDSF de 450 $ apr\u00e8s la fin de l&rsquo;\u00e9v\u00e9nement. Il est enti\u00e8rement possible que Nintendo d\u00e9cide d&rsquo;augmenter le prix de la console en r\u00e9ponse \u00e0 ces tarifs, transmettant les co\u00fbts gonfl\u00e9s aux consommateurs. En fait, il y avait d\u00e9j\u00e0 un \u00e9cart de prix avant le retard &#8211; tandis que les Am\u00e9ricains se pr\u00e9paraient \u00e0 payer 450 $ pour le Switch 2 (500 $ pour le <em>Mario Kart World<\/em> Bundle), les clients japonais n&rsquo;ont qu&rsquo;\u00e0 payer 49 980 yens, soit environ 333 $.<\/p>\n","protected":false},"excerpt":{"rendered":"<p>Nintendo pr\u00e9voyait \u00e0 l&rsquo;origine d&rsquo;ouvrir la pr\u00e9commande pour le Switch 2 le 9 avril. Il y a beaucoup de battage m\u00e9diatique autour du Switch 2.<\/p>\n","protected":false},"author":1,"featured_media":6483,"comment_status":"","ping_status":"","sticky":false,"template":"","format":"standard","meta":{"footnotes":""},"categories":[36],"tags":[289,6,527,14,1389,6218,1068,18,1390,5819],"class_list":["post-6482","post","type-post","status-publish","format-standard","has-post-thumbnail","hentry","category-divertissement","tag-aux","tag-desormais","tag-grace","tag-les","tag-nintendo","tag-precommandes","tag-retardees","tag-sont","tag-switch","tag-tarifs","generate-columns","tablet-grid-50","mobile-grid-100","grid-parent","grid-33"],"yoast_head":"<!-- This site is optimized with the Yoast SEO plugin v24.0 - https:\/\/yoast.com\/wordpress\/plugins\/seo\/ -->\n<title>Les pr\u00e9commandes de Nintendo Switch 2 sont d\u00e9sormais retard\u00e9es, gr\u00e2ce aux tarifs | Vie Associative<\/title>\n<meta name=\"robots\" content=\"index, follow, max-snippet:-1, max-image-preview:large, max-video-preview:-1\" \/>\n<link rel=\"canonical\" href=\"https:\/\/vieassociative.be\/actualites\/les-precommandes-de-nintendo-switch-2-sont-desormais-retardees-grace-aux-tarifs\/\" \/>\n<meta property=\"og:locale\" content=\"fr_FR\" \/>\n<meta property=\"og:type\" content=\"article\" \/>\n<meta property=\"og:title\" content=\"Les pr\u00e9commandes de Nintendo Switch 2 sont d\u00e9sormais retard\u00e9es, gr\u00e2ce aux tarifs | Vie Associative\" \/>\n<meta property=\"og:description\" content=\"Nintendo pr\u00e9voyait \u00e0 l&rsquo;origine d&rsquo;ouvrir la pr\u00e9commande pour le Switch 2 le 9 avril. Il y a beaucoup de battage m\u00e9diatique autour du Switch 2.\" \/>\n<meta property=\"og:url\" content=\"https:\/\/vieassociative.be\/actualites\/les-precommandes-de-nintendo-switch-2-sont-desormais-retardees-grace-aux-tarifs\/\" \/>\n<meta property=\"og:site_name\" content=\"Vie Associative\" \/>\n<meta property=\"article:published_time\" content=\"2025-04-06T13:18:11+00:00\" \/>\n<meta property=\"og:image\" content=\"https:\/\/vieassociative.be\/actualites\/wp-content\/uploads\/2024\/09\/header_backgroundk-01-e1726694325946.png\" \/>\n\t<meta property=\"og:image:width\" content=\"279\" \/>\n\t<meta property=\"og:image:height\" content=\"92\" \/>\n\t<meta property=\"og:image:type\" content=\"image\/png\" \/>\n<meta name=\"author\" content=\"Julien\" \/>\n<meta name=\"twitter:card\" content=\"summary_large_image\" \/>\n<meta name=\"twitter:label1\" content=\"\u00c9crit par\" \/>\n\t<meta name=\"twitter:data1\" content=\"Julien\" \/>\n\t<meta name=\"twitter:label2\" content=\"Dur\u00e9e de lecture est.\" \/>\n\t<meta name=\"twitter:data2\" content=\"2 minutes\" \/>\n<script type=\"application\/ld+json\" class=\"yoast-schema-graph\">{\"@context\":\"https:\/\/schema.org\",\"@graph\":[{\"@type\":\"Article\",\"@id\":\"https:\/\/vieassociative.be\/actualites\/les-precommandes-de-nintendo-switch-2-sont-desormais-retardees-grace-aux-tarifs\/#article\",\"isPartOf\":{\"@id\":\"https:\/\/vieassociative.be\/actualites\/les-precommandes-de-nintendo-switch-2-sont-desormais-retardees-grace-aux-tarifs\/\"},\"author\":{\"name\":\"Julien\",\"@id\":\"https:\/\/vieassociative.be\/actualites\/#\/schema\/person\/b87ac4f82f9d4e7b7cec7395b679edc4\"},\"headline\":\"Les pr\u00e9commandes de Nintendo Switch 2 sont d\u00e9sormais retard\u00e9es, gr\u00e2ce aux tarifs\",\"datePublished\":\"2025-04-06T13:18:11+00:00\",\"dateModified\":\"2025-04-06T13:18:11+00:00\",\"mainEntityOfPage\":{\"@id\":\"https:\/\/vieassociative.be\/actualites\/les-precommandes-de-nintendo-switch-2-sont-desormais-retardees-grace-aux-tarifs\/\"},\"wordCount\":444,\"publisher\":{\"@id\":\"https:\/\/vieassociative.be\/actualites\/#organization\"},\"image\":{\"@id\":\"https:\/\/vieassociative.be\/actualites\/les-precommandes-de-nintendo-switch-2-sont-desormais-retardees-grace-aux-tarifs\/#primaryimage\"},\"thumbnailUrl\":\"https:\/\/vieassociative.be\/actualites\/wp-content\/uploads\/2025\/04\/Les-precommandes-de-Nintendo-Switch-2-sont-desormais-retardees-grace.jpg\",\"keywords\":[\"aux\",\"d\u00e9sormais\",\"gr\u00e2ce\",\"Les\",\"Nintendo\",\"pr\u00e9commandes\",\"retard\u00e9es\",\"sont\",\"Switch\",\"tarifs\"],\"articleSection\":[\"Divertissement\"],\"inLanguage\":\"fr-BE\"},{\"@type\":\"WebPage\",\"@id\":\"https:\/\/vieassociative.be\/actualites\/les-precommandes-de-nintendo-switch-2-sont-desormais-retardees-grace-aux-tarifs\/\",\"url\":\"https:\/\/vieassociative.be\/actualites\/les-precommandes-de-nintendo-switch-2-sont-desormais-retardees-grace-aux-tarifs\/\",\"name\":\"Les pr\u00e9commandes de Nintendo Switch 2 sont d\u00e9sormais retard\u00e9es, gr\u00e2ce aux tarifs | Vie Associative\",\"isPartOf\":{\"@id\":\"https:\/\/vieassociative.be\/actualites\/#website\"},\"primaryImageOfPage\":{\"@id\":\"https:\/\/vieassociative.be\/actualites\/les-precommandes-de-nintendo-switch-2-sont-desormais-retardees-grace-aux-tarifs\/#primaryimage\"},\"image\":{\"@id\":\"https:\/\/vieassociative.be\/actualites\/les-precommandes-de-nintendo-switch-2-sont-desormais-retardees-grace-aux-tarifs\/#primaryimage\"},\"thumbnailUrl\":\"https:\/\/vieassociative.be\/actualites\/wp-content\/uploads\/2025\/04\/Les-precommandes-de-Nintendo-Switch-2-sont-desormais-retardees-grace.jpg\",\"datePublished\":\"2025-04-06T13:18:11+00:00\",\"dateModified\":\"2025-04-06T13:18:11+00:00\",\"breadcrumb\":{\"@id\":\"https:\/\/vieassociative.be\/actualites\/les-precommandes-de-nintendo-switch-2-sont-desormais-retardees-grace-aux-tarifs\/#breadcrumb\"},\"inLanguage\":\"fr-BE\",\"potentialAction\":[{\"@type\":\"ReadAction\",\"target\":[\"https:\/\/vieassociative.be\/actualites\/les-precommandes-de-nintendo-switch-2-sont-desormais-retardees-grace-aux-tarifs\/\"]}]},{\"@type\":\"ImageObject\",\"inLanguage\":\"fr-BE\",\"@id\":\"https:\/\/vieassociative.be\/actualites\/les-precommandes-de-nintendo-switch-2-sont-desormais-retardees-grace-aux-tarifs\/#primaryimage\",\"url\":\"https:\/\/vieassociative.be\/actualites\/wp-content\/uploads\/2025\/04\/Les-precommandes-de-Nintendo-Switch-2-sont-desormais-retardees-grace.jpg\",\"contentUrl\":\"https:\/\/vieassociative.be\/actualites\/wp-content\/uploads\/2025\/04\/Les-precommandes-de-Nintendo-Switch-2-sont-desormais-retardees-grace.jpg\",\"width\":1200,\"height\":675,\"caption\":\"Les pr\u00e9commandes de Nintendo Switch 2 sont d\u00e9sormais retard\u00e9es, gr\u00e2ce aux tarifs\"},{\"@type\":\"BreadcrumbList\",\"@id\":\"https:\/\/vieassociative.be\/actualites\/les-precommandes-de-nintendo-switch-2-sont-desormais-retardees-grace-aux-tarifs\/#breadcrumb\",\"itemListElement\":[{\"@type\":\"ListItem\",\"position\":1,\"name\":\"Accueil\",\"item\":\"https:\/\/vieassociative.be\/actualites\/\"},{\"@type\":\"ListItem\",\"position\":2,\"name\":\"Les pr\u00e9commandes de Nintendo Switch 2 sont d\u00e9sormais retard\u00e9es, gr\u00e2ce aux tarifs\"}]},{\"@type\":\"WebSite\",\"@id\":\"https:\/\/vieassociative.be\/actualites\/#website\",\"url\":\"https:\/\/vieassociative.be\/actualites\/\",\"name\":\"Vie Associative\",\"description\":\"\",\"publisher\":{\"@id\":\"https:\/\/vieassociative.be\/actualites\/#organization\"},\"potentialAction\":[{\"@type\":\"SearchAction\",\"target\":{\"@type\":\"EntryPoint\",\"urlTemplate\":\"https:\/\/vieassociative.be\/actualites\/?s={search_term_string}\"},\"query-input\":{\"@type\":\"PropertyValueSpecification\",\"valueRequired\":true,\"valueName\":\"search_term_string\"}}],\"inLanguage\":\"fr-BE\"},{\"@type\":\"Organization\",\"@id\":\"https:\/\/vieassociative.be\/actualites\/#organization\",\"name\":\"Vie Associative\",\"url\":\"https:\/\/vieassociative.be\/actualites\/\",\"logo\":{\"@type\":\"ImageObject\",\"inLanguage\":\"fr-BE\",\"@id\":\"https:\/\/vieassociative.be\/actualites\/#\/schema\/logo\/image\/\",\"url\":\"https:\/\/vieassociative.be\/actualites\/wp-content\/uploads\/2024\/09\/cropped-vieassociative_favicon.ico.png\",\"contentUrl\":\"https:\/\/vieassociative.be\/actualites\/wp-content\/uploads\/2024\/09\/cropped-vieassociative_favicon.ico.png\",\"width\":512,\"height\":512,\"caption\":\"Vie Associative\"},\"image\":{\"@id\":\"https:\/\/vieassociative.be\/actualites\/#\/schema\/logo\/image\/\"}},{\"@type\":\"Person\",\"@id\":\"https:\/\/vieassociative.be\/actualites\/#\/schema\/person\/b87ac4f82f9d4e7b7cec7395b679edc4\",\"name\":\"Julien\",\"image\":{\"@type\":\"ImageObject\",\"inLanguage\":\"fr-BE\",\"@id\":\"https:\/\/vieassociative.be\/actualites\/#\/schema\/person\/image\/\",\"url\":\"https:\/\/vieassociative.be\/actualites\/wp-content\/uploads\/2024\/09\/vie-associative-1-150x150.jpg\",\"contentUrl\":\"https:\/\/vieassociative.be\/actualites\/wp-content\/uploads\/2024\/09\/vie-associative-1-150x150.jpg\",\"caption\":\"Julien\"},\"description\":\"Je suis Julien, r\u00e9dacteur pour Vie Associative. Passionn\u00e9 par le monde associatif depuis plus de 10 ans, j'ai \u00e0 c\u0153ur de partager des histoires inspirantes et de mettre en lumi\u00e8re les initiatives locales. Mon objectif est de sensibiliser et d'encourager l'engagement communautaire \u00e0 travers mes articles.\",\"sameAs\":[\"https:\/\/vieassociative.be\/\"]}]}<\/script>\n<!-- \/ Yoast SEO plugin. -->","yoast_head_json":{"title":"Les pr\u00e9commandes de Nintendo Switch 2 sont d\u00e9sormais retard\u00e9es, gr\u00e2ce aux tarifs | Vie Associative","robots":{"index":"index","follow":"follow","max-snippet":"max-snippet:-1","max-image-preview":"max-image-preview:large","max-video-preview":"max-video-preview:-1"},"canonical":"https:\/\/vieassociative.be\/actualites\/les-precommandes-de-nintendo-switch-2-sont-desormais-retardees-grace-aux-tarifs\/","og_locale":"fr_FR","og_type":"article","og_title":"Les pr\u00e9commandes de Nintendo Switch 2 sont d\u00e9sormais retard\u00e9es, gr\u00e2ce aux tarifs | Vie Associative","og_description":"Nintendo pr\u00e9voyait \u00e0 l&rsquo;origine d&rsquo;ouvrir la pr\u00e9commande pour le Switch 2 le 9 avril. Il y a beaucoup de battage m\u00e9diatique autour du Switch 2.","og_url":"https:\/\/vieassociative.be\/actualites\/les-precommandes-de-nintendo-switch-2-sont-desormais-retardees-grace-aux-tarifs\/","og_site_name":"Vie Associative","article_published_time":"2025-04-06T13:18:11+00:00","og_image":[{"width":279,"height":92,"url":"https:\/\/vieassociative.be\/actualites\/wp-content\/uploads\/2024\/09\/header_backgroundk-01-e1726694325946.png","type":"image\/png"}],"author":"Julien","twitter_card":"summary_large_image","twitter_misc":{"\u00c9crit par":"Julien","Dur\u00e9e de lecture est.":"2 minutes"},"schema":{"@context":"https:\/\/schema.org","@graph":[{"@type":"Article","@id":"https:\/\/vieassociative.be\/actualites\/les-precommandes-de-nintendo-switch-2-sont-desormais-retardees-grace-aux-tarifs\/#article","isPartOf":{"@id":"https:\/\/vieassociative.be\/actualites\/les-precommandes-de-nintendo-switch-2-sont-desormais-retardees-grace-aux-tarifs\/"},"author":{"name":"Julien","@id":"https:\/\/vieassociative.be\/actualites\/#\/schema\/person\/b87ac4f82f9d4e7b7cec7395b679edc4"},"headline":"Les pr\u00e9commandes de Nintendo Switch 2 sont d\u00e9sormais retard\u00e9es, gr\u00e2ce aux tarifs","datePublished":"2025-04-06T13:18:11+00:00","dateModified":"2025-04-06T13:18:11+00:00","mainEntityOfPage":{"@id":"https:\/\/vieassociative.be\/actualites\/les-precommandes-de-nintendo-switch-2-sont-desormais-retardees-grace-aux-tarifs\/"},"wordCount":444,"publisher":{"@id":"https:\/\/vieassociative.be\/actualites\/#organization"},"image":{"@id":"https:\/\/vieassociative.be\/actualites\/les-precommandes-de-nintendo-switch-2-sont-desormais-retardees-grace-aux-tarifs\/#primaryimage"},"thumbnailUrl":"https:\/\/vieassociative.be\/actualites\/wp-content\/uploads\/2025\/04\/Les-precommandes-de-Nintendo-Switch-2-sont-desormais-retardees-grace.jpg","keywords":["aux","d\u00e9sormais","gr\u00e2ce","Les","Nintendo","pr\u00e9commandes","retard\u00e9es","sont","Switch","tarifs"],"articleSection":["Divertissement"],"inLanguage":"fr-BE"},{"@type":"WebPage","@id":"https:\/\/vieassociative.be\/actualites\/les-precommandes-de-nintendo-switch-2-sont-desormais-retardees-grace-aux-tarifs\/","url":"https:\/\/vieassociative.be\/actualites\/les-precommandes-de-nintendo-switch-2-sont-desormais-retardees-grace-aux-tarifs\/","name":"Les pr\u00e9commandes de Nintendo Switch 2 sont d\u00e9sormais retard\u00e9es, gr\u00e2ce aux tarifs | Vie Associative","isPartOf":{"@id":"https:\/\/vieassociative.be\/actualites\/#website"},"primaryImageOfPage":{"@id":"https:\/\/vieassociative.be\/actualites\/les-precommandes-de-nintendo-switch-2-sont-desormais-retardees-grace-aux-tarifs\/#primaryimage"},"image":{"@id":"https:\/\/vieassociative.be\/actualites\/les-precommandes-de-nintendo-switch-2-sont-desormais-retardees-grace-aux-tarifs\/#primaryimage"},"thumbnailUrl":"https:\/\/vieassociative.be\/actualites\/wp-content\/uploads\/2025\/04\/Les-precommandes-de-Nintendo-Switch-2-sont-desormais-retardees-grace.jpg","datePublished":"2025-04-06T13:18:11+00:00","dateModified":"2025-04-06T13:18:11+00:00","breadcrumb":{"@id":"https:\/\/vieassociative.be\/actualites\/les-precommandes-de-nintendo-switch-2-sont-desormais-retardees-grace-aux-tarifs\/#breadcrumb"},"inLanguage":"fr-BE","potentialAction":[{"@type":"ReadAction","target":["https:\/\/vieassociative.be\/actualites\/les-precommandes-de-nintendo-switch-2-sont-desormais-retardees-grace-aux-tarifs\/"]}]},{"@type":"ImageObject","inLanguage":"fr-BE","@id":"https:\/\/vieassociative.be\/actualites\/les-precommandes-de-nintendo-switch-2-sont-desormais-retardees-grace-aux-tarifs\/#primaryimage","url":"https:\/\/vieassociative.be\/actualites\/wp-content\/uploads\/2025\/04\/Les-precommandes-de-Nintendo-Switch-2-sont-desormais-retardees-grace.jpg","contentUrl":"https:\/\/vieassociative.be\/actualites\/wp-content\/uploads\/2025\/04\/Les-precommandes-de-Nintendo-Switch-2-sont-desormais-retardees-grace.jpg","width":1200,"height":675,"caption":"Les pr\u00e9commandes de Nintendo Switch 2 sont d\u00e9sormais retard\u00e9es, gr\u00e2ce aux tarifs"},{"@type":"BreadcrumbList","@id":"https:\/\/vieassociative.be\/actualites\/les-precommandes-de-nintendo-switch-2-sont-desormais-retardees-grace-aux-tarifs\/#breadcrumb","itemListElement":[{"@type":"ListItem","position":1,"name":"Accueil","item":"https:\/\/vieassociative.be\/actualites\/"},{"@type":"ListItem","position":2,"name":"Les pr\u00e9commandes de Nintendo Switch 2 sont d\u00e9sormais retard\u00e9es, gr\u00e2ce aux tarifs"}]},{"@type":"WebSite","@id":"https:\/\/vieassociative.be\/actualites\/#website","url":"https:\/\/vieassociative.be\/actualites\/","name":"Vie Associative","description":"","publisher":{"@id":"https:\/\/vieassociative.be\/actualites\/#organization"},"potentialAction":[{"@type":"SearchAction","target":{"@type":"EntryPoint","urlTemplate":"https:\/\/vieassociative.be\/actualites\/?s={search_term_string}"},"query-input":{"@type":"PropertyValueSpecification","valueRequired":true,"valueName":"search_term_string"}}],"inLanguage":"fr-BE"},{"@type":"Organization","@id":"https:\/\/vieassociative.be\/actualites\/#organization","name":"Vie Associative","url":"https:\/\/vieassociative.be\/actualites\/","logo":{"@type":"ImageObject","inLanguage":"fr-BE","@id":"https:\/\/vieassociative.be\/actualites\/#\/schema\/logo\/image\/","url":"https:\/\/vieassociative.be\/actualites\/wp-content\/uploads\/2024\/09\/cropped-vieassociative_favicon.ico.png","contentUrl":"https:\/\/vieassociative.be\/actualites\/wp-content\/uploads\/2024\/09\/cropped-vieassociative_favicon.ico.png","width":512,"height":512,"caption":"Vie Associative"},"image":{"@id":"https:\/\/vieassociative.be\/actualites\/#\/schema\/logo\/image\/"}},{"@type":"Person","@id":"https:\/\/vieassociative.be\/actualites\/#\/schema\/person\/b87ac4f82f9d4e7b7cec7395b679edc4","name":"Julien","image":{"@type":"ImageObject","inLanguage":"fr-BE","@id":"https:\/\/vieassociative.be\/actualites\/#\/schema\/person\/image\/","url":"https:\/\/vieassociative.be\/actualites\/wp-content\/uploads\/2024\/09\/vie-associative-1-150x150.jpg","contentUrl":"https:\/\/vieassociative.be\/actualites\/wp-content\/uploads\/2024\/09\/vie-associative-1-150x150.jpg","caption":"Julien"},"description":"Je suis Julien, r\u00e9dacteur pour Vie Associative. Passionn\u00e9 par le monde associatif depuis plus de 10 ans, j'ai \u00e0 c\u0153ur de partager des histoires inspirantes et de mettre en lumi\u00e8re les initiatives locales. Mon objectif est de sensibiliser et d'encourager l'engagement communautaire \u00e0 travers mes articles.","sameAs":["https:\/\/vieassociative.be\/"]}]}},"_links":{"self":[{"href":"https:\/\/vieassociative.be\/actualites\/wp-json\/wp\/v2\/posts\/6482"}],"collection":[{"href":"https:\/\/vieassociative.be\/actualites\/wp-json\/wp\/v2\/posts"}],"about":[{"href":"https:\/\/vieassociative.be\/actualites\/wp-json\/wp\/v2\/types\/post"}],"author":[{"embeddable":true,"href":"https:\/\/vieassociative.be\/actualites\/wp-json\/wp\/v2\/users\/1"}],"replies":[{"embeddable":true,"href":"https:\/\/vieassociative.be\/actualites\/wp-json\/wp\/v2\/comments?post=6482"}],"version-history":[{"count":0,"href":"https:\/\/vieassociative.be\/actualites\/wp-json\/wp\/v2\/posts\/6482\/revisions"}],"wp:featuredmedia":[{"embeddable":true,"href":"https:\/\/vieassociative.be\/actualites\/wp-json\/wp\/v2\/media\/6483"}],"wp:attachment":[{"href":"https:\/\/vieassociative.be\/actualites\/wp-json\/wp\/v2\/media?parent=6482"}],"wp:term":[{"taxonomy":"category","embeddable":true,"href":"https:\/\/vieassociative.be\/actualites\/wp-json\/wp\/v2\/categories?post=6482"},{"taxonomy":"post_tag","embeddable":true,"href":"https:\/\/vieassociative.be\/actualites\/wp-json\/wp\/v2\/tags?post=6482"}],"curies":[{"name":"wp","href":"https:\/\/api.w.org\/{rel}","templated":true}]}}