{"id":6473,"date":"2025-04-06T04:17:38","date_gmt":"2025-04-06T02:17:38","guid":{"rendered":"https:\/\/vieassociative.be\/actualites\/contrairement-a-lu23-comme-na-rien-a-perdre-aujourdhui-avec-christian-bruls-a-beveren\/"},"modified":"2025-04-06T04:17:38","modified_gmt":"2025-04-06T02:17:38","slug":"contrairement-a-lu23-comme-na-rien-a-perdre-aujourdhui-avec-christian-bruls-a-beveren","status":"publish","type":"post","link":"https:\/\/vieassociative.be\/actualites\/contrairement-a-lu23-comme-na-rien-a-perdre-aujourdhui-avec-christian-bruls-a-beveren\/","title":{"rendered":"Contrairement \u00e0 l&rsquo;U23, comme n&rsquo;a rien \u00e0 perdre &#8211; aujourd&rsquo;hui avec Christian Br\u00fcls \u00e0 Beveren"},"content":{"rendered":"<p><strong>Deuxi\u00e8me division de football alors qu&rsquo;Eupen a r\u00e9ussi \u00e0 rester dans la Challenger Pro League. Th\u00e9oriquement, les noir et blanc ont encore une chance de la gaufre d&rsquo;atteindre le tour de promotion. Mais personne ne croit en cela au Kehrweg.<\/strong><\/p>\n<p><span id=\"more-412828\"><\/span>Kummer, surtout, pr\u00e9pare l&rsquo;\u00e9quipe U23 aux officiers du club, qui prend la derni\u00e8re place du tableau des amateurs D2 et ne peut qu&rsquo;avoir des difficult\u00e9s \u00e0 emp\u00eacher la rel\u00e9gation dans les amateurs D3. Si le As est r\u00e9ellement descendu, il jouerait contre le FC Eupen plut\u00f4t que contre RFC Raeren et Union Kelmis la saison prochaine.<\/p>\n<div id=\"attachment_394722\" class=\"wp-caption alignnone\" style=\"max-width: 300px\"><img fetchpriority=\"high\" decoding=\"async\" class=\"size-medium wp-image-394722\" src=\"https:\/\/vieassociative.be\/actualites\/wp-content\/uploads\/2025\/04\/Contrairement-a-lU23-comme-na-rien-a-perdre-aujourdhui.jpg\" alt=\"\" width=\"300\" height=\"200\"><\/p>\n<p class=\"wp-caption-text\">23.08.2024, Belgique, Eupen: duel de saisie entre Beverens Ademola Ola-Adebomi (L) et Eupens Jan Gorenc (R) en premi\u00e8re \u00e9tape, qui a termin\u00e9 2-2. Photo: Belga<\/p>\n<\/div>\n<p>Le fait que le U23 d\u00e9tient \u00e9galement sa classe est d\u00e9sormais le but du Kehrweg. Cependant, il ne reste que cinq matchs et quatre points s\u00e9parent l&rsquo;AS de la banque d&rsquo;\u00e9pargne.<\/p>\n<p>En plus de cela, l&rsquo;\u00e9quipe accueille le leader traversant Schaerbeek dimanche \u00e0 15 h. L&rsquo;entra\u00eeneur Mersad Seimbegovic pourrait \u00eatre volontairement sans certains jeunes joueurs tels que Tom Roufosse, Luca Dalla Costa ou Bertan Caliskan vendredi soir \u00e0 Beveren (20 h \/ Live on Dazn) afin qu&rsquo;ils puissent comprendre le U23 dimanche.<\/p>\n<p>Lors du match de cette soir\u00e9e dans le stade Freethiel de Beveren, les Eupeners c\u00e9l\u00e8brent une r\u00e9union avec l&rsquo;Ameler Christian Br\u00fcls. Le joueur de 36 ans a jou\u00e9 son premier match dans le football professionnel il y a exactement 20 ans.<\/p>\n<p>Beveren est d\u00e9j\u00e0 le 14e arr\u00eat de la vie de football de Christian Br\u00fcls. Et le milieu de terrain ne pense toujours pas \u00e0 arr\u00eater de fumer. Il y a deux ans, il voulait jouer au football jusqu&rsquo;\u00e0 l&rsquo;\u00e2ge de 40 ans, mais maintenant il a expliqu\u00e9 \u00e0 l&rsquo;\u00e9cho de la fronti\u00e8re: \u00ab\u00a0Si cela va \u00e0 41 ou 42, je serais heureux de l&#8217;emporter avec moi.\u00a0\u00bb (Cre)<\/p>\n<h3>Stations dans la carri\u00e8re de footballeur de Christian Br\u00fcls<\/h3>\n<p><b>jeunesse<\/b><\/p>\n<p>FC Gr\u00fcn-Wei\u00df Amel (1992-2002)<br \/>\nComme Eupen (2002-2005)<\/p>\n<p><b>Senior<\/b><\/p>\n<p>Comme Eupen (2005-2008)<br \/>\nMVV Maastricht \/ Pays-Bas (2008-2010)<br \/>\nKVC Westerlo (2010-2011)<br \/>\nAa gent (2011-2014)<br \/>\nOGC Nice \/ France (2013-2014)<br \/>\nStade Rennes \/ France (2014-2015)<br \/>\nStandard Li\u00e8ge (2015-2016)<br \/>\nComme Eupen (2017)<br \/>\nPaphos FC \/ Chypre (2017-2018)<br \/>\nKVC Westerlo (2019-2020)<br \/>\nSINT-TRUID VV (2021-2023)<br \/>\nSv Zulte Waregem (2023-2024)<br \/>\nSk Beveren (depuis le 26 d\u00e9cembre 2024)<\/p>\n","protected":false},"excerpt":{"rendered":"<p>Deuxi\u00e8me division de football alors qu&rsquo;Eupen a r\u00e9ussi \u00e0 rester dans la Challenger Pro League. Th\u00e9oriquement, les noir et blanc ont encore une chance de<\/p>\n","protected":false},"author":1,"featured_media":4298,"comment_status":"","ping_status":"","sticky":false,"template":"","format":"standard","meta":{"footnotes":""},"categories":[298],"tags":[2330,61,3611,3610,3609,1254,6212,6213,2698,892],"class_list":["post-6473","post","type-post","status-publish","format-standard","has-post-thumbnail","hentry","category-belgique","tag-aujourdhui","tag-avec","tag-beveren","tag-bruls","tag-christian","tag-comme","tag-contrairement","tag-lu23","tag-perdre","tag-rien","generate-columns","tablet-grid-50","mobile-grid-100","grid-parent","grid-33"],"yoast_head":"<!-- This site is optimized with the Yoast SEO plugin v24.0 - https:\/\/yoast.com\/wordpress\/plugins\/seo\/ -->\n<title>Contrairement \u00e0 l&#039;U23, comme n&#039;a rien \u00e0 perdre - aujourd&#039;hui avec Christian Br\u00fcls \u00e0 Beveren | Vie Associative<\/title>\n<meta name=\"robots\" content=\"index, follow, max-snippet:-1, max-image-preview:large, max-video-preview:-1\" \/>\n<link rel=\"canonical\" href=\"https:\/\/vieassociative.be\/actualites\/contrairement-a-lu23-comme-na-rien-a-perdre-aujourdhui-avec-christian-bruls-a-beveren\/\" \/>\n<meta property=\"og:locale\" content=\"fr_FR\" \/>\n<meta property=\"og:type\" content=\"article\" \/>\n<meta property=\"og:title\" content=\"Contrairement \u00e0 l&#039;U23, comme n&#039;a rien \u00e0 perdre - aujourd&#039;hui avec Christian Br\u00fcls \u00e0 Beveren | Vie Associative\" \/>\n<meta property=\"og:description\" content=\"Deuxi\u00e8me division de football alors qu&rsquo;Eupen a r\u00e9ussi \u00e0 rester dans la Challenger Pro League. Th\u00e9oriquement, les noir et blanc ont encore une chance de\" \/>\n<meta property=\"og:url\" content=\"https:\/\/vieassociative.be\/actualites\/contrairement-a-lu23-comme-na-rien-a-perdre-aujourdhui-avec-christian-bruls-a-beveren\/\" \/>\n<meta property=\"og:site_name\" content=\"Vie Associative\" \/>\n<meta property=\"article:published_time\" content=\"2025-04-06T02:17:38+00:00\" \/>\n<meta property=\"og:image\" content=\"https:\/\/vieassociative.be\/actualites\/wp-content\/uploads\/2024\/09\/header_backgroundk-01-e1726694325946.png\" \/>\n\t<meta property=\"og:image:width\" content=\"279\" \/>\n\t<meta property=\"og:image:height\" content=\"92\" \/>\n\t<meta property=\"og:image:type\" content=\"image\/png\" \/>\n<meta name=\"author\" content=\"Julien\" \/>\n<meta name=\"twitter:card\" content=\"summary_large_image\" \/>\n<meta name=\"twitter:label1\" content=\"\u00c9crit par\" \/>\n\t<meta name=\"twitter:data1\" content=\"Julien\" \/>\n\t<meta name=\"twitter:label2\" content=\"Dur\u00e9e de lecture est.\" \/>\n\t<meta name=\"twitter:data2\" content=\"2 minutes\" \/>\n<script type=\"application\/ld+json\" class=\"yoast-schema-graph\">{\"@context\":\"https:\/\/schema.org\",\"@graph\":[{\"@type\":\"Article\",\"@id\":\"https:\/\/vieassociative.be\/actualites\/contrairement-a-lu23-comme-na-rien-a-perdre-aujourdhui-avec-christian-bruls-a-beveren\/#article\",\"isPartOf\":{\"@id\":\"https:\/\/vieassociative.be\/actualites\/contrairement-a-lu23-comme-na-rien-a-perdre-aujourdhui-avec-christian-bruls-a-beveren\/\"},\"author\":{\"name\":\"Julien\",\"@id\":\"https:\/\/vieassociative.be\/actualites\/#\/schema\/person\/b87ac4f82f9d4e7b7cec7395b679edc4\"},\"headline\":\"Contrairement \u00e0 l&rsquo;U23, comme n&rsquo;a rien \u00e0 perdre &#8211; aujourd&rsquo;hui avec Christian Br\u00fcls \u00e0 Beveren\",\"datePublished\":\"2025-04-06T02:17:38+00:00\",\"dateModified\":\"2025-04-06T02:17:38+00:00\",\"mainEntityOfPage\":{\"@id\":\"https:\/\/vieassociative.be\/actualites\/contrairement-a-lu23-comme-na-rien-a-perdre-aujourdhui-avec-christian-bruls-a-beveren\/\"},\"wordCount\":417,\"publisher\":{\"@id\":\"https:\/\/vieassociative.be\/actualites\/#organization\"},\"image\":{\"@id\":\"https:\/\/vieassociative.be\/actualites\/contrairement-a-lu23-comme-na-rien-a-perdre-aujourdhui-avec-christian-bruls-a-beveren\/#primaryimage\"},\"thumbnailUrl\":\"https:\/\/vieassociative.be\/actualites\/wp-content\/uploads\/2025\/01\/1736777954_Leternel-jeune-Christian-Bruls-SK-Beveren-14e-station-dans.jpg\",\"keywords\":[\"aujourdhui\",\"avec\",\"Beveren\",\"Br\u00fcls\",\"Christian\",\"comme\",\"Contrairement\",\"lU23\",\"perdre\",\"rien\"],\"articleSection\":[\"Belgique\"],\"inLanguage\":\"fr-BE\"},{\"@type\":\"WebPage\",\"@id\":\"https:\/\/vieassociative.be\/actualites\/contrairement-a-lu23-comme-na-rien-a-perdre-aujourdhui-avec-christian-bruls-a-beveren\/\",\"url\":\"https:\/\/vieassociative.be\/actualites\/contrairement-a-lu23-comme-na-rien-a-perdre-aujourdhui-avec-christian-bruls-a-beveren\/\",\"name\":\"Contrairement \u00e0 l'U23, comme n'a rien \u00e0 perdre - aujourd'hui avec Christian Br\u00fcls \u00e0 Beveren | Vie Associative\",\"isPartOf\":{\"@id\":\"https:\/\/vieassociative.be\/actualites\/#website\"},\"primaryImageOfPage\":{\"@id\":\"https:\/\/vieassociative.be\/actualites\/contrairement-a-lu23-comme-na-rien-a-perdre-aujourdhui-avec-christian-bruls-a-beveren\/#primaryimage\"},\"image\":{\"@id\":\"https:\/\/vieassociative.be\/actualites\/contrairement-a-lu23-comme-na-rien-a-perdre-aujourdhui-avec-christian-bruls-a-beveren\/#primaryimage\"},\"thumbnailUrl\":\"https:\/\/vieassociative.be\/actualites\/wp-content\/uploads\/2025\/01\/1736777954_Leternel-jeune-Christian-Bruls-SK-Beveren-14e-station-dans.jpg\",\"datePublished\":\"2025-04-06T02:17:38+00:00\",\"dateModified\":\"2025-04-06T02:17:38+00:00\",\"breadcrumb\":{\"@id\":\"https:\/\/vieassociative.be\/actualites\/contrairement-a-lu23-comme-na-rien-a-perdre-aujourdhui-avec-christian-bruls-a-beveren\/#breadcrumb\"},\"inLanguage\":\"fr-BE\",\"potentialAction\":[{\"@type\":\"ReadAction\",\"target\":[\"https:\/\/vieassociative.be\/actualites\/contrairement-a-lu23-comme-na-rien-a-perdre-aujourdhui-avec-christian-bruls-a-beveren\/\"]}]},{\"@type\":\"ImageObject\",\"inLanguage\":\"fr-BE\",\"@id\":\"https:\/\/vieassociative.be\/actualites\/contrairement-a-lu23-comme-na-rien-a-perdre-aujourdhui-avec-christian-bruls-a-beveren\/#primaryimage\",\"url\":\"https:\/\/vieassociative.be\/actualites\/wp-content\/uploads\/2025\/01\/1736777954_Leternel-jeune-Christian-Bruls-SK-Beveren-14e-station-dans.jpg\",\"contentUrl\":\"https:\/\/vieassociative.be\/actualites\/wp-content\/uploads\/2025\/01\/1736777954_Leternel-jeune-Christian-Bruls-SK-Beveren-14e-station-dans.jpg\",\"width\":1200,\"height\":800,\"caption\":\"L'\u00e9ternel jeune Christian Br\u00fcls : SK Beveren 14e station dans la carri\u00e8re de footballeur d'Ameler, 36 ans\"},{\"@type\":\"BreadcrumbList\",\"@id\":\"https:\/\/vieassociative.be\/actualites\/contrairement-a-lu23-comme-na-rien-a-perdre-aujourdhui-avec-christian-bruls-a-beveren\/#breadcrumb\",\"itemListElement\":[{\"@type\":\"ListItem\",\"position\":1,\"name\":\"Accueil\",\"item\":\"https:\/\/vieassociative.be\/actualites\/\"},{\"@type\":\"ListItem\",\"position\":2,\"name\":\"Contrairement \u00e0 l&rsquo;U23, comme n&rsquo;a rien \u00e0 perdre &#8211; aujourd&rsquo;hui avec Christian Br\u00fcls \u00e0 Beveren\"}]},{\"@type\":\"WebSite\",\"@id\":\"https:\/\/vieassociative.be\/actualites\/#website\",\"url\":\"https:\/\/vieassociative.be\/actualites\/\",\"name\":\"Vie Associative\",\"description\":\"\",\"publisher\":{\"@id\":\"https:\/\/vieassociative.be\/actualites\/#organization\"},\"potentialAction\":[{\"@type\":\"SearchAction\",\"target\":{\"@type\":\"EntryPoint\",\"urlTemplate\":\"https:\/\/vieassociative.be\/actualites\/?s={search_term_string}\"},\"query-input\":{\"@type\":\"PropertyValueSpecification\",\"valueRequired\":true,\"valueName\":\"search_term_string\"}}],\"inLanguage\":\"fr-BE\"},{\"@type\":\"Organization\",\"@id\":\"https:\/\/vieassociative.be\/actualites\/#organization\",\"name\":\"Vie Associative\",\"url\":\"https:\/\/vieassociative.be\/actualites\/\",\"logo\":{\"@type\":\"ImageObject\",\"inLanguage\":\"fr-BE\",\"@id\":\"https:\/\/vieassociative.be\/actualites\/#\/schema\/logo\/image\/\",\"url\":\"https:\/\/vieassociative.be\/actualites\/wp-content\/uploads\/2024\/09\/cropped-vieassociative_favicon.ico.png\",\"contentUrl\":\"https:\/\/vieassociative.be\/actualites\/wp-content\/uploads\/2024\/09\/cropped-vieassociative_favicon.ico.png\",\"width\":512,\"height\":512,\"caption\":\"Vie Associative\"},\"image\":{\"@id\":\"https:\/\/vieassociative.be\/actualites\/#\/schema\/logo\/image\/\"}},{\"@type\":\"Person\",\"@id\":\"https:\/\/vieassociative.be\/actualites\/#\/schema\/person\/b87ac4f82f9d4e7b7cec7395b679edc4\",\"name\":\"Julien\",\"image\":{\"@type\":\"ImageObject\",\"inLanguage\":\"fr-BE\",\"@id\":\"https:\/\/vieassociative.be\/actualites\/#\/schema\/person\/image\/\",\"url\":\"https:\/\/vieassociative.be\/actualites\/wp-content\/uploads\/2024\/09\/vie-associative-1-150x150.jpg\",\"contentUrl\":\"https:\/\/vieassociative.be\/actualites\/wp-content\/uploads\/2024\/09\/vie-associative-1-150x150.jpg\",\"caption\":\"Julien\"},\"description\":\"Je suis Julien, r\u00e9dacteur pour Vie Associative. Passionn\u00e9 par le monde associatif depuis plus de 10 ans, j'ai \u00e0 c\u0153ur de partager des histoires inspirantes et de mettre en lumi\u00e8re les initiatives locales. Mon objectif est de sensibiliser et d'encourager l'engagement communautaire \u00e0 travers mes articles.\",\"sameAs\":[\"https:\/\/vieassociative.be\/\"]}]}<\/script>\n<!-- \/ Yoast SEO plugin. -->","yoast_head_json":{"title":"Contrairement \u00e0 l'U23, comme n'a rien \u00e0 perdre - aujourd'hui avec Christian Br\u00fcls \u00e0 Beveren | Vie Associative","robots":{"index":"index","follow":"follow","max-snippet":"max-snippet:-1","max-image-preview":"max-image-preview:large","max-video-preview":"max-video-preview:-1"},"canonical":"https:\/\/vieassociative.be\/actualites\/contrairement-a-lu23-comme-na-rien-a-perdre-aujourdhui-avec-christian-bruls-a-beveren\/","og_locale":"fr_FR","og_type":"article","og_title":"Contrairement \u00e0 l'U23, comme n'a rien \u00e0 perdre - aujourd'hui avec Christian Br\u00fcls \u00e0 Beveren | Vie Associative","og_description":"Deuxi\u00e8me division de football alors qu&rsquo;Eupen a r\u00e9ussi \u00e0 rester dans la Challenger Pro League. Th\u00e9oriquement, les noir et blanc ont encore une chance de","og_url":"https:\/\/vieassociative.be\/actualites\/contrairement-a-lu23-comme-na-rien-a-perdre-aujourdhui-avec-christian-bruls-a-beveren\/","og_site_name":"Vie Associative","article_published_time":"2025-04-06T02:17:38+00:00","og_image":[{"width":279,"height":92,"url":"https:\/\/vieassociative.be\/actualites\/wp-content\/uploads\/2024\/09\/header_backgroundk-01-e1726694325946.png","type":"image\/png"}],"author":"Julien","twitter_card":"summary_large_image","twitter_misc":{"\u00c9crit par":"Julien","Dur\u00e9e de lecture est.":"2 minutes"},"schema":{"@context":"https:\/\/schema.org","@graph":[{"@type":"Article","@id":"https:\/\/vieassociative.be\/actualites\/contrairement-a-lu23-comme-na-rien-a-perdre-aujourdhui-avec-christian-bruls-a-beveren\/#article","isPartOf":{"@id":"https:\/\/vieassociative.be\/actualites\/contrairement-a-lu23-comme-na-rien-a-perdre-aujourdhui-avec-christian-bruls-a-beveren\/"},"author":{"name":"Julien","@id":"https:\/\/vieassociative.be\/actualites\/#\/schema\/person\/b87ac4f82f9d4e7b7cec7395b679edc4"},"headline":"Contrairement \u00e0 l&rsquo;U23, comme n&rsquo;a rien \u00e0 perdre &#8211; aujourd&rsquo;hui avec Christian Br\u00fcls \u00e0 Beveren","datePublished":"2025-04-06T02:17:38+00:00","dateModified":"2025-04-06T02:17:38+00:00","mainEntityOfPage":{"@id":"https:\/\/vieassociative.be\/actualites\/contrairement-a-lu23-comme-na-rien-a-perdre-aujourdhui-avec-christian-bruls-a-beveren\/"},"wordCount":417,"publisher":{"@id":"https:\/\/vieassociative.be\/actualites\/#organization"},"image":{"@id":"https:\/\/vieassociative.be\/actualites\/contrairement-a-lu23-comme-na-rien-a-perdre-aujourdhui-avec-christian-bruls-a-beveren\/#primaryimage"},"thumbnailUrl":"https:\/\/vieassociative.be\/actualites\/wp-content\/uploads\/2025\/01\/1736777954_Leternel-jeune-Christian-Bruls-SK-Beveren-14e-station-dans.jpg","keywords":["aujourdhui","avec","Beveren","Br\u00fcls","Christian","comme","Contrairement","lU23","perdre","rien"],"articleSection":["Belgique"],"inLanguage":"fr-BE"},{"@type":"WebPage","@id":"https:\/\/vieassociative.be\/actualites\/contrairement-a-lu23-comme-na-rien-a-perdre-aujourdhui-avec-christian-bruls-a-beveren\/","url":"https:\/\/vieassociative.be\/actualites\/contrairement-a-lu23-comme-na-rien-a-perdre-aujourdhui-avec-christian-bruls-a-beveren\/","name":"Contrairement \u00e0 l'U23, comme n'a rien \u00e0 perdre - aujourd'hui avec Christian Br\u00fcls \u00e0 Beveren | Vie Associative","isPartOf":{"@id":"https:\/\/vieassociative.be\/actualites\/#website"},"primaryImageOfPage":{"@id":"https:\/\/vieassociative.be\/actualites\/contrairement-a-lu23-comme-na-rien-a-perdre-aujourdhui-avec-christian-bruls-a-beveren\/#primaryimage"},"image":{"@id":"https:\/\/vieassociative.be\/actualites\/contrairement-a-lu23-comme-na-rien-a-perdre-aujourdhui-avec-christian-bruls-a-beveren\/#primaryimage"},"thumbnailUrl":"https:\/\/vieassociative.be\/actualites\/wp-content\/uploads\/2025\/01\/1736777954_Leternel-jeune-Christian-Bruls-SK-Beveren-14e-station-dans.jpg","datePublished":"2025-04-06T02:17:38+00:00","dateModified":"2025-04-06T02:17:38+00:00","breadcrumb":{"@id":"https:\/\/vieassociative.be\/actualites\/contrairement-a-lu23-comme-na-rien-a-perdre-aujourdhui-avec-christian-bruls-a-beveren\/#breadcrumb"},"inLanguage":"fr-BE","potentialAction":[{"@type":"ReadAction","target":["https:\/\/vieassociative.be\/actualites\/contrairement-a-lu23-comme-na-rien-a-perdre-aujourdhui-avec-christian-bruls-a-beveren\/"]}]},{"@type":"ImageObject","inLanguage":"fr-BE","@id":"https:\/\/vieassociative.be\/actualites\/contrairement-a-lu23-comme-na-rien-a-perdre-aujourdhui-avec-christian-bruls-a-beveren\/#primaryimage","url":"https:\/\/vieassociative.be\/actualites\/wp-content\/uploads\/2025\/01\/1736777954_Leternel-jeune-Christian-Bruls-SK-Beveren-14e-station-dans.jpg","contentUrl":"https:\/\/vieassociative.be\/actualites\/wp-content\/uploads\/2025\/01\/1736777954_Leternel-jeune-Christian-Bruls-SK-Beveren-14e-station-dans.jpg","width":1200,"height":800,"caption":"L'\u00e9ternel jeune Christian Br\u00fcls : SK Beveren 14e station dans la carri\u00e8re de footballeur d'Ameler, 36 ans"},{"@type":"BreadcrumbList","@id":"https:\/\/vieassociative.be\/actualites\/contrairement-a-lu23-comme-na-rien-a-perdre-aujourdhui-avec-christian-bruls-a-beveren\/#breadcrumb","itemListElement":[{"@type":"ListItem","position":1,"name":"Accueil","item":"https:\/\/vieassociative.be\/actualites\/"},{"@type":"ListItem","position":2,"name":"Contrairement \u00e0 l&rsquo;U23, comme n&rsquo;a rien \u00e0 perdre &#8211; aujourd&rsquo;hui avec Christian Br\u00fcls \u00e0 Beveren"}]},{"@type":"WebSite","@id":"https:\/\/vieassociative.be\/actualites\/#website","url":"https:\/\/vieassociative.be\/actualites\/","name":"Vie Associative","description":"","publisher":{"@id":"https:\/\/vieassociative.be\/actualites\/#organization"},"potentialAction":[{"@type":"SearchAction","target":{"@type":"EntryPoint","urlTemplate":"https:\/\/vieassociative.be\/actualites\/?s={search_term_string}"},"query-input":{"@type":"PropertyValueSpecification","valueRequired":true,"valueName":"search_term_string"}}],"inLanguage":"fr-BE"},{"@type":"Organization","@id":"https:\/\/vieassociative.be\/actualites\/#organization","name":"Vie Associative","url":"https:\/\/vieassociative.be\/actualites\/","logo":{"@type":"ImageObject","inLanguage":"fr-BE","@id":"https:\/\/vieassociative.be\/actualites\/#\/schema\/logo\/image\/","url":"https:\/\/vieassociative.be\/actualites\/wp-content\/uploads\/2024\/09\/cropped-vieassociative_favicon.ico.png","contentUrl":"https:\/\/vieassociative.be\/actualites\/wp-content\/uploads\/2024\/09\/cropped-vieassociative_favicon.ico.png","width":512,"height":512,"caption":"Vie Associative"},"image":{"@id":"https:\/\/vieassociative.be\/actualites\/#\/schema\/logo\/image\/"}},{"@type":"Person","@id":"https:\/\/vieassociative.be\/actualites\/#\/schema\/person\/b87ac4f82f9d4e7b7cec7395b679edc4","name":"Julien","image":{"@type":"ImageObject","inLanguage":"fr-BE","@id":"https:\/\/vieassociative.be\/actualites\/#\/schema\/person\/image\/","url":"https:\/\/vieassociative.be\/actualites\/wp-content\/uploads\/2024\/09\/vie-associative-1-150x150.jpg","contentUrl":"https:\/\/vieassociative.be\/actualites\/wp-content\/uploads\/2024\/09\/vie-associative-1-150x150.jpg","caption":"Julien"},"description":"Je suis Julien, r\u00e9dacteur pour Vie Associative. Passionn\u00e9 par le monde associatif depuis plus de 10 ans, j'ai \u00e0 c\u0153ur de partager des histoires inspirantes et de mettre en lumi\u00e8re les initiatives locales. Mon objectif est de sensibiliser et d'encourager l'engagement communautaire \u00e0 travers mes articles.","sameAs":["https:\/\/vieassociative.be\/"]}]}},"_links":{"self":[{"href":"https:\/\/vieassociative.be\/actualites\/wp-json\/wp\/v2\/posts\/6473"}],"collection":[{"href":"https:\/\/vieassociative.be\/actualites\/wp-json\/wp\/v2\/posts"}],"about":[{"href":"https:\/\/vieassociative.be\/actualites\/wp-json\/wp\/v2\/types\/post"}],"author":[{"embeddable":true,"href":"https:\/\/vieassociative.be\/actualites\/wp-json\/wp\/v2\/users\/1"}],"replies":[{"embeddable":true,"href":"https:\/\/vieassociative.be\/actualites\/wp-json\/wp\/v2\/comments?post=6473"}],"version-history":[{"count":0,"href":"https:\/\/vieassociative.be\/actualites\/wp-json\/wp\/v2\/posts\/6473\/revisions"}],"wp:featuredmedia":[{"embeddable":true,"href":"https:\/\/vieassociative.be\/actualites\/wp-json\/wp\/v2\/media\/4298"}],"wp:attachment":[{"href":"https:\/\/vieassociative.be\/actualites\/wp-json\/wp\/v2\/media?parent=6473"}],"wp:term":[{"taxonomy":"category","embeddable":true,"href":"https:\/\/vieassociative.be\/actualites\/wp-json\/wp\/v2\/categories?post=6473"},{"taxonomy":"post_tag","embeddable":true,"href":"https:\/\/vieassociative.be\/actualites\/wp-json\/wp\/v2\/tags?post=6473"}],"curies":[{"name":"wp","href":"https:\/\/api.w.org\/{rel}","templated":true}]}}