{"id":6465,"date":"2025-04-06T00:17:29","date_gmt":"2025-04-05T22:17:29","guid":{"rendered":"https:\/\/vieassociative.be\/actualites\/ces-frites-a-air-se-sont-tout-aussi-bonnes\/"},"modified":"2025-04-06T00:17:29","modified_gmt":"2025-04-05T22:17:29","slug":"ces-frites-a-air-se-sont-tout-aussi-bonnes","status":"publish","type":"post","link":"https:\/\/vieassociative.be\/actualites\/ces-frites-a-air-se-sont-tout-aussi-bonnes\/","title":{"rendered":"Ces frites \u00e0 air se sont tout aussi bonnes"},"content":{"rendered":"<div class=\"mt-4 leading-6 md:mb-8\">Pour une masse plus approfondie et un Graham l\u00e9g\u00e8rement grill\u00e9, tournez-vous vers la friteuse \u00e0 air.<\/div>\n<p><\/p>\n<p>Personne ne peut nier que les s&rsquo;mores de feu de camp sont un r\u00e9gal singulier. Certes, une grande partie de cela est due \u00e0 des facteurs environnementaux: l&rsquo;air ext\u00e9rieur croquant, le bois cr\u00e9pitant et partager un moment avec des gens que vous aimez (esp\u00e9rons-le); Les s&rsquo;mores eux-m\u00eames ne sont qu&rsquo;un bonus de fid\u00e8le. Mais tout le monde ne peut pas acc\u00e9der \u00e0 un feu de camp chaque fois qu&rsquo;ils veulent un mini-sandwich gluant &#8211; pour ne rien dire de ceux qui d\u00e9testent simplement le plein air. En tant que citadin moi-m\u00eame, j&rsquo;ai explor\u00e9 de nombreuses m\u00e9thodes pour la fabrication de s&rsquo;mores int\u00e9rieurs de qualit\u00e9. \u00c9tonnamment, j&rsquo;ai d\u00e9couvert que Air Fryer S&rsquo;mores rivalise avec ceux qui ont fait un feu de camp. <\/p>\n<p>Certes, il m&rsquo;a fallu un certain temps pour appr\u00e9cier le carbon \u00e0 l&rsquo;ext\u00e9rieur de la guimauve de feu de camp. Enfant, je d\u00e9testais vraiment cette saveur de charbon de bois et cherchais patiemment une guimauve compl\u00e8tement fondue avec la teinte dor\u00e9e la plus l\u00e9g\u00e8re et la plus uniform\u00e9ment distribu\u00e9e. Essentiellement, j&rsquo;ai d\u00fb cuire lentement mes guimauves sur le feu, ce qui a \u00e9t\u00e9 difficile pour mes triceps de 9 ans. <\/p>\n<p>Si seulement la friteuse \u00e0 air avait exist\u00e9 \u00e0 ce moment-l\u00e0. J&rsquo;aurais abandonn\u00e9 mes fr\u00e8res dans la cour, des b\u00e2tons \u00e0 la main et all\u00e9 directement \u00e0 mon four de convection. Si vous aussi vous cherchez une guimauve parfaite et non br\u00fbl\u00e9e depuis l&rsquo;enfance, votre journ\u00e9e est enfin l\u00e0. <\/p>\n<h2 id=\"how-to-make-air-fryer-smores\">Comment faire des frites \u00e0 air s&rsquo;mores<\/h2>\n<p>Comme toutes les recettes d&rsquo;air Fryer, ces s\u00e9rarications d&rsquo;air sont assez rapides. Ils fonctionneront tout aussi bien si vous avez une friteuse \u00e0 air de style four ou un panier. <\/p>\n<h3>1. Disposez la guimauve et Graham Cracker<\/h3>\n<p>Vous avez une option ici en fonction de la fa\u00e7on dont vous aimez votre chocolat S&rsquo;more. Mettez une moiti\u00e9 de cracker Graham dans la friteuse \u00e0 air et garnissez-la avec une guimauve. Le chocolat peut continuer plus tard si vous aimez qu&rsquo;il reste semi-solide. Si vous voulez du chocolat liquide, mettez d&rsquo;abord le chocolat sur le cracker Graham, puis garnis-le d&rsquo;une guimauve. J&rsquo;aime soit d\u00e9chirer la guimauve en deux, ou d\u00e9chirer un tout petit peu de fond afin d&rsquo;exposer l&rsquo;int\u00e9rieur collant, puis de coller la guimauve sur le cracker (ou de chocolat) sans craindre que l&rsquo;air forc\u00e9 \u00e0 convection le souffle. <\/p>\n<h3>2. Personnalisez vos param\u00e8tres<\/h3>\n<p>R\u00e9glez la friteuse \u00e0 air \u00e0 350 \u00b0 F sur le r\u00e9glage \u00abCuire\u00bb pendant quatre minutes. Cela vous donnera une guimauve compl\u00e8tement fondu avec peu ou pas de couleur. Alternativement, mettez la friteuse \u00e0 390 \u00b0 F sur le r\u00e9glage \u00abAir Fry\u00bb pendant quatre minutes pour obtenir une cro\u00fbte dor\u00e9e grill\u00e9e et uniform\u00e9ment distribu\u00e9e sur la guimauve. <\/p>\n<p>Une fois cuit, retirez la moiti\u00e9 de la friteuse \u00e0 l&rsquo;air. Si vous avez choisi de retarder votre application de chocolat, appuyez maintenant dans la guimauve chaude, alors gardez avec l&rsquo;autre pi\u00e8ce de cracker Graham, \u00e9crasez un peu et profitez. <\/p>\n<div class=\"pogoClear relative my-10 border-b-(1.5px) border-t-(1.5px) border-dashed border-black py-5 sm:my-14 sm:border-0 sm:py-0\" x-cloak x-data=\"{ commentsCount: null }\" x-init=\"commentsCount = await window.openweb.getMessagesCount(119557)\" x-show=\"commentsCount !== null &amp;&amp; commentsCount &gt; 0\">\n<div class=\"absolute top-1\/2 hidden w-full -translate-y-1\/2 border-t-(1.5px) border-dashed border-black sm:block\"><\/div>\n<div class=\"relative flex justify-center\">\n<div class=\"flex max-w-max items-center gap-x-3 bg-white px-5\">\n<div class=\"relative\">\n                <span class=\"absolute left-1\/2 top-1\/2 -translate-x-1\/2 -translate-y-1\/2 font-akshar text-sm font-medium text-black\" x-text=\"commentsCount\"><\/span><\/p>\n<p>                <svg class=\"h-8 w-8 text-black\">\n                    <use href=\"http:\/\/lifehacker.com\/images\/icons\/spritemap.svg#sprite-chat-bubble\"><\/use>\n                <\/svg>\n            <\/div>\n<p>            <span class=\"text-sm font-medium text-black\">Que pensez-vous jusqu&rsquo;\u00e0 pr\u00e9sent? <button class=\"font-semibold text-brand-green underline hover:text-brand-green-700\" onclick=\"window.openweb.scrollToComments(119557)\">Publier un commentaire.<\/button><\/span>\n        <\/div>\n<\/p><\/div>\n<\/div>\n<p>Comme vous pouvez le voir, vous avez la possibilit\u00e9 de personnaliser votre a\u00e9rien Fryer S&rsquo;mores. Mettez la machine sur un r\u00e9glage de ventilateur plus agressif, comme Air Fry, et obtenez plus de couleur. Retournez le ventilateur en un r\u00e9glage inf\u00e9rieur, comme le r\u00f4ti ou la cuisson, et gardez le d\u00e9veloppement de la cro\u00fbte ext\u00e9rieure au minimum. <\/p>\n<p>Cependant, vous le faites cuire, n fait que la guimauve cuit \u00e0 une bouff\u00e9e de sucre gluante all\u00e9chante, mais le cracker Graham sur les avantages du bas: le temps pass\u00e9 dans la chaleur grille les bords, ce qui lui donne une noisette agr\u00e9able et une texture a\u00e9r\u00e9e et nette. Un changement agr\u00e9able par rapport \u00e0 la p\u00e2te-p\u00e2te habituelle des biscuits Graham non introas\u00e9s. <\/p>\n<h2 id=\"other-ways-to-make-smores-without-a-campfire\">D&rsquo;autres fa\u00e7ons de faire s&rsquo;mores sans feu de camp<\/h2>\n<p>Ceux qui n&rsquo;ont pas encore saut\u00e9 dans le train de friteuses, je ne vous ai pas oubli\u00e9. Il existe plusieurs fa\u00e7ons de mettre vos s&rsquo;mores sans un grand feu de camp en plein air ni une friteuse \u00e0 air. Voici mes autres styles pr\u00e9f\u00e9r\u00e9s:<\/p>\n<ul>\n<li>\n<p>Au micro-ondes<\/p>\n<\/li>\n<li>\n<p>Cuit au four<\/p>\n<\/li>\n<li>\n<p>Au four<\/p>\n<\/li>\n<li>\n<p>Kit s&rsquo;mores avec bougie de soja ou chemin\u00e9e \u00e0 table<\/p>\n<\/li>\n<li>\n<p>Tourbillonnant<\/p>\n<\/li>\n<li>\n<p>Br\u00fbler \u00e0 gaz \u00e0 cuisson grill\u00e9<\/p>\n<\/li>\n<li>\n<p>Ou tout simplement les manger cru<\/p>\n<\/li>\n<\/ul>\n<p>Je sais que les s&rsquo;mores bruts ne re\u00e7oivent pas beaucoup de presse, mais ils sont aussi super. Comment pourraient-ils ne pas l&rsquo;\u00eatre? Ne laissez personne juger les pr\u00e9f\u00e9rences de vos s&rsquo;mores. J&rsquo;irai m\u00eame jusqu&rsquo;\u00e0 dire que parfois les s&rsquo;mores sont encore meilleurs sans crackers Graham. C&rsquo;est un nouvel \u00e2ge pour la collation classique, donc si vous ne l&rsquo;avez pas encore essay\u00e9, branchez votre friteuse \u00e0 air et y acc\u00e9dez. <\/p>\n","protected":false},"excerpt":{"rendered":"<p>Pour une masse plus approfondie et un Graham l\u00e9g\u00e8rement grill\u00e9, tournez-vous vers la friteuse \u00e0 air. Personne ne peut nier que les s&rsquo;mores de feu<\/p>\n","protected":false},"author":1,"featured_media":6466,"comment_status":"","ping_status":"","sticky":false,"template":"","format":"standard","meta":{"footnotes":""},"categories":[39],"tags":[1327,1350,3038,248,6211,18,236],"class_list":["post-6465","post","type-post","status-publish","format-standard","has-post-thumbnail","hentry","category-gastronomie","tag-air","tag-aussi","tag-bonnes","tag-ces","tag-frites","tag-sont","tag-tout","generate-columns","tablet-grid-50","mobile-grid-100","grid-parent","grid-33"],"yoast_head":"<!-- This site is optimized with the Yoast SEO plugin v24.0 - https:\/\/yoast.com\/wordpress\/plugins\/seo\/ -->\n<title>Ces frites \u00e0 air se sont tout aussi bonnes | Vie Associative<\/title>\n<meta name=\"robots\" content=\"index, follow, max-snippet:-1, max-image-preview:large, max-video-preview:-1\" \/>\n<link rel=\"canonical\" href=\"https:\/\/vieassociative.be\/actualites\/ces-frites-a-air-se-sont-tout-aussi-bonnes\/\" \/>\n<meta property=\"og:locale\" content=\"fr_FR\" \/>\n<meta property=\"og:type\" content=\"article\" \/>\n<meta property=\"og:title\" content=\"Ces frites \u00e0 air se sont tout aussi bonnes | Vie Associative\" \/>\n<meta property=\"og:description\" content=\"Pour une masse plus approfondie et un Graham l\u00e9g\u00e8rement grill\u00e9, tournez-vous vers la friteuse \u00e0 air. Personne ne peut nier que les s&rsquo;mores de feu\" \/>\n<meta property=\"og:url\" content=\"https:\/\/vieassociative.be\/actualites\/ces-frites-a-air-se-sont-tout-aussi-bonnes\/\" \/>\n<meta property=\"og:site_name\" content=\"Vie Associative\" \/>\n<meta property=\"article:published_time\" content=\"2025-04-05T22:17:29+00:00\" \/>\n<meta property=\"og:image\" content=\"https:\/\/vieassociative.be\/actualites\/wp-content\/uploads\/2024\/09\/header_backgroundk-01-e1726694325946.png\" \/>\n\t<meta property=\"og:image:width\" content=\"279\" \/>\n\t<meta property=\"og:image:height\" content=\"92\" \/>\n\t<meta property=\"og:image:type\" content=\"image\/png\" \/>\n<meta name=\"author\" content=\"Julien\" \/>\n<meta name=\"twitter:card\" content=\"summary_large_image\" \/>\n<meta name=\"twitter:label1\" content=\"\u00c9crit par\" \/>\n\t<meta name=\"twitter:data1\" content=\"Julien\" \/>\n\t<meta name=\"twitter:label2\" content=\"Dur\u00e9e de lecture est.\" \/>\n\t<meta name=\"twitter:data2\" content=\"4 minutes\" \/>\n<script type=\"application\/ld+json\" class=\"yoast-schema-graph\">{\"@context\":\"https:\/\/schema.org\",\"@graph\":[{\"@type\":\"Article\",\"@id\":\"https:\/\/vieassociative.be\/actualites\/ces-frites-a-air-se-sont-tout-aussi-bonnes\/#article\",\"isPartOf\":{\"@id\":\"https:\/\/vieassociative.be\/actualites\/ces-frites-a-air-se-sont-tout-aussi-bonnes\/\"},\"author\":{\"name\":\"Julien\",\"@id\":\"https:\/\/vieassociative.be\/actualites\/#\/schema\/person\/b87ac4f82f9d4e7b7cec7395b679edc4\"},\"headline\":\"Ces frites \u00e0 air se sont tout aussi bonnes\",\"datePublished\":\"2025-04-05T22:17:29+00:00\",\"dateModified\":\"2025-04-05T22:17:29+00:00\",\"mainEntityOfPage\":{\"@id\":\"https:\/\/vieassociative.be\/actualites\/ces-frites-a-air-se-sont-tout-aussi-bonnes\/\"},\"wordCount\":872,\"publisher\":{\"@id\":\"https:\/\/vieassociative.be\/actualites\/#organization\"},\"image\":{\"@id\":\"https:\/\/vieassociative.be\/actualites\/ces-frites-a-air-se-sont-tout-aussi-bonnes\/#primaryimage\"},\"thumbnailUrl\":\"https:\/\/vieassociative.be\/actualites\/wp-content\/uploads\/2025\/04\/Ces-frites-a-air-se-sont-tout-aussi-bonnes.jpg\",\"keywords\":[\"air\",\"aussi\",\"bonnes\",\"ces\",\"frites\",\"sont\",\"tout\"],\"articleSection\":[\"Gastronomie\"],\"inLanguage\":\"fr-BE\"},{\"@type\":\"WebPage\",\"@id\":\"https:\/\/vieassociative.be\/actualites\/ces-frites-a-air-se-sont-tout-aussi-bonnes\/\",\"url\":\"https:\/\/vieassociative.be\/actualites\/ces-frites-a-air-se-sont-tout-aussi-bonnes\/\",\"name\":\"Ces frites \u00e0 air se sont tout aussi bonnes | Vie Associative\",\"isPartOf\":{\"@id\":\"https:\/\/vieassociative.be\/actualites\/#website\"},\"primaryImageOfPage\":{\"@id\":\"https:\/\/vieassociative.be\/actualites\/ces-frites-a-air-se-sont-tout-aussi-bonnes\/#primaryimage\"},\"image\":{\"@id\":\"https:\/\/vieassociative.be\/actualites\/ces-frites-a-air-se-sont-tout-aussi-bonnes\/#primaryimage\"},\"thumbnailUrl\":\"https:\/\/vieassociative.be\/actualites\/wp-content\/uploads\/2025\/04\/Ces-frites-a-air-se-sont-tout-aussi-bonnes.jpg\",\"datePublished\":\"2025-04-05T22:17:29+00:00\",\"dateModified\":\"2025-04-05T22:17:29+00:00\",\"breadcrumb\":{\"@id\":\"https:\/\/vieassociative.be\/actualites\/ces-frites-a-air-se-sont-tout-aussi-bonnes\/#breadcrumb\"},\"inLanguage\":\"fr-BE\",\"potentialAction\":[{\"@type\":\"ReadAction\",\"target\":[\"https:\/\/vieassociative.be\/actualites\/ces-frites-a-air-se-sont-tout-aussi-bonnes\/\"]}]},{\"@type\":\"ImageObject\",\"inLanguage\":\"fr-BE\",\"@id\":\"https:\/\/vieassociative.be\/actualites\/ces-frites-a-air-se-sont-tout-aussi-bonnes\/#primaryimage\",\"url\":\"https:\/\/vieassociative.be\/actualites\/wp-content\/uploads\/2025\/04\/Ces-frites-a-air-se-sont-tout-aussi-bonnes.jpg\",\"contentUrl\":\"https:\/\/vieassociative.be\/actualites\/wp-content\/uploads\/2025\/04\/Ces-frites-a-air-se-sont-tout-aussi-bonnes.jpg\",\"width\":1200,\"height\":675,\"caption\":\"Ces frites \u00e0 air se sont tout aussi bonnes\"},{\"@type\":\"BreadcrumbList\",\"@id\":\"https:\/\/vieassociative.be\/actualites\/ces-frites-a-air-se-sont-tout-aussi-bonnes\/#breadcrumb\",\"itemListElement\":[{\"@type\":\"ListItem\",\"position\":1,\"name\":\"Accueil\",\"item\":\"https:\/\/vieassociative.be\/actualites\/\"},{\"@type\":\"ListItem\",\"position\":2,\"name\":\"Ces frites \u00e0 air se sont tout aussi bonnes\"}]},{\"@type\":\"WebSite\",\"@id\":\"https:\/\/vieassociative.be\/actualites\/#website\",\"url\":\"https:\/\/vieassociative.be\/actualites\/\",\"name\":\"Vie Associative\",\"description\":\"\",\"publisher\":{\"@id\":\"https:\/\/vieassociative.be\/actualites\/#organization\"},\"potentialAction\":[{\"@type\":\"SearchAction\",\"target\":{\"@type\":\"EntryPoint\",\"urlTemplate\":\"https:\/\/vieassociative.be\/actualites\/?s={search_term_string}\"},\"query-input\":{\"@type\":\"PropertyValueSpecification\",\"valueRequired\":true,\"valueName\":\"search_term_string\"}}],\"inLanguage\":\"fr-BE\"},{\"@type\":\"Organization\",\"@id\":\"https:\/\/vieassociative.be\/actualites\/#organization\",\"name\":\"Vie Associative\",\"url\":\"https:\/\/vieassociative.be\/actualites\/\",\"logo\":{\"@type\":\"ImageObject\",\"inLanguage\":\"fr-BE\",\"@id\":\"https:\/\/vieassociative.be\/actualites\/#\/schema\/logo\/image\/\",\"url\":\"https:\/\/vieassociative.be\/actualites\/wp-content\/uploads\/2024\/09\/cropped-vieassociative_favicon.ico.png\",\"contentUrl\":\"https:\/\/vieassociative.be\/actualites\/wp-content\/uploads\/2024\/09\/cropped-vieassociative_favicon.ico.png\",\"width\":512,\"height\":512,\"caption\":\"Vie Associative\"},\"image\":{\"@id\":\"https:\/\/vieassociative.be\/actualites\/#\/schema\/logo\/image\/\"}},{\"@type\":\"Person\",\"@id\":\"https:\/\/vieassociative.be\/actualites\/#\/schema\/person\/b87ac4f82f9d4e7b7cec7395b679edc4\",\"name\":\"Julien\",\"image\":{\"@type\":\"ImageObject\",\"inLanguage\":\"fr-BE\",\"@id\":\"https:\/\/vieassociative.be\/actualites\/#\/schema\/person\/image\/\",\"url\":\"https:\/\/vieassociative.be\/actualites\/wp-content\/uploads\/2024\/09\/vie-associative-1-150x150.jpg\",\"contentUrl\":\"https:\/\/vieassociative.be\/actualites\/wp-content\/uploads\/2024\/09\/vie-associative-1-150x150.jpg\",\"caption\":\"Julien\"},\"description\":\"Je suis Julien, r\u00e9dacteur pour Vie Associative. Passionn\u00e9 par le monde associatif depuis plus de 10 ans, j'ai \u00e0 c\u0153ur de partager des histoires inspirantes et de mettre en lumi\u00e8re les initiatives locales. Mon objectif est de sensibiliser et d'encourager l'engagement communautaire \u00e0 travers mes articles.\",\"sameAs\":[\"https:\/\/vieassociative.be\/\"]}]}<\/script>\n<!-- \/ Yoast SEO plugin. -->","yoast_head_json":{"title":"Ces frites \u00e0 air se sont tout aussi bonnes | Vie Associative","robots":{"index":"index","follow":"follow","max-snippet":"max-snippet:-1","max-image-preview":"max-image-preview:large","max-video-preview":"max-video-preview:-1"},"canonical":"https:\/\/vieassociative.be\/actualites\/ces-frites-a-air-se-sont-tout-aussi-bonnes\/","og_locale":"fr_FR","og_type":"article","og_title":"Ces frites \u00e0 air se sont tout aussi bonnes | Vie Associative","og_description":"Pour une masse plus approfondie et un Graham l\u00e9g\u00e8rement grill\u00e9, tournez-vous vers la friteuse \u00e0 air. Personne ne peut nier que les s&rsquo;mores de feu","og_url":"https:\/\/vieassociative.be\/actualites\/ces-frites-a-air-se-sont-tout-aussi-bonnes\/","og_site_name":"Vie Associative","article_published_time":"2025-04-05T22:17:29+00:00","og_image":[{"width":279,"height":92,"url":"https:\/\/vieassociative.be\/actualites\/wp-content\/uploads\/2024\/09\/header_backgroundk-01-e1726694325946.png","type":"image\/png"}],"author":"Julien","twitter_card":"summary_large_image","twitter_misc":{"\u00c9crit par":"Julien","Dur\u00e9e de lecture est.":"4 minutes"},"schema":{"@context":"https:\/\/schema.org","@graph":[{"@type":"Article","@id":"https:\/\/vieassociative.be\/actualites\/ces-frites-a-air-se-sont-tout-aussi-bonnes\/#article","isPartOf":{"@id":"https:\/\/vieassociative.be\/actualites\/ces-frites-a-air-se-sont-tout-aussi-bonnes\/"},"author":{"name":"Julien","@id":"https:\/\/vieassociative.be\/actualites\/#\/schema\/person\/b87ac4f82f9d4e7b7cec7395b679edc4"},"headline":"Ces frites \u00e0 air se sont tout aussi bonnes","datePublished":"2025-04-05T22:17:29+00:00","dateModified":"2025-04-05T22:17:29+00:00","mainEntityOfPage":{"@id":"https:\/\/vieassociative.be\/actualites\/ces-frites-a-air-se-sont-tout-aussi-bonnes\/"},"wordCount":872,"publisher":{"@id":"https:\/\/vieassociative.be\/actualites\/#organization"},"image":{"@id":"https:\/\/vieassociative.be\/actualites\/ces-frites-a-air-se-sont-tout-aussi-bonnes\/#primaryimage"},"thumbnailUrl":"https:\/\/vieassociative.be\/actualites\/wp-content\/uploads\/2025\/04\/Ces-frites-a-air-se-sont-tout-aussi-bonnes.jpg","keywords":["air","aussi","bonnes","ces","frites","sont","tout"],"articleSection":["Gastronomie"],"inLanguage":"fr-BE"},{"@type":"WebPage","@id":"https:\/\/vieassociative.be\/actualites\/ces-frites-a-air-se-sont-tout-aussi-bonnes\/","url":"https:\/\/vieassociative.be\/actualites\/ces-frites-a-air-se-sont-tout-aussi-bonnes\/","name":"Ces frites \u00e0 air se sont tout aussi bonnes | Vie Associative","isPartOf":{"@id":"https:\/\/vieassociative.be\/actualites\/#website"},"primaryImageOfPage":{"@id":"https:\/\/vieassociative.be\/actualites\/ces-frites-a-air-se-sont-tout-aussi-bonnes\/#primaryimage"},"image":{"@id":"https:\/\/vieassociative.be\/actualites\/ces-frites-a-air-se-sont-tout-aussi-bonnes\/#primaryimage"},"thumbnailUrl":"https:\/\/vieassociative.be\/actualites\/wp-content\/uploads\/2025\/04\/Ces-frites-a-air-se-sont-tout-aussi-bonnes.jpg","datePublished":"2025-04-05T22:17:29+00:00","dateModified":"2025-04-05T22:17:29+00:00","breadcrumb":{"@id":"https:\/\/vieassociative.be\/actualites\/ces-frites-a-air-se-sont-tout-aussi-bonnes\/#breadcrumb"},"inLanguage":"fr-BE","potentialAction":[{"@type":"ReadAction","target":["https:\/\/vieassociative.be\/actualites\/ces-frites-a-air-se-sont-tout-aussi-bonnes\/"]}]},{"@type":"ImageObject","inLanguage":"fr-BE","@id":"https:\/\/vieassociative.be\/actualites\/ces-frites-a-air-se-sont-tout-aussi-bonnes\/#primaryimage","url":"https:\/\/vieassociative.be\/actualites\/wp-content\/uploads\/2025\/04\/Ces-frites-a-air-se-sont-tout-aussi-bonnes.jpg","contentUrl":"https:\/\/vieassociative.be\/actualites\/wp-content\/uploads\/2025\/04\/Ces-frites-a-air-se-sont-tout-aussi-bonnes.jpg","width":1200,"height":675,"caption":"Ces frites \u00e0 air se sont tout aussi bonnes"},{"@type":"BreadcrumbList","@id":"https:\/\/vieassociative.be\/actualites\/ces-frites-a-air-se-sont-tout-aussi-bonnes\/#breadcrumb","itemListElement":[{"@type":"ListItem","position":1,"name":"Accueil","item":"https:\/\/vieassociative.be\/actualites\/"},{"@type":"ListItem","position":2,"name":"Ces frites \u00e0 air se sont tout aussi bonnes"}]},{"@type":"WebSite","@id":"https:\/\/vieassociative.be\/actualites\/#website","url":"https:\/\/vieassociative.be\/actualites\/","name":"Vie Associative","description":"","publisher":{"@id":"https:\/\/vieassociative.be\/actualites\/#organization"},"potentialAction":[{"@type":"SearchAction","target":{"@type":"EntryPoint","urlTemplate":"https:\/\/vieassociative.be\/actualites\/?s={search_term_string}"},"query-input":{"@type":"PropertyValueSpecification","valueRequired":true,"valueName":"search_term_string"}}],"inLanguage":"fr-BE"},{"@type":"Organization","@id":"https:\/\/vieassociative.be\/actualites\/#organization","name":"Vie Associative","url":"https:\/\/vieassociative.be\/actualites\/","logo":{"@type":"ImageObject","inLanguage":"fr-BE","@id":"https:\/\/vieassociative.be\/actualites\/#\/schema\/logo\/image\/","url":"https:\/\/vieassociative.be\/actualites\/wp-content\/uploads\/2024\/09\/cropped-vieassociative_favicon.ico.png","contentUrl":"https:\/\/vieassociative.be\/actualites\/wp-content\/uploads\/2024\/09\/cropped-vieassociative_favicon.ico.png","width":512,"height":512,"caption":"Vie Associative"},"image":{"@id":"https:\/\/vieassociative.be\/actualites\/#\/schema\/logo\/image\/"}},{"@type":"Person","@id":"https:\/\/vieassociative.be\/actualites\/#\/schema\/person\/b87ac4f82f9d4e7b7cec7395b679edc4","name":"Julien","image":{"@type":"ImageObject","inLanguage":"fr-BE","@id":"https:\/\/vieassociative.be\/actualites\/#\/schema\/person\/image\/","url":"https:\/\/vieassociative.be\/actualites\/wp-content\/uploads\/2024\/09\/vie-associative-1-150x150.jpg","contentUrl":"https:\/\/vieassociative.be\/actualites\/wp-content\/uploads\/2024\/09\/vie-associative-1-150x150.jpg","caption":"Julien"},"description":"Je suis Julien, r\u00e9dacteur pour Vie Associative. Passionn\u00e9 par le monde associatif depuis plus de 10 ans, j'ai \u00e0 c\u0153ur de partager des histoires inspirantes et de mettre en lumi\u00e8re les initiatives locales. Mon objectif est de sensibiliser et d'encourager l'engagement communautaire \u00e0 travers mes articles.","sameAs":["https:\/\/vieassociative.be\/"]}]}},"_links":{"self":[{"href":"https:\/\/vieassociative.be\/actualites\/wp-json\/wp\/v2\/posts\/6465"}],"collection":[{"href":"https:\/\/vieassociative.be\/actualites\/wp-json\/wp\/v2\/posts"}],"about":[{"href":"https:\/\/vieassociative.be\/actualites\/wp-json\/wp\/v2\/types\/post"}],"author":[{"embeddable":true,"href":"https:\/\/vieassociative.be\/actualites\/wp-json\/wp\/v2\/users\/1"}],"replies":[{"embeddable":true,"href":"https:\/\/vieassociative.be\/actualites\/wp-json\/wp\/v2\/comments?post=6465"}],"version-history":[{"count":0,"href":"https:\/\/vieassociative.be\/actualites\/wp-json\/wp\/v2\/posts\/6465\/revisions"}],"wp:featuredmedia":[{"embeddable":true,"href":"https:\/\/vieassociative.be\/actualites\/wp-json\/wp\/v2\/media\/6466"}],"wp:attachment":[{"href":"https:\/\/vieassociative.be\/actualites\/wp-json\/wp\/v2\/media?parent=6465"}],"wp:term":[{"taxonomy":"category","embeddable":true,"href":"https:\/\/vieassociative.be\/actualites\/wp-json\/wp\/v2\/categories?post=6465"},{"taxonomy":"post_tag","embeddable":true,"href":"https:\/\/vieassociative.be\/actualites\/wp-json\/wp\/v2\/tags?post=6465"}],"curies":[{"name":"wp","href":"https:\/\/api.w.org\/{rel}","templated":true}]}}