{"id":6463,"date":"2025-04-05T22:19:42","date_gmt":"2025-04-05T20:19:42","guid":{"rendered":"https:\/\/vieassociative.be\/actualites\/allemagne-afd-maintenant-meme-a-egalite-avec-lunion\/"},"modified":"2025-04-05T22:19:42","modified_gmt":"2025-04-05T20:19:42","slug":"allemagne-afd-maintenant-meme-a-egalite-avec-lunion","status":"publish","type":"post","link":"https:\/\/vieassociative.be\/actualites\/allemagne-afd-maintenant-meme-a-egalite-avec-lunion\/","title":{"rendered":"Allemagne: AFD maintenant m\u00eame \u00e0 \u00e9galit\u00e9 avec l&rsquo;Union"},"content":{"rendered":"<p><strong>Plus les critiques des parties \u00e9tablies sont fortes, les artistes des m\u00e9dias et du cabaret sur l&rsquo;AFD, plus les plaintes contre l&rsquo;AFD sont nombreuses avant la Cour constitutionnelle f\u00e9d\u00e9rale et plus les murs de feu sont \u00e9lev\u00e9s, plus les populistes de droite sont dans les enqu\u00eates d&rsquo;opinion. R\u00e9cemment, ils sont m\u00eame sur la m\u00eame chose avec le syndicat.<\/strong><\/p>\n<p><span id=\"more-412907\"><\/span>Au milieu des n\u00e9gociations de coalition noire et rouge, le syndicat perd l&rsquo;approbation. Lors de l&rsquo;\u00e9lection de Bundestag, l&rsquo;AFD \u00e9tait toujours en deuxi\u00e8me place, maintenant elle s&rsquo;\u00e9l\u00e8ve \u00e9galement \u00e0 24%.<\/p>\n<p>Dans une enqu\u00eate, l&rsquo;AFD est pour la premi\u00e8re fois avec le syndicat. Pr\u00e8s de six semaines apr\u00e8s les \u00e9lections de Bundestag, l&rsquo;Union et l&rsquo;AFD sont tous deux \u00e0 24% dans la question du dimanche.<\/p>\n<div id=\"attachment_412915\" class=\"wp-caption alignleft\" style=\"max-width: 300px\"><img fetchpriority=\"high\" decoding=\"async\" class=\"wp-image-412915 size-medium\" src=\"https:\/\/vieassociative.be\/actualites\/wp-content\/uploads\/2025\/04\/Allemagne-AFD-maintenant-meme-a-egalite-avec-lUnion.jpg\" alt=\"\" width=\"300\" height=\"200\"><\/p>\n<p class=\"wp-caption-text\">28\/07\/2023, Saxe-Anhalt, Magdeburg: Ce logo repr\u00e9sente la f\u00eate de l&rsquo;AFD. Photo: Carsten Koall<\/p>\n<\/div>\n<p>Ce fut le r\u00e9sultat d&rsquo;une enqu\u00eate de l&rsquo;Insa Opinion Research Institute for the \u00ab\u00a0Bild\u00a0\u00bb le journal. Pour l&rsquo;AFD, il s&rsquo;agit d&rsquo;une augmentation d&rsquo;un point de pourcentage par rapport \u00e0 la derni\u00e8re enqu\u00eate et de sa meilleure valeur jusqu&rsquo;\u00e0 pr\u00e9sent dans l&rsquo;enqu\u00eate. Le vainqueur des \u00e9lections, le syndicat autour de Friedrich Merz, perd deux points de pourcentage.<\/p>\n<p>La CDU et la CSU ont remport\u00e9 les \u00e9lections le 23 f\u00e9vrier avec 28,5% des deuxi\u00e8mes votes et ont r\u00e9cemment perdu le consentement des \u00e9lecteurs. L&rsquo;AFD a atterri \u00e0 la deuxi\u00e8me place avec 20,8.<\/p>\n<p>Le SPD peut maintenir sa valeur dans l&rsquo;enqu\u00eate et est de 16%. Derri\u00e8re elle se trouvent les verts (-1) et la gauche (+1) au pair. Si les \u00e9lections de Bundestag \u00e9taient dimanche, FDP (+1) et BSW (-1) ne feraient pas partie du Parlement. Selon l&rsquo;enqu\u00eate, les deux parties sont de 4%.<\/p>\n<p>Pour l&rsquo;enqu\u00eate, 1 206 citoyens ont \u00e9t\u00e9 interrog\u00e9s entre le 31 mars et le 4 avril. Selon la tol\u00e9rance maximale des d\u00e9fauts statistiques, le fou est de 2,9 points de pourcentage. (DPA \/ CRE)<\/p>\n","protected":false},"excerpt":{"rendered":"<p>Plus les critiques des parties \u00e9tablies sont fortes, les artistes des m\u00e9dias et du cabaret sur l&rsquo;AFD, plus les plaintes contre l&rsquo;AFD sont nombreuses avant<\/p>\n","protected":false},"author":1,"featured_media":6464,"comment_status":"","ping_status":"","sticky":false,"template":"","format":"standard","meta":{"footnotes":""},"categories":[298],"tags":[6209,2864,61,6210,1143,233,891],"class_list":["post-6463","post","type-post","status-publish","format-standard","has-post-thumbnail","hentry","category-belgique","tag-afd","tag-allemagne","tag-avec","tag-egalite","tag-lunion","tag-maintenant","tag-meme","generate-columns","tablet-grid-50","mobile-grid-100","grid-parent","grid-33"],"yoast_head":"<!-- This site is optimized with the Yoast SEO plugin v24.0 - https:\/\/yoast.com\/wordpress\/plugins\/seo\/ -->\n<title>Allemagne: AFD maintenant m\u00eame \u00e0 \u00e9galit\u00e9 avec l&#039;Union | Vie Associative<\/title>\n<meta name=\"robots\" content=\"index, follow, max-snippet:-1, max-image-preview:large, max-video-preview:-1\" \/>\n<link rel=\"canonical\" href=\"https:\/\/vieassociative.be\/actualites\/allemagne-afd-maintenant-meme-a-egalite-avec-lunion\/\" \/>\n<meta property=\"og:locale\" content=\"fr_FR\" \/>\n<meta property=\"og:type\" content=\"article\" \/>\n<meta property=\"og:title\" content=\"Allemagne: AFD maintenant m\u00eame \u00e0 \u00e9galit\u00e9 avec l&#039;Union | Vie Associative\" \/>\n<meta property=\"og:description\" content=\"Plus les critiques des parties \u00e9tablies sont fortes, les artistes des m\u00e9dias et du cabaret sur l&rsquo;AFD, plus les plaintes contre l&rsquo;AFD sont nombreuses avant\" \/>\n<meta property=\"og:url\" content=\"https:\/\/vieassociative.be\/actualites\/allemagne-afd-maintenant-meme-a-egalite-avec-lunion\/\" \/>\n<meta property=\"og:site_name\" content=\"Vie Associative\" \/>\n<meta property=\"article:published_time\" content=\"2025-04-05T20:19:42+00:00\" \/>\n<meta property=\"og:image\" content=\"https:\/\/vieassociative.be\/actualites\/wp-content\/uploads\/2024\/09\/header_backgroundk-01-e1726694325946.png\" \/>\n\t<meta property=\"og:image:width\" content=\"279\" \/>\n\t<meta property=\"og:image:height\" content=\"92\" \/>\n\t<meta property=\"og:image:type\" content=\"image\/png\" \/>\n<meta name=\"author\" content=\"Julien\" \/>\n<meta name=\"twitter:card\" content=\"summary_large_image\" \/>\n<meta name=\"twitter:label1\" content=\"\u00c9crit par\" \/>\n\t<meta name=\"twitter:data1\" content=\"Julien\" \/>\n\t<meta name=\"twitter:label2\" content=\"Dur\u00e9e de lecture est.\" \/>\n\t<meta name=\"twitter:data2\" content=\"2 minutes\" \/>\n<script type=\"application\/ld+json\" class=\"yoast-schema-graph\">{\"@context\":\"https:\/\/schema.org\",\"@graph\":[{\"@type\":\"Article\",\"@id\":\"https:\/\/vieassociative.be\/actualites\/allemagne-afd-maintenant-meme-a-egalite-avec-lunion\/#article\",\"isPartOf\":{\"@id\":\"https:\/\/vieassociative.be\/actualites\/allemagne-afd-maintenant-meme-a-egalite-avec-lunion\/\"},\"author\":{\"name\":\"Julien\",\"@id\":\"https:\/\/vieassociative.be\/actualites\/#\/schema\/person\/b87ac4f82f9d4e7b7cec7395b679edc4\"},\"headline\":\"Allemagne: AFD maintenant m\u00eame \u00e0 \u00e9galit\u00e9 avec l&rsquo;Union\",\"datePublished\":\"2025-04-05T20:19:42+00:00\",\"dateModified\":\"2025-04-05T20:19:42+00:00\",\"mainEntityOfPage\":{\"@id\":\"https:\/\/vieassociative.be\/actualites\/allemagne-afd-maintenant-meme-a-egalite-avec-lunion\/\"},\"wordCount\":355,\"publisher\":{\"@id\":\"https:\/\/vieassociative.be\/actualites\/#organization\"},\"image\":{\"@id\":\"https:\/\/vieassociative.be\/actualites\/allemagne-afd-maintenant-meme-a-egalite-avec-lunion\/#primaryimage\"},\"thumbnailUrl\":\"https:\/\/vieassociative.be\/actualites\/wp-content\/uploads\/2025\/04\/1743884383_Allemagne-AFD-maintenant-meme-a-egalite-avec-lUnion.jpg\",\"keywords\":[\"AFD\",\"Allemagne\",\"avec\",\"\u00e9galit\u00e9\",\"lUnion\",\"maintenant\",\"m\u00eame\"],\"articleSection\":[\"Belgique\"],\"inLanguage\":\"fr-BE\"},{\"@type\":\"WebPage\",\"@id\":\"https:\/\/vieassociative.be\/actualites\/allemagne-afd-maintenant-meme-a-egalite-avec-lunion\/\",\"url\":\"https:\/\/vieassociative.be\/actualites\/allemagne-afd-maintenant-meme-a-egalite-avec-lunion\/\",\"name\":\"Allemagne: AFD maintenant m\u00eame \u00e0 \u00e9galit\u00e9 avec l'Union | Vie Associative\",\"isPartOf\":{\"@id\":\"https:\/\/vieassociative.be\/actualites\/#website\"},\"primaryImageOfPage\":{\"@id\":\"https:\/\/vieassociative.be\/actualites\/allemagne-afd-maintenant-meme-a-egalite-avec-lunion\/#primaryimage\"},\"image\":{\"@id\":\"https:\/\/vieassociative.be\/actualites\/allemagne-afd-maintenant-meme-a-egalite-avec-lunion\/#primaryimage\"},\"thumbnailUrl\":\"https:\/\/vieassociative.be\/actualites\/wp-content\/uploads\/2025\/04\/1743884383_Allemagne-AFD-maintenant-meme-a-egalite-avec-lUnion.jpg\",\"datePublished\":\"2025-04-05T20:19:42+00:00\",\"dateModified\":\"2025-04-05T20:19:42+00:00\",\"breadcrumb\":{\"@id\":\"https:\/\/vieassociative.be\/actualites\/allemagne-afd-maintenant-meme-a-egalite-avec-lunion\/#breadcrumb\"},\"inLanguage\":\"fr-BE\",\"potentialAction\":[{\"@type\":\"ReadAction\",\"target\":[\"https:\/\/vieassociative.be\/actualites\/allemagne-afd-maintenant-meme-a-egalite-avec-lunion\/\"]}]},{\"@type\":\"ImageObject\",\"inLanguage\":\"fr-BE\",\"@id\":\"https:\/\/vieassociative.be\/actualites\/allemagne-afd-maintenant-meme-a-egalite-avec-lunion\/#primaryimage\",\"url\":\"https:\/\/vieassociative.be\/actualites\/wp-content\/uploads\/2025\/04\/1743884383_Allemagne-AFD-maintenant-meme-a-egalite-avec-lUnion.jpg\",\"contentUrl\":\"https:\/\/vieassociative.be\/actualites\/wp-content\/uploads\/2025\/04\/1743884383_Allemagne-AFD-maintenant-meme-a-egalite-avec-lUnion.jpg\",\"width\":1200,\"height\":800,\"caption\":\"Allemagne: AFD maintenant m\u00eame \u00e0 \u00e9galit\u00e9 avec l'Union\"},{\"@type\":\"BreadcrumbList\",\"@id\":\"https:\/\/vieassociative.be\/actualites\/allemagne-afd-maintenant-meme-a-egalite-avec-lunion\/#breadcrumb\",\"itemListElement\":[{\"@type\":\"ListItem\",\"position\":1,\"name\":\"Accueil\",\"item\":\"https:\/\/vieassociative.be\/actualites\/\"},{\"@type\":\"ListItem\",\"position\":2,\"name\":\"Allemagne: AFD maintenant m\u00eame \u00e0 \u00e9galit\u00e9 avec l&rsquo;Union\"}]},{\"@type\":\"WebSite\",\"@id\":\"https:\/\/vieassociative.be\/actualites\/#website\",\"url\":\"https:\/\/vieassociative.be\/actualites\/\",\"name\":\"Vie Associative\",\"description\":\"\",\"publisher\":{\"@id\":\"https:\/\/vieassociative.be\/actualites\/#organization\"},\"potentialAction\":[{\"@type\":\"SearchAction\",\"target\":{\"@type\":\"EntryPoint\",\"urlTemplate\":\"https:\/\/vieassociative.be\/actualites\/?s={search_term_string}\"},\"query-input\":{\"@type\":\"PropertyValueSpecification\",\"valueRequired\":true,\"valueName\":\"search_term_string\"}}],\"inLanguage\":\"fr-BE\"},{\"@type\":\"Organization\",\"@id\":\"https:\/\/vieassociative.be\/actualites\/#organization\",\"name\":\"Vie Associative\",\"url\":\"https:\/\/vieassociative.be\/actualites\/\",\"logo\":{\"@type\":\"ImageObject\",\"inLanguage\":\"fr-BE\",\"@id\":\"https:\/\/vieassociative.be\/actualites\/#\/schema\/logo\/image\/\",\"url\":\"https:\/\/vieassociative.be\/actualites\/wp-content\/uploads\/2024\/09\/cropped-vieassociative_favicon.ico.png\",\"contentUrl\":\"https:\/\/vieassociative.be\/actualites\/wp-content\/uploads\/2024\/09\/cropped-vieassociative_favicon.ico.png\",\"width\":512,\"height\":512,\"caption\":\"Vie Associative\"},\"image\":{\"@id\":\"https:\/\/vieassociative.be\/actualites\/#\/schema\/logo\/image\/\"}},{\"@type\":\"Person\",\"@id\":\"https:\/\/vieassociative.be\/actualites\/#\/schema\/person\/b87ac4f82f9d4e7b7cec7395b679edc4\",\"name\":\"Julien\",\"image\":{\"@type\":\"ImageObject\",\"inLanguage\":\"fr-BE\",\"@id\":\"https:\/\/vieassociative.be\/actualites\/#\/schema\/person\/image\/\",\"url\":\"https:\/\/vieassociative.be\/actualites\/wp-content\/uploads\/2024\/09\/vie-associative-1-150x150.jpg\",\"contentUrl\":\"https:\/\/vieassociative.be\/actualites\/wp-content\/uploads\/2024\/09\/vie-associative-1-150x150.jpg\",\"caption\":\"Julien\"},\"description\":\"Je suis Julien, r\u00e9dacteur pour Vie Associative. Passionn\u00e9 par le monde associatif depuis plus de 10 ans, j'ai \u00e0 c\u0153ur de partager des histoires inspirantes et de mettre en lumi\u00e8re les initiatives locales. Mon objectif est de sensibiliser et d'encourager l'engagement communautaire \u00e0 travers mes articles.\",\"sameAs\":[\"https:\/\/vieassociative.be\/\"]}]}<\/script>\n<!-- \/ Yoast SEO plugin. -->","yoast_head_json":{"title":"Allemagne: AFD maintenant m\u00eame \u00e0 \u00e9galit\u00e9 avec l'Union | Vie Associative","robots":{"index":"index","follow":"follow","max-snippet":"max-snippet:-1","max-image-preview":"max-image-preview:large","max-video-preview":"max-video-preview:-1"},"canonical":"https:\/\/vieassociative.be\/actualites\/allemagne-afd-maintenant-meme-a-egalite-avec-lunion\/","og_locale":"fr_FR","og_type":"article","og_title":"Allemagne: AFD maintenant m\u00eame \u00e0 \u00e9galit\u00e9 avec l'Union | Vie Associative","og_description":"Plus les critiques des parties \u00e9tablies sont fortes, les artistes des m\u00e9dias et du cabaret sur l&rsquo;AFD, plus les plaintes contre l&rsquo;AFD sont nombreuses avant","og_url":"https:\/\/vieassociative.be\/actualites\/allemagne-afd-maintenant-meme-a-egalite-avec-lunion\/","og_site_name":"Vie Associative","article_published_time":"2025-04-05T20:19:42+00:00","og_image":[{"width":279,"height":92,"url":"https:\/\/vieassociative.be\/actualites\/wp-content\/uploads\/2024\/09\/header_backgroundk-01-e1726694325946.png","type":"image\/png"}],"author":"Julien","twitter_card":"summary_large_image","twitter_misc":{"\u00c9crit par":"Julien","Dur\u00e9e de lecture est.":"2 minutes"},"schema":{"@context":"https:\/\/schema.org","@graph":[{"@type":"Article","@id":"https:\/\/vieassociative.be\/actualites\/allemagne-afd-maintenant-meme-a-egalite-avec-lunion\/#article","isPartOf":{"@id":"https:\/\/vieassociative.be\/actualites\/allemagne-afd-maintenant-meme-a-egalite-avec-lunion\/"},"author":{"name":"Julien","@id":"https:\/\/vieassociative.be\/actualites\/#\/schema\/person\/b87ac4f82f9d4e7b7cec7395b679edc4"},"headline":"Allemagne: AFD maintenant m\u00eame \u00e0 \u00e9galit\u00e9 avec l&rsquo;Union","datePublished":"2025-04-05T20:19:42+00:00","dateModified":"2025-04-05T20:19:42+00:00","mainEntityOfPage":{"@id":"https:\/\/vieassociative.be\/actualites\/allemagne-afd-maintenant-meme-a-egalite-avec-lunion\/"},"wordCount":355,"publisher":{"@id":"https:\/\/vieassociative.be\/actualites\/#organization"},"image":{"@id":"https:\/\/vieassociative.be\/actualites\/allemagne-afd-maintenant-meme-a-egalite-avec-lunion\/#primaryimage"},"thumbnailUrl":"https:\/\/vieassociative.be\/actualites\/wp-content\/uploads\/2025\/04\/1743884383_Allemagne-AFD-maintenant-meme-a-egalite-avec-lUnion.jpg","keywords":["AFD","Allemagne","avec","\u00e9galit\u00e9","lUnion","maintenant","m\u00eame"],"articleSection":["Belgique"],"inLanguage":"fr-BE"},{"@type":"WebPage","@id":"https:\/\/vieassociative.be\/actualites\/allemagne-afd-maintenant-meme-a-egalite-avec-lunion\/","url":"https:\/\/vieassociative.be\/actualites\/allemagne-afd-maintenant-meme-a-egalite-avec-lunion\/","name":"Allemagne: AFD maintenant m\u00eame \u00e0 \u00e9galit\u00e9 avec l'Union | Vie Associative","isPartOf":{"@id":"https:\/\/vieassociative.be\/actualites\/#website"},"primaryImageOfPage":{"@id":"https:\/\/vieassociative.be\/actualites\/allemagne-afd-maintenant-meme-a-egalite-avec-lunion\/#primaryimage"},"image":{"@id":"https:\/\/vieassociative.be\/actualites\/allemagne-afd-maintenant-meme-a-egalite-avec-lunion\/#primaryimage"},"thumbnailUrl":"https:\/\/vieassociative.be\/actualites\/wp-content\/uploads\/2025\/04\/1743884383_Allemagne-AFD-maintenant-meme-a-egalite-avec-lUnion.jpg","datePublished":"2025-04-05T20:19:42+00:00","dateModified":"2025-04-05T20:19:42+00:00","breadcrumb":{"@id":"https:\/\/vieassociative.be\/actualites\/allemagne-afd-maintenant-meme-a-egalite-avec-lunion\/#breadcrumb"},"inLanguage":"fr-BE","potentialAction":[{"@type":"ReadAction","target":["https:\/\/vieassociative.be\/actualites\/allemagne-afd-maintenant-meme-a-egalite-avec-lunion\/"]}]},{"@type":"ImageObject","inLanguage":"fr-BE","@id":"https:\/\/vieassociative.be\/actualites\/allemagne-afd-maintenant-meme-a-egalite-avec-lunion\/#primaryimage","url":"https:\/\/vieassociative.be\/actualites\/wp-content\/uploads\/2025\/04\/1743884383_Allemagne-AFD-maintenant-meme-a-egalite-avec-lUnion.jpg","contentUrl":"https:\/\/vieassociative.be\/actualites\/wp-content\/uploads\/2025\/04\/1743884383_Allemagne-AFD-maintenant-meme-a-egalite-avec-lUnion.jpg","width":1200,"height":800,"caption":"Allemagne: AFD maintenant m\u00eame \u00e0 \u00e9galit\u00e9 avec l'Union"},{"@type":"BreadcrumbList","@id":"https:\/\/vieassociative.be\/actualites\/allemagne-afd-maintenant-meme-a-egalite-avec-lunion\/#breadcrumb","itemListElement":[{"@type":"ListItem","position":1,"name":"Accueil","item":"https:\/\/vieassociative.be\/actualites\/"},{"@type":"ListItem","position":2,"name":"Allemagne: AFD maintenant m\u00eame \u00e0 \u00e9galit\u00e9 avec l&rsquo;Union"}]},{"@type":"WebSite","@id":"https:\/\/vieassociative.be\/actualites\/#website","url":"https:\/\/vieassociative.be\/actualites\/","name":"Vie Associative","description":"","publisher":{"@id":"https:\/\/vieassociative.be\/actualites\/#organization"},"potentialAction":[{"@type":"SearchAction","target":{"@type":"EntryPoint","urlTemplate":"https:\/\/vieassociative.be\/actualites\/?s={search_term_string}"},"query-input":{"@type":"PropertyValueSpecification","valueRequired":true,"valueName":"search_term_string"}}],"inLanguage":"fr-BE"},{"@type":"Organization","@id":"https:\/\/vieassociative.be\/actualites\/#organization","name":"Vie Associative","url":"https:\/\/vieassociative.be\/actualites\/","logo":{"@type":"ImageObject","inLanguage":"fr-BE","@id":"https:\/\/vieassociative.be\/actualites\/#\/schema\/logo\/image\/","url":"https:\/\/vieassociative.be\/actualites\/wp-content\/uploads\/2024\/09\/cropped-vieassociative_favicon.ico.png","contentUrl":"https:\/\/vieassociative.be\/actualites\/wp-content\/uploads\/2024\/09\/cropped-vieassociative_favicon.ico.png","width":512,"height":512,"caption":"Vie Associative"},"image":{"@id":"https:\/\/vieassociative.be\/actualites\/#\/schema\/logo\/image\/"}},{"@type":"Person","@id":"https:\/\/vieassociative.be\/actualites\/#\/schema\/person\/b87ac4f82f9d4e7b7cec7395b679edc4","name":"Julien","image":{"@type":"ImageObject","inLanguage":"fr-BE","@id":"https:\/\/vieassociative.be\/actualites\/#\/schema\/person\/image\/","url":"https:\/\/vieassociative.be\/actualites\/wp-content\/uploads\/2024\/09\/vie-associative-1-150x150.jpg","contentUrl":"https:\/\/vieassociative.be\/actualites\/wp-content\/uploads\/2024\/09\/vie-associative-1-150x150.jpg","caption":"Julien"},"description":"Je suis Julien, r\u00e9dacteur pour Vie Associative. Passionn\u00e9 par le monde associatif depuis plus de 10 ans, j'ai \u00e0 c\u0153ur de partager des histoires inspirantes et de mettre en lumi\u00e8re les initiatives locales. Mon objectif est de sensibiliser et d'encourager l'engagement communautaire \u00e0 travers mes articles.","sameAs":["https:\/\/vieassociative.be\/"]}]}},"_links":{"self":[{"href":"https:\/\/vieassociative.be\/actualites\/wp-json\/wp\/v2\/posts\/6463"}],"collection":[{"href":"https:\/\/vieassociative.be\/actualites\/wp-json\/wp\/v2\/posts"}],"about":[{"href":"https:\/\/vieassociative.be\/actualites\/wp-json\/wp\/v2\/types\/post"}],"author":[{"embeddable":true,"href":"https:\/\/vieassociative.be\/actualites\/wp-json\/wp\/v2\/users\/1"}],"replies":[{"embeddable":true,"href":"https:\/\/vieassociative.be\/actualites\/wp-json\/wp\/v2\/comments?post=6463"}],"version-history":[{"count":0,"href":"https:\/\/vieassociative.be\/actualites\/wp-json\/wp\/v2\/posts\/6463\/revisions"}],"wp:featuredmedia":[{"embeddable":true,"href":"https:\/\/vieassociative.be\/actualites\/wp-json\/wp\/v2\/media\/6464"}],"wp:attachment":[{"href":"https:\/\/vieassociative.be\/actualites\/wp-json\/wp\/v2\/media?parent=6463"}],"wp:term":[{"taxonomy":"category","embeddable":true,"href":"https:\/\/vieassociative.be\/actualites\/wp-json\/wp\/v2\/categories?post=6463"},{"taxonomy":"post_tag","embeddable":true,"href":"https:\/\/vieassociative.be\/actualites\/wp-json\/wp\/v2\/tags?post=6463"}],"curies":[{"name":"wp","href":"https:\/\/api.w.org\/{rel}","templated":true}]}}