{"id":6457,"date":"2025-04-05T16:17:29","date_gmt":"2025-04-05T14:17:29","guid":{"rendered":"https:\/\/vieassociative.be\/actualites\/obama-appelle-a-la-resistance-a-trump\/"},"modified":"2025-04-05T16:17:29","modified_gmt":"2025-04-05T14:17:29","slug":"obama-appelle-a-la-resistance-a-trump","status":"publish","type":"post","link":"https:\/\/vieassociative.be\/actualites\/obama-appelle-a-la-resistance-a-trump\/","title":{"rendered":"Obama appelle \u00e0 la r\u00e9sistance \u00e0 Trump"},"content":{"rendered":"<p><strong>L&rsquo;ancien pr\u00e9sident Barack Obama et l&rsquo;ancien candidat d\u00e9mocrate \u00e0 la pr\u00e9sidentielle Kamala Harris \u00e9taient encore silencieux. Maintenant, inscrivez-vous &#8211; avec un message clair.<\/strong><\/p>\n<p><span id=\"more-412921\"><\/span>L&rsquo;ancien pr\u00e9sident am\u00e9ricain Barack Obama a appel\u00e9 le gouvernement du pr\u00e9sident Donald Trump \u00e0 tenter d&rsquo;intimider. Selon CNN, il a soulign\u00e9 dans le discours devant les \u00e9tudiants qu&rsquo;il a parl\u00e9 publiquement pour la premi\u00e8re fois depuis un certain temps.<\/p>\n<p>\u00ab\u00a0J&rsquo;ai regard\u00e9 un moment.\u00a0\u00bb Le journal \u00ab\u00a0Daily Sentinel\u00a0\u00bb a \u00e9crit qu&rsquo;Obama avait appel\u00e9 les citoyens aux \u00c9tats-Unis, les universit\u00e9s et les grands avocats \u00e0 ne pas perdre le courage.<\/p>\n<p>C&rsquo;est aux personnes aux \u00c9tats-Unis de r\u00e9soudre le probl\u00e8me. Personne ne viendra secourir, CNN l&rsquo;a cit\u00e9. \u00ab\u00a0Le bureau le plus important de cette d\u00e9mocratie est le citoyen\u00a0\u00bb, a d\u00e9clar\u00e9 Obama, selon un journaliste de CNN, dans le discours devant plus de 5 000 \u00e9tudiants du Hamilton College dans l&rsquo;\u00c9tat de New York. Les enregistrements vid\u00e9o n&rsquo;\u00e9taient pas autoris\u00e9s lors de l&rsquo;\u00e9v\u00e9nement.<\/p>\n<div id=\"attachment_412927\" class=\"wp-caption alignleft\" style=\"max-width: 300px\"><img fetchpriority=\"high\" decoding=\"async\" class=\"wp-image-412927 size-medium\" src=\"https:\/\/vieassociative.be\/actualites\/wp-content\/uploads\/2025\/04\/Obama-appelle-a-la-resistance-a-Trump.jpg\" alt=\"\" width=\"300\" height=\"200\"><\/p>\n<p class=\"wp-caption-text\">16\/01\/2025, \u00c9tats-Unis, Washington: l&rsquo;ancien vice-pr\u00e9sident am\u00e9ricain Kamala Harris. Photo: Susan Walsh \/ AP \/ DPA<\/p>\n<\/div>\n<p><strong>&#8211; Vous devrez peut-\u00eatre aussi faire des sacrifices:<\/strong> Les cabinets d&rsquo;avocats devraient \u00eatre pr\u00eats \u00e0 perdre des ordres, a d\u00e9clar\u00e9 Obama selon les rapports. Trump avait massivement mis plusieurs soci\u00e9t\u00e9s juridiques sous pression, dont les avocats \u00e9taient impliqu\u00e9s dans des proc\u00e8s ou des enqu\u00eates contre lui, par exemple.<\/p>\n<p>Les universit\u00e9s, par exemple, ont priv\u00e9 le gouvernement en raison de ses programmes de diversit\u00e9, devraient utiliser leurs fonds de fondation ou r\u00e9duire les co\u00fbts au lieu de remettre les demandes avant les revendications de Trump. Obama a d\u00e9clar\u00e9 qu&rsquo;il \u00e9tait \u00e9galement pr\u00e9occup\u00e9 par le fait que le gouvernement mena\u00e7ait des universit\u00e9s qui ne voulaient pas abandonner leurs \u00e9tudiants qui percevraient leur droit \u00e0 la libert\u00e9 de parler.<\/p>\n<p><strong>&#8211; Le courage est contagieux:<\/strong> L&rsquo;ancien vice-pr\u00e9sident et candidat \u00e0 la pr\u00e9sidentielle d\u00e9mocrate, Kamala Harris, a \u00e9galement comment\u00e9 le gouvernement pour la premi\u00e8re fois depuis longtemps. Dans un discours devant les femmes, elle a dit qu&rsquo;elle savait que le retour de Trump au bureau ovale avait d\u00e9clench\u00e9 \u00ab\u00a0un grand sentiment de peur\u00a0\u00bb. Elle a appel\u00e9 le courage. Il y avait beaucoup de choses que les gens savaient que cela se produirait, a d\u00e9clar\u00e9 Harris. \u00ab\u00a0Je ne suis pas l\u00e0 pour vous dire que je l&rsquo;ai dit\u00a0\u00bb, a-t-elle dit en riant. (DPA)<\/p>\n","protected":false},"excerpt":{"rendered":"<p>L&rsquo;ancien pr\u00e9sident Barack Obama et l&rsquo;ancien candidat d\u00e9mocrate \u00e0 la pr\u00e9sidentielle Kamala Harris \u00e9taient encore silencieux. Maintenant, inscrivez-vous &#8211; avec un message clair. L&rsquo;ancien pr\u00e9sident<\/p>\n","protected":false},"author":1,"featured_media":6458,"comment_status":"","ping_status":"","sticky":false,"template":"","format":"standard","meta":{"footnotes":""},"categories":[298],"tags":[5218,6204,6205,2425],"class_list":["post-6457","post","type-post","status-publish","format-standard","has-post-thumbnail","hentry","category-belgique","tag-appelle","tag-obama","tag-resistance","tag-trump","generate-columns","tablet-grid-50","mobile-grid-100","grid-parent","grid-33"],"yoast_head":"<!-- This site is optimized with the Yoast SEO plugin v24.0 - https:\/\/yoast.com\/wordpress\/plugins\/seo\/ -->\n<title>Obama appelle \u00e0 la r\u00e9sistance \u00e0 Trump | Vie Associative<\/title>\n<meta name=\"robots\" content=\"index, follow, max-snippet:-1, max-image-preview:large, max-video-preview:-1\" \/>\n<link rel=\"canonical\" href=\"https:\/\/vieassociative.be\/actualites\/obama-appelle-a-la-resistance-a-trump\/\" \/>\n<meta property=\"og:locale\" content=\"fr_FR\" \/>\n<meta property=\"og:type\" content=\"article\" \/>\n<meta property=\"og:title\" content=\"Obama appelle \u00e0 la r\u00e9sistance \u00e0 Trump | Vie Associative\" \/>\n<meta property=\"og:description\" content=\"L&rsquo;ancien pr\u00e9sident Barack Obama et l&rsquo;ancien candidat d\u00e9mocrate \u00e0 la pr\u00e9sidentielle Kamala Harris \u00e9taient encore silencieux. Maintenant, inscrivez-vous &#8211; avec un message clair. L&rsquo;ancien pr\u00e9sident\" \/>\n<meta property=\"og:url\" content=\"https:\/\/vieassociative.be\/actualites\/obama-appelle-a-la-resistance-a-trump\/\" \/>\n<meta property=\"og:site_name\" content=\"Vie Associative\" \/>\n<meta property=\"article:published_time\" content=\"2025-04-05T14:17:29+00:00\" \/>\n<meta property=\"og:image\" content=\"https:\/\/vieassociative.be\/actualites\/wp-content\/uploads\/2024\/09\/header_backgroundk-01-e1726694325946.png\" \/>\n\t<meta property=\"og:image:width\" content=\"279\" \/>\n\t<meta property=\"og:image:height\" content=\"92\" \/>\n\t<meta property=\"og:image:type\" content=\"image\/png\" \/>\n<meta name=\"author\" content=\"Julien\" \/>\n<meta name=\"twitter:card\" content=\"summary_large_image\" \/>\n<meta name=\"twitter:label1\" content=\"\u00c9crit par\" \/>\n\t<meta name=\"twitter:data1\" content=\"Julien\" \/>\n\t<meta name=\"twitter:label2\" content=\"Dur\u00e9e de lecture est.\" \/>\n\t<meta name=\"twitter:data2\" content=\"2 minutes\" \/>\n<script type=\"application\/ld+json\" class=\"yoast-schema-graph\">{\"@context\":\"https:\/\/schema.org\",\"@graph\":[{\"@type\":\"Article\",\"@id\":\"https:\/\/vieassociative.be\/actualites\/obama-appelle-a-la-resistance-a-trump\/#article\",\"isPartOf\":{\"@id\":\"https:\/\/vieassociative.be\/actualites\/obama-appelle-a-la-resistance-a-trump\/\"},\"author\":{\"name\":\"Julien\",\"@id\":\"https:\/\/vieassociative.be\/actualites\/#\/schema\/person\/b87ac4f82f9d4e7b7cec7395b679edc4\"},\"headline\":\"Obama appelle \u00e0 la r\u00e9sistance \u00e0 Trump\",\"datePublished\":\"2025-04-05T14:17:29+00:00\",\"dateModified\":\"2025-04-05T14:17:29+00:00\",\"mainEntityOfPage\":{\"@id\":\"https:\/\/vieassociative.be\/actualites\/obama-appelle-a-la-resistance-a-trump\/\"},\"wordCount\":425,\"publisher\":{\"@id\":\"https:\/\/vieassociative.be\/actualites\/#organization\"},\"image\":{\"@id\":\"https:\/\/vieassociative.be\/actualites\/obama-appelle-a-la-resistance-a-trump\/#primaryimage\"},\"thumbnailUrl\":\"https:\/\/vieassociative.be\/actualites\/wp-content\/uploads\/2025\/04\/1743862649_Obama-appelle-a-la-resistance-a-Trump.jpg\",\"keywords\":[\"appelle\",\"Obama\",\"r\u00e9sistance\",\"Trump\"],\"articleSection\":[\"Belgique\"],\"inLanguage\":\"fr-BE\"},{\"@type\":\"WebPage\",\"@id\":\"https:\/\/vieassociative.be\/actualites\/obama-appelle-a-la-resistance-a-trump\/\",\"url\":\"https:\/\/vieassociative.be\/actualites\/obama-appelle-a-la-resistance-a-trump\/\",\"name\":\"Obama appelle \u00e0 la r\u00e9sistance \u00e0 Trump | Vie Associative\",\"isPartOf\":{\"@id\":\"https:\/\/vieassociative.be\/actualites\/#website\"},\"primaryImageOfPage\":{\"@id\":\"https:\/\/vieassociative.be\/actualites\/obama-appelle-a-la-resistance-a-trump\/#primaryimage\"},\"image\":{\"@id\":\"https:\/\/vieassociative.be\/actualites\/obama-appelle-a-la-resistance-a-trump\/#primaryimage\"},\"thumbnailUrl\":\"https:\/\/vieassociative.be\/actualites\/wp-content\/uploads\/2025\/04\/1743862649_Obama-appelle-a-la-resistance-a-Trump.jpg\",\"datePublished\":\"2025-04-05T14:17:29+00:00\",\"dateModified\":\"2025-04-05T14:17:29+00:00\",\"breadcrumb\":{\"@id\":\"https:\/\/vieassociative.be\/actualites\/obama-appelle-a-la-resistance-a-trump\/#breadcrumb\"},\"inLanguage\":\"fr-BE\",\"potentialAction\":[{\"@type\":\"ReadAction\",\"target\":[\"https:\/\/vieassociative.be\/actualites\/obama-appelle-a-la-resistance-a-trump\/\"]}]},{\"@type\":\"ImageObject\",\"inLanguage\":\"fr-BE\",\"@id\":\"https:\/\/vieassociative.be\/actualites\/obama-appelle-a-la-resistance-a-trump\/#primaryimage\",\"url\":\"https:\/\/vieassociative.be\/actualites\/wp-content\/uploads\/2025\/04\/1743862649_Obama-appelle-a-la-resistance-a-Trump.jpg\",\"contentUrl\":\"https:\/\/vieassociative.be\/actualites\/wp-content\/uploads\/2025\/04\/1743862649_Obama-appelle-a-la-resistance-a-Trump.jpg\",\"width\":1200,\"height\":877,\"caption\":\"Obama appelle \u00e0 la r\u00e9sistance \u00e0 Trump\"},{\"@type\":\"BreadcrumbList\",\"@id\":\"https:\/\/vieassociative.be\/actualites\/obama-appelle-a-la-resistance-a-trump\/#breadcrumb\",\"itemListElement\":[{\"@type\":\"ListItem\",\"position\":1,\"name\":\"Accueil\",\"item\":\"https:\/\/vieassociative.be\/actualites\/\"},{\"@type\":\"ListItem\",\"position\":2,\"name\":\"Obama appelle \u00e0 la r\u00e9sistance \u00e0 Trump\"}]},{\"@type\":\"WebSite\",\"@id\":\"https:\/\/vieassociative.be\/actualites\/#website\",\"url\":\"https:\/\/vieassociative.be\/actualites\/\",\"name\":\"Vie Associative\",\"description\":\"\",\"publisher\":{\"@id\":\"https:\/\/vieassociative.be\/actualites\/#organization\"},\"potentialAction\":[{\"@type\":\"SearchAction\",\"target\":{\"@type\":\"EntryPoint\",\"urlTemplate\":\"https:\/\/vieassociative.be\/actualites\/?s={search_term_string}\"},\"query-input\":{\"@type\":\"PropertyValueSpecification\",\"valueRequired\":true,\"valueName\":\"search_term_string\"}}],\"inLanguage\":\"fr-BE\"},{\"@type\":\"Organization\",\"@id\":\"https:\/\/vieassociative.be\/actualites\/#organization\",\"name\":\"Vie Associative\",\"url\":\"https:\/\/vieassociative.be\/actualites\/\",\"logo\":{\"@type\":\"ImageObject\",\"inLanguage\":\"fr-BE\",\"@id\":\"https:\/\/vieassociative.be\/actualites\/#\/schema\/logo\/image\/\",\"url\":\"https:\/\/vieassociative.be\/actualites\/wp-content\/uploads\/2024\/09\/cropped-vieassociative_favicon.ico.png\",\"contentUrl\":\"https:\/\/vieassociative.be\/actualites\/wp-content\/uploads\/2024\/09\/cropped-vieassociative_favicon.ico.png\",\"width\":512,\"height\":512,\"caption\":\"Vie Associative\"},\"image\":{\"@id\":\"https:\/\/vieassociative.be\/actualites\/#\/schema\/logo\/image\/\"}},{\"@type\":\"Person\",\"@id\":\"https:\/\/vieassociative.be\/actualites\/#\/schema\/person\/b87ac4f82f9d4e7b7cec7395b679edc4\",\"name\":\"Julien\",\"image\":{\"@type\":\"ImageObject\",\"inLanguage\":\"fr-BE\",\"@id\":\"https:\/\/vieassociative.be\/actualites\/#\/schema\/person\/image\/\",\"url\":\"https:\/\/vieassociative.be\/actualites\/wp-content\/uploads\/2024\/09\/vie-associative-1-150x150.jpg\",\"contentUrl\":\"https:\/\/vieassociative.be\/actualites\/wp-content\/uploads\/2024\/09\/vie-associative-1-150x150.jpg\",\"caption\":\"Julien\"},\"description\":\"Je suis Julien, r\u00e9dacteur pour Vie Associative. Passionn\u00e9 par le monde associatif depuis plus de 10 ans, j'ai \u00e0 c\u0153ur de partager des histoires inspirantes et de mettre en lumi\u00e8re les initiatives locales. Mon objectif est de sensibiliser et d'encourager l'engagement communautaire \u00e0 travers mes articles.\",\"sameAs\":[\"https:\/\/vieassociative.be\/\"]}]}<\/script>\n<!-- \/ Yoast SEO plugin. -->","yoast_head_json":{"title":"Obama appelle \u00e0 la r\u00e9sistance \u00e0 Trump | Vie Associative","robots":{"index":"index","follow":"follow","max-snippet":"max-snippet:-1","max-image-preview":"max-image-preview:large","max-video-preview":"max-video-preview:-1"},"canonical":"https:\/\/vieassociative.be\/actualites\/obama-appelle-a-la-resistance-a-trump\/","og_locale":"fr_FR","og_type":"article","og_title":"Obama appelle \u00e0 la r\u00e9sistance \u00e0 Trump | Vie Associative","og_description":"L&rsquo;ancien pr\u00e9sident Barack Obama et l&rsquo;ancien candidat d\u00e9mocrate \u00e0 la pr\u00e9sidentielle Kamala Harris \u00e9taient encore silencieux. Maintenant, inscrivez-vous &#8211; avec un message clair. L&rsquo;ancien pr\u00e9sident","og_url":"https:\/\/vieassociative.be\/actualites\/obama-appelle-a-la-resistance-a-trump\/","og_site_name":"Vie Associative","article_published_time":"2025-04-05T14:17:29+00:00","og_image":[{"width":279,"height":92,"url":"https:\/\/vieassociative.be\/actualites\/wp-content\/uploads\/2024\/09\/header_backgroundk-01-e1726694325946.png","type":"image\/png"}],"author":"Julien","twitter_card":"summary_large_image","twitter_misc":{"\u00c9crit par":"Julien","Dur\u00e9e de lecture est.":"2 minutes"},"schema":{"@context":"https:\/\/schema.org","@graph":[{"@type":"Article","@id":"https:\/\/vieassociative.be\/actualites\/obama-appelle-a-la-resistance-a-trump\/#article","isPartOf":{"@id":"https:\/\/vieassociative.be\/actualites\/obama-appelle-a-la-resistance-a-trump\/"},"author":{"name":"Julien","@id":"https:\/\/vieassociative.be\/actualites\/#\/schema\/person\/b87ac4f82f9d4e7b7cec7395b679edc4"},"headline":"Obama appelle \u00e0 la r\u00e9sistance \u00e0 Trump","datePublished":"2025-04-05T14:17:29+00:00","dateModified":"2025-04-05T14:17:29+00:00","mainEntityOfPage":{"@id":"https:\/\/vieassociative.be\/actualites\/obama-appelle-a-la-resistance-a-trump\/"},"wordCount":425,"publisher":{"@id":"https:\/\/vieassociative.be\/actualites\/#organization"},"image":{"@id":"https:\/\/vieassociative.be\/actualites\/obama-appelle-a-la-resistance-a-trump\/#primaryimage"},"thumbnailUrl":"https:\/\/vieassociative.be\/actualites\/wp-content\/uploads\/2025\/04\/1743862649_Obama-appelle-a-la-resistance-a-Trump.jpg","keywords":["appelle","Obama","r\u00e9sistance","Trump"],"articleSection":["Belgique"],"inLanguage":"fr-BE"},{"@type":"WebPage","@id":"https:\/\/vieassociative.be\/actualites\/obama-appelle-a-la-resistance-a-trump\/","url":"https:\/\/vieassociative.be\/actualites\/obama-appelle-a-la-resistance-a-trump\/","name":"Obama appelle \u00e0 la r\u00e9sistance \u00e0 Trump | Vie Associative","isPartOf":{"@id":"https:\/\/vieassociative.be\/actualites\/#website"},"primaryImageOfPage":{"@id":"https:\/\/vieassociative.be\/actualites\/obama-appelle-a-la-resistance-a-trump\/#primaryimage"},"image":{"@id":"https:\/\/vieassociative.be\/actualites\/obama-appelle-a-la-resistance-a-trump\/#primaryimage"},"thumbnailUrl":"https:\/\/vieassociative.be\/actualites\/wp-content\/uploads\/2025\/04\/1743862649_Obama-appelle-a-la-resistance-a-Trump.jpg","datePublished":"2025-04-05T14:17:29+00:00","dateModified":"2025-04-05T14:17:29+00:00","breadcrumb":{"@id":"https:\/\/vieassociative.be\/actualites\/obama-appelle-a-la-resistance-a-trump\/#breadcrumb"},"inLanguage":"fr-BE","potentialAction":[{"@type":"ReadAction","target":["https:\/\/vieassociative.be\/actualites\/obama-appelle-a-la-resistance-a-trump\/"]}]},{"@type":"ImageObject","inLanguage":"fr-BE","@id":"https:\/\/vieassociative.be\/actualites\/obama-appelle-a-la-resistance-a-trump\/#primaryimage","url":"https:\/\/vieassociative.be\/actualites\/wp-content\/uploads\/2025\/04\/1743862649_Obama-appelle-a-la-resistance-a-Trump.jpg","contentUrl":"https:\/\/vieassociative.be\/actualites\/wp-content\/uploads\/2025\/04\/1743862649_Obama-appelle-a-la-resistance-a-Trump.jpg","width":1200,"height":877,"caption":"Obama appelle \u00e0 la r\u00e9sistance \u00e0 Trump"},{"@type":"BreadcrumbList","@id":"https:\/\/vieassociative.be\/actualites\/obama-appelle-a-la-resistance-a-trump\/#breadcrumb","itemListElement":[{"@type":"ListItem","position":1,"name":"Accueil","item":"https:\/\/vieassociative.be\/actualites\/"},{"@type":"ListItem","position":2,"name":"Obama appelle \u00e0 la r\u00e9sistance \u00e0 Trump"}]},{"@type":"WebSite","@id":"https:\/\/vieassociative.be\/actualites\/#website","url":"https:\/\/vieassociative.be\/actualites\/","name":"Vie Associative","description":"","publisher":{"@id":"https:\/\/vieassociative.be\/actualites\/#organization"},"potentialAction":[{"@type":"SearchAction","target":{"@type":"EntryPoint","urlTemplate":"https:\/\/vieassociative.be\/actualites\/?s={search_term_string}"},"query-input":{"@type":"PropertyValueSpecification","valueRequired":true,"valueName":"search_term_string"}}],"inLanguage":"fr-BE"},{"@type":"Organization","@id":"https:\/\/vieassociative.be\/actualites\/#organization","name":"Vie Associative","url":"https:\/\/vieassociative.be\/actualites\/","logo":{"@type":"ImageObject","inLanguage":"fr-BE","@id":"https:\/\/vieassociative.be\/actualites\/#\/schema\/logo\/image\/","url":"https:\/\/vieassociative.be\/actualites\/wp-content\/uploads\/2024\/09\/cropped-vieassociative_favicon.ico.png","contentUrl":"https:\/\/vieassociative.be\/actualites\/wp-content\/uploads\/2024\/09\/cropped-vieassociative_favicon.ico.png","width":512,"height":512,"caption":"Vie Associative"},"image":{"@id":"https:\/\/vieassociative.be\/actualites\/#\/schema\/logo\/image\/"}},{"@type":"Person","@id":"https:\/\/vieassociative.be\/actualites\/#\/schema\/person\/b87ac4f82f9d4e7b7cec7395b679edc4","name":"Julien","image":{"@type":"ImageObject","inLanguage":"fr-BE","@id":"https:\/\/vieassociative.be\/actualites\/#\/schema\/person\/image\/","url":"https:\/\/vieassociative.be\/actualites\/wp-content\/uploads\/2024\/09\/vie-associative-1-150x150.jpg","contentUrl":"https:\/\/vieassociative.be\/actualites\/wp-content\/uploads\/2024\/09\/vie-associative-1-150x150.jpg","caption":"Julien"},"description":"Je suis Julien, r\u00e9dacteur pour Vie Associative. Passionn\u00e9 par le monde associatif depuis plus de 10 ans, j'ai \u00e0 c\u0153ur de partager des histoires inspirantes et de mettre en lumi\u00e8re les initiatives locales. Mon objectif est de sensibiliser et d'encourager l'engagement communautaire \u00e0 travers mes articles.","sameAs":["https:\/\/vieassociative.be\/"]}]}},"_links":{"self":[{"href":"https:\/\/vieassociative.be\/actualites\/wp-json\/wp\/v2\/posts\/6457"}],"collection":[{"href":"https:\/\/vieassociative.be\/actualites\/wp-json\/wp\/v2\/posts"}],"about":[{"href":"https:\/\/vieassociative.be\/actualites\/wp-json\/wp\/v2\/types\/post"}],"author":[{"embeddable":true,"href":"https:\/\/vieassociative.be\/actualites\/wp-json\/wp\/v2\/users\/1"}],"replies":[{"embeddable":true,"href":"https:\/\/vieassociative.be\/actualites\/wp-json\/wp\/v2\/comments?post=6457"}],"version-history":[{"count":0,"href":"https:\/\/vieassociative.be\/actualites\/wp-json\/wp\/v2\/posts\/6457\/revisions"}],"wp:featuredmedia":[{"embeddable":true,"href":"https:\/\/vieassociative.be\/actualites\/wp-json\/wp\/v2\/media\/6458"}],"wp:attachment":[{"href":"https:\/\/vieassociative.be\/actualites\/wp-json\/wp\/v2\/media?parent=6457"}],"wp:term":[{"taxonomy":"category","embeddable":true,"href":"https:\/\/vieassociative.be\/actualites\/wp-json\/wp\/v2\/categories?post=6457"},{"taxonomy":"post_tag","embeddable":true,"href":"https:\/\/vieassociative.be\/actualites\/wp-json\/wp\/v2\/tags?post=6457"}],"curies":[{"name":"wp","href":"https:\/\/api.w.org\/{rel}","templated":true}]}}