{"id":6455,"date":"2025-04-05T15:16:57","date_gmt":"2025-04-05T13:16:57","guid":{"rendered":"https:\/\/vieassociative.be\/actualites\/trump-vient-de-retarder-linterdiction-de-tiktok-encore\/"},"modified":"2025-04-05T15:16:57","modified_gmt":"2025-04-05T13:16:57","slug":"trump-vient-de-retarder-linterdiction-de-tiktok-encore","status":"publish","type":"post","link":"https:\/\/vieassociative.be\/actualites\/trump-vient-de-retarder-linterdiction-de-tiktok-encore\/","title":{"rendered":"Trump vient de retarder l&rsquo;interdiction de Tiktok (encore)"},"content":{"rendered":"<div class=\"mt-4 leading-6 md:mb-8\">Tiktok vit pour faire d\u00e9filer un autre jour.<\/div>\n<p><\/p>\n<p>Bonne nouvelle pour les fans de Tiktok: l&rsquo;interdiction ne sera pas interdite samedi.<\/p>\n<p>Vendredi, le pr\u00e9sident Trump a annonc\u00e9 sur Truth Social son intention de signer un d\u00e9cret ex\u00e9cutif pour \u00ab\u00a0garder Tiktok op\u00e9rationnel pendant 75 jours suppl\u00e9mentaires\u00a0\u00bb. Cela donne au gouvernement et \u00e0 Tiktok jusqu&rsquo;au 18 juin pour trouver un acheteur, ou bien donner un coup de pouce \u00e0 Rode une autre fois. <\/p>\n<p>C&rsquo;est la deuxi\u00e8me fois que Trump retarda les effets de la soi-disant interdiction de Tiktok, connues officieusement sous le nom de protection des Am\u00e9ricains de la loi sur les applications contr\u00f4l\u00e9es par l&rsquo;adversaire \u00e9tranger. Cet acte a oblig\u00e9 la soci\u00e9t\u00e9 m\u00e8re de Tiktok, Bytedance, \u00e0 trouver un acheteur bas\u00e9 aux \u00c9tats-Unis, ou bien faire une interdiction enti\u00e8rement dans le pays. ByTedance n&rsquo;a pas vendu et, en tant que tel, l&rsquo;application a \u00e9t\u00e9 sombre aux \u00c9tats-Unis peu avant la date limite. Tiktok a ramen\u00e9 ses services en ligne le lendemain, suite aux assurances de Trump que la soci\u00e9t\u00e9 ne ferait pas face \u00e0 des r\u00e9percussions pour ce faire.  <\/p>\n<p>En fait, Trump a sign\u00e9 un d\u00e9cret le premier jour de son deuxi\u00e8me mandat pour retarder l&rsquo;interdiction de 75 jours. Depuis lors, diverses soci\u00e9t\u00e9s, dont Amazon, Oracle et m\u00eame M. Beast, ont discut\u00e9 de l&rsquo;achat de Tiktok conform\u00e9ment \u00e0 la loi. Mais comme aucune entreprise n&rsquo;a conclu un accord officiel avec Bytedance, la soci\u00e9t\u00e9 a \u00e9t\u00e9 confront\u00e9e \u00e0 une date limite du 5 avril &#8211; sans l&rsquo;extension de Trump, elle aurait \u00e9t\u00e9 \u00e0 nouveau interdite. <\/p>\n<div class=\"pogoClear relative my-10 border-b-(1.5px) border-t-(1.5px) border-dashed border-black py-5 sm:my-14 sm:border-0 sm:py-0\" x-cloak x-data=\"{ commentsCount: null }\" x-init=\"commentsCount = await window.openweb.getMessagesCount(122573)\" x-show=\"commentsCount !== null &amp;&amp; commentsCount &gt; 0\">\n<div class=\"absolute top-1\/2 hidden w-full -translate-y-1\/2 border-t-(1.5px) border-dashed border-black sm:block\"><\/div>\n<div class=\"relative flex justify-center\">\n<div class=\"flex max-w-max items-center gap-x-3 bg-white px-5\">\n<div class=\"relative\">\n                <span class=\"absolute left-1\/2 top-1\/2 -translate-x-1\/2 -translate-y-1\/2 font-akshar text-sm font-medium text-black\" x-text=\"commentsCount\"><\/span><\/p>\n<p>                <svg class=\"h-8 w-8 text-black\">\n                    <use href=\"http:\/\/lifehacker.com\/images\/icons\/spritemap.svg#sprite-chat-bubble\"><\/use>\n                <\/svg>\n            <\/div>\n<p>            <span class=\"text-sm font-medium text-black\">Que pensez-vous jusqu&rsquo;\u00e0 pr\u00e9sent? <button class=\"font-semibold text-brand-green underline hover:text-brand-green-700\" onclick=\"window.openweb.scrollToComments(122573)\">Publier un commentaire.<\/button><\/span>\n        <\/div>\n<\/p><\/div>\n<\/div>\n<p>Pour \u00eatre clair, il n&rsquo;est pas \u00e9vident que Trump a m\u00eame le pouvoir l\u00e9gal de retarder l&rsquo;interdiction. La loi a \u00e9t\u00e9 adopt\u00e9e par le Congr\u00e8s, sign\u00e9 par le pr\u00e9sident Biden, puis affirm\u00e9 par la Cour supr\u00eame. Les pr\u00e9sidents ne peuvent g\u00e9n\u00e9ralement pas d\u00e9fier les autres branches du gouvernement et ignorer les lois qu&rsquo;ils n&rsquo;aiment pas. Cependant, le minist\u00e8re de la Justice de Trump n&rsquo;applique pas la loi, alors nous y sommes. <\/p>\n<p>Dans son annonce, Trump a d\u00e9clar\u00e9 que son administration travaillait avec la Chine (o\u00f9 se trouve la soci\u00e9t\u00e9 m\u00e8re de Tiktok, Bytedance) de bonne foi, reconnaissant que le pays n&rsquo;est pas satisfait des \u00ab\u00a0tarifs r\u00e9ciproques\u00a0\u00bb de Trump. Les tarifs extr\u00eamement extr\u00eames de l&rsquo;administration Trump ont envoy\u00e9 des ondes de choc dans l&rsquo;\u00e9conomie mondiale, d\u00e9clenchant des tarifs r\u00e9ciproques des pays du monde entier, y compris la Chine. Il n&rsquo;est pas clair comment la situation tarifaire actuelle affectera les n\u00e9gociations de Tiktok sur toute la ligne. <\/p>\n","protected":false},"excerpt":{"rendered":"<p>Tiktok vit pour faire d\u00e9filer un autre jour. Bonne nouvelle pour les fans de Tiktok: l&rsquo;interdiction ne sera pas interdite samedi. Vendredi, le pr\u00e9sident Trump<\/p>\n","protected":false},"author":1,"featured_media":6456,"comment_status":"","ping_status":"","sticky":false,"template":"","format":"standard","meta":{"footnotes":""},"categories":[13],"tags":[592,4830,6203,75,2425,1213],"class_list":["post-6455","post","type-post","status-publish","format-standard","has-post-thumbnail","hentry","category-technologie","tag-encore","tag-linterdiction","tag-retarder","tag-tiktok","tag-trump","tag-vient","generate-columns","tablet-grid-50","mobile-grid-100","grid-parent","grid-33"],"yoast_head":"<!-- This site is optimized with the Yoast SEO plugin v24.0 - https:\/\/yoast.com\/wordpress\/plugins\/seo\/ -->\n<title>Trump vient de retarder l&#039;interdiction de Tiktok (encore) | Vie Associative<\/title>\n<meta name=\"robots\" content=\"index, follow, max-snippet:-1, max-image-preview:large, max-video-preview:-1\" \/>\n<link rel=\"canonical\" href=\"https:\/\/vieassociative.be\/actualites\/trump-vient-de-retarder-linterdiction-de-tiktok-encore\/\" \/>\n<meta property=\"og:locale\" content=\"fr_FR\" \/>\n<meta property=\"og:type\" content=\"article\" \/>\n<meta property=\"og:title\" content=\"Trump vient de retarder l&#039;interdiction de Tiktok (encore) | Vie Associative\" \/>\n<meta property=\"og:description\" content=\"Tiktok vit pour faire d\u00e9filer un autre jour. Bonne nouvelle pour les fans de Tiktok: l&rsquo;interdiction ne sera pas interdite samedi. Vendredi, le pr\u00e9sident Trump\" \/>\n<meta property=\"og:url\" content=\"https:\/\/vieassociative.be\/actualites\/trump-vient-de-retarder-linterdiction-de-tiktok-encore\/\" \/>\n<meta property=\"og:site_name\" content=\"Vie Associative\" \/>\n<meta property=\"article:published_time\" content=\"2025-04-05T13:16:57+00:00\" \/>\n<meta property=\"og:image\" content=\"https:\/\/vieassociative.be\/actualites\/wp-content\/uploads\/2024\/09\/header_backgroundk-01-e1726694325946.png\" \/>\n\t<meta property=\"og:image:width\" content=\"279\" \/>\n\t<meta property=\"og:image:height\" content=\"92\" \/>\n\t<meta property=\"og:image:type\" content=\"image\/png\" \/>\n<meta name=\"author\" content=\"Julien\" \/>\n<meta name=\"twitter:card\" content=\"summary_large_image\" \/>\n<meta name=\"twitter:label1\" content=\"\u00c9crit par\" \/>\n\t<meta name=\"twitter:data1\" content=\"Julien\" \/>\n\t<meta name=\"twitter:label2\" content=\"Dur\u00e9e de lecture est.\" \/>\n\t<meta name=\"twitter:data2\" content=\"2 minutes\" \/>\n<script type=\"application\/ld+json\" class=\"yoast-schema-graph\">{\"@context\":\"https:\/\/schema.org\",\"@graph\":[{\"@type\":\"Article\",\"@id\":\"https:\/\/vieassociative.be\/actualites\/trump-vient-de-retarder-linterdiction-de-tiktok-encore\/#article\",\"isPartOf\":{\"@id\":\"https:\/\/vieassociative.be\/actualites\/trump-vient-de-retarder-linterdiction-de-tiktok-encore\/\"},\"author\":{\"name\":\"Julien\",\"@id\":\"https:\/\/vieassociative.be\/actualites\/#\/schema\/person\/b87ac4f82f9d4e7b7cec7395b679edc4\"},\"headline\":\"Trump vient de retarder l&rsquo;interdiction de Tiktok (encore)\",\"datePublished\":\"2025-04-05T13:16:57+00:00\",\"dateModified\":\"2025-04-05T13:16:57+00:00\",\"mainEntityOfPage\":{\"@id\":\"https:\/\/vieassociative.be\/actualites\/trump-vient-de-retarder-linterdiction-de-tiktok-encore\/\"},\"wordCount\":476,\"publisher\":{\"@id\":\"https:\/\/vieassociative.be\/actualites\/#organization\"},\"image\":{\"@id\":\"https:\/\/vieassociative.be\/actualites\/trump-vient-de-retarder-linterdiction-de-tiktok-encore\/#primaryimage\"},\"thumbnailUrl\":\"https:\/\/vieassociative.be\/actualites\/wp-content\/uploads\/2025\/04\/Trump-vient-de-retarder-linterdiction-de-Tiktok-encore.png\",\"keywords\":[\"encore\",\"linterdiction\",\"retarder\",\"TikTok\",\"Trump\",\"vient\"],\"articleSection\":[\"Technologie\"],\"inLanguage\":\"fr-BE\"},{\"@type\":\"WebPage\",\"@id\":\"https:\/\/vieassociative.be\/actualites\/trump-vient-de-retarder-linterdiction-de-tiktok-encore\/\",\"url\":\"https:\/\/vieassociative.be\/actualites\/trump-vient-de-retarder-linterdiction-de-tiktok-encore\/\",\"name\":\"Trump vient de retarder l'interdiction de Tiktok (encore) | Vie Associative\",\"isPartOf\":{\"@id\":\"https:\/\/vieassociative.be\/actualites\/#website\"},\"primaryImageOfPage\":{\"@id\":\"https:\/\/vieassociative.be\/actualites\/trump-vient-de-retarder-linterdiction-de-tiktok-encore\/#primaryimage\"},\"image\":{\"@id\":\"https:\/\/vieassociative.be\/actualites\/trump-vient-de-retarder-linterdiction-de-tiktok-encore\/#primaryimage\"},\"thumbnailUrl\":\"https:\/\/vieassociative.be\/actualites\/wp-content\/uploads\/2025\/04\/Trump-vient-de-retarder-linterdiction-de-Tiktok-encore.png\",\"datePublished\":\"2025-04-05T13:16:57+00:00\",\"dateModified\":\"2025-04-05T13:16:57+00:00\",\"breadcrumb\":{\"@id\":\"https:\/\/vieassociative.be\/actualites\/trump-vient-de-retarder-linterdiction-de-tiktok-encore\/#breadcrumb\"},\"inLanguage\":\"fr-BE\",\"potentialAction\":[{\"@type\":\"ReadAction\",\"target\":[\"https:\/\/vieassociative.be\/actualites\/trump-vient-de-retarder-linterdiction-de-tiktok-encore\/\"]}]},{\"@type\":\"ImageObject\",\"inLanguage\":\"fr-BE\",\"@id\":\"https:\/\/vieassociative.be\/actualites\/trump-vient-de-retarder-linterdiction-de-tiktok-encore\/#primaryimage\",\"url\":\"https:\/\/vieassociative.be\/actualites\/wp-content\/uploads\/2025\/04\/Trump-vient-de-retarder-linterdiction-de-Tiktok-encore.png\",\"contentUrl\":\"https:\/\/vieassociative.be\/actualites\/wp-content\/uploads\/2025\/04\/Trump-vient-de-retarder-linterdiction-de-Tiktok-encore.png\",\"width\":1200,\"height\":675,\"caption\":\"Trump vient de retarder l'interdiction de Tiktok (encore)\"},{\"@type\":\"BreadcrumbList\",\"@id\":\"https:\/\/vieassociative.be\/actualites\/trump-vient-de-retarder-linterdiction-de-tiktok-encore\/#breadcrumb\",\"itemListElement\":[{\"@type\":\"ListItem\",\"position\":1,\"name\":\"Accueil\",\"item\":\"https:\/\/vieassociative.be\/actualites\/\"},{\"@type\":\"ListItem\",\"position\":2,\"name\":\"Trump vient de retarder l&rsquo;interdiction de Tiktok (encore)\"}]},{\"@type\":\"WebSite\",\"@id\":\"https:\/\/vieassociative.be\/actualites\/#website\",\"url\":\"https:\/\/vieassociative.be\/actualites\/\",\"name\":\"Vie Associative\",\"description\":\"\",\"publisher\":{\"@id\":\"https:\/\/vieassociative.be\/actualites\/#organization\"},\"potentialAction\":[{\"@type\":\"SearchAction\",\"target\":{\"@type\":\"EntryPoint\",\"urlTemplate\":\"https:\/\/vieassociative.be\/actualites\/?s={search_term_string}\"},\"query-input\":{\"@type\":\"PropertyValueSpecification\",\"valueRequired\":true,\"valueName\":\"search_term_string\"}}],\"inLanguage\":\"fr-BE\"},{\"@type\":\"Organization\",\"@id\":\"https:\/\/vieassociative.be\/actualites\/#organization\",\"name\":\"Vie Associative\",\"url\":\"https:\/\/vieassociative.be\/actualites\/\",\"logo\":{\"@type\":\"ImageObject\",\"inLanguage\":\"fr-BE\",\"@id\":\"https:\/\/vieassociative.be\/actualites\/#\/schema\/logo\/image\/\",\"url\":\"https:\/\/vieassociative.be\/actualites\/wp-content\/uploads\/2024\/09\/cropped-vieassociative_favicon.ico.png\",\"contentUrl\":\"https:\/\/vieassociative.be\/actualites\/wp-content\/uploads\/2024\/09\/cropped-vieassociative_favicon.ico.png\",\"width\":512,\"height\":512,\"caption\":\"Vie Associative\"},\"image\":{\"@id\":\"https:\/\/vieassociative.be\/actualites\/#\/schema\/logo\/image\/\"}},{\"@type\":\"Person\",\"@id\":\"https:\/\/vieassociative.be\/actualites\/#\/schema\/person\/b87ac4f82f9d4e7b7cec7395b679edc4\",\"name\":\"Julien\",\"image\":{\"@type\":\"ImageObject\",\"inLanguage\":\"fr-BE\",\"@id\":\"https:\/\/vieassociative.be\/actualites\/#\/schema\/person\/image\/\",\"url\":\"https:\/\/vieassociative.be\/actualites\/wp-content\/uploads\/2024\/09\/vie-associative-1-150x150.jpg\",\"contentUrl\":\"https:\/\/vieassociative.be\/actualites\/wp-content\/uploads\/2024\/09\/vie-associative-1-150x150.jpg\",\"caption\":\"Julien\"},\"description\":\"Je suis Julien, r\u00e9dacteur pour Vie Associative. Passionn\u00e9 par le monde associatif depuis plus de 10 ans, j'ai \u00e0 c\u0153ur de partager des histoires inspirantes et de mettre en lumi\u00e8re les initiatives locales. Mon objectif est de sensibiliser et d'encourager l'engagement communautaire \u00e0 travers mes articles.\",\"sameAs\":[\"https:\/\/vieassociative.be\/\"]}]}<\/script>\n<!-- \/ Yoast SEO plugin. -->","yoast_head_json":{"title":"Trump vient de retarder l'interdiction de Tiktok (encore) | Vie Associative","robots":{"index":"index","follow":"follow","max-snippet":"max-snippet:-1","max-image-preview":"max-image-preview:large","max-video-preview":"max-video-preview:-1"},"canonical":"https:\/\/vieassociative.be\/actualites\/trump-vient-de-retarder-linterdiction-de-tiktok-encore\/","og_locale":"fr_FR","og_type":"article","og_title":"Trump vient de retarder l'interdiction de Tiktok (encore) | Vie Associative","og_description":"Tiktok vit pour faire d\u00e9filer un autre jour. Bonne nouvelle pour les fans de Tiktok: l&rsquo;interdiction ne sera pas interdite samedi. Vendredi, le pr\u00e9sident Trump","og_url":"https:\/\/vieassociative.be\/actualites\/trump-vient-de-retarder-linterdiction-de-tiktok-encore\/","og_site_name":"Vie Associative","article_published_time":"2025-04-05T13:16:57+00:00","og_image":[{"width":279,"height":92,"url":"https:\/\/vieassociative.be\/actualites\/wp-content\/uploads\/2024\/09\/header_backgroundk-01-e1726694325946.png","type":"image\/png"}],"author":"Julien","twitter_card":"summary_large_image","twitter_misc":{"\u00c9crit par":"Julien","Dur\u00e9e de lecture est.":"2 minutes"},"schema":{"@context":"https:\/\/schema.org","@graph":[{"@type":"Article","@id":"https:\/\/vieassociative.be\/actualites\/trump-vient-de-retarder-linterdiction-de-tiktok-encore\/#article","isPartOf":{"@id":"https:\/\/vieassociative.be\/actualites\/trump-vient-de-retarder-linterdiction-de-tiktok-encore\/"},"author":{"name":"Julien","@id":"https:\/\/vieassociative.be\/actualites\/#\/schema\/person\/b87ac4f82f9d4e7b7cec7395b679edc4"},"headline":"Trump vient de retarder l&rsquo;interdiction de Tiktok (encore)","datePublished":"2025-04-05T13:16:57+00:00","dateModified":"2025-04-05T13:16:57+00:00","mainEntityOfPage":{"@id":"https:\/\/vieassociative.be\/actualites\/trump-vient-de-retarder-linterdiction-de-tiktok-encore\/"},"wordCount":476,"publisher":{"@id":"https:\/\/vieassociative.be\/actualites\/#organization"},"image":{"@id":"https:\/\/vieassociative.be\/actualites\/trump-vient-de-retarder-linterdiction-de-tiktok-encore\/#primaryimage"},"thumbnailUrl":"https:\/\/vieassociative.be\/actualites\/wp-content\/uploads\/2025\/04\/Trump-vient-de-retarder-linterdiction-de-Tiktok-encore.png","keywords":["encore","linterdiction","retarder","TikTok","Trump","vient"],"articleSection":["Technologie"],"inLanguage":"fr-BE"},{"@type":"WebPage","@id":"https:\/\/vieassociative.be\/actualites\/trump-vient-de-retarder-linterdiction-de-tiktok-encore\/","url":"https:\/\/vieassociative.be\/actualites\/trump-vient-de-retarder-linterdiction-de-tiktok-encore\/","name":"Trump vient de retarder l'interdiction de Tiktok (encore) | Vie Associative","isPartOf":{"@id":"https:\/\/vieassociative.be\/actualites\/#website"},"primaryImageOfPage":{"@id":"https:\/\/vieassociative.be\/actualites\/trump-vient-de-retarder-linterdiction-de-tiktok-encore\/#primaryimage"},"image":{"@id":"https:\/\/vieassociative.be\/actualites\/trump-vient-de-retarder-linterdiction-de-tiktok-encore\/#primaryimage"},"thumbnailUrl":"https:\/\/vieassociative.be\/actualites\/wp-content\/uploads\/2025\/04\/Trump-vient-de-retarder-linterdiction-de-Tiktok-encore.png","datePublished":"2025-04-05T13:16:57+00:00","dateModified":"2025-04-05T13:16:57+00:00","breadcrumb":{"@id":"https:\/\/vieassociative.be\/actualites\/trump-vient-de-retarder-linterdiction-de-tiktok-encore\/#breadcrumb"},"inLanguage":"fr-BE","potentialAction":[{"@type":"ReadAction","target":["https:\/\/vieassociative.be\/actualites\/trump-vient-de-retarder-linterdiction-de-tiktok-encore\/"]}]},{"@type":"ImageObject","inLanguage":"fr-BE","@id":"https:\/\/vieassociative.be\/actualites\/trump-vient-de-retarder-linterdiction-de-tiktok-encore\/#primaryimage","url":"https:\/\/vieassociative.be\/actualites\/wp-content\/uploads\/2025\/04\/Trump-vient-de-retarder-linterdiction-de-Tiktok-encore.png","contentUrl":"https:\/\/vieassociative.be\/actualites\/wp-content\/uploads\/2025\/04\/Trump-vient-de-retarder-linterdiction-de-Tiktok-encore.png","width":1200,"height":675,"caption":"Trump vient de retarder l'interdiction de Tiktok (encore)"},{"@type":"BreadcrumbList","@id":"https:\/\/vieassociative.be\/actualites\/trump-vient-de-retarder-linterdiction-de-tiktok-encore\/#breadcrumb","itemListElement":[{"@type":"ListItem","position":1,"name":"Accueil","item":"https:\/\/vieassociative.be\/actualites\/"},{"@type":"ListItem","position":2,"name":"Trump vient de retarder l&rsquo;interdiction de Tiktok (encore)"}]},{"@type":"WebSite","@id":"https:\/\/vieassociative.be\/actualites\/#website","url":"https:\/\/vieassociative.be\/actualites\/","name":"Vie Associative","description":"","publisher":{"@id":"https:\/\/vieassociative.be\/actualites\/#organization"},"potentialAction":[{"@type":"SearchAction","target":{"@type":"EntryPoint","urlTemplate":"https:\/\/vieassociative.be\/actualites\/?s={search_term_string}"},"query-input":{"@type":"PropertyValueSpecification","valueRequired":true,"valueName":"search_term_string"}}],"inLanguage":"fr-BE"},{"@type":"Organization","@id":"https:\/\/vieassociative.be\/actualites\/#organization","name":"Vie Associative","url":"https:\/\/vieassociative.be\/actualites\/","logo":{"@type":"ImageObject","inLanguage":"fr-BE","@id":"https:\/\/vieassociative.be\/actualites\/#\/schema\/logo\/image\/","url":"https:\/\/vieassociative.be\/actualites\/wp-content\/uploads\/2024\/09\/cropped-vieassociative_favicon.ico.png","contentUrl":"https:\/\/vieassociative.be\/actualites\/wp-content\/uploads\/2024\/09\/cropped-vieassociative_favicon.ico.png","width":512,"height":512,"caption":"Vie Associative"},"image":{"@id":"https:\/\/vieassociative.be\/actualites\/#\/schema\/logo\/image\/"}},{"@type":"Person","@id":"https:\/\/vieassociative.be\/actualites\/#\/schema\/person\/b87ac4f82f9d4e7b7cec7395b679edc4","name":"Julien","image":{"@type":"ImageObject","inLanguage":"fr-BE","@id":"https:\/\/vieassociative.be\/actualites\/#\/schema\/person\/image\/","url":"https:\/\/vieassociative.be\/actualites\/wp-content\/uploads\/2024\/09\/vie-associative-1-150x150.jpg","contentUrl":"https:\/\/vieassociative.be\/actualites\/wp-content\/uploads\/2024\/09\/vie-associative-1-150x150.jpg","caption":"Julien"},"description":"Je suis Julien, r\u00e9dacteur pour Vie Associative. Passionn\u00e9 par le monde associatif depuis plus de 10 ans, j'ai \u00e0 c\u0153ur de partager des histoires inspirantes et de mettre en lumi\u00e8re les initiatives locales. Mon objectif est de sensibiliser et d'encourager l'engagement communautaire \u00e0 travers mes articles.","sameAs":["https:\/\/vieassociative.be\/"]}]}},"_links":{"self":[{"href":"https:\/\/vieassociative.be\/actualites\/wp-json\/wp\/v2\/posts\/6455"}],"collection":[{"href":"https:\/\/vieassociative.be\/actualites\/wp-json\/wp\/v2\/posts"}],"about":[{"href":"https:\/\/vieassociative.be\/actualites\/wp-json\/wp\/v2\/types\/post"}],"author":[{"embeddable":true,"href":"https:\/\/vieassociative.be\/actualites\/wp-json\/wp\/v2\/users\/1"}],"replies":[{"embeddable":true,"href":"https:\/\/vieassociative.be\/actualites\/wp-json\/wp\/v2\/comments?post=6455"}],"version-history":[{"count":0,"href":"https:\/\/vieassociative.be\/actualites\/wp-json\/wp\/v2\/posts\/6455\/revisions"}],"wp:featuredmedia":[{"embeddable":true,"href":"https:\/\/vieassociative.be\/actualites\/wp-json\/wp\/v2\/media\/6456"}],"wp:attachment":[{"href":"https:\/\/vieassociative.be\/actualites\/wp-json\/wp\/v2\/media?parent=6455"}],"wp:term":[{"taxonomy":"category","embeddable":true,"href":"https:\/\/vieassociative.be\/actualites\/wp-json\/wp\/v2\/categories?post=6455"},{"taxonomy":"post_tag","embeddable":true,"href":"https:\/\/vieassociative.be\/actualites\/wp-json\/wp\/v2\/tags?post=6455"}],"curies":[{"name":"wp","href":"https:\/\/api.w.org\/{rel}","templated":true}]}}