{"id":6453,"date":"2025-04-05T14:17:58","date_gmt":"2025-04-05T12:17:58","guid":{"rendered":"https:\/\/vieassociative.be\/actualites\/six-articles-qui-maximiseront-votre-espace-de-bagage-a-main\/"},"modified":"2025-04-05T14:17:58","modified_gmt":"2025-04-05T12:17:58","slug":"six-articles-qui-maximiseront-votre-espace-de-bagage-a-main","status":"publish","type":"post","link":"https:\/\/vieassociative.be\/actualites\/six-articles-qui-maximiseront-votre-espace-de-bagage-a-main\/","title":{"rendered":"Six articles qui maximiseront votre espace de bagage \u00e0 main"},"content":{"rendered":"<div class=\"mt-4 leading-6 md:mb-8\">Si vous \u00e9vitez ces frais de v\u00e9rification des bagages, vous aurez besoin d&rsquo;aide pour entasser vos affaires dans un bagage \u00e0 main.<\/div>\n<p><\/p>\n<p>Les voyages en avion peuvent \u00eatre rapides, mais c&rsquo;est aussi souvent une source de stress et d&rsquo;inconfort. Mis \u00e0 part les si\u00e8ges serr\u00e9s, les retards et les h\u00e9bergements g\u00e9n\u00e9ralement inconfortables, les compagnies a\u00e9riennes nous ont \u00e9t\u00e9 en nickel et en nous faisant des frais pour \u00e0 peu pr\u00e8s tout, y compris les bagages. Les frais de sac v\u00e9rifi\u00e9s varient entre 30 $ et 40 $ pour commencer, il n&rsquo;est donc pas surprenant que de plus en plus de gens essaient de voyager avec juste leur bagage \u00e0 main.<\/p>\n<p>Se restreindre \u00e0 un seul bagage \u00e0 main est lib\u00e9rateur &#8211; il n&rsquo;y a plus d&rsquo;attente au carrousel \u00e0 bagages, plus de tra\u00eener un rouleau volumineux derri\u00e8re vous partout &#8211; mais \u00e9galement limitant en termes d&rsquo;espace. Des emballages intelligents, comme rouler vos v\u00eatements, peuvent vous aider \u00e0 tirer le meilleur parti d&rsquo;un bagage \u00e0 main, mais finalement, vous vous appuyez contre les lois de la physique. Si vous voulez vraiment \u00e9tirer la capacit\u00e9 de ce bagage \u00e0 main \u00e0 la limite, voici quelques articles intelligents que vous pouvez acheter qui vous aideront avec ce projet.<\/p>\n<h2 id=\"packing-cubes\">Cubes d&#8217;emballage<\/h2>\n<p>Comme notre propre Beth Skwarecki vous le dira, les cubes emball\u00e9s changent la vie. Ils contiennent tous vos articles en vrac &#8211; comme ceux qui sont enroul\u00e9s, ils restent donc dans leur configuration vierge et efficace au lieu de se d\u00e9sorganiser et chaotique. Les cubes de compression peuvent \u00e9galement r\u00e9duire la plupart de vos articles afin qu&rsquo;ils prennent le moins d&rsquo;espace possible. Ils facilitent \u00e9galement l&rsquo;utilisation de l&rsquo;espace \u00e0 l&rsquo;int\u00e9rieur de votre bagage \u00e0 main, transformant un tas de trucs \u00e9tranges en cubes soign\u00e9s qui peuvent \u00eatre rapidement dispos\u00e9s et r\u00e9organis\u00e9s. Enfin, ils peuvent \u00eatre utilis\u00e9s pour s\u00e9parer vos affaires par cas d&rsquo;utilisation, afin que vous puissiez garder les trucs soigneusement emball\u00e9s lorsque vous acc\u00e9dez \u00e0 ce dont vous avez besoin en ce moment.<\/p>\n<h2 id=\"vacuum-bags\">Sacs \u00e0 vide<\/h2>\n<p>Si les cubes d&#8217;emballage de compression peuvent r\u00e9duire certains de vos affaires, imaginez un bagage \u00e0 main entier qui se comprime. Les sacs \u00e0 dos carreaux \u00e0 vide \u00e0 vide ont un aspirateur int\u00e9gr\u00e9 qui comprime tout \u00e0 l&rsquo;int\u00e9rieur tout en une fois avec le toucher d&rsquo;un bouton, ce qui rend le sac aussi petit et facilement rang\u00e9 que possible.<\/p>\n<p>Les deux inconv\u00e9nients d&rsquo;un bagage \u00e0 main sous vide sont l&rsquo;acc\u00e8s et la s\u00e9curit\u00e9. Si vous avez besoin de prendre quelque chose de votre bagage \u00e0 main, vous devrez le d\u00e9compresser en premier. En ce qui concerne l&rsquo;obtention de ces sacs gr\u00e2ce \u00e0 la s\u00e9curit\u00e9 \u00e0 l&rsquo;a\u00e9roport, la TSA dit qu&rsquo;elles sont \u00abd\u00e9courag\u00e9es\u00bb mais autoris\u00e9es, afin que vous puissiez les faire passer. Mais les agents de la TSA peuvent vous forcer \u00e0 les d\u00e9compresser afin qu&rsquo;ils puissent inspecter le contenu, surtout si la compression rend difficile de d\u00e9terminer ce qu&rsquo;il y a. En raison de l&rsquo;aspirateur int\u00e9gr\u00e9, vous devriez \u00eatre en mesure de r\u00e9\u00e9valuer le sac apr\u00e8s avoir attrap\u00e9 vos affaires ou l&rsquo;inspecter, mais c&rsquo;est toujours un inconv\u00e9nient.<\/p>\n<h2 id=\"stuffable-neck-pillows\">Oreillers de cou fascinants<\/h2>\n<p>Si vous allez utiliser un oreiller \u00e0 cou dans l&rsquo;avion, pourquoi ne pas en acheter un qui vous permet de le bourrer facilement de v\u00eatements enroul\u00e9s ou d&rsquo;autres articles doux? Chaque chemise que vous obtenez dans un oreiller cou est une chemise que vous n&rsquo;avez pas \u00e0 int\u00e9grer dans votre bagage \u00e0 main, en ouvrant un espace pour d&rsquo;autres articles ou en facilitant un peu votre travail d&#8217;emballage, et vous b\u00e9n\u00e9ficiez toujours d&rsquo;un oreiller de cou. C&rsquo;est un gagnant-gagnant!<\/p>\n<div class=\"pogoClear relative my-10 border-b-(1.5px) border-t-(1.5px) border-dashed border-black py-5 sm:my-14 sm:border-0 sm:py-0\" x-cloak x-data=\"{ commentsCount: null }\" x-init=\"commentsCount = await window.openweb.getMessagesCount(122572)\" x-show=\"commentsCount !== null &amp;&amp; commentsCount &gt; 0\">\n<div class=\"absolute top-1\/2 hidden w-full -translate-y-1\/2 border-t-(1.5px) border-dashed border-black sm:block\"><\/div>\n<div class=\"relative flex justify-center\">\n<div class=\"flex max-w-max items-center gap-x-3 bg-white px-5\">\n<div class=\"relative\">\n                <span class=\"absolute left-1\/2 top-1\/2 -translate-x-1\/2 -translate-y-1\/2 font-akshar text-sm font-medium text-black\" x-text=\"commentsCount\"><\/span><\/p>\n<p>                <svg class=\"h-8 w-8 text-black\">\n                    <use href=\"http:\/\/lifehacker.com\/images\/icons\/spritemap.svg#sprite-chat-bubble\"><\/use>\n                <\/svg>\n            <\/div>\n<p>            <span class=\"text-sm font-medium text-black\">Que pensez-vous jusqu&rsquo;\u00e0 pr\u00e9sent? <button class=\"font-semibold text-brand-green underline hover:text-brand-green-700\" onclick=\"window.openweb.scrollToComments(122572)\">Publier un commentaire.<\/button><\/span>\n        <\/div>\n<\/p><\/div>\n<\/div>\n<h2 id=\"belt-bags\">Sacs \u00e0 ceinture<\/h2>\n<p>Les sacs \u00e0 ceinture (ou les sacs de bandes, comme les appellent les appels non lav\u00e9s) sont un excellent moyen d&rsquo;obtenir un peu de place suppl\u00e9mentaire dans votre bagage \u00e0 main. Il est vrai que de nombreuses compagnies a\u00e9riennes consid\u00e9reront un sac \u00e0 courroie visible comme un article personnel et exiger que vous le fourrez dans votre bagage \u00e0 main lors de l&#8217;embarquement. Mais cela ne peut se produire que s&rsquo;ils le voient &#8211; la transformation d&rsquo;un sac \u00e0 ceinture mince et comprim\u00e9 comme celle-ci vous permettra de le porter sous vos v\u00eatements pendant l&#8217;embarquement, et personne ne sera le plus sage.<\/p>\n<h2 id=\"stackable-containers-for-toiletries\">Conteneurs empilables pour articles de toilette<\/h2>\n<p>Ces capsules hexagonales et magn\u00e9tiques sont con\u00e7ues pour \u00eatre le moyen id\u00e9al pour apporter des trucs liquides avec vous dans l&rsquo;avion. Ils contiennent 1,32 onces de trucs, se cassent ensemble pour les emballer tr\u00e8s faciles et sont pr\u00e9-\u00e9tiquet\u00e9s afin que vous sachiez exactement ce qu&rsquo;il y a. C&rsquo;est un moyen beaucoup plus efficace d&rsquo;apporter des bases comme le shampooing, le revitalisant ou la lotion avec vous que d&rsquo;essayer de g\u00e9rer de minuscules bouteilles en plastique ou m\u00eame un sac grumeleux de minuscules bouteilles en plastique.<\/p>\n<h2 id=\"solid-toiletries\">Articles de toilette solides<\/h2>\n<p>Si vous allez emballer votre propre shampooing et autres articles de toilette, pensez \u00e0 apporter des versions solides &#8211; barres de shampooing, revitalisant ou lotion &#8211; au lieu de leurs versions liquides plus dures \u00e0 g\u00e9rer. Vous pouvez \u00e9galement remplacer votre dentifrice par une poudre dentaire, qui peut \u00eatre transf\u00e9r\u00e9e dans n&rsquo;importe quel r\u00e9cipient de taille appropri\u00e9e. Ces options sont non seulement plus faciles \u00e0 emballer, avec moins de chances de g\u00e2chis &#8211; elles ne vous causent pas non plus de probl\u00e8mes sur la ligne de s\u00e9curit\u00e9, car elles ne sont pas liquides.<\/p>\n","protected":false},"excerpt":{"rendered":"<p>Si vous \u00e9vitez ces frais de v\u00e9rification des bagages, vous aurez besoin d&rsquo;aide pour entasser vos affaires dans un bagage \u00e0 main. Les voyages en<\/p>\n","protected":false},"author":1,"featured_media":6454,"comment_status":"","ping_status":"","sticky":false,"template":"","format":"standard","meta":{"footnotes":""},"categories":[12],"tags":[2211,6202,3284,569,6201,99,8],"class_list":["post-6453","post","type-post","status-publish","format-standard","has-post-thumbnail","hentry","category-voyage","tag-articles","tag-bagage","tag-espace","tag-main","tag-maximiseront","tag-qui","tag-votre","generate-columns","tablet-grid-50","mobile-grid-100","grid-parent","grid-33"],"yoast_head":"<!-- This site is optimized with the Yoast SEO plugin v24.0 - https:\/\/yoast.com\/wordpress\/plugins\/seo\/ -->\n<title>Six articles qui maximiseront votre espace de bagage \u00e0 main | Vie Associative<\/title>\n<meta name=\"robots\" content=\"index, follow, max-snippet:-1, max-image-preview:large, max-video-preview:-1\" \/>\n<link rel=\"canonical\" href=\"https:\/\/vieassociative.be\/actualites\/six-articles-qui-maximiseront-votre-espace-de-bagage-a-main\/\" \/>\n<meta property=\"og:locale\" content=\"fr_FR\" \/>\n<meta property=\"og:type\" content=\"article\" \/>\n<meta property=\"og:title\" content=\"Six articles qui maximiseront votre espace de bagage \u00e0 main | Vie Associative\" \/>\n<meta property=\"og:description\" content=\"Si vous \u00e9vitez ces frais de v\u00e9rification des bagages, vous aurez besoin d&rsquo;aide pour entasser vos affaires dans un bagage \u00e0 main. Les voyages en\" \/>\n<meta property=\"og:url\" content=\"https:\/\/vieassociative.be\/actualites\/six-articles-qui-maximiseront-votre-espace-de-bagage-a-main\/\" \/>\n<meta property=\"og:site_name\" content=\"Vie Associative\" \/>\n<meta property=\"article:published_time\" content=\"2025-04-05T12:17:58+00:00\" \/>\n<meta property=\"og:image\" content=\"https:\/\/vieassociative.be\/actualites\/wp-content\/uploads\/2024\/09\/header_backgroundk-01-e1726694325946.png\" \/>\n\t<meta property=\"og:image:width\" content=\"279\" \/>\n\t<meta property=\"og:image:height\" content=\"92\" \/>\n\t<meta property=\"og:image:type\" content=\"image\/png\" \/>\n<meta name=\"author\" content=\"Julien\" \/>\n<meta name=\"twitter:card\" content=\"summary_large_image\" \/>\n<meta name=\"twitter:label1\" content=\"\u00c9crit par\" \/>\n\t<meta name=\"twitter:data1\" content=\"Julien\" \/>\n\t<meta name=\"twitter:label2\" content=\"Dur\u00e9e de lecture est.\" \/>\n\t<meta name=\"twitter:data2\" content=\"5 minutes\" \/>\n<script type=\"application\/ld+json\" class=\"yoast-schema-graph\">{\"@context\":\"https:\/\/schema.org\",\"@graph\":[{\"@type\":\"Article\",\"@id\":\"https:\/\/vieassociative.be\/actualites\/six-articles-qui-maximiseront-votre-espace-de-bagage-a-main\/#article\",\"isPartOf\":{\"@id\":\"https:\/\/vieassociative.be\/actualites\/six-articles-qui-maximiseront-votre-espace-de-bagage-a-main\/\"},\"author\":{\"name\":\"Julien\",\"@id\":\"https:\/\/vieassociative.be\/actualites\/#\/schema\/person\/b87ac4f82f9d4e7b7cec7395b679edc4\"},\"headline\":\"Six articles qui maximiseront votre espace de bagage \u00e0 main\",\"datePublished\":\"2025-04-05T12:17:58+00:00\",\"dateModified\":\"2025-04-05T12:17:58+00:00\",\"mainEntityOfPage\":{\"@id\":\"https:\/\/vieassociative.be\/actualites\/six-articles-qui-maximiseront-votre-espace-de-bagage-a-main\/\"},\"wordCount\":982,\"publisher\":{\"@id\":\"https:\/\/vieassociative.be\/actualites\/#organization\"},\"image\":{\"@id\":\"https:\/\/vieassociative.be\/actualites\/six-articles-qui-maximiseront-votre-espace-de-bagage-a-main\/#primaryimage\"},\"thumbnailUrl\":\"https:\/\/vieassociative.be\/actualites\/wp-content\/uploads\/2025\/04\/Six-articles-qui-maximiseront-votre-espace-de-bagage-a-main.png\",\"keywords\":[\"articles\",\"bagage\",\"espace\",\"main\",\"maximiseront\",\"qui\",\"votre\"],\"articleSection\":[\"Voyage\"],\"inLanguage\":\"fr-BE\"},{\"@type\":\"WebPage\",\"@id\":\"https:\/\/vieassociative.be\/actualites\/six-articles-qui-maximiseront-votre-espace-de-bagage-a-main\/\",\"url\":\"https:\/\/vieassociative.be\/actualites\/six-articles-qui-maximiseront-votre-espace-de-bagage-a-main\/\",\"name\":\"Six articles qui maximiseront votre espace de bagage \u00e0 main | Vie Associative\",\"isPartOf\":{\"@id\":\"https:\/\/vieassociative.be\/actualites\/#website\"},\"primaryImageOfPage\":{\"@id\":\"https:\/\/vieassociative.be\/actualites\/six-articles-qui-maximiseront-votre-espace-de-bagage-a-main\/#primaryimage\"},\"image\":{\"@id\":\"https:\/\/vieassociative.be\/actualites\/six-articles-qui-maximiseront-votre-espace-de-bagage-a-main\/#primaryimage\"},\"thumbnailUrl\":\"https:\/\/vieassociative.be\/actualites\/wp-content\/uploads\/2025\/04\/Six-articles-qui-maximiseront-votre-espace-de-bagage-a-main.png\",\"datePublished\":\"2025-04-05T12:17:58+00:00\",\"dateModified\":\"2025-04-05T12:17:58+00:00\",\"breadcrumb\":{\"@id\":\"https:\/\/vieassociative.be\/actualites\/six-articles-qui-maximiseront-votre-espace-de-bagage-a-main\/#breadcrumb\"},\"inLanguage\":\"fr-BE\",\"potentialAction\":[{\"@type\":\"ReadAction\",\"target\":[\"https:\/\/vieassociative.be\/actualites\/six-articles-qui-maximiseront-votre-espace-de-bagage-a-main\/\"]}]},{\"@type\":\"ImageObject\",\"inLanguage\":\"fr-BE\",\"@id\":\"https:\/\/vieassociative.be\/actualites\/six-articles-qui-maximiseront-votre-espace-de-bagage-a-main\/#primaryimage\",\"url\":\"https:\/\/vieassociative.be\/actualites\/wp-content\/uploads\/2025\/04\/Six-articles-qui-maximiseront-votre-espace-de-bagage-a-main.png\",\"contentUrl\":\"https:\/\/vieassociative.be\/actualites\/wp-content\/uploads\/2025\/04\/Six-articles-qui-maximiseront-votre-espace-de-bagage-a-main.png\",\"width\":1200,\"height\":675,\"caption\":\"Six articles qui maximiseront votre espace de bagage \u00e0 main\"},{\"@type\":\"BreadcrumbList\",\"@id\":\"https:\/\/vieassociative.be\/actualites\/six-articles-qui-maximiseront-votre-espace-de-bagage-a-main\/#breadcrumb\",\"itemListElement\":[{\"@type\":\"ListItem\",\"position\":1,\"name\":\"Accueil\",\"item\":\"https:\/\/vieassociative.be\/actualites\/\"},{\"@type\":\"ListItem\",\"position\":2,\"name\":\"Six articles qui maximiseront votre espace de bagage \u00e0 main\"}]},{\"@type\":\"WebSite\",\"@id\":\"https:\/\/vieassociative.be\/actualites\/#website\",\"url\":\"https:\/\/vieassociative.be\/actualites\/\",\"name\":\"Vie Associative\",\"description\":\"\",\"publisher\":{\"@id\":\"https:\/\/vieassociative.be\/actualites\/#organization\"},\"potentialAction\":[{\"@type\":\"SearchAction\",\"target\":{\"@type\":\"EntryPoint\",\"urlTemplate\":\"https:\/\/vieassociative.be\/actualites\/?s={search_term_string}\"},\"query-input\":{\"@type\":\"PropertyValueSpecification\",\"valueRequired\":true,\"valueName\":\"search_term_string\"}}],\"inLanguage\":\"fr-BE\"},{\"@type\":\"Organization\",\"@id\":\"https:\/\/vieassociative.be\/actualites\/#organization\",\"name\":\"Vie Associative\",\"url\":\"https:\/\/vieassociative.be\/actualites\/\",\"logo\":{\"@type\":\"ImageObject\",\"inLanguage\":\"fr-BE\",\"@id\":\"https:\/\/vieassociative.be\/actualites\/#\/schema\/logo\/image\/\",\"url\":\"https:\/\/vieassociative.be\/actualites\/wp-content\/uploads\/2024\/09\/cropped-vieassociative_favicon.ico.png\",\"contentUrl\":\"https:\/\/vieassociative.be\/actualites\/wp-content\/uploads\/2024\/09\/cropped-vieassociative_favicon.ico.png\",\"width\":512,\"height\":512,\"caption\":\"Vie Associative\"},\"image\":{\"@id\":\"https:\/\/vieassociative.be\/actualites\/#\/schema\/logo\/image\/\"}},{\"@type\":\"Person\",\"@id\":\"https:\/\/vieassociative.be\/actualites\/#\/schema\/person\/b87ac4f82f9d4e7b7cec7395b679edc4\",\"name\":\"Julien\",\"image\":{\"@type\":\"ImageObject\",\"inLanguage\":\"fr-BE\",\"@id\":\"https:\/\/vieassociative.be\/actualites\/#\/schema\/person\/image\/\",\"url\":\"https:\/\/vieassociative.be\/actualites\/wp-content\/uploads\/2024\/09\/vie-associative-1-150x150.jpg\",\"contentUrl\":\"https:\/\/vieassociative.be\/actualites\/wp-content\/uploads\/2024\/09\/vie-associative-1-150x150.jpg\",\"caption\":\"Julien\"},\"description\":\"Je suis Julien, r\u00e9dacteur pour Vie Associative. Passionn\u00e9 par le monde associatif depuis plus de 10 ans, j'ai \u00e0 c\u0153ur de partager des histoires inspirantes et de mettre en lumi\u00e8re les initiatives locales. Mon objectif est de sensibiliser et d'encourager l'engagement communautaire \u00e0 travers mes articles.\",\"sameAs\":[\"https:\/\/vieassociative.be\/\"]}]}<\/script>\n<!-- \/ Yoast SEO plugin. -->","yoast_head_json":{"title":"Six articles qui maximiseront votre espace de bagage \u00e0 main | Vie Associative","robots":{"index":"index","follow":"follow","max-snippet":"max-snippet:-1","max-image-preview":"max-image-preview:large","max-video-preview":"max-video-preview:-1"},"canonical":"https:\/\/vieassociative.be\/actualites\/six-articles-qui-maximiseront-votre-espace-de-bagage-a-main\/","og_locale":"fr_FR","og_type":"article","og_title":"Six articles qui maximiseront votre espace de bagage \u00e0 main | Vie Associative","og_description":"Si vous \u00e9vitez ces frais de v\u00e9rification des bagages, vous aurez besoin d&rsquo;aide pour entasser vos affaires dans un bagage \u00e0 main. Les voyages en","og_url":"https:\/\/vieassociative.be\/actualites\/six-articles-qui-maximiseront-votre-espace-de-bagage-a-main\/","og_site_name":"Vie Associative","article_published_time":"2025-04-05T12:17:58+00:00","og_image":[{"width":279,"height":92,"url":"https:\/\/vieassociative.be\/actualites\/wp-content\/uploads\/2024\/09\/header_backgroundk-01-e1726694325946.png","type":"image\/png"}],"author":"Julien","twitter_card":"summary_large_image","twitter_misc":{"\u00c9crit par":"Julien","Dur\u00e9e de lecture est.":"5 minutes"},"schema":{"@context":"https:\/\/schema.org","@graph":[{"@type":"Article","@id":"https:\/\/vieassociative.be\/actualites\/six-articles-qui-maximiseront-votre-espace-de-bagage-a-main\/#article","isPartOf":{"@id":"https:\/\/vieassociative.be\/actualites\/six-articles-qui-maximiseront-votre-espace-de-bagage-a-main\/"},"author":{"name":"Julien","@id":"https:\/\/vieassociative.be\/actualites\/#\/schema\/person\/b87ac4f82f9d4e7b7cec7395b679edc4"},"headline":"Six articles qui maximiseront votre espace de bagage \u00e0 main","datePublished":"2025-04-05T12:17:58+00:00","dateModified":"2025-04-05T12:17:58+00:00","mainEntityOfPage":{"@id":"https:\/\/vieassociative.be\/actualites\/six-articles-qui-maximiseront-votre-espace-de-bagage-a-main\/"},"wordCount":982,"publisher":{"@id":"https:\/\/vieassociative.be\/actualites\/#organization"},"image":{"@id":"https:\/\/vieassociative.be\/actualites\/six-articles-qui-maximiseront-votre-espace-de-bagage-a-main\/#primaryimage"},"thumbnailUrl":"https:\/\/vieassociative.be\/actualites\/wp-content\/uploads\/2025\/04\/Six-articles-qui-maximiseront-votre-espace-de-bagage-a-main.png","keywords":["articles","bagage","espace","main","maximiseront","qui","votre"],"articleSection":["Voyage"],"inLanguage":"fr-BE"},{"@type":"WebPage","@id":"https:\/\/vieassociative.be\/actualites\/six-articles-qui-maximiseront-votre-espace-de-bagage-a-main\/","url":"https:\/\/vieassociative.be\/actualites\/six-articles-qui-maximiseront-votre-espace-de-bagage-a-main\/","name":"Six articles qui maximiseront votre espace de bagage \u00e0 main | Vie Associative","isPartOf":{"@id":"https:\/\/vieassociative.be\/actualites\/#website"},"primaryImageOfPage":{"@id":"https:\/\/vieassociative.be\/actualites\/six-articles-qui-maximiseront-votre-espace-de-bagage-a-main\/#primaryimage"},"image":{"@id":"https:\/\/vieassociative.be\/actualites\/six-articles-qui-maximiseront-votre-espace-de-bagage-a-main\/#primaryimage"},"thumbnailUrl":"https:\/\/vieassociative.be\/actualites\/wp-content\/uploads\/2025\/04\/Six-articles-qui-maximiseront-votre-espace-de-bagage-a-main.png","datePublished":"2025-04-05T12:17:58+00:00","dateModified":"2025-04-05T12:17:58+00:00","breadcrumb":{"@id":"https:\/\/vieassociative.be\/actualites\/six-articles-qui-maximiseront-votre-espace-de-bagage-a-main\/#breadcrumb"},"inLanguage":"fr-BE","potentialAction":[{"@type":"ReadAction","target":["https:\/\/vieassociative.be\/actualites\/six-articles-qui-maximiseront-votre-espace-de-bagage-a-main\/"]}]},{"@type":"ImageObject","inLanguage":"fr-BE","@id":"https:\/\/vieassociative.be\/actualites\/six-articles-qui-maximiseront-votre-espace-de-bagage-a-main\/#primaryimage","url":"https:\/\/vieassociative.be\/actualites\/wp-content\/uploads\/2025\/04\/Six-articles-qui-maximiseront-votre-espace-de-bagage-a-main.png","contentUrl":"https:\/\/vieassociative.be\/actualites\/wp-content\/uploads\/2025\/04\/Six-articles-qui-maximiseront-votre-espace-de-bagage-a-main.png","width":1200,"height":675,"caption":"Six articles qui maximiseront votre espace de bagage \u00e0 main"},{"@type":"BreadcrumbList","@id":"https:\/\/vieassociative.be\/actualites\/six-articles-qui-maximiseront-votre-espace-de-bagage-a-main\/#breadcrumb","itemListElement":[{"@type":"ListItem","position":1,"name":"Accueil","item":"https:\/\/vieassociative.be\/actualites\/"},{"@type":"ListItem","position":2,"name":"Six articles qui maximiseront votre espace de bagage \u00e0 main"}]},{"@type":"WebSite","@id":"https:\/\/vieassociative.be\/actualites\/#website","url":"https:\/\/vieassociative.be\/actualites\/","name":"Vie Associative","description":"","publisher":{"@id":"https:\/\/vieassociative.be\/actualites\/#organization"},"potentialAction":[{"@type":"SearchAction","target":{"@type":"EntryPoint","urlTemplate":"https:\/\/vieassociative.be\/actualites\/?s={search_term_string}"},"query-input":{"@type":"PropertyValueSpecification","valueRequired":true,"valueName":"search_term_string"}}],"inLanguage":"fr-BE"},{"@type":"Organization","@id":"https:\/\/vieassociative.be\/actualites\/#organization","name":"Vie Associative","url":"https:\/\/vieassociative.be\/actualites\/","logo":{"@type":"ImageObject","inLanguage":"fr-BE","@id":"https:\/\/vieassociative.be\/actualites\/#\/schema\/logo\/image\/","url":"https:\/\/vieassociative.be\/actualites\/wp-content\/uploads\/2024\/09\/cropped-vieassociative_favicon.ico.png","contentUrl":"https:\/\/vieassociative.be\/actualites\/wp-content\/uploads\/2024\/09\/cropped-vieassociative_favicon.ico.png","width":512,"height":512,"caption":"Vie Associative"},"image":{"@id":"https:\/\/vieassociative.be\/actualites\/#\/schema\/logo\/image\/"}},{"@type":"Person","@id":"https:\/\/vieassociative.be\/actualites\/#\/schema\/person\/b87ac4f82f9d4e7b7cec7395b679edc4","name":"Julien","image":{"@type":"ImageObject","inLanguage":"fr-BE","@id":"https:\/\/vieassociative.be\/actualites\/#\/schema\/person\/image\/","url":"https:\/\/vieassociative.be\/actualites\/wp-content\/uploads\/2024\/09\/vie-associative-1-150x150.jpg","contentUrl":"https:\/\/vieassociative.be\/actualites\/wp-content\/uploads\/2024\/09\/vie-associative-1-150x150.jpg","caption":"Julien"},"description":"Je suis Julien, r\u00e9dacteur pour Vie Associative. Passionn\u00e9 par le monde associatif depuis plus de 10 ans, j'ai \u00e0 c\u0153ur de partager des histoires inspirantes et de mettre en lumi\u00e8re les initiatives locales. Mon objectif est de sensibiliser et d'encourager l'engagement communautaire \u00e0 travers mes articles.","sameAs":["https:\/\/vieassociative.be\/"]}]}},"_links":{"self":[{"href":"https:\/\/vieassociative.be\/actualites\/wp-json\/wp\/v2\/posts\/6453"}],"collection":[{"href":"https:\/\/vieassociative.be\/actualites\/wp-json\/wp\/v2\/posts"}],"about":[{"href":"https:\/\/vieassociative.be\/actualites\/wp-json\/wp\/v2\/types\/post"}],"author":[{"embeddable":true,"href":"https:\/\/vieassociative.be\/actualites\/wp-json\/wp\/v2\/users\/1"}],"replies":[{"embeddable":true,"href":"https:\/\/vieassociative.be\/actualites\/wp-json\/wp\/v2\/comments?post=6453"}],"version-history":[{"count":0,"href":"https:\/\/vieassociative.be\/actualites\/wp-json\/wp\/v2\/posts\/6453\/revisions"}],"wp:featuredmedia":[{"embeddable":true,"href":"https:\/\/vieassociative.be\/actualites\/wp-json\/wp\/v2\/media\/6454"}],"wp:attachment":[{"href":"https:\/\/vieassociative.be\/actualites\/wp-json\/wp\/v2\/media?parent=6453"}],"wp:term":[{"taxonomy":"category","embeddable":true,"href":"https:\/\/vieassociative.be\/actualites\/wp-json\/wp\/v2\/categories?post=6453"},{"taxonomy":"post_tag","embeddable":true,"href":"https:\/\/vieassociative.be\/actualites\/wp-json\/wp\/v2\/tags?post=6453"}],"curies":[{"name":"wp","href":"https:\/\/api.w.org\/{rel}","templated":true}]}}