{"id":6447,"date":"2025-04-05T10:17:39","date_gmt":"2025-04-05T08:17:39","guid":{"rendered":"https:\/\/vieassociative.be\/actualites\/au-1er-fc-duren-toute-lequipe-sest-terminee-la-ligue-regionale-insolvable-fait-desesperement-la-promotion-de-nouveaux-joueurs\/"},"modified":"2025-04-05T10:17:39","modified_gmt":"2025-04-05T08:17:39","slug":"au-1er-fc-duren-toute-lequipe-sest-terminee-la-ligue-regionale-insolvable-fait-desesperement-la-promotion-de-nouveaux-joueurs","status":"publish","type":"post","link":"https:\/\/vieassociative.be\/actualites\/au-1er-fc-duren-toute-lequipe-sest-terminee-la-ligue-regionale-insolvable-fait-desesperement-la-promotion-de-nouveaux-joueurs\/","title":{"rendered":"Au 1er FC D\u00fcren, toute l&rsquo;\u00e9quipe s&rsquo;est termin\u00e9e &#8211; la ligue r\u00e9gionale insolvable fait d\u00e9sesp\u00e9r\u00e9ment la promotion de nouveaux joueurs"},"content":{"rendered":"<p><strong>\u00c0 1. FC D\u00fcren, tous les joueurs se sont termin\u00e9s. Mais le club n&rsquo;abandonne pas et, avec un influenceur de football, recherche des joueurs de la part du sprint final dans le Regionalliga West.<\/strong><\/p>\n<p><span id=\"more-412859\"><\/span>Avec une campagne inhabituelle, la Ligue r\u00e9gionale insolvable 1. Le FC D\u00fcren recherche de nouveaux joueurs pour la fin de la saison apr\u00e8s le retrait de toute son \u00e9quipe. Le club veut s&rsquo;adresser aux joueurs sans club sur une formation d&rsquo;essai mardi prochain.<\/p>\n<p>\u00ab\u00a0Cette chance unique s&rsquo;adresse aux joueurs talentueux qui n&rsquo;\u00e9taient pas activement dans le jeu et qui veulent maintenant faire le saut sur la grande sc\u00e8ne\u00a0\u00bb, explique l&rsquo;appel de l&rsquo;association.<\/p>\n<p><strong>-La influenceur de football m\u00e8ne une formation d&rsquo;essai:<\/strong> Sur les r\u00e9seaux sociaux, l&rsquo;influenceur de football Bilal Kamarieh a d\u00e9j\u00e0 d\u00e9plac\u00e9 le tambour publicitaire pour la recherche de joueurs avec un appel correspondant. Le joueur de 28 ans, anciennement actif dans la ligue r\u00e9gionale de Hertha BSC II et la 3e ligue pour Maypie 05 II, devrait mener la formation d&rsquo;essai et s\u00e9lectionner cinq \u00e0 dix joueurs pour les derniers matchs de la ligue.<\/p>\n<div id=\"attachment_368176\" class=\"wp-caption alignleft\" style=\"max-width: 300px\"><img decoding=\"async\" class=\"wp-image-368176 size-medium\" src=\"https:\/\/vieassociative.be\/actualites\/wp-content\/uploads\/2025\/04\/Au-1er-FC-Duren-toute-lequipe-sest-terminee-la.jpeg\" alt=\"\" width=\"300\" height=\"146\"><\/p>\n<p class=\"wp-caption-text\">18\/11\/2023, Rhin-Westphalie du Nord, Aachen: une sc\u00e8ne du Derby sur l&rsquo;Aachen Tivoli entre Alemannia Aachen et le 1er FC D\u00fcren avec une toile de fond impressionnante. Photo: Colin Kraft<\/p>\n<\/div>\n<p>Depuis le d\u00e9but de la semaine, le neuvi\u00e8me tabulaire qui est menac\u00e9 par la faillite et l&rsquo;accident menace de douze ans sans \u00e9quipe. Apr\u00e8s la demande d&rsquo;ouverture des proc\u00e9dures d&rsquo;insolvabilit\u00e9, le directeur sportif et le capitaine Adam Matuszczyk avait inform\u00e9 le \u00ab\u00a0Reviersport\u00a0\u00bb que les 26 joueurs de l&rsquo;\u00e9quipe de la ligue r\u00e9gionale et leur entra\u00eeneur-chef auraient termin\u00e9 \u00e0 la fin de l&rsquo;ann\u00e9e afin de limiter les dommages financiers et de postuler pour r\u00e9trospectivement.<\/p>\n<p><strong>&#8211; Autres turbulences dans la r\u00e9gion de l&rsquo;ouest de la r\u00e9gion:<\/strong> Le club veut initialement continuer le jeu et rivaliser avec la deuxi\u00e8me \u00e9quipe du Wuppertaler SV samedi, comme l&rsquo;a d\u00e9clar\u00e9 le vice-pr\u00e9sident de D\u00fcren, Karsten Sch\u00fcmann, \u00e0 \u00ab\u00a0Aachener Zeitung\u00a0\u00bb.<\/p>\n<p>Ce n&rsquo;est pas les seuls turbulents de la r\u00e9gion de l&rsquo;ouest. Un T\u00fcrkspor Dortmund promu avait annonc\u00e9 au milieu de la mars pour ne pas terminer la saison et se retirer imm\u00e9diatement du match. Des proc\u00e9dures d&rsquo;insolvabilit\u00e9 ont r\u00e9cemment \u00e9t\u00e9 ouvertes contre le KFC Uerdingen. Comme l&rsquo;a annonc\u00e9 le douzi\u00e8me actuellement, la continuation des op\u00e9rations de jeu devrait \u00eatre garantie apr\u00e8s l&rsquo;assurance d&rsquo;un paiement ouvert pour le moment.<\/p>\n<p>Le 1. FC D\u00fcren a \u00e9t\u00e9 fond\u00e9 le 30 novembre 2017. Il s&rsquo;agit de l&rsquo;association successeur, entre autres, SG D\u00fcren 99, qui \u00e0 l&rsquo;\u00e9poque a fourni \u00e0 deux internationaux allemand Karl-Heinz Schnellinger et Georg Stollenwerk. (DPA \/ CRE)<\/p>\n","protected":false},"excerpt":{"rendered":"<p>\u00c0 1. FC D\u00fcren, tous les joueurs se sont termin\u00e9s. Mais le club n&rsquo;abandonne pas et, avec un influenceur de football, recherche des joueurs de<\/p>\n","protected":false},"author":1,"featured_media":6448,"comment_status":"","ping_status":"","sticky":false,"template":"","format":"standard","meta":{"footnotes":""},"categories":[298],"tags":[1146,4318,5306,635,6196,3550,537,2817,2052,270,5784,3119,3120,150],"class_list":["post-6447","post","type-post","status-publish","format-standard","has-post-thumbnail","hentry","category-belgique","tag-1er","tag-desesperement","tag-duren","tag-fait","tag-insolvable","tag-joueurs","tag-lequipe","tag-ligue","tag-nouveaux","tag-promotion","tag-regionale","tag-sest","tag-terminee","tag-toute","generate-columns","tablet-grid-50","mobile-grid-100","grid-parent","grid-33"],"yoast_head":"<!-- This site is optimized with the Yoast SEO plugin v24.0 - https:\/\/yoast.com\/wordpress\/plugins\/seo\/ -->\n<title>Au 1er FC D\u00fcren, toute l&#039;\u00e9quipe s&#039;est termin\u00e9e - la ligue r\u00e9gionale insolvable fait d\u00e9sesp\u00e9r\u00e9ment la promotion de nouveaux joueurs | Vie Associative<\/title>\n<meta name=\"robots\" content=\"index, follow, max-snippet:-1, max-image-preview:large, max-video-preview:-1\" \/>\n<link rel=\"canonical\" href=\"https:\/\/vieassociative.be\/actualites\/au-1er-fc-duren-toute-lequipe-sest-terminee-la-ligue-regionale-insolvable-fait-desesperement-la-promotion-de-nouveaux-joueurs\/\" \/>\n<meta property=\"og:locale\" content=\"fr_FR\" \/>\n<meta property=\"og:type\" content=\"article\" \/>\n<meta property=\"og:title\" content=\"Au 1er FC D\u00fcren, toute l&#039;\u00e9quipe s&#039;est termin\u00e9e - la ligue r\u00e9gionale insolvable fait d\u00e9sesp\u00e9r\u00e9ment la promotion de nouveaux joueurs | Vie Associative\" \/>\n<meta property=\"og:description\" content=\"\u00c0 1. FC D\u00fcren, tous les joueurs se sont termin\u00e9s. Mais le club n&rsquo;abandonne pas et, avec un influenceur de football, recherche des joueurs de\" \/>\n<meta property=\"og:url\" content=\"https:\/\/vieassociative.be\/actualites\/au-1er-fc-duren-toute-lequipe-sest-terminee-la-ligue-regionale-insolvable-fait-desesperement-la-promotion-de-nouveaux-joueurs\/\" \/>\n<meta property=\"og:site_name\" content=\"Vie Associative\" \/>\n<meta property=\"article:published_time\" content=\"2025-04-05T08:17:39+00:00\" \/>\n<meta property=\"og:image\" content=\"https:\/\/vieassociative.be\/actualites\/wp-content\/uploads\/2024\/09\/header_backgroundk-01-e1726694325946.png\" \/>\n\t<meta property=\"og:image:width\" content=\"279\" \/>\n\t<meta property=\"og:image:height\" content=\"92\" \/>\n\t<meta property=\"og:image:type\" content=\"image\/png\" \/>\n<meta name=\"author\" content=\"Julien\" \/>\n<meta name=\"twitter:card\" content=\"summary_large_image\" \/>\n<meta name=\"twitter:label1\" content=\"\u00c9crit par\" \/>\n\t<meta name=\"twitter:data1\" content=\"Julien\" \/>\n\t<meta name=\"twitter:label2\" content=\"Dur\u00e9e de lecture est.\" \/>\n\t<meta name=\"twitter:data2\" content=\"2 minutes\" \/>\n<script type=\"application\/ld+json\" class=\"yoast-schema-graph\">{\"@context\":\"https:\/\/schema.org\",\"@graph\":[{\"@type\":\"Article\",\"@id\":\"https:\/\/vieassociative.be\/actualites\/au-1er-fc-duren-toute-lequipe-sest-terminee-la-ligue-regionale-insolvable-fait-desesperement-la-promotion-de-nouveaux-joueurs\/#article\",\"isPartOf\":{\"@id\":\"https:\/\/vieassociative.be\/actualites\/au-1er-fc-duren-toute-lequipe-sest-terminee-la-ligue-regionale-insolvable-fait-desesperement-la-promotion-de-nouveaux-joueurs\/\"},\"author\":{\"name\":\"Julien\",\"@id\":\"https:\/\/vieassociative.be\/actualites\/#\/schema\/person\/b87ac4f82f9d4e7b7cec7395b679edc4\"},\"headline\":\"Au 1er FC D\u00fcren, toute l&rsquo;\u00e9quipe s&rsquo;est termin\u00e9e &#8211; la ligue r\u00e9gionale insolvable fait d\u00e9sesp\u00e9r\u00e9ment la promotion de nouveaux joueurs\",\"datePublished\":\"2025-04-05T08:17:39+00:00\",\"dateModified\":\"2025-04-05T08:17:39+00:00\",\"mainEntityOfPage\":{\"@id\":\"https:\/\/vieassociative.be\/actualites\/au-1er-fc-duren-toute-lequipe-sest-terminee-la-ligue-regionale-insolvable-fait-desesperement-la-promotion-de-nouveaux-joueurs\/\"},\"wordCount\":504,\"publisher\":{\"@id\":\"https:\/\/vieassociative.be\/actualites\/#organization\"},\"image\":{\"@id\":\"https:\/\/vieassociative.be\/actualites\/au-1er-fc-duren-toute-lequipe-sest-terminee-la-ligue-regionale-insolvable-fait-desesperement-la-promotion-de-nouveaux-joueurs\/#primaryimage\"},\"thumbnailUrl\":\"https:\/\/vieassociative.be\/actualites\/wp-content\/uploads\/2025\/04\/Au-1er-FC-Duren-toute-lequipe-sest-terminee-la.jpg\",\"keywords\":[\"1er\",\"d\u00e9sesp\u00e9r\u00e9ment\",\"D\u00fcren\",\"fait\",\"insolvable\",\"joueurs\",\"l\u00e9quipe\",\"Ligue\",\"nouveaux\",\"promotion\",\"r\u00e9gionale\",\"sest\",\"termin\u00e9e\",\"toute\"],\"articleSection\":[\"Belgique\"],\"inLanguage\":\"fr-BE\"},{\"@type\":\"WebPage\",\"@id\":\"https:\/\/vieassociative.be\/actualites\/au-1er-fc-duren-toute-lequipe-sest-terminee-la-ligue-regionale-insolvable-fait-desesperement-la-promotion-de-nouveaux-joueurs\/\",\"url\":\"https:\/\/vieassociative.be\/actualites\/au-1er-fc-duren-toute-lequipe-sest-terminee-la-ligue-regionale-insolvable-fait-desesperement-la-promotion-de-nouveaux-joueurs\/\",\"name\":\"Au 1er FC D\u00fcren, toute l'\u00e9quipe s'est termin\u00e9e - la ligue r\u00e9gionale insolvable fait d\u00e9sesp\u00e9r\u00e9ment la promotion de nouveaux joueurs | Vie Associative\",\"isPartOf\":{\"@id\":\"https:\/\/vieassociative.be\/actualites\/#website\"},\"primaryImageOfPage\":{\"@id\":\"https:\/\/vieassociative.be\/actualites\/au-1er-fc-duren-toute-lequipe-sest-terminee-la-ligue-regionale-insolvable-fait-desesperement-la-promotion-de-nouveaux-joueurs\/#primaryimage\"},\"image\":{\"@id\":\"https:\/\/vieassociative.be\/actualites\/au-1er-fc-duren-toute-lequipe-sest-terminee-la-ligue-regionale-insolvable-fait-desesperement-la-promotion-de-nouveaux-joueurs\/#primaryimage\"},\"thumbnailUrl\":\"https:\/\/vieassociative.be\/actualites\/wp-content\/uploads\/2025\/04\/Au-1er-FC-Duren-toute-lequipe-sest-terminee-la.jpg\",\"datePublished\":\"2025-04-05T08:17:39+00:00\",\"dateModified\":\"2025-04-05T08:17:39+00:00\",\"breadcrumb\":{\"@id\":\"https:\/\/vieassociative.be\/actualites\/au-1er-fc-duren-toute-lequipe-sest-terminee-la-ligue-regionale-insolvable-fait-desesperement-la-promotion-de-nouveaux-joueurs\/#breadcrumb\"},\"inLanguage\":\"fr-BE\",\"potentialAction\":[{\"@type\":\"ReadAction\",\"target\":[\"https:\/\/vieassociative.be\/actualites\/au-1er-fc-duren-toute-lequipe-sest-terminee-la-ligue-regionale-insolvable-fait-desesperement-la-promotion-de-nouveaux-joueurs\/\"]}]},{\"@type\":\"ImageObject\",\"inLanguage\":\"fr-BE\",\"@id\":\"https:\/\/vieassociative.be\/actualites\/au-1er-fc-duren-toute-lequipe-sest-terminee-la-ligue-regionale-insolvable-fait-desesperement-la-promotion-de-nouveaux-joueurs\/#primaryimage\",\"url\":\"https:\/\/vieassociative.be\/actualites\/wp-content\/uploads\/2025\/04\/Au-1er-FC-Duren-toute-lequipe-sest-terminee-la.jpg\",\"contentUrl\":\"https:\/\/vieassociative.be\/actualites\/wp-content\/uploads\/2025\/04\/Au-1er-FC-Duren-toute-lequipe-sest-terminee-la.jpg\",\"width\":1200,\"height\":675,\"caption\":\"Au 1er FC D\u00fcren, toute l'\u00e9quipe s'est termin\u00e9e - la ligue r\u00e9gionale insolvable fait d\u00e9sesp\u00e9r\u00e9ment la promotion de nouveaux joueurs\"},{\"@type\":\"BreadcrumbList\",\"@id\":\"https:\/\/vieassociative.be\/actualites\/au-1er-fc-duren-toute-lequipe-sest-terminee-la-ligue-regionale-insolvable-fait-desesperement-la-promotion-de-nouveaux-joueurs\/#breadcrumb\",\"itemListElement\":[{\"@type\":\"ListItem\",\"position\":1,\"name\":\"Accueil\",\"item\":\"https:\/\/vieassociative.be\/actualites\/\"},{\"@type\":\"ListItem\",\"position\":2,\"name\":\"Au 1er FC D\u00fcren, toute l&rsquo;\u00e9quipe s&rsquo;est termin\u00e9e &#8211; la ligue r\u00e9gionale insolvable fait d\u00e9sesp\u00e9r\u00e9ment la promotion de nouveaux joueurs\"}]},{\"@type\":\"WebSite\",\"@id\":\"https:\/\/vieassociative.be\/actualites\/#website\",\"url\":\"https:\/\/vieassociative.be\/actualites\/\",\"name\":\"Vie Associative\",\"description\":\"\",\"publisher\":{\"@id\":\"https:\/\/vieassociative.be\/actualites\/#organization\"},\"potentialAction\":[{\"@type\":\"SearchAction\",\"target\":{\"@type\":\"EntryPoint\",\"urlTemplate\":\"https:\/\/vieassociative.be\/actualites\/?s={search_term_string}\"},\"query-input\":{\"@type\":\"PropertyValueSpecification\",\"valueRequired\":true,\"valueName\":\"search_term_string\"}}],\"inLanguage\":\"fr-BE\"},{\"@type\":\"Organization\",\"@id\":\"https:\/\/vieassociative.be\/actualites\/#organization\",\"name\":\"Vie Associative\",\"url\":\"https:\/\/vieassociative.be\/actualites\/\",\"logo\":{\"@type\":\"ImageObject\",\"inLanguage\":\"fr-BE\",\"@id\":\"https:\/\/vieassociative.be\/actualites\/#\/schema\/logo\/image\/\",\"url\":\"https:\/\/vieassociative.be\/actualites\/wp-content\/uploads\/2024\/09\/cropped-vieassociative_favicon.ico.png\",\"contentUrl\":\"https:\/\/vieassociative.be\/actualites\/wp-content\/uploads\/2024\/09\/cropped-vieassociative_favicon.ico.png\",\"width\":512,\"height\":512,\"caption\":\"Vie Associative\"},\"image\":{\"@id\":\"https:\/\/vieassociative.be\/actualites\/#\/schema\/logo\/image\/\"}},{\"@type\":\"Person\",\"@id\":\"https:\/\/vieassociative.be\/actualites\/#\/schema\/person\/b87ac4f82f9d4e7b7cec7395b679edc4\",\"name\":\"Julien\",\"image\":{\"@type\":\"ImageObject\",\"inLanguage\":\"fr-BE\",\"@id\":\"https:\/\/vieassociative.be\/actualites\/#\/schema\/person\/image\/\",\"url\":\"https:\/\/vieassociative.be\/actualites\/wp-content\/uploads\/2024\/09\/vie-associative-1-150x150.jpg\",\"contentUrl\":\"https:\/\/vieassociative.be\/actualites\/wp-content\/uploads\/2024\/09\/vie-associative-1-150x150.jpg\",\"caption\":\"Julien\"},\"description\":\"Je suis Julien, r\u00e9dacteur pour Vie Associative. Passionn\u00e9 par le monde associatif depuis plus de 10 ans, j'ai \u00e0 c\u0153ur de partager des histoires inspirantes et de mettre en lumi\u00e8re les initiatives locales. Mon objectif est de sensibiliser et d'encourager l'engagement communautaire \u00e0 travers mes articles.\",\"sameAs\":[\"https:\/\/vieassociative.be\/\"]}]}<\/script>\n<!-- \/ Yoast SEO plugin. -->","yoast_head_json":{"title":"Au 1er FC D\u00fcren, toute l'\u00e9quipe s'est termin\u00e9e - la ligue r\u00e9gionale insolvable fait d\u00e9sesp\u00e9r\u00e9ment la promotion de nouveaux joueurs | Vie Associative","robots":{"index":"index","follow":"follow","max-snippet":"max-snippet:-1","max-image-preview":"max-image-preview:large","max-video-preview":"max-video-preview:-1"},"canonical":"https:\/\/vieassociative.be\/actualites\/au-1er-fc-duren-toute-lequipe-sest-terminee-la-ligue-regionale-insolvable-fait-desesperement-la-promotion-de-nouveaux-joueurs\/","og_locale":"fr_FR","og_type":"article","og_title":"Au 1er FC D\u00fcren, toute l'\u00e9quipe s'est termin\u00e9e - la ligue r\u00e9gionale insolvable fait d\u00e9sesp\u00e9r\u00e9ment la promotion de nouveaux joueurs | Vie Associative","og_description":"\u00c0 1. FC D\u00fcren, tous les joueurs se sont termin\u00e9s. Mais le club n&rsquo;abandonne pas et, avec un influenceur de football, recherche des joueurs de","og_url":"https:\/\/vieassociative.be\/actualites\/au-1er-fc-duren-toute-lequipe-sest-terminee-la-ligue-regionale-insolvable-fait-desesperement-la-promotion-de-nouveaux-joueurs\/","og_site_name":"Vie Associative","article_published_time":"2025-04-05T08:17:39+00:00","og_image":[{"width":279,"height":92,"url":"https:\/\/vieassociative.be\/actualites\/wp-content\/uploads\/2024\/09\/header_backgroundk-01-e1726694325946.png","type":"image\/png"}],"author":"Julien","twitter_card":"summary_large_image","twitter_misc":{"\u00c9crit par":"Julien","Dur\u00e9e de lecture est.":"2 minutes"},"schema":{"@context":"https:\/\/schema.org","@graph":[{"@type":"Article","@id":"https:\/\/vieassociative.be\/actualites\/au-1er-fc-duren-toute-lequipe-sest-terminee-la-ligue-regionale-insolvable-fait-desesperement-la-promotion-de-nouveaux-joueurs\/#article","isPartOf":{"@id":"https:\/\/vieassociative.be\/actualites\/au-1er-fc-duren-toute-lequipe-sest-terminee-la-ligue-regionale-insolvable-fait-desesperement-la-promotion-de-nouveaux-joueurs\/"},"author":{"name":"Julien","@id":"https:\/\/vieassociative.be\/actualites\/#\/schema\/person\/b87ac4f82f9d4e7b7cec7395b679edc4"},"headline":"Au 1er FC D\u00fcren, toute l&rsquo;\u00e9quipe s&rsquo;est termin\u00e9e &#8211; la ligue r\u00e9gionale insolvable fait d\u00e9sesp\u00e9r\u00e9ment la promotion de nouveaux joueurs","datePublished":"2025-04-05T08:17:39+00:00","dateModified":"2025-04-05T08:17:39+00:00","mainEntityOfPage":{"@id":"https:\/\/vieassociative.be\/actualites\/au-1er-fc-duren-toute-lequipe-sest-terminee-la-ligue-regionale-insolvable-fait-desesperement-la-promotion-de-nouveaux-joueurs\/"},"wordCount":504,"publisher":{"@id":"https:\/\/vieassociative.be\/actualites\/#organization"},"image":{"@id":"https:\/\/vieassociative.be\/actualites\/au-1er-fc-duren-toute-lequipe-sest-terminee-la-ligue-regionale-insolvable-fait-desesperement-la-promotion-de-nouveaux-joueurs\/#primaryimage"},"thumbnailUrl":"https:\/\/vieassociative.be\/actualites\/wp-content\/uploads\/2025\/04\/Au-1er-FC-Duren-toute-lequipe-sest-terminee-la.jpg","keywords":["1er","d\u00e9sesp\u00e9r\u00e9ment","D\u00fcren","fait","insolvable","joueurs","l\u00e9quipe","Ligue","nouveaux","promotion","r\u00e9gionale","sest","termin\u00e9e","toute"],"articleSection":["Belgique"],"inLanguage":"fr-BE"},{"@type":"WebPage","@id":"https:\/\/vieassociative.be\/actualites\/au-1er-fc-duren-toute-lequipe-sest-terminee-la-ligue-regionale-insolvable-fait-desesperement-la-promotion-de-nouveaux-joueurs\/","url":"https:\/\/vieassociative.be\/actualites\/au-1er-fc-duren-toute-lequipe-sest-terminee-la-ligue-regionale-insolvable-fait-desesperement-la-promotion-de-nouveaux-joueurs\/","name":"Au 1er FC D\u00fcren, toute l'\u00e9quipe s'est termin\u00e9e - la ligue r\u00e9gionale insolvable fait d\u00e9sesp\u00e9r\u00e9ment la promotion de nouveaux joueurs | Vie Associative","isPartOf":{"@id":"https:\/\/vieassociative.be\/actualites\/#website"},"primaryImageOfPage":{"@id":"https:\/\/vieassociative.be\/actualites\/au-1er-fc-duren-toute-lequipe-sest-terminee-la-ligue-regionale-insolvable-fait-desesperement-la-promotion-de-nouveaux-joueurs\/#primaryimage"},"image":{"@id":"https:\/\/vieassociative.be\/actualites\/au-1er-fc-duren-toute-lequipe-sest-terminee-la-ligue-regionale-insolvable-fait-desesperement-la-promotion-de-nouveaux-joueurs\/#primaryimage"},"thumbnailUrl":"https:\/\/vieassociative.be\/actualites\/wp-content\/uploads\/2025\/04\/Au-1er-FC-Duren-toute-lequipe-sest-terminee-la.jpg","datePublished":"2025-04-05T08:17:39+00:00","dateModified":"2025-04-05T08:17:39+00:00","breadcrumb":{"@id":"https:\/\/vieassociative.be\/actualites\/au-1er-fc-duren-toute-lequipe-sest-terminee-la-ligue-regionale-insolvable-fait-desesperement-la-promotion-de-nouveaux-joueurs\/#breadcrumb"},"inLanguage":"fr-BE","potentialAction":[{"@type":"ReadAction","target":["https:\/\/vieassociative.be\/actualites\/au-1er-fc-duren-toute-lequipe-sest-terminee-la-ligue-regionale-insolvable-fait-desesperement-la-promotion-de-nouveaux-joueurs\/"]}]},{"@type":"ImageObject","inLanguage":"fr-BE","@id":"https:\/\/vieassociative.be\/actualites\/au-1er-fc-duren-toute-lequipe-sest-terminee-la-ligue-regionale-insolvable-fait-desesperement-la-promotion-de-nouveaux-joueurs\/#primaryimage","url":"https:\/\/vieassociative.be\/actualites\/wp-content\/uploads\/2025\/04\/Au-1er-FC-Duren-toute-lequipe-sest-terminee-la.jpg","contentUrl":"https:\/\/vieassociative.be\/actualites\/wp-content\/uploads\/2025\/04\/Au-1er-FC-Duren-toute-lequipe-sest-terminee-la.jpg","width":1200,"height":675,"caption":"Au 1er FC D\u00fcren, toute l'\u00e9quipe s'est termin\u00e9e - la ligue r\u00e9gionale insolvable fait d\u00e9sesp\u00e9r\u00e9ment la promotion de nouveaux joueurs"},{"@type":"BreadcrumbList","@id":"https:\/\/vieassociative.be\/actualites\/au-1er-fc-duren-toute-lequipe-sest-terminee-la-ligue-regionale-insolvable-fait-desesperement-la-promotion-de-nouveaux-joueurs\/#breadcrumb","itemListElement":[{"@type":"ListItem","position":1,"name":"Accueil","item":"https:\/\/vieassociative.be\/actualites\/"},{"@type":"ListItem","position":2,"name":"Au 1er FC D\u00fcren, toute l&rsquo;\u00e9quipe s&rsquo;est termin\u00e9e &#8211; la ligue r\u00e9gionale insolvable fait d\u00e9sesp\u00e9r\u00e9ment la promotion de nouveaux joueurs"}]},{"@type":"WebSite","@id":"https:\/\/vieassociative.be\/actualites\/#website","url":"https:\/\/vieassociative.be\/actualites\/","name":"Vie Associative","description":"","publisher":{"@id":"https:\/\/vieassociative.be\/actualites\/#organization"},"potentialAction":[{"@type":"SearchAction","target":{"@type":"EntryPoint","urlTemplate":"https:\/\/vieassociative.be\/actualites\/?s={search_term_string}"},"query-input":{"@type":"PropertyValueSpecification","valueRequired":true,"valueName":"search_term_string"}}],"inLanguage":"fr-BE"},{"@type":"Organization","@id":"https:\/\/vieassociative.be\/actualites\/#organization","name":"Vie Associative","url":"https:\/\/vieassociative.be\/actualites\/","logo":{"@type":"ImageObject","inLanguage":"fr-BE","@id":"https:\/\/vieassociative.be\/actualites\/#\/schema\/logo\/image\/","url":"https:\/\/vieassociative.be\/actualites\/wp-content\/uploads\/2024\/09\/cropped-vieassociative_favicon.ico.png","contentUrl":"https:\/\/vieassociative.be\/actualites\/wp-content\/uploads\/2024\/09\/cropped-vieassociative_favicon.ico.png","width":512,"height":512,"caption":"Vie Associative"},"image":{"@id":"https:\/\/vieassociative.be\/actualites\/#\/schema\/logo\/image\/"}},{"@type":"Person","@id":"https:\/\/vieassociative.be\/actualites\/#\/schema\/person\/b87ac4f82f9d4e7b7cec7395b679edc4","name":"Julien","image":{"@type":"ImageObject","inLanguage":"fr-BE","@id":"https:\/\/vieassociative.be\/actualites\/#\/schema\/person\/image\/","url":"https:\/\/vieassociative.be\/actualites\/wp-content\/uploads\/2024\/09\/vie-associative-1-150x150.jpg","contentUrl":"https:\/\/vieassociative.be\/actualites\/wp-content\/uploads\/2024\/09\/vie-associative-1-150x150.jpg","caption":"Julien"},"description":"Je suis Julien, r\u00e9dacteur pour Vie Associative. Passionn\u00e9 par le monde associatif depuis plus de 10 ans, j'ai \u00e0 c\u0153ur de partager des histoires inspirantes et de mettre en lumi\u00e8re les initiatives locales. Mon objectif est de sensibiliser et d'encourager l'engagement communautaire \u00e0 travers mes articles.","sameAs":["https:\/\/vieassociative.be\/"]}]}},"_links":{"self":[{"href":"https:\/\/vieassociative.be\/actualites\/wp-json\/wp\/v2\/posts\/6447"}],"collection":[{"href":"https:\/\/vieassociative.be\/actualites\/wp-json\/wp\/v2\/posts"}],"about":[{"href":"https:\/\/vieassociative.be\/actualites\/wp-json\/wp\/v2\/types\/post"}],"author":[{"embeddable":true,"href":"https:\/\/vieassociative.be\/actualites\/wp-json\/wp\/v2\/users\/1"}],"replies":[{"embeddable":true,"href":"https:\/\/vieassociative.be\/actualites\/wp-json\/wp\/v2\/comments?post=6447"}],"version-history":[{"count":0,"href":"https:\/\/vieassociative.be\/actualites\/wp-json\/wp\/v2\/posts\/6447\/revisions"}],"wp:featuredmedia":[{"embeddable":true,"href":"https:\/\/vieassociative.be\/actualites\/wp-json\/wp\/v2\/media\/6448"}],"wp:attachment":[{"href":"https:\/\/vieassociative.be\/actualites\/wp-json\/wp\/v2\/media?parent=6447"}],"wp:term":[{"taxonomy":"category","embeddable":true,"href":"https:\/\/vieassociative.be\/actualites\/wp-json\/wp\/v2\/categories?post=6447"},{"taxonomy":"post_tag","embeddable":true,"href":"https:\/\/vieassociative.be\/actualites\/wp-json\/wp\/v2\/tags?post=6447"}],"curies":[{"name":"wp","href":"https:\/\/api.w.org\/{rel}","templated":true}]}}