{"id":6445,"date":"2025-04-05T09:18:04","date_gmt":"2025-04-05T07:18:04","guid":{"rendered":"https:\/\/vieassociative.be\/actualites\/comment-desactiver-acr-pour-empecher-votre-televiseur-de-suivre-ce-que-vous-regardez\/"},"modified":"2025-04-05T09:18:04","modified_gmt":"2025-04-05T07:18:04","slug":"comment-desactiver-acr-pour-empecher-votre-televiseur-de-suivre-ce-que-vous-regardez","status":"publish","type":"post","link":"https:\/\/vieassociative.be\/actualites\/comment-desactiver-acr-pour-empecher-votre-televiseur-de-suivre-ce-que-vous-regardez\/","title":{"rendered":"Comment d\u00e9sactiver ACR pour emp\u00eacher votre t\u00e9l\u00e9viseur de suivre ce que vous regardez"},"content":{"rendered":"<div class=\"mt-4 leading-6 md:mb-8\">Vous regardez votre t\u00e9l\u00e9viseur intelligent et votre t\u00e9l\u00e9viseur intelligent vous regarde.<\/div>\n<p><\/p>\n<p>Si je vous disais que votre t\u00e9l\u00e9vision regarde tout ce que vous faites au nom de la collecte et de la publicit\u00e9 de donn\u00e9es, cela ne vous choquerait probablement pas. Nous sommes en 2025, apr\u00e8s tout; Nous sommes habitu\u00e9s \u00e0 un manque g\u00e9n\u00e9ral d&rsquo;intimit\u00e9. Pourtant, ce n&rsquo;est pas cool, et il s&rsquo;av\u00e8re que vous pouvez l&rsquo;arr\u00eater (m\u00eame si votre fabricant de t\u00e9l\u00e9viseur vous a choisi). <\/p>\n<p>Alors, comment emp\u00eachez-vous votre t\u00e9l\u00e9viseur intelligent de suivre ce que vous regardez, afin que vous puissiez revenir \u00e0 l&rsquo;\u00e9poque o\u00f9 regarder Netflix ou jouer \u00e0 des jeux vid\u00e9o en paix? Vous devez d\u00e9sactiver ACR.<\/p>\n<h2 id=\"how-does-your-tv-track-what-you-watch\">Comment votre t\u00e9l\u00e9viseur est-il ce que vous regardez?<\/h2>\n<p>Meet ACR: Cette technologie, abr\u00e9viation de reconnaissance automatique de contenu, permet \u00e0 votre t\u00e9l\u00e9viseur intelligent de regarder ce que vous regardez, d&rsquo;identifier ce que vous regardez et d&rsquo;utiliser ces informations pour recommander un nouveau contenu et vous servir des annonces plus pertinentes. Votre t\u00e9l\u00e9viseur observe des moments dans une \u00e9mission ou un film (parfois incluant l&rsquo;audio) et enverra ces informations \u00e0 une base de donn\u00e9es pour la faire correspondre \u00e0 une biblioth\u00e8que de contenu. <\/p>\n<p>ACR le fait en prenant litt\u00e9ralement des captures d&rsquo;\u00e9cran de ce qui se passe sur votre \u00e9cran, environ deux par seconde. Cela permet de suivre tout, que vous utilisiez vos applications Smart TV, un lecteur Blu-Ray, un appareil comme un Apple TV ou une PlayStation &#8211; tout ce que vous affichez sur votre t\u00e9l\u00e9viseur, ACR peut regarder et signaler. <\/p>\n<p>La plupart des principaux fabricants de t\u00e9l\u00e9vision mettent le suivi de l&rsquo;ACR dans leurs appareils. Apr\u00e8s que Vizio soit entr\u00e9 dans l&rsquo;eau chaude pour ne pas avoir divulgu\u00e9 correctement les donn\u00e9es qu&rsquo;ils volaient aux clients, les fabricants de t\u00e9l\u00e9vision ont commenc\u00e9 \u00e0 pr\u00e9parer ces param\u00e8tres dans les accords de configuration initiaux. Si vous \u00eates comme moi, vous avez accidentellement accept\u00e9 ce suivi sans vous en rendre compte, parce que vous \u00e9tiez trop concentr\u00e9 sur la mise en place de votre t\u00e9l\u00e9viseur pour vous soucier, vous savez, <em>lire un document juridique.<\/em><\/p>\n<p>Si vous avez un t\u00e9l\u00e9viseur intelligent, il a probablement un suivi ACR que vous pouvez d\u00e9sactiver. Cependant, tous les fabricants de t\u00e9l\u00e9viseurs appellent cette option quelque chose de diff\u00e9rent. Je vais parcourir certaines des meilleures marques, ce qu&rsquo;ils appellent chacun leurs param\u00e8tres ACR et o\u00f9 les trouver. M\u00eame encore, ces marques modifient tout le temps leurs noms de menus et param\u00e8tres de param\u00e8tres, donc m\u00eame si vous avez un t\u00e9l\u00e9viseur d&rsquo;une entreprise r\u00e9pertori\u00e9e ici, vous pourriez ne pas trouver mes instructions pertinentes. <\/p>\n<p>Votre meilleur pari, si ces instructions n&rsquo;aiment pas, consiste \u00e0 Google votre mod\u00e8le de t\u00e9l\u00e9vision sp\u00e9cifique et o\u00f9 trouver ses param\u00e8tres ACR. Vous devriez \u00eatre en mesure de trouver un guide du fabricant, ou une proc\u00e9dure pas \u00e0 pas d&rsquo;une personne ayant acc\u00e8s \u00e0 votre t\u00e9l\u00e9viseur qui sait o\u00f9 trouver le param\u00e8tre. Mais si vous avez un LG, Samsung, Sony, Hisense ou TCL, suivez-vous ci-dessous, avec un conseil de chapeau \u00e0 notre site s\u0153ur ZDNET: <\/p>\n<div class=\"pogoClear relative my-10 border-b-(1.5px) border-t-(1.5px) border-dashed border-black py-5 sm:my-14 sm:border-0 sm:py-0\" x-cloak x-data=\"{ commentsCount: null }\" x-init=\"commentsCount = await window.openweb.getMessagesCount(1848468914)\" x-show=\"commentsCount !== null &amp;&amp; commentsCount &gt; 0\">\n<div class=\"absolute top-1\/2 hidden w-full -translate-y-1\/2 border-t-(1.5px) border-dashed border-black sm:block\"><\/div>\n<div class=\"relative flex justify-center\">\n<div class=\"flex max-w-max items-center gap-x-3 bg-white px-5\">\n<div class=\"relative\">\n                <span class=\"absolute left-1\/2 top-1\/2 -translate-x-1\/2 -translate-y-1\/2 font-akshar text-sm font-medium text-black\" x-text=\"commentsCount\"><\/span><\/p>\n<p>                <svg class=\"h-8 w-8 text-black\">\n                    <use href=\"http:\/\/lifehacker.com\/images\/icons\/spritemap.svg#sprite-chat-bubble\"><\/use>\n                <\/svg>\n            <\/div>\n<p>            <span class=\"text-sm font-medium text-black\">Que pensez-vous jusqu&rsquo;\u00e0 pr\u00e9sent? <button class=\"font-semibold text-brand-green underline hover:text-brand-green-700\" onclick=\"window.openweb.scrollToComments(1848468914)\">Publier un commentaire.<\/button><\/span>\n        <\/div>\n<\/p><\/div>\n<\/div>\n<h2 id=\"how-to-disable-acr-on-your-smart-tv\">Comment d\u00e9sactiver ACR sur votre t\u00e9l\u00e9viseur intelligent<\/h2>\n<h3>TV LG<\/h3>\n<p>Si vous avez un LG Smart TV (comme moi), vos param\u00e8tres ACR seront sous Live Plus. Le param\u00e8tre semble suffisamment innocent, mais il est probablement cens\u00e9 le faire pour le garder activ\u00e9. Vous trouverez cette option dans <strong>Param\u00e8tres> G\u00e9n\u00e9ral> Syst\u00e8me> Param\u00e8tres suppl\u00e9mentaires> Live Plus<\/strong>. Pendant que vous \u00eates ici, vous pourriez tout aussi permettre de \u00ablimiter le suivi des annonces\u00bb sous <strong>Publicit\u00e9<\/strong>.<\/p>\n<h3>Samsung TVS<\/h3>\n<p>Jetons un coup d&rsquo;\u0153il \u00e0 une autre marque de t\u00e9l\u00e9vision populaire, Samsung. Vous trouverez vos options ACR dans le menu de la barre lat\u00e9rale sous <strong>Choix de confidentialit\u00e9> Conditions g\u00e9n\u00e9rales, politique de confidentialit\u00e9<\/strong>. Assurez-vous simplement de d\u00e9sactiver les \u00abservices d&rsquo;information\u00bb.<\/p>\n<h3>T\u00e9l\u00e9viseurs Sony<\/h3>\n<p>Sony garde leurs options ACR sous<strong> Param\u00e8tres> Configuration initiale> Samba Interactive TV<\/strong>. De l\u00e0, d\u00e9sactivez Samba Interactive TV. De plus, vous pouvez trouver des fonctionnalit\u00e9s de suivi des publicit\u00e9s sous <strong>\u00c0 propos de> publicit\u00e9s d&rsquo;annonces> Personnalisation des annonces<\/strong>.<\/p>\n<h3>TVS HISENSE<\/h3>\n<p>Hisense garde son ACR sous <strong>Param\u00e8tres> Syst\u00e8me> Confidentialit\u00e9<\/strong>. Son nom d\u00e9pendra de votre mod\u00e8le particulier, mais il pourrait \u00eatre appel\u00e9 \u00ab\u00a0Smart TV Experience\u00a0\u00bb ou \u00ab\u00a0Affichage des services d&rsquo;information\u00a0\u00bb. TCL garde ses param\u00e8tres sous <strong>Param\u00e8tres> Confidentialit\u00e9> Exp\u00e9rience Smart TV<\/strong>. Ici, d\u00e9sactivez \u00abUtilisez les informations des entr\u00e9es TV\u00bb.<\/p>\n","protected":false},"excerpt":{"rendered":"<p>Vous regardez votre t\u00e9l\u00e9viseur intelligent et votre t\u00e9l\u00e9viseur intelligent vous regarde. Si je vous disais que votre t\u00e9l\u00e9vision regarde tout ce que vous faites au<\/p>\n","protected":false},"author":1,"featured_media":6446,"comment_status":"","ping_status":"","sticky":false,"template":"","format":"standard","meta":{"footnotes":""},"categories":[13],"tags":[6194,44,2010,1889,81,6195,243,1978,8,4],"class_list":["post-6445","post","type-post","status-publish","format-standard","has-post-thumbnail","hentry","category-technologie","tag-acr","tag-comment","tag-desactiver","tag-empecher","tag-pour","tag-regardez","tag-suivre","tag-televiseur","tag-votre","tag-vous","generate-columns","tablet-grid-50","mobile-grid-100","grid-parent","grid-33"],"yoast_head":"<!-- This site is optimized with the Yoast SEO plugin v24.0 - https:\/\/yoast.com\/wordpress\/plugins\/seo\/ -->\n<title>Comment d\u00e9sactiver ACR pour emp\u00eacher votre t\u00e9l\u00e9viseur de suivre ce que vous regardez | Vie Associative<\/title>\n<meta name=\"robots\" content=\"index, follow, max-snippet:-1, max-image-preview:large, max-video-preview:-1\" \/>\n<link rel=\"canonical\" href=\"https:\/\/vieassociative.be\/actualites\/comment-desactiver-acr-pour-empecher-votre-televiseur-de-suivre-ce-que-vous-regardez\/\" \/>\n<meta property=\"og:locale\" content=\"fr_FR\" \/>\n<meta property=\"og:type\" content=\"article\" \/>\n<meta property=\"og:title\" content=\"Comment d\u00e9sactiver ACR pour emp\u00eacher votre t\u00e9l\u00e9viseur de suivre ce que vous regardez | Vie Associative\" \/>\n<meta property=\"og:description\" content=\"Vous regardez votre t\u00e9l\u00e9viseur intelligent et votre t\u00e9l\u00e9viseur intelligent vous regarde. Si je vous disais que votre t\u00e9l\u00e9vision regarde tout ce que vous faites au\" \/>\n<meta property=\"og:url\" content=\"https:\/\/vieassociative.be\/actualites\/comment-desactiver-acr-pour-empecher-votre-televiseur-de-suivre-ce-que-vous-regardez\/\" \/>\n<meta property=\"og:site_name\" content=\"Vie Associative\" \/>\n<meta property=\"article:published_time\" content=\"2025-04-05T07:18:04+00:00\" \/>\n<meta property=\"og:image\" content=\"https:\/\/vieassociative.be\/actualites\/wp-content\/uploads\/2024\/09\/header_backgroundk-01-e1726694325946.png\" \/>\n\t<meta property=\"og:image:width\" content=\"279\" \/>\n\t<meta property=\"og:image:height\" content=\"92\" \/>\n\t<meta property=\"og:image:type\" content=\"image\/png\" \/>\n<meta name=\"author\" content=\"Julien\" \/>\n<meta name=\"twitter:card\" content=\"summary_large_image\" \/>\n<meta name=\"twitter:label1\" content=\"\u00c9crit par\" \/>\n\t<meta name=\"twitter:data1\" content=\"Julien\" \/>\n\t<meta name=\"twitter:label2\" content=\"Dur\u00e9e de lecture est.\" \/>\n\t<meta name=\"twitter:data2\" content=\"4 minutes\" \/>\n<script type=\"application\/ld+json\" class=\"yoast-schema-graph\">{\"@context\":\"https:\/\/schema.org\",\"@graph\":[{\"@type\":\"Article\",\"@id\":\"https:\/\/vieassociative.be\/actualites\/comment-desactiver-acr-pour-empecher-votre-televiseur-de-suivre-ce-que-vous-regardez\/#article\",\"isPartOf\":{\"@id\":\"https:\/\/vieassociative.be\/actualites\/comment-desactiver-acr-pour-empecher-votre-televiseur-de-suivre-ce-que-vous-regardez\/\"},\"author\":{\"name\":\"Julien\",\"@id\":\"https:\/\/vieassociative.be\/actualites\/#\/schema\/person\/b87ac4f82f9d4e7b7cec7395b679edc4\"},\"headline\":\"Comment d\u00e9sactiver ACR pour emp\u00eacher votre t\u00e9l\u00e9viseur de suivre ce que vous regardez\",\"datePublished\":\"2025-04-05T07:18:04+00:00\",\"dateModified\":\"2025-04-05T07:18:04+00:00\",\"mainEntityOfPage\":{\"@id\":\"https:\/\/vieassociative.be\/actualites\/comment-desactiver-acr-pour-empecher-votre-televiseur-de-suivre-ce-que-vous-regardez\/\"},\"wordCount\":832,\"publisher\":{\"@id\":\"https:\/\/vieassociative.be\/actualites\/#organization\"},\"image\":{\"@id\":\"https:\/\/vieassociative.be\/actualites\/comment-desactiver-acr-pour-empecher-votre-televiseur-de-suivre-ce-que-vous-regardez\/#primaryimage\"},\"thumbnailUrl\":\"https:\/\/vieassociative.be\/actualites\/wp-content\/uploads\/2025\/04\/Comment-desactiver-ACR-pour-empecher-votre-televiseur-de-suivre-ce.jpg\",\"keywords\":[\"ACR\",\"Comment\",\"d\u00e9sactiver\",\"emp\u00eacher\",\"pour\",\"regardez\",\"suivre\",\"t\u00e9l\u00e9viseur\",\"votre\",\"Vous\"],\"articleSection\":[\"Technologie\"],\"inLanguage\":\"fr-BE\"},{\"@type\":\"WebPage\",\"@id\":\"https:\/\/vieassociative.be\/actualites\/comment-desactiver-acr-pour-empecher-votre-televiseur-de-suivre-ce-que-vous-regardez\/\",\"url\":\"https:\/\/vieassociative.be\/actualites\/comment-desactiver-acr-pour-empecher-votre-televiseur-de-suivre-ce-que-vous-regardez\/\",\"name\":\"Comment d\u00e9sactiver ACR pour emp\u00eacher votre t\u00e9l\u00e9viseur de suivre ce que vous regardez | Vie Associative\",\"isPartOf\":{\"@id\":\"https:\/\/vieassociative.be\/actualites\/#website\"},\"primaryImageOfPage\":{\"@id\":\"https:\/\/vieassociative.be\/actualites\/comment-desactiver-acr-pour-empecher-votre-televiseur-de-suivre-ce-que-vous-regardez\/#primaryimage\"},\"image\":{\"@id\":\"https:\/\/vieassociative.be\/actualites\/comment-desactiver-acr-pour-empecher-votre-televiseur-de-suivre-ce-que-vous-regardez\/#primaryimage\"},\"thumbnailUrl\":\"https:\/\/vieassociative.be\/actualites\/wp-content\/uploads\/2025\/04\/Comment-desactiver-ACR-pour-empecher-votre-televiseur-de-suivre-ce.jpg\",\"datePublished\":\"2025-04-05T07:18:04+00:00\",\"dateModified\":\"2025-04-05T07:18:04+00:00\",\"breadcrumb\":{\"@id\":\"https:\/\/vieassociative.be\/actualites\/comment-desactiver-acr-pour-empecher-votre-televiseur-de-suivre-ce-que-vous-regardez\/#breadcrumb\"},\"inLanguage\":\"fr-BE\",\"potentialAction\":[{\"@type\":\"ReadAction\",\"target\":[\"https:\/\/vieassociative.be\/actualites\/comment-desactiver-acr-pour-empecher-votre-televiseur-de-suivre-ce-que-vous-regardez\/\"]}]},{\"@type\":\"ImageObject\",\"inLanguage\":\"fr-BE\",\"@id\":\"https:\/\/vieassociative.be\/actualites\/comment-desactiver-acr-pour-empecher-votre-televiseur-de-suivre-ce-que-vous-regardez\/#primaryimage\",\"url\":\"https:\/\/vieassociative.be\/actualites\/wp-content\/uploads\/2025\/04\/Comment-desactiver-ACR-pour-empecher-votre-televiseur-de-suivre-ce.jpg\",\"contentUrl\":\"https:\/\/vieassociative.be\/actualites\/wp-content\/uploads\/2025\/04\/Comment-desactiver-ACR-pour-empecher-votre-televiseur-de-suivre-ce.jpg\",\"width\":1200,\"height\":675,\"caption\":\"Comment d\u00e9sactiver ACR pour emp\u00eacher votre t\u00e9l\u00e9viseur de suivre ce que vous regardez\"},{\"@type\":\"BreadcrumbList\",\"@id\":\"https:\/\/vieassociative.be\/actualites\/comment-desactiver-acr-pour-empecher-votre-televiseur-de-suivre-ce-que-vous-regardez\/#breadcrumb\",\"itemListElement\":[{\"@type\":\"ListItem\",\"position\":1,\"name\":\"Accueil\",\"item\":\"https:\/\/vieassociative.be\/actualites\/\"},{\"@type\":\"ListItem\",\"position\":2,\"name\":\"Comment d\u00e9sactiver ACR pour emp\u00eacher votre t\u00e9l\u00e9viseur de suivre ce que vous regardez\"}]},{\"@type\":\"WebSite\",\"@id\":\"https:\/\/vieassociative.be\/actualites\/#website\",\"url\":\"https:\/\/vieassociative.be\/actualites\/\",\"name\":\"Vie Associative\",\"description\":\"\",\"publisher\":{\"@id\":\"https:\/\/vieassociative.be\/actualites\/#organization\"},\"potentialAction\":[{\"@type\":\"SearchAction\",\"target\":{\"@type\":\"EntryPoint\",\"urlTemplate\":\"https:\/\/vieassociative.be\/actualites\/?s={search_term_string}\"},\"query-input\":{\"@type\":\"PropertyValueSpecification\",\"valueRequired\":true,\"valueName\":\"search_term_string\"}}],\"inLanguage\":\"fr-BE\"},{\"@type\":\"Organization\",\"@id\":\"https:\/\/vieassociative.be\/actualites\/#organization\",\"name\":\"Vie Associative\",\"url\":\"https:\/\/vieassociative.be\/actualites\/\",\"logo\":{\"@type\":\"ImageObject\",\"inLanguage\":\"fr-BE\",\"@id\":\"https:\/\/vieassociative.be\/actualites\/#\/schema\/logo\/image\/\",\"url\":\"https:\/\/vieassociative.be\/actualites\/wp-content\/uploads\/2024\/09\/cropped-vieassociative_favicon.ico.png\",\"contentUrl\":\"https:\/\/vieassociative.be\/actualites\/wp-content\/uploads\/2024\/09\/cropped-vieassociative_favicon.ico.png\",\"width\":512,\"height\":512,\"caption\":\"Vie Associative\"},\"image\":{\"@id\":\"https:\/\/vieassociative.be\/actualites\/#\/schema\/logo\/image\/\"}},{\"@type\":\"Person\",\"@id\":\"https:\/\/vieassociative.be\/actualites\/#\/schema\/person\/b87ac4f82f9d4e7b7cec7395b679edc4\",\"name\":\"Julien\",\"image\":{\"@type\":\"ImageObject\",\"inLanguage\":\"fr-BE\",\"@id\":\"https:\/\/vieassociative.be\/actualites\/#\/schema\/person\/image\/\",\"url\":\"https:\/\/vieassociative.be\/actualites\/wp-content\/uploads\/2024\/09\/vie-associative-1-150x150.jpg\",\"contentUrl\":\"https:\/\/vieassociative.be\/actualites\/wp-content\/uploads\/2024\/09\/vie-associative-1-150x150.jpg\",\"caption\":\"Julien\"},\"description\":\"Je suis Julien, r\u00e9dacteur pour Vie Associative. Passionn\u00e9 par le monde associatif depuis plus de 10 ans, j'ai \u00e0 c\u0153ur de partager des histoires inspirantes et de mettre en lumi\u00e8re les initiatives locales. Mon objectif est de sensibiliser et d'encourager l'engagement communautaire \u00e0 travers mes articles.\",\"sameAs\":[\"https:\/\/vieassociative.be\/\"]}]}<\/script>\n<!-- \/ Yoast SEO plugin. -->","yoast_head_json":{"title":"Comment d\u00e9sactiver ACR pour emp\u00eacher votre t\u00e9l\u00e9viseur de suivre ce que vous regardez | Vie Associative","robots":{"index":"index","follow":"follow","max-snippet":"max-snippet:-1","max-image-preview":"max-image-preview:large","max-video-preview":"max-video-preview:-1"},"canonical":"https:\/\/vieassociative.be\/actualites\/comment-desactiver-acr-pour-empecher-votre-televiseur-de-suivre-ce-que-vous-regardez\/","og_locale":"fr_FR","og_type":"article","og_title":"Comment d\u00e9sactiver ACR pour emp\u00eacher votre t\u00e9l\u00e9viseur de suivre ce que vous regardez | Vie Associative","og_description":"Vous regardez votre t\u00e9l\u00e9viseur intelligent et votre t\u00e9l\u00e9viseur intelligent vous regarde. Si je vous disais que votre t\u00e9l\u00e9vision regarde tout ce que vous faites au","og_url":"https:\/\/vieassociative.be\/actualites\/comment-desactiver-acr-pour-empecher-votre-televiseur-de-suivre-ce-que-vous-regardez\/","og_site_name":"Vie Associative","article_published_time":"2025-04-05T07:18:04+00:00","og_image":[{"width":279,"height":92,"url":"https:\/\/vieassociative.be\/actualites\/wp-content\/uploads\/2024\/09\/header_backgroundk-01-e1726694325946.png","type":"image\/png"}],"author":"Julien","twitter_card":"summary_large_image","twitter_misc":{"\u00c9crit par":"Julien","Dur\u00e9e de lecture est.":"4 minutes"},"schema":{"@context":"https:\/\/schema.org","@graph":[{"@type":"Article","@id":"https:\/\/vieassociative.be\/actualites\/comment-desactiver-acr-pour-empecher-votre-televiseur-de-suivre-ce-que-vous-regardez\/#article","isPartOf":{"@id":"https:\/\/vieassociative.be\/actualites\/comment-desactiver-acr-pour-empecher-votre-televiseur-de-suivre-ce-que-vous-regardez\/"},"author":{"name":"Julien","@id":"https:\/\/vieassociative.be\/actualites\/#\/schema\/person\/b87ac4f82f9d4e7b7cec7395b679edc4"},"headline":"Comment d\u00e9sactiver ACR pour emp\u00eacher votre t\u00e9l\u00e9viseur de suivre ce que vous regardez","datePublished":"2025-04-05T07:18:04+00:00","dateModified":"2025-04-05T07:18:04+00:00","mainEntityOfPage":{"@id":"https:\/\/vieassociative.be\/actualites\/comment-desactiver-acr-pour-empecher-votre-televiseur-de-suivre-ce-que-vous-regardez\/"},"wordCount":832,"publisher":{"@id":"https:\/\/vieassociative.be\/actualites\/#organization"},"image":{"@id":"https:\/\/vieassociative.be\/actualites\/comment-desactiver-acr-pour-empecher-votre-televiseur-de-suivre-ce-que-vous-regardez\/#primaryimage"},"thumbnailUrl":"https:\/\/vieassociative.be\/actualites\/wp-content\/uploads\/2025\/04\/Comment-desactiver-ACR-pour-empecher-votre-televiseur-de-suivre-ce.jpg","keywords":["ACR","Comment","d\u00e9sactiver","emp\u00eacher","pour","regardez","suivre","t\u00e9l\u00e9viseur","votre","Vous"],"articleSection":["Technologie"],"inLanguage":"fr-BE"},{"@type":"WebPage","@id":"https:\/\/vieassociative.be\/actualites\/comment-desactiver-acr-pour-empecher-votre-televiseur-de-suivre-ce-que-vous-regardez\/","url":"https:\/\/vieassociative.be\/actualites\/comment-desactiver-acr-pour-empecher-votre-televiseur-de-suivre-ce-que-vous-regardez\/","name":"Comment d\u00e9sactiver ACR pour emp\u00eacher votre t\u00e9l\u00e9viseur de suivre ce que vous regardez | Vie Associative","isPartOf":{"@id":"https:\/\/vieassociative.be\/actualites\/#website"},"primaryImageOfPage":{"@id":"https:\/\/vieassociative.be\/actualites\/comment-desactiver-acr-pour-empecher-votre-televiseur-de-suivre-ce-que-vous-regardez\/#primaryimage"},"image":{"@id":"https:\/\/vieassociative.be\/actualites\/comment-desactiver-acr-pour-empecher-votre-televiseur-de-suivre-ce-que-vous-regardez\/#primaryimage"},"thumbnailUrl":"https:\/\/vieassociative.be\/actualites\/wp-content\/uploads\/2025\/04\/Comment-desactiver-ACR-pour-empecher-votre-televiseur-de-suivre-ce.jpg","datePublished":"2025-04-05T07:18:04+00:00","dateModified":"2025-04-05T07:18:04+00:00","breadcrumb":{"@id":"https:\/\/vieassociative.be\/actualites\/comment-desactiver-acr-pour-empecher-votre-televiseur-de-suivre-ce-que-vous-regardez\/#breadcrumb"},"inLanguage":"fr-BE","potentialAction":[{"@type":"ReadAction","target":["https:\/\/vieassociative.be\/actualites\/comment-desactiver-acr-pour-empecher-votre-televiseur-de-suivre-ce-que-vous-regardez\/"]}]},{"@type":"ImageObject","inLanguage":"fr-BE","@id":"https:\/\/vieassociative.be\/actualites\/comment-desactiver-acr-pour-empecher-votre-televiseur-de-suivre-ce-que-vous-regardez\/#primaryimage","url":"https:\/\/vieassociative.be\/actualites\/wp-content\/uploads\/2025\/04\/Comment-desactiver-ACR-pour-empecher-votre-televiseur-de-suivre-ce.jpg","contentUrl":"https:\/\/vieassociative.be\/actualites\/wp-content\/uploads\/2025\/04\/Comment-desactiver-ACR-pour-empecher-votre-televiseur-de-suivre-ce.jpg","width":1200,"height":675,"caption":"Comment d\u00e9sactiver ACR pour emp\u00eacher votre t\u00e9l\u00e9viseur de suivre ce que vous regardez"},{"@type":"BreadcrumbList","@id":"https:\/\/vieassociative.be\/actualites\/comment-desactiver-acr-pour-empecher-votre-televiseur-de-suivre-ce-que-vous-regardez\/#breadcrumb","itemListElement":[{"@type":"ListItem","position":1,"name":"Accueil","item":"https:\/\/vieassociative.be\/actualites\/"},{"@type":"ListItem","position":2,"name":"Comment d\u00e9sactiver ACR pour emp\u00eacher votre t\u00e9l\u00e9viseur de suivre ce que vous regardez"}]},{"@type":"WebSite","@id":"https:\/\/vieassociative.be\/actualites\/#website","url":"https:\/\/vieassociative.be\/actualites\/","name":"Vie Associative","description":"","publisher":{"@id":"https:\/\/vieassociative.be\/actualites\/#organization"},"potentialAction":[{"@type":"SearchAction","target":{"@type":"EntryPoint","urlTemplate":"https:\/\/vieassociative.be\/actualites\/?s={search_term_string}"},"query-input":{"@type":"PropertyValueSpecification","valueRequired":true,"valueName":"search_term_string"}}],"inLanguage":"fr-BE"},{"@type":"Organization","@id":"https:\/\/vieassociative.be\/actualites\/#organization","name":"Vie Associative","url":"https:\/\/vieassociative.be\/actualites\/","logo":{"@type":"ImageObject","inLanguage":"fr-BE","@id":"https:\/\/vieassociative.be\/actualites\/#\/schema\/logo\/image\/","url":"https:\/\/vieassociative.be\/actualites\/wp-content\/uploads\/2024\/09\/cropped-vieassociative_favicon.ico.png","contentUrl":"https:\/\/vieassociative.be\/actualites\/wp-content\/uploads\/2024\/09\/cropped-vieassociative_favicon.ico.png","width":512,"height":512,"caption":"Vie Associative"},"image":{"@id":"https:\/\/vieassociative.be\/actualites\/#\/schema\/logo\/image\/"}},{"@type":"Person","@id":"https:\/\/vieassociative.be\/actualites\/#\/schema\/person\/b87ac4f82f9d4e7b7cec7395b679edc4","name":"Julien","image":{"@type":"ImageObject","inLanguage":"fr-BE","@id":"https:\/\/vieassociative.be\/actualites\/#\/schema\/person\/image\/","url":"https:\/\/vieassociative.be\/actualites\/wp-content\/uploads\/2024\/09\/vie-associative-1-150x150.jpg","contentUrl":"https:\/\/vieassociative.be\/actualites\/wp-content\/uploads\/2024\/09\/vie-associative-1-150x150.jpg","caption":"Julien"},"description":"Je suis Julien, r\u00e9dacteur pour Vie Associative. Passionn\u00e9 par le monde associatif depuis plus de 10 ans, j'ai \u00e0 c\u0153ur de partager des histoires inspirantes et de mettre en lumi\u00e8re les initiatives locales. Mon objectif est de sensibiliser et d'encourager l'engagement communautaire \u00e0 travers mes articles.","sameAs":["https:\/\/vieassociative.be\/"]}]}},"_links":{"self":[{"href":"https:\/\/vieassociative.be\/actualites\/wp-json\/wp\/v2\/posts\/6445"}],"collection":[{"href":"https:\/\/vieassociative.be\/actualites\/wp-json\/wp\/v2\/posts"}],"about":[{"href":"https:\/\/vieassociative.be\/actualites\/wp-json\/wp\/v2\/types\/post"}],"author":[{"embeddable":true,"href":"https:\/\/vieassociative.be\/actualites\/wp-json\/wp\/v2\/users\/1"}],"replies":[{"embeddable":true,"href":"https:\/\/vieassociative.be\/actualites\/wp-json\/wp\/v2\/comments?post=6445"}],"version-history":[{"count":0,"href":"https:\/\/vieassociative.be\/actualites\/wp-json\/wp\/v2\/posts\/6445\/revisions"}],"wp:featuredmedia":[{"embeddable":true,"href":"https:\/\/vieassociative.be\/actualites\/wp-json\/wp\/v2\/media\/6446"}],"wp:attachment":[{"href":"https:\/\/vieassociative.be\/actualites\/wp-json\/wp\/v2\/media?parent=6445"}],"wp:term":[{"taxonomy":"category","embeddable":true,"href":"https:\/\/vieassociative.be\/actualites\/wp-json\/wp\/v2\/categories?post=6445"},{"taxonomy":"post_tag","embeddable":true,"href":"https:\/\/vieassociative.be\/actualites\/wp-json\/wp\/v2\/tags?post=6445"}],"curies":[{"name":"wp","href":"https:\/\/api.w.org\/{rel}","templated":true}]}}