{"id":6431,"date":"2025-04-04T22:17:01","date_gmt":"2025-04-04T20:17:01","guid":{"rendered":"https:\/\/vieassociative.be\/actualites\/comme-eupen-perd-0-3-chez-sk-beveren-et-na-rien-a-attendre-de-cette-saison\/"},"modified":"2025-04-04T22:17:01","modified_gmt":"2025-04-04T20:17:01","slug":"comme-eupen-perd-0-3-chez-sk-beveren-et-na-rien-a-attendre-de-cette-saison","status":"publish","type":"post","link":"https:\/\/vieassociative.be\/actualites\/comme-eupen-perd-0-3-chez-sk-beveren-et-na-rien-a-attendre-de-cette-saison\/","title":{"rendered":"Comme Eupen perd 0: 3 chez SK Beveren et n&rsquo;a rien \u00e0 attendre de cette saison"},"content":{"rendered":"<p><strong>Apr\u00e8s deux victoires cons\u00e9cutives, l&rsquo;As Eupen est revenu au bas des faits: le noir et blanc ont perdu 0: 3 vendredi \u00e0 SK Beveren. Cela a \u00e9galement donn\u00e9 le dernier petit espoir de participer au tour de promotion, que personne ne croyait s\u00e9rieusement de toute fa\u00e7on. La seule consolation: comme la licence pour une autre saison dans la Challenger Pro League, qui n&rsquo;est pas encore le cas pour certains autres clubs professionnels.<\/strong><\/p>\n<p><span id=\"more-412873\"><\/span>L&rsquo;Eupen commen\u00e7ant par onze s&rsquo;est pr\u00e9sent\u00e9 comme suit: Roufosse-Van Genecht, Kennedy, Paeshuyse, Alloh-Gorenc, Plastun, Pantovic, D\u00e9om-Charles-Cook, Wedingo.<\/p>\n<p>L&rsquo;ancien Eupener Christian Br\u00fcls se tenait dans le onze de d\u00e9part avec les h\u00f4tes.<\/p>\n<p>La premi\u00e8re chance a \u00e9t\u00e9 pour Eupen Paeshnuysy, mais le ballon a atterri sur le toit du but de Beveren.<\/p>\n<div id=\"attachment_406073\" class=\"wp-caption alignleft\" style=\"max-width: 300px\"><img fetchpriority=\"high\" decoding=\"async\" class=\"wp-image-406073 size-medium\" src=\"https:\/\/vieassociative.be\/actualites\/wp-content\/uploads\/2025\/04\/Comme-Eupen-perd-0-3-chez-SK-Beveren-et-na.jpg\" alt=\"\" width=\"300\" height=\"200\"><\/p>\n<p class=\"wp-caption-text\">01\/12\/2025, Belgique, Beveren: Football Professional Christian Br\u00fcls de SK Beveren. Photo: Belga<\/p>\n<\/div>\n<p>\u00c0 la 14e minute, il a br\u00fbl\u00e9 deux fois dans la surface de p\u00e9nalit\u00e9 des h\u00f4tes apr\u00e8s un coup franc et un coup de pied d&rsquo;angle du D\u00e9om, mais le but n&rsquo;est pas tomb\u00e9 l\u00e0, mais peu de temps apr\u00e8s le c\u00f4t\u00e9 oppos\u00e9 \u00e0 Mertens, qui a marqu\u00e9 1-0 apr\u00e8s un flanc de janvier.<\/p>\n<p>\u00c0 la 27e minute, le D\u00e9om a rat\u00e9 de peu le but dans un coup franc, ainsi que Van Genecht lors d&rsquo;une autre campagne peu de temps apr\u00e8s.<\/p>\n<p>Jusqu&rsquo;\u00e0 demi-temps, il est rest\u00e9 que Beveren n&rsquo;avait qu&rsquo;une chance de marquer au premier tour, mais a utilis\u00e9 la glace -cold pour mener 1-0. Eupen n&rsquo;a pas r\u00e9duit une mauvaise figure en premi\u00e8re mi-temps, mais sans d\u00e9velopper des chances claires.<\/p>\n<p>Apr\u00e8s le red\u00e9marrage, Beveren a pris le livret et a cherch\u00e9 la d\u00e9cision pr\u00e9liminaire. Les invit\u00e9s ont \u00e9t\u00e9 principalement pouss\u00e9s dans leur propre moiti\u00e9 et \u00e0 la 55e minute, a recueilli un deuxi\u00e8me but \u00e0 travers un Limbomb\u00e9 \u00e0 travers un tir sur Roufosse, qui \u00e9tait probablement destin\u00e9 \u00e0 une croix, 2-0.<\/p>\n<div id=\"attachment_334114\" class=\"wp-caption alignleft\" style=\"max-width: 300px\"><img decoding=\"async\" class=\"wp-image-334114 size-medium\" src=\"https:\/\/vieassociative.be\/actualites\/wp-content\/uploads\/2024\/10\/Defaite-a-domicile-contre-le-bas-de-tableau-lAS-Eupen.jpeg\" alt=\"\" width=\"300\" height=\"200\"  ><\/p>\n<p class=\"wp-caption-text\">L&rsquo;attaquant d&rsquo;Eupen, Regan Charles-Cook, a essay\u00e9, mais n&rsquo;avait aucune chance r\u00e9elle de marquer. Photo: Belga<\/p>\n<\/div>\n<p>\u00c0 la 57e minute, Beveren aurait marqu\u00e9 pr\u00e8s d&rsquo;un troisi\u00e8me but m\u00eame apr\u00e8s une combinaison remarquable, mais Pantovic a pr\u00e9cis\u00e9 la ligne pour le gardien de but battu Roufosse. \u00c0 la 62e minute, Plastun avait le but sur sa t\u00eate, mais le ballon a d\u00e9pass\u00e9 le but de Reus.<\/p>\n<p>Apr\u00e8s une heure de jeu, l&rsquo;air \u00e9tait sorti du match s&rsquo;il y avait de l&rsquo;air dedans. \u00c0 Beveren, Br\u00fcls a \u00e9t\u00e9 remplac\u00e9 un quart d&rsquo;heure avant la fin. L&rsquo;Ameler n&rsquo;avait pas livr\u00e9 son meilleur match, mais son \u00e9quipe a men\u00e9 2-0. Et cela ne devrait pas rester ainsi, car \u00e0 la 80e minute, il est \u00e9galement tomb\u00e9 3: 0.<\/p>\n<p>Alors que le gardien de but Roufosse jouait le ballon dans les jambes d&rsquo;un adversaire et que Gorenc lors de la sortie ne pouvait qu&#8217;emp\u00eacher le pire avec une faute dans sa propre zone de p\u00e9nalit\u00e9. L&rsquo;arbitre n&rsquo;avait pas d&rsquo;autre choix que de pointer du point de p\u00e9nalit\u00e9. Servais a converti la p\u00e9nalit\u00e9, 3: 0.<\/p>\n<p>Les yeux des fans AS sont maintenant concentr\u00e9s sur l&rsquo;\u00e9quipe U23, qui dimanche \u00e0 15 h. Comme le bas du tableau des dirigeants amateurs de D2 traversant la travers\u00e9e de Schaerbeek et doit \u00eatre obtenu afin d&rsquo;avoir encore des possibilit\u00e9s de rel\u00e9gation. (Cre)<\/p>\n","protected":false},"excerpt":{"rendered":"<p>Apr\u00e8s deux victoires cons\u00e9cutives, l&rsquo;As Eupen est revenu au bas des faits: le noir et blanc ont perdu 0: 3 vendredi \u00e0 SK Beveren. Cela<\/p>\n","protected":false},"author":1,"featured_media":6432,"comment_status":"","ping_status":"","sticky":false,"template":"","format":"standard","meta":{"footnotes":""},"categories":[298],"tags":[6180,3611,206,1287,1254,2329,3021,892,690],"class_list":["post-6431","post","type-post","status-publish","format-standard","has-post-thumbnail","hentry","category-belgique","tag-attendre","tag-beveren","tag-cette","tag-chez","tag-comme","tag-eupen","tag-perd","tag-rien","tag-saison","generate-columns","tablet-grid-50","mobile-grid-100","grid-parent","grid-33"],"yoast_head":"<!-- This site is optimized with the Yoast SEO plugin v24.0 - https:\/\/yoast.com\/wordpress\/plugins\/seo\/ -->\n<title>Comme Eupen perd 0: 3 chez SK Beveren et n&#039;a rien \u00e0 attendre de cette saison | Vie Associative<\/title>\n<meta name=\"robots\" content=\"index, follow, max-snippet:-1, max-image-preview:large, max-video-preview:-1\" \/>\n<link rel=\"canonical\" href=\"https:\/\/vieassociative.be\/actualites\/comme-eupen-perd-0-3-chez-sk-beveren-et-na-rien-a-attendre-de-cette-saison\/\" \/>\n<meta property=\"og:locale\" content=\"fr_FR\" \/>\n<meta property=\"og:type\" content=\"article\" \/>\n<meta property=\"og:title\" content=\"Comme Eupen perd 0: 3 chez SK Beveren et n&#039;a rien \u00e0 attendre de cette saison | Vie Associative\" \/>\n<meta property=\"og:description\" content=\"Apr\u00e8s deux victoires cons\u00e9cutives, l&rsquo;As Eupen est revenu au bas des faits: le noir et blanc ont perdu 0: 3 vendredi \u00e0 SK Beveren. Cela\" \/>\n<meta property=\"og:url\" content=\"https:\/\/vieassociative.be\/actualites\/comme-eupen-perd-0-3-chez-sk-beveren-et-na-rien-a-attendre-de-cette-saison\/\" \/>\n<meta property=\"og:site_name\" content=\"Vie Associative\" \/>\n<meta property=\"article:published_time\" content=\"2025-04-04T20:17:01+00:00\" \/>\n<meta property=\"og:image\" content=\"https:\/\/vieassociative.be\/actualites\/wp-content\/uploads\/2024\/09\/header_backgroundk-01-e1726694325946.png\" \/>\n\t<meta property=\"og:image:width\" content=\"279\" \/>\n\t<meta property=\"og:image:height\" content=\"92\" \/>\n\t<meta property=\"og:image:type\" content=\"image\/png\" \/>\n<meta name=\"author\" content=\"Julien\" \/>\n<meta name=\"twitter:card\" content=\"summary_large_image\" \/>\n<meta name=\"twitter:label1\" content=\"\u00c9crit par\" \/>\n\t<meta name=\"twitter:data1\" content=\"Julien\" \/>\n\t<meta name=\"twitter:label2\" content=\"Dur\u00e9e de lecture est.\" \/>\n\t<meta name=\"twitter:data2\" content=\"3 minutes\" \/>\n<script type=\"application\/ld+json\" class=\"yoast-schema-graph\">{\"@context\":\"https:\/\/schema.org\",\"@graph\":[{\"@type\":\"Article\",\"@id\":\"https:\/\/vieassociative.be\/actualites\/comme-eupen-perd-0-3-chez-sk-beveren-et-na-rien-a-attendre-de-cette-saison\/#article\",\"isPartOf\":{\"@id\":\"https:\/\/vieassociative.be\/actualites\/comme-eupen-perd-0-3-chez-sk-beveren-et-na-rien-a-attendre-de-cette-saison\/\"},\"author\":{\"name\":\"Julien\",\"@id\":\"https:\/\/vieassociative.be\/actualites\/#\/schema\/person\/b87ac4f82f9d4e7b7cec7395b679edc4\"},\"headline\":\"Comme Eupen perd 0: 3 chez SK Beveren et n&rsquo;a rien \u00e0 attendre de cette saison\",\"datePublished\":\"2025-04-04T20:17:01+00:00\",\"dateModified\":\"2025-04-04T20:17:01+00:00\",\"mainEntityOfPage\":{\"@id\":\"https:\/\/vieassociative.be\/actualites\/comme-eupen-perd-0-3-chez-sk-beveren-et-na-rien-a-attendre-de-cette-saison\/\"},\"wordCount\":601,\"publisher\":{\"@id\":\"https:\/\/vieassociative.be\/actualites\/#organization\"},\"image\":{\"@id\":\"https:\/\/vieassociative.be\/actualites\/comme-eupen-perd-0-3-chez-sk-beveren-et-na-rien-a-attendre-de-cette-saison\/#primaryimage\"},\"thumbnailUrl\":\"https:\/\/vieassociative.be\/actualites\/wp-content\/uploads\/2025\/04\/1743797822_Comme-Eupen-perd-0-3-chez-SK-Beveren-et-na.jpg\",\"keywords\":[\"attendre\",\"Beveren\",\"cette\",\"chez\",\"comme\",\"Eupen\",\"perd\",\"rien\",\"Saison\"],\"articleSection\":[\"Belgique\"],\"inLanguage\":\"fr-BE\"},{\"@type\":\"WebPage\",\"@id\":\"https:\/\/vieassociative.be\/actualites\/comme-eupen-perd-0-3-chez-sk-beveren-et-na-rien-a-attendre-de-cette-saison\/\",\"url\":\"https:\/\/vieassociative.be\/actualites\/comme-eupen-perd-0-3-chez-sk-beveren-et-na-rien-a-attendre-de-cette-saison\/\",\"name\":\"Comme Eupen perd 0: 3 chez SK Beveren et n'a rien \u00e0 attendre de cette saison | Vie Associative\",\"isPartOf\":{\"@id\":\"https:\/\/vieassociative.be\/actualites\/#website\"},\"primaryImageOfPage\":{\"@id\":\"https:\/\/vieassociative.be\/actualites\/comme-eupen-perd-0-3-chez-sk-beveren-et-na-rien-a-attendre-de-cette-saison\/#primaryimage\"},\"image\":{\"@id\":\"https:\/\/vieassociative.be\/actualites\/comme-eupen-perd-0-3-chez-sk-beveren-et-na-rien-a-attendre-de-cette-saison\/#primaryimage\"},\"thumbnailUrl\":\"https:\/\/vieassociative.be\/actualites\/wp-content\/uploads\/2025\/04\/1743797822_Comme-Eupen-perd-0-3-chez-SK-Beveren-et-na.jpg\",\"datePublished\":\"2025-04-04T20:17:01+00:00\",\"dateModified\":\"2025-04-04T20:17:01+00:00\",\"breadcrumb\":{\"@id\":\"https:\/\/vieassociative.be\/actualites\/comme-eupen-perd-0-3-chez-sk-beveren-et-na-rien-a-attendre-de-cette-saison\/#breadcrumb\"},\"inLanguage\":\"fr-BE\",\"potentialAction\":[{\"@type\":\"ReadAction\",\"target\":[\"https:\/\/vieassociative.be\/actualites\/comme-eupen-perd-0-3-chez-sk-beveren-et-na-rien-a-attendre-de-cette-saison\/\"]}]},{\"@type\":\"ImageObject\",\"inLanguage\":\"fr-BE\",\"@id\":\"https:\/\/vieassociative.be\/actualites\/comme-eupen-perd-0-3-chez-sk-beveren-et-na-rien-a-attendre-de-cette-saison\/#primaryimage\",\"url\":\"https:\/\/vieassociative.be\/actualites\/wp-content\/uploads\/2025\/04\/1743797822_Comme-Eupen-perd-0-3-chez-SK-Beveren-et-na.jpg\",\"contentUrl\":\"https:\/\/vieassociative.be\/actualites\/wp-content\/uploads\/2025\/04\/1743797822_Comme-Eupen-perd-0-3-chez-SK-Beveren-et-na.jpg\",\"width\":1200,\"height\":800,\"caption\":\"Comme Eupen perd 0: 3 chez SK Beveren et n'a rien \u00e0 attendre de cette saison\"},{\"@type\":\"BreadcrumbList\",\"@id\":\"https:\/\/vieassociative.be\/actualites\/comme-eupen-perd-0-3-chez-sk-beveren-et-na-rien-a-attendre-de-cette-saison\/#breadcrumb\",\"itemListElement\":[{\"@type\":\"ListItem\",\"position\":1,\"name\":\"Accueil\",\"item\":\"https:\/\/vieassociative.be\/actualites\/\"},{\"@type\":\"ListItem\",\"position\":2,\"name\":\"Comme Eupen perd 0: 3 chez SK Beveren et n&rsquo;a rien \u00e0 attendre de cette saison\"}]},{\"@type\":\"WebSite\",\"@id\":\"https:\/\/vieassociative.be\/actualites\/#website\",\"url\":\"https:\/\/vieassociative.be\/actualites\/\",\"name\":\"Vie Associative\",\"description\":\"\",\"publisher\":{\"@id\":\"https:\/\/vieassociative.be\/actualites\/#organization\"},\"potentialAction\":[{\"@type\":\"SearchAction\",\"target\":{\"@type\":\"EntryPoint\",\"urlTemplate\":\"https:\/\/vieassociative.be\/actualites\/?s={search_term_string}\"},\"query-input\":{\"@type\":\"PropertyValueSpecification\",\"valueRequired\":true,\"valueName\":\"search_term_string\"}}],\"inLanguage\":\"fr-BE\"},{\"@type\":\"Organization\",\"@id\":\"https:\/\/vieassociative.be\/actualites\/#organization\",\"name\":\"Vie Associative\",\"url\":\"https:\/\/vieassociative.be\/actualites\/\",\"logo\":{\"@type\":\"ImageObject\",\"inLanguage\":\"fr-BE\",\"@id\":\"https:\/\/vieassociative.be\/actualites\/#\/schema\/logo\/image\/\",\"url\":\"https:\/\/vieassociative.be\/actualites\/wp-content\/uploads\/2024\/09\/cropped-vieassociative_favicon.ico.png\",\"contentUrl\":\"https:\/\/vieassociative.be\/actualites\/wp-content\/uploads\/2024\/09\/cropped-vieassociative_favicon.ico.png\",\"width\":512,\"height\":512,\"caption\":\"Vie Associative\"},\"image\":{\"@id\":\"https:\/\/vieassociative.be\/actualites\/#\/schema\/logo\/image\/\"}},{\"@type\":\"Person\",\"@id\":\"https:\/\/vieassociative.be\/actualites\/#\/schema\/person\/b87ac4f82f9d4e7b7cec7395b679edc4\",\"name\":\"Julien\",\"image\":{\"@type\":\"ImageObject\",\"inLanguage\":\"fr-BE\",\"@id\":\"https:\/\/vieassociative.be\/actualites\/#\/schema\/person\/image\/\",\"url\":\"https:\/\/vieassociative.be\/actualites\/wp-content\/uploads\/2024\/09\/vie-associative-1-150x150.jpg\",\"contentUrl\":\"https:\/\/vieassociative.be\/actualites\/wp-content\/uploads\/2024\/09\/vie-associative-1-150x150.jpg\",\"caption\":\"Julien\"},\"description\":\"Je suis Julien, r\u00e9dacteur pour Vie Associative. Passionn\u00e9 par le monde associatif depuis plus de 10 ans, j'ai \u00e0 c\u0153ur de partager des histoires inspirantes et de mettre en lumi\u00e8re les initiatives locales. Mon objectif est de sensibiliser et d'encourager l'engagement communautaire \u00e0 travers mes articles.\",\"sameAs\":[\"https:\/\/vieassociative.be\/\"]}]}<\/script>\n<!-- \/ Yoast SEO plugin. -->","yoast_head_json":{"title":"Comme Eupen perd 0: 3 chez SK Beveren et n'a rien \u00e0 attendre de cette saison | Vie Associative","robots":{"index":"index","follow":"follow","max-snippet":"max-snippet:-1","max-image-preview":"max-image-preview:large","max-video-preview":"max-video-preview:-1"},"canonical":"https:\/\/vieassociative.be\/actualites\/comme-eupen-perd-0-3-chez-sk-beveren-et-na-rien-a-attendre-de-cette-saison\/","og_locale":"fr_FR","og_type":"article","og_title":"Comme Eupen perd 0: 3 chez SK Beveren et n'a rien \u00e0 attendre de cette saison | Vie Associative","og_description":"Apr\u00e8s deux victoires cons\u00e9cutives, l&rsquo;As Eupen est revenu au bas des faits: le noir et blanc ont perdu 0: 3 vendredi \u00e0 SK Beveren. Cela","og_url":"https:\/\/vieassociative.be\/actualites\/comme-eupen-perd-0-3-chez-sk-beveren-et-na-rien-a-attendre-de-cette-saison\/","og_site_name":"Vie Associative","article_published_time":"2025-04-04T20:17:01+00:00","og_image":[{"width":279,"height":92,"url":"https:\/\/vieassociative.be\/actualites\/wp-content\/uploads\/2024\/09\/header_backgroundk-01-e1726694325946.png","type":"image\/png"}],"author":"Julien","twitter_card":"summary_large_image","twitter_misc":{"\u00c9crit par":"Julien","Dur\u00e9e de lecture est.":"3 minutes"},"schema":{"@context":"https:\/\/schema.org","@graph":[{"@type":"Article","@id":"https:\/\/vieassociative.be\/actualites\/comme-eupen-perd-0-3-chez-sk-beveren-et-na-rien-a-attendre-de-cette-saison\/#article","isPartOf":{"@id":"https:\/\/vieassociative.be\/actualites\/comme-eupen-perd-0-3-chez-sk-beveren-et-na-rien-a-attendre-de-cette-saison\/"},"author":{"name":"Julien","@id":"https:\/\/vieassociative.be\/actualites\/#\/schema\/person\/b87ac4f82f9d4e7b7cec7395b679edc4"},"headline":"Comme Eupen perd 0: 3 chez SK Beveren et n&rsquo;a rien \u00e0 attendre de cette saison","datePublished":"2025-04-04T20:17:01+00:00","dateModified":"2025-04-04T20:17:01+00:00","mainEntityOfPage":{"@id":"https:\/\/vieassociative.be\/actualites\/comme-eupen-perd-0-3-chez-sk-beveren-et-na-rien-a-attendre-de-cette-saison\/"},"wordCount":601,"publisher":{"@id":"https:\/\/vieassociative.be\/actualites\/#organization"},"image":{"@id":"https:\/\/vieassociative.be\/actualites\/comme-eupen-perd-0-3-chez-sk-beveren-et-na-rien-a-attendre-de-cette-saison\/#primaryimage"},"thumbnailUrl":"https:\/\/vieassociative.be\/actualites\/wp-content\/uploads\/2025\/04\/1743797822_Comme-Eupen-perd-0-3-chez-SK-Beveren-et-na.jpg","keywords":["attendre","Beveren","cette","chez","comme","Eupen","perd","rien","Saison"],"articleSection":["Belgique"],"inLanguage":"fr-BE"},{"@type":"WebPage","@id":"https:\/\/vieassociative.be\/actualites\/comme-eupen-perd-0-3-chez-sk-beveren-et-na-rien-a-attendre-de-cette-saison\/","url":"https:\/\/vieassociative.be\/actualites\/comme-eupen-perd-0-3-chez-sk-beveren-et-na-rien-a-attendre-de-cette-saison\/","name":"Comme Eupen perd 0: 3 chez SK Beveren et n'a rien \u00e0 attendre de cette saison | Vie Associative","isPartOf":{"@id":"https:\/\/vieassociative.be\/actualites\/#website"},"primaryImageOfPage":{"@id":"https:\/\/vieassociative.be\/actualites\/comme-eupen-perd-0-3-chez-sk-beveren-et-na-rien-a-attendre-de-cette-saison\/#primaryimage"},"image":{"@id":"https:\/\/vieassociative.be\/actualites\/comme-eupen-perd-0-3-chez-sk-beveren-et-na-rien-a-attendre-de-cette-saison\/#primaryimage"},"thumbnailUrl":"https:\/\/vieassociative.be\/actualites\/wp-content\/uploads\/2025\/04\/1743797822_Comme-Eupen-perd-0-3-chez-SK-Beveren-et-na.jpg","datePublished":"2025-04-04T20:17:01+00:00","dateModified":"2025-04-04T20:17:01+00:00","breadcrumb":{"@id":"https:\/\/vieassociative.be\/actualites\/comme-eupen-perd-0-3-chez-sk-beveren-et-na-rien-a-attendre-de-cette-saison\/#breadcrumb"},"inLanguage":"fr-BE","potentialAction":[{"@type":"ReadAction","target":["https:\/\/vieassociative.be\/actualites\/comme-eupen-perd-0-3-chez-sk-beveren-et-na-rien-a-attendre-de-cette-saison\/"]}]},{"@type":"ImageObject","inLanguage":"fr-BE","@id":"https:\/\/vieassociative.be\/actualites\/comme-eupen-perd-0-3-chez-sk-beveren-et-na-rien-a-attendre-de-cette-saison\/#primaryimage","url":"https:\/\/vieassociative.be\/actualites\/wp-content\/uploads\/2025\/04\/1743797822_Comme-Eupen-perd-0-3-chez-SK-Beveren-et-na.jpg","contentUrl":"https:\/\/vieassociative.be\/actualites\/wp-content\/uploads\/2025\/04\/1743797822_Comme-Eupen-perd-0-3-chez-SK-Beveren-et-na.jpg","width":1200,"height":800,"caption":"Comme Eupen perd 0: 3 chez SK Beveren et n'a rien \u00e0 attendre de cette saison"},{"@type":"BreadcrumbList","@id":"https:\/\/vieassociative.be\/actualites\/comme-eupen-perd-0-3-chez-sk-beveren-et-na-rien-a-attendre-de-cette-saison\/#breadcrumb","itemListElement":[{"@type":"ListItem","position":1,"name":"Accueil","item":"https:\/\/vieassociative.be\/actualites\/"},{"@type":"ListItem","position":2,"name":"Comme Eupen perd 0: 3 chez SK Beveren et n&rsquo;a rien \u00e0 attendre de cette saison"}]},{"@type":"WebSite","@id":"https:\/\/vieassociative.be\/actualites\/#website","url":"https:\/\/vieassociative.be\/actualites\/","name":"Vie Associative","description":"","publisher":{"@id":"https:\/\/vieassociative.be\/actualites\/#organization"},"potentialAction":[{"@type":"SearchAction","target":{"@type":"EntryPoint","urlTemplate":"https:\/\/vieassociative.be\/actualites\/?s={search_term_string}"},"query-input":{"@type":"PropertyValueSpecification","valueRequired":true,"valueName":"search_term_string"}}],"inLanguage":"fr-BE"},{"@type":"Organization","@id":"https:\/\/vieassociative.be\/actualites\/#organization","name":"Vie Associative","url":"https:\/\/vieassociative.be\/actualites\/","logo":{"@type":"ImageObject","inLanguage":"fr-BE","@id":"https:\/\/vieassociative.be\/actualites\/#\/schema\/logo\/image\/","url":"https:\/\/vieassociative.be\/actualites\/wp-content\/uploads\/2024\/09\/cropped-vieassociative_favicon.ico.png","contentUrl":"https:\/\/vieassociative.be\/actualites\/wp-content\/uploads\/2024\/09\/cropped-vieassociative_favicon.ico.png","width":512,"height":512,"caption":"Vie Associative"},"image":{"@id":"https:\/\/vieassociative.be\/actualites\/#\/schema\/logo\/image\/"}},{"@type":"Person","@id":"https:\/\/vieassociative.be\/actualites\/#\/schema\/person\/b87ac4f82f9d4e7b7cec7395b679edc4","name":"Julien","image":{"@type":"ImageObject","inLanguage":"fr-BE","@id":"https:\/\/vieassociative.be\/actualites\/#\/schema\/person\/image\/","url":"https:\/\/vieassociative.be\/actualites\/wp-content\/uploads\/2024\/09\/vie-associative-1-150x150.jpg","contentUrl":"https:\/\/vieassociative.be\/actualites\/wp-content\/uploads\/2024\/09\/vie-associative-1-150x150.jpg","caption":"Julien"},"description":"Je suis Julien, r\u00e9dacteur pour Vie Associative. Passionn\u00e9 par le monde associatif depuis plus de 10 ans, j'ai \u00e0 c\u0153ur de partager des histoires inspirantes et de mettre en lumi\u00e8re les initiatives locales. Mon objectif est de sensibiliser et d'encourager l'engagement communautaire \u00e0 travers mes articles.","sameAs":["https:\/\/vieassociative.be\/"]}]}},"_links":{"self":[{"href":"https:\/\/vieassociative.be\/actualites\/wp-json\/wp\/v2\/posts\/6431"}],"collection":[{"href":"https:\/\/vieassociative.be\/actualites\/wp-json\/wp\/v2\/posts"}],"about":[{"href":"https:\/\/vieassociative.be\/actualites\/wp-json\/wp\/v2\/types\/post"}],"author":[{"embeddable":true,"href":"https:\/\/vieassociative.be\/actualites\/wp-json\/wp\/v2\/users\/1"}],"replies":[{"embeddable":true,"href":"https:\/\/vieassociative.be\/actualites\/wp-json\/wp\/v2\/comments?post=6431"}],"version-history":[{"count":0,"href":"https:\/\/vieassociative.be\/actualites\/wp-json\/wp\/v2\/posts\/6431\/revisions"}],"wp:featuredmedia":[{"embeddable":true,"href":"https:\/\/vieassociative.be\/actualites\/wp-json\/wp\/v2\/media\/6432"}],"wp:attachment":[{"href":"https:\/\/vieassociative.be\/actualites\/wp-json\/wp\/v2\/media?parent=6431"}],"wp:term":[{"taxonomy":"category","embeddable":true,"href":"https:\/\/vieassociative.be\/actualites\/wp-json\/wp\/v2\/categories?post=6431"},{"taxonomy":"post_tag","embeddable":true,"href":"https:\/\/vieassociative.be\/actualites\/wp-json\/wp\/v2\/tags?post=6431"}],"curies":[{"name":"wp","href":"https:\/\/api.w.org\/{rel}","templated":true}]}}