{"id":6422,"date":"2025-04-04T16:17:14","date_gmt":"2025-04-04T14:17:14","guid":{"rendered":"https:\/\/vieassociative.be\/actualites\/kevin-de-bruyne-annonce-au-revoir-a-man-city\/"},"modified":"2025-04-04T16:17:14","modified_gmt":"2025-04-04T14:17:14","slug":"kevin-de-bruyne-annonce-au-revoir-a-man-city","status":"publish","type":"post","link":"https:\/\/vieassociative.be\/actualites\/kevin-de-bruyne-annonce-au-revoir-a-man-city\/","title":{"rendered":"Kevin de Bruyne annonce au revoir \u00e0 Man City"},"content":{"rendered":"<p><strong>Kevin de Bruyne a annonc\u00e9 vendredi qu&rsquo;il quitterait Manchester City \u00e0 la fin de la saison. Ce n&rsquo;est pas une grande surprise. Le contrat de l&rsquo;international belge de 33 ans expire fin juin.<\/strong><\/p>\n<p><span id=\"more-412844\"><\/span>\u00ab\u00a0Ce sont mes derniers mois en tant que joueur de Manchester City\u00a0\u00bb, a d\u00e9clar\u00e9 De Bruyne. \u00ab\u00a0Ce n&rsquo;est pas facile d&rsquo;\u00e9crire ceci, mais en tant que footballeur, vous savez que ce jour viendra un jour. Et ce jour est aujourd&rsquo;hui. Et vous m\u00e9ritez d&rsquo;\u00eatre le premier \u00e0 entendre de moi.\u00a0\u00bb<\/p>\n<p>La lettre d\u00e9clare \u00e9galement: \u00ab\u00a0Le football m&rsquo;a amen\u00e9 dans cette ville. J&rsquo;ai suivi mes r\u00eaves sans ancrer que cette fois changerait ma vie. Cette ville. Ce club. Ces gens &#8230; m&rsquo;ont donn\u00e9 tout le reste que de tout donner. Et nous avons conseill\u00e9: nous avons tout gagn\u00e9.\u00a0\u00bb<\/p>\n<div id=\"attachment_317625\" class=\"wp-caption alignleft\" style=\"max-width: 300px\"><img fetchpriority=\"high\" decoding=\"async\" class=\"wp-image-317625 size-medium\" src=\"https:\/\/vieassociative.be\/actualites\/wp-content\/uploads\/2025\/04\/Kevin-de-Bruyne-annonce-au-revoir-a-Man-City.jpeg\" alt=\"\" width=\"300\" height=\"230\"><\/p>\n<p class=\"wp-caption-text\">20\/04\/2022, Grande-Bretagne, Manchester: Kevin de Bruyne (L) de Manchester City est remplac\u00e9 et parle \u00e0 l&rsquo;entra\u00eeneur Pep Guardiola. Photo: Martin Rickett \/ PA Wire \/ DPA<\/p>\n<\/div>\n<p>Une chanson de louange suit le club et la ville de Manchester City: H \u00abEt que nous le voulions ou non, il est temps de dire au revoir. Suri, Rome, Mason, Mich\u00e8le et moi sommes infiniment reconnaissants pour ce que cet endroit signifie pour notre famille. Manchester sera dans nos c\u0153urs pour toujours. Les camarades d&rsquo;\u00e9quipe, les amis et notre famille ne remercient pas cette aventure de 10 ans.<\/p>\n<p>Avec Manchester City, De Bruyne a remport\u00e9 le titre en Premier League six fois, cinq fois la Coupe de la Ligue, deux fois le bouclier communautaire et deux fois la FA Cup. Il pourrait y en avoir un de plus cette saison, car City est toujours en demi-finale de la Coupe anglaise. Le point culminant de l&rsquo;\u00e9poque de Bruyne pr\u00e8s de la ville a \u00e9t\u00e9 la victoire finale de la Ligue des champions 2023, m\u00eame s&rsquo;il y avait un revers pour lui personnellement en raison d&rsquo;une blessure en premi\u00e8re mi-temps.<\/p>\n<p>De Bruyne a \u00e9galement collect\u00e9 des troph\u00e9es de la ville en tant que solo. En Premier League, il a \u00e9t\u00e9 \u00e9lu deux fois en tant que joueur de l&rsquo;ann\u00e9e, cinq fois qu&rsquo;il faisait partie de l&rsquo;\u00e9quipe de l&rsquo;ann\u00e9e.<\/p>\n<p>L&rsquo;adieu \u00e0 Man City ne signifie pas la fin de la carri\u00e8re. De Bruyne veut toujours les Red Devils lors de la Coupe du monde 2026 aux \u00c9tats-Unis. Participez le Canada et le Mexique. Il choisira probablement un objectif plus exotique pour lui-m\u00eame et son avenir que la Premier League. L&rsquo;Arabie saoudite ou les \u00c9tats-Unis ont \u00e9t\u00e9 mentionn\u00e9es r\u00e9guli\u00e8rement ces derni\u00e8res ann\u00e9es. (Cre)<\/p>\n","protected":false},"excerpt":{"rendered":"<p>Kevin de Bruyne a annonc\u00e9 vendredi qu&rsquo;il quitterait Manchester City \u00e0 la fin de la saison. Ce n&rsquo;est pas une grande surprise. Le contrat de<\/p>\n","protected":false},"author":1,"featured_media":6423,"comment_status":"","ping_status":"","sticky":false,"template":"","format":"standard","meta":{"footnotes":""},"categories":[298],"tags":[1987,6172,745,6171,6173,3167],"class_list":["post-6422","post","type-post","status-publish","format-standard","has-post-thumbnail","hentry","category-belgique","tag-annonce","tag-bruyne","tag-city","tag-kevin","tag-man","tag-revoir","generate-columns","tablet-grid-50","mobile-grid-100","grid-parent","grid-33"],"yoast_head":"<!-- This site is optimized with the Yoast SEO plugin v24.0 - https:\/\/yoast.com\/wordpress\/plugins\/seo\/ -->\n<title>Kevin de Bruyne annonce au revoir \u00e0 Man City | Vie Associative<\/title>\n<meta name=\"robots\" content=\"index, follow, max-snippet:-1, max-image-preview:large, max-video-preview:-1\" \/>\n<link rel=\"canonical\" href=\"https:\/\/vieassociative.be\/actualites\/kevin-de-bruyne-annonce-au-revoir-a-man-city\/\" \/>\n<meta property=\"og:locale\" content=\"fr_FR\" \/>\n<meta property=\"og:type\" content=\"article\" \/>\n<meta property=\"og:title\" content=\"Kevin de Bruyne annonce au revoir \u00e0 Man City | Vie Associative\" \/>\n<meta property=\"og:description\" content=\"Kevin de Bruyne a annonc\u00e9 vendredi qu&rsquo;il quitterait Manchester City \u00e0 la fin de la saison. Ce n&rsquo;est pas une grande surprise. Le contrat de\" \/>\n<meta property=\"og:url\" content=\"https:\/\/vieassociative.be\/actualites\/kevin-de-bruyne-annonce-au-revoir-a-man-city\/\" \/>\n<meta property=\"og:site_name\" content=\"Vie Associative\" \/>\n<meta property=\"article:published_time\" content=\"2025-04-04T14:17:14+00:00\" \/>\n<meta property=\"og:image\" content=\"https:\/\/vieassociative.be\/actualites\/wp-content\/uploads\/2024\/09\/header_backgroundk-01-e1726694325946.png\" \/>\n\t<meta property=\"og:image:width\" content=\"279\" \/>\n\t<meta property=\"og:image:height\" content=\"92\" \/>\n\t<meta property=\"og:image:type\" content=\"image\/png\" \/>\n<meta name=\"author\" content=\"Julien\" \/>\n<meta name=\"twitter:card\" content=\"summary_large_image\" \/>\n<meta name=\"twitter:label1\" content=\"\u00c9crit par\" \/>\n\t<meta name=\"twitter:data1\" content=\"Julien\" \/>\n\t<meta name=\"twitter:label2\" content=\"Dur\u00e9e de lecture est.\" \/>\n\t<meta name=\"twitter:data2\" content=\"2 minutes\" \/>\n<script type=\"application\/ld+json\" class=\"yoast-schema-graph\">{\"@context\":\"https:\/\/schema.org\",\"@graph\":[{\"@type\":\"Article\",\"@id\":\"https:\/\/vieassociative.be\/actualites\/kevin-de-bruyne-annonce-au-revoir-a-man-city\/#article\",\"isPartOf\":{\"@id\":\"https:\/\/vieassociative.be\/actualites\/kevin-de-bruyne-annonce-au-revoir-a-man-city\/\"},\"author\":{\"name\":\"Julien\",\"@id\":\"https:\/\/vieassociative.be\/actualites\/#\/schema\/person\/b87ac4f82f9d4e7b7cec7395b679edc4\"},\"headline\":\"Kevin de Bruyne annonce au revoir \u00e0 Man City\",\"datePublished\":\"2025-04-04T14:17:14+00:00\",\"dateModified\":\"2025-04-04T14:17:14+00:00\",\"mainEntityOfPage\":{\"@id\":\"https:\/\/vieassociative.be\/actualites\/kevin-de-bruyne-annonce-au-revoir-a-man-city\/\"},\"wordCount\":453,\"publisher\":{\"@id\":\"https:\/\/vieassociative.be\/actualites\/#organization\"},\"image\":{\"@id\":\"https:\/\/vieassociative.be\/actualites\/kevin-de-bruyne-annonce-au-revoir-a-man-city\/#primaryimage\"},\"thumbnailUrl\":\"https:\/\/vieassociative.be\/actualites\/wp-content\/uploads\/2025\/04\/1743776234_Kevin-de-Bruyne-annonce-au-revoir-a-Man-City.jpeg\",\"keywords\":[\"annonce\",\"Bruyne\",\"City\",\"Kevin\",\"Man\",\"revoir\"],\"articleSection\":[\"Belgique\"],\"inLanguage\":\"fr-BE\"},{\"@type\":\"WebPage\",\"@id\":\"https:\/\/vieassociative.be\/actualites\/kevin-de-bruyne-annonce-au-revoir-a-man-city\/\",\"url\":\"https:\/\/vieassociative.be\/actualites\/kevin-de-bruyne-annonce-au-revoir-a-man-city\/\",\"name\":\"Kevin de Bruyne annonce au revoir \u00e0 Man City | Vie Associative\",\"isPartOf\":{\"@id\":\"https:\/\/vieassociative.be\/actualites\/#website\"},\"primaryImageOfPage\":{\"@id\":\"https:\/\/vieassociative.be\/actualites\/kevin-de-bruyne-annonce-au-revoir-a-man-city\/#primaryimage\"},\"image\":{\"@id\":\"https:\/\/vieassociative.be\/actualites\/kevin-de-bruyne-annonce-au-revoir-a-man-city\/#primaryimage\"},\"thumbnailUrl\":\"https:\/\/vieassociative.be\/actualites\/wp-content\/uploads\/2025\/04\/1743776234_Kevin-de-Bruyne-annonce-au-revoir-a-Man-City.jpeg\",\"datePublished\":\"2025-04-04T14:17:14+00:00\",\"dateModified\":\"2025-04-04T14:17:14+00:00\",\"breadcrumb\":{\"@id\":\"https:\/\/vieassociative.be\/actualites\/kevin-de-bruyne-annonce-au-revoir-a-man-city\/#breadcrumb\"},\"inLanguage\":\"fr-BE\",\"potentialAction\":[{\"@type\":\"ReadAction\",\"target\":[\"https:\/\/vieassociative.be\/actualites\/kevin-de-bruyne-annonce-au-revoir-a-man-city\/\"]}]},{\"@type\":\"ImageObject\",\"inLanguage\":\"fr-BE\",\"@id\":\"https:\/\/vieassociative.be\/actualites\/kevin-de-bruyne-annonce-au-revoir-a-man-city\/#primaryimage\",\"url\":\"https:\/\/vieassociative.be\/actualites\/wp-content\/uploads\/2025\/04\/1743776234_Kevin-de-Bruyne-annonce-au-revoir-a-Man-City.jpeg\",\"contentUrl\":\"https:\/\/vieassociative.be\/actualites\/wp-content\/uploads\/2025\/04\/1743776234_Kevin-de-Bruyne-annonce-au-revoir-a-Man-City.jpeg\",\"width\":1200,\"height\":800,\"caption\":\"Kevin de Bruyne annonce au revoir \u00e0 Man City\"},{\"@type\":\"BreadcrumbList\",\"@id\":\"https:\/\/vieassociative.be\/actualites\/kevin-de-bruyne-annonce-au-revoir-a-man-city\/#breadcrumb\",\"itemListElement\":[{\"@type\":\"ListItem\",\"position\":1,\"name\":\"Accueil\",\"item\":\"https:\/\/vieassociative.be\/actualites\/\"},{\"@type\":\"ListItem\",\"position\":2,\"name\":\"Kevin de Bruyne annonce au revoir \u00e0 Man City\"}]},{\"@type\":\"WebSite\",\"@id\":\"https:\/\/vieassociative.be\/actualites\/#website\",\"url\":\"https:\/\/vieassociative.be\/actualites\/\",\"name\":\"Vie Associative\",\"description\":\"\",\"publisher\":{\"@id\":\"https:\/\/vieassociative.be\/actualites\/#organization\"},\"potentialAction\":[{\"@type\":\"SearchAction\",\"target\":{\"@type\":\"EntryPoint\",\"urlTemplate\":\"https:\/\/vieassociative.be\/actualites\/?s={search_term_string}\"},\"query-input\":{\"@type\":\"PropertyValueSpecification\",\"valueRequired\":true,\"valueName\":\"search_term_string\"}}],\"inLanguage\":\"fr-BE\"},{\"@type\":\"Organization\",\"@id\":\"https:\/\/vieassociative.be\/actualites\/#organization\",\"name\":\"Vie Associative\",\"url\":\"https:\/\/vieassociative.be\/actualites\/\",\"logo\":{\"@type\":\"ImageObject\",\"inLanguage\":\"fr-BE\",\"@id\":\"https:\/\/vieassociative.be\/actualites\/#\/schema\/logo\/image\/\",\"url\":\"https:\/\/vieassociative.be\/actualites\/wp-content\/uploads\/2024\/09\/cropped-vieassociative_favicon.ico.png\",\"contentUrl\":\"https:\/\/vieassociative.be\/actualites\/wp-content\/uploads\/2024\/09\/cropped-vieassociative_favicon.ico.png\",\"width\":512,\"height\":512,\"caption\":\"Vie Associative\"},\"image\":{\"@id\":\"https:\/\/vieassociative.be\/actualites\/#\/schema\/logo\/image\/\"}},{\"@type\":\"Person\",\"@id\":\"https:\/\/vieassociative.be\/actualites\/#\/schema\/person\/b87ac4f82f9d4e7b7cec7395b679edc4\",\"name\":\"Julien\",\"image\":{\"@type\":\"ImageObject\",\"inLanguage\":\"fr-BE\",\"@id\":\"https:\/\/vieassociative.be\/actualites\/#\/schema\/person\/image\/\",\"url\":\"https:\/\/vieassociative.be\/actualites\/wp-content\/uploads\/2024\/09\/vie-associative-1-150x150.jpg\",\"contentUrl\":\"https:\/\/vieassociative.be\/actualites\/wp-content\/uploads\/2024\/09\/vie-associative-1-150x150.jpg\",\"caption\":\"Julien\"},\"description\":\"Je suis Julien, r\u00e9dacteur pour Vie Associative. Passionn\u00e9 par le monde associatif depuis plus de 10 ans, j'ai \u00e0 c\u0153ur de partager des histoires inspirantes et de mettre en lumi\u00e8re les initiatives locales. Mon objectif est de sensibiliser et d'encourager l'engagement communautaire \u00e0 travers mes articles.\",\"sameAs\":[\"https:\/\/vieassociative.be\/\"]}]}<\/script>\n<!-- \/ Yoast SEO plugin. -->","yoast_head_json":{"title":"Kevin de Bruyne annonce au revoir \u00e0 Man City | Vie Associative","robots":{"index":"index","follow":"follow","max-snippet":"max-snippet:-1","max-image-preview":"max-image-preview:large","max-video-preview":"max-video-preview:-1"},"canonical":"https:\/\/vieassociative.be\/actualites\/kevin-de-bruyne-annonce-au-revoir-a-man-city\/","og_locale":"fr_FR","og_type":"article","og_title":"Kevin de Bruyne annonce au revoir \u00e0 Man City | Vie Associative","og_description":"Kevin de Bruyne a annonc\u00e9 vendredi qu&rsquo;il quitterait Manchester City \u00e0 la fin de la saison. Ce n&rsquo;est pas une grande surprise. Le contrat de","og_url":"https:\/\/vieassociative.be\/actualites\/kevin-de-bruyne-annonce-au-revoir-a-man-city\/","og_site_name":"Vie Associative","article_published_time":"2025-04-04T14:17:14+00:00","og_image":[{"width":279,"height":92,"url":"https:\/\/vieassociative.be\/actualites\/wp-content\/uploads\/2024\/09\/header_backgroundk-01-e1726694325946.png","type":"image\/png"}],"author":"Julien","twitter_card":"summary_large_image","twitter_misc":{"\u00c9crit par":"Julien","Dur\u00e9e de lecture est.":"2 minutes"},"schema":{"@context":"https:\/\/schema.org","@graph":[{"@type":"Article","@id":"https:\/\/vieassociative.be\/actualites\/kevin-de-bruyne-annonce-au-revoir-a-man-city\/#article","isPartOf":{"@id":"https:\/\/vieassociative.be\/actualites\/kevin-de-bruyne-annonce-au-revoir-a-man-city\/"},"author":{"name":"Julien","@id":"https:\/\/vieassociative.be\/actualites\/#\/schema\/person\/b87ac4f82f9d4e7b7cec7395b679edc4"},"headline":"Kevin de Bruyne annonce au revoir \u00e0 Man City","datePublished":"2025-04-04T14:17:14+00:00","dateModified":"2025-04-04T14:17:14+00:00","mainEntityOfPage":{"@id":"https:\/\/vieassociative.be\/actualites\/kevin-de-bruyne-annonce-au-revoir-a-man-city\/"},"wordCount":453,"publisher":{"@id":"https:\/\/vieassociative.be\/actualites\/#organization"},"image":{"@id":"https:\/\/vieassociative.be\/actualites\/kevin-de-bruyne-annonce-au-revoir-a-man-city\/#primaryimage"},"thumbnailUrl":"https:\/\/vieassociative.be\/actualites\/wp-content\/uploads\/2025\/04\/1743776234_Kevin-de-Bruyne-annonce-au-revoir-a-Man-City.jpeg","keywords":["annonce","Bruyne","City","Kevin","Man","revoir"],"articleSection":["Belgique"],"inLanguage":"fr-BE"},{"@type":"WebPage","@id":"https:\/\/vieassociative.be\/actualites\/kevin-de-bruyne-annonce-au-revoir-a-man-city\/","url":"https:\/\/vieassociative.be\/actualites\/kevin-de-bruyne-annonce-au-revoir-a-man-city\/","name":"Kevin de Bruyne annonce au revoir \u00e0 Man City | Vie Associative","isPartOf":{"@id":"https:\/\/vieassociative.be\/actualites\/#website"},"primaryImageOfPage":{"@id":"https:\/\/vieassociative.be\/actualites\/kevin-de-bruyne-annonce-au-revoir-a-man-city\/#primaryimage"},"image":{"@id":"https:\/\/vieassociative.be\/actualites\/kevin-de-bruyne-annonce-au-revoir-a-man-city\/#primaryimage"},"thumbnailUrl":"https:\/\/vieassociative.be\/actualites\/wp-content\/uploads\/2025\/04\/1743776234_Kevin-de-Bruyne-annonce-au-revoir-a-Man-City.jpeg","datePublished":"2025-04-04T14:17:14+00:00","dateModified":"2025-04-04T14:17:14+00:00","breadcrumb":{"@id":"https:\/\/vieassociative.be\/actualites\/kevin-de-bruyne-annonce-au-revoir-a-man-city\/#breadcrumb"},"inLanguage":"fr-BE","potentialAction":[{"@type":"ReadAction","target":["https:\/\/vieassociative.be\/actualites\/kevin-de-bruyne-annonce-au-revoir-a-man-city\/"]}]},{"@type":"ImageObject","inLanguage":"fr-BE","@id":"https:\/\/vieassociative.be\/actualites\/kevin-de-bruyne-annonce-au-revoir-a-man-city\/#primaryimage","url":"https:\/\/vieassociative.be\/actualites\/wp-content\/uploads\/2025\/04\/1743776234_Kevin-de-Bruyne-annonce-au-revoir-a-Man-City.jpeg","contentUrl":"https:\/\/vieassociative.be\/actualites\/wp-content\/uploads\/2025\/04\/1743776234_Kevin-de-Bruyne-annonce-au-revoir-a-Man-City.jpeg","width":1200,"height":800,"caption":"Kevin de Bruyne annonce au revoir \u00e0 Man City"},{"@type":"BreadcrumbList","@id":"https:\/\/vieassociative.be\/actualites\/kevin-de-bruyne-annonce-au-revoir-a-man-city\/#breadcrumb","itemListElement":[{"@type":"ListItem","position":1,"name":"Accueil","item":"https:\/\/vieassociative.be\/actualites\/"},{"@type":"ListItem","position":2,"name":"Kevin de Bruyne annonce au revoir \u00e0 Man City"}]},{"@type":"WebSite","@id":"https:\/\/vieassociative.be\/actualites\/#website","url":"https:\/\/vieassociative.be\/actualites\/","name":"Vie Associative","description":"","publisher":{"@id":"https:\/\/vieassociative.be\/actualites\/#organization"},"potentialAction":[{"@type":"SearchAction","target":{"@type":"EntryPoint","urlTemplate":"https:\/\/vieassociative.be\/actualites\/?s={search_term_string}"},"query-input":{"@type":"PropertyValueSpecification","valueRequired":true,"valueName":"search_term_string"}}],"inLanguage":"fr-BE"},{"@type":"Organization","@id":"https:\/\/vieassociative.be\/actualites\/#organization","name":"Vie Associative","url":"https:\/\/vieassociative.be\/actualites\/","logo":{"@type":"ImageObject","inLanguage":"fr-BE","@id":"https:\/\/vieassociative.be\/actualites\/#\/schema\/logo\/image\/","url":"https:\/\/vieassociative.be\/actualites\/wp-content\/uploads\/2024\/09\/cropped-vieassociative_favicon.ico.png","contentUrl":"https:\/\/vieassociative.be\/actualites\/wp-content\/uploads\/2024\/09\/cropped-vieassociative_favicon.ico.png","width":512,"height":512,"caption":"Vie Associative"},"image":{"@id":"https:\/\/vieassociative.be\/actualites\/#\/schema\/logo\/image\/"}},{"@type":"Person","@id":"https:\/\/vieassociative.be\/actualites\/#\/schema\/person\/b87ac4f82f9d4e7b7cec7395b679edc4","name":"Julien","image":{"@type":"ImageObject","inLanguage":"fr-BE","@id":"https:\/\/vieassociative.be\/actualites\/#\/schema\/person\/image\/","url":"https:\/\/vieassociative.be\/actualites\/wp-content\/uploads\/2024\/09\/vie-associative-1-150x150.jpg","contentUrl":"https:\/\/vieassociative.be\/actualites\/wp-content\/uploads\/2024\/09\/vie-associative-1-150x150.jpg","caption":"Julien"},"description":"Je suis Julien, r\u00e9dacteur pour Vie Associative. Passionn\u00e9 par le monde associatif depuis plus de 10 ans, j'ai \u00e0 c\u0153ur de partager des histoires inspirantes et de mettre en lumi\u00e8re les initiatives locales. Mon objectif est de sensibiliser et d'encourager l'engagement communautaire \u00e0 travers mes articles.","sameAs":["https:\/\/vieassociative.be\/"]}]}},"_links":{"self":[{"href":"https:\/\/vieassociative.be\/actualites\/wp-json\/wp\/v2\/posts\/6422"}],"collection":[{"href":"https:\/\/vieassociative.be\/actualites\/wp-json\/wp\/v2\/posts"}],"about":[{"href":"https:\/\/vieassociative.be\/actualites\/wp-json\/wp\/v2\/types\/post"}],"author":[{"embeddable":true,"href":"https:\/\/vieassociative.be\/actualites\/wp-json\/wp\/v2\/users\/1"}],"replies":[{"embeddable":true,"href":"https:\/\/vieassociative.be\/actualites\/wp-json\/wp\/v2\/comments?post=6422"}],"version-history":[{"count":0,"href":"https:\/\/vieassociative.be\/actualites\/wp-json\/wp\/v2\/posts\/6422\/revisions"}],"wp:featuredmedia":[{"embeddable":true,"href":"https:\/\/vieassociative.be\/actualites\/wp-json\/wp\/v2\/media\/6423"}],"wp:attachment":[{"href":"https:\/\/vieassociative.be\/actualites\/wp-json\/wp\/v2\/media?parent=6422"}],"wp:term":[{"taxonomy":"category","embeddable":true,"href":"https:\/\/vieassociative.be\/actualites\/wp-json\/wp\/v2\/categories?post=6422"},{"taxonomy":"post_tag","embeddable":true,"href":"https:\/\/vieassociative.be\/actualites\/wp-json\/wp\/v2\/tags?post=6422"}],"curies":[{"name":"wp","href":"https:\/\/api.w.org\/{rel}","templated":true}]}}