{"id":6420,"date":"2025-04-04T15:17:57","date_gmt":"2025-04-04T13:17:57","guid":{"rendered":"https:\/\/vieassociative.be\/actualites\/ce-garmin-venu-2-plus-est-de-190-de-reduction-en-ce-moment\/"},"modified":"2025-04-04T15:17:57","modified_gmt":"2025-04-04T13:17:57","slug":"ce-garmin-venu-2-plus-est-de-190-de-reduction-en-ce-moment","status":"publish","type":"post","link":"https:\/\/vieassociative.be\/actualites\/ce-garmin-venu-2-plus-est-de-190-de-reduction-en-ce-moment\/","title":{"rendered":"Ce Garmin Venu 2 Plus est de 190 $ de r\u00e9duction en ce moment"},"content":{"rendered":"<div class=\"mt-4 leading-6 md:mb-8\">Cette montre compl\u00e8te \u00e0 part enti\u00e8re correspondant \u00e0 l&rsquo;usine parcourt la ligne entre la smartwatch et le tracker de fitness assez bien.<\/div>\n<p><\/p>\n<p>Un Garmin Venu 2 Plus reconstitu\u00e9 en usine est en vente pour 259,99 $ sur Woot pour les cinq prochains jours ou jusqu&rsquo;\u00e0 ce qu&rsquo;il se vend &#8211; ce qui vient en premier. <\/p>\n<div class=\"pogoClear mb-12 mt-10 rounded-md border-2 border-gray-100 py-7 shadow-xl md:py-6\">\n<div class=\"flex flex-wrap justify-between px-7 text-black no-underline md:flex-nowrap md:px-8\">\n<div class=\"order-1 mx-auto flex flex-col justify-center md:order-2 md:ml-4 md:w-full md:grow\">\n<div class=\"block cursor-pointer text-center font-akshar text-2xl font-medium leading-7 text-brand-green duration-200 ease-in-out hover:text-brand-green-700 md:text-left md:text-xl md:leading-6\">Garmin Venu 2 Plus\n                <\/div>\n<div class=\"mt-4 hidden md:flex md:justify-between\">\n<div class=\"self-end\">\n<div class=\"mb-0 h-11 md:flex md:flex-col md:justify-center\">\n<div class=\" font-sans leading-4 text-black\">\n<div class=\"flex flex-wrap items-center justify-center gap-x-1 md:justify-start\">\n        <span class=\"font-bold\"><\/p>\n<p>            259,99 $<br \/>\n                            <span class=\"font-medium\">\u00e0 Woot<\/span><br \/>\n                    <\/span>\n            <\/div>\n<div class=\"flex items-center justify-center gap-x-1 font-bold md:justify-start\">\n            <span class=\"text-sm line-through\">449,00 $<\/span><br \/>\n            <span class=\"text-sm text-brand-green\">\u00c9conomisez 189,01 $<\/span>\n        <\/div>\n<\/p><\/div>\n<\/p><\/div>\n<\/p><\/div>\n<div class=\"w-44 self-end\">\n                            <button class=\"flex justify-center items-center w-full bg-brand-green text-white text-base font-sans font-medium rounded-md hover:bg-brand-green-700 hover:cursor-pointer md:text-sm h-11\"><\/p>\n<p>    Conclure un accord<br \/>\n<\/button>\n                        <\/div>\n<\/p><\/div>\n<\/p><\/div>\n<div class=\"order-2 mt-5 h-auto w-full md:order-1 md:mt-0 md:hidden\">\n<div class=\"flex aspect-video items-center justify-center\">\n                                            <img decoding=\"async\" class=\"m-0 max-h-full max-w-full rounded-md\" src=\"https:\/\/vieassociative.be\/actualites\/wp-content\/uploads\/2025\/04\/Ce-Garmin-Venu-2-Plus-est-de-190-de.png\" alt=\"Garmin Venu 2 Plus\" width=\"auto\" height=\"auto\" loading=\"lazy\">\n                                    <\/div>\n<\/p><\/div>\n<div class=\"order-2 ml-2 hidden w-32 shrink-0 items-center md:order-1 md:ml-0 md:flex\">\n<div class=\"flex aspect-video items-center justify-center\">\n                                            <img decoding=\"async\" class=\"m-0 max-h-full max-w-full rounded-md\" src=\"https:\/\/vieassociative.be\/actualites\/wp-content\/uploads\/2025\/04\/Ce-Garmin-Venu-2-Plus-est-de-190-de.png\" alt=\"Garmin Venu 2 Plus\" width=\"auto\" height=\"auto\" loading=\"lazy\">\n                                    <\/div>\n<\/p><\/div>\n<div class=\"order-3 flex grow flex-wrap md:hidden md:grow-0\">\n<div class=\"mt-4 w-full\">\n                        <button class=\"flex justify-center items-center w-full bg-brand-green text-white text-base font-sans font-medium rounded-md hover:bg-brand-green-700 hover:cursor-pointer md:text-sm h-11\"><\/p>\n<p>    Conclure un accord<br \/>\n<\/button>\n                    <\/div>\n<div class=\"mx-2 mt-4 w-full\">\n<div class=\" font-sans leading-4 text-black\">\n<div class=\"flex flex-wrap items-center justify-center gap-x-1 md:justify-start\">\n        <span class=\"font-bold\"><\/p>\n<p>            259,99 $<br \/>\n                            <span class=\"font-medium\">\u00e0 Woot<\/span><br \/>\n                    <\/span>\n            <\/div>\n<div class=\"flex items-center justify-center gap-x-1 font-bold md:justify-start\">\n            <span class=\"text-sm line-through\">449,00 $<\/span><br \/>\n            <span class=\"text-sm text-brand-green\">\u00c9conomisez 189,01 $<\/span>\n        <\/div>\n<\/p><\/div>\n<\/p><\/div>\n<\/p><\/div>\n<\/p><\/div>\n<\/div>\n<p>Maintenant, il est important de noter: c&rsquo;est une unit\u00e9 r\u00e9nov\u00e9e. Cela signifie qu&rsquo;il peut montrer des signes d&rsquo;utilisation, mais il a \u00e9t\u00e9 desservi et test\u00e9 pour fonctionner comme il se doit, et il est livr\u00e9 avec une garantie du fabricant de 90 jours. Si vous \u00eates en particulier \u00e0 l&rsquo;achat de nouveaux gadgets, ce n&rsquo;est peut-\u00eatre pas votre choix. Pourtant, \u00e9tant donn\u00e9 que de nouveaux co\u00fbtent g\u00e9n\u00e9ralement 449 $, c&rsquo;est une \u00e9conomie solide de 190 $. L&rsquo;exp\u00e9dition est gratuite si vous avez une prime, et bien que la plupart des endroits soient couverts, ils ne livreront pas aux bo\u00eetes de l&rsquo;Alaska, d&rsquo;Hawa\u00ef ou de PO.<\/p>\n<p>Ce mod\u00e8le a d\u00e9croch\u00e9 le prix de choix de la r\u00e9daction de CNET en 2022, et m\u00eame maintenant, il r\u00e9siste bien dans la foule croissante d&rsquo;hybrides Smartwatch. S&rsquo;appuyant sur le Venu 2 d&rsquo;origine (lisez son examen approfondi ici), il ajoute des capacit\u00e9s d&rsquo;appel t\u00e9l\u00e9phonique et une prise en charge de l&rsquo;assistant vocal (lorsqu&rsquo;il est associ\u00e9 \u00e0 un smartphone). Vous pouvez envoyer des messages, poser des questions ou planifier un rappel, le tout sans retirer votre t\u00e9l\u00e9phone. Cela dit, ce n&rsquo;est pas enti\u00e8rement mains libres &#8211; vous devrez appuyer sur un raccourci sur la montre pour activer l&rsquo;assistant. Il y a aussi une prise en charge WiFi, ce qui signifie que vos donn\u00e9es se synchronisent automatiquement lorsque vous \u00eates de retour \u00e0 port\u00e9e, et vous pouvez t\u00e9l\u00e9charger des listes de lecture \u00e0 partir de Spotify ou d&rsquo;Amazon Music directement \u00e0 la montre. Il peut stocker quelques centaines de chansons, si vous pr\u00e9f\u00e9rez courir sans votre t\u00e9l\u00e9phone. La dur\u00e9e de vie de la batterie se compose \u00e0 environ neuf jours, m\u00eame avec des s\u00e9ances d&rsquo;entra\u00eenement GPS et le suivi du sommeil en marche quotidiennement.<\/p>\n<div class=\"pogoClear relative my-10 border-b-(1.5px) border-t-(1.5px) border-dashed border-black py-5 sm:my-14 sm:border-0 sm:py-0\" x-cloak x-data=\"{ commentsCount: null }\" x-init=\"commentsCount = await window.openweb.getMessagesCount(122560)\" x-show=\"commentsCount !== null &amp;&amp; commentsCount &gt; 0\">\n<div class=\"absolute top-1\/2 hidden w-full -translate-y-1\/2 border-t-(1.5px) border-dashed border-black sm:block\"><\/div>\n<div class=\"relative flex justify-center\">\n<div class=\"flex max-w-max items-center gap-x-3 bg-white px-5\">\n<div class=\"relative\">\n                <span class=\"absolute left-1\/2 top-1\/2 -translate-x-1\/2 -translate-y-1\/2 font-akshar text-sm font-medium text-black\" x-text=\"commentsCount\"><\/span><\/p>\n<p>                <svg class=\"h-8 w-8 text-black\">\n                    <use href=\"http:\/\/lifehacker.com\/images\/icons\/spritemap.svg#sprite-chat-bubble\"><\/use>\n                <\/svg>\n            <\/div>\n<p>            <span class=\"text-sm font-medium text-black\">Que pensez-vous jusqu&rsquo;\u00e0 pr\u00e9sent? <button class=\"font-semibold text-brand-green underline hover:text-brand-green-700\" onclick=\"window.openweb.scrollToComments(122560)\">Publier un commentaire.<\/button><\/span>\n        <\/div>\n<\/p><\/div>\n<\/div>\n<p>En termes de fitness, il couvre les bases, puis certains. Il prend en charge plus de 25 modes d&rsquo;entra\u00eenement, du yoga et du Pilates \u00e0 la HIIT et \u00e0 l&rsquo;entra\u00eenement en force, avec des animations guid\u00e9es qui sont \u00e9tonnamment utiles, surtout si vous avez toujours \u00e0 moiti\u00e9 due \u00e0 un nouveau mouvement. Garmin a \u00e9galement ajout\u00e9 des s\u00e9ances d&rsquo;entra\u00eenement sp\u00e9cifiques \u00e0 HIIT, avec des cat\u00e9gories comme Emom et AMRAP d\u00e9compos\u00e9es par le groupe musculaire et l&rsquo;intensit\u00e9. Il y a aussi la fonction d&rsquo;instantan\u00e9 Health, qui vous donne un scan rapide de deux minutes de la fr\u00e9quence cardiaque, de la respiration et des niveaux de stress. Pour les utilisateurs d&rsquo;Android, la montre joue particuli\u00e8rement bien avec les notifications, ce qui vous donne un contr\u00f4le par application. Les utilisateurs d&rsquo;iPhone n&rsquo;obtiennent pas le m\u00eame niveau de personnalisation, note cette revue ZDNET.<\/p>\n","protected":false},"excerpt":{"rendered":"<p>Cette montre compl\u00e8te \u00e0 part enti\u00e8re correspondant \u00e0 l&rsquo;usine parcourt la ligne entre la smartwatch et le tracker de fitness assez bien. Un Garmin Venu<\/p>\n","protected":false},"author":1,"featured_media":6421,"comment_status":"","ping_status":"","sticky":false,"template":"","format":"standard","meta":{"footnotes":""},"categories":[13],"tags":[76,3685,1429,308,6170],"class_list":["post-6420","post","type-post","status-publish","format-standard","has-post-thumbnail","hentry","category-technologie","tag-est","tag-garmin","tag-moment","tag-reduction","tag-venu","generate-columns","tablet-grid-50","mobile-grid-100","grid-parent","grid-33"],"yoast_head":"<!-- This site is optimized with the Yoast SEO plugin v24.0 - https:\/\/yoast.com\/wordpress\/plugins\/seo\/ -->\n<title>Ce Garmin Venu 2 Plus est de 190 $ de r\u00e9duction en ce moment | Vie Associative<\/title>\n<meta name=\"robots\" content=\"index, follow, max-snippet:-1, max-image-preview:large, max-video-preview:-1\" \/>\n<link rel=\"canonical\" href=\"https:\/\/vieassociative.be\/actualites\/ce-garmin-venu-2-plus-est-de-190-de-reduction-en-ce-moment\/\" \/>\n<meta property=\"og:locale\" content=\"fr_FR\" \/>\n<meta property=\"og:type\" content=\"article\" \/>\n<meta property=\"og:title\" content=\"Ce Garmin Venu 2 Plus est de 190 $ de r\u00e9duction en ce moment | Vie Associative\" \/>\n<meta property=\"og:description\" content=\"Cette montre compl\u00e8te \u00e0 part enti\u00e8re correspondant \u00e0 l&rsquo;usine parcourt la ligne entre la smartwatch et le tracker de fitness assez bien. Un Garmin Venu\" \/>\n<meta property=\"og:url\" content=\"https:\/\/vieassociative.be\/actualites\/ce-garmin-venu-2-plus-est-de-190-de-reduction-en-ce-moment\/\" \/>\n<meta property=\"og:site_name\" content=\"Vie Associative\" \/>\n<meta property=\"article:published_time\" content=\"2025-04-04T13:17:57+00:00\" \/>\n<meta property=\"og:image\" content=\"https:\/\/vieassociative.be\/actualites\/wp-content\/uploads\/2025\/04\/Ce-Garmin-Venu-2-Plus-est-de-190-de.png\" \/>\n<meta name=\"author\" content=\"Julien\" \/>\n<meta name=\"twitter:card\" content=\"summary_large_image\" \/>\n<meta name=\"twitter:label1\" content=\"\u00c9crit par\" \/>\n\t<meta name=\"twitter:data1\" content=\"Julien\" \/>\n\t<meta name=\"twitter:label2\" content=\"Dur\u00e9e de lecture est.\" \/>\n\t<meta name=\"twitter:data2\" content=\"3 minutes\" \/>\n<script type=\"application\/ld+json\" class=\"yoast-schema-graph\">{\"@context\":\"https:\/\/schema.org\",\"@graph\":[{\"@type\":\"Article\",\"@id\":\"https:\/\/vieassociative.be\/actualites\/ce-garmin-venu-2-plus-est-de-190-de-reduction-en-ce-moment\/#article\",\"isPartOf\":{\"@id\":\"https:\/\/vieassociative.be\/actualites\/ce-garmin-venu-2-plus-est-de-190-de-reduction-en-ce-moment\/\"},\"author\":{\"name\":\"Julien\",\"@id\":\"https:\/\/vieassociative.be\/actualites\/#\/schema\/person\/b87ac4f82f9d4e7b7cec7395b679edc4\"},\"headline\":\"Ce Garmin Venu 2 Plus est de 190 $ de r\u00e9duction en ce moment\",\"datePublished\":\"2025-04-04T13:17:57+00:00\",\"dateModified\":\"2025-04-04T13:17:57+00:00\",\"mainEntityOfPage\":{\"@id\":\"https:\/\/vieassociative.be\/actualites\/ce-garmin-venu-2-plus-est-de-190-de-reduction-en-ce-moment\/\"},\"wordCount\":565,\"publisher\":{\"@id\":\"https:\/\/vieassociative.be\/actualites\/#organization\"},\"image\":{\"@id\":\"https:\/\/vieassociative.be\/actualites\/ce-garmin-venu-2-plus-est-de-190-de-reduction-en-ce-moment\/#primaryimage\"},\"thumbnailUrl\":\"https:\/\/vieassociative.be\/actualites\/wp-content\/uploads\/2025\/04\/1743772677_Ce-Garmin-Venu-2-Plus-est-de-190-de.png\",\"keywords\":[\"est\",\"Garmin\",\"moment\",\"r\u00e9duction\",\"Venu\"],\"articleSection\":[\"Technologie\"],\"inLanguage\":\"fr-BE\"},{\"@type\":\"WebPage\",\"@id\":\"https:\/\/vieassociative.be\/actualites\/ce-garmin-venu-2-plus-est-de-190-de-reduction-en-ce-moment\/\",\"url\":\"https:\/\/vieassociative.be\/actualites\/ce-garmin-venu-2-plus-est-de-190-de-reduction-en-ce-moment\/\",\"name\":\"Ce Garmin Venu 2 Plus est de 190 $ de r\u00e9duction en ce moment | Vie Associative\",\"isPartOf\":{\"@id\":\"https:\/\/vieassociative.be\/actualites\/#website\"},\"primaryImageOfPage\":{\"@id\":\"https:\/\/vieassociative.be\/actualites\/ce-garmin-venu-2-plus-est-de-190-de-reduction-en-ce-moment\/#primaryimage\"},\"image\":{\"@id\":\"https:\/\/vieassociative.be\/actualites\/ce-garmin-venu-2-plus-est-de-190-de-reduction-en-ce-moment\/#primaryimage\"},\"thumbnailUrl\":\"https:\/\/vieassociative.be\/actualites\/wp-content\/uploads\/2025\/04\/1743772677_Ce-Garmin-Venu-2-Plus-est-de-190-de.png\",\"datePublished\":\"2025-04-04T13:17:57+00:00\",\"dateModified\":\"2025-04-04T13:17:57+00:00\",\"breadcrumb\":{\"@id\":\"https:\/\/vieassociative.be\/actualites\/ce-garmin-venu-2-plus-est-de-190-de-reduction-en-ce-moment\/#breadcrumb\"},\"inLanguage\":\"fr-BE\",\"potentialAction\":[{\"@type\":\"ReadAction\",\"target\":[\"https:\/\/vieassociative.be\/actualites\/ce-garmin-venu-2-plus-est-de-190-de-reduction-en-ce-moment\/\"]}]},{\"@type\":\"ImageObject\",\"inLanguage\":\"fr-BE\",\"@id\":\"https:\/\/vieassociative.be\/actualites\/ce-garmin-venu-2-plus-est-de-190-de-reduction-en-ce-moment\/#primaryimage\",\"url\":\"https:\/\/vieassociative.be\/actualites\/wp-content\/uploads\/2025\/04\/1743772677_Ce-Garmin-Venu-2-Plus-est-de-190-de.png\",\"contentUrl\":\"https:\/\/vieassociative.be\/actualites\/wp-content\/uploads\/2025\/04\/1743772677_Ce-Garmin-Venu-2-Plus-est-de-190-de.png\",\"width\":1200,\"height\":675,\"caption\":\"Ce Garmin Venu 2 Plus est de 190 $ de r\u00e9duction en ce moment\"},{\"@type\":\"BreadcrumbList\",\"@id\":\"https:\/\/vieassociative.be\/actualites\/ce-garmin-venu-2-plus-est-de-190-de-reduction-en-ce-moment\/#breadcrumb\",\"itemListElement\":[{\"@type\":\"ListItem\",\"position\":1,\"name\":\"Accueil\",\"item\":\"https:\/\/vieassociative.be\/actualites\/\"},{\"@type\":\"ListItem\",\"position\":2,\"name\":\"Ce Garmin Venu 2 Plus est de 190 $ de r\u00e9duction en ce moment\"}]},{\"@type\":\"WebSite\",\"@id\":\"https:\/\/vieassociative.be\/actualites\/#website\",\"url\":\"https:\/\/vieassociative.be\/actualites\/\",\"name\":\"Vie Associative\",\"description\":\"\",\"publisher\":{\"@id\":\"https:\/\/vieassociative.be\/actualites\/#organization\"},\"potentialAction\":[{\"@type\":\"SearchAction\",\"target\":{\"@type\":\"EntryPoint\",\"urlTemplate\":\"https:\/\/vieassociative.be\/actualites\/?s={search_term_string}\"},\"query-input\":{\"@type\":\"PropertyValueSpecification\",\"valueRequired\":true,\"valueName\":\"search_term_string\"}}],\"inLanguage\":\"fr-BE\"},{\"@type\":\"Organization\",\"@id\":\"https:\/\/vieassociative.be\/actualites\/#organization\",\"name\":\"Vie Associative\",\"url\":\"https:\/\/vieassociative.be\/actualites\/\",\"logo\":{\"@type\":\"ImageObject\",\"inLanguage\":\"fr-BE\",\"@id\":\"https:\/\/vieassociative.be\/actualites\/#\/schema\/logo\/image\/\",\"url\":\"https:\/\/vieassociative.be\/actualites\/wp-content\/uploads\/2024\/09\/cropped-vieassociative_favicon.ico.png\",\"contentUrl\":\"https:\/\/vieassociative.be\/actualites\/wp-content\/uploads\/2024\/09\/cropped-vieassociative_favicon.ico.png\",\"width\":512,\"height\":512,\"caption\":\"Vie Associative\"},\"image\":{\"@id\":\"https:\/\/vieassociative.be\/actualites\/#\/schema\/logo\/image\/\"}},{\"@type\":\"Person\",\"@id\":\"https:\/\/vieassociative.be\/actualites\/#\/schema\/person\/b87ac4f82f9d4e7b7cec7395b679edc4\",\"name\":\"Julien\",\"image\":{\"@type\":\"ImageObject\",\"inLanguage\":\"fr-BE\",\"@id\":\"https:\/\/vieassociative.be\/actualites\/#\/schema\/person\/image\/\",\"url\":\"https:\/\/vieassociative.be\/actualites\/wp-content\/uploads\/2024\/09\/vie-associative-1-150x150.jpg\",\"contentUrl\":\"https:\/\/vieassociative.be\/actualites\/wp-content\/uploads\/2024\/09\/vie-associative-1-150x150.jpg\",\"caption\":\"Julien\"},\"description\":\"Je suis Julien, r\u00e9dacteur pour Vie Associative. Passionn\u00e9 par le monde associatif depuis plus de 10 ans, j'ai \u00e0 c\u0153ur de partager des histoires inspirantes et de mettre en lumi\u00e8re les initiatives locales. Mon objectif est de sensibiliser et d'encourager l'engagement communautaire \u00e0 travers mes articles.\",\"sameAs\":[\"https:\/\/vieassociative.be\/\"]}]}<\/script>\n<!-- \/ Yoast SEO plugin. -->","yoast_head_json":{"title":"Ce Garmin Venu 2 Plus est de 190 $ de r\u00e9duction en ce moment | Vie Associative","robots":{"index":"index","follow":"follow","max-snippet":"max-snippet:-1","max-image-preview":"max-image-preview:large","max-video-preview":"max-video-preview:-1"},"canonical":"https:\/\/vieassociative.be\/actualites\/ce-garmin-venu-2-plus-est-de-190-de-reduction-en-ce-moment\/","og_locale":"fr_FR","og_type":"article","og_title":"Ce Garmin Venu 2 Plus est de 190 $ de r\u00e9duction en ce moment | Vie Associative","og_description":"Cette montre compl\u00e8te \u00e0 part enti\u00e8re correspondant \u00e0 l&rsquo;usine parcourt la ligne entre la smartwatch et le tracker de fitness assez bien. Un Garmin Venu","og_url":"https:\/\/vieassociative.be\/actualites\/ce-garmin-venu-2-plus-est-de-190-de-reduction-en-ce-moment\/","og_site_name":"Vie Associative","article_published_time":"2025-04-04T13:17:57+00:00","og_image":[{"url":"https:\/\/vieassociative.be\/actualites\/wp-content\/uploads\/2025\/04\/Ce-Garmin-Venu-2-Plus-est-de-190-de.png","type":"","width":"","height":""}],"author":"Julien","twitter_card":"summary_large_image","twitter_misc":{"\u00c9crit par":"Julien","Dur\u00e9e de lecture est.":"3 minutes"},"schema":{"@context":"https:\/\/schema.org","@graph":[{"@type":"Article","@id":"https:\/\/vieassociative.be\/actualites\/ce-garmin-venu-2-plus-est-de-190-de-reduction-en-ce-moment\/#article","isPartOf":{"@id":"https:\/\/vieassociative.be\/actualites\/ce-garmin-venu-2-plus-est-de-190-de-reduction-en-ce-moment\/"},"author":{"name":"Julien","@id":"https:\/\/vieassociative.be\/actualites\/#\/schema\/person\/b87ac4f82f9d4e7b7cec7395b679edc4"},"headline":"Ce Garmin Venu 2 Plus est de 190 $ de r\u00e9duction en ce moment","datePublished":"2025-04-04T13:17:57+00:00","dateModified":"2025-04-04T13:17:57+00:00","mainEntityOfPage":{"@id":"https:\/\/vieassociative.be\/actualites\/ce-garmin-venu-2-plus-est-de-190-de-reduction-en-ce-moment\/"},"wordCount":565,"publisher":{"@id":"https:\/\/vieassociative.be\/actualites\/#organization"},"image":{"@id":"https:\/\/vieassociative.be\/actualites\/ce-garmin-venu-2-plus-est-de-190-de-reduction-en-ce-moment\/#primaryimage"},"thumbnailUrl":"https:\/\/vieassociative.be\/actualites\/wp-content\/uploads\/2025\/04\/1743772677_Ce-Garmin-Venu-2-Plus-est-de-190-de.png","keywords":["est","Garmin","moment","r\u00e9duction","Venu"],"articleSection":["Technologie"],"inLanguage":"fr-BE"},{"@type":"WebPage","@id":"https:\/\/vieassociative.be\/actualites\/ce-garmin-venu-2-plus-est-de-190-de-reduction-en-ce-moment\/","url":"https:\/\/vieassociative.be\/actualites\/ce-garmin-venu-2-plus-est-de-190-de-reduction-en-ce-moment\/","name":"Ce Garmin Venu 2 Plus est de 190 $ de r\u00e9duction en ce moment | Vie Associative","isPartOf":{"@id":"https:\/\/vieassociative.be\/actualites\/#website"},"primaryImageOfPage":{"@id":"https:\/\/vieassociative.be\/actualites\/ce-garmin-venu-2-plus-est-de-190-de-reduction-en-ce-moment\/#primaryimage"},"image":{"@id":"https:\/\/vieassociative.be\/actualites\/ce-garmin-venu-2-plus-est-de-190-de-reduction-en-ce-moment\/#primaryimage"},"thumbnailUrl":"https:\/\/vieassociative.be\/actualites\/wp-content\/uploads\/2025\/04\/1743772677_Ce-Garmin-Venu-2-Plus-est-de-190-de.png","datePublished":"2025-04-04T13:17:57+00:00","dateModified":"2025-04-04T13:17:57+00:00","breadcrumb":{"@id":"https:\/\/vieassociative.be\/actualites\/ce-garmin-venu-2-plus-est-de-190-de-reduction-en-ce-moment\/#breadcrumb"},"inLanguage":"fr-BE","potentialAction":[{"@type":"ReadAction","target":["https:\/\/vieassociative.be\/actualites\/ce-garmin-venu-2-plus-est-de-190-de-reduction-en-ce-moment\/"]}]},{"@type":"ImageObject","inLanguage":"fr-BE","@id":"https:\/\/vieassociative.be\/actualites\/ce-garmin-venu-2-plus-est-de-190-de-reduction-en-ce-moment\/#primaryimage","url":"https:\/\/vieassociative.be\/actualites\/wp-content\/uploads\/2025\/04\/1743772677_Ce-Garmin-Venu-2-Plus-est-de-190-de.png","contentUrl":"https:\/\/vieassociative.be\/actualites\/wp-content\/uploads\/2025\/04\/1743772677_Ce-Garmin-Venu-2-Plus-est-de-190-de.png","width":1200,"height":675,"caption":"Ce Garmin Venu 2 Plus est de 190 $ de r\u00e9duction en ce moment"},{"@type":"BreadcrumbList","@id":"https:\/\/vieassociative.be\/actualites\/ce-garmin-venu-2-plus-est-de-190-de-reduction-en-ce-moment\/#breadcrumb","itemListElement":[{"@type":"ListItem","position":1,"name":"Accueil","item":"https:\/\/vieassociative.be\/actualites\/"},{"@type":"ListItem","position":2,"name":"Ce Garmin Venu 2 Plus est de 190 $ de r\u00e9duction en ce moment"}]},{"@type":"WebSite","@id":"https:\/\/vieassociative.be\/actualites\/#website","url":"https:\/\/vieassociative.be\/actualites\/","name":"Vie Associative","description":"","publisher":{"@id":"https:\/\/vieassociative.be\/actualites\/#organization"},"potentialAction":[{"@type":"SearchAction","target":{"@type":"EntryPoint","urlTemplate":"https:\/\/vieassociative.be\/actualites\/?s={search_term_string}"},"query-input":{"@type":"PropertyValueSpecification","valueRequired":true,"valueName":"search_term_string"}}],"inLanguage":"fr-BE"},{"@type":"Organization","@id":"https:\/\/vieassociative.be\/actualites\/#organization","name":"Vie Associative","url":"https:\/\/vieassociative.be\/actualites\/","logo":{"@type":"ImageObject","inLanguage":"fr-BE","@id":"https:\/\/vieassociative.be\/actualites\/#\/schema\/logo\/image\/","url":"https:\/\/vieassociative.be\/actualites\/wp-content\/uploads\/2024\/09\/cropped-vieassociative_favicon.ico.png","contentUrl":"https:\/\/vieassociative.be\/actualites\/wp-content\/uploads\/2024\/09\/cropped-vieassociative_favicon.ico.png","width":512,"height":512,"caption":"Vie Associative"},"image":{"@id":"https:\/\/vieassociative.be\/actualites\/#\/schema\/logo\/image\/"}},{"@type":"Person","@id":"https:\/\/vieassociative.be\/actualites\/#\/schema\/person\/b87ac4f82f9d4e7b7cec7395b679edc4","name":"Julien","image":{"@type":"ImageObject","inLanguage":"fr-BE","@id":"https:\/\/vieassociative.be\/actualites\/#\/schema\/person\/image\/","url":"https:\/\/vieassociative.be\/actualites\/wp-content\/uploads\/2024\/09\/vie-associative-1-150x150.jpg","contentUrl":"https:\/\/vieassociative.be\/actualites\/wp-content\/uploads\/2024\/09\/vie-associative-1-150x150.jpg","caption":"Julien"},"description":"Je suis Julien, r\u00e9dacteur pour Vie Associative. Passionn\u00e9 par le monde associatif depuis plus de 10 ans, j'ai \u00e0 c\u0153ur de partager des histoires inspirantes et de mettre en lumi\u00e8re les initiatives locales. Mon objectif est de sensibiliser et d'encourager l'engagement communautaire \u00e0 travers mes articles.","sameAs":["https:\/\/vieassociative.be\/"]}]}},"_links":{"self":[{"href":"https:\/\/vieassociative.be\/actualites\/wp-json\/wp\/v2\/posts\/6420"}],"collection":[{"href":"https:\/\/vieassociative.be\/actualites\/wp-json\/wp\/v2\/posts"}],"about":[{"href":"https:\/\/vieassociative.be\/actualites\/wp-json\/wp\/v2\/types\/post"}],"author":[{"embeddable":true,"href":"https:\/\/vieassociative.be\/actualites\/wp-json\/wp\/v2\/users\/1"}],"replies":[{"embeddable":true,"href":"https:\/\/vieassociative.be\/actualites\/wp-json\/wp\/v2\/comments?post=6420"}],"version-history":[{"count":0,"href":"https:\/\/vieassociative.be\/actualites\/wp-json\/wp\/v2\/posts\/6420\/revisions"}],"wp:featuredmedia":[{"embeddable":true,"href":"https:\/\/vieassociative.be\/actualites\/wp-json\/wp\/v2\/media\/6421"}],"wp:attachment":[{"href":"https:\/\/vieassociative.be\/actualites\/wp-json\/wp\/v2\/media?parent=6420"}],"wp:term":[{"taxonomy":"category","embeddable":true,"href":"https:\/\/vieassociative.be\/actualites\/wp-json\/wp\/v2\/categories?post=6420"},{"taxonomy":"post_tag","embeddable":true,"href":"https:\/\/vieassociative.be\/actualites\/wp-json\/wp\/v2\/tags?post=6420"}],"curies":[{"name":"wp","href":"https:\/\/api.w.org\/{rel}","templated":true}]}}