{"id":6416,"date":"2025-04-04T09:20:32","date_gmt":"2025-04-04T07:20:32","guid":{"rendered":"https:\/\/vieassociative.be\/actualites\/la-montre-intelligente-solaire-garmin-instinct-2-est-de-170-de-reduction\/"},"modified":"2025-04-04T09:20:32","modified_gmt":"2025-04-04T07:20:32","slug":"la-montre-intelligente-solaire-garmin-instinct-2-est-de-170-de-reduction","status":"publish","type":"post","link":"https:\/\/vieassociative.be\/actualites\/la-montre-intelligente-solaire-garmin-instinct-2-est-de-170-de-reduction\/","title":{"rendered":"La montre intelligente solaire Garmin Instinct 2 est de 170 $ de r\u00e9duction"},"content":{"rendered":"<div class=\"mt-4 leading-6 md:mb-8\">Cette version solaire a une dur\u00e9e de vie de la batterie potentiellement illimit\u00e9e et est livr\u00e9e avec Garmin Pay et les visages de montre personnalisables.<\/div>\n<p><\/p>\n<p>Chaque fois que vous cherchez une bonne montre intelligente, le nom de Garmin est forc\u00e9ment \u00e0 venir. Le Garmin Instinct 3 est sorti tr\u00e8s r\u00e9cemment, ce qui signifie que le Garmin Instinct 2 a baiss\u00e9 de prix &#8211; et m\u00eame si ce mod\u00e8le est d\u00e9sormais \u00e2g\u00e9 de g\u00e9n\u00e9ration, c&rsquo;est toujours une forme physique incroyable et une montre intelligente en plein air. Avec cette derni\u00e8re baisse de prix, le solaire Garmin Instinct 2 est maintenant <strong>229,99 $<\/strong> (\u00e0 l&rsquo;origine 399,99 $), le prix le plus bas qu&rsquo;il a atteint, selon les outils de suivi des prix.<\/p>\n<div class=\"pogoClear mb-12 mt-10 rounded-md border-2 border-gray-100 py-7 shadow-xl md:py-6\">\n<div class=\"flex flex-wrap justify-between px-7 text-black no-underline md:flex-nowrap md:px-8\">\n<div class=\"order-1 mx-auto flex flex-col justify-center md:order-2 md:ml-4 md:w-full md:grow\">\n<div class=\"block cursor-pointer text-center font-akshar text-2xl font-medium leading-7 text-brand-green duration-200 ease-in-out hover:text-brand-green-700 md:text-left md:text-xl md:leading-6\">Garmin Instinct 2 solaire\n                <\/div>\n<div class=\"mt-4 hidden md:flex md:justify-between\">\n<div class=\"self-end\">\n<div class=\"mb-0 h-11 md:flex md:flex-col md:justify-center\">\n<div class=\" font-sans leading-4 text-black\">\n<div class=\"flex flex-wrap items-center justify-center gap-x-1 md:justify-start\">\n        <span class=\"font-bold\"><\/p>\n<p>            229,99 $<br \/>\n                            <span class=\"font-medium\">\u00e0 Amazon<\/span><br \/>\n                    <\/span><br \/>\n                    <img decoding=\"async\" class=\"mt-0 h-(15px)\" src=\"https:\/\/vieassociative.be\/actualites\/wp-content\/uploads\/2025\/04\/La-montre-intelligente-solaire-Garmin-Instinct-2-est-de-170.svg.svg+xml\" title=\"Amazon Prime\" alt=\"Amazon Prime\">\n            <\/div>\n<div class=\"flex items-center justify-center gap-x-1 font-bold md:justify-start\">\n            <span class=\"text-sm line-through\">399,99 $<\/span><br \/>\n            <span class=\"text-sm text-brand-green\">\u00c9conomisez 170,00 $<\/span>\n        <\/div>\n<\/p><\/div>\n<\/p><\/div>\n<\/p><\/div>\n<div class=\"w-44 self-end\">\n                            <button class=\"flex justify-center items-center w-full bg-brand-green text-white text-base font-sans font-medium rounded-md hover:bg-brand-green-700 hover:cursor-pointer md:text-sm h-11\"><\/p>\n<p>    Conclure un accord<br \/>\n<\/button>\n                        <\/div>\n<\/p><\/div>\n<\/p><\/div>\n<div class=\"order-2 mt-5 h-auto w-full md:order-1 md:mt-0 md:hidden\">\n<div class=\"flex aspect-video items-center justify-center\">\n                                            <img decoding=\"async\" class=\"m-0 max-h-full max-w-full rounded-md\" src=\"https:\/\/vieassociative.be\/actualites\/wp-content\/uploads\/2025\/04\/La-montre-intelligente-solaire-Garmin-Instinct-2-est-de-170.jpg\" alt=\"Garmin Instinct Solar Rugged Outdoor Smartwatch (Graphite)\" width=\"auto\" height=\"auto\" loading=\"lazy\">\n                                    <\/div>\n<\/p><\/div>\n<div class=\"order-2 ml-2 hidden w-32 shrink-0 items-center md:order-1 md:ml-0 md:flex\">\n<div class=\"flex aspect-video items-center justify-center\">\n                                            <img decoding=\"async\" class=\"m-0 max-h-full max-w-full rounded-md\" src=\"https:\/\/vieassociative.be\/actualites\/wp-content\/uploads\/2025\/04\/La-montre-intelligente-solaire-Garmin-Instinct-2-est-de-170.jpg\" alt=\"Garmin Instinct Solar Rugged Outdoor Smartwatch (Graphite)\" width=\"auto\" height=\"auto\" loading=\"lazy\">\n                                    <\/div>\n<\/p><\/div>\n<div class=\"order-3 flex grow flex-wrap md:hidden md:grow-0\">\n<div class=\"mt-4 w-full\">\n                        <button class=\"flex justify-center items-center w-full bg-brand-green text-white text-base font-sans font-medium rounded-md hover:bg-brand-green-700 hover:cursor-pointer md:text-sm h-11\"><\/p>\n<p>    Conclure un accord<br \/>\n<\/button>\n                    <\/div>\n<div class=\"mx-2 mt-4 w-full\">\n<div class=\" font-sans leading-4 text-black\">\n<div class=\"flex flex-wrap items-center justify-center gap-x-1 md:justify-start\">\n        <span class=\"font-bold\"><\/p>\n<p>            229,99 $<br \/>\n                            <span class=\"font-medium\">\u00e0 Amazon<\/span><br \/>\n                    <\/span><br \/>\n                    <img decoding=\"async\" class=\"mt-0 h-(15px)\" src=\"https:\/\/vieassociative.be\/actualites\/wp-content\/uploads\/2025\/04\/La-montre-intelligente-solaire-Garmin-Instinct-2-est-de-170.svg.svg+xml\" title=\"Amazon Prime\" alt=\"Amazon Prime\">\n            <\/div>\n<div class=\"flex items-center justify-center gap-x-1 font-bold md:justify-start\">\n            <span class=\"text-sm line-through\">399,99 $<\/span><br \/>\n            <span class=\"text-sm text-brand-green\">\u00c9conomisez 170,00 $<\/span>\n        <\/div>\n<\/p><\/div>\n<\/p><\/div>\n<\/p><\/div>\n<\/p><\/div>\n<\/div>\n<p>Le solaire Garmin Instinct 2 est une montre intelligente s\u00e9rieuse, visuellement repr\u00e9sent\u00e9e par son affichage sans fioritures en noir et blanc. Il met toutes ses jetons sur les fonctionnalit\u00e9s sur d&rsquo;autres aspects qu&rsquo;une smartwatch de sant\u00e9 pourrait offrir. Comme son nom l&rsquo;indique, c&rsquo;est une montre solaire. Trois heures d&rsquo;\u00eatre au soleil vous donnent environ 24 heures de jus ou une heure de dur\u00e9e de vie de la batterie GPS. M\u00eame sans soleil, une charge compl\u00e8te vous donne 28 jours de jus. Le GPS et la caract\u00e9ristique cardiaque sont tr\u00e8s pr\u00e9cis, donc si c&rsquo;est ce qui vous tient \u00e0 c\u0153ur, le solaire de l&rsquo;Instinct 2 ne d\u00e9cevra pas.<\/p>\n<div class=\"pogoClear relative my-10 border-b-(1.5px) border-t-(1.5px) border-dashed border-black py-5 sm:my-14 sm:border-0 sm:py-0\" x-cloak x-data=\"{ commentsCount: null }\" x-init=\"commentsCount = await window.openweb.getMessagesCount(122554)\" x-show=\"commentsCount !== null &amp;&amp; commentsCount &gt; 0\">\n<div class=\"absolute top-1\/2 hidden w-full -translate-y-1\/2 border-t-(1.5px) border-dashed border-black sm:block\"><\/div>\n<div class=\"relative flex justify-center\">\n<div class=\"flex max-w-max items-center gap-x-3 bg-white px-5\">\n<div class=\"relative\">\n                <span class=\"absolute left-1\/2 top-1\/2 -translate-x-1\/2 -translate-y-1\/2 font-akshar text-sm font-medium text-black\" x-text=\"commentsCount\"><\/span><\/p>\n<p>                <svg class=\"h-8 w-8 text-black\">\n                    <use href=\"http:\/\/lifehacker.com\/images\/icons\/spritemap.svg#sprite-chat-bubble\"><\/use>\n                <\/svg>\n            <\/div>\n<p>            <span class=\"text-sm font-medium text-black\">Que pensez-vous jusqu&rsquo;\u00e0 pr\u00e9sent? <button class=\"font-semibold text-brand-green underline hover:text-brand-green-700\" onclick=\"window.openweb.scrollToComments(122554)\">Publier un commentaire.<\/button><\/span>\n        <\/div>\n<\/p><\/div>\n<\/div>\n<p>L&rsquo;\u00e9nergie solaire de l&rsquo;instinct 2 a un <em>parcelle <\/em>De diff\u00e9rents profils de sport, vous pouvez choisir de suivre, le rendant id\u00e9al pour les athl\u00e8tes de triathlon ou les personnes qui aiment pratiquer de nombreux sports diff\u00e9rents. Il a \u00e9galement Connect IQ App Support, qui ouvre les portes \u00e0 de nombreuses applications tierces pour des fonctionnalit\u00e9s suppl\u00e9mentaires, des montres faciales et des widgets. Et si vous avez besoin de motivation ou de conseils avec vos objectifs de fitness, le statut de formation peut sugg\u00e9rer des s\u00e9ances d&rsquo;entra\u00eenement pour la course et le v\u00e9lo. La montre comprend \u00e9galement des outils utiles comme une boussole, un altim\u00e8tre et un barom\u00e8tre int\u00e9gr\u00e9s, ce qui le rend id\u00e9al pour les randonneurs hardcore. Enfin, comme l&rsquo;instinct 2 solaire a Connect IQ, vous pouvez configurer votre montre avec l&rsquo;application au lieu de le faire minutieusement sur la montre. <\/p>\n","protected":false},"excerpt":{"rendered":"<p>Cette version solaire a une dur\u00e9e de vie de la batterie potentiellement illimit\u00e9e et est livr\u00e9e avec Garmin Pay et les visages de montre personnalisables.<\/p>\n","protected":false},"author":1,"featured_media":6417,"comment_status":"","ping_status":"","sticky":false,"template":"","format":"standard","meta":{"footnotes":""},"categories":[38],"tags":[76,3685,6167,1614,1252,308,1918],"class_list":["post-6416","post","type-post","status-publish","format-standard","has-post-thumbnail","hentry","category-sante","tag-est","tag-garmin","tag-instinct","tag-intelligente","tag-montre","tag-reduction","tag-solaire","generate-columns","tablet-grid-50","mobile-grid-100","grid-parent","grid-33"],"yoast_head":"<!-- This site is optimized with the Yoast SEO plugin v24.0 - https:\/\/yoast.com\/wordpress\/plugins\/seo\/ -->\n<title>La montre intelligente solaire Garmin Instinct 2 est de 170 $ de r\u00e9duction | Vie Associative<\/title>\n<meta name=\"robots\" content=\"index, follow, max-snippet:-1, max-image-preview:large, max-video-preview:-1\" \/>\n<link rel=\"canonical\" href=\"https:\/\/vieassociative.be\/actualites\/la-montre-intelligente-solaire-garmin-instinct-2-est-de-170-de-reduction\/\" \/>\n<meta property=\"og:locale\" content=\"fr_FR\" \/>\n<meta property=\"og:type\" content=\"article\" \/>\n<meta property=\"og:title\" content=\"La montre intelligente solaire Garmin Instinct 2 est de 170 $ de r\u00e9duction | Vie Associative\" \/>\n<meta property=\"og:description\" content=\"Cette version solaire a une dur\u00e9e de vie de la batterie potentiellement illimit\u00e9e et est livr\u00e9e avec Garmin Pay et les visages de montre personnalisables.\" \/>\n<meta property=\"og:url\" content=\"https:\/\/vieassociative.be\/actualites\/la-montre-intelligente-solaire-garmin-instinct-2-est-de-170-de-reduction\/\" \/>\n<meta property=\"og:site_name\" content=\"Vie Associative\" \/>\n<meta property=\"article:published_time\" content=\"2025-04-04T07:20:32+00:00\" \/>\n<meta property=\"og:image\" content=\"https:\/\/vieassociative.be\/actualites\/wp-content\/uploads\/2025\/04\/La-montre-intelligente-solaire-Garmin-Instinct-2-est-de-170.svg.svg+xml\" \/>\n<meta name=\"author\" content=\"Julien\" \/>\n<meta name=\"twitter:card\" content=\"summary_large_image\" \/>\n<meta name=\"twitter:label1\" content=\"\u00c9crit par\" \/>\n\t<meta name=\"twitter:data1\" content=\"Julien\" \/>\n\t<meta name=\"twitter:label2\" content=\"Dur\u00e9e de lecture est.\" \/>\n\t<meta name=\"twitter:data2\" content=\"2 minutes\" \/>\n<script type=\"application\/ld+json\" class=\"yoast-schema-graph\">{\"@context\":\"https:\/\/schema.org\",\"@graph\":[{\"@type\":\"Article\",\"@id\":\"https:\/\/vieassociative.be\/actualites\/la-montre-intelligente-solaire-garmin-instinct-2-est-de-170-de-reduction\/#article\",\"isPartOf\":{\"@id\":\"https:\/\/vieassociative.be\/actualites\/la-montre-intelligente-solaire-garmin-instinct-2-est-de-170-de-reduction\/\"},\"author\":{\"name\":\"Julien\",\"@id\":\"https:\/\/vieassociative.be\/actualites\/#\/schema\/person\/b87ac4f82f9d4e7b7cec7395b679edc4\"},\"headline\":\"La montre intelligente solaire Garmin Instinct 2 est de 170 $ de r\u00e9duction\",\"datePublished\":\"2025-04-04T07:20:32+00:00\",\"dateModified\":\"2025-04-04T07:20:32+00:00\",\"mainEntityOfPage\":{\"@id\":\"https:\/\/vieassociative.be\/actualites\/la-montre-intelligente-solaire-garmin-instinct-2-est-de-170-de-reduction\/\"},\"wordCount\":437,\"publisher\":{\"@id\":\"https:\/\/vieassociative.be\/actualites\/#organization\"},\"image\":{\"@id\":\"https:\/\/vieassociative.be\/actualites\/la-montre-intelligente-solaire-garmin-instinct-2-est-de-170-de-reduction\/#primaryimage\"},\"thumbnailUrl\":\"https:\/\/vieassociative.be\/actualites\/wp-content\/uploads\/2025\/04\/La-montre-intelligente-solaire-Garmin-Instinct-2-est-de-170.png\",\"keywords\":[\"est\",\"Garmin\",\"Instinct\",\"intelligente\",\"montre\",\"r\u00e9duction\",\"solaire\"],\"articleSection\":[\"Sant\u00e9\"],\"inLanguage\":\"fr-BE\"},{\"@type\":\"WebPage\",\"@id\":\"https:\/\/vieassociative.be\/actualites\/la-montre-intelligente-solaire-garmin-instinct-2-est-de-170-de-reduction\/\",\"url\":\"https:\/\/vieassociative.be\/actualites\/la-montre-intelligente-solaire-garmin-instinct-2-est-de-170-de-reduction\/\",\"name\":\"La montre intelligente solaire Garmin Instinct 2 est de 170 $ de r\u00e9duction | Vie Associative\",\"isPartOf\":{\"@id\":\"https:\/\/vieassociative.be\/actualites\/#website\"},\"primaryImageOfPage\":{\"@id\":\"https:\/\/vieassociative.be\/actualites\/la-montre-intelligente-solaire-garmin-instinct-2-est-de-170-de-reduction\/#primaryimage\"},\"image\":{\"@id\":\"https:\/\/vieassociative.be\/actualites\/la-montre-intelligente-solaire-garmin-instinct-2-est-de-170-de-reduction\/#primaryimage\"},\"thumbnailUrl\":\"https:\/\/vieassociative.be\/actualites\/wp-content\/uploads\/2025\/04\/La-montre-intelligente-solaire-Garmin-Instinct-2-est-de-170.png\",\"datePublished\":\"2025-04-04T07:20:32+00:00\",\"dateModified\":\"2025-04-04T07:20:32+00:00\",\"breadcrumb\":{\"@id\":\"https:\/\/vieassociative.be\/actualites\/la-montre-intelligente-solaire-garmin-instinct-2-est-de-170-de-reduction\/#breadcrumb\"},\"inLanguage\":\"fr-BE\",\"potentialAction\":[{\"@type\":\"ReadAction\",\"target\":[\"https:\/\/vieassociative.be\/actualites\/la-montre-intelligente-solaire-garmin-instinct-2-est-de-170-de-reduction\/\"]}]},{\"@type\":\"ImageObject\",\"inLanguage\":\"fr-BE\",\"@id\":\"https:\/\/vieassociative.be\/actualites\/la-montre-intelligente-solaire-garmin-instinct-2-est-de-170-de-reduction\/#primaryimage\",\"url\":\"https:\/\/vieassociative.be\/actualites\/wp-content\/uploads\/2025\/04\/La-montre-intelligente-solaire-Garmin-Instinct-2-est-de-170.png\",\"contentUrl\":\"https:\/\/vieassociative.be\/actualites\/wp-content\/uploads\/2025\/04\/La-montre-intelligente-solaire-Garmin-Instinct-2-est-de-170.png\",\"width\":1200,\"height\":675,\"caption\":\"La montre intelligente solaire Garmin Instinct 2 est de 170 $ de r\u00e9duction\"},{\"@type\":\"BreadcrumbList\",\"@id\":\"https:\/\/vieassociative.be\/actualites\/la-montre-intelligente-solaire-garmin-instinct-2-est-de-170-de-reduction\/#breadcrumb\",\"itemListElement\":[{\"@type\":\"ListItem\",\"position\":1,\"name\":\"Accueil\",\"item\":\"https:\/\/vieassociative.be\/actualites\/\"},{\"@type\":\"ListItem\",\"position\":2,\"name\":\"La montre intelligente solaire Garmin Instinct 2 est de 170 $ de r\u00e9duction\"}]},{\"@type\":\"WebSite\",\"@id\":\"https:\/\/vieassociative.be\/actualites\/#website\",\"url\":\"https:\/\/vieassociative.be\/actualites\/\",\"name\":\"Vie Associative\",\"description\":\"\",\"publisher\":{\"@id\":\"https:\/\/vieassociative.be\/actualites\/#organization\"},\"potentialAction\":[{\"@type\":\"SearchAction\",\"target\":{\"@type\":\"EntryPoint\",\"urlTemplate\":\"https:\/\/vieassociative.be\/actualites\/?s={search_term_string}\"},\"query-input\":{\"@type\":\"PropertyValueSpecification\",\"valueRequired\":true,\"valueName\":\"search_term_string\"}}],\"inLanguage\":\"fr-BE\"},{\"@type\":\"Organization\",\"@id\":\"https:\/\/vieassociative.be\/actualites\/#organization\",\"name\":\"Vie Associative\",\"url\":\"https:\/\/vieassociative.be\/actualites\/\",\"logo\":{\"@type\":\"ImageObject\",\"inLanguage\":\"fr-BE\",\"@id\":\"https:\/\/vieassociative.be\/actualites\/#\/schema\/logo\/image\/\",\"url\":\"https:\/\/vieassociative.be\/actualites\/wp-content\/uploads\/2024\/09\/cropped-vieassociative_favicon.ico.png\",\"contentUrl\":\"https:\/\/vieassociative.be\/actualites\/wp-content\/uploads\/2024\/09\/cropped-vieassociative_favicon.ico.png\",\"width\":512,\"height\":512,\"caption\":\"Vie Associative\"},\"image\":{\"@id\":\"https:\/\/vieassociative.be\/actualites\/#\/schema\/logo\/image\/\"}},{\"@type\":\"Person\",\"@id\":\"https:\/\/vieassociative.be\/actualites\/#\/schema\/person\/b87ac4f82f9d4e7b7cec7395b679edc4\",\"name\":\"Julien\",\"image\":{\"@type\":\"ImageObject\",\"inLanguage\":\"fr-BE\",\"@id\":\"https:\/\/vieassociative.be\/actualites\/#\/schema\/person\/image\/\",\"url\":\"https:\/\/vieassociative.be\/actualites\/wp-content\/uploads\/2024\/09\/vie-associative-1-150x150.jpg\",\"contentUrl\":\"https:\/\/vieassociative.be\/actualites\/wp-content\/uploads\/2024\/09\/vie-associative-1-150x150.jpg\",\"caption\":\"Julien\"},\"description\":\"Je suis Julien, r\u00e9dacteur pour Vie Associative. Passionn\u00e9 par le monde associatif depuis plus de 10 ans, j'ai \u00e0 c\u0153ur de partager des histoires inspirantes et de mettre en lumi\u00e8re les initiatives locales. Mon objectif est de sensibiliser et d'encourager l'engagement communautaire \u00e0 travers mes articles.\",\"sameAs\":[\"https:\/\/vieassociative.be\/\"]}]}<\/script>\n<!-- \/ Yoast SEO plugin. -->","yoast_head_json":{"title":"La montre intelligente solaire Garmin Instinct 2 est de 170 $ de r\u00e9duction | Vie Associative","robots":{"index":"index","follow":"follow","max-snippet":"max-snippet:-1","max-image-preview":"max-image-preview:large","max-video-preview":"max-video-preview:-1"},"canonical":"https:\/\/vieassociative.be\/actualites\/la-montre-intelligente-solaire-garmin-instinct-2-est-de-170-de-reduction\/","og_locale":"fr_FR","og_type":"article","og_title":"La montre intelligente solaire Garmin Instinct 2 est de 170 $ de r\u00e9duction | Vie Associative","og_description":"Cette version solaire a une dur\u00e9e de vie de la batterie potentiellement illimit\u00e9e et est livr\u00e9e avec Garmin Pay et les visages de montre personnalisables.","og_url":"https:\/\/vieassociative.be\/actualites\/la-montre-intelligente-solaire-garmin-instinct-2-est-de-170-de-reduction\/","og_site_name":"Vie Associative","article_published_time":"2025-04-04T07:20:32+00:00","og_image":[{"url":"https:\/\/vieassociative.be\/actualites\/wp-content\/uploads\/2025\/04\/La-montre-intelligente-solaire-Garmin-Instinct-2-est-de-170.svg.svg+xml","type":"","width":"","height":""}],"author":"Julien","twitter_card":"summary_large_image","twitter_misc":{"\u00c9crit par":"Julien","Dur\u00e9e de lecture est.":"2 minutes"},"schema":{"@context":"https:\/\/schema.org","@graph":[{"@type":"Article","@id":"https:\/\/vieassociative.be\/actualites\/la-montre-intelligente-solaire-garmin-instinct-2-est-de-170-de-reduction\/#article","isPartOf":{"@id":"https:\/\/vieassociative.be\/actualites\/la-montre-intelligente-solaire-garmin-instinct-2-est-de-170-de-reduction\/"},"author":{"name":"Julien","@id":"https:\/\/vieassociative.be\/actualites\/#\/schema\/person\/b87ac4f82f9d4e7b7cec7395b679edc4"},"headline":"La montre intelligente solaire Garmin Instinct 2 est de 170 $ de r\u00e9duction","datePublished":"2025-04-04T07:20:32+00:00","dateModified":"2025-04-04T07:20:32+00:00","mainEntityOfPage":{"@id":"https:\/\/vieassociative.be\/actualites\/la-montre-intelligente-solaire-garmin-instinct-2-est-de-170-de-reduction\/"},"wordCount":437,"publisher":{"@id":"https:\/\/vieassociative.be\/actualites\/#organization"},"image":{"@id":"https:\/\/vieassociative.be\/actualites\/la-montre-intelligente-solaire-garmin-instinct-2-est-de-170-de-reduction\/#primaryimage"},"thumbnailUrl":"https:\/\/vieassociative.be\/actualites\/wp-content\/uploads\/2025\/04\/La-montre-intelligente-solaire-Garmin-Instinct-2-est-de-170.png","keywords":["est","Garmin","Instinct","intelligente","montre","r\u00e9duction","solaire"],"articleSection":["Sant\u00e9"],"inLanguage":"fr-BE"},{"@type":"WebPage","@id":"https:\/\/vieassociative.be\/actualites\/la-montre-intelligente-solaire-garmin-instinct-2-est-de-170-de-reduction\/","url":"https:\/\/vieassociative.be\/actualites\/la-montre-intelligente-solaire-garmin-instinct-2-est-de-170-de-reduction\/","name":"La montre intelligente solaire Garmin Instinct 2 est de 170 $ de r\u00e9duction | Vie Associative","isPartOf":{"@id":"https:\/\/vieassociative.be\/actualites\/#website"},"primaryImageOfPage":{"@id":"https:\/\/vieassociative.be\/actualites\/la-montre-intelligente-solaire-garmin-instinct-2-est-de-170-de-reduction\/#primaryimage"},"image":{"@id":"https:\/\/vieassociative.be\/actualites\/la-montre-intelligente-solaire-garmin-instinct-2-est-de-170-de-reduction\/#primaryimage"},"thumbnailUrl":"https:\/\/vieassociative.be\/actualites\/wp-content\/uploads\/2025\/04\/La-montre-intelligente-solaire-Garmin-Instinct-2-est-de-170.png","datePublished":"2025-04-04T07:20:32+00:00","dateModified":"2025-04-04T07:20:32+00:00","breadcrumb":{"@id":"https:\/\/vieassociative.be\/actualites\/la-montre-intelligente-solaire-garmin-instinct-2-est-de-170-de-reduction\/#breadcrumb"},"inLanguage":"fr-BE","potentialAction":[{"@type":"ReadAction","target":["https:\/\/vieassociative.be\/actualites\/la-montre-intelligente-solaire-garmin-instinct-2-est-de-170-de-reduction\/"]}]},{"@type":"ImageObject","inLanguage":"fr-BE","@id":"https:\/\/vieassociative.be\/actualites\/la-montre-intelligente-solaire-garmin-instinct-2-est-de-170-de-reduction\/#primaryimage","url":"https:\/\/vieassociative.be\/actualites\/wp-content\/uploads\/2025\/04\/La-montre-intelligente-solaire-Garmin-Instinct-2-est-de-170.png","contentUrl":"https:\/\/vieassociative.be\/actualites\/wp-content\/uploads\/2025\/04\/La-montre-intelligente-solaire-Garmin-Instinct-2-est-de-170.png","width":1200,"height":675,"caption":"La montre intelligente solaire Garmin Instinct 2 est de 170 $ de r\u00e9duction"},{"@type":"BreadcrumbList","@id":"https:\/\/vieassociative.be\/actualites\/la-montre-intelligente-solaire-garmin-instinct-2-est-de-170-de-reduction\/#breadcrumb","itemListElement":[{"@type":"ListItem","position":1,"name":"Accueil","item":"https:\/\/vieassociative.be\/actualites\/"},{"@type":"ListItem","position":2,"name":"La montre intelligente solaire Garmin Instinct 2 est de 170 $ de r\u00e9duction"}]},{"@type":"WebSite","@id":"https:\/\/vieassociative.be\/actualites\/#website","url":"https:\/\/vieassociative.be\/actualites\/","name":"Vie Associative","description":"","publisher":{"@id":"https:\/\/vieassociative.be\/actualites\/#organization"},"potentialAction":[{"@type":"SearchAction","target":{"@type":"EntryPoint","urlTemplate":"https:\/\/vieassociative.be\/actualites\/?s={search_term_string}"},"query-input":{"@type":"PropertyValueSpecification","valueRequired":true,"valueName":"search_term_string"}}],"inLanguage":"fr-BE"},{"@type":"Organization","@id":"https:\/\/vieassociative.be\/actualites\/#organization","name":"Vie Associative","url":"https:\/\/vieassociative.be\/actualites\/","logo":{"@type":"ImageObject","inLanguage":"fr-BE","@id":"https:\/\/vieassociative.be\/actualites\/#\/schema\/logo\/image\/","url":"https:\/\/vieassociative.be\/actualites\/wp-content\/uploads\/2024\/09\/cropped-vieassociative_favicon.ico.png","contentUrl":"https:\/\/vieassociative.be\/actualites\/wp-content\/uploads\/2024\/09\/cropped-vieassociative_favicon.ico.png","width":512,"height":512,"caption":"Vie Associative"},"image":{"@id":"https:\/\/vieassociative.be\/actualites\/#\/schema\/logo\/image\/"}},{"@type":"Person","@id":"https:\/\/vieassociative.be\/actualites\/#\/schema\/person\/b87ac4f82f9d4e7b7cec7395b679edc4","name":"Julien","image":{"@type":"ImageObject","inLanguage":"fr-BE","@id":"https:\/\/vieassociative.be\/actualites\/#\/schema\/person\/image\/","url":"https:\/\/vieassociative.be\/actualites\/wp-content\/uploads\/2024\/09\/vie-associative-1-150x150.jpg","contentUrl":"https:\/\/vieassociative.be\/actualites\/wp-content\/uploads\/2024\/09\/vie-associative-1-150x150.jpg","caption":"Julien"},"description":"Je suis Julien, r\u00e9dacteur pour Vie Associative. Passionn\u00e9 par le monde associatif depuis plus de 10 ans, j'ai \u00e0 c\u0153ur de partager des histoires inspirantes et de mettre en lumi\u00e8re les initiatives locales. Mon objectif est de sensibiliser et d'encourager l'engagement communautaire \u00e0 travers mes articles.","sameAs":["https:\/\/vieassociative.be\/"]}]}},"_links":{"self":[{"href":"https:\/\/vieassociative.be\/actualites\/wp-json\/wp\/v2\/posts\/6416"}],"collection":[{"href":"https:\/\/vieassociative.be\/actualites\/wp-json\/wp\/v2\/posts"}],"about":[{"href":"https:\/\/vieassociative.be\/actualites\/wp-json\/wp\/v2\/types\/post"}],"author":[{"embeddable":true,"href":"https:\/\/vieassociative.be\/actualites\/wp-json\/wp\/v2\/users\/1"}],"replies":[{"embeddable":true,"href":"https:\/\/vieassociative.be\/actualites\/wp-json\/wp\/v2\/comments?post=6416"}],"version-history":[{"count":0,"href":"https:\/\/vieassociative.be\/actualites\/wp-json\/wp\/v2\/posts\/6416\/revisions"}],"wp:featuredmedia":[{"embeddable":true,"href":"https:\/\/vieassociative.be\/actualites\/wp-json\/wp\/v2\/media\/6417"}],"wp:attachment":[{"href":"https:\/\/vieassociative.be\/actualites\/wp-json\/wp\/v2\/media?parent=6416"}],"wp:term":[{"taxonomy":"category","embeddable":true,"href":"https:\/\/vieassociative.be\/actualites\/wp-json\/wp\/v2\/categories?post=6416"},{"taxonomy":"post_tag","embeddable":true,"href":"https:\/\/vieassociative.be\/actualites\/wp-json\/wp\/v2\/tags?post=6416"}],"curies":[{"name":"wp","href":"https:\/\/api.w.org\/{rel}","templated":true}]}}