{"id":6410,"date":"2025-04-04T06:20:24","date_gmt":"2025-04-04T04:20:24","guid":{"rendered":"https:\/\/vieassociative.be\/actualites\/cinq-facons-de-faire-en-sorte-quun-matelas-aerien-se-sente-comme-la-vraie-chose\/"},"modified":"2025-04-04T06:20:24","modified_gmt":"2025-04-04T04:20:24","slug":"cinq-facons-de-faire-en-sorte-quun-matelas-aerien-se-sente-comme-la-vraie-chose","status":"publish","type":"post","link":"https:\/\/vieassociative.be\/actualites\/cinq-facons-de-faire-en-sorte-quun-matelas-aerien-se-sente-comme-la-vraie-chose\/","title":{"rendered":"Cinq fa\u00e7ons de faire en sorte qu&rsquo;un matelas a\u00e9rien se sente comme la vraie chose"},"content":{"rendered":"<div class=\"mt-4 leading-6 md:mb-8\">Il est r\u00e9volu le temps que vos invit\u00e9s se r\u00e9veillent en touchant le sol.<\/div>\n<p><\/p>\n<p>Les matelas a\u00e9riens se sont consid\u00e9rablement am\u00e9lior\u00e9s au fil des ans, \u00e9voluant de ce qui \u00e9tait essentiellement de grands flotteurs de piscine, vers des mod\u00e8les d&rsquo;auto-inflation-hauteur de lit recouvert de tissu doux. <\/p>\n<p>Bien que rien ne soit aussi confortable qu&rsquo;un matelas r\u00e9el sur un cadre de lit, il est possible d&rsquo;\u00e9lever l&rsquo;exp\u00e9rience du matelas a\u00e9rien (ou de vos invit\u00e9s). Voici cinq fa\u00e7ons d&rsquo;aider \u00e0 faire en sorte qu&rsquo;un matelas a\u00e9rien se sente plus comme un vrai lit.<\/p>\n<h2 id=\"how-to-make-an-air-mattress-more-comfortable\">Comment rendre un matelas a\u00e9rien plus confortable<\/h2>\n<p>Que vous glampiez ou r\u00e9parez une chambre d&rsquo;amis, voici cinq fa\u00e7ons de faire en sorte qu&rsquo;un matelas a\u00e9rien se sente plus comme la vraie affaire:<\/p>\n<h3>Faire le lit (avec des draps)<\/h3>\n<p>Aussi tentant que cela puisse \u00eatre de simplement jeter une couverture et de jeter un oreiller sur le matelas et de l&rsquo;appeler une nuit, de le faire comme vous le feriez un lit traditionnel &#8211; avec une feuille ajust\u00e9e, une feuille plate, une (s) couverture (s) et un v\u00e9ritable oreiller dans une taie d&rsquo;oreiller &#8211; fait une \u00e9norme diff\u00e9rence.<\/p>\n<p>Non seulement cela ressemblera davantage \u00e0 grimper dans un vrai lit, mais cela aidera \u00e9galement \u00e0 att\u00e9nuer toutes les fluctuations de temp\u00e9rature. Parce que le matelas est litt\u00e9ralement plein d&rsquo;air, cet air deviendra plus chaud par temps chaud et plus frais par temps froid, selon le conseiller du sommeil. Mettre des draps sur le matelas peut vous rendre plus confortable car l&rsquo;air \u00e0 l&rsquo;int\u00e9rieur se r\u00e9chauffe ou se refroidit pendant la nuit.<\/p>\n<h3>Ajouter un matelas en haut<\/h3>\n<p>Qu&rsquo;il s&rsquo;agisse d&rsquo;un matelas a\u00e9rien, d&rsquo;un futon ou d&rsquo;un canap\u00e9-lit, ajoutant un matelas (avant de mettre les draps) peut aider beaucoup. Il n&rsquo;a pas besoin d&rsquo;\u00eatre sophistiqu\u00e9 ou cher: il y a beaucoup de hauts de forme de matelas d\u00e9cents disponibles pour moins de 20 $. En plus de rendre la surface plus douce, cela peut vous faire oublier que vous dormez sur un matelas en vinyle.<\/p>\n<h3>Mettez-le sur une surface douce<\/h3>\n<p>\u00c9tant donn\u00e9 que la plupart des matelas a\u00e9riens ont des fond en vinyle, lorsqu&rsquo;ils sont plac\u00e9s sur du bois dur, du stratifi\u00e9, des carreaux ou d&rsquo;autres types de sols durs, ils peuvent glisser pendant que vous dormez, ce qui entra\u00eene leur son de caisse signature. <\/p>\n<p>Pour \u00e9viter que cela ne se produise, mettez le matelas a\u00e9rien sur une surface moquette, si possible. Si ce n&rsquo;est pas une option, mettez un tapis \u00e0 lancer, un tapis de yoga ou m\u00eame une grande couverture ou une serviette sous le matelas avant de faire le lit.<\/p>\n<div class=\"pogoClear relative my-10 border-b-(1.5px) border-t-(1.5px) border-dashed border-black py-5 sm:my-14 sm:border-0 sm:py-0\" x-cloak x-data=\"{ commentsCount: null }\" x-init=\"commentsCount = await window.openweb.getMessagesCount(1850617371)\" x-show=\"commentsCount !== null &amp;&amp; commentsCount &gt; 0\">\n<div class=\"absolute top-1\/2 hidden w-full -translate-y-1\/2 border-t-(1.5px) border-dashed border-black sm:block\"><\/div>\n<div class=\"relative flex justify-center\">\n<div class=\"flex max-w-max items-center gap-x-3 bg-white px-5\">\n<div class=\"relative\">\n                <span class=\"absolute left-1\/2 top-1\/2 -translate-x-1\/2 -translate-y-1\/2 font-akshar text-sm font-medium text-black\" x-text=\"commentsCount\"><\/span><\/p>\n<p>                <svg class=\"h-8 w-8 text-black\">\n                    <use href=\"http:\/\/lifehacker.com\/images\/icons\/spritemap.svg#sprite-chat-bubble\"><\/use>\n                <\/svg>\n            <\/div>\n<p>            <span class=\"text-sm font-medium text-black\">Que pensez-vous jusqu&rsquo;\u00e0 pr\u00e9sent? <button class=\"font-semibold text-brand-green underline hover:text-brand-green-700\" onclick=\"window.openweb.scrollToComments(1850617371)\">Publier un commentaire.<\/button><\/span>\n        <\/div>\n<\/p><\/div>\n<\/div>\n<h3>Utilisez un mur comme t\u00eate de lit<\/h3>\n<p>Se r\u00e9veiller sur un matelas flottant au milieu d&rsquo;une pi\u00e8ce peut \u00e9galement donner l&rsquo;impression que vous dormez sur un flotteur de piscine ou un radeau. Si vous (ou votre invit\u00e9) dort g\u00e9n\u00e9ralement dans un lit avec une t\u00eate de lit et \/ ou un qui est pouss\u00e9 contre un mur, cela peut aider \u00e0 reproduire cette sensation avec un matelas a\u00e9rien. S&rsquo;il n&rsquo;y a pas assez d&rsquo;espace mural disponible, essayez de mettre le matelas a\u00e9rien contre un canap\u00e9.<\/p>\n<h3>Faire une mini chambre<\/h3>\n<p>Selon la dur\u00e9e de la dur\u00e9e de quelqu&rsquo;un sur un matelas a\u00e9rien &#8211; et de la quantit\u00e9 d&rsquo;efforts que vous \u00eates pr\u00eat \u00e0 consacrer &#8211; en le saisissant avec quelques pi\u00e8ces simples peut faire en sorte que la configuration se sente plus comme une vraie chambre. Encore une fois, cela n&rsquo;a pas besoin d&rsquo;\u00eatre sophistiqu\u00e9 ou compliqu\u00e9, et vous pouvez vous en tenir \u00e0 des pi\u00e8ces que vous avez d\u00e9j\u00e0 \u00e0 la maison.<\/p>\n<p>Par exemple, un tabouret, une chaise de cuisine simple (avec un si\u00e8ge plat et non cach\u00e9), ou m\u00eame une bo\u00eete ou un r\u00e9cipient (vous pouvez jeter une nappe ou une feuille sur le dessus si elle a l&rsquo;air bizarre) peut \u00eatre utilis\u00e9e comme table de nuit.<\/p>\n<p>Dans le m\u00eame sens, si le matelas n&rsquo;est pas pr\u00e8s d&rsquo;une prise \u00e9lectrique, ajoutez une rallonge ou une bande d&rsquo;alimentation pour que la personne qui dort puisse brancher son t\u00e9l\u00e9phone et tout autre appareil. De plus, vous pouvez utiliser l&rsquo;une des prises pour un certain type de lampe. Il n&rsquo;est pas n\u00e9cessaire que ce soit une lampe r\u00e9elle con\u00e7ue pour aller sur une table de chevet &#8211; juste quelque chose que la personne peut facilement s&rsquo;allumer et d\u00e9sactiver sans se lever.<\/p>\n<p>Les autres options incluent:<\/p>\n<ul>\n<li>\n<p>Mettre un petit tapis (ou m\u00eame un bain propre) \u00e0 c\u00f4t\u00e9 du lit<\/p>\n<\/li>\n<li>\n<p>D\u00e9finition de l&rsquo;espace autour du matelas en utilisant des plantes d&rsquo;int\u00e9rieur (les faux sont bien), une pile de livres ou quelque chose de similaire<\/p>\n<\/li>\n<li>\n<p>Appuyer sur un miroir contre un mur (ou au moins rendre un accessible)<\/p>\n<\/li>\n<li>\n<p>Ajout d&rsquo;un panier ou d&rsquo;un r\u00e9cipient de rangement avec des serviettes propres et \/ ou une couverture de rechange<\/p>\n<\/li>\n<\/ul>\n","protected":false},"excerpt":{"rendered":"<p>Il est r\u00e9volu le temps que vos invit\u00e9s se r\u00e9veillent en touchant le sol. Les matelas a\u00e9riens se sont consid\u00e9rablement am\u00e9lior\u00e9s au fil des ans,<\/p>\n","protected":false},"author":1,"featured_media":6411,"comment_status":"","ping_status":"","sticky":false,"template":"","format":"standard","meta":{"footnotes":""},"categories":[40],"tags":[6165,1651,317,1254,119,127,6164,1185,6166,1062,2131],"class_list":["post-6410","post","type-post","status-publish","format-standard","has-post-thumbnail","hentry","category-maison","tag-aerien","tag-chose","tag-cinq","tag-comme","tag-facons","tag-faire","tag-matelas","tag-quun","tag-sente","tag-sorte","tag-vraie","generate-columns","tablet-grid-50","mobile-grid-100","grid-parent","grid-33"],"yoast_head":"<!-- This site is optimized with the Yoast SEO plugin v24.0 - https:\/\/yoast.com\/wordpress\/plugins\/seo\/ -->\n<title>Cinq fa\u00e7ons de faire en sorte qu&#039;un matelas a\u00e9rien se sente comme la vraie chose | Vie Associative<\/title>\n<meta name=\"robots\" content=\"index, follow, max-snippet:-1, max-image-preview:large, max-video-preview:-1\" \/>\n<link rel=\"canonical\" href=\"https:\/\/vieassociative.be\/actualites\/cinq-facons-de-faire-en-sorte-quun-matelas-aerien-se-sente-comme-la-vraie-chose\/\" \/>\n<meta property=\"og:locale\" content=\"fr_FR\" \/>\n<meta property=\"og:type\" content=\"article\" \/>\n<meta property=\"og:title\" content=\"Cinq fa\u00e7ons de faire en sorte qu&#039;un matelas a\u00e9rien se sente comme la vraie chose | Vie Associative\" \/>\n<meta property=\"og:description\" content=\"Il est r\u00e9volu le temps que vos invit\u00e9s se r\u00e9veillent en touchant le sol. Les matelas a\u00e9riens se sont consid\u00e9rablement am\u00e9lior\u00e9s au fil des ans,\" \/>\n<meta property=\"og:url\" content=\"https:\/\/vieassociative.be\/actualites\/cinq-facons-de-faire-en-sorte-quun-matelas-aerien-se-sente-comme-la-vraie-chose\/\" \/>\n<meta property=\"og:site_name\" content=\"Vie Associative\" \/>\n<meta property=\"article:published_time\" content=\"2025-04-04T04:20:24+00:00\" \/>\n<meta property=\"og:image\" content=\"https:\/\/vieassociative.be\/actualites\/wp-content\/uploads\/2024\/09\/header_backgroundk-01-e1726694325946.png\" \/>\n\t<meta property=\"og:image:width\" content=\"279\" \/>\n\t<meta property=\"og:image:height\" content=\"92\" \/>\n\t<meta property=\"og:image:type\" content=\"image\/png\" \/>\n<meta name=\"author\" content=\"Julien\" \/>\n<meta name=\"twitter:card\" content=\"summary_large_image\" \/>\n<meta name=\"twitter:label1\" content=\"\u00c9crit par\" \/>\n\t<meta name=\"twitter:data1\" content=\"Julien\" \/>\n\t<meta name=\"twitter:label2\" content=\"Dur\u00e9e de lecture est.\" \/>\n\t<meta name=\"twitter:data2\" content=\"4 minutes\" \/>\n<script type=\"application\/ld+json\" class=\"yoast-schema-graph\">{\"@context\":\"https:\/\/schema.org\",\"@graph\":[{\"@type\":\"Article\",\"@id\":\"https:\/\/vieassociative.be\/actualites\/cinq-facons-de-faire-en-sorte-quun-matelas-aerien-se-sente-comme-la-vraie-chose\/#article\",\"isPartOf\":{\"@id\":\"https:\/\/vieassociative.be\/actualites\/cinq-facons-de-faire-en-sorte-quun-matelas-aerien-se-sente-comme-la-vraie-chose\/\"},\"author\":{\"name\":\"Julien\",\"@id\":\"https:\/\/vieassociative.be\/actualites\/#\/schema\/person\/b87ac4f82f9d4e7b7cec7395b679edc4\"},\"headline\":\"Cinq fa\u00e7ons de faire en sorte qu&rsquo;un matelas a\u00e9rien se sente comme la vraie chose\",\"datePublished\":\"2025-04-04T04:20:24+00:00\",\"dateModified\":\"2025-04-04T04:20:24+00:00\",\"mainEntityOfPage\":{\"@id\":\"https:\/\/vieassociative.be\/actualites\/cinq-facons-de-faire-en-sorte-quun-matelas-aerien-se-sente-comme-la-vraie-chose\/\"},\"wordCount\":914,\"publisher\":{\"@id\":\"https:\/\/vieassociative.be\/actualites\/#organization\"},\"image\":{\"@id\":\"https:\/\/vieassociative.be\/actualites\/cinq-facons-de-faire-en-sorte-quun-matelas-aerien-se-sente-comme-la-vraie-chose\/#primaryimage\"},\"thumbnailUrl\":\"https:\/\/vieassociative.be\/actualites\/wp-content\/uploads\/2025\/04\/Cinq-facons-de-faire-en-sorte-quun-matelas-aerien-se.jpg\",\"keywords\":[\"a\u00e9rien\",\"chose\",\"Cinq\",\"comme\",\"fa\u00e7ons\",\"faire\",\"matelas\",\"quun\",\"sente\",\"sorte\",\"vraie\"],\"articleSection\":[\"Maison\"],\"inLanguage\":\"fr-BE\"},{\"@type\":\"WebPage\",\"@id\":\"https:\/\/vieassociative.be\/actualites\/cinq-facons-de-faire-en-sorte-quun-matelas-aerien-se-sente-comme-la-vraie-chose\/\",\"url\":\"https:\/\/vieassociative.be\/actualites\/cinq-facons-de-faire-en-sorte-quun-matelas-aerien-se-sente-comme-la-vraie-chose\/\",\"name\":\"Cinq fa\u00e7ons de faire en sorte qu'un matelas a\u00e9rien se sente comme la vraie chose | Vie Associative\",\"isPartOf\":{\"@id\":\"https:\/\/vieassociative.be\/actualites\/#website\"},\"primaryImageOfPage\":{\"@id\":\"https:\/\/vieassociative.be\/actualites\/cinq-facons-de-faire-en-sorte-quun-matelas-aerien-se-sente-comme-la-vraie-chose\/#primaryimage\"},\"image\":{\"@id\":\"https:\/\/vieassociative.be\/actualites\/cinq-facons-de-faire-en-sorte-quun-matelas-aerien-se-sente-comme-la-vraie-chose\/#primaryimage\"},\"thumbnailUrl\":\"https:\/\/vieassociative.be\/actualites\/wp-content\/uploads\/2025\/04\/Cinq-facons-de-faire-en-sorte-quun-matelas-aerien-se.jpg\",\"datePublished\":\"2025-04-04T04:20:24+00:00\",\"dateModified\":\"2025-04-04T04:20:24+00:00\",\"breadcrumb\":{\"@id\":\"https:\/\/vieassociative.be\/actualites\/cinq-facons-de-faire-en-sorte-quun-matelas-aerien-se-sente-comme-la-vraie-chose\/#breadcrumb\"},\"inLanguage\":\"fr-BE\",\"potentialAction\":[{\"@type\":\"ReadAction\",\"target\":[\"https:\/\/vieassociative.be\/actualites\/cinq-facons-de-faire-en-sorte-quun-matelas-aerien-se-sente-comme-la-vraie-chose\/\"]}]},{\"@type\":\"ImageObject\",\"inLanguage\":\"fr-BE\",\"@id\":\"https:\/\/vieassociative.be\/actualites\/cinq-facons-de-faire-en-sorte-quun-matelas-aerien-se-sente-comme-la-vraie-chose\/#primaryimage\",\"url\":\"https:\/\/vieassociative.be\/actualites\/wp-content\/uploads\/2025\/04\/Cinq-facons-de-faire-en-sorte-quun-matelas-aerien-se.jpg\",\"contentUrl\":\"https:\/\/vieassociative.be\/actualites\/wp-content\/uploads\/2025\/04\/Cinq-facons-de-faire-en-sorte-quun-matelas-aerien-se.jpg\",\"width\":1200,\"height\":675,\"caption\":\"Cinq fa\u00e7ons de faire en sorte qu'un matelas a\u00e9rien se sente comme la vraie chose\"},{\"@type\":\"BreadcrumbList\",\"@id\":\"https:\/\/vieassociative.be\/actualites\/cinq-facons-de-faire-en-sorte-quun-matelas-aerien-se-sente-comme-la-vraie-chose\/#breadcrumb\",\"itemListElement\":[{\"@type\":\"ListItem\",\"position\":1,\"name\":\"Accueil\",\"item\":\"https:\/\/vieassociative.be\/actualites\/\"},{\"@type\":\"ListItem\",\"position\":2,\"name\":\"Cinq fa\u00e7ons de faire en sorte qu&rsquo;un matelas a\u00e9rien se sente comme la vraie chose\"}]},{\"@type\":\"WebSite\",\"@id\":\"https:\/\/vieassociative.be\/actualites\/#website\",\"url\":\"https:\/\/vieassociative.be\/actualites\/\",\"name\":\"Vie Associative\",\"description\":\"\",\"publisher\":{\"@id\":\"https:\/\/vieassociative.be\/actualites\/#organization\"},\"potentialAction\":[{\"@type\":\"SearchAction\",\"target\":{\"@type\":\"EntryPoint\",\"urlTemplate\":\"https:\/\/vieassociative.be\/actualites\/?s={search_term_string}\"},\"query-input\":{\"@type\":\"PropertyValueSpecification\",\"valueRequired\":true,\"valueName\":\"search_term_string\"}}],\"inLanguage\":\"fr-BE\"},{\"@type\":\"Organization\",\"@id\":\"https:\/\/vieassociative.be\/actualites\/#organization\",\"name\":\"Vie Associative\",\"url\":\"https:\/\/vieassociative.be\/actualites\/\",\"logo\":{\"@type\":\"ImageObject\",\"inLanguage\":\"fr-BE\",\"@id\":\"https:\/\/vieassociative.be\/actualites\/#\/schema\/logo\/image\/\",\"url\":\"https:\/\/vieassociative.be\/actualites\/wp-content\/uploads\/2024\/09\/cropped-vieassociative_favicon.ico.png\",\"contentUrl\":\"https:\/\/vieassociative.be\/actualites\/wp-content\/uploads\/2024\/09\/cropped-vieassociative_favicon.ico.png\",\"width\":512,\"height\":512,\"caption\":\"Vie Associative\"},\"image\":{\"@id\":\"https:\/\/vieassociative.be\/actualites\/#\/schema\/logo\/image\/\"}},{\"@type\":\"Person\",\"@id\":\"https:\/\/vieassociative.be\/actualites\/#\/schema\/person\/b87ac4f82f9d4e7b7cec7395b679edc4\",\"name\":\"Julien\",\"image\":{\"@type\":\"ImageObject\",\"inLanguage\":\"fr-BE\",\"@id\":\"https:\/\/vieassociative.be\/actualites\/#\/schema\/person\/image\/\",\"url\":\"https:\/\/vieassociative.be\/actualites\/wp-content\/uploads\/2024\/09\/vie-associative-1-150x150.jpg\",\"contentUrl\":\"https:\/\/vieassociative.be\/actualites\/wp-content\/uploads\/2024\/09\/vie-associative-1-150x150.jpg\",\"caption\":\"Julien\"},\"description\":\"Je suis Julien, r\u00e9dacteur pour Vie Associative. Passionn\u00e9 par le monde associatif depuis plus de 10 ans, j'ai \u00e0 c\u0153ur de partager des histoires inspirantes et de mettre en lumi\u00e8re les initiatives locales. Mon objectif est de sensibiliser et d'encourager l'engagement communautaire \u00e0 travers mes articles.\",\"sameAs\":[\"https:\/\/vieassociative.be\/\"]}]}<\/script>\n<!-- \/ Yoast SEO plugin. -->","yoast_head_json":{"title":"Cinq fa\u00e7ons de faire en sorte qu'un matelas a\u00e9rien se sente comme la vraie chose | Vie Associative","robots":{"index":"index","follow":"follow","max-snippet":"max-snippet:-1","max-image-preview":"max-image-preview:large","max-video-preview":"max-video-preview:-1"},"canonical":"https:\/\/vieassociative.be\/actualites\/cinq-facons-de-faire-en-sorte-quun-matelas-aerien-se-sente-comme-la-vraie-chose\/","og_locale":"fr_FR","og_type":"article","og_title":"Cinq fa\u00e7ons de faire en sorte qu'un matelas a\u00e9rien se sente comme la vraie chose | Vie Associative","og_description":"Il est r\u00e9volu le temps que vos invit\u00e9s se r\u00e9veillent en touchant le sol. Les matelas a\u00e9riens se sont consid\u00e9rablement am\u00e9lior\u00e9s au fil des ans,","og_url":"https:\/\/vieassociative.be\/actualites\/cinq-facons-de-faire-en-sorte-quun-matelas-aerien-se-sente-comme-la-vraie-chose\/","og_site_name":"Vie Associative","article_published_time":"2025-04-04T04:20:24+00:00","og_image":[{"width":279,"height":92,"url":"https:\/\/vieassociative.be\/actualites\/wp-content\/uploads\/2024\/09\/header_backgroundk-01-e1726694325946.png","type":"image\/png"}],"author":"Julien","twitter_card":"summary_large_image","twitter_misc":{"\u00c9crit par":"Julien","Dur\u00e9e de lecture est.":"4 minutes"},"schema":{"@context":"https:\/\/schema.org","@graph":[{"@type":"Article","@id":"https:\/\/vieassociative.be\/actualites\/cinq-facons-de-faire-en-sorte-quun-matelas-aerien-se-sente-comme-la-vraie-chose\/#article","isPartOf":{"@id":"https:\/\/vieassociative.be\/actualites\/cinq-facons-de-faire-en-sorte-quun-matelas-aerien-se-sente-comme-la-vraie-chose\/"},"author":{"name":"Julien","@id":"https:\/\/vieassociative.be\/actualites\/#\/schema\/person\/b87ac4f82f9d4e7b7cec7395b679edc4"},"headline":"Cinq fa\u00e7ons de faire en sorte qu&rsquo;un matelas a\u00e9rien se sente comme la vraie chose","datePublished":"2025-04-04T04:20:24+00:00","dateModified":"2025-04-04T04:20:24+00:00","mainEntityOfPage":{"@id":"https:\/\/vieassociative.be\/actualites\/cinq-facons-de-faire-en-sorte-quun-matelas-aerien-se-sente-comme-la-vraie-chose\/"},"wordCount":914,"publisher":{"@id":"https:\/\/vieassociative.be\/actualites\/#organization"},"image":{"@id":"https:\/\/vieassociative.be\/actualites\/cinq-facons-de-faire-en-sorte-quun-matelas-aerien-se-sente-comme-la-vraie-chose\/#primaryimage"},"thumbnailUrl":"https:\/\/vieassociative.be\/actualites\/wp-content\/uploads\/2025\/04\/Cinq-facons-de-faire-en-sorte-quun-matelas-aerien-se.jpg","keywords":["a\u00e9rien","chose","Cinq","comme","fa\u00e7ons","faire","matelas","quun","sente","sorte","vraie"],"articleSection":["Maison"],"inLanguage":"fr-BE"},{"@type":"WebPage","@id":"https:\/\/vieassociative.be\/actualites\/cinq-facons-de-faire-en-sorte-quun-matelas-aerien-se-sente-comme-la-vraie-chose\/","url":"https:\/\/vieassociative.be\/actualites\/cinq-facons-de-faire-en-sorte-quun-matelas-aerien-se-sente-comme-la-vraie-chose\/","name":"Cinq fa\u00e7ons de faire en sorte qu'un matelas a\u00e9rien se sente comme la vraie chose | Vie Associative","isPartOf":{"@id":"https:\/\/vieassociative.be\/actualites\/#website"},"primaryImageOfPage":{"@id":"https:\/\/vieassociative.be\/actualites\/cinq-facons-de-faire-en-sorte-quun-matelas-aerien-se-sente-comme-la-vraie-chose\/#primaryimage"},"image":{"@id":"https:\/\/vieassociative.be\/actualites\/cinq-facons-de-faire-en-sorte-quun-matelas-aerien-se-sente-comme-la-vraie-chose\/#primaryimage"},"thumbnailUrl":"https:\/\/vieassociative.be\/actualites\/wp-content\/uploads\/2025\/04\/Cinq-facons-de-faire-en-sorte-quun-matelas-aerien-se.jpg","datePublished":"2025-04-04T04:20:24+00:00","dateModified":"2025-04-04T04:20:24+00:00","breadcrumb":{"@id":"https:\/\/vieassociative.be\/actualites\/cinq-facons-de-faire-en-sorte-quun-matelas-aerien-se-sente-comme-la-vraie-chose\/#breadcrumb"},"inLanguage":"fr-BE","potentialAction":[{"@type":"ReadAction","target":["https:\/\/vieassociative.be\/actualites\/cinq-facons-de-faire-en-sorte-quun-matelas-aerien-se-sente-comme-la-vraie-chose\/"]}]},{"@type":"ImageObject","inLanguage":"fr-BE","@id":"https:\/\/vieassociative.be\/actualites\/cinq-facons-de-faire-en-sorte-quun-matelas-aerien-se-sente-comme-la-vraie-chose\/#primaryimage","url":"https:\/\/vieassociative.be\/actualites\/wp-content\/uploads\/2025\/04\/Cinq-facons-de-faire-en-sorte-quun-matelas-aerien-se.jpg","contentUrl":"https:\/\/vieassociative.be\/actualites\/wp-content\/uploads\/2025\/04\/Cinq-facons-de-faire-en-sorte-quun-matelas-aerien-se.jpg","width":1200,"height":675,"caption":"Cinq fa\u00e7ons de faire en sorte qu'un matelas a\u00e9rien se sente comme la vraie chose"},{"@type":"BreadcrumbList","@id":"https:\/\/vieassociative.be\/actualites\/cinq-facons-de-faire-en-sorte-quun-matelas-aerien-se-sente-comme-la-vraie-chose\/#breadcrumb","itemListElement":[{"@type":"ListItem","position":1,"name":"Accueil","item":"https:\/\/vieassociative.be\/actualites\/"},{"@type":"ListItem","position":2,"name":"Cinq fa\u00e7ons de faire en sorte qu&rsquo;un matelas a\u00e9rien se sente comme la vraie chose"}]},{"@type":"WebSite","@id":"https:\/\/vieassociative.be\/actualites\/#website","url":"https:\/\/vieassociative.be\/actualites\/","name":"Vie Associative","description":"","publisher":{"@id":"https:\/\/vieassociative.be\/actualites\/#organization"},"potentialAction":[{"@type":"SearchAction","target":{"@type":"EntryPoint","urlTemplate":"https:\/\/vieassociative.be\/actualites\/?s={search_term_string}"},"query-input":{"@type":"PropertyValueSpecification","valueRequired":true,"valueName":"search_term_string"}}],"inLanguage":"fr-BE"},{"@type":"Organization","@id":"https:\/\/vieassociative.be\/actualites\/#organization","name":"Vie Associative","url":"https:\/\/vieassociative.be\/actualites\/","logo":{"@type":"ImageObject","inLanguage":"fr-BE","@id":"https:\/\/vieassociative.be\/actualites\/#\/schema\/logo\/image\/","url":"https:\/\/vieassociative.be\/actualites\/wp-content\/uploads\/2024\/09\/cropped-vieassociative_favicon.ico.png","contentUrl":"https:\/\/vieassociative.be\/actualites\/wp-content\/uploads\/2024\/09\/cropped-vieassociative_favicon.ico.png","width":512,"height":512,"caption":"Vie Associative"},"image":{"@id":"https:\/\/vieassociative.be\/actualites\/#\/schema\/logo\/image\/"}},{"@type":"Person","@id":"https:\/\/vieassociative.be\/actualites\/#\/schema\/person\/b87ac4f82f9d4e7b7cec7395b679edc4","name":"Julien","image":{"@type":"ImageObject","inLanguage":"fr-BE","@id":"https:\/\/vieassociative.be\/actualites\/#\/schema\/person\/image\/","url":"https:\/\/vieassociative.be\/actualites\/wp-content\/uploads\/2024\/09\/vie-associative-1-150x150.jpg","contentUrl":"https:\/\/vieassociative.be\/actualites\/wp-content\/uploads\/2024\/09\/vie-associative-1-150x150.jpg","caption":"Julien"},"description":"Je suis Julien, r\u00e9dacteur pour Vie Associative. Passionn\u00e9 par le monde associatif depuis plus de 10 ans, j'ai \u00e0 c\u0153ur de partager des histoires inspirantes et de mettre en lumi\u00e8re les initiatives locales. Mon objectif est de sensibiliser et d'encourager l'engagement communautaire \u00e0 travers mes articles.","sameAs":["https:\/\/vieassociative.be\/"]}]}},"_links":{"self":[{"href":"https:\/\/vieassociative.be\/actualites\/wp-json\/wp\/v2\/posts\/6410"}],"collection":[{"href":"https:\/\/vieassociative.be\/actualites\/wp-json\/wp\/v2\/posts"}],"about":[{"href":"https:\/\/vieassociative.be\/actualites\/wp-json\/wp\/v2\/types\/post"}],"author":[{"embeddable":true,"href":"https:\/\/vieassociative.be\/actualites\/wp-json\/wp\/v2\/users\/1"}],"replies":[{"embeddable":true,"href":"https:\/\/vieassociative.be\/actualites\/wp-json\/wp\/v2\/comments?post=6410"}],"version-history":[{"count":0,"href":"https:\/\/vieassociative.be\/actualites\/wp-json\/wp\/v2\/posts\/6410\/revisions"}],"wp:featuredmedia":[{"embeddable":true,"href":"https:\/\/vieassociative.be\/actualites\/wp-json\/wp\/v2\/media\/6411"}],"wp:attachment":[{"href":"https:\/\/vieassociative.be\/actualites\/wp-json\/wp\/v2\/media?parent=6410"}],"wp:term":[{"taxonomy":"category","embeddable":true,"href":"https:\/\/vieassociative.be\/actualites\/wp-json\/wp\/v2\/categories?post=6410"},{"taxonomy":"post_tag","embeddable":true,"href":"https:\/\/vieassociative.be\/actualites\/wp-json\/wp\/v2\/tags?post=6410"}],"curies":[{"name":"wp","href":"https:\/\/api.w.org\/{rel}","templated":true}]}}