{"id":6408,"date":"2025-04-04T04:20:12","date_gmt":"2025-04-04T02:20:12","guid":{"rendered":"https:\/\/vieassociative.be\/actualites\/offre-demploi-gestionnaire-de-reussite-client\/"},"modified":"2025-04-04T04:20:12","modified_gmt":"2025-04-04T02:20:12","slug":"offre-demploi-gestionnaire-de-reussite-client","status":"publish","type":"post","link":"https:\/\/vieassociative.be\/actualites\/offre-demploi-gestionnaire-de-reussite-client\/","title":{"rendered":"Offre d&#8217;emploi: gestionnaire de r\u00e9ussite client"},"content":{"rendered":"<p>En tant que gestionnaire de r\u00e9ussite client, vous prenez soin de nos clients avec lesquels vous communiquez par t\u00e9l\u00e9phone ou par e-mail pour r\u00e9pondre \u00e0 toutes les questions sur Billit et trouver des solutions sur mesure. Si n\u00e9cessaire, vous travaillez \u00e9galement avec d&rsquo;autres \u00e9quipes de notre si\u00e8ge social \u00e0 Gand.<\/p>\n<p><span id=\"more-412733\"><\/span>Dans le cadre des ateliers, vous pouvez utiliser votre persuassivit\u00e9 pour convaincre, entre autres, des employ\u00e9s auto-employ\u00e9s et fiscaux de Billit. Vous vous assurez que nos clients deviennent de vrais ambassadeurs de Billit et que le message de la qualit\u00e9 et de la fiabilit\u00e9 de notre produit se propage.<\/p>\n<p><strong>Votre profil<\/strong><\/p>\n<ul>\n<li style=\"list-style-type: none;\">\n<ul>\n<li>Vous \u00eates un v\u00e9ritable solveur de probl\u00e8mes et aimez travailler de mani\u00e8re ind\u00e9pendante.<\/li>\n<li>Vous aimez les contacts personnels avec les gens et n&rsquo;avez pas peur d&rsquo;atteindre le t\u00e9l\u00e9phone pour clarifier les questions.<\/li>\n<li>Vous \u00eates chez vous dans le monde num\u00e9rique et en mesure de vous familiariser avec des sujets complexes et d&rsquo;expliquer ces autres facilement.<\/li>\n<li>Vous reconnaissez les probl\u00e8mes potentiels et, si n\u00e9cessaire, les r\u00e9solvez en \u00e9troite coop\u00e9ration avec d&rsquo;autres \u00e9quipes.<\/li>\n<li>Vous prenez l&rsquo;initiative et osez apporter de nouvelles id\u00e9es. Vous \u00eates fier de modifier vos projets du d\u00e9but \u00e0 la fin.<\/li>\n<\/ul>\n<\/li>\n<\/ul>\n<p><strong>Vos qualit\u00e9s<\/strong><\/p>\n<ul>\n<li style=\"list-style-type: none;\">\n<ul>\n<li style=\"list-style-type: none;\">\n<ul>\n<li>Vous avez un esprit d&rsquo;entreprise et vous \u00eates la technologie auin.<\/li>\n<li>Vous avez de l&rsquo;exp\u00e9rience avec le SaaS ou \u00eates pr\u00eat \u00e0 vous familiariser intensivement dans ce sujet.<\/li>\n<li>Vous dominez parfaitement l&rsquo;allemand et la langue fran\u00e7aise. La langue de l&rsquo;\u00e9quipe de tous les jours est l&rsquo;anglais.<\/li>\n<li>Vous avez d\u00e9j\u00e0 acquis une exp\u00e9rience initiale dans le domaine de B2B ou pouvez d\u00e9montrer des exp\u00e9riences comparables pertinentes.<\/li>\n<li>Votre motivation est plus importante pour nous que vos certificats. Convainquez-nous que vous \u00eates le candidat id\u00e9al!<\/li>\n<\/ul>\n<\/li>\n<\/ul>\n<\/li>\n<\/ul>\n<p><strong>Que vous offrons-nous?<\/strong><\/p>\n<ul>\n<li style=\"list-style-type: none;\">\n<ul>\n<li style=\"list-style-type: none;\">\n<ul>\n<li style=\"list-style-type: none;\">\n<ul>\n<li style=\"list-style-type: none;\">\n<ul>\n<li>Une formation interne dans laquelle vous \u00eates notre plateforme et notre entreprise<br \/>\nApprenez \u00e0 conna\u00eetre.<\/li>\n<li>Un lieu de travail attrayant au c\u0153ur de Bruxelles.<\/li>\n<li>Une \u00e9quipe de coll\u00e8gues internationaux sympathiques et enthousiastes qui aiment boire une bi\u00e8re ensemble apr\u00e8s le travail.<\/li>\n<li>La possibilit\u00e9 de travailler dans les heures de travail Homeouice et flexibles.<\/li>\n<li>Espace pour l&rsquo;initiative et le d\u00e9veloppement ult\u00e9rieur.<\/li>\n<li>Un contenu attrayant.<\/li>\n<li>Confiance et la possibilit\u00e9 de d\u00e9velopper davantage votre travail.<\/li>\n<\/ul>\n<\/li>\n<\/ul>\n<\/li>\n<\/ul>\n<p><strong>Comment postulez-vous?<\/strong><\/p>\n<ul>\n<li style=\"list-style-type: none;\">\n<ul>\n<li style=\"list-style-type: none;\">\n<ul>\n<li style=\"list-style-type: none;\">\n<ul>\n<li style=\"list-style-type: none;\">\n<ul>\n<p>Envoyez simplement votre curriculum vitae \u00e0 Thomas Philipp Reiter <u>thomas@billit.eu<\/u>. Convainquez-nous dans votre lettre de candidature de vos talents. Nous devions d\u00e9j\u00e0 que vous \u00eates tr\u00e8s motiv\u00e9 &#8211; nous attendons avec impatience une application authentique et originale!\n\t    \t\t\t<\/ul>\n<\/li>\n<\/ul>\n<\/li>\n<\/ul>\n<\/li>\n<\/ul>\n<\/li>\n<\/ul>\n<\/li>\n<\/ul>\n<\/li>\n<\/ul>\n","protected":false},"excerpt":{"rendered":"<p>En tant que gestionnaire de r\u00e9ussite client, vous prenez soin de nos clients avec lesquels vous communiquez par t\u00e9l\u00e9phone ou par e-mail pour r\u00e9pondre \u00e0<\/p>\n","protected":false},"author":1,"featured_media":6409,"comment_status":"","ping_status":"","sticky":false,"template":"","format":"standard","meta":{"footnotes":""},"categories":[298],"tags":[3223,2190,5803,50,3179],"class_list":["post-6408","post","type-post","status-publish","format-standard","has-post-thumbnail","hentry","category-belgique","tag-client","tag-demploi","tag-gestionnaire","tag-offre","tag-reussite","generate-columns","tablet-grid-50","mobile-grid-100","grid-parent","grid-33"],"yoast_head":"<!-- This site is optimized with the Yoast SEO plugin v24.0 - https:\/\/yoast.com\/wordpress\/plugins\/seo\/ -->\n<title>Offre d&#039;emploi: gestionnaire de r\u00e9ussite client | Vie Associative<\/title>\n<meta name=\"robots\" content=\"index, follow, max-snippet:-1, max-image-preview:large, max-video-preview:-1\" \/>\n<link rel=\"canonical\" href=\"https:\/\/vieassociative.be\/actualites\/offre-demploi-gestionnaire-de-reussite-client\/\" \/>\n<meta property=\"og:locale\" content=\"fr_FR\" \/>\n<meta property=\"og:type\" content=\"article\" \/>\n<meta property=\"og:title\" content=\"Offre d&#039;emploi: gestionnaire de r\u00e9ussite client | Vie Associative\" \/>\n<meta property=\"og:description\" content=\"En tant que gestionnaire de r\u00e9ussite client, vous prenez soin de nos clients avec lesquels vous communiquez par t\u00e9l\u00e9phone ou par e-mail pour r\u00e9pondre \u00e0\" \/>\n<meta property=\"og:url\" content=\"https:\/\/vieassociative.be\/actualites\/offre-demploi-gestionnaire-de-reussite-client\/\" \/>\n<meta property=\"og:site_name\" content=\"Vie Associative\" \/>\n<meta property=\"article:published_time\" content=\"2025-04-04T02:20:12+00:00\" \/>\n<meta property=\"og:image\" content=\"https:\/\/vieassociative.be\/actualites\/wp-content\/uploads\/2024\/09\/header_backgroundk-01-e1726694325946.png\" \/>\n\t<meta property=\"og:image:width\" content=\"279\" \/>\n\t<meta property=\"og:image:height\" content=\"92\" \/>\n\t<meta property=\"og:image:type\" content=\"image\/png\" \/>\n<meta name=\"author\" content=\"Julien\" \/>\n<meta name=\"twitter:card\" content=\"summary_large_image\" \/>\n<meta name=\"twitter:label1\" content=\"\u00c9crit par\" \/>\n\t<meta name=\"twitter:data1\" content=\"Julien\" \/>\n\t<meta name=\"twitter:label2\" content=\"Dur\u00e9e de lecture est.\" \/>\n\t<meta name=\"twitter:data2\" content=\"2 minutes\" \/>\n<script type=\"application\/ld+json\" class=\"yoast-schema-graph\">{\"@context\":\"https:\/\/schema.org\",\"@graph\":[{\"@type\":\"Article\",\"@id\":\"https:\/\/vieassociative.be\/actualites\/offre-demploi-gestionnaire-de-reussite-client\/#article\",\"isPartOf\":{\"@id\":\"https:\/\/vieassociative.be\/actualites\/offre-demploi-gestionnaire-de-reussite-client\/\"},\"author\":{\"name\":\"Julien\",\"@id\":\"https:\/\/vieassociative.be\/actualites\/#\/schema\/person\/b87ac4f82f9d4e7b7cec7395b679edc4\"},\"headline\":\"Offre d&#8217;emploi: gestionnaire de r\u00e9ussite client\",\"datePublished\":\"2025-04-04T02:20:12+00:00\",\"dateModified\":\"2025-04-04T02:20:12+00:00\",\"mainEntityOfPage\":{\"@id\":\"https:\/\/vieassociative.be\/actualites\/offre-demploi-gestionnaire-de-reussite-client\/\"},\"wordCount\":448,\"publisher\":{\"@id\":\"https:\/\/vieassociative.be\/actualites\/#organization\"},\"image\":{\"@id\":\"https:\/\/vieassociative.be\/actualites\/offre-demploi-gestionnaire-de-reussite-client\/#primaryimage\"},\"thumbnailUrl\":\"https:\/\/vieassociative.be\/actualites\/wp-content\/uploads\/2025\/04\/Offre-demploi-gestionnaire-de-reussite-client.jpg\",\"keywords\":[\"client\",\"demploi\",\"gestionnaire\",\"offre\",\"r\u00e9ussite\"],\"articleSection\":[\"Belgique\"],\"inLanguage\":\"fr-BE\"},{\"@type\":\"WebPage\",\"@id\":\"https:\/\/vieassociative.be\/actualites\/offre-demploi-gestionnaire-de-reussite-client\/\",\"url\":\"https:\/\/vieassociative.be\/actualites\/offre-demploi-gestionnaire-de-reussite-client\/\",\"name\":\"Offre d'emploi: gestionnaire de r\u00e9ussite client | Vie Associative\",\"isPartOf\":{\"@id\":\"https:\/\/vieassociative.be\/actualites\/#website\"},\"primaryImageOfPage\":{\"@id\":\"https:\/\/vieassociative.be\/actualites\/offre-demploi-gestionnaire-de-reussite-client\/#primaryimage\"},\"image\":{\"@id\":\"https:\/\/vieassociative.be\/actualites\/offre-demploi-gestionnaire-de-reussite-client\/#primaryimage\"},\"thumbnailUrl\":\"https:\/\/vieassociative.be\/actualites\/wp-content\/uploads\/2025\/04\/Offre-demploi-gestionnaire-de-reussite-client.jpg\",\"datePublished\":\"2025-04-04T02:20:12+00:00\",\"dateModified\":\"2025-04-04T02:20:12+00:00\",\"breadcrumb\":{\"@id\":\"https:\/\/vieassociative.be\/actualites\/offre-demploi-gestionnaire-de-reussite-client\/#breadcrumb\"},\"inLanguage\":\"fr-BE\",\"potentialAction\":[{\"@type\":\"ReadAction\",\"target\":[\"https:\/\/vieassociative.be\/actualites\/offre-demploi-gestionnaire-de-reussite-client\/\"]}]},{\"@type\":\"ImageObject\",\"inLanguage\":\"fr-BE\",\"@id\":\"https:\/\/vieassociative.be\/actualites\/offre-demploi-gestionnaire-de-reussite-client\/#primaryimage\",\"url\":\"https:\/\/vieassociative.be\/actualites\/wp-content\/uploads\/2025\/04\/Offre-demploi-gestionnaire-de-reussite-client.jpg\",\"contentUrl\":\"https:\/\/vieassociative.be\/actualites\/wp-content\/uploads\/2025\/04\/Offre-demploi-gestionnaire-de-reussite-client.jpg\",\"width\":1200,\"height\":675,\"caption\":\"Offre d'emploi: gestionnaire de r\u00e9ussite client\"},{\"@type\":\"BreadcrumbList\",\"@id\":\"https:\/\/vieassociative.be\/actualites\/offre-demploi-gestionnaire-de-reussite-client\/#breadcrumb\",\"itemListElement\":[{\"@type\":\"ListItem\",\"position\":1,\"name\":\"Accueil\",\"item\":\"https:\/\/vieassociative.be\/actualites\/\"},{\"@type\":\"ListItem\",\"position\":2,\"name\":\"Offre d&#8217;emploi: gestionnaire de r\u00e9ussite client\"}]},{\"@type\":\"WebSite\",\"@id\":\"https:\/\/vieassociative.be\/actualites\/#website\",\"url\":\"https:\/\/vieassociative.be\/actualites\/\",\"name\":\"Vie Associative\",\"description\":\"\",\"publisher\":{\"@id\":\"https:\/\/vieassociative.be\/actualites\/#organization\"},\"potentialAction\":[{\"@type\":\"SearchAction\",\"target\":{\"@type\":\"EntryPoint\",\"urlTemplate\":\"https:\/\/vieassociative.be\/actualites\/?s={search_term_string}\"},\"query-input\":{\"@type\":\"PropertyValueSpecification\",\"valueRequired\":true,\"valueName\":\"search_term_string\"}}],\"inLanguage\":\"fr-BE\"},{\"@type\":\"Organization\",\"@id\":\"https:\/\/vieassociative.be\/actualites\/#organization\",\"name\":\"Vie Associative\",\"url\":\"https:\/\/vieassociative.be\/actualites\/\",\"logo\":{\"@type\":\"ImageObject\",\"inLanguage\":\"fr-BE\",\"@id\":\"https:\/\/vieassociative.be\/actualites\/#\/schema\/logo\/image\/\",\"url\":\"https:\/\/vieassociative.be\/actualites\/wp-content\/uploads\/2024\/09\/cropped-vieassociative_favicon.ico.png\",\"contentUrl\":\"https:\/\/vieassociative.be\/actualites\/wp-content\/uploads\/2024\/09\/cropped-vieassociative_favicon.ico.png\",\"width\":512,\"height\":512,\"caption\":\"Vie Associative\"},\"image\":{\"@id\":\"https:\/\/vieassociative.be\/actualites\/#\/schema\/logo\/image\/\"}},{\"@type\":\"Person\",\"@id\":\"https:\/\/vieassociative.be\/actualites\/#\/schema\/person\/b87ac4f82f9d4e7b7cec7395b679edc4\",\"name\":\"Julien\",\"image\":{\"@type\":\"ImageObject\",\"inLanguage\":\"fr-BE\",\"@id\":\"https:\/\/vieassociative.be\/actualites\/#\/schema\/person\/image\/\",\"url\":\"https:\/\/vieassociative.be\/actualites\/wp-content\/uploads\/2024\/09\/vie-associative-1-150x150.jpg\",\"contentUrl\":\"https:\/\/vieassociative.be\/actualites\/wp-content\/uploads\/2024\/09\/vie-associative-1-150x150.jpg\",\"caption\":\"Julien\"},\"description\":\"Je suis Julien, r\u00e9dacteur pour Vie Associative. Passionn\u00e9 par le monde associatif depuis plus de 10 ans, j'ai \u00e0 c\u0153ur de partager des histoires inspirantes et de mettre en lumi\u00e8re les initiatives locales. Mon objectif est de sensibiliser et d'encourager l'engagement communautaire \u00e0 travers mes articles.\",\"sameAs\":[\"https:\/\/vieassociative.be\/\"]}]}<\/script>\n<!-- \/ Yoast SEO plugin. -->","yoast_head_json":{"title":"Offre d'emploi: gestionnaire de r\u00e9ussite client | Vie Associative","robots":{"index":"index","follow":"follow","max-snippet":"max-snippet:-1","max-image-preview":"max-image-preview:large","max-video-preview":"max-video-preview:-1"},"canonical":"https:\/\/vieassociative.be\/actualites\/offre-demploi-gestionnaire-de-reussite-client\/","og_locale":"fr_FR","og_type":"article","og_title":"Offre d'emploi: gestionnaire de r\u00e9ussite client | Vie Associative","og_description":"En tant que gestionnaire de r\u00e9ussite client, vous prenez soin de nos clients avec lesquels vous communiquez par t\u00e9l\u00e9phone ou par e-mail pour r\u00e9pondre \u00e0","og_url":"https:\/\/vieassociative.be\/actualites\/offre-demploi-gestionnaire-de-reussite-client\/","og_site_name":"Vie Associative","article_published_time":"2025-04-04T02:20:12+00:00","og_image":[{"width":279,"height":92,"url":"https:\/\/vieassociative.be\/actualites\/wp-content\/uploads\/2024\/09\/header_backgroundk-01-e1726694325946.png","type":"image\/png"}],"author":"Julien","twitter_card":"summary_large_image","twitter_misc":{"\u00c9crit par":"Julien","Dur\u00e9e de lecture est.":"2 minutes"},"schema":{"@context":"https:\/\/schema.org","@graph":[{"@type":"Article","@id":"https:\/\/vieassociative.be\/actualites\/offre-demploi-gestionnaire-de-reussite-client\/#article","isPartOf":{"@id":"https:\/\/vieassociative.be\/actualites\/offre-demploi-gestionnaire-de-reussite-client\/"},"author":{"name":"Julien","@id":"https:\/\/vieassociative.be\/actualites\/#\/schema\/person\/b87ac4f82f9d4e7b7cec7395b679edc4"},"headline":"Offre d&#8217;emploi: gestionnaire de r\u00e9ussite client","datePublished":"2025-04-04T02:20:12+00:00","dateModified":"2025-04-04T02:20:12+00:00","mainEntityOfPage":{"@id":"https:\/\/vieassociative.be\/actualites\/offre-demploi-gestionnaire-de-reussite-client\/"},"wordCount":448,"publisher":{"@id":"https:\/\/vieassociative.be\/actualites\/#organization"},"image":{"@id":"https:\/\/vieassociative.be\/actualites\/offre-demploi-gestionnaire-de-reussite-client\/#primaryimage"},"thumbnailUrl":"https:\/\/vieassociative.be\/actualites\/wp-content\/uploads\/2025\/04\/Offre-demploi-gestionnaire-de-reussite-client.jpg","keywords":["client","demploi","gestionnaire","offre","r\u00e9ussite"],"articleSection":["Belgique"],"inLanguage":"fr-BE"},{"@type":"WebPage","@id":"https:\/\/vieassociative.be\/actualites\/offre-demploi-gestionnaire-de-reussite-client\/","url":"https:\/\/vieassociative.be\/actualites\/offre-demploi-gestionnaire-de-reussite-client\/","name":"Offre d'emploi: gestionnaire de r\u00e9ussite client | Vie Associative","isPartOf":{"@id":"https:\/\/vieassociative.be\/actualites\/#website"},"primaryImageOfPage":{"@id":"https:\/\/vieassociative.be\/actualites\/offre-demploi-gestionnaire-de-reussite-client\/#primaryimage"},"image":{"@id":"https:\/\/vieassociative.be\/actualites\/offre-demploi-gestionnaire-de-reussite-client\/#primaryimage"},"thumbnailUrl":"https:\/\/vieassociative.be\/actualites\/wp-content\/uploads\/2025\/04\/Offre-demploi-gestionnaire-de-reussite-client.jpg","datePublished":"2025-04-04T02:20:12+00:00","dateModified":"2025-04-04T02:20:12+00:00","breadcrumb":{"@id":"https:\/\/vieassociative.be\/actualites\/offre-demploi-gestionnaire-de-reussite-client\/#breadcrumb"},"inLanguage":"fr-BE","potentialAction":[{"@type":"ReadAction","target":["https:\/\/vieassociative.be\/actualites\/offre-demploi-gestionnaire-de-reussite-client\/"]}]},{"@type":"ImageObject","inLanguage":"fr-BE","@id":"https:\/\/vieassociative.be\/actualites\/offre-demploi-gestionnaire-de-reussite-client\/#primaryimage","url":"https:\/\/vieassociative.be\/actualites\/wp-content\/uploads\/2025\/04\/Offre-demploi-gestionnaire-de-reussite-client.jpg","contentUrl":"https:\/\/vieassociative.be\/actualites\/wp-content\/uploads\/2025\/04\/Offre-demploi-gestionnaire-de-reussite-client.jpg","width":1200,"height":675,"caption":"Offre d'emploi: gestionnaire de r\u00e9ussite client"},{"@type":"BreadcrumbList","@id":"https:\/\/vieassociative.be\/actualites\/offre-demploi-gestionnaire-de-reussite-client\/#breadcrumb","itemListElement":[{"@type":"ListItem","position":1,"name":"Accueil","item":"https:\/\/vieassociative.be\/actualites\/"},{"@type":"ListItem","position":2,"name":"Offre d&#8217;emploi: gestionnaire de r\u00e9ussite client"}]},{"@type":"WebSite","@id":"https:\/\/vieassociative.be\/actualites\/#website","url":"https:\/\/vieassociative.be\/actualites\/","name":"Vie Associative","description":"","publisher":{"@id":"https:\/\/vieassociative.be\/actualites\/#organization"},"potentialAction":[{"@type":"SearchAction","target":{"@type":"EntryPoint","urlTemplate":"https:\/\/vieassociative.be\/actualites\/?s={search_term_string}"},"query-input":{"@type":"PropertyValueSpecification","valueRequired":true,"valueName":"search_term_string"}}],"inLanguage":"fr-BE"},{"@type":"Organization","@id":"https:\/\/vieassociative.be\/actualites\/#organization","name":"Vie Associative","url":"https:\/\/vieassociative.be\/actualites\/","logo":{"@type":"ImageObject","inLanguage":"fr-BE","@id":"https:\/\/vieassociative.be\/actualites\/#\/schema\/logo\/image\/","url":"https:\/\/vieassociative.be\/actualites\/wp-content\/uploads\/2024\/09\/cropped-vieassociative_favicon.ico.png","contentUrl":"https:\/\/vieassociative.be\/actualites\/wp-content\/uploads\/2024\/09\/cropped-vieassociative_favicon.ico.png","width":512,"height":512,"caption":"Vie Associative"},"image":{"@id":"https:\/\/vieassociative.be\/actualites\/#\/schema\/logo\/image\/"}},{"@type":"Person","@id":"https:\/\/vieassociative.be\/actualites\/#\/schema\/person\/b87ac4f82f9d4e7b7cec7395b679edc4","name":"Julien","image":{"@type":"ImageObject","inLanguage":"fr-BE","@id":"https:\/\/vieassociative.be\/actualites\/#\/schema\/person\/image\/","url":"https:\/\/vieassociative.be\/actualites\/wp-content\/uploads\/2024\/09\/vie-associative-1-150x150.jpg","contentUrl":"https:\/\/vieassociative.be\/actualites\/wp-content\/uploads\/2024\/09\/vie-associative-1-150x150.jpg","caption":"Julien"},"description":"Je suis Julien, r\u00e9dacteur pour Vie Associative. Passionn\u00e9 par le monde associatif depuis plus de 10 ans, j'ai \u00e0 c\u0153ur de partager des histoires inspirantes et de mettre en lumi\u00e8re les initiatives locales. Mon objectif est de sensibiliser et d'encourager l'engagement communautaire \u00e0 travers mes articles.","sameAs":["https:\/\/vieassociative.be\/"]}]}},"_links":{"self":[{"href":"https:\/\/vieassociative.be\/actualites\/wp-json\/wp\/v2\/posts\/6408"}],"collection":[{"href":"https:\/\/vieassociative.be\/actualites\/wp-json\/wp\/v2\/posts"}],"about":[{"href":"https:\/\/vieassociative.be\/actualites\/wp-json\/wp\/v2\/types\/post"}],"author":[{"embeddable":true,"href":"https:\/\/vieassociative.be\/actualites\/wp-json\/wp\/v2\/users\/1"}],"replies":[{"embeddable":true,"href":"https:\/\/vieassociative.be\/actualites\/wp-json\/wp\/v2\/comments?post=6408"}],"version-history":[{"count":0,"href":"https:\/\/vieassociative.be\/actualites\/wp-json\/wp\/v2\/posts\/6408\/revisions"}],"wp:featuredmedia":[{"embeddable":true,"href":"https:\/\/vieassociative.be\/actualites\/wp-json\/wp\/v2\/media\/6409"}],"wp:attachment":[{"href":"https:\/\/vieassociative.be\/actualites\/wp-json\/wp\/v2\/media?parent=6408"}],"wp:term":[{"taxonomy":"category","embeddable":true,"href":"https:\/\/vieassociative.be\/actualites\/wp-json\/wp\/v2\/categories?post=6408"},{"taxonomy":"post_tag","embeddable":true,"href":"https:\/\/vieassociative.be\/actualites\/wp-json\/wp\/v2\/tags?post=6408"}],"curies":[{"name":"wp","href":"https:\/\/api.w.org\/{rel}","templated":true}]}}