{"id":6403,"date":"2025-04-03T22:18:12","date_gmt":"2025-04-03T20:18:12","guid":{"rendered":"https:\/\/vieassociative.be\/actualites\/lettre-a-lediteur-comprenez-vous-vraiment-comment-fonctionne-votre-pension\/"},"modified":"2025-04-03T22:18:12","modified_gmt":"2025-04-03T20:18:12","slug":"lettre-a-lediteur-comprenez-vous-vraiment-comment-fonctionne-votre-pension","status":"publish","type":"post","link":"https:\/\/vieassociative.be\/actualites\/lettre-a-lediteur-comprenez-vous-vraiment-comment-fonctionne-votre-pension\/","title":{"rendered":"Lettre \u00e0 l&rsquo;\u00e9diteur &#8211; Comprenez-vous vraiment comment fonctionne votre pension?"},"content":{"rendered":"<p><strong>Beaucoup de gens croient qu&rsquo;ils d\u00e9posent dans le fonds de retraite tout au long de leur vie, puis r\u00e9cup\u00e9rent cet argent dans la vieillesse. Mais c&rsquo;est une grande erreur!<\/strong><\/p>\n<p><span id=\"more-412816\"><\/span>Notre syst\u00e8me de retraite fonctionne en fonction de la proc\u00e9dure de d\u00e9p\u00f4t. Cela signifie que les contributions que vous payez aujourd&rsquo;hui ne financent pas votre propre pension, mais les pensions des retrait\u00e9s d&rsquo;aujourd&rsquo;hui. Si vous prenez votre retraite plus tard, vous d\u00e9pendrez des contributions de la jeune g\u00e9n\u00e9ration.<\/p>\n<p>Le probl\u00e8me? La soci\u00e9t\u00e9 vieillit. De moins en moins de jeunes doivent financer des pensions de plus en plus de personnes \u00e2g\u00e9es. Il y avait de nombreux travailleurs qui ont pay\u00e9 quelques retrait\u00e9s. Aujourd&rsquo;hui et \u00e0 l&rsquo;avenir, la relation est bien pire: peu de jeunes doivent payer pour de nombreux anciens.<br \/>\nL&rsquo;\u00e9pisode? Le fonds de retraite n&rsquo;a pas assez d&rsquo;argent. Pour r\u00e9soudre le probl\u00e8me, il existe plusieurs options:<\/p>\n<ul>\n<li style=\"list-style-type: none;\">\n<ul>\n<li>Augmenter les contributions &#8211; mais qui veut abandonner plus sur son salaire?<\/li>\n<li>Raccourcir les paiements de pension &#8211; mais ce serait une catastrophe pour les retrait\u00e9s.<\/li>\n<li>Augmentez l&rsquo;\u00e2ge de la retraite &#8211; afin que vous travailliez plus longtemps avant d&rsquo;obtenir une pension.<\/li>\n<li>Mettez plus de jeunes dans le pays &#8211; une autre solution pourrait \u00eatre de gagner plus de jeunes travailleurs de l&rsquo;\u00e9tranger. Ceux-ci d\u00e9poseraient dans le syst\u00e8me de retraite et contribueraient ainsi \u00e0 stabiliser le fonds de retraite. Cependant, cela n\u00e9cessite une int\u00e9gration r\u00e9ussie sur le march\u00e9 du travail.<\/li>\n<\/ul>\n<\/li>\n<\/ul>\n<p>Plus pr\u00e9cis\u00e9ment, cela signifie que vous n&rsquo;avez pas pay\u00e9 votre propre pension, mais uniquement pour le droit \u00e0 une pension. Si cela se passe ainsi, vous ne pouvez obtenir votre pension qu&rsquo;\u00e0 70, 75 ou m\u00eame 90 ans!<\/p>\n<p>Mais il y a une exception: politicien! Alors que les employ\u00e9s normaux d\u00e9posent dans le syst\u00e8me d&rsquo;affiliation et d\u00e9pendent de sa stabilit\u00e9, les politiciens ont souvent des r\u00e9glementations sp\u00e9ciales de retraite qui ont \u00e9t\u00e9 beaucoup plus avantageuses dans le pass\u00e9. Cependant, des r\u00e9formes ont \u00e9t\u00e9 r\u00e9alis\u00e9es ces derni\u00e8res ann\u00e9es pour r\u00e9duire ces diff\u00e9rences.<\/p>\n<p>Par exemple, les pensions excessives de parlementaires qui sont all\u00e9s au-del\u00e0 du r\u00e9gime de retraite statutaire n&rsquo;ont pas \u00e9t\u00e9 d\u00e9clar\u00e9es l\u00e9gales. Aujourd&rsquo;hui, les politiciens doivent \u00e9galement travailler plus longtemps pour maintenir une pension compl\u00e8te, et les paiements de pension ont \u00e9t\u00e9 plus adapt\u00e9s \u00e0 la l\u00e9gislation g\u00e9n\u00e9rale.<\/p>\n<p>N\u00e9anmoins, il y a encore des diff\u00e9rences: vos pensions sont financ\u00e9es \u00e0 partir du budget de l&rsquo;\u00c9tat &#8211; c&rsquo;est-\u00e0-dire directement des contribuables &#8211; et non \u00e0 partir d&rsquo;un syst\u00e8me de retraite \u00e0 la r\u00e9mun\u00e9ration &#8211; vous-vous comme avec les employ\u00e9s normaux.<\/p>\n<p>Cela signifie: bien que vous puissiez travailler jusqu&rsquo;\u00e0 70 ou plus, certains politiciens ont encore des conditions plus avantageuses que le citoyen moyen malgr\u00e9 les r\u00e9formes.<\/p>\n<p>C&rsquo;est pourquoi il est plus important que jamais de faire face \u00e0 la disposition de la retraite \u00e0 un stade pr\u00e9coce. Les dispositions priv\u00e9es telles que les actions, l&rsquo;immobilier ou l&rsquo;assurance contre les pensions priv\u00e9es deviennent de plus en plus n\u00e9cessaires. Non seulement compter sur l&rsquo;\u00c9tat &#8211; parce que qui sait si le syst\u00e8me fonctionne toujours dans 30 ou 40 ans?<\/p>\n<p><strong>04.04.2025 Pascale Baudimont, Eupen<\/strong><\/p>\n","protected":false},"excerpt":{"rendered":"<p>Beaucoup de gens croient qu&rsquo;ils d\u00e9posent dans le fonds de retraite tout au long de leur vie, puis r\u00e9cup\u00e9rent cet argent dans la vieillesse. Mais<\/p>\n","protected":false},"author":1,"featured_media":2567,"comment_status":"","ping_status":"","sticky":false,"template":"","format":"standard","meta":{"footnotes":""},"categories":[298],"tags":[44,6159,1686,4400,2628,6160,8,523],"class_list":["post-6403","post","type-post","status-publish","format-standard","has-post-thumbnail","hentry","category-belgique","tag-comment","tag-comprenezvous","tag-fonctionne","tag-lediteur","tag-lettre","tag-pension","tag-votre","tag-vraiment","generate-columns","tablet-grid-50","mobile-grid-100","grid-parent","grid-33"],"yoast_head":"<!-- This site is optimized with the Yoast SEO plugin v24.0 - https:\/\/yoast.com\/wordpress\/plugins\/seo\/ -->\n<title>Lettre \u00e0 l&#039;\u00e9diteur - Comprenez-vous vraiment comment fonctionne votre pension? | Vie Associative<\/title>\n<meta name=\"robots\" content=\"index, follow, max-snippet:-1, max-image-preview:large, max-video-preview:-1\" \/>\n<link rel=\"canonical\" href=\"https:\/\/vieassociative.be\/actualites\/lettre-a-lediteur-comprenez-vous-vraiment-comment-fonctionne-votre-pension\/\" \/>\n<meta property=\"og:locale\" content=\"fr_FR\" \/>\n<meta property=\"og:type\" content=\"article\" \/>\n<meta property=\"og:title\" content=\"Lettre \u00e0 l&#039;\u00e9diteur - Comprenez-vous vraiment comment fonctionne votre pension? | Vie Associative\" \/>\n<meta property=\"og:description\" content=\"Beaucoup de gens croient qu&rsquo;ils d\u00e9posent dans le fonds de retraite tout au long de leur vie, puis r\u00e9cup\u00e9rent cet argent dans la vieillesse. Mais\" \/>\n<meta property=\"og:url\" content=\"https:\/\/vieassociative.be\/actualites\/lettre-a-lediteur-comprenez-vous-vraiment-comment-fonctionne-votre-pension\/\" \/>\n<meta property=\"og:site_name\" content=\"Vie Associative\" \/>\n<meta property=\"article:published_time\" content=\"2025-04-03T20:18:12+00:00\" \/>\n<meta property=\"og:image\" content=\"https:\/\/vieassociative.be\/actualites\/wp-content\/uploads\/2024\/09\/header_backgroundk-01-e1726694325946.png\" \/>\n\t<meta property=\"og:image:width\" content=\"279\" \/>\n\t<meta property=\"og:image:height\" content=\"92\" \/>\n\t<meta property=\"og:image:type\" content=\"image\/png\" \/>\n<meta name=\"author\" content=\"Julien\" \/>\n<meta name=\"twitter:card\" content=\"summary_large_image\" \/>\n<meta name=\"twitter:label1\" content=\"\u00c9crit par\" \/>\n\t<meta name=\"twitter:data1\" content=\"Julien\" \/>\n\t<meta name=\"twitter:label2\" content=\"Dur\u00e9e de lecture est.\" \/>\n\t<meta name=\"twitter:data2\" content=\"3 minutes\" \/>\n<script type=\"application\/ld+json\" class=\"yoast-schema-graph\">{\"@context\":\"https:\/\/schema.org\",\"@graph\":[{\"@type\":\"Article\",\"@id\":\"https:\/\/vieassociative.be\/actualites\/lettre-a-lediteur-comprenez-vous-vraiment-comment-fonctionne-votre-pension\/#article\",\"isPartOf\":{\"@id\":\"https:\/\/vieassociative.be\/actualites\/lettre-a-lediteur-comprenez-vous-vraiment-comment-fonctionne-votre-pension\/\"},\"author\":{\"name\":\"Julien\",\"@id\":\"https:\/\/vieassociative.be\/actualites\/#\/schema\/person\/b87ac4f82f9d4e7b7cec7395b679edc4\"},\"headline\":\"Lettre \u00e0 l&rsquo;\u00e9diteur &#8211; Comprenez-vous vraiment comment fonctionne votre pension?\",\"datePublished\":\"2025-04-03T20:18:12+00:00\",\"dateModified\":\"2025-04-03T20:18:12+00:00\",\"mainEntityOfPage\":{\"@id\":\"https:\/\/vieassociative.be\/actualites\/lettre-a-lediteur-comprenez-vous-vraiment-comment-fonctionne-votre-pension\/\"},\"wordCount\":586,\"publisher\":{\"@id\":\"https:\/\/vieassociative.be\/actualites\/#organization\"},\"image\":{\"@id\":\"https:\/\/vieassociative.be\/actualites\/lettre-a-lediteur-comprenez-vous-vraiment-comment-fonctionne-votre-pension\/#primaryimage\"},\"thumbnailUrl\":\"https:\/\/vieassociative.be\/actualites\/wp-content\/uploads\/2024\/11\/LETTRE-A-LA-REDACTION-\u2013-Audi-Bruxelles-dernier-avertissement-du.jpeg\",\"keywords\":[\"Comment\",\"Comprenezvous\",\"fonctionne\",\"L\u00c9DITEUR\",\"lettre\",\"pension\",\"votre\",\"vraiment\"],\"articleSection\":[\"Belgique\"],\"inLanguage\":\"fr-BE\"},{\"@type\":\"WebPage\",\"@id\":\"https:\/\/vieassociative.be\/actualites\/lettre-a-lediteur-comprenez-vous-vraiment-comment-fonctionne-votre-pension\/\",\"url\":\"https:\/\/vieassociative.be\/actualites\/lettre-a-lediteur-comprenez-vous-vraiment-comment-fonctionne-votre-pension\/\",\"name\":\"Lettre \u00e0 l'\u00e9diteur - Comprenez-vous vraiment comment fonctionne votre pension? | Vie Associative\",\"isPartOf\":{\"@id\":\"https:\/\/vieassociative.be\/actualites\/#website\"},\"primaryImageOfPage\":{\"@id\":\"https:\/\/vieassociative.be\/actualites\/lettre-a-lediteur-comprenez-vous-vraiment-comment-fonctionne-votre-pension\/#primaryimage\"},\"image\":{\"@id\":\"https:\/\/vieassociative.be\/actualites\/lettre-a-lediteur-comprenez-vous-vraiment-comment-fonctionne-votre-pension\/#primaryimage\"},\"thumbnailUrl\":\"https:\/\/vieassociative.be\/actualites\/wp-content\/uploads\/2024\/11\/LETTRE-A-LA-REDACTION-\u2013-Audi-Bruxelles-dernier-avertissement-du.jpeg\",\"datePublished\":\"2025-04-03T20:18:12+00:00\",\"dateModified\":\"2025-04-03T20:18:12+00:00\",\"breadcrumb\":{\"@id\":\"https:\/\/vieassociative.be\/actualites\/lettre-a-lediteur-comprenez-vous-vraiment-comment-fonctionne-votre-pension\/#breadcrumb\"},\"inLanguage\":\"fr-BE\",\"potentialAction\":[{\"@type\":\"ReadAction\",\"target\":[\"https:\/\/vieassociative.be\/actualites\/lettre-a-lediteur-comprenez-vous-vraiment-comment-fonctionne-votre-pension\/\"]}]},{\"@type\":\"ImageObject\",\"inLanguage\":\"fr-BE\",\"@id\":\"https:\/\/vieassociative.be\/actualites\/lettre-a-lediteur-comprenez-vous-vraiment-comment-fonctionne-votre-pension\/#primaryimage\",\"url\":\"https:\/\/vieassociative.be\/actualites\/wp-content\/uploads\/2024\/11\/LETTRE-A-LA-REDACTION-\u2013-Audi-Bruxelles-dernier-avertissement-du.jpeg\",\"contentUrl\":\"https:\/\/vieassociative.be\/actualites\/wp-content\/uploads\/2024\/11\/LETTRE-A-LA-REDACTION-\u2013-Audi-Bruxelles-dernier-avertissement-du.jpeg\",\"width\":1024,\"height\":747,\"caption\":\"LETTRE \u00c0 LA R\u00c9DACTION \u2013 Audi Bruxelles, dernier avertissement du gouffre\"},{\"@type\":\"BreadcrumbList\",\"@id\":\"https:\/\/vieassociative.be\/actualites\/lettre-a-lediteur-comprenez-vous-vraiment-comment-fonctionne-votre-pension\/#breadcrumb\",\"itemListElement\":[{\"@type\":\"ListItem\",\"position\":1,\"name\":\"Accueil\",\"item\":\"https:\/\/vieassociative.be\/actualites\/\"},{\"@type\":\"ListItem\",\"position\":2,\"name\":\"Lettre \u00e0 l&rsquo;\u00e9diteur &#8211; Comprenez-vous vraiment comment fonctionne votre pension?\"}]},{\"@type\":\"WebSite\",\"@id\":\"https:\/\/vieassociative.be\/actualites\/#website\",\"url\":\"https:\/\/vieassociative.be\/actualites\/\",\"name\":\"Vie Associative\",\"description\":\"\",\"publisher\":{\"@id\":\"https:\/\/vieassociative.be\/actualites\/#organization\"},\"potentialAction\":[{\"@type\":\"SearchAction\",\"target\":{\"@type\":\"EntryPoint\",\"urlTemplate\":\"https:\/\/vieassociative.be\/actualites\/?s={search_term_string}\"},\"query-input\":{\"@type\":\"PropertyValueSpecification\",\"valueRequired\":true,\"valueName\":\"search_term_string\"}}],\"inLanguage\":\"fr-BE\"},{\"@type\":\"Organization\",\"@id\":\"https:\/\/vieassociative.be\/actualites\/#organization\",\"name\":\"Vie Associative\",\"url\":\"https:\/\/vieassociative.be\/actualites\/\",\"logo\":{\"@type\":\"ImageObject\",\"inLanguage\":\"fr-BE\",\"@id\":\"https:\/\/vieassociative.be\/actualites\/#\/schema\/logo\/image\/\",\"url\":\"https:\/\/vieassociative.be\/actualites\/wp-content\/uploads\/2024\/09\/cropped-vieassociative_favicon.ico.png\",\"contentUrl\":\"https:\/\/vieassociative.be\/actualites\/wp-content\/uploads\/2024\/09\/cropped-vieassociative_favicon.ico.png\",\"width\":512,\"height\":512,\"caption\":\"Vie Associative\"},\"image\":{\"@id\":\"https:\/\/vieassociative.be\/actualites\/#\/schema\/logo\/image\/\"}},{\"@type\":\"Person\",\"@id\":\"https:\/\/vieassociative.be\/actualites\/#\/schema\/person\/b87ac4f82f9d4e7b7cec7395b679edc4\",\"name\":\"Julien\",\"image\":{\"@type\":\"ImageObject\",\"inLanguage\":\"fr-BE\",\"@id\":\"https:\/\/vieassociative.be\/actualites\/#\/schema\/person\/image\/\",\"url\":\"https:\/\/vieassociative.be\/actualites\/wp-content\/uploads\/2024\/09\/vie-associative-1-150x150.jpg\",\"contentUrl\":\"https:\/\/vieassociative.be\/actualites\/wp-content\/uploads\/2024\/09\/vie-associative-1-150x150.jpg\",\"caption\":\"Julien\"},\"description\":\"Je suis Julien, r\u00e9dacteur pour Vie Associative. Passionn\u00e9 par le monde associatif depuis plus de 10 ans, j'ai \u00e0 c\u0153ur de partager des histoires inspirantes et de mettre en lumi\u00e8re les initiatives locales. Mon objectif est de sensibiliser et d'encourager l'engagement communautaire \u00e0 travers mes articles.\",\"sameAs\":[\"https:\/\/vieassociative.be\/\"]}]}<\/script>\n<!-- \/ Yoast SEO plugin. -->","yoast_head_json":{"title":"Lettre \u00e0 l'\u00e9diteur - Comprenez-vous vraiment comment fonctionne votre pension? | Vie Associative","robots":{"index":"index","follow":"follow","max-snippet":"max-snippet:-1","max-image-preview":"max-image-preview:large","max-video-preview":"max-video-preview:-1"},"canonical":"https:\/\/vieassociative.be\/actualites\/lettre-a-lediteur-comprenez-vous-vraiment-comment-fonctionne-votre-pension\/","og_locale":"fr_FR","og_type":"article","og_title":"Lettre \u00e0 l'\u00e9diteur - Comprenez-vous vraiment comment fonctionne votre pension? | Vie Associative","og_description":"Beaucoup de gens croient qu&rsquo;ils d\u00e9posent dans le fonds de retraite tout au long de leur vie, puis r\u00e9cup\u00e9rent cet argent dans la vieillesse. Mais","og_url":"https:\/\/vieassociative.be\/actualites\/lettre-a-lediteur-comprenez-vous-vraiment-comment-fonctionne-votre-pension\/","og_site_name":"Vie Associative","article_published_time":"2025-04-03T20:18:12+00:00","og_image":[{"width":279,"height":92,"url":"https:\/\/vieassociative.be\/actualites\/wp-content\/uploads\/2024\/09\/header_backgroundk-01-e1726694325946.png","type":"image\/png"}],"author":"Julien","twitter_card":"summary_large_image","twitter_misc":{"\u00c9crit par":"Julien","Dur\u00e9e de lecture est.":"3 minutes"},"schema":{"@context":"https:\/\/schema.org","@graph":[{"@type":"Article","@id":"https:\/\/vieassociative.be\/actualites\/lettre-a-lediteur-comprenez-vous-vraiment-comment-fonctionne-votre-pension\/#article","isPartOf":{"@id":"https:\/\/vieassociative.be\/actualites\/lettre-a-lediteur-comprenez-vous-vraiment-comment-fonctionne-votre-pension\/"},"author":{"name":"Julien","@id":"https:\/\/vieassociative.be\/actualites\/#\/schema\/person\/b87ac4f82f9d4e7b7cec7395b679edc4"},"headline":"Lettre \u00e0 l&rsquo;\u00e9diteur &#8211; Comprenez-vous vraiment comment fonctionne votre pension?","datePublished":"2025-04-03T20:18:12+00:00","dateModified":"2025-04-03T20:18:12+00:00","mainEntityOfPage":{"@id":"https:\/\/vieassociative.be\/actualites\/lettre-a-lediteur-comprenez-vous-vraiment-comment-fonctionne-votre-pension\/"},"wordCount":586,"publisher":{"@id":"https:\/\/vieassociative.be\/actualites\/#organization"},"image":{"@id":"https:\/\/vieassociative.be\/actualites\/lettre-a-lediteur-comprenez-vous-vraiment-comment-fonctionne-votre-pension\/#primaryimage"},"thumbnailUrl":"https:\/\/vieassociative.be\/actualites\/wp-content\/uploads\/2024\/11\/LETTRE-A-LA-REDACTION-\u2013-Audi-Bruxelles-dernier-avertissement-du.jpeg","keywords":["Comment","Comprenezvous","fonctionne","L\u00c9DITEUR","lettre","pension","votre","vraiment"],"articleSection":["Belgique"],"inLanguage":"fr-BE"},{"@type":"WebPage","@id":"https:\/\/vieassociative.be\/actualites\/lettre-a-lediteur-comprenez-vous-vraiment-comment-fonctionne-votre-pension\/","url":"https:\/\/vieassociative.be\/actualites\/lettre-a-lediteur-comprenez-vous-vraiment-comment-fonctionne-votre-pension\/","name":"Lettre \u00e0 l'\u00e9diteur - Comprenez-vous vraiment comment fonctionne votre pension? | Vie Associative","isPartOf":{"@id":"https:\/\/vieassociative.be\/actualites\/#website"},"primaryImageOfPage":{"@id":"https:\/\/vieassociative.be\/actualites\/lettre-a-lediteur-comprenez-vous-vraiment-comment-fonctionne-votre-pension\/#primaryimage"},"image":{"@id":"https:\/\/vieassociative.be\/actualites\/lettre-a-lediteur-comprenez-vous-vraiment-comment-fonctionne-votre-pension\/#primaryimage"},"thumbnailUrl":"https:\/\/vieassociative.be\/actualites\/wp-content\/uploads\/2024\/11\/LETTRE-A-LA-REDACTION-\u2013-Audi-Bruxelles-dernier-avertissement-du.jpeg","datePublished":"2025-04-03T20:18:12+00:00","dateModified":"2025-04-03T20:18:12+00:00","breadcrumb":{"@id":"https:\/\/vieassociative.be\/actualites\/lettre-a-lediteur-comprenez-vous-vraiment-comment-fonctionne-votre-pension\/#breadcrumb"},"inLanguage":"fr-BE","potentialAction":[{"@type":"ReadAction","target":["https:\/\/vieassociative.be\/actualites\/lettre-a-lediteur-comprenez-vous-vraiment-comment-fonctionne-votre-pension\/"]}]},{"@type":"ImageObject","inLanguage":"fr-BE","@id":"https:\/\/vieassociative.be\/actualites\/lettre-a-lediteur-comprenez-vous-vraiment-comment-fonctionne-votre-pension\/#primaryimage","url":"https:\/\/vieassociative.be\/actualites\/wp-content\/uploads\/2024\/11\/LETTRE-A-LA-REDACTION-\u2013-Audi-Bruxelles-dernier-avertissement-du.jpeg","contentUrl":"https:\/\/vieassociative.be\/actualites\/wp-content\/uploads\/2024\/11\/LETTRE-A-LA-REDACTION-\u2013-Audi-Bruxelles-dernier-avertissement-du.jpeg","width":1024,"height":747,"caption":"LETTRE \u00c0 LA R\u00c9DACTION \u2013 Audi Bruxelles, dernier avertissement du gouffre"},{"@type":"BreadcrumbList","@id":"https:\/\/vieassociative.be\/actualites\/lettre-a-lediteur-comprenez-vous-vraiment-comment-fonctionne-votre-pension\/#breadcrumb","itemListElement":[{"@type":"ListItem","position":1,"name":"Accueil","item":"https:\/\/vieassociative.be\/actualites\/"},{"@type":"ListItem","position":2,"name":"Lettre \u00e0 l&rsquo;\u00e9diteur &#8211; Comprenez-vous vraiment comment fonctionne votre pension?"}]},{"@type":"WebSite","@id":"https:\/\/vieassociative.be\/actualites\/#website","url":"https:\/\/vieassociative.be\/actualites\/","name":"Vie Associative","description":"","publisher":{"@id":"https:\/\/vieassociative.be\/actualites\/#organization"},"potentialAction":[{"@type":"SearchAction","target":{"@type":"EntryPoint","urlTemplate":"https:\/\/vieassociative.be\/actualites\/?s={search_term_string}"},"query-input":{"@type":"PropertyValueSpecification","valueRequired":true,"valueName":"search_term_string"}}],"inLanguage":"fr-BE"},{"@type":"Organization","@id":"https:\/\/vieassociative.be\/actualites\/#organization","name":"Vie Associative","url":"https:\/\/vieassociative.be\/actualites\/","logo":{"@type":"ImageObject","inLanguage":"fr-BE","@id":"https:\/\/vieassociative.be\/actualites\/#\/schema\/logo\/image\/","url":"https:\/\/vieassociative.be\/actualites\/wp-content\/uploads\/2024\/09\/cropped-vieassociative_favicon.ico.png","contentUrl":"https:\/\/vieassociative.be\/actualites\/wp-content\/uploads\/2024\/09\/cropped-vieassociative_favicon.ico.png","width":512,"height":512,"caption":"Vie Associative"},"image":{"@id":"https:\/\/vieassociative.be\/actualites\/#\/schema\/logo\/image\/"}},{"@type":"Person","@id":"https:\/\/vieassociative.be\/actualites\/#\/schema\/person\/b87ac4f82f9d4e7b7cec7395b679edc4","name":"Julien","image":{"@type":"ImageObject","inLanguage":"fr-BE","@id":"https:\/\/vieassociative.be\/actualites\/#\/schema\/person\/image\/","url":"https:\/\/vieassociative.be\/actualites\/wp-content\/uploads\/2024\/09\/vie-associative-1-150x150.jpg","contentUrl":"https:\/\/vieassociative.be\/actualites\/wp-content\/uploads\/2024\/09\/vie-associative-1-150x150.jpg","caption":"Julien"},"description":"Je suis Julien, r\u00e9dacteur pour Vie Associative. Passionn\u00e9 par le monde associatif depuis plus de 10 ans, j'ai \u00e0 c\u0153ur de partager des histoires inspirantes et de mettre en lumi\u00e8re les initiatives locales. Mon objectif est de sensibiliser et d'encourager l'engagement communautaire \u00e0 travers mes articles.","sameAs":["https:\/\/vieassociative.be\/"]}]}},"_links":{"self":[{"href":"https:\/\/vieassociative.be\/actualites\/wp-json\/wp\/v2\/posts\/6403"}],"collection":[{"href":"https:\/\/vieassociative.be\/actualites\/wp-json\/wp\/v2\/posts"}],"about":[{"href":"https:\/\/vieassociative.be\/actualites\/wp-json\/wp\/v2\/types\/post"}],"author":[{"embeddable":true,"href":"https:\/\/vieassociative.be\/actualites\/wp-json\/wp\/v2\/users\/1"}],"replies":[{"embeddable":true,"href":"https:\/\/vieassociative.be\/actualites\/wp-json\/wp\/v2\/comments?post=6403"}],"version-history":[{"count":0,"href":"https:\/\/vieassociative.be\/actualites\/wp-json\/wp\/v2\/posts\/6403\/revisions"}],"wp:featuredmedia":[{"embeddable":true,"href":"https:\/\/vieassociative.be\/actualites\/wp-json\/wp\/v2\/media\/2567"}],"wp:attachment":[{"href":"https:\/\/vieassociative.be\/actualites\/wp-json\/wp\/v2\/media?parent=6403"}],"wp:term":[{"taxonomy":"category","embeddable":true,"href":"https:\/\/vieassociative.be\/actualites\/wp-json\/wp\/v2\/categories?post=6403"},{"taxonomy":"post_tag","embeddable":true,"href":"https:\/\/vieassociative.be\/actualites\/wp-json\/wp\/v2\/tags?post=6403"}],"curies":[{"name":"wp","href":"https:\/\/api.w.org\/{rel}","templated":true}]}}