{"id":6397,"date":"2025-04-03T16:17:20","date_gmt":"2025-04-03T14:17:20","guid":{"rendered":"https:\/\/vieassociative.be\/actualites\/la-formation-des-enseignants-prend-quatre-ans-a-partir-de-septembre-mais-est-plus-polyvalent-et-plus-pratique\/"},"modified":"2025-04-03T16:17:20","modified_gmt":"2025-04-03T14:17:20","slug":"la-formation-des-enseignants-prend-quatre-ans-a-partir-de-septembre-mais-est-plus-polyvalent-et-plus-pratique","status":"publish","type":"post","link":"https:\/\/vieassociative.be\/actualites\/la-formation-des-enseignants-prend-quatre-ans-a-partir-de-septembre-mais-est-plus-polyvalent-et-plus-pratique\/","title":{"rendered":"La formation des enseignants prend quatre ans \u00e0 partir de septembre &#8211; mais est plus polyvalent et plus pratique"},"content":{"rendered":"<p><strong>En septembre 2025, une formation r\u00e9form\u00e9e pour les enseignants de la maternelle et les enseignants du primaire a commenc\u00e9 \u00e0 l&rsquo;Universit\u00e9 autonome de l&rsquo;Est de la Belgique \u00e0 Eupen.<\/strong><\/p>\n<p><span id=\"more-412672\"><\/span>\u00ab\u00a0Nous avons pris la r\u00e9forme et l&rsquo;extension des \u00e9tudes pendant quatre ans comme une occasion de mettre le programme \u00e0 l&rsquo;\u00e9preuve et d&rsquo;adapter les d\u00e9fis actuels et futurs de la profession enseignante dans l&rsquo;est de la Belgique\u00a0\u00bb, explique Cath\u00e9rine Mattar, chef du d\u00e9partement de l&rsquo;\u00e9ducation, sur l&rsquo;AHS.<\/p>\n<p>Le projet a \u00e9t\u00e9 annonc\u00e9 \u00e0 l&rsquo;AHS en 2017 en analysant les besoins des professions, puis en cr\u00e9ant un profil de comp\u00e9tence adapt\u00e9 pour la formation et l&rsquo;enseignement sup\u00e9rieur des enseignants. Cela est ancr\u00e9 depuis trois ans maintenant et forme l&rsquo;\u00e9chafaudage de la formation r\u00e9form\u00e9e.<\/p>\n<div id=\"attachment_412803\" class=\"wp-caption alignleft\" style=\"max-width: 300px\"><img fetchpriority=\"high\" decoding=\"async\" class=\"wp-image-412803 size-medium\" src=\"https:\/\/vieassociative.be\/actualites\/wp-content\/uploads\/2025\/04\/La-formation-des-enseignants-prend-quatre-ans-a-partir-de.jpg\" alt=\"\" width=\"300\" height=\"199\"  ><\/p>\n<p class=\"wp-caption-text\">Le ministre de l&rsquo;\u00c9ducation J\u00e9r\u00f4me Franssen (CSP). Photo: Helmut Koch<\/p>\n<\/div>\n<p>\u00c0 partir de septembre, une ann\u00e9e acad\u00e9mique est d\u00e9sormais disponible pour promouvoir ces comp\u00e9tences. La cath\u00e9rine Mattar est importante pour souligner qu&rsquo;il n&rsquo;est pas simplement ajout\u00e9 aux \u00e9tudes existantes pendant un an, mais que tous les quatre ans d&rsquo;\u00e9tude changent fondamentalement.<\/p>\n<p><strong>&#8211; Nouveau contenu de l&rsquo;\u00e9tude et approfondissement de l&rsquo;existant: <\/strong>Un d\u00e9veloppement important est que la formation suppl\u00e9mentaire actuelle sur le financement de la p\u00e9dagogie dans les d\u00e9partements et dans les didactiques fran\u00e7aises du d\u00e9partement de niveau primaire est int\u00e9gr\u00e9e au cours de base. \u00ab\u00a0Avec l&rsquo;ach\u00e8vement des \u00e9tudes, tous les dipl\u00f4m\u00e9s auront une approbation pour \u00e9mettre l&rsquo;enseignement des langues \u00e9trang\u00e8res dans les \u00e9coles primaires et pour travailler comme enseignant de soutien ou en tant qu&rsquo;enseignant dans le syst\u00e8me scolaire sp\u00e9cial\u00a0\u00bb, a d\u00e9clar\u00e9 le ministre J\u00e9r\u00f4me Franssen (CSP).<\/p>\n<p><b>&#8211; La liste des contenus en \u00e9tude in ou nouveau est longue: <\/b>Les diagnostics p\u00e9dagogiques, travaillant dans l&rsquo;\u00e9quipe multi-professionnelle, faisant la promotion des comp\u00e9tences interdisciplinaires, de l&rsquo;\u00e9ducation des m\u00e9dias, de l&rsquo;\u00e9ducation politique et de l&rsquo;\u00e9ducation pour le d\u00e9veloppement durable et la communication avec les tuteurs juridiques, ainsi que le renforcement des professionnels des enseignants et leurs ressources personnelles, sont admis \u00e0 leurs \u00e9tudes. Une ma\u00eetrise de construction en \u00e9ducation curative scolaire, adapt\u00e9e au secteur de l&rsquo;\u00e9ducation belge orientale, est pr\u00e9vue en coop\u00e9ration avec d&rsquo;autres universit\u00e9s.<\/p>\n<p><strong>&#8211; Les cours de l&rsquo;enfant ont pens\u00e9:<\/strong> La r\u00e9forme a \u00e9galement un impact sur les noms de cours. \u00c0 l&rsquo;avenir, les \u00e9tudiants ne s&rsquo;asseoiront plus dans des cours de \u00ab\u00a0Specialist Didactics allemand\u00a0\u00bb ou \u00ab\u00a0Psychologie du d\u00e9veloppement\u00a0\u00bb, mais suivent plut\u00f4t des cours qui indiquent d\u00e9j\u00e0 l&rsquo;importance de la pratique scolaire avec leur titre: \u00ab\u00a0Les enfants fa\u00e7onnant le langage dans le mot et l&rsquo;\u00e9criture\u00a0\u00bb, \u00ab\u00a0les enfants utilisent des chemins d&rsquo;apprentissage individuels\u00a0\u00bb ou \u00ab\u00a0les enfants exp\u00e9rimentent le d\u00e9veloppement &#8211; la conception de la relation\u00a0\u00bb.<\/p>\n<div id=\"attachment_319021\" class=\"wp-caption alignleft\" style=\"max-width: 300px\"><img decoding=\"async\" class=\"wp-image-319021 size-medium\" src=\"https:\/\/vieassociative.be\/actualites\/wp-content\/uploads\/2025\/04\/La-formation-des-enseignants-prend-quatre-ans-a-partir-de.jpeg\" alt=\"\" width=\"300\" height=\"174\"  ><\/p>\n<p class=\"wp-caption-text\">Photo: Shutterstock<\/p>\n<\/div>\n<p>\u00ab\u00a0Avec ces noms, nous aimerions indiquer clairement que tous les cours sont pens\u00e9s de l&rsquo;enfant et nous concentrer donc sur l&rsquo;apprentissage et le d\u00e9veloppement des enfants\u00a0\u00bb, a d\u00e9clar\u00e9 la cath\u00e9rine Mattar. L&rsquo;id\u00e9e devient claire que non seulement le cadre, mais aussi le contenu se d\u00e9veloppe de mani\u00e8re holistique. L&rsquo;AHS est particuli\u00e8rement important pour promouvoir les comp\u00e9tences d&rsquo;un paysage scolaire inclusif.<\/p>\n<p><strong>  Plus de stage dans diff\u00e9rents contextes<\/strong>: La port\u00e9e des stages est presque doubl\u00e9e au degr\u00e9 r\u00e9form\u00e9. Dans six situations de stage diff\u00e9rentes, les \u00e9tudiants passeront un total de 26 semaines dans le stage. Anne-Sophie Pelegrin, consultante pour la r\u00e9forme de l&rsquo;AHS, a clairement indiqu\u00e9 qu&rsquo;un stage de plus ne conduit pas n\u00e9cessairement \u00e0 une augmentation de la qualit\u00e9. Afin de garantir la qualit\u00e9 des stages \u00e9largis, la coop\u00e9ration avec les \u00e9coles de la r\u00e9gion et la coop\u00e9ration avec les enseignants \u00e9prouv\u00e9s qui accompagnent les \u00e9l\u00e8ves des stages seront renforc\u00e9s.<\/p>\n<p>L&rsquo;AHS appelle les enseignants \u00e0 participer \u00e0 un groupe pilote qui souhaite participer au concept de stages coop\u00e9ratifs. Les \u00e9tudiants assument progressivement la responsabilit\u00e9 des cours, apprennent encore plus sp\u00e9cifiquement dans la co-planification et la co-enseignement avec les enseignants et au d\u00e9but, ils peuvent se concentrer sur la pratique des t\u00e2ches tr\u00e8s centrales dans la profession enseignante, un cadre de soutien qui est progressivement r\u00e9duit avec l&rsquo;exp\u00e9rience pratique croissante des \u00e9tudiants.<\/p>\n<p><strong>&#8211; formats d&rsquo;enseignement et d&rsquo;apprentissage innovants:<\/strong> Parall\u00e8lement au contenu du cours, l&rsquo;\u00e9quipe est parti en relation avec la conception de la vie universitaire de tous les jours. \u00ab\u00a0Nous aimerions ancrer encore plus de sentiment universitaire \u00e0 l&rsquo;AHS et ne pas laisser le sentiment d&rsquo;\u00eatre dans une \u00e9cole secondaire prolong\u00e9e\u00a0\u00bb, explique Cornelia Keutgen, directrice de l&rsquo;AHS. Le calendrier de l&rsquo;\u00e9tude a \u00e9galement \u00e9t\u00e9 adapt\u00e9, de sorte que plus de temps est ancr\u00e9 dans les \u00e9tudes r\u00e9form\u00e9es pour l&rsquo;auto-travail et l&rsquo;\u00e9tude r\u00e9elle. Dans le m\u00eame temps, les formats d&rsquo;examen et les moments sont couverts et les formats de cours sont repens\u00e9s, en partie au format d&rsquo;apprentissage mixte. \u00ab\u00a0\u00c0 l&rsquo;avenir, nous travaillerons davantage en blocs, afin que les \u00e9tudiants puissent faire face au contenu plus intensivement sur une p\u00e9riode de temps plus limit\u00e9e\u00a0\u00bb, explique Cath\u00e9rine Mattar.<\/p>\n<div id=\"attachment_378052\" class=\"wp-caption alignnone\" style=\"max-width: 300px\"><img decoding=\"async\" class=\"size-medium wp-image-378052\" src=\"https:\/\/vieassociative.be\/actualites\/wp-content\/uploads\/2025\/04\/1743689840_603_La-formation-des-enseignants-prend-quatre-ans-a-partir-de.jpg\" alt=\"\" width=\"300\" height=\"200\"><\/p>\n<p class=\"wp-caption-text\">Photo: Shutterstock<\/p>\n<\/div>\n<p><strong>&#8211; Proc\u00e9dure d&rsquo;admission comme condition d&rsquo;approbation:<\/strong> Si vous souhaitez \u00e9tudier \u00e0 l&rsquo;AHS du D\u00e9partement des sciences de l&rsquo;\u00e9ducation, vous devrez \u00e9galement terminer avec succ\u00e8s une proc\u00e9dure d&rsquo;admission \u00e0 l&rsquo;avenir. Cela continue de consister en l&rsquo;auto-r\u00e9flexion, un examen des conditions cognitives et linguistiques et une conversation. Les conditions d&rsquo;approbation sont compl\u00e9t\u00e9es par la preuve du dipl\u00f4me de durel en langue fran\u00e7aise: les \u00e9l\u00e8ves de l&rsquo;enseignant de la maternelle doivent fournir des preuves du niveau B1 au d\u00e9but du cours, et les \u00e9l\u00e8ves au niveau primaire n\u00e9cessitent une preuve B2.<\/p>\n<p>\u00ab\u00a0Je ressens beaucoup de motivation et d&rsquo;anticipation dans notre \u00e9quipe que cela commencera enfin en septembre\u00a0\u00bb, a d\u00e9clar\u00e9 la cath\u00e9rine Mattar. Mais les tensions et les incertitudes devraient \u00e9galement \u00eatre not\u00e9es: \u00ab\u00a0Bien s\u00fbr, nous sommes ravis de voir si nous pouvons mettre en \u0153uvre nos visions comme pr\u00e9vu. La mise en \u0153uvre des cours de trois ans, qui fonctionne parall\u00e8le en parall\u00e8le, nous fournira certainement l&rsquo;un ou l&rsquo;autre.<\/p>\n<p>Le fait que non seulement l&rsquo;universit\u00e9 soit tenue de le faire est \u00e9galement claire: \u00ab\u00a0Comme auparavant, une formation de haute qualit\u00e9 ne peut \u00eatre effectu\u00e9e qu&rsquo;avec les \u00e9coles de stage comme auparavant. Sans l&rsquo;exp\u00e9rience pratique importante, pour laquelle il a besoin de stage suffisamment, il ne continue pas\u00a0\u00bb, poursuit Mattar.<\/p>\n<p><strong>-Information vid\u00e9o et \u00e9v\u00e9nements:<\/strong> Afin de pr\u00e9senter la r\u00e9forme du public, l&rsquo;AHS a cr\u00e9\u00e9 une vid\u00e9o publicitaire accessible via son site Web et sur tous les r\u00e9seaux sociaux. En outre, l&rsquo;AHS invite les personnes int\u00e9ress\u00e9es \u00e0 \u00e9tudier \u00e0 leur journ\u00e9e d&rsquo;information sur l&rsquo;\u00e9tude le 9 avril, dans laquelle les autres cours AHS sont \u00e9galement pr\u00e9sent\u00e9s. Dans l&rsquo;objectif de juin, l&rsquo;AHS invite \u00e0 tous ceux qui int\u00e9ressent la pr\u00e9sentation publique de la r\u00e9forme et \u00e0 \u00e9changer des informations sur la formation r\u00e9form\u00e9e.<\/p>\n<p>Plus d&rsquo;informations sous <u>www.ahs-stbelgien.be<\/u><\/p>\n","protected":false},"excerpt":{"rendered":"<p>En septembre 2025, une formation r\u00e9form\u00e9e pour les enseignants de la maternelle et les enseignants du primaire a commenc\u00e9 \u00e0 l&rsquo;Universit\u00e9 autonome de l&rsquo;Est de<\/p>\n","protected":false},"author":1,"featured_media":6398,"comment_status":"","ping_status":"","sticky":false,"template":"","format":"standard","meta":{"footnotes":""},"categories":[298],"tags":[584,29,1455,76,3245,156,1591,6158,124,3315,1435,137],"class_list":["post-6397","post","type-post","status-publish","format-standard","has-post-thumbnail","hentry","category-belgique","tag-ans","tag-des","tag-enseignants","tag-est","tag-formation","tag-mais","tag-partir","tag-polyvalent","tag-pratique","tag-prend","tag-quatre","tag-septembre","generate-columns","tablet-grid-50","mobile-grid-100","grid-parent","grid-33"],"yoast_head":"<!-- This site is optimized with the Yoast SEO plugin v24.0 - https:\/\/yoast.com\/wordpress\/plugins\/seo\/ -->\n<title>La formation des enseignants prend quatre ans \u00e0 partir de septembre - mais est plus polyvalent et plus pratique | Vie Associative<\/title>\n<meta name=\"robots\" content=\"index, follow, max-snippet:-1, max-image-preview:large, max-video-preview:-1\" \/>\n<link rel=\"canonical\" href=\"https:\/\/vieassociative.be\/actualites\/la-formation-des-enseignants-prend-quatre-ans-a-partir-de-septembre-mais-est-plus-polyvalent-et-plus-pratique\/\" \/>\n<meta property=\"og:locale\" content=\"fr_FR\" \/>\n<meta property=\"og:type\" content=\"article\" \/>\n<meta property=\"og:title\" content=\"La formation des enseignants prend quatre ans \u00e0 partir de septembre - mais est plus polyvalent et plus pratique | Vie Associative\" \/>\n<meta property=\"og:description\" content=\"En septembre 2025, une formation r\u00e9form\u00e9e pour les enseignants de la maternelle et les enseignants du primaire a commenc\u00e9 \u00e0 l&rsquo;Universit\u00e9 autonome de l&rsquo;Est de\" \/>\n<meta property=\"og:url\" content=\"https:\/\/vieassociative.be\/actualites\/la-formation-des-enseignants-prend-quatre-ans-a-partir-de-septembre-mais-est-plus-polyvalent-et-plus-pratique\/\" \/>\n<meta property=\"og:site_name\" content=\"Vie Associative\" \/>\n<meta property=\"article:published_time\" content=\"2025-04-03T14:17:20+00:00\" \/>\n<meta property=\"og:image\" content=\"https:\/\/vieassociative.be\/actualites\/wp-content\/uploads\/2024\/09\/header_backgroundk-01-e1726694325946.png\" \/>\n\t<meta property=\"og:image:width\" content=\"279\" \/>\n\t<meta property=\"og:image:height\" content=\"92\" \/>\n\t<meta property=\"og:image:type\" content=\"image\/png\" \/>\n<meta name=\"author\" content=\"Julien\" \/>\n<meta name=\"twitter:card\" content=\"summary_large_image\" \/>\n<meta name=\"twitter:label1\" content=\"\u00c9crit par\" \/>\n\t<meta name=\"twitter:data1\" content=\"Julien\" \/>\n\t<meta name=\"twitter:label2\" content=\"Dur\u00e9e de lecture est.\" \/>\n\t<meta name=\"twitter:data2\" content=\"6 minutes\" \/>\n<script type=\"application\/ld+json\" class=\"yoast-schema-graph\">{\"@context\":\"https:\/\/schema.org\",\"@graph\":[{\"@type\":\"Article\",\"@id\":\"https:\/\/vieassociative.be\/actualites\/la-formation-des-enseignants-prend-quatre-ans-a-partir-de-septembre-mais-est-plus-polyvalent-et-plus-pratique\/#article\",\"isPartOf\":{\"@id\":\"https:\/\/vieassociative.be\/actualites\/la-formation-des-enseignants-prend-quatre-ans-a-partir-de-septembre-mais-est-plus-polyvalent-et-plus-pratique\/\"},\"author\":{\"name\":\"Julien\",\"@id\":\"https:\/\/vieassociative.be\/actualites\/#\/schema\/person\/b87ac4f82f9d4e7b7cec7395b679edc4\"},\"headline\":\"La formation des enseignants prend quatre ans \u00e0 partir de septembre &#8211; mais est plus polyvalent et plus pratique\",\"datePublished\":\"2025-04-03T14:17:20+00:00\",\"dateModified\":\"2025-04-03T14:17:20+00:00\",\"mainEntityOfPage\":{\"@id\":\"https:\/\/vieassociative.be\/actualites\/la-formation-des-enseignants-prend-quatre-ans-a-partir-de-septembre-mais-est-plus-polyvalent-et-plus-pratique\/\"},\"wordCount\":1273,\"publisher\":{\"@id\":\"https:\/\/vieassociative.be\/actualites\/#organization\"},\"image\":{\"@id\":\"https:\/\/vieassociative.be\/actualites\/la-formation-des-enseignants-prend-quatre-ans-a-partir-de-septembre-mais-est-plus-polyvalent-et-plus-pratique\/#primaryimage\"},\"thumbnailUrl\":\"https:\/\/vieassociative.be\/actualites\/wp-content\/uploads\/2025\/04\/1743689840_La-formation-des-enseignants-prend-quatre-ans-a-partir-de.jpg\",\"keywords\":[\"ans\",\"Des\",\"enseignants\",\"est\",\"formation\",\"mais\",\"partir\",\"polyvalent\",\"pratique\",\"prend\",\"Quatre\",\"septembre\"],\"articleSection\":[\"Belgique\"],\"inLanguage\":\"fr-BE\"},{\"@type\":\"WebPage\",\"@id\":\"https:\/\/vieassociative.be\/actualites\/la-formation-des-enseignants-prend-quatre-ans-a-partir-de-septembre-mais-est-plus-polyvalent-et-plus-pratique\/\",\"url\":\"https:\/\/vieassociative.be\/actualites\/la-formation-des-enseignants-prend-quatre-ans-a-partir-de-septembre-mais-est-plus-polyvalent-et-plus-pratique\/\",\"name\":\"La formation des enseignants prend quatre ans \u00e0 partir de septembre - mais est plus polyvalent et plus pratique | Vie Associative\",\"isPartOf\":{\"@id\":\"https:\/\/vieassociative.be\/actualites\/#website\"},\"primaryImageOfPage\":{\"@id\":\"https:\/\/vieassociative.be\/actualites\/la-formation-des-enseignants-prend-quatre-ans-a-partir-de-septembre-mais-est-plus-polyvalent-et-plus-pratique\/#primaryimage\"},\"image\":{\"@id\":\"https:\/\/vieassociative.be\/actualites\/la-formation-des-enseignants-prend-quatre-ans-a-partir-de-septembre-mais-est-plus-polyvalent-et-plus-pratique\/#primaryimage\"},\"thumbnailUrl\":\"https:\/\/vieassociative.be\/actualites\/wp-content\/uploads\/2025\/04\/1743689840_La-formation-des-enseignants-prend-quatre-ans-a-partir-de.jpg\",\"datePublished\":\"2025-04-03T14:17:20+00:00\",\"dateModified\":\"2025-04-03T14:17:20+00:00\",\"breadcrumb\":{\"@id\":\"https:\/\/vieassociative.be\/actualites\/la-formation-des-enseignants-prend-quatre-ans-a-partir-de-septembre-mais-est-plus-polyvalent-et-plus-pratique\/#breadcrumb\"},\"inLanguage\":\"fr-BE\",\"potentialAction\":[{\"@type\":\"ReadAction\",\"target\":[\"https:\/\/vieassociative.be\/actualites\/la-formation-des-enseignants-prend-quatre-ans-a-partir-de-septembre-mais-est-plus-polyvalent-et-plus-pratique\/\"]}]},{\"@type\":\"ImageObject\",\"inLanguage\":\"fr-BE\",\"@id\":\"https:\/\/vieassociative.be\/actualites\/la-formation-des-enseignants-prend-quatre-ans-a-partir-de-septembre-mais-est-plus-polyvalent-et-plus-pratique\/#primaryimage\",\"url\":\"https:\/\/vieassociative.be\/actualites\/wp-content\/uploads\/2025\/04\/1743689840_La-formation-des-enseignants-prend-quatre-ans-a-partir-de.jpg\",\"contentUrl\":\"https:\/\/vieassociative.be\/actualites\/wp-content\/uploads\/2025\/04\/1743689840_La-formation-des-enseignants-prend-quatre-ans-a-partir-de.jpg\",\"width\":1200,\"height\":795,\"caption\":\"La formation des enseignants prend quatre ans \u00e0 partir de septembre - mais est plus polyvalent et plus pratique\"},{\"@type\":\"BreadcrumbList\",\"@id\":\"https:\/\/vieassociative.be\/actualites\/la-formation-des-enseignants-prend-quatre-ans-a-partir-de-septembre-mais-est-plus-polyvalent-et-plus-pratique\/#breadcrumb\",\"itemListElement\":[{\"@type\":\"ListItem\",\"position\":1,\"name\":\"Accueil\",\"item\":\"https:\/\/vieassociative.be\/actualites\/\"},{\"@type\":\"ListItem\",\"position\":2,\"name\":\"La formation des enseignants prend quatre ans \u00e0 partir de septembre &#8211; mais est plus polyvalent et plus pratique\"}]},{\"@type\":\"WebSite\",\"@id\":\"https:\/\/vieassociative.be\/actualites\/#website\",\"url\":\"https:\/\/vieassociative.be\/actualites\/\",\"name\":\"Vie Associative\",\"description\":\"\",\"publisher\":{\"@id\":\"https:\/\/vieassociative.be\/actualites\/#organization\"},\"potentialAction\":[{\"@type\":\"SearchAction\",\"target\":{\"@type\":\"EntryPoint\",\"urlTemplate\":\"https:\/\/vieassociative.be\/actualites\/?s={search_term_string}\"},\"query-input\":{\"@type\":\"PropertyValueSpecification\",\"valueRequired\":true,\"valueName\":\"search_term_string\"}}],\"inLanguage\":\"fr-BE\"},{\"@type\":\"Organization\",\"@id\":\"https:\/\/vieassociative.be\/actualites\/#organization\",\"name\":\"Vie Associative\",\"url\":\"https:\/\/vieassociative.be\/actualites\/\",\"logo\":{\"@type\":\"ImageObject\",\"inLanguage\":\"fr-BE\",\"@id\":\"https:\/\/vieassociative.be\/actualites\/#\/schema\/logo\/image\/\",\"url\":\"https:\/\/vieassociative.be\/actualites\/wp-content\/uploads\/2024\/09\/cropped-vieassociative_favicon.ico.png\",\"contentUrl\":\"https:\/\/vieassociative.be\/actualites\/wp-content\/uploads\/2024\/09\/cropped-vieassociative_favicon.ico.png\",\"width\":512,\"height\":512,\"caption\":\"Vie Associative\"},\"image\":{\"@id\":\"https:\/\/vieassociative.be\/actualites\/#\/schema\/logo\/image\/\"}},{\"@type\":\"Person\",\"@id\":\"https:\/\/vieassociative.be\/actualites\/#\/schema\/person\/b87ac4f82f9d4e7b7cec7395b679edc4\",\"name\":\"Julien\",\"image\":{\"@type\":\"ImageObject\",\"inLanguage\":\"fr-BE\",\"@id\":\"https:\/\/vieassociative.be\/actualites\/#\/schema\/person\/image\/\",\"url\":\"https:\/\/vieassociative.be\/actualites\/wp-content\/uploads\/2024\/09\/vie-associative-1-150x150.jpg\",\"contentUrl\":\"https:\/\/vieassociative.be\/actualites\/wp-content\/uploads\/2024\/09\/vie-associative-1-150x150.jpg\",\"caption\":\"Julien\"},\"description\":\"Je suis Julien, r\u00e9dacteur pour Vie Associative. Passionn\u00e9 par le monde associatif depuis plus de 10 ans, j'ai \u00e0 c\u0153ur de partager des histoires inspirantes et de mettre en lumi\u00e8re les initiatives locales. Mon objectif est de sensibiliser et d'encourager l'engagement communautaire \u00e0 travers mes articles.\",\"sameAs\":[\"https:\/\/vieassociative.be\/\"]}]}<\/script>\n<!-- \/ Yoast SEO plugin. -->","yoast_head_json":{"title":"La formation des enseignants prend quatre ans \u00e0 partir de septembre - mais est plus polyvalent et plus pratique | Vie Associative","robots":{"index":"index","follow":"follow","max-snippet":"max-snippet:-1","max-image-preview":"max-image-preview:large","max-video-preview":"max-video-preview:-1"},"canonical":"https:\/\/vieassociative.be\/actualites\/la-formation-des-enseignants-prend-quatre-ans-a-partir-de-septembre-mais-est-plus-polyvalent-et-plus-pratique\/","og_locale":"fr_FR","og_type":"article","og_title":"La formation des enseignants prend quatre ans \u00e0 partir de septembre - mais est plus polyvalent et plus pratique | Vie Associative","og_description":"En septembre 2025, une formation r\u00e9form\u00e9e pour les enseignants de la maternelle et les enseignants du primaire a commenc\u00e9 \u00e0 l&rsquo;Universit\u00e9 autonome de l&rsquo;Est de","og_url":"https:\/\/vieassociative.be\/actualites\/la-formation-des-enseignants-prend-quatre-ans-a-partir-de-septembre-mais-est-plus-polyvalent-et-plus-pratique\/","og_site_name":"Vie Associative","article_published_time":"2025-04-03T14:17:20+00:00","og_image":[{"width":279,"height":92,"url":"https:\/\/vieassociative.be\/actualites\/wp-content\/uploads\/2024\/09\/header_backgroundk-01-e1726694325946.png","type":"image\/png"}],"author":"Julien","twitter_card":"summary_large_image","twitter_misc":{"\u00c9crit par":"Julien","Dur\u00e9e de lecture est.":"6 minutes"},"schema":{"@context":"https:\/\/schema.org","@graph":[{"@type":"Article","@id":"https:\/\/vieassociative.be\/actualites\/la-formation-des-enseignants-prend-quatre-ans-a-partir-de-septembre-mais-est-plus-polyvalent-et-plus-pratique\/#article","isPartOf":{"@id":"https:\/\/vieassociative.be\/actualites\/la-formation-des-enseignants-prend-quatre-ans-a-partir-de-septembre-mais-est-plus-polyvalent-et-plus-pratique\/"},"author":{"name":"Julien","@id":"https:\/\/vieassociative.be\/actualites\/#\/schema\/person\/b87ac4f82f9d4e7b7cec7395b679edc4"},"headline":"La formation des enseignants prend quatre ans \u00e0 partir de septembre &#8211; mais est plus polyvalent et plus pratique","datePublished":"2025-04-03T14:17:20+00:00","dateModified":"2025-04-03T14:17:20+00:00","mainEntityOfPage":{"@id":"https:\/\/vieassociative.be\/actualites\/la-formation-des-enseignants-prend-quatre-ans-a-partir-de-septembre-mais-est-plus-polyvalent-et-plus-pratique\/"},"wordCount":1273,"publisher":{"@id":"https:\/\/vieassociative.be\/actualites\/#organization"},"image":{"@id":"https:\/\/vieassociative.be\/actualites\/la-formation-des-enseignants-prend-quatre-ans-a-partir-de-septembre-mais-est-plus-polyvalent-et-plus-pratique\/#primaryimage"},"thumbnailUrl":"https:\/\/vieassociative.be\/actualites\/wp-content\/uploads\/2025\/04\/1743689840_La-formation-des-enseignants-prend-quatre-ans-a-partir-de.jpg","keywords":["ans","Des","enseignants","est","formation","mais","partir","polyvalent","pratique","prend","Quatre","septembre"],"articleSection":["Belgique"],"inLanguage":"fr-BE"},{"@type":"WebPage","@id":"https:\/\/vieassociative.be\/actualites\/la-formation-des-enseignants-prend-quatre-ans-a-partir-de-septembre-mais-est-plus-polyvalent-et-plus-pratique\/","url":"https:\/\/vieassociative.be\/actualites\/la-formation-des-enseignants-prend-quatre-ans-a-partir-de-septembre-mais-est-plus-polyvalent-et-plus-pratique\/","name":"La formation des enseignants prend quatre ans \u00e0 partir de septembre - mais est plus polyvalent et plus pratique | Vie Associative","isPartOf":{"@id":"https:\/\/vieassociative.be\/actualites\/#website"},"primaryImageOfPage":{"@id":"https:\/\/vieassociative.be\/actualites\/la-formation-des-enseignants-prend-quatre-ans-a-partir-de-septembre-mais-est-plus-polyvalent-et-plus-pratique\/#primaryimage"},"image":{"@id":"https:\/\/vieassociative.be\/actualites\/la-formation-des-enseignants-prend-quatre-ans-a-partir-de-septembre-mais-est-plus-polyvalent-et-plus-pratique\/#primaryimage"},"thumbnailUrl":"https:\/\/vieassociative.be\/actualites\/wp-content\/uploads\/2025\/04\/1743689840_La-formation-des-enseignants-prend-quatre-ans-a-partir-de.jpg","datePublished":"2025-04-03T14:17:20+00:00","dateModified":"2025-04-03T14:17:20+00:00","breadcrumb":{"@id":"https:\/\/vieassociative.be\/actualites\/la-formation-des-enseignants-prend-quatre-ans-a-partir-de-septembre-mais-est-plus-polyvalent-et-plus-pratique\/#breadcrumb"},"inLanguage":"fr-BE","potentialAction":[{"@type":"ReadAction","target":["https:\/\/vieassociative.be\/actualites\/la-formation-des-enseignants-prend-quatre-ans-a-partir-de-septembre-mais-est-plus-polyvalent-et-plus-pratique\/"]}]},{"@type":"ImageObject","inLanguage":"fr-BE","@id":"https:\/\/vieassociative.be\/actualites\/la-formation-des-enseignants-prend-quatre-ans-a-partir-de-septembre-mais-est-plus-polyvalent-et-plus-pratique\/#primaryimage","url":"https:\/\/vieassociative.be\/actualites\/wp-content\/uploads\/2025\/04\/1743689840_La-formation-des-enseignants-prend-quatre-ans-a-partir-de.jpg","contentUrl":"https:\/\/vieassociative.be\/actualites\/wp-content\/uploads\/2025\/04\/1743689840_La-formation-des-enseignants-prend-quatre-ans-a-partir-de.jpg","width":1200,"height":795,"caption":"La formation des enseignants prend quatre ans \u00e0 partir de septembre - mais est plus polyvalent et plus pratique"},{"@type":"BreadcrumbList","@id":"https:\/\/vieassociative.be\/actualites\/la-formation-des-enseignants-prend-quatre-ans-a-partir-de-septembre-mais-est-plus-polyvalent-et-plus-pratique\/#breadcrumb","itemListElement":[{"@type":"ListItem","position":1,"name":"Accueil","item":"https:\/\/vieassociative.be\/actualites\/"},{"@type":"ListItem","position":2,"name":"La formation des enseignants prend quatre ans \u00e0 partir de septembre &#8211; mais est plus polyvalent et plus pratique"}]},{"@type":"WebSite","@id":"https:\/\/vieassociative.be\/actualites\/#website","url":"https:\/\/vieassociative.be\/actualites\/","name":"Vie Associative","description":"","publisher":{"@id":"https:\/\/vieassociative.be\/actualites\/#organization"},"potentialAction":[{"@type":"SearchAction","target":{"@type":"EntryPoint","urlTemplate":"https:\/\/vieassociative.be\/actualites\/?s={search_term_string}"},"query-input":{"@type":"PropertyValueSpecification","valueRequired":true,"valueName":"search_term_string"}}],"inLanguage":"fr-BE"},{"@type":"Organization","@id":"https:\/\/vieassociative.be\/actualites\/#organization","name":"Vie Associative","url":"https:\/\/vieassociative.be\/actualites\/","logo":{"@type":"ImageObject","inLanguage":"fr-BE","@id":"https:\/\/vieassociative.be\/actualites\/#\/schema\/logo\/image\/","url":"https:\/\/vieassociative.be\/actualites\/wp-content\/uploads\/2024\/09\/cropped-vieassociative_favicon.ico.png","contentUrl":"https:\/\/vieassociative.be\/actualites\/wp-content\/uploads\/2024\/09\/cropped-vieassociative_favicon.ico.png","width":512,"height":512,"caption":"Vie Associative"},"image":{"@id":"https:\/\/vieassociative.be\/actualites\/#\/schema\/logo\/image\/"}},{"@type":"Person","@id":"https:\/\/vieassociative.be\/actualites\/#\/schema\/person\/b87ac4f82f9d4e7b7cec7395b679edc4","name":"Julien","image":{"@type":"ImageObject","inLanguage":"fr-BE","@id":"https:\/\/vieassociative.be\/actualites\/#\/schema\/person\/image\/","url":"https:\/\/vieassociative.be\/actualites\/wp-content\/uploads\/2024\/09\/vie-associative-1-150x150.jpg","contentUrl":"https:\/\/vieassociative.be\/actualites\/wp-content\/uploads\/2024\/09\/vie-associative-1-150x150.jpg","caption":"Julien"},"description":"Je suis Julien, r\u00e9dacteur pour Vie Associative. Passionn\u00e9 par le monde associatif depuis plus de 10 ans, j'ai \u00e0 c\u0153ur de partager des histoires inspirantes et de mettre en lumi\u00e8re les initiatives locales. Mon objectif est de sensibiliser et d'encourager l'engagement communautaire \u00e0 travers mes articles.","sameAs":["https:\/\/vieassociative.be\/"]}]}},"_links":{"self":[{"href":"https:\/\/vieassociative.be\/actualites\/wp-json\/wp\/v2\/posts\/6397"}],"collection":[{"href":"https:\/\/vieassociative.be\/actualites\/wp-json\/wp\/v2\/posts"}],"about":[{"href":"https:\/\/vieassociative.be\/actualites\/wp-json\/wp\/v2\/types\/post"}],"author":[{"embeddable":true,"href":"https:\/\/vieassociative.be\/actualites\/wp-json\/wp\/v2\/users\/1"}],"replies":[{"embeddable":true,"href":"https:\/\/vieassociative.be\/actualites\/wp-json\/wp\/v2\/comments?post=6397"}],"version-history":[{"count":0,"href":"https:\/\/vieassociative.be\/actualites\/wp-json\/wp\/v2\/posts\/6397\/revisions"}],"wp:featuredmedia":[{"embeddable":true,"href":"https:\/\/vieassociative.be\/actualites\/wp-json\/wp\/v2\/media\/6398"}],"wp:attachment":[{"href":"https:\/\/vieassociative.be\/actualites\/wp-json\/wp\/v2\/media?parent=6397"}],"wp:term":[{"taxonomy":"category","embeddable":true,"href":"https:\/\/vieassociative.be\/actualites\/wp-json\/wp\/v2\/categories?post=6397"},{"taxonomy":"post_tag","embeddable":true,"href":"https:\/\/vieassociative.be\/actualites\/wp-json\/wp\/v2\/tags?post=6397"}],"curies":[{"name":"wp","href":"https:\/\/api.w.org\/{rel}","templated":true}]}}