{"id":6390,"date":"2025-04-03T10:19:37","date_gmt":"2025-04-03T08:19:37","guid":{"rendered":"https:\/\/vieassociative.be\/actualites\/fraude-a-kelmis-et-vandalisme-a-raeren\/"},"modified":"2025-04-03T10:19:37","modified_gmt":"2025-04-03T08:19:37","slug":"fraude-a-kelmis-et-vandalisme-a-raeren","status":"publish","type":"post","link":"https:\/\/vieassociative.be\/actualites\/fraude-a-kelmis-et-vandalisme-a-raeren\/","title":{"rendered":"Fraude \u00e0 Kelmis et vandalisme \u00e0 Raeren"},"content":{"rendered":"<p><strong>La zone de police de Weser-G\u00f6hl rapporte plusieurs incidents dans son rapport \u00e0 partir du mercredi 02\/04.<\/strong><\/p>\n<p><span id=\"more-412695\"><\/span><strong>&#8211; Accident de la circulation avec dommages mat\u00e9riels \u00e0 Eupen:<\/strong> Le 1er avril vers 9 h 50, les services de la zone de police de Weser-G\u00f6hl seront signal\u00e9s \u00e0 un accident de la circulation avec des dommages mat\u00e9riels \u00e0 Stendrich \u00e0 Eupen. Une femme d&rsquo;Eupen roule derri\u00e8re un camion et veut la d\u00e9passer. Un homme de Meyerrode roule derri\u00e8re et d\u00e9passe plusieurs voitures. Les deux v\u00e9hicules entrent en collision lors du d\u00e9passement.<\/p>\n<p><strong>&#8211; Fraude \u00e0 Kelmis:<\/strong> Le 1er avril \u00e0 14 h 20, une femme rapporte qu&rsquo;elle est devenue victime de fraude. Il indique qu&rsquo;ils ont re\u00e7u un appel de Proximus et effectu\u00e9 plusieurs transferts sur l&rsquo;instruction de l&rsquo;appelant. Les dommages subis repr\u00e9sentent un montant \u00e0 quatre chiffres.<\/p>\n<p><strong>&#8211; Vandalisme \u00e0 Raeren:<\/strong> Le 1er avril \u00e0 16 h 30, la municipalit\u00e9 de Raeren rapporte des dommages aux toilettes publiques \u00e0 Eynatten. La poign\u00e9e de la porte a \u00e9t\u00e9 endommag\u00e9e et la pi\u00e8ce macula de graffitis. La communaut\u00e9 d\u00e9pose un proc\u00e8s.<\/p>\n<p><strong>&#8211; Vol \u00e0 v\u00e9lo \u00e0 Eupen:<\/strong> Le 1er avril \u00e0 16 h 45, un jeune homme d&rsquo;Eupen rapporte avoir \u00e9t\u00e9 victime du vol. Son v\u00e9lo de montagne qu&rsquo;il avait gar\u00e9 dans le parking derri\u00e8re le restaurant \u00ab\u00a0Megakebab\u00a0\u00bb sur Bergstrasse a \u00e9t\u00e9 vol\u00e9. Une femme rapporte \u00e9galement qu&rsquo;un v\u00e9lo qui s&rsquo;\u00e9tait gar\u00e9 sur la terrasse du toit de la maison de sa m\u00e8re dans l&rsquo;Hostert \u00e0 Eupen a \u00e9t\u00e9 vol\u00e9. C&rsquo;est un v\u00e9lo de montagne (Herrenrad) qui a disparu entre novembre 2024 et 1er avril.<\/p>\n","protected":false},"excerpt":{"rendered":"<p>La zone de police de Weser-G\u00f6hl rapporte plusieurs incidents dans son rapport \u00e0 partir du mercredi 02\/04. &#8211; Accident de la circulation avec dommages mat\u00e9riels<\/p>\n","protected":false},"author":1,"featured_media":1939,"comment_status":"","ping_status":"","sticky":false,"template":"","format":"standard","meta":{"footnotes":""},"categories":[298],"tags":[1577,3719,2645,4980],"class_list":["post-6390","post","type-post","status-publish","format-standard","has-post-thumbnail","hentry","category-belgique","tag-fraude","tag-kelmis","tag-raeren","tag-vandalisme","generate-columns","tablet-grid-50","mobile-grid-100","grid-parent","grid-33"],"yoast_head":"<!-- This site is optimized with the Yoast SEO plugin v24.0 - https:\/\/yoast.com\/wordpress\/plugins\/seo\/ -->\n<title>Fraude \u00e0 Kelmis et vandalisme \u00e0 Raeren | Vie Associative<\/title>\n<meta name=\"robots\" content=\"index, follow, max-snippet:-1, max-image-preview:large, max-video-preview:-1\" \/>\n<link rel=\"canonical\" href=\"https:\/\/vieassociative.be\/actualites\/fraude-a-kelmis-et-vandalisme-a-raeren\/\" \/>\n<meta property=\"og:locale\" content=\"fr_FR\" \/>\n<meta property=\"og:type\" content=\"article\" \/>\n<meta property=\"og:title\" content=\"Fraude \u00e0 Kelmis et vandalisme \u00e0 Raeren | Vie Associative\" \/>\n<meta property=\"og:description\" content=\"La zone de police de Weser-G\u00f6hl rapporte plusieurs incidents dans son rapport \u00e0 partir du mercredi 02\/04. &#8211; Accident de la circulation avec dommages mat\u00e9riels\" \/>\n<meta property=\"og:url\" content=\"https:\/\/vieassociative.be\/actualites\/fraude-a-kelmis-et-vandalisme-a-raeren\/\" \/>\n<meta property=\"og:site_name\" content=\"Vie Associative\" \/>\n<meta property=\"article:published_time\" content=\"2025-04-03T08:19:37+00:00\" \/>\n<meta property=\"og:image\" content=\"https:\/\/vieassociative.be\/actualites\/wp-content\/uploads\/2024\/09\/header_backgroundk-01-e1726694325946.png\" \/>\n\t<meta property=\"og:image:width\" content=\"279\" \/>\n\t<meta property=\"og:image:height\" content=\"92\" \/>\n\t<meta property=\"og:image:type\" content=\"image\/png\" \/>\n<meta name=\"author\" content=\"Julien\" \/>\n<meta name=\"twitter:card\" content=\"summary_large_image\" \/>\n<meta name=\"twitter:label1\" content=\"\u00c9crit par\" \/>\n\t<meta name=\"twitter:data1\" content=\"Julien\" \/>\n\t<meta name=\"twitter:label2\" content=\"Dur\u00e9e de lecture est.\" \/>\n\t<meta name=\"twitter:data2\" content=\"1 minute\" \/>\n<script type=\"application\/ld+json\" class=\"yoast-schema-graph\">{\"@context\":\"https:\/\/schema.org\",\"@graph\":[{\"@type\":\"Article\",\"@id\":\"https:\/\/vieassociative.be\/actualites\/fraude-a-kelmis-et-vandalisme-a-raeren\/#article\",\"isPartOf\":{\"@id\":\"https:\/\/vieassociative.be\/actualites\/fraude-a-kelmis-et-vandalisme-a-raeren\/\"},\"author\":{\"name\":\"Julien\",\"@id\":\"https:\/\/vieassociative.be\/actualites\/#\/schema\/person\/b87ac4f82f9d4e7b7cec7395b679edc4\"},\"headline\":\"Fraude \u00e0 Kelmis et vandalisme \u00e0 Raeren\",\"datePublished\":\"2025-04-03T08:19:37+00:00\",\"dateModified\":\"2025-04-03T08:19:37+00:00\",\"mainEntityOfPage\":{\"@id\":\"https:\/\/vieassociative.be\/actualites\/fraude-a-kelmis-et-vandalisme-a-raeren\/\"},\"wordCount\":276,\"publisher\":{\"@id\":\"https:\/\/vieassociative.be\/actualites\/#organization\"},\"image\":{\"@id\":\"https:\/\/vieassociative.be\/actualites\/fraude-a-kelmis-et-vandalisme-a-raeren\/#primaryimage\"},\"thumbnailUrl\":\"https:\/\/vieassociative.be\/actualites\/wp-content\/uploads\/2024\/11\/Raeren-Le-conducteur-tombe-dans-un-micro-sommeil-a-midi.jpeg\",\"keywords\":[\"fraude\",\"Kelmis\",\"Raeren\",\"Vandalisme\"],\"articleSection\":[\"Belgique\"],\"inLanguage\":\"fr-BE\"},{\"@type\":\"WebPage\",\"@id\":\"https:\/\/vieassociative.be\/actualites\/fraude-a-kelmis-et-vandalisme-a-raeren\/\",\"url\":\"https:\/\/vieassociative.be\/actualites\/fraude-a-kelmis-et-vandalisme-a-raeren\/\",\"name\":\"Fraude \u00e0 Kelmis et vandalisme \u00e0 Raeren | Vie Associative\",\"isPartOf\":{\"@id\":\"https:\/\/vieassociative.be\/actualites\/#website\"},\"primaryImageOfPage\":{\"@id\":\"https:\/\/vieassociative.be\/actualites\/fraude-a-kelmis-et-vandalisme-a-raeren\/#primaryimage\"},\"image\":{\"@id\":\"https:\/\/vieassociative.be\/actualites\/fraude-a-kelmis-et-vandalisme-a-raeren\/#primaryimage\"},\"thumbnailUrl\":\"https:\/\/vieassociative.be\/actualites\/wp-content\/uploads\/2024\/11\/Raeren-Le-conducteur-tombe-dans-un-micro-sommeil-a-midi.jpeg\",\"datePublished\":\"2025-04-03T08:19:37+00:00\",\"dateModified\":\"2025-04-03T08:19:37+00:00\",\"breadcrumb\":{\"@id\":\"https:\/\/vieassociative.be\/actualites\/fraude-a-kelmis-et-vandalisme-a-raeren\/#breadcrumb\"},\"inLanguage\":\"fr-BE\",\"potentialAction\":[{\"@type\":\"ReadAction\",\"target\":[\"https:\/\/vieassociative.be\/actualites\/fraude-a-kelmis-et-vandalisme-a-raeren\/\"]}]},{\"@type\":\"ImageObject\",\"inLanguage\":\"fr-BE\",\"@id\":\"https:\/\/vieassociative.be\/actualites\/fraude-a-kelmis-et-vandalisme-a-raeren\/#primaryimage\",\"url\":\"https:\/\/vieassociative.be\/actualites\/wp-content\/uploads\/2024\/11\/Raeren-Le-conducteur-tombe-dans-un-micro-sommeil-a-midi.jpeg\",\"contentUrl\":\"https:\/\/vieassociative.be\/actualites\/wp-content\/uploads\/2024\/11\/Raeren-Le-conducteur-tombe-dans-un-micro-sommeil-a-midi.jpeg\",\"width\":1200,\"height\":800,\"caption\":\"Raeren : Le conducteur tombe dans un micro-sommeil \u00e0 midi\"},{\"@type\":\"BreadcrumbList\",\"@id\":\"https:\/\/vieassociative.be\/actualites\/fraude-a-kelmis-et-vandalisme-a-raeren\/#breadcrumb\",\"itemListElement\":[{\"@type\":\"ListItem\",\"position\":1,\"name\":\"Accueil\",\"item\":\"https:\/\/vieassociative.be\/actualites\/\"},{\"@type\":\"ListItem\",\"position\":2,\"name\":\"Fraude \u00e0 Kelmis et vandalisme \u00e0 Raeren\"}]},{\"@type\":\"WebSite\",\"@id\":\"https:\/\/vieassociative.be\/actualites\/#website\",\"url\":\"https:\/\/vieassociative.be\/actualites\/\",\"name\":\"Vie Associative\",\"description\":\"\",\"publisher\":{\"@id\":\"https:\/\/vieassociative.be\/actualites\/#organization\"},\"potentialAction\":[{\"@type\":\"SearchAction\",\"target\":{\"@type\":\"EntryPoint\",\"urlTemplate\":\"https:\/\/vieassociative.be\/actualites\/?s={search_term_string}\"},\"query-input\":{\"@type\":\"PropertyValueSpecification\",\"valueRequired\":true,\"valueName\":\"search_term_string\"}}],\"inLanguage\":\"fr-BE\"},{\"@type\":\"Organization\",\"@id\":\"https:\/\/vieassociative.be\/actualites\/#organization\",\"name\":\"Vie Associative\",\"url\":\"https:\/\/vieassociative.be\/actualites\/\",\"logo\":{\"@type\":\"ImageObject\",\"inLanguage\":\"fr-BE\",\"@id\":\"https:\/\/vieassociative.be\/actualites\/#\/schema\/logo\/image\/\",\"url\":\"https:\/\/vieassociative.be\/actualites\/wp-content\/uploads\/2024\/09\/cropped-vieassociative_favicon.ico.png\",\"contentUrl\":\"https:\/\/vieassociative.be\/actualites\/wp-content\/uploads\/2024\/09\/cropped-vieassociative_favicon.ico.png\",\"width\":512,\"height\":512,\"caption\":\"Vie Associative\"},\"image\":{\"@id\":\"https:\/\/vieassociative.be\/actualites\/#\/schema\/logo\/image\/\"}},{\"@type\":\"Person\",\"@id\":\"https:\/\/vieassociative.be\/actualites\/#\/schema\/person\/b87ac4f82f9d4e7b7cec7395b679edc4\",\"name\":\"Julien\",\"image\":{\"@type\":\"ImageObject\",\"inLanguage\":\"fr-BE\",\"@id\":\"https:\/\/vieassociative.be\/actualites\/#\/schema\/person\/image\/\",\"url\":\"https:\/\/vieassociative.be\/actualites\/wp-content\/uploads\/2024\/09\/vie-associative-1-150x150.jpg\",\"contentUrl\":\"https:\/\/vieassociative.be\/actualites\/wp-content\/uploads\/2024\/09\/vie-associative-1-150x150.jpg\",\"caption\":\"Julien\"},\"description\":\"Je suis Julien, r\u00e9dacteur pour Vie Associative. Passionn\u00e9 par le monde associatif depuis plus de 10 ans, j'ai \u00e0 c\u0153ur de partager des histoires inspirantes et de mettre en lumi\u00e8re les initiatives locales. Mon objectif est de sensibiliser et d'encourager l'engagement communautaire \u00e0 travers mes articles.\",\"sameAs\":[\"https:\/\/vieassociative.be\/\"]}]}<\/script>\n<!-- \/ Yoast SEO plugin. -->","yoast_head_json":{"title":"Fraude \u00e0 Kelmis et vandalisme \u00e0 Raeren | Vie Associative","robots":{"index":"index","follow":"follow","max-snippet":"max-snippet:-1","max-image-preview":"max-image-preview:large","max-video-preview":"max-video-preview:-1"},"canonical":"https:\/\/vieassociative.be\/actualites\/fraude-a-kelmis-et-vandalisme-a-raeren\/","og_locale":"fr_FR","og_type":"article","og_title":"Fraude \u00e0 Kelmis et vandalisme \u00e0 Raeren | Vie Associative","og_description":"La zone de police de Weser-G\u00f6hl rapporte plusieurs incidents dans son rapport \u00e0 partir du mercredi 02\/04. &#8211; Accident de la circulation avec dommages mat\u00e9riels","og_url":"https:\/\/vieassociative.be\/actualites\/fraude-a-kelmis-et-vandalisme-a-raeren\/","og_site_name":"Vie Associative","article_published_time":"2025-04-03T08:19:37+00:00","og_image":[{"width":279,"height":92,"url":"https:\/\/vieassociative.be\/actualites\/wp-content\/uploads\/2024\/09\/header_backgroundk-01-e1726694325946.png","type":"image\/png"}],"author":"Julien","twitter_card":"summary_large_image","twitter_misc":{"\u00c9crit par":"Julien","Dur\u00e9e de lecture est.":"1 minute"},"schema":{"@context":"https:\/\/schema.org","@graph":[{"@type":"Article","@id":"https:\/\/vieassociative.be\/actualites\/fraude-a-kelmis-et-vandalisme-a-raeren\/#article","isPartOf":{"@id":"https:\/\/vieassociative.be\/actualites\/fraude-a-kelmis-et-vandalisme-a-raeren\/"},"author":{"name":"Julien","@id":"https:\/\/vieassociative.be\/actualites\/#\/schema\/person\/b87ac4f82f9d4e7b7cec7395b679edc4"},"headline":"Fraude \u00e0 Kelmis et vandalisme \u00e0 Raeren","datePublished":"2025-04-03T08:19:37+00:00","dateModified":"2025-04-03T08:19:37+00:00","mainEntityOfPage":{"@id":"https:\/\/vieassociative.be\/actualites\/fraude-a-kelmis-et-vandalisme-a-raeren\/"},"wordCount":276,"publisher":{"@id":"https:\/\/vieassociative.be\/actualites\/#organization"},"image":{"@id":"https:\/\/vieassociative.be\/actualites\/fraude-a-kelmis-et-vandalisme-a-raeren\/#primaryimage"},"thumbnailUrl":"https:\/\/vieassociative.be\/actualites\/wp-content\/uploads\/2024\/11\/Raeren-Le-conducteur-tombe-dans-un-micro-sommeil-a-midi.jpeg","keywords":["fraude","Kelmis","Raeren","Vandalisme"],"articleSection":["Belgique"],"inLanguage":"fr-BE"},{"@type":"WebPage","@id":"https:\/\/vieassociative.be\/actualites\/fraude-a-kelmis-et-vandalisme-a-raeren\/","url":"https:\/\/vieassociative.be\/actualites\/fraude-a-kelmis-et-vandalisme-a-raeren\/","name":"Fraude \u00e0 Kelmis et vandalisme \u00e0 Raeren | Vie Associative","isPartOf":{"@id":"https:\/\/vieassociative.be\/actualites\/#website"},"primaryImageOfPage":{"@id":"https:\/\/vieassociative.be\/actualites\/fraude-a-kelmis-et-vandalisme-a-raeren\/#primaryimage"},"image":{"@id":"https:\/\/vieassociative.be\/actualites\/fraude-a-kelmis-et-vandalisme-a-raeren\/#primaryimage"},"thumbnailUrl":"https:\/\/vieassociative.be\/actualites\/wp-content\/uploads\/2024\/11\/Raeren-Le-conducteur-tombe-dans-un-micro-sommeil-a-midi.jpeg","datePublished":"2025-04-03T08:19:37+00:00","dateModified":"2025-04-03T08:19:37+00:00","breadcrumb":{"@id":"https:\/\/vieassociative.be\/actualites\/fraude-a-kelmis-et-vandalisme-a-raeren\/#breadcrumb"},"inLanguage":"fr-BE","potentialAction":[{"@type":"ReadAction","target":["https:\/\/vieassociative.be\/actualites\/fraude-a-kelmis-et-vandalisme-a-raeren\/"]}]},{"@type":"ImageObject","inLanguage":"fr-BE","@id":"https:\/\/vieassociative.be\/actualites\/fraude-a-kelmis-et-vandalisme-a-raeren\/#primaryimage","url":"https:\/\/vieassociative.be\/actualites\/wp-content\/uploads\/2024\/11\/Raeren-Le-conducteur-tombe-dans-un-micro-sommeil-a-midi.jpeg","contentUrl":"https:\/\/vieassociative.be\/actualites\/wp-content\/uploads\/2024\/11\/Raeren-Le-conducteur-tombe-dans-un-micro-sommeil-a-midi.jpeg","width":1200,"height":800,"caption":"Raeren : Le conducteur tombe dans un micro-sommeil \u00e0 midi"},{"@type":"BreadcrumbList","@id":"https:\/\/vieassociative.be\/actualites\/fraude-a-kelmis-et-vandalisme-a-raeren\/#breadcrumb","itemListElement":[{"@type":"ListItem","position":1,"name":"Accueil","item":"https:\/\/vieassociative.be\/actualites\/"},{"@type":"ListItem","position":2,"name":"Fraude \u00e0 Kelmis et vandalisme \u00e0 Raeren"}]},{"@type":"WebSite","@id":"https:\/\/vieassociative.be\/actualites\/#website","url":"https:\/\/vieassociative.be\/actualites\/","name":"Vie Associative","description":"","publisher":{"@id":"https:\/\/vieassociative.be\/actualites\/#organization"},"potentialAction":[{"@type":"SearchAction","target":{"@type":"EntryPoint","urlTemplate":"https:\/\/vieassociative.be\/actualites\/?s={search_term_string}"},"query-input":{"@type":"PropertyValueSpecification","valueRequired":true,"valueName":"search_term_string"}}],"inLanguage":"fr-BE"},{"@type":"Organization","@id":"https:\/\/vieassociative.be\/actualites\/#organization","name":"Vie Associative","url":"https:\/\/vieassociative.be\/actualites\/","logo":{"@type":"ImageObject","inLanguage":"fr-BE","@id":"https:\/\/vieassociative.be\/actualites\/#\/schema\/logo\/image\/","url":"https:\/\/vieassociative.be\/actualites\/wp-content\/uploads\/2024\/09\/cropped-vieassociative_favicon.ico.png","contentUrl":"https:\/\/vieassociative.be\/actualites\/wp-content\/uploads\/2024\/09\/cropped-vieassociative_favicon.ico.png","width":512,"height":512,"caption":"Vie Associative"},"image":{"@id":"https:\/\/vieassociative.be\/actualites\/#\/schema\/logo\/image\/"}},{"@type":"Person","@id":"https:\/\/vieassociative.be\/actualites\/#\/schema\/person\/b87ac4f82f9d4e7b7cec7395b679edc4","name":"Julien","image":{"@type":"ImageObject","inLanguage":"fr-BE","@id":"https:\/\/vieassociative.be\/actualites\/#\/schema\/person\/image\/","url":"https:\/\/vieassociative.be\/actualites\/wp-content\/uploads\/2024\/09\/vie-associative-1-150x150.jpg","contentUrl":"https:\/\/vieassociative.be\/actualites\/wp-content\/uploads\/2024\/09\/vie-associative-1-150x150.jpg","caption":"Julien"},"description":"Je suis Julien, r\u00e9dacteur pour Vie Associative. Passionn\u00e9 par le monde associatif depuis plus de 10 ans, j'ai \u00e0 c\u0153ur de partager des histoires inspirantes et de mettre en lumi\u00e8re les initiatives locales. Mon objectif est de sensibiliser et d'encourager l'engagement communautaire \u00e0 travers mes articles.","sameAs":["https:\/\/vieassociative.be\/"]}]}},"_links":{"self":[{"href":"https:\/\/vieassociative.be\/actualites\/wp-json\/wp\/v2\/posts\/6390"}],"collection":[{"href":"https:\/\/vieassociative.be\/actualites\/wp-json\/wp\/v2\/posts"}],"about":[{"href":"https:\/\/vieassociative.be\/actualites\/wp-json\/wp\/v2\/types\/post"}],"author":[{"embeddable":true,"href":"https:\/\/vieassociative.be\/actualites\/wp-json\/wp\/v2\/users\/1"}],"replies":[{"embeddable":true,"href":"https:\/\/vieassociative.be\/actualites\/wp-json\/wp\/v2\/comments?post=6390"}],"version-history":[{"count":0,"href":"https:\/\/vieassociative.be\/actualites\/wp-json\/wp\/v2\/posts\/6390\/revisions"}],"wp:featuredmedia":[{"embeddable":true,"href":"https:\/\/vieassociative.be\/actualites\/wp-json\/wp\/v2\/media\/1939"}],"wp:attachment":[{"href":"https:\/\/vieassociative.be\/actualites\/wp-json\/wp\/v2\/media?parent=6390"}],"wp:term":[{"taxonomy":"category","embeddable":true,"href":"https:\/\/vieassociative.be\/actualites\/wp-json\/wp\/v2\/categories?post=6390"},{"taxonomy":"post_tag","embeddable":true,"href":"https:\/\/vieassociative.be\/actualites\/wp-json\/wp\/v2\/tags?post=6390"}],"curies":[{"name":"wp","href":"https:\/\/api.w.org\/{rel}","templated":true}]}}