{"id":6383,"date":"2025-04-03T04:18:31","date_gmt":"2025-04-03T02:18:31","guid":{"rendered":"https:\/\/vieassociative.be\/actualites\/trump-poursuit-sa-politique-commerciale-agressive-et-apporte-un-nouveau-paquet-de-douanes-de-grande-echelle-a\/"},"modified":"2025-04-03T04:18:31","modified_gmt":"2025-04-03T02:18:31","slug":"trump-poursuit-sa-politique-commerciale-agressive-et-apporte-un-nouveau-paquet-de-douanes-de-grande-echelle-a","status":"publish","type":"post","link":"https:\/\/vieassociative.be\/actualites\/trump-poursuit-sa-politique-commerciale-agressive-et-apporte-un-nouveau-paquet-de-douanes-de-grande-echelle-a\/","title":{"rendered":"Trump poursuit sa politique commerciale agressive et apporte un nouveau paquet de douanes de grande \u00e9chelle \u00e0"},"content":{"rendered":"<p><strong>Le pr\u00e9sident am\u00e9ricain Donald Trump exacerbe encore son cours de douane d\u00e9j\u00e0 drastique. Dans le Rose Garden de la Wide House, il fait des partenaires commerciaux une annonce difficile. L&rsquo;UE devrait \u00eatre tr\u00e8s heureux.<\/strong><\/p>\n<p><span id=\"more-412706\"><\/span>Le pr\u00e9sident am\u00e9ricain Donald Trump poursuit sa politique commerciale agressive et apporte un nouveau forfait de douane de grande envergure. Il pr\u00e9senterait un syst\u00e8me de tarifs mutuels \u00ab\u00a0pour les pays du monde entier\u00a0\u00bb, a d\u00e9clar\u00e9 le r\u00e9publicain dans le Rosengarten de la Maison Blanche. Une guerre commerciale avec l&rsquo;Union europ\u00e9enne semble d\u00e9sormais in\u00e9vitable &#8211; les nouveaux pr\u00e9l\u00e8vements de p\u00e9nalit\u00e9 devraient secouer l&rsquo;\u00e9conomie mondiale.<\/p>\n<div id=\"attachment_412726\" class=\"wp-caption alignleft\" style=\"max-width: 300px\"><img fetchpriority=\"high\" decoding=\"async\" class=\"wp-image-412726 size-medium\" src=\"https:\/\/vieassociative.be\/actualites\/wp-content\/uploads\/2025\/04\/Trump-poursuit-sa-politique-commerciale-agressive-et-apporte-un-nouveau.jpg\" alt=\"\" width=\"300\" height=\"200\"><\/p>\n<p class=\"wp-caption-text\">02.04.2025, \u00c9tats-Unis, Washington: le pr\u00e9sident am\u00e9ricain Donald Trump (L) parle aux c\u00f4t\u00e9s du ministre am\u00e9ricain du commerce Howard Lutnick lors d&rsquo;un \u00e9v\u00e9nement pour l&rsquo;annonce de nouveaux tarifs dans la roserbe de la Maison Blanche. Photo: Mark Schiefelbein \/ AP \/ DPA<\/p>\n<\/div>\n<p>\u00ab\u00a0Cette journ\u00e9e ira dans l&rsquo;histoire au jour o\u00f9 l&rsquo;industrie am\u00e9ricaine est n\u00e9e lorsque l&rsquo;Am\u00e9rique a repris son sort et le jour o\u00f9 nous avons recommenc\u00e9 \u00e0 rendre l&rsquo;Am\u00e9rique riche\u00a0\u00bb, a d\u00e9clar\u00e9 Trump. C&rsquo;est l&rsquo;un des jours les plus importants de l&rsquo;histoire am\u00e9ricaine. Le \u00ab\u00a0Golden Age\u00a0\u00bb des \u00c9tats-Unis revient.<\/p>\n<p><strong>&#8211; \u00ab\u00a0Jour de lib\u00e9ration\u00a0\u00bb:<\/strong> Le r\u00e9publicain avait annonc\u00e9 le jour de l&rsquo;annonce \u00e0 l&rsquo;avance comme un \u00ab\u00a0jour de lib\u00e9ration\u00a0\u00bb et annonc\u00e9 l&rsquo;imposition de tarifs mutuels. En principe, cela signifie que les \u00c9tats-Unis ont augment\u00e9 ses tarifs en relation en cons\u00e9quence, o\u00f9 ils sont actuellement moins exigeants que ses partenaires commerciaux.<\/p>\n<p>Trump a mis des tarifs \u00e0 grande \u00e9chelle depuis la r\u00e9f\u00e9rence \u00e0 la Maison Blanche &#8211; similaire \u00e0 son premier mandat. Il a d\u00e9j\u00e0 impos\u00e9 des pr\u00e9l\u00e8vements criminels \u00e0 toutes les importations d&rsquo;aluminium et d&rsquo;acier, a lanc\u00e9 des tarifs de 25% sur les voitures import\u00e9es et les pi\u00e8ces automobiles, a introduit des tarifs accrus \u00e0 toutes les marchandises en provenance de Chine et a cibl\u00e9 ses voisins Canada et le Mexique. Les tarifs automobiles en particulier ont frapp\u00e9 l&rsquo;Europe.<\/p>\n<div id=\"attachment_411979\" class=\"wp-caption alignleft\" style=\"max-width: 300px\"><img decoding=\"async\" class=\"wp-image-411979 size-medium\" src=\"https:\/\/vieassociative.be\/actualites\/wp-content\/uploads\/2025\/04\/1743646711_171_Trump-poursuit-sa-politique-commerciale-agressive-et-apporte-un-nouveau.jpg\" alt=\"\" width=\"300\" height=\"170\"><\/p>\n<p class=\"wp-caption-text\">09\/09\/2018, Lower Saxe, Emden: un v\u00e9hicule du groupe Volkswagen est disponible pour l&rsquo;exp\u00e9dition dans le port d&rsquo;Emden. Photo: J\u00f6rg Sarbach \/ DPA<\/p>\n<\/div>\n<p><strong>&#8211; Les coutumes ont des cons\u00e9quences pour les consommateurs:<\/strong> Une douane d&rsquo;importation fonctionne de mani\u00e8re similaire \u00e0 une taxe. Il doit \u00eatre pay\u00e9 par la soci\u00e9t\u00e9 d&rsquo;importation &#8211; dans ce cas, les soci\u00e9t\u00e9s aux \u00c9tats-Unis. Il est probable que les soci\u00e9t\u00e9s d&rsquo;importation ne couvrent pas elles-m\u00eames les co\u00fbts plus \u00e9lev\u00e9s. Ils sont susceptibles de les transmettre aux consommateurs &#8211; les prix augmentent et l&rsquo;inflation pourrait \u00eatre aliment\u00e9e \u00e0 nouveau. L&rsquo;objectif de Trump est d&#8217;emp\u00eacher les entreprises am\u00e9ricaines d&rsquo;introduire des produits \u00e0 l&rsquo;\u00e9tranger. Cela devrait promouvoir le site de production \u00e0 long terme.<\/p>\n<p>Comme on s&rsquo;attend \u00e0 ce que les entreprises d&rsquo;exportation devraient subir une perte de ventes, cela pourrait entra\u00eener une baisse de la production et des annulations de travaux possibles, qui peuvent accrocher l&rsquo;\u00e9conomie dans son ensemble. Un conflit commercial croissant entre les \u00c9tats-Unis et l&rsquo;UE aura donc \u00e9galement un impact significatif pour les consommateurs allemands. (DPA)<\/p>\n<p><em><strong>Sur le sujet, voir \u00e9galement l&rsquo;article suivant sur OD:<\/strong><\/em><\/p>\n<div class=\"responsive-embed widescreen\">\n<blockquote class=\"wp-embedded-content\" data-secret=\"2CLcsu6waf\">\n<p>Plus de 25 heures contre Trump: le s\u00e9nateur am\u00e9ricain conserve un discours permanent pour les livres d&rsquo;histoire (vid\u00e9o)<\/p>\n<\/blockquote>\n<p><iframe loading=\"lazy\" class=\"wp-embedded-content\" sandbox=\"allow-scripts\" security=\"restricted\" style=\"position: absolute; visibility: hidden;\" title=\"\u201eMehr als 25 Stunden gegen Trump: US-Senator h\u00e4lt eine Dauerrede f\u00fcr die Geschichtsb\u00fccher (VIDEO)\u201c \u2014 Ostbelgien Direkt\" src=\"https:\/\/ostbelgiendirekt.be\/about:blank\" data-secret=\"2CLcsu6waf\" width=\"500\" height=\"282\" frameborder=\"0\" marginwidth=\"0\" marginheight=\"0\" scrolling=\"no\" data-rocket-lazyload=\"fitvidscompatible\" data-lazy-src=\"https:\/\/ostbelgiendirekt.be\/musks-millionen-reichen-nicht-412654\/embed#?secret=jqOjfleJu5#?secret=2CLcsu6waf\"><\/iframe><noscript><iframe class=\"wp-embedded-content\" sandbox=\"allow-scripts\" security=\"restricted\" style=\"position: absolute; visibility: hidden;\" title=\"\u201eMehr als 25 Stunden gegen Trump: US-Senator h\u00e4lt eine Dauerrede f\u00fcr die Geschichtsb\u00fccher (VIDEO)\u201c \u2014 Ostbelgien Direkt\" src=\"https:\/\/ostbelgiendirekt.be\/musks-millionen-reichen-nicht-412654\/embed#?secret=jqOjfleJu5#?secret=2CLcsu6waf\" data-secret=\"2CLcsu6waf\" width=\"500\" height=\"282\" frameborder=\"0\" marginwidth=\"0\" marginheight=\"0\" scrolling=\"no\"><\/iframe><\/noscript><\/p>\n<\/div>\n","protected":false},"excerpt":{"rendered":"<p>Le pr\u00e9sident am\u00e9ricain Donald Trump exacerbe encore son cours de douane d\u00e9j\u00e0 drastique. Dans le Rose Garden de la Wide House, il fait des partenaires<\/p>\n","protected":false},"author":1,"featured_media":6384,"comment_status":"","ping_status":"","sticky":false,"template":"","format":"standard","meta":{"footnotes":""},"categories":[298],"tags":[1680,434,5820,6150,6151,1787,553,6149,1513,2387,2425],"class_list":["post-6383","post","type-post","status-publish","format-standard","has-post-thumbnail","hentry","category-belgique","tag-agressive","tag-apporte","tag-commerciale","tag-douanes","tag-echelle","tag-grande","tag-nouveau","tag-paquet","tag-politique","tag-poursuit","tag-trump","generate-columns","tablet-grid-50","mobile-grid-100","grid-parent","grid-33"],"yoast_head":"<!-- This site is optimized with the Yoast SEO plugin v24.0 - https:\/\/yoast.com\/wordpress\/plugins\/seo\/ -->\n<title>Trump poursuit sa politique commerciale agressive et apporte un nouveau paquet de douanes de grande \u00e9chelle \u00e0 | Vie Associative<\/title>\n<meta name=\"robots\" content=\"index, follow, max-snippet:-1, max-image-preview:large, max-video-preview:-1\" \/>\n<link rel=\"canonical\" href=\"https:\/\/vieassociative.be\/actualites\/trump-poursuit-sa-politique-commerciale-agressive-et-apporte-un-nouveau-paquet-de-douanes-de-grande-echelle-a\/\" \/>\n<meta property=\"og:locale\" content=\"fr_FR\" \/>\n<meta property=\"og:type\" content=\"article\" \/>\n<meta property=\"og:title\" content=\"Trump poursuit sa politique commerciale agressive et apporte un nouveau paquet de douanes de grande \u00e9chelle \u00e0 | Vie Associative\" \/>\n<meta property=\"og:description\" content=\"Le pr\u00e9sident am\u00e9ricain Donald Trump exacerbe encore son cours de douane d\u00e9j\u00e0 drastique. Dans le Rose Garden de la Wide House, il fait des partenaires\" \/>\n<meta property=\"og:url\" content=\"https:\/\/vieassociative.be\/actualites\/trump-poursuit-sa-politique-commerciale-agressive-et-apporte-un-nouveau-paquet-de-douanes-de-grande-echelle-a\/\" \/>\n<meta property=\"og:site_name\" content=\"Vie Associative\" \/>\n<meta property=\"article:published_time\" content=\"2025-04-03T02:18:31+00:00\" \/>\n<meta property=\"og:image\" content=\"https:\/\/vieassociative.be\/actualites\/wp-content\/uploads\/2024\/09\/header_backgroundk-01-e1726694325946.png\" \/>\n\t<meta property=\"og:image:width\" content=\"279\" \/>\n\t<meta property=\"og:image:height\" content=\"92\" \/>\n\t<meta property=\"og:image:type\" content=\"image\/png\" \/>\n<meta name=\"author\" content=\"Julien\" \/>\n<meta name=\"twitter:card\" content=\"summary_large_image\" \/>\n<meta name=\"twitter:label1\" content=\"\u00c9crit par\" \/>\n\t<meta name=\"twitter:data1\" content=\"Julien\" \/>\n\t<meta name=\"twitter:label2\" content=\"Dur\u00e9e de lecture est.\" \/>\n\t<meta name=\"twitter:data2\" content=\"3 minutes\" \/>\n<script type=\"application\/ld+json\" class=\"yoast-schema-graph\">{\"@context\":\"https:\/\/schema.org\",\"@graph\":[{\"@type\":\"Article\",\"@id\":\"https:\/\/vieassociative.be\/actualites\/trump-poursuit-sa-politique-commerciale-agressive-et-apporte-un-nouveau-paquet-de-douanes-de-grande-echelle-a\/#article\",\"isPartOf\":{\"@id\":\"https:\/\/vieassociative.be\/actualites\/trump-poursuit-sa-politique-commerciale-agressive-et-apporte-un-nouveau-paquet-de-douanes-de-grande-echelle-a\/\"},\"author\":{\"name\":\"Julien\",\"@id\":\"https:\/\/vieassociative.be\/actualites\/#\/schema\/person\/b87ac4f82f9d4e7b7cec7395b679edc4\"},\"headline\":\"Trump poursuit sa politique commerciale agressive et apporte un nouveau paquet de douanes de grande \u00e9chelle \u00e0\",\"datePublished\":\"2025-04-03T02:18:31+00:00\",\"dateModified\":\"2025-04-03T02:18:31+00:00\",\"mainEntityOfPage\":{\"@id\":\"https:\/\/vieassociative.be\/actualites\/trump-poursuit-sa-politique-commerciale-agressive-et-apporte-un-nouveau-paquet-de-douanes-de-grande-echelle-a\/\"},\"wordCount\":603,\"publisher\":{\"@id\":\"https:\/\/vieassociative.be\/actualites\/#organization\"},\"image\":{\"@id\":\"https:\/\/vieassociative.be\/actualites\/trump-poursuit-sa-politique-commerciale-agressive-et-apporte-un-nouveau-paquet-de-douanes-de-grande-echelle-a\/#primaryimage\"},\"thumbnailUrl\":\"https:\/\/vieassociative.be\/actualites\/wp-content\/uploads\/2025\/04\/1743646711_Trump-poursuit-sa-politique-commerciale-agressive-et-apporte-un-nouveau.jpg\",\"keywords\":[\"agressive\",\"apporte\",\"commerciale\",\"douanes\",\"\u00e9chelle\",\"grande\",\"nouveau\",\"paquet\",\"politique\",\"poursuit\",\"Trump\"],\"articleSection\":[\"Belgique\"],\"inLanguage\":\"fr-BE\"},{\"@type\":\"WebPage\",\"@id\":\"https:\/\/vieassociative.be\/actualites\/trump-poursuit-sa-politique-commerciale-agressive-et-apporte-un-nouveau-paquet-de-douanes-de-grande-echelle-a\/\",\"url\":\"https:\/\/vieassociative.be\/actualites\/trump-poursuit-sa-politique-commerciale-agressive-et-apporte-un-nouveau-paquet-de-douanes-de-grande-echelle-a\/\",\"name\":\"Trump poursuit sa politique commerciale agressive et apporte un nouveau paquet de douanes de grande \u00e9chelle \u00e0 | Vie Associative\",\"isPartOf\":{\"@id\":\"https:\/\/vieassociative.be\/actualites\/#website\"},\"primaryImageOfPage\":{\"@id\":\"https:\/\/vieassociative.be\/actualites\/trump-poursuit-sa-politique-commerciale-agressive-et-apporte-un-nouveau-paquet-de-douanes-de-grande-echelle-a\/#primaryimage\"},\"image\":{\"@id\":\"https:\/\/vieassociative.be\/actualites\/trump-poursuit-sa-politique-commerciale-agressive-et-apporte-un-nouveau-paquet-de-douanes-de-grande-echelle-a\/#primaryimage\"},\"thumbnailUrl\":\"https:\/\/vieassociative.be\/actualites\/wp-content\/uploads\/2025\/04\/1743646711_Trump-poursuit-sa-politique-commerciale-agressive-et-apporte-un-nouveau.jpg\",\"datePublished\":\"2025-04-03T02:18:31+00:00\",\"dateModified\":\"2025-04-03T02:18:31+00:00\",\"breadcrumb\":{\"@id\":\"https:\/\/vieassociative.be\/actualites\/trump-poursuit-sa-politique-commerciale-agressive-et-apporte-un-nouveau-paquet-de-douanes-de-grande-echelle-a\/#breadcrumb\"},\"inLanguage\":\"fr-BE\",\"potentialAction\":[{\"@type\":\"ReadAction\",\"target\":[\"https:\/\/vieassociative.be\/actualites\/trump-poursuit-sa-politique-commerciale-agressive-et-apporte-un-nouveau-paquet-de-douanes-de-grande-echelle-a\/\"]}]},{\"@type\":\"ImageObject\",\"inLanguage\":\"fr-BE\",\"@id\":\"https:\/\/vieassociative.be\/actualites\/trump-poursuit-sa-politique-commerciale-agressive-et-apporte-un-nouveau-paquet-de-douanes-de-grande-echelle-a\/#primaryimage\",\"url\":\"https:\/\/vieassociative.be\/actualites\/wp-content\/uploads\/2025\/04\/1743646711_Trump-poursuit-sa-politique-commerciale-agressive-et-apporte-un-nouveau.jpg\",\"contentUrl\":\"https:\/\/vieassociative.be\/actualites\/wp-content\/uploads\/2025\/04\/1743646711_Trump-poursuit-sa-politique-commerciale-agressive-et-apporte-un-nouveau.jpg\",\"width\":1200,\"height\":800,\"caption\":\"Trump poursuit sa politique commerciale agressive et apporte un nouveau paquet de douanes de grande \u00e9chelle \u00e0\"},{\"@type\":\"BreadcrumbList\",\"@id\":\"https:\/\/vieassociative.be\/actualites\/trump-poursuit-sa-politique-commerciale-agressive-et-apporte-un-nouveau-paquet-de-douanes-de-grande-echelle-a\/#breadcrumb\",\"itemListElement\":[{\"@type\":\"ListItem\",\"position\":1,\"name\":\"Accueil\",\"item\":\"https:\/\/vieassociative.be\/actualites\/\"},{\"@type\":\"ListItem\",\"position\":2,\"name\":\"Trump poursuit sa politique commerciale agressive et apporte un nouveau paquet de douanes de grande \u00e9chelle \u00e0\"}]},{\"@type\":\"WebSite\",\"@id\":\"https:\/\/vieassociative.be\/actualites\/#website\",\"url\":\"https:\/\/vieassociative.be\/actualites\/\",\"name\":\"Vie Associative\",\"description\":\"\",\"publisher\":{\"@id\":\"https:\/\/vieassociative.be\/actualites\/#organization\"},\"potentialAction\":[{\"@type\":\"SearchAction\",\"target\":{\"@type\":\"EntryPoint\",\"urlTemplate\":\"https:\/\/vieassociative.be\/actualites\/?s={search_term_string}\"},\"query-input\":{\"@type\":\"PropertyValueSpecification\",\"valueRequired\":true,\"valueName\":\"search_term_string\"}}],\"inLanguage\":\"fr-BE\"},{\"@type\":\"Organization\",\"@id\":\"https:\/\/vieassociative.be\/actualites\/#organization\",\"name\":\"Vie Associative\",\"url\":\"https:\/\/vieassociative.be\/actualites\/\",\"logo\":{\"@type\":\"ImageObject\",\"inLanguage\":\"fr-BE\",\"@id\":\"https:\/\/vieassociative.be\/actualites\/#\/schema\/logo\/image\/\",\"url\":\"https:\/\/vieassociative.be\/actualites\/wp-content\/uploads\/2024\/09\/cropped-vieassociative_favicon.ico.png\",\"contentUrl\":\"https:\/\/vieassociative.be\/actualites\/wp-content\/uploads\/2024\/09\/cropped-vieassociative_favicon.ico.png\",\"width\":512,\"height\":512,\"caption\":\"Vie Associative\"},\"image\":{\"@id\":\"https:\/\/vieassociative.be\/actualites\/#\/schema\/logo\/image\/\"}},{\"@type\":\"Person\",\"@id\":\"https:\/\/vieassociative.be\/actualites\/#\/schema\/person\/b87ac4f82f9d4e7b7cec7395b679edc4\",\"name\":\"Julien\",\"image\":{\"@type\":\"ImageObject\",\"inLanguage\":\"fr-BE\",\"@id\":\"https:\/\/vieassociative.be\/actualites\/#\/schema\/person\/image\/\",\"url\":\"https:\/\/vieassociative.be\/actualites\/wp-content\/uploads\/2024\/09\/vie-associative-1-150x150.jpg\",\"contentUrl\":\"https:\/\/vieassociative.be\/actualites\/wp-content\/uploads\/2024\/09\/vie-associative-1-150x150.jpg\",\"caption\":\"Julien\"},\"description\":\"Je suis Julien, r\u00e9dacteur pour Vie Associative. Passionn\u00e9 par le monde associatif depuis plus de 10 ans, j'ai \u00e0 c\u0153ur de partager des histoires inspirantes et de mettre en lumi\u00e8re les initiatives locales. Mon objectif est de sensibiliser et d'encourager l'engagement communautaire \u00e0 travers mes articles.\",\"sameAs\":[\"https:\/\/vieassociative.be\/\"]}]}<\/script>\n<!-- \/ Yoast SEO plugin. -->","yoast_head_json":{"title":"Trump poursuit sa politique commerciale agressive et apporte un nouveau paquet de douanes de grande \u00e9chelle \u00e0 | Vie Associative","robots":{"index":"index","follow":"follow","max-snippet":"max-snippet:-1","max-image-preview":"max-image-preview:large","max-video-preview":"max-video-preview:-1"},"canonical":"https:\/\/vieassociative.be\/actualites\/trump-poursuit-sa-politique-commerciale-agressive-et-apporte-un-nouveau-paquet-de-douanes-de-grande-echelle-a\/","og_locale":"fr_FR","og_type":"article","og_title":"Trump poursuit sa politique commerciale agressive et apporte un nouveau paquet de douanes de grande \u00e9chelle \u00e0 | Vie Associative","og_description":"Le pr\u00e9sident am\u00e9ricain Donald Trump exacerbe encore son cours de douane d\u00e9j\u00e0 drastique. Dans le Rose Garden de la Wide House, il fait des partenaires","og_url":"https:\/\/vieassociative.be\/actualites\/trump-poursuit-sa-politique-commerciale-agressive-et-apporte-un-nouveau-paquet-de-douanes-de-grande-echelle-a\/","og_site_name":"Vie Associative","article_published_time":"2025-04-03T02:18:31+00:00","og_image":[{"width":279,"height":92,"url":"https:\/\/vieassociative.be\/actualites\/wp-content\/uploads\/2024\/09\/header_backgroundk-01-e1726694325946.png","type":"image\/png"}],"author":"Julien","twitter_card":"summary_large_image","twitter_misc":{"\u00c9crit par":"Julien","Dur\u00e9e de lecture est.":"3 minutes"},"schema":{"@context":"https:\/\/schema.org","@graph":[{"@type":"Article","@id":"https:\/\/vieassociative.be\/actualites\/trump-poursuit-sa-politique-commerciale-agressive-et-apporte-un-nouveau-paquet-de-douanes-de-grande-echelle-a\/#article","isPartOf":{"@id":"https:\/\/vieassociative.be\/actualites\/trump-poursuit-sa-politique-commerciale-agressive-et-apporte-un-nouveau-paquet-de-douanes-de-grande-echelle-a\/"},"author":{"name":"Julien","@id":"https:\/\/vieassociative.be\/actualites\/#\/schema\/person\/b87ac4f82f9d4e7b7cec7395b679edc4"},"headline":"Trump poursuit sa politique commerciale agressive et apporte un nouveau paquet de douanes de grande \u00e9chelle \u00e0","datePublished":"2025-04-03T02:18:31+00:00","dateModified":"2025-04-03T02:18:31+00:00","mainEntityOfPage":{"@id":"https:\/\/vieassociative.be\/actualites\/trump-poursuit-sa-politique-commerciale-agressive-et-apporte-un-nouveau-paquet-de-douanes-de-grande-echelle-a\/"},"wordCount":603,"publisher":{"@id":"https:\/\/vieassociative.be\/actualites\/#organization"},"image":{"@id":"https:\/\/vieassociative.be\/actualites\/trump-poursuit-sa-politique-commerciale-agressive-et-apporte-un-nouveau-paquet-de-douanes-de-grande-echelle-a\/#primaryimage"},"thumbnailUrl":"https:\/\/vieassociative.be\/actualites\/wp-content\/uploads\/2025\/04\/1743646711_Trump-poursuit-sa-politique-commerciale-agressive-et-apporte-un-nouveau.jpg","keywords":["agressive","apporte","commerciale","douanes","\u00e9chelle","grande","nouveau","paquet","politique","poursuit","Trump"],"articleSection":["Belgique"],"inLanguage":"fr-BE"},{"@type":"WebPage","@id":"https:\/\/vieassociative.be\/actualites\/trump-poursuit-sa-politique-commerciale-agressive-et-apporte-un-nouveau-paquet-de-douanes-de-grande-echelle-a\/","url":"https:\/\/vieassociative.be\/actualites\/trump-poursuit-sa-politique-commerciale-agressive-et-apporte-un-nouveau-paquet-de-douanes-de-grande-echelle-a\/","name":"Trump poursuit sa politique commerciale agressive et apporte un nouveau paquet de douanes de grande \u00e9chelle \u00e0 | Vie Associative","isPartOf":{"@id":"https:\/\/vieassociative.be\/actualites\/#website"},"primaryImageOfPage":{"@id":"https:\/\/vieassociative.be\/actualites\/trump-poursuit-sa-politique-commerciale-agressive-et-apporte-un-nouveau-paquet-de-douanes-de-grande-echelle-a\/#primaryimage"},"image":{"@id":"https:\/\/vieassociative.be\/actualites\/trump-poursuit-sa-politique-commerciale-agressive-et-apporte-un-nouveau-paquet-de-douanes-de-grande-echelle-a\/#primaryimage"},"thumbnailUrl":"https:\/\/vieassociative.be\/actualites\/wp-content\/uploads\/2025\/04\/1743646711_Trump-poursuit-sa-politique-commerciale-agressive-et-apporte-un-nouveau.jpg","datePublished":"2025-04-03T02:18:31+00:00","dateModified":"2025-04-03T02:18:31+00:00","breadcrumb":{"@id":"https:\/\/vieassociative.be\/actualites\/trump-poursuit-sa-politique-commerciale-agressive-et-apporte-un-nouveau-paquet-de-douanes-de-grande-echelle-a\/#breadcrumb"},"inLanguage":"fr-BE","potentialAction":[{"@type":"ReadAction","target":["https:\/\/vieassociative.be\/actualites\/trump-poursuit-sa-politique-commerciale-agressive-et-apporte-un-nouveau-paquet-de-douanes-de-grande-echelle-a\/"]}]},{"@type":"ImageObject","inLanguage":"fr-BE","@id":"https:\/\/vieassociative.be\/actualites\/trump-poursuit-sa-politique-commerciale-agressive-et-apporte-un-nouveau-paquet-de-douanes-de-grande-echelle-a\/#primaryimage","url":"https:\/\/vieassociative.be\/actualites\/wp-content\/uploads\/2025\/04\/1743646711_Trump-poursuit-sa-politique-commerciale-agressive-et-apporte-un-nouveau.jpg","contentUrl":"https:\/\/vieassociative.be\/actualites\/wp-content\/uploads\/2025\/04\/1743646711_Trump-poursuit-sa-politique-commerciale-agressive-et-apporte-un-nouveau.jpg","width":1200,"height":800,"caption":"Trump poursuit sa politique commerciale agressive et apporte un nouveau paquet de douanes de grande \u00e9chelle \u00e0"},{"@type":"BreadcrumbList","@id":"https:\/\/vieassociative.be\/actualites\/trump-poursuit-sa-politique-commerciale-agressive-et-apporte-un-nouveau-paquet-de-douanes-de-grande-echelle-a\/#breadcrumb","itemListElement":[{"@type":"ListItem","position":1,"name":"Accueil","item":"https:\/\/vieassociative.be\/actualites\/"},{"@type":"ListItem","position":2,"name":"Trump poursuit sa politique commerciale agressive et apporte un nouveau paquet de douanes de grande \u00e9chelle \u00e0"}]},{"@type":"WebSite","@id":"https:\/\/vieassociative.be\/actualites\/#website","url":"https:\/\/vieassociative.be\/actualites\/","name":"Vie Associative","description":"","publisher":{"@id":"https:\/\/vieassociative.be\/actualites\/#organization"},"potentialAction":[{"@type":"SearchAction","target":{"@type":"EntryPoint","urlTemplate":"https:\/\/vieassociative.be\/actualites\/?s={search_term_string}"},"query-input":{"@type":"PropertyValueSpecification","valueRequired":true,"valueName":"search_term_string"}}],"inLanguage":"fr-BE"},{"@type":"Organization","@id":"https:\/\/vieassociative.be\/actualites\/#organization","name":"Vie Associative","url":"https:\/\/vieassociative.be\/actualites\/","logo":{"@type":"ImageObject","inLanguage":"fr-BE","@id":"https:\/\/vieassociative.be\/actualites\/#\/schema\/logo\/image\/","url":"https:\/\/vieassociative.be\/actualites\/wp-content\/uploads\/2024\/09\/cropped-vieassociative_favicon.ico.png","contentUrl":"https:\/\/vieassociative.be\/actualites\/wp-content\/uploads\/2024\/09\/cropped-vieassociative_favicon.ico.png","width":512,"height":512,"caption":"Vie Associative"},"image":{"@id":"https:\/\/vieassociative.be\/actualites\/#\/schema\/logo\/image\/"}},{"@type":"Person","@id":"https:\/\/vieassociative.be\/actualites\/#\/schema\/person\/b87ac4f82f9d4e7b7cec7395b679edc4","name":"Julien","image":{"@type":"ImageObject","inLanguage":"fr-BE","@id":"https:\/\/vieassociative.be\/actualites\/#\/schema\/person\/image\/","url":"https:\/\/vieassociative.be\/actualites\/wp-content\/uploads\/2024\/09\/vie-associative-1-150x150.jpg","contentUrl":"https:\/\/vieassociative.be\/actualites\/wp-content\/uploads\/2024\/09\/vie-associative-1-150x150.jpg","caption":"Julien"},"description":"Je suis Julien, r\u00e9dacteur pour Vie Associative. Passionn\u00e9 par le monde associatif depuis plus de 10 ans, j'ai \u00e0 c\u0153ur de partager des histoires inspirantes et de mettre en lumi\u00e8re les initiatives locales. Mon objectif est de sensibiliser et d'encourager l'engagement communautaire \u00e0 travers mes articles.","sameAs":["https:\/\/vieassociative.be\/"]}]}},"_links":{"self":[{"href":"https:\/\/vieassociative.be\/actualites\/wp-json\/wp\/v2\/posts\/6383"}],"collection":[{"href":"https:\/\/vieassociative.be\/actualites\/wp-json\/wp\/v2\/posts"}],"about":[{"href":"https:\/\/vieassociative.be\/actualites\/wp-json\/wp\/v2\/types\/post"}],"author":[{"embeddable":true,"href":"https:\/\/vieassociative.be\/actualites\/wp-json\/wp\/v2\/users\/1"}],"replies":[{"embeddable":true,"href":"https:\/\/vieassociative.be\/actualites\/wp-json\/wp\/v2\/comments?post=6383"}],"version-history":[{"count":0,"href":"https:\/\/vieassociative.be\/actualites\/wp-json\/wp\/v2\/posts\/6383\/revisions"}],"wp:featuredmedia":[{"embeddable":true,"href":"https:\/\/vieassociative.be\/actualites\/wp-json\/wp\/v2\/media\/6384"}],"wp:attachment":[{"href":"https:\/\/vieassociative.be\/actualites\/wp-json\/wp\/v2\/media?parent=6383"}],"wp:term":[{"taxonomy":"category","embeddable":true,"href":"https:\/\/vieassociative.be\/actualites\/wp-json\/wp\/v2\/categories?post=6383"},{"taxonomy":"post_tag","embeddable":true,"href":"https:\/\/vieassociative.be\/actualites\/wp-json\/wp\/v2\/tags?post=6383"}],"curies":[{"name":"wp","href":"https:\/\/api.w.org\/{rel}","templated":true}]}}