{"id":6375,"date":"2025-04-02T22:17:02","date_gmt":"2025-04-02T20:17:02","guid":{"rendered":"https:\/\/vieassociative.be\/actualites\/repetition-generale-avant-la-visite-de-la-flandre-ce-dimanche-wout-van-aert-dans-le-sprint\/"},"modified":"2025-04-02T22:17:02","modified_gmt":"2025-04-02T20:17:02","slug":"repetition-generale-avant-la-visite-de-la-flandre-ce-dimanche-wout-van-aert-dans-le-sprint","status":"publish","type":"post","link":"https:\/\/vieassociative.be\/actualites\/repetition-generale-avant-la-visite-de-la-flandre-ce-dimanche-wout-van-aert-dans-le-sprint\/","title":{"rendered":"R\u00e9p\u00e9tition g\u00e9n\u00e9rale avant la visite de la Flandre ce dimanche: wout van aert dans le sprint"},"content":{"rendered":"<p><strong>Il y a un an, l&rsquo;\u00e9toile \u00e0 v\u00e9lo, Van Aert, a gravement bless\u00e9 le v\u00e9lo \u00e0 moiti\u00e9 classique \u00e0 travers les Flandre. Dans la 79e \u00e9dition de la r\u00e9p\u00e9tition g\u00e9n\u00e9rale de la tourn\u00e9e de Flandre dimanche, il devait \u00e0 nouveau \u00eatre ennuy\u00e9. Le gagnant \u00e9tait \u00e9tonnamment l&rsquo;American Neilson Powless.<\/strong><\/p>\n<p><span id=\"more-412698\"><\/span>Pour la star du cyclisme Wout Van Aert et son \u00e9quipe de Visma, la journ\u00e9e \u00e9tait dommage. L&rsquo;\u00e9quipe est all\u00e9e \u00e0 trois dans la cible Sprint &#8211; pers\u00e9cut\u00e9e par Powless. Cependant, le vainqueur du Tour de-France-Tapepapp, Van Aert, qui s&rsquo;\u00e9tait gravement bless\u00e9 dans la course un an plus t\u00f4t, a \u00e9t\u00e9 battu dans le Sprint sans Powless et a d\u00fb \u00eatre satisfait de la deuxi\u00e8me place. Apr\u00e8s 184,2 kilom\u00e8tres entre Roeselare et Waregem, le co\u00e9quipier de Van Aert, Tiesj Benoot, de Belgique, a termin\u00e9 troisi\u00e8me.<\/p>\n<p>Une partie de l&rsquo;International Cycling Elite se r\u00e9unit lors de la tourn\u00e9e de la Flandre le week-end entre Bruges et Oudenaarde. Surtout, l&rsquo;accent est mis sur le duel des superstars Tadej Pogacar et Mathieu van der Poel. (DPA \/ CRE)<\/p>\n","protected":false},"excerpt":{"rendered":"<p>Il y a un an, l&rsquo;\u00e9toile \u00e0 v\u00e9lo, Van Aert, a gravement bless\u00e9 le v\u00e9lo \u00e0 moiti\u00e9 classique \u00e0 travers les Flandre. Dans la 79e<\/p>\n","protected":false},"author":1,"featured_media":6376,"comment_status":"","ping_status":"","sticky":false,"template":"","format":"standard","meta":{"footnotes":""},"categories":[298],"tags":[6144,142,166,471,4128,6142,6141,6145,4100,4452,6143],"class_list":["post-6375","post","type-post","status-publish","format-standard","has-post-thumbnail","hentry","category-belgique","tag-aert","tag-avant","tag-dans","tag-dimanche","tag-flandre","tag-generale","tag-repetition","tag-sprint","tag-van","tag-visite","tag-wout","generate-columns","tablet-grid-50","mobile-grid-100","grid-parent","grid-33"],"yoast_head":"<!-- This site is optimized with the Yoast SEO plugin v24.0 - https:\/\/yoast.com\/wordpress\/plugins\/seo\/ -->\n<title>R\u00e9p\u00e9tition g\u00e9n\u00e9rale avant la visite de la Flandre ce dimanche: wout van aert dans le sprint | Vie Associative<\/title>\n<meta name=\"robots\" content=\"index, follow, max-snippet:-1, max-image-preview:large, max-video-preview:-1\" \/>\n<link rel=\"canonical\" href=\"https:\/\/vieassociative.be\/actualites\/repetition-generale-avant-la-visite-de-la-flandre-ce-dimanche-wout-van-aert-dans-le-sprint\/\" \/>\n<meta property=\"og:locale\" content=\"fr_FR\" \/>\n<meta property=\"og:type\" content=\"article\" \/>\n<meta property=\"og:title\" content=\"R\u00e9p\u00e9tition g\u00e9n\u00e9rale avant la visite de la Flandre ce dimanche: wout van aert dans le sprint | Vie Associative\" \/>\n<meta property=\"og:description\" content=\"Il y a un an, l&rsquo;\u00e9toile \u00e0 v\u00e9lo, Van Aert, a gravement bless\u00e9 le v\u00e9lo \u00e0 moiti\u00e9 classique \u00e0 travers les Flandre. Dans la 79e\" \/>\n<meta property=\"og:url\" content=\"https:\/\/vieassociative.be\/actualites\/repetition-generale-avant-la-visite-de-la-flandre-ce-dimanche-wout-van-aert-dans-le-sprint\/\" \/>\n<meta property=\"og:site_name\" content=\"Vie Associative\" \/>\n<meta property=\"article:published_time\" content=\"2025-04-02T20:17:02+00:00\" \/>\n<meta property=\"og:image\" content=\"https:\/\/vieassociative.be\/actualites\/wp-content\/uploads\/2024\/09\/header_backgroundk-01-e1726694325946.png\" \/>\n\t<meta property=\"og:image:width\" content=\"279\" \/>\n\t<meta property=\"og:image:height\" content=\"92\" \/>\n\t<meta property=\"og:image:type\" content=\"image\/png\" \/>\n<meta name=\"author\" content=\"Julien\" \/>\n<meta name=\"twitter:card\" content=\"summary_large_image\" \/>\n<meta name=\"twitter:label1\" content=\"\u00c9crit par\" \/>\n\t<meta name=\"twitter:data1\" content=\"Julien\" \/>\n\t<meta name=\"twitter:label2\" content=\"Dur\u00e9e de lecture est.\" \/>\n\t<meta name=\"twitter:data2\" content=\"1 minute\" \/>\n<script type=\"application\/ld+json\" class=\"yoast-schema-graph\">{\"@context\":\"https:\/\/schema.org\",\"@graph\":[{\"@type\":\"Article\",\"@id\":\"https:\/\/vieassociative.be\/actualites\/repetition-generale-avant-la-visite-de-la-flandre-ce-dimanche-wout-van-aert-dans-le-sprint\/#article\",\"isPartOf\":{\"@id\":\"https:\/\/vieassociative.be\/actualites\/repetition-generale-avant-la-visite-de-la-flandre-ce-dimanche-wout-van-aert-dans-le-sprint\/\"},\"author\":{\"name\":\"Julien\",\"@id\":\"https:\/\/vieassociative.be\/actualites\/#\/schema\/person\/b87ac4f82f9d4e7b7cec7395b679edc4\"},\"headline\":\"R\u00e9p\u00e9tition g\u00e9n\u00e9rale avant la visite de la Flandre ce dimanche: wout van aert dans le sprint\",\"datePublished\":\"2025-04-02T20:17:02+00:00\",\"dateModified\":\"2025-04-02T20:17:02+00:00\",\"mainEntityOfPage\":{\"@id\":\"https:\/\/vieassociative.be\/actualites\/repetition-generale-avant-la-visite-de-la-flandre-ce-dimanche-wout-van-aert-dans-le-sprint\/\"},\"wordCount\":212,\"publisher\":{\"@id\":\"https:\/\/vieassociative.be\/actualites\/#organization\"},\"image\":{\"@id\":\"https:\/\/vieassociative.be\/actualites\/repetition-generale-avant-la-visite-de-la-flandre-ce-dimanche-wout-van-aert-dans-le-sprint\/#primaryimage\"},\"thumbnailUrl\":\"https:\/\/vieassociative.be\/actualites\/wp-content\/uploads\/2025\/04\/Repetition-generale-avant-la-visite-de-la-Flandre-ce-dimanche.jpg\",\"keywords\":[\"aert\",\"avant\",\"dans\",\"dimanche\",\"Flandre\",\"g\u00e9n\u00e9rale\",\"R\u00e9p\u00e9tition\",\"sprint\",\"Van\",\"visite\",\"wout\"],\"articleSection\":[\"Belgique\"],\"inLanguage\":\"fr-BE\"},{\"@type\":\"WebPage\",\"@id\":\"https:\/\/vieassociative.be\/actualites\/repetition-generale-avant-la-visite-de-la-flandre-ce-dimanche-wout-van-aert-dans-le-sprint\/\",\"url\":\"https:\/\/vieassociative.be\/actualites\/repetition-generale-avant-la-visite-de-la-flandre-ce-dimanche-wout-van-aert-dans-le-sprint\/\",\"name\":\"R\u00e9p\u00e9tition g\u00e9n\u00e9rale avant la visite de la Flandre ce dimanche: wout van aert dans le sprint | Vie Associative\",\"isPartOf\":{\"@id\":\"https:\/\/vieassociative.be\/actualites\/#website\"},\"primaryImageOfPage\":{\"@id\":\"https:\/\/vieassociative.be\/actualites\/repetition-generale-avant-la-visite-de-la-flandre-ce-dimanche-wout-van-aert-dans-le-sprint\/#primaryimage\"},\"image\":{\"@id\":\"https:\/\/vieassociative.be\/actualites\/repetition-generale-avant-la-visite-de-la-flandre-ce-dimanche-wout-van-aert-dans-le-sprint\/#primaryimage\"},\"thumbnailUrl\":\"https:\/\/vieassociative.be\/actualites\/wp-content\/uploads\/2025\/04\/Repetition-generale-avant-la-visite-de-la-Flandre-ce-dimanche.jpg\",\"datePublished\":\"2025-04-02T20:17:02+00:00\",\"dateModified\":\"2025-04-02T20:17:02+00:00\",\"breadcrumb\":{\"@id\":\"https:\/\/vieassociative.be\/actualites\/repetition-generale-avant-la-visite-de-la-flandre-ce-dimanche-wout-van-aert-dans-le-sprint\/#breadcrumb\"},\"inLanguage\":\"fr-BE\",\"potentialAction\":[{\"@type\":\"ReadAction\",\"target\":[\"https:\/\/vieassociative.be\/actualites\/repetition-generale-avant-la-visite-de-la-flandre-ce-dimanche-wout-van-aert-dans-le-sprint\/\"]}]},{\"@type\":\"ImageObject\",\"inLanguage\":\"fr-BE\",\"@id\":\"https:\/\/vieassociative.be\/actualites\/repetition-generale-avant-la-visite-de-la-flandre-ce-dimanche-wout-van-aert-dans-le-sprint\/#primaryimage\",\"url\":\"https:\/\/vieassociative.be\/actualites\/wp-content\/uploads\/2025\/04\/Repetition-generale-avant-la-visite-de-la-Flandre-ce-dimanche.jpg\",\"contentUrl\":\"https:\/\/vieassociative.be\/actualites\/wp-content\/uploads\/2025\/04\/Repetition-generale-avant-la-visite-de-la-Flandre-ce-dimanche.jpg\",\"width\":1200,\"height\":799,\"caption\":\"R\u00e9p\u00e9tition g\u00e9n\u00e9rale avant la visite de la Flandre ce dimanche: wout van aert dans le sprint\"},{\"@type\":\"BreadcrumbList\",\"@id\":\"https:\/\/vieassociative.be\/actualites\/repetition-generale-avant-la-visite-de-la-flandre-ce-dimanche-wout-van-aert-dans-le-sprint\/#breadcrumb\",\"itemListElement\":[{\"@type\":\"ListItem\",\"position\":1,\"name\":\"Accueil\",\"item\":\"https:\/\/vieassociative.be\/actualites\/\"},{\"@type\":\"ListItem\",\"position\":2,\"name\":\"R\u00e9p\u00e9tition g\u00e9n\u00e9rale avant la visite de la Flandre ce dimanche: wout van aert dans le sprint\"}]},{\"@type\":\"WebSite\",\"@id\":\"https:\/\/vieassociative.be\/actualites\/#website\",\"url\":\"https:\/\/vieassociative.be\/actualites\/\",\"name\":\"Vie Associative\",\"description\":\"\",\"publisher\":{\"@id\":\"https:\/\/vieassociative.be\/actualites\/#organization\"},\"potentialAction\":[{\"@type\":\"SearchAction\",\"target\":{\"@type\":\"EntryPoint\",\"urlTemplate\":\"https:\/\/vieassociative.be\/actualites\/?s={search_term_string}\"},\"query-input\":{\"@type\":\"PropertyValueSpecification\",\"valueRequired\":true,\"valueName\":\"search_term_string\"}}],\"inLanguage\":\"fr-BE\"},{\"@type\":\"Organization\",\"@id\":\"https:\/\/vieassociative.be\/actualites\/#organization\",\"name\":\"Vie Associative\",\"url\":\"https:\/\/vieassociative.be\/actualites\/\",\"logo\":{\"@type\":\"ImageObject\",\"inLanguage\":\"fr-BE\",\"@id\":\"https:\/\/vieassociative.be\/actualites\/#\/schema\/logo\/image\/\",\"url\":\"https:\/\/vieassociative.be\/actualites\/wp-content\/uploads\/2024\/09\/cropped-vieassociative_favicon.ico.png\",\"contentUrl\":\"https:\/\/vieassociative.be\/actualites\/wp-content\/uploads\/2024\/09\/cropped-vieassociative_favicon.ico.png\",\"width\":512,\"height\":512,\"caption\":\"Vie Associative\"},\"image\":{\"@id\":\"https:\/\/vieassociative.be\/actualites\/#\/schema\/logo\/image\/\"}},{\"@type\":\"Person\",\"@id\":\"https:\/\/vieassociative.be\/actualites\/#\/schema\/person\/b87ac4f82f9d4e7b7cec7395b679edc4\",\"name\":\"Julien\",\"image\":{\"@type\":\"ImageObject\",\"inLanguage\":\"fr-BE\",\"@id\":\"https:\/\/vieassociative.be\/actualites\/#\/schema\/person\/image\/\",\"url\":\"https:\/\/vieassociative.be\/actualites\/wp-content\/uploads\/2024\/09\/vie-associative-1-150x150.jpg\",\"contentUrl\":\"https:\/\/vieassociative.be\/actualites\/wp-content\/uploads\/2024\/09\/vie-associative-1-150x150.jpg\",\"caption\":\"Julien\"},\"description\":\"Je suis Julien, r\u00e9dacteur pour Vie Associative. Passionn\u00e9 par le monde associatif depuis plus de 10 ans, j'ai \u00e0 c\u0153ur de partager des histoires inspirantes et de mettre en lumi\u00e8re les initiatives locales. Mon objectif est de sensibiliser et d'encourager l'engagement communautaire \u00e0 travers mes articles.\",\"sameAs\":[\"https:\/\/vieassociative.be\/\"]}]}<\/script>\n<!-- \/ Yoast SEO plugin. -->","yoast_head_json":{"title":"R\u00e9p\u00e9tition g\u00e9n\u00e9rale avant la visite de la Flandre ce dimanche: wout van aert dans le sprint | Vie Associative","robots":{"index":"index","follow":"follow","max-snippet":"max-snippet:-1","max-image-preview":"max-image-preview:large","max-video-preview":"max-video-preview:-1"},"canonical":"https:\/\/vieassociative.be\/actualites\/repetition-generale-avant-la-visite-de-la-flandre-ce-dimanche-wout-van-aert-dans-le-sprint\/","og_locale":"fr_FR","og_type":"article","og_title":"R\u00e9p\u00e9tition g\u00e9n\u00e9rale avant la visite de la Flandre ce dimanche: wout van aert dans le sprint | Vie Associative","og_description":"Il y a un an, l&rsquo;\u00e9toile \u00e0 v\u00e9lo, Van Aert, a gravement bless\u00e9 le v\u00e9lo \u00e0 moiti\u00e9 classique \u00e0 travers les Flandre. Dans la 79e","og_url":"https:\/\/vieassociative.be\/actualites\/repetition-generale-avant-la-visite-de-la-flandre-ce-dimanche-wout-van-aert-dans-le-sprint\/","og_site_name":"Vie Associative","article_published_time":"2025-04-02T20:17:02+00:00","og_image":[{"width":279,"height":92,"url":"https:\/\/vieassociative.be\/actualites\/wp-content\/uploads\/2024\/09\/header_backgroundk-01-e1726694325946.png","type":"image\/png"}],"author":"Julien","twitter_card":"summary_large_image","twitter_misc":{"\u00c9crit par":"Julien","Dur\u00e9e de lecture est.":"1 minute"},"schema":{"@context":"https:\/\/schema.org","@graph":[{"@type":"Article","@id":"https:\/\/vieassociative.be\/actualites\/repetition-generale-avant-la-visite-de-la-flandre-ce-dimanche-wout-van-aert-dans-le-sprint\/#article","isPartOf":{"@id":"https:\/\/vieassociative.be\/actualites\/repetition-generale-avant-la-visite-de-la-flandre-ce-dimanche-wout-van-aert-dans-le-sprint\/"},"author":{"name":"Julien","@id":"https:\/\/vieassociative.be\/actualites\/#\/schema\/person\/b87ac4f82f9d4e7b7cec7395b679edc4"},"headline":"R\u00e9p\u00e9tition g\u00e9n\u00e9rale avant la visite de la Flandre ce dimanche: wout van aert dans le sprint","datePublished":"2025-04-02T20:17:02+00:00","dateModified":"2025-04-02T20:17:02+00:00","mainEntityOfPage":{"@id":"https:\/\/vieassociative.be\/actualites\/repetition-generale-avant-la-visite-de-la-flandre-ce-dimanche-wout-van-aert-dans-le-sprint\/"},"wordCount":212,"publisher":{"@id":"https:\/\/vieassociative.be\/actualites\/#organization"},"image":{"@id":"https:\/\/vieassociative.be\/actualites\/repetition-generale-avant-la-visite-de-la-flandre-ce-dimanche-wout-van-aert-dans-le-sprint\/#primaryimage"},"thumbnailUrl":"https:\/\/vieassociative.be\/actualites\/wp-content\/uploads\/2025\/04\/Repetition-generale-avant-la-visite-de-la-Flandre-ce-dimanche.jpg","keywords":["aert","avant","dans","dimanche","Flandre","g\u00e9n\u00e9rale","R\u00e9p\u00e9tition","sprint","Van","visite","wout"],"articleSection":["Belgique"],"inLanguage":"fr-BE"},{"@type":"WebPage","@id":"https:\/\/vieassociative.be\/actualites\/repetition-generale-avant-la-visite-de-la-flandre-ce-dimanche-wout-van-aert-dans-le-sprint\/","url":"https:\/\/vieassociative.be\/actualites\/repetition-generale-avant-la-visite-de-la-flandre-ce-dimanche-wout-van-aert-dans-le-sprint\/","name":"R\u00e9p\u00e9tition g\u00e9n\u00e9rale avant la visite de la Flandre ce dimanche: wout van aert dans le sprint | Vie Associative","isPartOf":{"@id":"https:\/\/vieassociative.be\/actualites\/#website"},"primaryImageOfPage":{"@id":"https:\/\/vieassociative.be\/actualites\/repetition-generale-avant-la-visite-de-la-flandre-ce-dimanche-wout-van-aert-dans-le-sprint\/#primaryimage"},"image":{"@id":"https:\/\/vieassociative.be\/actualites\/repetition-generale-avant-la-visite-de-la-flandre-ce-dimanche-wout-van-aert-dans-le-sprint\/#primaryimage"},"thumbnailUrl":"https:\/\/vieassociative.be\/actualites\/wp-content\/uploads\/2025\/04\/Repetition-generale-avant-la-visite-de-la-Flandre-ce-dimanche.jpg","datePublished":"2025-04-02T20:17:02+00:00","dateModified":"2025-04-02T20:17:02+00:00","breadcrumb":{"@id":"https:\/\/vieassociative.be\/actualites\/repetition-generale-avant-la-visite-de-la-flandre-ce-dimanche-wout-van-aert-dans-le-sprint\/#breadcrumb"},"inLanguage":"fr-BE","potentialAction":[{"@type":"ReadAction","target":["https:\/\/vieassociative.be\/actualites\/repetition-generale-avant-la-visite-de-la-flandre-ce-dimanche-wout-van-aert-dans-le-sprint\/"]}]},{"@type":"ImageObject","inLanguage":"fr-BE","@id":"https:\/\/vieassociative.be\/actualites\/repetition-generale-avant-la-visite-de-la-flandre-ce-dimanche-wout-van-aert-dans-le-sprint\/#primaryimage","url":"https:\/\/vieassociative.be\/actualites\/wp-content\/uploads\/2025\/04\/Repetition-generale-avant-la-visite-de-la-Flandre-ce-dimanche.jpg","contentUrl":"https:\/\/vieassociative.be\/actualites\/wp-content\/uploads\/2025\/04\/Repetition-generale-avant-la-visite-de-la-Flandre-ce-dimanche.jpg","width":1200,"height":799,"caption":"R\u00e9p\u00e9tition g\u00e9n\u00e9rale avant la visite de la Flandre ce dimanche: wout van aert dans le sprint"},{"@type":"BreadcrumbList","@id":"https:\/\/vieassociative.be\/actualites\/repetition-generale-avant-la-visite-de-la-flandre-ce-dimanche-wout-van-aert-dans-le-sprint\/#breadcrumb","itemListElement":[{"@type":"ListItem","position":1,"name":"Accueil","item":"https:\/\/vieassociative.be\/actualites\/"},{"@type":"ListItem","position":2,"name":"R\u00e9p\u00e9tition g\u00e9n\u00e9rale avant la visite de la Flandre ce dimanche: wout van aert dans le sprint"}]},{"@type":"WebSite","@id":"https:\/\/vieassociative.be\/actualites\/#website","url":"https:\/\/vieassociative.be\/actualites\/","name":"Vie Associative","description":"","publisher":{"@id":"https:\/\/vieassociative.be\/actualites\/#organization"},"potentialAction":[{"@type":"SearchAction","target":{"@type":"EntryPoint","urlTemplate":"https:\/\/vieassociative.be\/actualites\/?s={search_term_string}"},"query-input":{"@type":"PropertyValueSpecification","valueRequired":true,"valueName":"search_term_string"}}],"inLanguage":"fr-BE"},{"@type":"Organization","@id":"https:\/\/vieassociative.be\/actualites\/#organization","name":"Vie Associative","url":"https:\/\/vieassociative.be\/actualites\/","logo":{"@type":"ImageObject","inLanguage":"fr-BE","@id":"https:\/\/vieassociative.be\/actualites\/#\/schema\/logo\/image\/","url":"https:\/\/vieassociative.be\/actualites\/wp-content\/uploads\/2024\/09\/cropped-vieassociative_favicon.ico.png","contentUrl":"https:\/\/vieassociative.be\/actualites\/wp-content\/uploads\/2024\/09\/cropped-vieassociative_favicon.ico.png","width":512,"height":512,"caption":"Vie Associative"},"image":{"@id":"https:\/\/vieassociative.be\/actualites\/#\/schema\/logo\/image\/"}},{"@type":"Person","@id":"https:\/\/vieassociative.be\/actualites\/#\/schema\/person\/b87ac4f82f9d4e7b7cec7395b679edc4","name":"Julien","image":{"@type":"ImageObject","inLanguage":"fr-BE","@id":"https:\/\/vieassociative.be\/actualites\/#\/schema\/person\/image\/","url":"https:\/\/vieassociative.be\/actualites\/wp-content\/uploads\/2024\/09\/vie-associative-1-150x150.jpg","contentUrl":"https:\/\/vieassociative.be\/actualites\/wp-content\/uploads\/2024\/09\/vie-associative-1-150x150.jpg","caption":"Julien"},"description":"Je suis Julien, r\u00e9dacteur pour Vie Associative. Passionn\u00e9 par le monde associatif depuis plus de 10 ans, j'ai \u00e0 c\u0153ur de partager des histoires inspirantes et de mettre en lumi\u00e8re les initiatives locales. Mon objectif est de sensibiliser et d'encourager l'engagement communautaire \u00e0 travers mes articles.","sameAs":["https:\/\/vieassociative.be\/"]}]}},"_links":{"self":[{"href":"https:\/\/vieassociative.be\/actualites\/wp-json\/wp\/v2\/posts\/6375"}],"collection":[{"href":"https:\/\/vieassociative.be\/actualites\/wp-json\/wp\/v2\/posts"}],"about":[{"href":"https:\/\/vieassociative.be\/actualites\/wp-json\/wp\/v2\/types\/post"}],"author":[{"embeddable":true,"href":"https:\/\/vieassociative.be\/actualites\/wp-json\/wp\/v2\/users\/1"}],"replies":[{"embeddable":true,"href":"https:\/\/vieassociative.be\/actualites\/wp-json\/wp\/v2\/comments?post=6375"}],"version-history":[{"count":0,"href":"https:\/\/vieassociative.be\/actualites\/wp-json\/wp\/v2\/posts\/6375\/revisions"}],"wp:featuredmedia":[{"embeddable":true,"href":"https:\/\/vieassociative.be\/actualites\/wp-json\/wp\/v2\/media\/6376"}],"wp:attachment":[{"href":"https:\/\/vieassociative.be\/actualites\/wp-json\/wp\/v2\/media?parent=6375"}],"wp:term":[{"taxonomy":"category","embeddable":true,"href":"https:\/\/vieassociative.be\/actualites\/wp-json\/wp\/v2\/categories?post=6375"},{"taxonomy":"post_tag","embeddable":true,"href":"https:\/\/vieassociative.be\/actualites\/wp-json\/wp\/v2\/tags?post=6375"}],"curies":[{"name":"wp","href":"https:\/\/api.w.org\/{rel}","templated":true}]}}