{"id":6368,"date":"2025-04-02T16:19:24","date_gmt":"2025-04-02T14:19:24","guid":{"rendered":"https:\/\/vieassociative.be\/actualites\/arminia-bielefeld-bat-le-champion-en-titre-leverkusen-et-est-en-finale-de-la-coupe-dfb\/"},"modified":"2025-04-02T16:19:24","modified_gmt":"2025-04-02T14:19:24","slug":"arminia-bielefeld-bat-le-champion-en-titre-leverkusen-et-est-en-finale-de-la-coupe-dfb","status":"publish","type":"post","link":"https:\/\/vieassociative.be\/actualites\/arminia-bielefeld-bat-le-champion-en-titre-leverkusen-et-est-en-finale-de-la-coupe-dfb\/","title":{"rendered":"Arminia Bielefeld bat le champion en titre Leverkusen et est en finale de la Coupe DFB"},"content":{"rendered":"<p><strong>L&rsquo;\u00e9norme surprise est parfaite: Bielefeld bat \u00e9galement le Leverkusen en double dans la Coupe DFB. Pour la premi\u00e8re fois depuis 2001, une troisi\u00e8me division est \u00e0 nouveau en finale. Bayer menace une saison Tittellose.<\/strong><\/p>\n<p><span id=\"more-412620\"><\/span>Cup Madness on the Bielefeld ALM: La troisi\u00e8me division Arminia a lanc\u00e9 le champion en titre Bayer Leverkusen de la Coupe DFB et a obtenu la finale \u00e0 Berlin pour la premi\u00e8re fois. Lors d&rsquo;une soir\u00e9e de football m\u00e9morable, l&rsquo;East Westphalia a battu l&rsquo;\u00e9quipe tr\u00e8s pr\u00e9f\u00e9r\u00e9e de l&rsquo;entra\u00eeneur de d\u00e9part Xabi Alonso 2-1 (2: 1).<\/p>\n<p>Bielefeld a d\u00e9m\u00e9nag\u00e9 en finale pour la premi\u00e8re fois de l&rsquo;histoire de son club. Marius W\u00f6rl (20e minute) et Maximilian Gro\u00dfe (45. + 3) ont marqu\u00e9 les objectifs de l&rsquo;\u00e9tranger flagrant devant 26 601 spectateurs. Ils ont donn\u00e9 aux fans d&rsquo;Arminia une soir\u00e9e de f\u00eate historique.<\/p>\n<div id=\"attachment_412632\" class=\"wp-caption alignleft\" style=\"max-width: 300px\"><img fetchpriority=\"high\" decoding=\"async\" class=\"wp-image-412632 size-medium\" src=\"https:\/\/vieassociative.be\/actualites\/wp-content\/uploads\/2025\/04\/Arminia-Bielefeld-bat-le-champion-en-titre-Leverkusen-et-est.jpg\" alt=\"\" width=\"300\" height=\"200\"><\/p>\n<p class=\"wp-caption-text\">01.04.2025, Rhin-Westphalie du Nord, Bielefeld: Le gardien de but Jonas Kersken von Bielefeld ne peut pas tenir la photo de Leverkusens Jonathan Tah (pas sur la photo) et collecte le 0: 1. Photo: Friso Gentsch \/ DPA<\/p>\n<\/div>\n<p><strong>&#8211; Leverkusen menace maintenant la saison sans titre:<\/strong> Pour la premi\u00e8re fois depuis le 1er FC Union Berlin 2001, un club de troisi\u00e8me classe est \u00e0 nouveau en finale. \u00c0 Berlin, Arminia jouera soit contre VFB Stuttgart ou RB Leipzig le 24 mai, qui participe aux deuxi\u00e8me demi-finales ce mercredi (20 h 45\/ZDF et Sky).<\/p>\n<p>Bayer 04, en revanche, menace une saison sans titre apr\u00e8s le double de l&rsquo;ann\u00e9e derni\u00e8re. Dans la Bundesliga, Leverkusen est \u00e0 six points derri\u00e8re les leaders FC Bayern Munich. Les Rhinelander ont d\u00e9j\u00e0 quitt\u00e9 la Ligue des champions. Sans sa superstar bless\u00e9e Florian Wirtz, les Leverkuseners n&rsquo;avaient pas le coup de poing sur l&rsquo;offensive. Bayer semblait \u00e9trangement sans inspiration et a affect\u00e9 une inattention inhabituelle dans le dos. Seul Jonathan Tah a marqu\u00e9 pour le Werkelf (17e).<\/p>\n<p><strong>&#8211; Humeur exub\u00e9rante bien avant le match:<\/strong> Le jeu est \u00e9lectrifi\u00e9 Bielefeld depuis des jours. Avec une grande marche de fans et beaucoup de pyrotechniques, les fans sont devenus d&rsquo;humeur pour la soir\u00e9e. Ils ont d\u00e9pass\u00e9 les maisons d\u00e9cor\u00e9es de drapeaux et de foulards. Les \u00e9quipes ont re\u00e7u \u00e0 la fois les supporters de Bielefeld et Leverkusen avec de grandes chor\u00e9graphies.<\/p>\n<p>\u00ab\u00a0Nous devons laisser la derni\u00e8re goutte de sueur sur le terrain\u00a0\u00bb, a d\u00e9clar\u00e9 l&rsquo;entra\u00eeneur de Bielefeld, Mitch Kniat, avant le match \u00e0 Sky. Un combat de coupe captivant s&rsquo;est d\u00e9velopp\u00e9 d\u00e8s le d\u00e9but. Leverkusen a pris le contr\u00f4le, Bielefeld s&rsquo;est tenu contre beaucoup d&rsquo;efforts. N\u00e9anmoins, les invit\u00e9s ont utilis\u00e9 un coin pour une tourn\u00e9e anticip\u00e9e. Alejandro Grimaldo a flanqu\u00e9, Amine Adli \u00e9tendu et le d\u00e9fenseur national Tah a marqu\u00e9 \u00e0 une courte distance.<\/p>\n<div id=\"attachment_412633\" class=\"wp-caption alignleft\" style=\"max-width: 300px\"><img decoding=\"async\" class=\"wp-image-412633 size-medium\" src=\"https:\/\/vieassociative.be\/actualites\/wp-content\/uploads\/2025\/04\/1743603564_523_Arminia-Bielefeld-bat-le-champion-en-titre-Leverkusen-et-est.jpg\" alt=\"\" width=\"300\" height=\"200\"><\/p>\n<p class=\"wp-caption-text\">04\/01\/2025, Rhin-Westphalie du Nord, Bielefeld: Le gardien de but de Leverkusen, Lukas Hradecky, ne peut pas tenir le tir de Marius W\u00f6rl de Bielefeld (2e VR) et recueille le 1-1. Photo: Friso Gentsch \/ DPA<\/p>\n<\/div>\n<p><strong>&#8211; Arminia montre une r\u00e9action extr\u00eamement forte au revers pr\u00e9coce:<\/strong> Mais si vous pensiez que Leverkusen avait pris le courage de l&rsquo;Arminia, il a \u00e9t\u00e9 tromp\u00e9. Bielefeld a \u00e9galis\u00e9 en retour. Piero Hincapie de Bayer a pr\u00e9sent\u00e9 involontairement et W\u00f6rl a pris le coin. Pour le joueur de 20 ans, c&rsquo;\u00e9tait le troisi\u00e8me but de la comp\u00e9tition.<\/p>\n<p>Et les h\u00f4tes ont continu\u00e9: Noah Sarenren Bazee avait d\u00e9j\u00e0 le 2-1 sur son pied. Cependant, l&rsquo;attaquant a \u00e9chou\u00e9 librement en raison du gardien de Bayer Lukas Hradecky, qui a \u00e9t\u00e9 avantageux sur Matej Kovar pour la premi\u00e8re fois en cette saison. Peu de temps avant la pause, le p\u00e2turage alpin est finalement devenu un Tollhaus. Louis Oppie a frapp\u00e9 un coup franc parfait et Gro\u00dfe a press\u00e9 le ballon sur la ligne dans le saut. \u00ab\u00a0Que se passe-t-il ici?\u00a0\u00bb L&rsquo;orateur du stade a rugi d&rsquo;incr\u00e9dulit\u00e9 dans le microphone.<\/p>\n<p><strong>&#8211; Bayer 04 manque de cr\u00e9ativit\u00e9:<\/strong> M\u00eame apr\u00e8s la pause, Leverkusen n&rsquo;a pas trouv\u00e9 son jeu. Bayer 04 n&rsquo;a pratiquement pas de vitesse dans ses actions et a fouill\u00e9 en vain des lacunes dans la d\u00e9fensive de Bielefeld bien borde. Alonso a couru de haut en bas nerveux dans sa zone d&rsquo;entra\u00eeneurs. L&rsquo;Espagnol a tent\u00e9 encore et encore d&rsquo;intervenir. Cela n&rsquo;a pas aid\u00e9.<\/p>\n<p>Bielefeld \u00e9tait plus proche du troisi\u00e8me but que Leverkusen a \u00e9galis\u00e9. Ce n&rsquo;est que dans la phase finale que les invit\u00e9s sont venus \u00e0 des dipl\u00f4mes plus dangereux. Le gardien de but de Bielefeld, Jonas Kersken, et le poste ont sauv\u00e9 \u00e0 l&rsquo;Arminia la t\u00eate \u00e9troite. (DPA)<\/p>\n","protected":false},"excerpt":{"rendered":"<p>L&rsquo;\u00e9norme surprise est parfaite: Bielefeld bat \u00e9galement le Leverkusen en double dans la Coupe DFB. Pour la premi\u00e8re fois depuis 2001, une troisi\u00e8me division est<\/p>\n","protected":false},"author":1,"featured_media":6369,"comment_status":"","ping_status":"","sticky":false,"template":"","format":"standard","meta":{"footnotes":""},"categories":[298],"tags":[6136,3775,6137,2524,2472,2473,76,879,2822,2504],"class_list":["post-6368","post","type-post","status-publish","format-standard","has-post-thumbnail","hentry","category-belgique","tag-arminia","tag-bat","tag-bielefeld","tag-champion","tag-coupe","tag-dfb","tag-est","tag-finale","tag-leverkusen","tag-titre","generate-columns","tablet-grid-50","mobile-grid-100","grid-parent","grid-33"],"yoast_head":"<!-- This site is optimized with the Yoast SEO plugin v24.0 - https:\/\/yoast.com\/wordpress\/plugins\/seo\/ -->\n<title>Arminia Bielefeld bat le champion en titre Leverkusen et est en finale de la Coupe DFB | Vie Associative<\/title>\n<meta name=\"robots\" content=\"index, follow, max-snippet:-1, max-image-preview:large, max-video-preview:-1\" \/>\n<link rel=\"canonical\" href=\"https:\/\/vieassociative.be\/actualites\/arminia-bielefeld-bat-le-champion-en-titre-leverkusen-et-est-en-finale-de-la-coupe-dfb\/\" \/>\n<meta property=\"og:locale\" content=\"fr_FR\" \/>\n<meta property=\"og:type\" content=\"article\" \/>\n<meta property=\"og:title\" content=\"Arminia Bielefeld bat le champion en titre Leverkusen et est en finale de la Coupe DFB | Vie Associative\" \/>\n<meta property=\"og:description\" content=\"L&rsquo;\u00e9norme surprise est parfaite: Bielefeld bat \u00e9galement le Leverkusen en double dans la Coupe DFB. Pour la premi\u00e8re fois depuis 2001, une troisi\u00e8me division est\" \/>\n<meta property=\"og:url\" content=\"https:\/\/vieassociative.be\/actualites\/arminia-bielefeld-bat-le-champion-en-titre-leverkusen-et-est-en-finale-de-la-coupe-dfb\/\" \/>\n<meta property=\"og:site_name\" content=\"Vie Associative\" \/>\n<meta property=\"article:published_time\" content=\"2025-04-02T14:19:24+00:00\" \/>\n<meta property=\"og:image\" content=\"https:\/\/vieassociative.be\/actualites\/wp-content\/uploads\/2024\/09\/header_backgroundk-01-e1726694325946.png\" \/>\n\t<meta property=\"og:image:width\" content=\"279\" \/>\n\t<meta property=\"og:image:height\" content=\"92\" \/>\n\t<meta property=\"og:image:type\" content=\"image\/png\" \/>\n<meta name=\"author\" content=\"Julien\" \/>\n<meta name=\"twitter:card\" content=\"summary_large_image\" \/>\n<meta name=\"twitter:label1\" content=\"\u00c9crit par\" \/>\n\t<meta name=\"twitter:data1\" content=\"Julien\" \/>\n\t<meta name=\"twitter:label2\" content=\"Dur\u00e9e de lecture est.\" \/>\n\t<meta name=\"twitter:data2\" content=\"4 minutes\" \/>\n<script type=\"application\/ld+json\" class=\"yoast-schema-graph\">{\"@context\":\"https:\/\/schema.org\",\"@graph\":[{\"@type\":\"Article\",\"@id\":\"https:\/\/vieassociative.be\/actualites\/arminia-bielefeld-bat-le-champion-en-titre-leverkusen-et-est-en-finale-de-la-coupe-dfb\/#article\",\"isPartOf\":{\"@id\":\"https:\/\/vieassociative.be\/actualites\/arminia-bielefeld-bat-le-champion-en-titre-leverkusen-et-est-en-finale-de-la-coupe-dfb\/\"},\"author\":{\"name\":\"Julien\",\"@id\":\"https:\/\/vieassociative.be\/actualites\/#\/schema\/person\/b87ac4f82f9d4e7b7cec7395b679edc4\"},\"headline\":\"Arminia Bielefeld bat le champion en titre Leverkusen et est en finale de la Coupe DFB\",\"datePublished\":\"2025-04-02T14:19:24+00:00\",\"dateModified\":\"2025-04-02T14:19:24+00:00\",\"mainEntityOfPage\":{\"@id\":\"https:\/\/vieassociative.be\/actualites\/arminia-bielefeld-bat-le-champion-en-titre-leverkusen-et-est-en-finale-de-la-coupe-dfb\/\"},\"wordCount\":813,\"publisher\":{\"@id\":\"https:\/\/vieassociative.be\/actualites\/#organization\"},\"image\":{\"@id\":\"https:\/\/vieassociative.be\/actualites\/arminia-bielefeld-bat-le-champion-en-titre-leverkusen-et-est-en-finale-de-la-coupe-dfb\/#primaryimage\"},\"thumbnailUrl\":\"https:\/\/vieassociative.be\/actualites\/wp-content\/uploads\/2025\/04\/1743603564_Arminia-Bielefeld-bat-le-champion-en-titre-Leverkusen-et-est.jpg\",\"keywords\":[\"Arminia\",\"bat\",\"Bielefeld\",\"champion\",\"Coupe\",\"DFB\",\"est\",\"finale\",\"Leverkusen\",\"titre\"],\"articleSection\":[\"Belgique\"],\"inLanguage\":\"fr-BE\"},{\"@type\":\"WebPage\",\"@id\":\"https:\/\/vieassociative.be\/actualites\/arminia-bielefeld-bat-le-champion-en-titre-leverkusen-et-est-en-finale-de-la-coupe-dfb\/\",\"url\":\"https:\/\/vieassociative.be\/actualites\/arminia-bielefeld-bat-le-champion-en-titre-leverkusen-et-est-en-finale-de-la-coupe-dfb\/\",\"name\":\"Arminia Bielefeld bat le champion en titre Leverkusen et est en finale de la Coupe DFB | Vie Associative\",\"isPartOf\":{\"@id\":\"https:\/\/vieassociative.be\/actualites\/#website\"},\"primaryImageOfPage\":{\"@id\":\"https:\/\/vieassociative.be\/actualites\/arminia-bielefeld-bat-le-champion-en-titre-leverkusen-et-est-en-finale-de-la-coupe-dfb\/#primaryimage\"},\"image\":{\"@id\":\"https:\/\/vieassociative.be\/actualites\/arminia-bielefeld-bat-le-champion-en-titre-leverkusen-et-est-en-finale-de-la-coupe-dfb\/#primaryimage\"},\"thumbnailUrl\":\"https:\/\/vieassociative.be\/actualites\/wp-content\/uploads\/2025\/04\/1743603564_Arminia-Bielefeld-bat-le-champion-en-titre-Leverkusen-et-est.jpg\",\"datePublished\":\"2025-04-02T14:19:24+00:00\",\"dateModified\":\"2025-04-02T14:19:24+00:00\",\"breadcrumb\":{\"@id\":\"https:\/\/vieassociative.be\/actualites\/arminia-bielefeld-bat-le-champion-en-titre-leverkusen-et-est-en-finale-de-la-coupe-dfb\/#breadcrumb\"},\"inLanguage\":\"fr-BE\",\"potentialAction\":[{\"@type\":\"ReadAction\",\"target\":[\"https:\/\/vieassociative.be\/actualites\/arminia-bielefeld-bat-le-champion-en-titre-leverkusen-et-est-en-finale-de-la-coupe-dfb\/\"]}]},{\"@type\":\"ImageObject\",\"inLanguage\":\"fr-BE\",\"@id\":\"https:\/\/vieassociative.be\/actualites\/arminia-bielefeld-bat-le-champion-en-titre-leverkusen-et-est-en-finale-de-la-coupe-dfb\/#primaryimage\",\"url\":\"https:\/\/vieassociative.be\/actualites\/wp-content\/uploads\/2025\/04\/1743603564_Arminia-Bielefeld-bat-le-champion-en-titre-Leverkusen-et-est.jpg\",\"contentUrl\":\"https:\/\/vieassociative.be\/actualites\/wp-content\/uploads\/2025\/04\/1743603564_Arminia-Bielefeld-bat-le-champion-en-titre-Leverkusen-et-est.jpg\",\"width\":1200,\"height\":675,\"caption\":\"Arminia Bielefeld bat le champion en titre Leverkusen et est en finale de la Coupe DFB\"},{\"@type\":\"BreadcrumbList\",\"@id\":\"https:\/\/vieassociative.be\/actualites\/arminia-bielefeld-bat-le-champion-en-titre-leverkusen-et-est-en-finale-de-la-coupe-dfb\/#breadcrumb\",\"itemListElement\":[{\"@type\":\"ListItem\",\"position\":1,\"name\":\"Accueil\",\"item\":\"https:\/\/vieassociative.be\/actualites\/\"},{\"@type\":\"ListItem\",\"position\":2,\"name\":\"Arminia Bielefeld bat le champion en titre Leverkusen et est en finale de la Coupe DFB\"}]},{\"@type\":\"WebSite\",\"@id\":\"https:\/\/vieassociative.be\/actualites\/#website\",\"url\":\"https:\/\/vieassociative.be\/actualites\/\",\"name\":\"Vie Associative\",\"description\":\"\",\"publisher\":{\"@id\":\"https:\/\/vieassociative.be\/actualites\/#organization\"},\"potentialAction\":[{\"@type\":\"SearchAction\",\"target\":{\"@type\":\"EntryPoint\",\"urlTemplate\":\"https:\/\/vieassociative.be\/actualites\/?s={search_term_string}\"},\"query-input\":{\"@type\":\"PropertyValueSpecification\",\"valueRequired\":true,\"valueName\":\"search_term_string\"}}],\"inLanguage\":\"fr-BE\"},{\"@type\":\"Organization\",\"@id\":\"https:\/\/vieassociative.be\/actualites\/#organization\",\"name\":\"Vie Associative\",\"url\":\"https:\/\/vieassociative.be\/actualites\/\",\"logo\":{\"@type\":\"ImageObject\",\"inLanguage\":\"fr-BE\",\"@id\":\"https:\/\/vieassociative.be\/actualites\/#\/schema\/logo\/image\/\",\"url\":\"https:\/\/vieassociative.be\/actualites\/wp-content\/uploads\/2024\/09\/cropped-vieassociative_favicon.ico.png\",\"contentUrl\":\"https:\/\/vieassociative.be\/actualites\/wp-content\/uploads\/2024\/09\/cropped-vieassociative_favicon.ico.png\",\"width\":512,\"height\":512,\"caption\":\"Vie Associative\"},\"image\":{\"@id\":\"https:\/\/vieassociative.be\/actualites\/#\/schema\/logo\/image\/\"}},{\"@type\":\"Person\",\"@id\":\"https:\/\/vieassociative.be\/actualites\/#\/schema\/person\/b87ac4f82f9d4e7b7cec7395b679edc4\",\"name\":\"Julien\",\"image\":{\"@type\":\"ImageObject\",\"inLanguage\":\"fr-BE\",\"@id\":\"https:\/\/vieassociative.be\/actualites\/#\/schema\/person\/image\/\",\"url\":\"https:\/\/vieassociative.be\/actualites\/wp-content\/uploads\/2024\/09\/vie-associative-1-150x150.jpg\",\"contentUrl\":\"https:\/\/vieassociative.be\/actualites\/wp-content\/uploads\/2024\/09\/vie-associative-1-150x150.jpg\",\"caption\":\"Julien\"},\"description\":\"Je suis Julien, r\u00e9dacteur pour Vie Associative. Passionn\u00e9 par le monde associatif depuis plus de 10 ans, j'ai \u00e0 c\u0153ur de partager des histoires inspirantes et de mettre en lumi\u00e8re les initiatives locales. Mon objectif est de sensibiliser et d'encourager l'engagement communautaire \u00e0 travers mes articles.\",\"sameAs\":[\"https:\/\/vieassociative.be\/\"]}]}<\/script>\n<!-- \/ Yoast SEO plugin. -->","yoast_head_json":{"title":"Arminia Bielefeld bat le champion en titre Leverkusen et est en finale de la Coupe DFB | Vie Associative","robots":{"index":"index","follow":"follow","max-snippet":"max-snippet:-1","max-image-preview":"max-image-preview:large","max-video-preview":"max-video-preview:-1"},"canonical":"https:\/\/vieassociative.be\/actualites\/arminia-bielefeld-bat-le-champion-en-titre-leverkusen-et-est-en-finale-de-la-coupe-dfb\/","og_locale":"fr_FR","og_type":"article","og_title":"Arminia Bielefeld bat le champion en titre Leverkusen et est en finale de la Coupe DFB | Vie Associative","og_description":"L&rsquo;\u00e9norme surprise est parfaite: Bielefeld bat \u00e9galement le Leverkusen en double dans la Coupe DFB. Pour la premi\u00e8re fois depuis 2001, une troisi\u00e8me division est","og_url":"https:\/\/vieassociative.be\/actualites\/arminia-bielefeld-bat-le-champion-en-titre-leverkusen-et-est-en-finale-de-la-coupe-dfb\/","og_site_name":"Vie Associative","article_published_time":"2025-04-02T14:19:24+00:00","og_image":[{"width":279,"height":92,"url":"https:\/\/vieassociative.be\/actualites\/wp-content\/uploads\/2024\/09\/header_backgroundk-01-e1726694325946.png","type":"image\/png"}],"author":"Julien","twitter_card":"summary_large_image","twitter_misc":{"\u00c9crit par":"Julien","Dur\u00e9e de lecture est.":"4 minutes"},"schema":{"@context":"https:\/\/schema.org","@graph":[{"@type":"Article","@id":"https:\/\/vieassociative.be\/actualites\/arminia-bielefeld-bat-le-champion-en-titre-leverkusen-et-est-en-finale-de-la-coupe-dfb\/#article","isPartOf":{"@id":"https:\/\/vieassociative.be\/actualites\/arminia-bielefeld-bat-le-champion-en-titre-leverkusen-et-est-en-finale-de-la-coupe-dfb\/"},"author":{"name":"Julien","@id":"https:\/\/vieassociative.be\/actualites\/#\/schema\/person\/b87ac4f82f9d4e7b7cec7395b679edc4"},"headline":"Arminia Bielefeld bat le champion en titre Leverkusen et est en finale de la Coupe DFB","datePublished":"2025-04-02T14:19:24+00:00","dateModified":"2025-04-02T14:19:24+00:00","mainEntityOfPage":{"@id":"https:\/\/vieassociative.be\/actualites\/arminia-bielefeld-bat-le-champion-en-titre-leverkusen-et-est-en-finale-de-la-coupe-dfb\/"},"wordCount":813,"publisher":{"@id":"https:\/\/vieassociative.be\/actualites\/#organization"},"image":{"@id":"https:\/\/vieassociative.be\/actualites\/arminia-bielefeld-bat-le-champion-en-titre-leverkusen-et-est-en-finale-de-la-coupe-dfb\/#primaryimage"},"thumbnailUrl":"https:\/\/vieassociative.be\/actualites\/wp-content\/uploads\/2025\/04\/1743603564_Arminia-Bielefeld-bat-le-champion-en-titre-Leverkusen-et-est.jpg","keywords":["Arminia","bat","Bielefeld","champion","Coupe","DFB","est","finale","Leverkusen","titre"],"articleSection":["Belgique"],"inLanguage":"fr-BE"},{"@type":"WebPage","@id":"https:\/\/vieassociative.be\/actualites\/arminia-bielefeld-bat-le-champion-en-titre-leverkusen-et-est-en-finale-de-la-coupe-dfb\/","url":"https:\/\/vieassociative.be\/actualites\/arminia-bielefeld-bat-le-champion-en-titre-leverkusen-et-est-en-finale-de-la-coupe-dfb\/","name":"Arminia Bielefeld bat le champion en titre Leverkusen et est en finale de la Coupe DFB | Vie Associative","isPartOf":{"@id":"https:\/\/vieassociative.be\/actualites\/#website"},"primaryImageOfPage":{"@id":"https:\/\/vieassociative.be\/actualites\/arminia-bielefeld-bat-le-champion-en-titre-leverkusen-et-est-en-finale-de-la-coupe-dfb\/#primaryimage"},"image":{"@id":"https:\/\/vieassociative.be\/actualites\/arminia-bielefeld-bat-le-champion-en-titre-leverkusen-et-est-en-finale-de-la-coupe-dfb\/#primaryimage"},"thumbnailUrl":"https:\/\/vieassociative.be\/actualites\/wp-content\/uploads\/2025\/04\/1743603564_Arminia-Bielefeld-bat-le-champion-en-titre-Leverkusen-et-est.jpg","datePublished":"2025-04-02T14:19:24+00:00","dateModified":"2025-04-02T14:19:24+00:00","breadcrumb":{"@id":"https:\/\/vieassociative.be\/actualites\/arminia-bielefeld-bat-le-champion-en-titre-leverkusen-et-est-en-finale-de-la-coupe-dfb\/#breadcrumb"},"inLanguage":"fr-BE","potentialAction":[{"@type":"ReadAction","target":["https:\/\/vieassociative.be\/actualites\/arminia-bielefeld-bat-le-champion-en-titre-leverkusen-et-est-en-finale-de-la-coupe-dfb\/"]}]},{"@type":"ImageObject","inLanguage":"fr-BE","@id":"https:\/\/vieassociative.be\/actualites\/arminia-bielefeld-bat-le-champion-en-titre-leverkusen-et-est-en-finale-de-la-coupe-dfb\/#primaryimage","url":"https:\/\/vieassociative.be\/actualites\/wp-content\/uploads\/2025\/04\/1743603564_Arminia-Bielefeld-bat-le-champion-en-titre-Leverkusen-et-est.jpg","contentUrl":"https:\/\/vieassociative.be\/actualites\/wp-content\/uploads\/2025\/04\/1743603564_Arminia-Bielefeld-bat-le-champion-en-titre-Leverkusen-et-est.jpg","width":1200,"height":675,"caption":"Arminia Bielefeld bat le champion en titre Leverkusen et est en finale de la Coupe DFB"},{"@type":"BreadcrumbList","@id":"https:\/\/vieassociative.be\/actualites\/arminia-bielefeld-bat-le-champion-en-titre-leverkusen-et-est-en-finale-de-la-coupe-dfb\/#breadcrumb","itemListElement":[{"@type":"ListItem","position":1,"name":"Accueil","item":"https:\/\/vieassociative.be\/actualites\/"},{"@type":"ListItem","position":2,"name":"Arminia Bielefeld bat le champion en titre Leverkusen et est en finale de la Coupe DFB"}]},{"@type":"WebSite","@id":"https:\/\/vieassociative.be\/actualites\/#website","url":"https:\/\/vieassociative.be\/actualites\/","name":"Vie Associative","description":"","publisher":{"@id":"https:\/\/vieassociative.be\/actualites\/#organization"},"potentialAction":[{"@type":"SearchAction","target":{"@type":"EntryPoint","urlTemplate":"https:\/\/vieassociative.be\/actualites\/?s={search_term_string}"},"query-input":{"@type":"PropertyValueSpecification","valueRequired":true,"valueName":"search_term_string"}}],"inLanguage":"fr-BE"},{"@type":"Organization","@id":"https:\/\/vieassociative.be\/actualites\/#organization","name":"Vie Associative","url":"https:\/\/vieassociative.be\/actualites\/","logo":{"@type":"ImageObject","inLanguage":"fr-BE","@id":"https:\/\/vieassociative.be\/actualites\/#\/schema\/logo\/image\/","url":"https:\/\/vieassociative.be\/actualites\/wp-content\/uploads\/2024\/09\/cropped-vieassociative_favicon.ico.png","contentUrl":"https:\/\/vieassociative.be\/actualites\/wp-content\/uploads\/2024\/09\/cropped-vieassociative_favicon.ico.png","width":512,"height":512,"caption":"Vie Associative"},"image":{"@id":"https:\/\/vieassociative.be\/actualites\/#\/schema\/logo\/image\/"}},{"@type":"Person","@id":"https:\/\/vieassociative.be\/actualites\/#\/schema\/person\/b87ac4f82f9d4e7b7cec7395b679edc4","name":"Julien","image":{"@type":"ImageObject","inLanguage":"fr-BE","@id":"https:\/\/vieassociative.be\/actualites\/#\/schema\/person\/image\/","url":"https:\/\/vieassociative.be\/actualites\/wp-content\/uploads\/2024\/09\/vie-associative-1-150x150.jpg","contentUrl":"https:\/\/vieassociative.be\/actualites\/wp-content\/uploads\/2024\/09\/vie-associative-1-150x150.jpg","caption":"Julien"},"description":"Je suis Julien, r\u00e9dacteur pour Vie Associative. Passionn\u00e9 par le monde associatif depuis plus de 10 ans, j'ai \u00e0 c\u0153ur de partager des histoires inspirantes et de mettre en lumi\u00e8re les initiatives locales. Mon objectif est de sensibiliser et d'encourager l'engagement communautaire \u00e0 travers mes articles.","sameAs":["https:\/\/vieassociative.be\/"]}]}},"_links":{"self":[{"href":"https:\/\/vieassociative.be\/actualites\/wp-json\/wp\/v2\/posts\/6368"}],"collection":[{"href":"https:\/\/vieassociative.be\/actualites\/wp-json\/wp\/v2\/posts"}],"about":[{"href":"https:\/\/vieassociative.be\/actualites\/wp-json\/wp\/v2\/types\/post"}],"author":[{"embeddable":true,"href":"https:\/\/vieassociative.be\/actualites\/wp-json\/wp\/v2\/users\/1"}],"replies":[{"embeddable":true,"href":"https:\/\/vieassociative.be\/actualites\/wp-json\/wp\/v2\/comments?post=6368"}],"version-history":[{"count":0,"href":"https:\/\/vieassociative.be\/actualites\/wp-json\/wp\/v2\/posts\/6368\/revisions"}],"wp:featuredmedia":[{"embeddable":true,"href":"https:\/\/vieassociative.be\/actualites\/wp-json\/wp\/v2\/media\/6369"}],"wp:attachment":[{"href":"https:\/\/vieassociative.be\/actualites\/wp-json\/wp\/v2\/media?parent=6368"}],"wp:term":[{"taxonomy":"category","embeddable":true,"href":"https:\/\/vieassociative.be\/actualites\/wp-json\/wp\/v2\/categories?post=6368"},{"taxonomy":"post_tag","embeddable":true,"href":"https:\/\/vieassociative.be\/actualites\/wp-json\/wp\/v2\/tags?post=6368"}],"curies":[{"name":"wp","href":"https:\/\/api.w.org\/{rel}","templated":true}]}}