{"id":6362,"date":"2025-04-02T12:18:02","date_gmt":"2025-04-02T10:18:02","guid":{"rendered":"https:\/\/vieassociative.be\/actualites\/decouvrez-qui-vous-a-bloque-sur-instagram\/"},"modified":"2025-04-02T12:18:02","modified_gmt":"2025-04-02T10:18:02","slug":"decouvrez-qui-vous-a-bloque-sur-instagram","status":"publish","type":"post","link":"https:\/\/vieassociative.be\/actualites\/decouvrez-qui-vous-a-bloque-sur-instagram\/","title":{"rendered":"D\u00e9couvrez qui vous a bloqu\u00e9 sur Instagram"},"content":{"rendered":"<div class=\"mt-4 leading-6 md:mb-8\">D\u00e9terminer si vous avez \u00e9t\u00e9 bloqu\u00e9 prend un peu de d\u00e9tective.<\/div>\n<p><\/p>\n<p>Lorsque vous bloquez quelqu&rsquo;un sur Instagram, cet utilisateur ne peut pas afficher votre profil; Comme, partager ou commenter vos messages; ou mentionnez-vous, taguez ou envoyez-vous un message. Votre compte n&rsquo;appara\u00eetra pas non plus dans leurs r\u00e9sultats de recherche. C&rsquo;est peut-\u00eatre le bon coup pour prot\u00e9ger votre intimit\u00e9, mais cela ne se sent pas bien lorsque vous \u00eates \u00e0 la r\u00e9ception.<\/p>\n<p>Si vous ne trouvez pas quelqu&rsquo;un que vous pensiez avoir suivi sur Instagram, cela peut simplement signifier qu&rsquo;il a d\u00e9sactiv\u00e9 ou supprim\u00e9 son compte, ou qu&rsquo;il vous a supprim\u00e9 en tant que suiveur afin que leur contenu ne soit pas au sommet de votre flux. Il est \u00e9galement possible qu&rsquo;ils vous aient bloqu\u00e9. <\/p>\n<p>Instagram n&rsquo;informe pas les utilisateurs lorsqu&rsquo;ils ont \u00e9t\u00e9 bloqu\u00e9s ou leur permettent de voir une liste de comptes qui ont \u00e9t\u00e9 bloqu\u00e9s, mais voici comment le comprendre. <\/p>\n<h2 id=\"search-for-their-username\">Rechercher leur nom d&rsquo;utilisateur<\/h2>\n<p>Les utilisateurs qui se sont bloqu\u00e9s ne se pr\u00e9senteront pas lorsque vous les rechercherez, c&rsquo;est donc le premier cadeau potentiel. Acc\u00e9dez \u00e0 l&rsquo;onglet Recherche dans l&rsquo;application Instagram et entrez le nom d&rsquo;utilisateur du compte. Si le compte est priv\u00e9 (et que vous avez \u00e9t\u00e9 bloqu\u00e9), il n&rsquo;appara\u00eetra pas du tout dans les r\u00e9sultats. S&rsquo;il est public, vous pourrez cliquer sur le profil, mais ne verrez pas encore \u00abpas de messages\u00bb dans la grille. <\/p>\n<p>Vous pouvez \u00e9galement utiliser la recherche pour double et triple v\u00e9rification: <\/p>\n<div class=\"pogoClear relative my-10 border-b-(1.5px) border-t-(1.5px) border-dashed border-black py-5 sm:my-14 sm:border-0 sm:py-0\" x-cloak x-data=\"{ commentsCount: null }\" x-init=\"commentsCount = await window.openweb.getMessagesCount(1850763900)\" x-show=\"commentsCount !== null &amp;&amp; commentsCount &gt; 0\">\n<div class=\"absolute top-1\/2 hidden w-full -translate-y-1\/2 border-t-(1.5px) border-dashed border-black sm:block\"><\/div>\n<div class=\"relative flex justify-center\">\n<div class=\"flex max-w-max items-center gap-x-3 bg-white px-5\">\n<div class=\"relative\">\n                <span class=\"absolute left-1\/2 top-1\/2 -translate-x-1\/2 -translate-y-1\/2 font-akshar text-sm font-medium text-black\" x-text=\"commentsCount\"><\/span><\/p>\n<p>                <svg class=\"h-8 w-8 text-black\">\n                    <use href=\"http:\/\/lifehacker.com\/images\/icons\/spritemap.svg#sprite-chat-bubble\"><\/use>\n                <\/svg>\n            <\/div>\n<p>            <span class=\"text-sm font-medium text-black\">Que pensez-vous jusqu&rsquo;\u00e0 pr\u00e9sent? <button class=\"font-semibold text-brand-green underline hover:text-brand-green-700\" onclick=\"window.openweb.scrollToComments(1850763900)\">Publier un commentaire.<\/button><\/span>\n        <\/div>\n<\/p><\/div>\n<\/div>\n<ul>\n<li>\n<p>Si vous avez plus d&rsquo;un compte Instagram, essayez de rechercher l&rsquo;utilisateur tout en vous connect\u00e9. Si le profil appara\u00eet, votre compte principal a probablement \u00e9t\u00e9 bloqu\u00e9. (Notez qu&rsquo;Instagram a la possibilit\u00e9 de bloquer de mani\u00e8re pr\u00e9ventive les nouveaux comptes qu&rsquo;un utilisateur peut cr\u00e9er.)<\/p>\n<\/li>\n<li>\n<p>De m\u00eame, vous pouvez demander \u00e0 un ami de rechercher l&rsquo;utilisateur via son compte. <\/p>\n<\/li>\n<li>\n<p>Allez sur Instagram sur votre navigateur. Assurez-vous que vous \u00eates d\u00e9connect\u00e9 et tapez \/ (nom d&rsquo;utilisateur) dans l&rsquo;adresse. Si la page du compte est en direct, vous avez peut-\u00eatre \u00e9t\u00e9 bloqu\u00e9. <\/p>\n<\/li>\n<\/ul>\n<h2 id=\"go-through-past-comments-and-messages\">Parcourez les commentaires et les messages pass\u00e9s<\/h2>\n<p>Si vous avez d\u00e9j\u00e0 eu un thread de message direct avec l&rsquo;utilisateur que vous pensez avoir bloqu\u00e9, ou s&rsquo;ils ont d\u00e9j\u00e0 aim\u00e9 ou comment\u00e9 vos messages, vous pouvez les utiliser pour essayer d&rsquo;acc\u00e9der \u00e0 leur profil. <\/p>\n<p>Votre historique de messages appara\u00eetra toujours m\u00eame si vous avez \u00e9t\u00e9 bloqu\u00e9. Ouvrez le thread de chat et appuyez sur le bouton Afficher le profil. Si leur grille dit \u00abpas encore de messages\u00bb et que vous voyez une fen\u00eatre contextuelle avec le message \u00abutilisateur introuvable\u00bb ou \u00abD\u00e9sol\u00e9, cette page n&rsquo;est pas disponible\u00bb, il est possible qu&rsquo;ils vous aient bloqu\u00e9. La m\u00eame chose s&rsquo;applique \u00e0 cliquer sur le nom d&rsquo;utilisateur de la personne \u00e0 partir d&rsquo;un commentaire ou comme. <\/p>\n<p>Cependant, il pourrait \u00e9galement s&rsquo;agir d&rsquo;indicateurs que la personne a supprim\u00e9 son compte. <\/p>\n","protected":false},"excerpt":{"rendered":"<p>D\u00e9terminer si vous avez \u00e9t\u00e9 bloqu\u00e9 prend un peu de d\u00e9tective. Lorsque vous bloquez quelqu&rsquo;un sur Instagram, cet utilisateur ne peut pas afficher votre profil;<\/p>\n","protected":false},"author":1,"featured_media":6363,"comment_status":"","ping_status":"","sticky":false,"template":"","format":"standard","meta":{"footnotes":""},"categories":[13],"tags":[6132,1673,2282,99,33,4],"class_list":["post-6362","post","type-post","status-publish","format-standard","has-post-thumbnail","hentry","category-technologie","tag-bloque","tag-decouvrez","tag-instagram","tag-qui","tag-sur","tag-vous","generate-columns","tablet-grid-50","mobile-grid-100","grid-parent","grid-33"],"yoast_head":"<!-- This site is optimized with the Yoast SEO plugin v24.0 - https:\/\/yoast.com\/wordpress\/plugins\/seo\/ -->\n<title>D\u00e9couvrez qui vous a bloqu\u00e9 sur Instagram | Vie Associative<\/title>\n<meta name=\"robots\" content=\"index, follow, max-snippet:-1, max-image-preview:large, max-video-preview:-1\" \/>\n<link rel=\"canonical\" href=\"https:\/\/vieassociative.be\/actualites\/decouvrez-qui-vous-a-bloque-sur-instagram\/\" \/>\n<meta property=\"og:locale\" content=\"fr_FR\" \/>\n<meta property=\"og:type\" content=\"article\" \/>\n<meta property=\"og:title\" content=\"D\u00e9couvrez qui vous a bloqu\u00e9 sur Instagram | Vie Associative\" \/>\n<meta property=\"og:description\" content=\"D\u00e9terminer si vous avez \u00e9t\u00e9 bloqu\u00e9 prend un peu de d\u00e9tective. Lorsque vous bloquez quelqu&rsquo;un sur Instagram, cet utilisateur ne peut pas afficher votre profil;\" \/>\n<meta property=\"og:url\" content=\"https:\/\/vieassociative.be\/actualites\/decouvrez-qui-vous-a-bloque-sur-instagram\/\" \/>\n<meta property=\"og:site_name\" content=\"Vie Associative\" \/>\n<meta property=\"article:published_time\" content=\"2025-04-02T10:18:02+00:00\" \/>\n<meta property=\"og:image\" content=\"https:\/\/vieassociative.be\/actualites\/wp-content\/uploads\/2024\/09\/header_backgroundk-01-e1726694325946.png\" \/>\n\t<meta property=\"og:image:width\" content=\"279\" \/>\n\t<meta property=\"og:image:height\" content=\"92\" \/>\n\t<meta property=\"og:image:type\" content=\"image\/png\" \/>\n<meta name=\"author\" content=\"Julien\" \/>\n<meta name=\"twitter:card\" content=\"summary_large_image\" \/>\n<meta name=\"twitter:label1\" content=\"\u00c9crit par\" \/>\n\t<meta name=\"twitter:data1\" content=\"Julien\" \/>\n\t<meta name=\"twitter:label2\" content=\"Dur\u00e9e de lecture est.\" \/>\n\t<meta name=\"twitter:data2\" content=\"2 minutes\" \/>\n<script type=\"application\/ld+json\" class=\"yoast-schema-graph\">{\"@context\":\"https:\/\/schema.org\",\"@graph\":[{\"@type\":\"Article\",\"@id\":\"https:\/\/vieassociative.be\/actualites\/decouvrez-qui-vous-a-bloque-sur-instagram\/#article\",\"isPartOf\":{\"@id\":\"https:\/\/vieassociative.be\/actualites\/decouvrez-qui-vous-a-bloque-sur-instagram\/\"},\"author\":{\"name\":\"Julien\",\"@id\":\"https:\/\/vieassociative.be\/actualites\/#\/schema\/person\/b87ac4f82f9d4e7b7cec7395b679edc4\"},\"headline\":\"D\u00e9couvrez qui vous a bloqu\u00e9 sur Instagram\",\"datePublished\":\"2025-04-02T10:18:02+00:00\",\"dateModified\":\"2025-04-02T10:18:02+00:00\",\"mainEntityOfPage\":{\"@id\":\"https:\/\/vieassociative.be\/actualites\/decouvrez-qui-vous-a-bloque-sur-instagram\/\"},\"wordCount\":535,\"publisher\":{\"@id\":\"https:\/\/vieassociative.be\/actualites\/#organization\"},\"image\":{\"@id\":\"https:\/\/vieassociative.be\/actualites\/decouvrez-qui-vous-a-bloque-sur-instagram\/#primaryimage\"},\"thumbnailUrl\":\"https:\/\/vieassociative.be\/actualites\/wp-content\/uploads\/2025\/04\/Decouvrez-qui-vous-a-bloque-sur-Instagram.jpg\",\"keywords\":[\"bloqu\u00e9\",\"D\u00e9couvrez\",\"Instagram\",\"qui\",\"sur\",\"Vous\"],\"articleSection\":[\"Technologie\"],\"inLanguage\":\"fr-BE\"},{\"@type\":\"WebPage\",\"@id\":\"https:\/\/vieassociative.be\/actualites\/decouvrez-qui-vous-a-bloque-sur-instagram\/\",\"url\":\"https:\/\/vieassociative.be\/actualites\/decouvrez-qui-vous-a-bloque-sur-instagram\/\",\"name\":\"D\u00e9couvrez qui vous a bloqu\u00e9 sur Instagram | Vie Associative\",\"isPartOf\":{\"@id\":\"https:\/\/vieassociative.be\/actualites\/#website\"},\"primaryImageOfPage\":{\"@id\":\"https:\/\/vieassociative.be\/actualites\/decouvrez-qui-vous-a-bloque-sur-instagram\/#primaryimage\"},\"image\":{\"@id\":\"https:\/\/vieassociative.be\/actualites\/decouvrez-qui-vous-a-bloque-sur-instagram\/#primaryimage\"},\"thumbnailUrl\":\"https:\/\/vieassociative.be\/actualites\/wp-content\/uploads\/2025\/04\/Decouvrez-qui-vous-a-bloque-sur-Instagram.jpg\",\"datePublished\":\"2025-04-02T10:18:02+00:00\",\"dateModified\":\"2025-04-02T10:18:02+00:00\",\"breadcrumb\":{\"@id\":\"https:\/\/vieassociative.be\/actualites\/decouvrez-qui-vous-a-bloque-sur-instagram\/#breadcrumb\"},\"inLanguage\":\"fr-BE\",\"potentialAction\":[{\"@type\":\"ReadAction\",\"target\":[\"https:\/\/vieassociative.be\/actualites\/decouvrez-qui-vous-a-bloque-sur-instagram\/\"]}]},{\"@type\":\"ImageObject\",\"inLanguage\":\"fr-BE\",\"@id\":\"https:\/\/vieassociative.be\/actualites\/decouvrez-qui-vous-a-bloque-sur-instagram\/#primaryimage\",\"url\":\"https:\/\/vieassociative.be\/actualites\/wp-content\/uploads\/2025\/04\/Decouvrez-qui-vous-a-bloque-sur-Instagram.jpg\",\"contentUrl\":\"https:\/\/vieassociative.be\/actualites\/wp-content\/uploads\/2025\/04\/Decouvrez-qui-vous-a-bloque-sur-Instagram.jpg\",\"width\":1200,\"height\":675,\"caption\":\"D\u00e9couvrez qui vous a bloqu\u00e9 sur Instagram\"},{\"@type\":\"BreadcrumbList\",\"@id\":\"https:\/\/vieassociative.be\/actualites\/decouvrez-qui-vous-a-bloque-sur-instagram\/#breadcrumb\",\"itemListElement\":[{\"@type\":\"ListItem\",\"position\":1,\"name\":\"Accueil\",\"item\":\"https:\/\/vieassociative.be\/actualites\/\"},{\"@type\":\"ListItem\",\"position\":2,\"name\":\"D\u00e9couvrez qui vous a bloqu\u00e9 sur Instagram\"}]},{\"@type\":\"WebSite\",\"@id\":\"https:\/\/vieassociative.be\/actualites\/#website\",\"url\":\"https:\/\/vieassociative.be\/actualites\/\",\"name\":\"Vie Associative\",\"description\":\"\",\"publisher\":{\"@id\":\"https:\/\/vieassociative.be\/actualites\/#organization\"},\"potentialAction\":[{\"@type\":\"SearchAction\",\"target\":{\"@type\":\"EntryPoint\",\"urlTemplate\":\"https:\/\/vieassociative.be\/actualites\/?s={search_term_string}\"},\"query-input\":{\"@type\":\"PropertyValueSpecification\",\"valueRequired\":true,\"valueName\":\"search_term_string\"}}],\"inLanguage\":\"fr-BE\"},{\"@type\":\"Organization\",\"@id\":\"https:\/\/vieassociative.be\/actualites\/#organization\",\"name\":\"Vie Associative\",\"url\":\"https:\/\/vieassociative.be\/actualites\/\",\"logo\":{\"@type\":\"ImageObject\",\"inLanguage\":\"fr-BE\",\"@id\":\"https:\/\/vieassociative.be\/actualites\/#\/schema\/logo\/image\/\",\"url\":\"https:\/\/vieassociative.be\/actualites\/wp-content\/uploads\/2024\/09\/cropped-vieassociative_favicon.ico.png\",\"contentUrl\":\"https:\/\/vieassociative.be\/actualites\/wp-content\/uploads\/2024\/09\/cropped-vieassociative_favicon.ico.png\",\"width\":512,\"height\":512,\"caption\":\"Vie Associative\"},\"image\":{\"@id\":\"https:\/\/vieassociative.be\/actualites\/#\/schema\/logo\/image\/\"}},{\"@type\":\"Person\",\"@id\":\"https:\/\/vieassociative.be\/actualites\/#\/schema\/person\/b87ac4f82f9d4e7b7cec7395b679edc4\",\"name\":\"Julien\",\"image\":{\"@type\":\"ImageObject\",\"inLanguage\":\"fr-BE\",\"@id\":\"https:\/\/vieassociative.be\/actualites\/#\/schema\/person\/image\/\",\"url\":\"https:\/\/vieassociative.be\/actualites\/wp-content\/uploads\/2024\/09\/vie-associative-1-150x150.jpg\",\"contentUrl\":\"https:\/\/vieassociative.be\/actualites\/wp-content\/uploads\/2024\/09\/vie-associative-1-150x150.jpg\",\"caption\":\"Julien\"},\"description\":\"Je suis Julien, r\u00e9dacteur pour Vie Associative. Passionn\u00e9 par le monde associatif depuis plus de 10 ans, j'ai \u00e0 c\u0153ur de partager des histoires inspirantes et de mettre en lumi\u00e8re les initiatives locales. Mon objectif est de sensibiliser et d'encourager l'engagement communautaire \u00e0 travers mes articles.\",\"sameAs\":[\"https:\/\/vieassociative.be\/\"]}]}<\/script>\n<!-- \/ Yoast SEO plugin. -->","yoast_head_json":{"title":"D\u00e9couvrez qui vous a bloqu\u00e9 sur Instagram | Vie Associative","robots":{"index":"index","follow":"follow","max-snippet":"max-snippet:-1","max-image-preview":"max-image-preview:large","max-video-preview":"max-video-preview:-1"},"canonical":"https:\/\/vieassociative.be\/actualites\/decouvrez-qui-vous-a-bloque-sur-instagram\/","og_locale":"fr_FR","og_type":"article","og_title":"D\u00e9couvrez qui vous a bloqu\u00e9 sur Instagram | Vie Associative","og_description":"D\u00e9terminer si vous avez \u00e9t\u00e9 bloqu\u00e9 prend un peu de d\u00e9tective. Lorsque vous bloquez quelqu&rsquo;un sur Instagram, cet utilisateur ne peut pas afficher votre profil;","og_url":"https:\/\/vieassociative.be\/actualites\/decouvrez-qui-vous-a-bloque-sur-instagram\/","og_site_name":"Vie Associative","article_published_time":"2025-04-02T10:18:02+00:00","og_image":[{"width":279,"height":92,"url":"https:\/\/vieassociative.be\/actualites\/wp-content\/uploads\/2024\/09\/header_backgroundk-01-e1726694325946.png","type":"image\/png"}],"author":"Julien","twitter_card":"summary_large_image","twitter_misc":{"\u00c9crit par":"Julien","Dur\u00e9e de lecture est.":"2 minutes"},"schema":{"@context":"https:\/\/schema.org","@graph":[{"@type":"Article","@id":"https:\/\/vieassociative.be\/actualites\/decouvrez-qui-vous-a-bloque-sur-instagram\/#article","isPartOf":{"@id":"https:\/\/vieassociative.be\/actualites\/decouvrez-qui-vous-a-bloque-sur-instagram\/"},"author":{"name":"Julien","@id":"https:\/\/vieassociative.be\/actualites\/#\/schema\/person\/b87ac4f82f9d4e7b7cec7395b679edc4"},"headline":"D\u00e9couvrez qui vous a bloqu\u00e9 sur Instagram","datePublished":"2025-04-02T10:18:02+00:00","dateModified":"2025-04-02T10:18:02+00:00","mainEntityOfPage":{"@id":"https:\/\/vieassociative.be\/actualites\/decouvrez-qui-vous-a-bloque-sur-instagram\/"},"wordCount":535,"publisher":{"@id":"https:\/\/vieassociative.be\/actualites\/#organization"},"image":{"@id":"https:\/\/vieassociative.be\/actualites\/decouvrez-qui-vous-a-bloque-sur-instagram\/#primaryimage"},"thumbnailUrl":"https:\/\/vieassociative.be\/actualites\/wp-content\/uploads\/2025\/04\/Decouvrez-qui-vous-a-bloque-sur-Instagram.jpg","keywords":["bloqu\u00e9","D\u00e9couvrez","Instagram","qui","sur","Vous"],"articleSection":["Technologie"],"inLanguage":"fr-BE"},{"@type":"WebPage","@id":"https:\/\/vieassociative.be\/actualites\/decouvrez-qui-vous-a-bloque-sur-instagram\/","url":"https:\/\/vieassociative.be\/actualites\/decouvrez-qui-vous-a-bloque-sur-instagram\/","name":"D\u00e9couvrez qui vous a bloqu\u00e9 sur Instagram | Vie Associative","isPartOf":{"@id":"https:\/\/vieassociative.be\/actualites\/#website"},"primaryImageOfPage":{"@id":"https:\/\/vieassociative.be\/actualites\/decouvrez-qui-vous-a-bloque-sur-instagram\/#primaryimage"},"image":{"@id":"https:\/\/vieassociative.be\/actualites\/decouvrez-qui-vous-a-bloque-sur-instagram\/#primaryimage"},"thumbnailUrl":"https:\/\/vieassociative.be\/actualites\/wp-content\/uploads\/2025\/04\/Decouvrez-qui-vous-a-bloque-sur-Instagram.jpg","datePublished":"2025-04-02T10:18:02+00:00","dateModified":"2025-04-02T10:18:02+00:00","breadcrumb":{"@id":"https:\/\/vieassociative.be\/actualites\/decouvrez-qui-vous-a-bloque-sur-instagram\/#breadcrumb"},"inLanguage":"fr-BE","potentialAction":[{"@type":"ReadAction","target":["https:\/\/vieassociative.be\/actualites\/decouvrez-qui-vous-a-bloque-sur-instagram\/"]}]},{"@type":"ImageObject","inLanguage":"fr-BE","@id":"https:\/\/vieassociative.be\/actualites\/decouvrez-qui-vous-a-bloque-sur-instagram\/#primaryimage","url":"https:\/\/vieassociative.be\/actualites\/wp-content\/uploads\/2025\/04\/Decouvrez-qui-vous-a-bloque-sur-Instagram.jpg","contentUrl":"https:\/\/vieassociative.be\/actualites\/wp-content\/uploads\/2025\/04\/Decouvrez-qui-vous-a-bloque-sur-Instagram.jpg","width":1200,"height":675,"caption":"D\u00e9couvrez qui vous a bloqu\u00e9 sur Instagram"},{"@type":"BreadcrumbList","@id":"https:\/\/vieassociative.be\/actualites\/decouvrez-qui-vous-a-bloque-sur-instagram\/#breadcrumb","itemListElement":[{"@type":"ListItem","position":1,"name":"Accueil","item":"https:\/\/vieassociative.be\/actualites\/"},{"@type":"ListItem","position":2,"name":"D\u00e9couvrez qui vous a bloqu\u00e9 sur Instagram"}]},{"@type":"WebSite","@id":"https:\/\/vieassociative.be\/actualites\/#website","url":"https:\/\/vieassociative.be\/actualites\/","name":"Vie Associative","description":"","publisher":{"@id":"https:\/\/vieassociative.be\/actualites\/#organization"},"potentialAction":[{"@type":"SearchAction","target":{"@type":"EntryPoint","urlTemplate":"https:\/\/vieassociative.be\/actualites\/?s={search_term_string}"},"query-input":{"@type":"PropertyValueSpecification","valueRequired":true,"valueName":"search_term_string"}}],"inLanguage":"fr-BE"},{"@type":"Organization","@id":"https:\/\/vieassociative.be\/actualites\/#organization","name":"Vie Associative","url":"https:\/\/vieassociative.be\/actualites\/","logo":{"@type":"ImageObject","inLanguage":"fr-BE","@id":"https:\/\/vieassociative.be\/actualites\/#\/schema\/logo\/image\/","url":"https:\/\/vieassociative.be\/actualites\/wp-content\/uploads\/2024\/09\/cropped-vieassociative_favicon.ico.png","contentUrl":"https:\/\/vieassociative.be\/actualites\/wp-content\/uploads\/2024\/09\/cropped-vieassociative_favicon.ico.png","width":512,"height":512,"caption":"Vie Associative"},"image":{"@id":"https:\/\/vieassociative.be\/actualites\/#\/schema\/logo\/image\/"}},{"@type":"Person","@id":"https:\/\/vieassociative.be\/actualites\/#\/schema\/person\/b87ac4f82f9d4e7b7cec7395b679edc4","name":"Julien","image":{"@type":"ImageObject","inLanguage":"fr-BE","@id":"https:\/\/vieassociative.be\/actualites\/#\/schema\/person\/image\/","url":"https:\/\/vieassociative.be\/actualites\/wp-content\/uploads\/2024\/09\/vie-associative-1-150x150.jpg","contentUrl":"https:\/\/vieassociative.be\/actualites\/wp-content\/uploads\/2024\/09\/vie-associative-1-150x150.jpg","caption":"Julien"},"description":"Je suis Julien, r\u00e9dacteur pour Vie Associative. Passionn\u00e9 par le monde associatif depuis plus de 10 ans, j'ai \u00e0 c\u0153ur de partager des histoires inspirantes et de mettre en lumi\u00e8re les initiatives locales. Mon objectif est de sensibiliser et d'encourager l'engagement communautaire \u00e0 travers mes articles.","sameAs":["https:\/\/vieassociative.be\/"]}]}},"_links":{"self":[{"href":"https:\/\/vieassociative.be\/actualites\/wp-json\/wp\/v2\/posts\/6362"}],"collection":[{"href":"https:\/\/vieassociative.be\/actualites\/wp-json\/wp\/v2\/posts"}],"about":[{"href":"https:\/\/vieassociative.be\/actualites\/wp-json\/wp\/v2\/types\/post"}],"author":[{"embeddable":true,"href":"https:\/\/vieassociative.be\/actualites\/wp-json\/wp\/v2\/users\/1"}],"replies":[{"embeddable":true,"href":"https:\/\/vieassociative.be\/actualites\/wp-json\/wp\/v2\/comments?post=6362"}],"version-history":[{"count":0,"href":"https:\/\/vieassociative.be\/actualites\/wp-json\/wp\/v2\/posts\/6362\/revisions"}],"wp:featuredmedia":[{"embeddable":true,"href":"https:\/\/vieassociative.be\/actualites\/wp-json\/wp\/v2\/media\/6363"}],"wp:attachment":[{"href":"https:\/\/vieassociative.be\/actualites\/wp-json\/wp\/v2\/media?parent=6362"}],"wp:term":[{"taxonomy":"category","embeddable":true,"href":"https:\/\/vieassociative.be\/actualites\/wp-json\/wp\/v2\/categories?post=6362"},{"taxonomy":"post_tag","embeddable":true,"href":"https:\/\/vieassociative.be\/actualites\/wp-json\/wp\/v2\/tags?post=6362"}],"curies":[{"name":"wp","href":"https:\/\/api.w.org\/{rel}","templated":true}]}}