{"id":6360,"date":"2025-04-02T10:22:42","date_gmt":"2025-04-02T08:22:42","guid":{"rendered":"https:\/\/vieassociative.be\/actualites\/la-premiere-defaite-pour-trump-le-juge-remporte-les-elections-dans-le-wisconsin-musk-millions-ne-suffit-pas\/"},"modified":"2025-04-02T10:22:42","modified_gmt":"2025-04-02T08:22:42","slug":"la-premiere-defaite-pour-trump-le-juge-remporte-les-elections-dans-le-wisconsin-musk-millions-ne-suffit-pas","status":"publish","type":"post","link":"https:\/\/vieassociative.be\/actualites\/la-premiere-defaite-pour-trump-le-juge-remporte-les-elections-dans-le-wisconsin-musk-millions-ne-suffit-pas\/","title":{"rendered":"La premi\u00e8re d\u00e9faite pour Trump: le juge remporte les \u00e9lections dans le Wisconsin &#8211; Musk Millions ne suffit pas"},"content":{"rendered":"<p><strong>L&rsquo;une des courses les plus ch\u00e8res pour un poste de juge dans l&rsquo;histoire des \u00c9tats-Unis est d\u00e9cid\u00e9e. Et les d\u00e9mocrates peuvent enfin \u00eatre \u00e0 nouveau heureux.<\/strong><\/p>\n<p><span id=\"more-412654\"><\/span>Pour la premi\u00e8re fois depuis les \u00e9lections du pr\u00e9sident am\u00e9ricain Donald Trump, les d\u00e9mocrates peuvent \u00e0 nouveau avoir un plus grand succ\u00e8s pour eux-m\u00eames. La candidate lib\u00e9rale Susan Crawford a \u00e9merg\u00e9 comme le vainqueur des \u00e9lections excit\u00e9es pour remplacer un poste important \u00e0 la Cour supr\u00eame de l&rsquo;\u00c9tat am\u00e9ricain du Wisconsin.<\/p>\n<p>La course n&rsquo;a pas seulement \u00e9t\u00e9 consid\u00e9r\u00e9e comme l&rsquo;une des plus ch\u00e8res du bureau d&rsquo;un juge de l&rsquo;histoire am\u00e9ricaine, mais aussi comme une sorte de r\u00e9f\u00e9rendum sur le gouvernement de Trump et son familier Elon Musk.<\/p>\n<div id=\"attachment_412659\" class=\"wp-caption alignnone\" style=\"max-width: 300px\"><img fetchpriority=\"high\" decoding=\"async\" class=\"size-medium wp-image-412659\" src=\"https:\/\/vieassociative.be\/actualites\/wp-content\/uploads\/2025\/04\/La-premiere-defaite-pour-Trump-le-juge-remporte-les-elections.jpg\" alt=\"\" width=\"300\" height=\"200\"><\/p>\n<p class=\"wp-caption-text\">30.03.2025, \u00c9tats-Unis, Green Bay: Elon Musk pr\u00e9sente un ch\u00e8que de 1 million de dollars lors d&rsquo;un \u00e9v\u00e9nement devant les \u00e9lections de la Cour supr\u00eame dans l&rsquo;\u00c9tat am\u00e9ricain du Wisconsin. Photo: Jeffrey Phelps \/ AP \/ DPA<\/p>\n<\/div>\n<p>Le Musk milliardaire technologique, qui a maintenant \u00e9t\u00e9 influenc\u00e9, avait d\u00e9clar\u00e9 le vote dans le Wisconsin pour choisir le sort et soutenu le candidat conservateur Brad Schimel avec environ 20 millions de dollars. Il s&rsquo;est rendu \u00e0 plusieurs reprises dans le \u00ab\u00a0Swing State\u00a0\u00bb et s&rsquo;est \u00e9galement engag\u00e9 \u00e0 des cadeaux d&rsquo;argent controvers\u00e9s pour le conservateur.<\/p>\n<p>L&rsquo;\u00e9lection du Wisconsin \u00e9tait particuli\u00e8rement importante car elle concernait la majorit\u00e9 \u00e0 la Cour supr\u00eame de l&rsquo;\u00c9tat, qui reste maintenant lib\u00e9rale. Ses sept juges d\u00e9cident \u00e9galement dans des cas qui peuvent avoir de l&rsquo;importance \u00e0 l&rsquo;\u00e9chelle nationale &#8211; par exemple lors de l&rsquo;adaptation des districts \u00e9lectoraux et des questions de droit de l&rsquo;avortement. Tout comme sur la Cour supr\u00eame, la plus haute juridiction des \u00c9tats-Unis, qui a \u00e9t\u00e9 conservatrice &#8211; depuis le premier mandat de Trump au premier mandat, peut jouer un r\u00f4le important dans l&rsquo;orientation politique des juges, en particulier dans les d\u00e9cisions de la majorit\u00e9 courte.<\/p>\n<p>Les d\u00e9mocrates ont \u00e9galement donn\u00e9 naissance \u00e0 deux post-\u00e9lections pour le Congr\u00e8s am\u00e9ricain en Floride. Les deux candidats du parti ont \u00e9t\u00e9 vaincus dans les bastions r\u00e9publicains &#8211; mais cette fois seulement avec un peu moins de 14 ou 15 points de pourcentage de retard. Lors des \u00e9lections de novembre, l&rsquo;avantage des candidats r\u00e9publicains \u00e9tait encore plus de deux fois plus grand. Dans certains cas, les r\u00e9sultats de la post-\u00e9lection ont \u00e9t\u00e9 consid\u00e9r\u00e9s comme un signe que l&rsquo;approche radicale de Trump et Musk n&rsquo;a pas \u00e9t\u00e9 sans reproduction sous les \u00e9lecteurs plus r\u00e9publicains depuis les \u00e9lections. (DPA)<\/p>\n","protected":false},"excerpt":{"rendered":"<p>L&rsquo;une des courses les plus ch\u00e8res pour un poste de juge dans l&rsquo;histoire des \u00c9tats-Unis est d\u00e9cid\u00e9e. Et les d\u00e9mocrates peuvent enfin \u00eatre \u00e0 nouveau<\/p>\n","protected":false},"author":1,"featured_media":6361,"comment_status":"","ping_status":"","sticky":false,"template":"","format":"standard","meta":{"footnotes":""},"categories":[298],"tags":[166,2350,2569,6129,14,1751,3149,126,81,610,2809,6131,2425,6130],"class_list":["post-6360","post","type-post","status-publish","format-standard","has-post-thumbnail","hentry","category-belgique","tag-dans","tag-defaite","tag-elections","tag-juge","tag-les","tag-millions","tag-musk","tag-pas","tag-pour","tag-premiere","tag-remporte","tag-suffit","tag-trump","tag-wisconsin","generate-columns","tablet-grid-50","mobile-grid-100","grid-parent","grid-33"],"yoast_head":"<!-- This site is optimized with the Yoast SEO plugin v24.0 - https:\/\/yoast.com\/wordpress\/plugins\/seo\/ -->\n<title>La premi\u00e8re d\u00e9faite pour Trump: le juge remporte les \u00e9lections dans le Wisconsin - Musk Millions ne suffit pas | Vie Associative<\/title>\n<meta name=\"robots\" content=\"index, follow, max-snippet:-1, max-image-preview:large, max-video-preview:-1\" \/>\n<link rel=\"canonical\" href=\"https:\/\/vieassociative.be\/actualites\/la-premiere-defaite-pour-trump-le-juge-remporte-les-elections-dans-le-wisconsin-musk-millions-ne-suffit-pas\/\" \/>\n<meta property=\"og:locale\" content=\"fr_FR\" \/>\n<meta property=\"og:type\" content=\"article\" \/>\n<meta property=\"og:title\" content=\"La premi\u00e8re d\u00e9faite pour Trump: le juge remporte les \u00e9lections dans le Wisconsin - Musk Millions ne suffit pas | Vie Associative\" \/>\n<meta property=\"og:description\" content=\"L&rsquo;une des courses les plus ch\u00e8res pour un poste de juge dans l&rsquo;histoire des \u00c9tats-Unis est d\u00e9cid\u00e9e. Et les d\u00e9mocrates peuvent enfin \u00eatre \u00e0 nouveau\" \/>\n<meta property=\"og:url\" content=\"https:\/\/vieassociative.be\/actualites\/la-premiere-defaite-pour-trump-le-juge-remporte-les-elections-dans-le-wisconsin-musk-millions-ne-suffit-pas\/\" \/>\n<meta property=\"og:site_name\" content=\"Vie Associative\" \/>\n<meta property=\"article:published_time\" content=\"2025-04-02T08:22:42+00:00\" \/>\n<meta property=\"og:image\" content=\"https:\/\/vieassociative.be\/actualites\/wp-content\/uploads\/2024\/09\/header_backgroundk-01-e1726694325946.png\" \/>\n\t<meta property=\"og:image:width\" content=\"279\" \/>\n\t<meta property=\"og:image:height\" content=\"92\" \/>\n\t<meta property=\"og:image:type\" content=\"image\/png\" \/>\n<meta name=\"author\" content=\"Julien\" \/>\n<meta name=\"twitter:card\" content=\"summary_large_image\" \/>\n<meta name=\"twitter:label1\" content=\"\u00c9crit par\" \/>\n\t<meta name=\"twitter:data1\" content=\"Julien\" \/>\n\t<meta name=\"twitter:label2\" content=\"Dur\u00e9e de lecture est.\" \/>\n\t<meta name=\"twitter:data2\" content=\"2 minutes\" \/>\n<script type=\"application\/ld+json\" class=\"yoast-schema-graph\">{\"@context\":\"https:\/\/schema.org\",\"@graph\":[{\"@type\":\"Article\",\"@id\":\"https:\/\/vieassociative.be\/actualites\/la-premiere-defaite-pour-trump-le-juge-remporte-les-elections-dans-le-wisconsin-musk-millions-ne-suffit-pas\/#article\",\"isPartOf\":{\"@id\":\"https:\/\/vieassociative.be\/actualites\/la-premiere-defaite-pour-trump-le-juge-remporte-les-elections-dans-le-wisconsin-musk-millions-ne-suffit-pas\/\"},\"author\":{\"name\":\"Julien\",\"@id\":\"https:\/\/vieassociative.be\/actualites\/#\/schema\/person\/b87ac4f82f9d4e7b7cec7395b679edc4\"},\"headline\":\"La premi\u00e8re d\u00e9faite pour Trump: le juge remporte les \u00e9lections dans le Wisconsin &#8211; Musk Millions ne suffit pas\",\"datePublished\":\"2025-04-02T08:22:42+00:00\",\"dateModified\":\"2025-04-02T08:22:42+00:00\",\"mainEntityOfPage\":{\"@id\":\"https:\/\/vieassociative.be\/actualites\/la-premiere-defaite-pour-trump-le-juge-remporte-les-elections-dans-le-wisconsin-musk-millions-ne-suffit-pas\/\"},\"wordCount\":472,\"publisher\":{\"@id\":\"https:\/\/vieassociative.be\/actualites\/#organization\"},\"image\":{\"@id\":\"https:\/\/vieassociative.be\/actualites\/la-premiere-defaite-pour-trump-le-juge-remporte-les-elections-dans-le-wisconsin-musk-millions-ne-suffit-pas\/#primaryimage\"},\"thumbnailUrl\":\"https:\/\/vieassociative.be\/actualites\/wp-content\/uploads\/2025\/04\/1743582162_La-premiere-defaite-pour-Trump-le-juge-remporte-les-elections.jpg\",\"keywords\":[\"dans\",\"D\u00e9faite\",\"\u00e9lections\",\"juge\",\"Les\",\"millions\",\"Musk\",\"pas\",\"pour\",\"premi\u00e8re\",\"remport\u00e9\",\"suffit\",\"Trump\",\"Wisconsin\"],\"articleSection\":[\"Belgique\"],\"inLanguage\":\"fr-BE\"},{\"@type\":\"WebPage\",\"@id\":\"https:\/\/vieassociative.be\/actualites\/la-premiere-defaite-pour-trump-le-juge-remporte-les-elections-dans-le-wisconsin-musk-millions-ne-suffit-pas\/\",\"url\":\"https:\/\/vieassociative.be\/actualites\/la-premiere-defaite-pour-trump-le-juge-remporte-les-elections-dans-le-wisconsin-musk-millions-ne-suffit-pas\/\",\"name\":\"La premi\u00e8re d\u00e9faite pour Trump: le juge remporte les \u00e9lections dans le Wisconsin - Musk Millions ne suffit pas | Vie Associative\",\"isPartOf\":{\"@id\":\"https:\/\/vieassociative.be\/actualites\/#website\"},\"primaryImageOfPage\":{\"@id\":\"https:\/\/vieassociative.be\/actualites\/la-premiere-defaite-pour-trump-le-juge-remporte-les-elections-dans-le-wisconsin-musk-millions-ne-suffit-pas\/#primaryimage\"},\"image\":{\"@id\":\"https:\/\/vieassociative.be\/actualites\/la-premiere-defaite-pour-trump-le-juge-remporte-les-elections-dans-le-wisconsin-musk-millions-ne-suffit-pas\/#primaryimage\"},\"thumbnailUrl\":\"https:\/\/vieassociative.be\/actualites\/wp-content\/uploads\/2025\/04\/1743582162_La-premiere-defaite-pour-Trump-le-juge-remporte-les-elections.jpg\",\"datePublished\":\"2025-04-02T08:22:42+00:00\",\"dateModified\":\"2025-04-02T08:22:42+00:00\",\"breadcrumb\":{\"@id\":\"https:\/\/vieassociative.be\/actualites\/la-premiere-defaite-pour-trump-le-juge-remporte-les-elections-dans-le-wisconsin-musk-millions-ne-suffit-pas\/#breadcrumb\"},\"inLanguage\":\"fr-BE\",\"potentialAction\":[{\"@type\":\"ReadAction\",\"target\":[\"https:\/\/vieassociative.be\/actualites\/la-premiere-defaite-pour-trump-le-juge-remporte-les-elections-dans-le-wisconsin-musk-millions-ne-suffit-pas\/\"]}]},{\"@type\":\"ImageObject\",\"inLanguage\":\"fr-BE\",\"@id\":\"https:\/\/vieassociative.be\/actualites\/la-premiere-defaite-pour-trump-le-juge-remporte-les-elections-dans-le-wisconsin-musk-millions-ne-suffit-pas\/#primaryimage\",\"url\":\"https:\/\/vieassociative.be\/actualites\/wp-content\/uploads\/2025\/04\/1743582162_La-premiere-defaite-pour-Trump-le-juge-remporte-les-elections.jpg\",\"contentUrl\":\"https:\/\/vieassociative.be\/actualites\/wp-content\/uploads\/2025\/04\/1743582162_La-premiere-defaite-pour-Trump-le-juge-remporte-les-elections.jpg\",\"width\":1200,\"height\":800,\"caption\":\"La premi\u00e8re d\u00e9faite pour Trump: le juge remporte les \u00e9lections dans le Wisconsin - Musk Millions ne suffit pas\"},{\"@type\":\"BreadcrumbList\",\"@id\":\"https:\/\/vieassociative.be\/actualites\/la-premiere-defaite-pour-trump-le-juge-remporte-les-elections-dans-le-wisconsin-musk-millions-ne-suffit-pas\/#breadcrumb\",\"itemListElement\":[{\"@type\":\"ListItem\",\"position\":1,\"name\":\"Accueil\",\"item\":\"https:\/\/vieassociative.be\/actualites\/\"},{\"@type\":\"ListItem\",\"position\":2,\"name\":\"La premi\u00e8re d\u00e9faite pour Trump: le juge remporte les \u00e9lections dans le Wisconsin &#8211; Musk Millions ne suffit pas\"}]},{\"@type\":\"WebSite\",\"@id\":\"https:\/\/vieassociative.be\/actualites\/#website\",\"url\":\"https:\/\/vieassociative.be\/actualites\/\",\"name\":\"Vie Associative\",\"description\":\"\",\"publisher\":{\"@id\":\"https:\/\/vieassociative.be\/actualites\/#organization\"},\"potentialAction\":[{\"@type\":\"SearchAction\",\"target\":{\"@type\":\"EntryPoint\",\"urlTemplate\":\"https:\/\/vieassociative.be\/actualites\/?s={search_term_string}\"},\"query-input\":{\"@type\":\"PropertyValueSpecification\",\"valueRequired\":true,\"valueName\":\"search_term_string\"}}],\"inLanguage\":\"fr-BE\"},{\"@type\":\"Organization\",\"@id\":\"https:\/\/vieassociative.be\/actualites\/#organization\",\"name\":\"Vie Associative\",\"url\":\"https:\/\/vieassociative.be\/actualites\/\",\"logo\":{\"@type\":\"ImageObject\",\"inLanguage\":\"fr-BE\",\"@id\":\"https:\/\/vieassociative.be\/actualites\/#\/schema\/logo\/image\/\",\"url\":\"https:\/\/vieassociative.be\/actualites\/wp-content\/uploads\/2024\/09\/cropped-vieassociative_favicon.ico.png\",\"contentUrl\":\"https:\/\/vieassociative.be\/actualites\/wp-content\/uploads\/2024\/09\/cropped-vieassociative_favicon.ico.png\",\"width\":512,\"height\":512,\"caption\":\"Vie Associative\"},\"image\":{\"@id\":\"https:\/\/vieassociative.be\/actualites\/#\/schema\/logo\/image\/\"}},{\"@type\":\"Person\",\"@id\":\"https:\/\/vieassociative.be\/actualites\/#\/schema\/person\/b87ac4f82f9d4e7b7cec7395b679edc4\",\"name\":\"Julien\",\"image\":{\"@type\":\"ImageObject\",\"inLanguage\":\"fr-BE\",\"@id\":\"https:\/\/vieassociative.be\/actualites\/#\/schema\/person\/image\/\",\"url\":\"https:\/\/vieassociative.be\/actualites\/wp-content\/uploads\/2024\/09\/vie-associative-1-150x150.jpg\",\"contentUrl\":\"https:\/\/vieassociative.be\/actualites\/wp-content\/uploads\/2024\/09\/vie-associative-1-150x150.jpg\",\"caption\":\"Julien\"},\"description\":\"Je suis Julien, r\u00e9dacteur pour Vie Associative. Passionn\u00e9 par le monde associatif depuis plus de 10 ans, j'ai \u00e0 c\u0153ur de partager des histoires inspirantes et de mettre en lumi\u00e8re les initiatives locales. Mon objectif est de sensibiliser et d'encourager l'engagement communautaire \u00e0 travers mes articles.\",\"sameAs\":[\"https:\/\/vieassociative.be\/\"]}]}<\/script>\n<!-- \/ Yoast SEO plugin. -->","yoast_head_json":{"title":"La premi\u00e8re d\u00e9faite pour Trump: le juge remporte les \u00e9lections dans le Wisconsin - Musk Millions ne suffit pas | Vie Associative","robots":{"index":"index","follow":"follow","max-snippet":"max-snippet:-1","max-image-preview":"max-image-preview:large","max-video-preview":"max-video-preview:-1"},"canonical":"https:\/\/vieassociative.be\/actualites\/la-premiere-defaite-pour-trump-le-juge-remporte-les-elections-dans-le-wisconsin-musk-millions-ne-suffit-pas\/","og_locale":"fr_FR","og_type":"article","og_title":"La premi\u00e8re d\u00e9faite pour Trump: le juge remporte les \u00e9lections dans le Wisconsin - Musk Millions ne suffit pas | Vie Associative","og_description":"L&rsquo;une des courses les plus ch\u00e8res pour un poste de juge dans l&rsquo;histoire des \u00c9tats-Unis est d\u00e9cid\u00e9e. Et les d\u00e9mocrates peuvent enfin \u00eatre \u00e0 nouveau","og_url":"https:\/\/vieassociative.be\/actualites\/la-premiere-defaite-pour-trump-le-juge-remporte-les-elections-dans-le-wisconsin-musk-millions-ne-suffit-pas\/","og_site_name":"Vie Associative","article_published_time":"2025-04-02T08:22:42+00:00","og_image":[{"width":279,"height":92,"url":"https:\/\/vieassociative.be\/actualites\/wp-content\/uploads\/2024\/09\/header_backgroundk-01-e1726694325946.png","type":"image\/png"}],"author":"Julien","twitter_card":"summary_large_image","twitter_misc":{"\u00c9crit par":"Julien","Dur\u00e9e de lecture est.":"2 minutes"},"schema":{"@context":"https:\/\/schema.org","@graph":[{"@type":"Article","@id":"https:\/\/vieassociative.be\/actualites\/la-premiere-defaite-pour-trump-le-juge-remporte-les-elections-dans-le-wisconsin-musk-millions-ne-suffit-pas\/#article","isPartOf":{"@id":"https:\/\/vieassociative.be\/actualites\/la-premiere-defaite-pour-trump-le-juge-remporte-les-elections-dans-le-wisconsin-musk-millions-ne-suffit-pas\/"},"author":{"name":"Julien","@id":"https:\/\/vieassociative.be\/actualites\/#\/schema\/person\/b87ac4f82f9d4e7b7cec7395b679edc4"},"headline":"La premi\u00e8re d\u00e9faite pour Trump: le juge remporte les \u00e9lections dans le Wisconsin &#8211; Musk Millions ne suffit pas","datePublished":"2025-04-02T08:22:42+00:00","dateModified":"2025-04-02T08:22:42+00:00","mainEntityOfPage":{"@id":"https:\/\/vieassociative.be\/actualites\/la-premiere-defaite-pour-trump-le-juge-remporte-les-elections-dans-le-wisconsin-musk-millions-ne-suffit-pas\/"},"wordCount":472,"publisher":{"@id":"https:\/\/vieassociative.be\/actualites\/#organization"},"image":{"@id":"https:\/\/vieassociative.be\/actualites\/la-premiere-defaite-pour-trump-le-juge-remporte-les-elections-dans-le-wisconsin-musk-millions-ne-suffit-pas\/#primaryimage"},"thumbnailUrl":"https:\/\/vieassociative.be\/actualites\/wp-content\/uploads\/2025\/04\/1743582162_La-premiere-defaite-pour-Trump-le-juge-remporte-les-elections.jpg","keywords":["dans","D\u00e9faite","\u00e9lections","juge","Les","millions","Musk","pas","pour","premi\u00e8re","remport\u00e9","suffit","Trump","Wisconsin"],"articleSection":["Belgique"],"inLanguage":"fr-BE"},{"@type":"WebPage","@id":"https:\/\/vieassociative.be\/actualites\/la-premiere-defaite-pour-trump-le-juge-remporte-les-elections-dans-le-wisconsin-musk-millions-ne-suffit-pas\/","url":"https:\/\/vieassociative.be\/actualites\/la-premiere-defaite-pour-trump-le-juge-remporte-les-elections-dans-le-wisconsin-musk-millions-ne-suffit-pas\/","name":"La premi\u00e8re d\u00e9faite pour Trump: le juge remporte les \u00e9lections dans le Wisconsin - Musk Millions ne suffit pas | Vie Associative","isPartOf":{"@id":"https:\/\/vieassociative.be\/actualites\/#website"},"primaryImageOfPage":{"@id":"https:\/\/vieassociative.be\/actualites\/la-premiere-defaite-pour-trump-le-juge-remporte-les-elections-dans-le-wisconsin-musk-millions-ne-suffit-pas\/#primaryimage"},"image":{"@id":"https:\/\/vieassociative.be\/actualites\/la-premiere-defaite-pour-trump-le-juge-remporte-les-elections-dans-le-wisconsin-musk-millions-ne-suffit-pas\/#primaryimage"},"thumbnailUrl":"https:\/\/vieassociative.be\/actualites\/wp-content\/uploads\/2025\/04\/1743582162_La-premiere-defaite-pour-Trump-le-juge-remporte-les-elections.jpg","datePublished":"2025-04-02T08:22:42+00:00","dateModified":"2025-04-02T08:22:42+00:00","breadcrumb":{"@id":"https:\/\/vieassociative.be\/actualites\/la-premiere-defaite-pour-trump-le-juge-remporte-les-elections-dans-le-wisconsin-musk-millions-ne-suffit-pas\/#breadcrumb"},"inLanguage":"fr-BE","potentialAction":[{"@type":"ReadAction","target":["https:\/\/vieassociative.be\/actualites\/la-premiere-defaite-pour-trump-le-juge-remporte-les-elections-dans-le-wisconsin-musk-millions-ne-suffit-pas\/"]}]},{"@type":"ImageObject","inLanguage":"fr-BE","@id":"https:\/\/vieassociative.be\/actualites\/la-premiere-defaite-pour-trump-le-juge-remporte-les-elections-dans-le-wisconsin-musk-millions-ne-suffit-pas\/#primaryimage","url":"https:\/\/vieassociative.be\/actualites\/wp-content\/uploads\/2025\/04\/1743582162_La-premiere-defaite-pour-Trump-le-juge-remporte-les-elections.jpg","contentUrl":"https:\/\/vieassociative.be\/actualites\/wp-content\/uploads\/2025\/04\/1743582162_La-premiere-defaite-pour-Trump-le-juge-remporte-les-elections.jpg","width":1200,"height":800,"caption":"La premi\u00e8re d\u00e9faite pour Trump: le juge remporte les \u00e9lections dans le Wisconsin - Musk Millions ne suffit pas"},{"@type":"BreadcrumbList","@id":"https:\/\/vieassociative.be\/actualites\/la-premiere-defaite-pour-trump-le-juge-remporte-les-elections-dans-le-wisconsin-musk-millions-ne-suffit-pas\/#breadcrumb","itemListElement":[{"@type":"ListItem","position":1,"name":"Accueil","item":"https:\/\/vieassociative.be\/actualites\/"},{"@type":"ListItem","position":2,"name":"La premi\u00e8re d\u00e9faite pour Trump: le juge remporte les \u00e9lections dans le Wisconsin &#8211; Musk Millions ne suffit pas"}]},{"@type":"WebSite","@id":"https:\/\/vieassociative.be\/actualites\/#website","url":"https:\/\/vieassociative.be\/actualites\/","name":"Vie Associative","description":"","publisher":{"@id":"https:\/\/vieassociative.be\/actualites\/#organization"},"potentialAction":[{"@type":"SearchAction","target":{"@type":"EntryPoint","urlTemplate":"https:\/\/vieassociative.be\/actualites\/?s={search_term_string}"},"query-input":{"@type":"PropertyValueSpecification","valueRequired":true,"valueName":"search_term_string"}}],"inLanguage":"fr-BE"},{"@type":"Organization","@id":"https:\/\/vieassociative.be\/actualites\/#organization","name":"Vie Associative","url":"https:\/\/vieassociative.be\/actualites\/","logo":{"@type":"ImageObject","inLanguage":"fr-BE","@id":"https:\/\/vieassociative.be\/actualites\/#\/schema\/logo\/image\/","url":"https:\/\/vieassociative.be\/actualites\/wp-content\/uploads\/2024\/09\/cropped-vieassociative_favicon.ico.png","contentUrl":"https:\/\/vieassociative.be\/actualites\/wp-content\/uploads\/2024\/09\/cropped-vieassociative_favicon.ico.png","width":512,"height":512,"caption":"Vie Associative"},"image":{"@id":"https:\/\/vieassociative.be\/actualites\/#\/schema\/logo\/image\/"}},{"@type":"Person","@id":"https:\/\/vieassociative.be\/actualites\/#\/schema\/person\/b87ac4f82f9d4e7b7cec7395b679edc4","name":"Julien","image":{"@type":"ImageObject","inLanguage":"fr-BE","@id":"https:\/\/vieassociative.be\/actualites\/#\/schema\/person\/image\/","url":"https:\/\/vieassociative.be\/actualites\/wp-content\/uploads\/2024\/09\/vie-associative-1-150x150.jpg","contentUrl":"https:\/\/vieassociative.be\/actualites\/wp-content\/uploads\/2024\/09\/vie-associative-1-150x150.jpg","caption":"Julien"},"description":"Je suis Julien, r\u00e9dacteur pour Vie Associative. Passionn\u00e9 par le monde associatif depuis plus de 10 ans, j'ai \u00e0 c\u0153ur de partager des histoires inspirantes et de mettre en lumi\u00e8re les initiatives locales. Mon objectif est de sensibiliser et d'encourager l'engagement communautaire \u00e0 travers mes articles.","sameAs":["https:\/\/vieassociative.be\/"]}]}},"_links":{"self":[{"href":"https:\/\/vieassociative.be\/actualites\/wp-json\/wp\/v2\/posts\/6360"}],"collection":[{"href":"https:\/\/vieassociative.be\/actualites\/wp-json\/wp\/v2\/posts"}],"about":[{"href":"https:\/\/vieassociative.be\/actualites\/wp-json\/wp\/v2\/types\/post"}],"author":[{"embeddable":true,"href":"https:\/\/vieassociative.be\/actualites\/wp-json\/wp\/v2\/users\/1"}],"replies":[{"embeddable":true,"href":"https:\/\/vieassociative.be\/actualites\/wp-json\/wp\/v2\/comments?post=6360"}],"version-history":[{"count":0,"href":"https:\/\/vieassociative.be\/actualites\/wp-json\/wp\/v2\/posts\/6360\/revisions"}],"wp:featuredmedia":[{"embeddable":true,"href":"https:\/\/vieassociative.be\/actualites\/wp-json\/wp\/v2\/media\/6361"}],"wp:attachment":[{"href":"https:\/\/vieassociative.be\/actualites\/wp-json\/wp\/v2\/media?parent=6360"}],"wp:term":[{"taxonomy":"category","embeddable":true,"href":"https:\/\/vieassociative.be\/actualites\/wp-json\/wp\/v2\/categories?post=6360"},{"taxonomy":"post_tag","embeddable":true,"href":"https:\/\/vieassociative.be\/actualites\/wp-json\/wp\/v2\/tags?post=6360"}],"curies":[{"name":"wp","href":"https:\/\/api.w.org\/{rel}","templated":true}]}}