{"id":6349,"date":"2025-04-02T02:25:50","date_gmt":"2025-04-02T00:25:50","guid":{"rendered":"https:\/\/vieassociative.be\/actualites\/la-vraie-histoire-du-poisson-davril-et-pourquoi-ce-nest-plus-drole\/"},"modified":"2025-04-02T02:25:50","modified_gmt":"2025-04-02T00:25:50","slug":"la-vraie-histoire-du-poisson-davril-et-pourquoi-ce-nest-plus-drole","status":"publish","type":"post","link":"https:\/\/vieassociative.be\/actualites\/la-vraie-histoire-du-poisson-davril-et-pourquoi-ce-nest-plus-drole\/","title":{"rendered":"La \u00abvraie\u00bb histoire du poisson d&rsquo;avril \u00bb(et pourquoi ce n&rsquo;est plus dr\u00f4le)"},"content":{"rendered":"<div class=\"mt-4 leading-6 md:mb-8\">Les origines des \u00ab\u00a0vacances\u00a0\u00bb les moins pr\u00e9f\u00e9r\u00e9es de tout le monde sont envelopp\u00e9es de myst\u00e8re.<\/div>\n<p><\/p>\n<p>Aujourd&rsquo;hui est le 1er avril, la Journ\u00e9e des imb\u00e9ciles d&rsquo;avril, les vacances annuelles qui c\u00e9l\u00e8brent la farce, le canular et toutes sortes de chevaux et de tomfoolerie. Mais pourquoi? D&rsquo;o\u00f9 viennent ces fausses vacances? Pourquoi nous faisons-nous les uns aux autres, et quand allons-nous enfin <em>arr\u00eat<\/em>?<\/p>\n<p>Ce sont des questions \u00e9tonnamment d\u00e9licates, et la Journ\u00e9e des imb\u00e9ciles d&rsquo;avril existe depuis une longue p\u00e9riode. D\u00e8s 1708, le journal britannique Apollo a demand\u00e9: \u00abd&rsquo;o\u00f9 proc\u00e8de la coutume de faire des imb\u00e9ciles d&rsquo;avril?\u00bb et a fourni des r\u00e9ponses peu convaincantes. Nous savons donc que la tradition des imb\u00e9ciles d&rsquo;avril remonte \u00e0 des si\u00e8cles, mais les origines exactes des vacances sont toujours un myst\u00e8re. Il y a des th\u00e9ories, mais ils secouent tous l\u00e9g\u00e8rement de conneries. <\/p>\n<h2 id=\"april-fools-day-origin-story-1-the-great-french-calendar-switch-of-1582\">April Fools &lsquo;Day Origin Story # 1: Le grand commutateur de calendrier fran\u00e7ais de 1582<\/h2>\n<p>L&rsquo;histoire d&rsquo;origine les plus populaires (mais probablement probablement des conneries) April les imb\u00e9ciles reproche \u00e0 la France. Cela se passe comme suit: en 1563, le Conseil de Trent a d\u00e9clar\u00e9 que le Christ est enti\u00e8rement pr\u00e9sent dans le pain consacr\u00e9 et le vin dans l&rsquo;Eucharistie. Mais plus important encore, il a d\u00e9cr\u00e9t\u00e9 que les nations catholiques devraient utiliser le calendrier gr\u00e9gorien au lieu du calendrier julien. <\/p>\n<p>Le roi de France Charles IX a ordonn\u00e9 \u00e0 sa nation de monter \u00e0 bord avec le Switch d&rsquo;ici 1582, mais lorsque le jour r\u00e9el a roul\u00e9, certains citoyens n&rsquo;\u00e9taient pas conformes. (Les Fran\u00e7ais peuvent \u00eatre t\u00eatus.) Le 1er avril commence la nouvelle ann\u00e9e selon le calendrier Julian, et certaines personnes ne connaissaient pas le nouveau calendrier ou ne l&rsquo;aimaient pas, car ils ont continu\u00e9 \u00e0 c\u00e9l\u00e9brer la nouvelle ann\u00e9e le 1er avril. <\/p>\n<p>Pour ramener tout le monde en ligne, les gens ont commenc\u00e9 \u00e0 se moquer de Calendar-Truthers en leur jouant des tours. Parce que le premier jour d&rsquo;avril co\u00efncidait avec la fin du Car\u00eame, et le poisson \u00e9tait un cadeau de carri\u00e8re populaire, donner \u00e0 un fou un faux poisson \u00e9tait consid\u00e9r\u00e9 comme une blague hilarante (ou du moins l&rsquo;histoire va). Cela a \u00e9volu\u00e9 vers la farce fran\u00e7aise du 1er avril d&rsquo;avoir appos\u00e9 un poisson en papier dans le dos de quelqu&rsquo;un, qui est toujours pratiqu\u00e9 \u00e0 ce jour, principalement par les \u00e9coliers; C&rsquo;est pourquoi les Fran\u00e7ais appellent le 1er avril <em>Poisson D&rsquo;Avril, <\/em>ou \u00ab\u00a0April Fish\u00a0\u00bb.<\/p>\n<p>J&rsquo;aime mieux l&rsquo;histoire d&rsquo;origine \u00abApril Fish\u00bb alternative, cependant: la vraie farce glissait secr\u00e8tement un poisson dans la poche de quelqu&rsquo;un et esp\u00e9rant qu&rsquo;ils ne l&rsquo;ont pas remarqu\u00e9 jusqu&rsquo;\u00e0 ce qu&rsquo;il commence \u00e0 punir. C&rsquo;est <em>intemporel<\/em> com\u00e9die et ne n\u00e9cessite aucune explication.<\/p>\n<p>Alors le cas ferm\u00e9, non? \u00abLa journ\u00e9e des imb\u00e9ciles d&rsquo;avril a commenc\u00e9 en France lorsque le calendrier a chang\u00e9.\u00bb Nah. Probablement pas (April Fools!), Parce que la premi\u00e8re r\u00e9f\u00e9rence \u00e9crite \u00e0 la journ\u00e9e remonte \u00e0 deux d\u00e9cennies plus t\u00f4t, \u00e0 1561. \u00c9crivain flamand Eduard de Dene <em>Arbitre VP Verzendekens Dach \/ Twelck den Eersten April Te Zyne Plach <\/em>est un po\u00e8me comique sur un noble envoyant son serviteur cr\u00e9dule sur une s\u00e9rie de fausses courses ridicules le 1er avril. Avec un message qui reste opportun aujourd&rsquo;hui (\u00abvous \u00eates un intudiant de croire ce que quelqu&rsquo;un dit le 1er avril\u00bb), le po\u00e8me indique clairement que les farces saisonni\u00e8res \u00e9taient d\u00e9j\u00e0 r\u00e9pandues et bien connues, des d\u00e9cennies de calendrier. Contrairement \u00e0 de nombreuses vacances \u00e0 l&rsquo;\u00e9volution des coutumes et des rites, les imb\u00e9ciles d&rsquo;avril semblent \u00eatre c\u00e9l\u00e9br\u00e9s de la m\u00eame mani\u00e8re maintenant que dans les ann\u00e9es 1500.<\/p>\n<h2 id=\"april-fools-day-origin-2-the-ancient-romans-did-it\">Avril Fools &lsquo;Day Origin # 2: Les anciens Romains l&rsquo;ont fait<\/h2>\n<p>Certains historiens ont creus\u00e9 jusqu&rsquo;\u00e0 la Rome antique pour d\u00e9couvrir des preuves du premier idiot d&rsquo;avril. \u00c0 l&rsquo;\u00e9poque, ils ont appel\u00e9 des jours de r\u00e9jouissance \u00abHilaria\u00bb. Les gens avaient une hilaria priv\u00e9e, comme leurs jours de mariage, ou les personnes publiques, comme la Hilaria Matris De\u00fbm, ont c\u00e9l\u00e9br\u00e9 le 25 mars dans le cadre d&rsquo;un festival de 10 jours pour honorer Cybele, la m\u00e8re des dieux. Apr\u00e8s plusieurs jours de festival consacr\u00e9s au je\u00fbne, \u00e0 la castration, au deuil et \u00e0 la fl\u00e9au, The Hilaria a donn\u00e9 \u00e0 tout le monde la chance de profiter d&rsquo;un plaisir bien n\u00e9cessaire, de jouer \u00e0 des jeux et d&rsquo;avoir des orgies (je suppose). <\/p>\n<p>Le plus grand moment fort de Hilaria Matris De\u00fbm a \u00e9t\u00e9 de se d\u00e9guiser. Vous pourriez vous en sortir pour imiter toute personne que vous vouliez ce jour-l\u00e0, y compris les repr\u00e9sentants du gouvernement. Alors peut-\u00eatre que c&rsquo;\u00e9tait la journ\u00e9e d&rsquo;origine des imb\u00e9ciles d&rsquo;avril? Les preuves me semblent un peu fragiles. La p\u00e9riode de l&rsquo;ann\u00e9e est \u00e0 peu pr\u00e8s correcte, mais le lien avec les farces et les canu\u00e8tes semble t\u00e9nu &#8211; s&rsquo;assurer comme quelqu&rsquo;un pour se moquer de eux n&rsquo;est pas la m\u00eame chose que de les inciter \u00e0 manger un beignet rempli de mayonnaise.<\/p>\n<div class=\"pogoClear relative my-10 border-b-(1.5px) border-t-(1.5px) border-dashed border-black py-5 sm:my-14 sm:border-0 sm:py-0\" x-cloak x-data=\"{ commentsCount: null }\" x-init=\"commentsCount = await window.openweb.getMessagesCount(1850271968)\" x-show=\"commentsCount !== null &amp;&amp; commentsCount &gt; 0\">\n<div class=\"absolute top-1\/2 hidden w-full -translate-y-1\/2 border-t-(1.5px) border-dashed border-black sm:block\"><\/div>\n<div class=\"relative flex justify-center\">\n<div class=\"flex max-w-max items-center gap-x-3 bg-white px-5\">\n<div class=\"relative\">\n                <span class=\"absolute left-1\/2 top-1\/2 -translate-x-1\/2 -translate-y-1\/2 font-akshar text-sm font-medium text-black\" x-text=\"commentsCount\"><\/span><\/p>\n<p>                <svg class=\"h-8 w-8 text-black\">\n                    <use href=\"http:\/\/lifehacker.com\/images\/icons\/spritemap.svg#sprite-chat-bubble\"><\/use>\n                <\/svg>\n            <\/div>\n<p>            <span class=\"text-sm font-medium text-black\">Que pensez-vous jusqu&rsquo;\u00e0 pr\u00e9sent? <button class=\"font-semibold text-brand-green underline hover:text-brand-green-700\" onclick=\"window.openweb.scrollToComments(1850271968)\">Publier un commentaire.<\/button><\/span>\n        <\/div>\n<\/p><\/div>\n<\/div>\n<p>Puisque personne ne sait d&rsquo;o\u00f9 ou quand le poisson d&rsquo;avril est originaire, donc je vais dire que cela est venu &#8211; oh, le Danemark.<strong> <\/strong>De l\u00e0, il s&rsquo;est propag\u00e9 au reste de l&rsquo;Europe, probablement. <\/p>\n<p>Peu importe l&rsquo;origine, \u00e0 la fin des ann\u00e9es 1600, la Journ\u00e9e des imb\u00e9ciles d&rsquo;avril a \u00e9t\u00e9 si fermement \u00e9tablie que les newsletters ne voyaient aucune raison de l&rsquo;expliquer aux lecteurs. Par exemple, l&rsquo;\u00e9dition du 2 avril 1698 de <em>Letter de News de Dawks<\/em><em> <\/em>Contient un article qui se lit (Envoyer des imb\u00e9ciles pour voir les lions lav\u00e9s est hilarant.)<\/p>\n<h2 id=\"april-fools-day-goes-from-personal-to-public\">La journ\u00e9e des imb\u00e9ciles d&rsquo;avril passe de personnel au public<\/h2>\n<p>Qu&rsquo;il s&rsquo;agisse de coller un poisson en papier sur le dos de quelqu&rsquo;un ou d&rsquo;envoyer des touristes aux lavages du lion, les premi\u00e8res ann\u00e9es des fous des fous de l&rsquo;avril \u00e9taient personnels. Ce n&rsquo;\u00e9tait pas un jour f\u00e9ri\u00e9 officiel; C&rsquo;\u00e9tait juste un tas de gens qui josaient leurs amis ou \u00e9trangers dans la rue. Mais alors que la soci\u00e9t\u00e9 passait des exp\u00e9riences individuelles \u00e0 des exp\u00e9riences plus m\u00e9diatis\u00e9es, la nature des farces d&rsquo;avril a \u00e9galement chang\u00e9. \u00c0 partir du d\u00e9but des ann\u00e9es 1900, les journaux ont commenc\u00e9 \u00e0 publier de fausses histoires le 1er avril. Ensuite, la radio a commenc\u00e9 \u00e0 le faire, disant aux auditeurs que les gu\u00eapes \u00e9taient sur le point de les attaquer, ou le monde allait se terminer. Dans les ann\u00e9es 1950, la t\u00e9l\u00e9vision est entr\u00e9e dans l&rsquo;acte; M\u00eame les t\u00e9l\u00e9spectateurs Staid BBC ont fait une fausse histoire sur la r\u00e9colte de spaghetti suisse.<\/p>\n<p>La forme la plus populaire actuelle de Prank de Fools April &#8211; les annonces sur Internet &#8211; est appropri\u00e9e pour l&rsquo;\u00e9tat de notre culture. Traditionnellement, les farces \u00e9taient au moins agr\u00e9ables pour celle qui faisait le farce, mais les imb\u00e9ciles d&rsquo;avril modernes ne sont pas amusants pour <em>n&rsquo;importe qui<\/em>. Le public sait que cela va se produire, donc personne n&rsquo;est vraiment tromp\u00e9, et les soci\u00e9t\u00e9s de technologie et de m\u00e9dias qui \u00abfar\u00e7onnent\u00bb les gens le font parce qu&rsquo;ils<em> <\/em>veulent des clics et l&rsquo;engagement pour consolider davantage leur image de marque. C&rsquo;est l&rsquo;oppos\u00e9 du plaisir. La seule chose qui \u00e9tait <em>jamais<\/em> Bon \u00e0 propos de la journ\u00e9e des imb\u00e9ciles d&rsquo;avril, c&rsquo;est qu&rsquo;il s&rsquo;agissait de vacances folkloriques non officielles et non officielles du peuple. Le peuple saccad\u00e9, mais quand m\u00eame. Maintenant, la Journ\u00e9e des imb\u00e9ciles d&rsquo;avril est enti\u00e8rement approuv\u00e9e par la soci\u00e9t\u00e9. <\/p>\n<h2 id=\"why-april-fools-day-needs-to-die\">Pourquoi la journ\u00e9e des imb\u00e9ciles d&rsquo;avril doit mourir<\/h2>\n<p>Il n&rsquo;y a pas vraiment d&rsquo;\u00e9tudes \u00e0 ce sujet, mais strictement d&rsquo;une perspective personnelle \u00abJe suis sur Internet depuis longtemps\u00bb, la popularit\u00e9 des blagues des imb\u00e9ciles d&rsquo;avril en ligne diminue depuis plusieurs ann\u00e9es et, esp\u00e9rons-le, elle tombe \u00e0 rien de bient\u00f4t. Personne n&rsquo;a besoin de vacances qui ont <em>victimes<\/em>. <\/p>\n<p>\u00c0 l&rsquo;\u00e2ge de d\u00e9sinformation, chaque jour est le 1er avril de toute fa\u00e7on; Nous sommes constamment pris pour des imb\u00e9ciles. Nous sommes bombard\u00e9s par des personnes utilisant la technologie pour essayer de nous tromper, qu&rsquo;il s&rsquo;agisse de robots criminels envoyant des SMS pour voler l&rsquo;argent dans nos comptes bancaires, influenceurs mon\u00e9tisant notre envie par des filtres et des angles de cam\u00e9ra soign\u00e9s, des fausses en profondeur g\u00e9n\u00e9r\u00e9es par l&rsquo;AI de la politique moderne et de l&rsquo;ensemble de la politique moderne. Entendre des Jerkass disant \u00ab\u00a0Ha ha, vous a tromp\u00e9\u00a0\u00bb, n&rsquo;est plus dr\u00f4le &#8211; si jamais. <\/p>\n","protected":false},"excerpt":{"rendered":"<p>Les origines des \u00ab\u00a0vacances\u00a0\u00bb les moins pr\u00e9f\u00e9r\u00e9es de tout le monde sont envelopp\u00e9es de myst\u00e8re. Aujourd&rsquo;hui est le 1er avril, la Journ\u00e9e des imb\u00e9ciles d&rsquo;avril,<\/p>\n","protected":false},"author":1,"featured_media":6350,"comment_status":"","ping_status":"","sticky":false,"template":"","format":"standard","meta":{"footnotes":""},"categories":[36],"tags":[6126,6127,2133,1082,6125,734,2131],"class_list":["post-6349","post","type-post","status-publish","format-standard","has-post-thumbnail","hentry","category-divertissement","tag-davril","tag-drole","tag-histoire","tag-nest","tag-poisson","tag-pourquoi","tag-vraie","generate-columns","tablet-grid-50","mobile-grid-100","grid-parent","grid-33"],"yoast_head":"<!-- This site is optimized with the Yoast SEO plugin v24.0 - https:\/\/yoast.com\/wordpress\/plugins\/seo\/ -->\n<title>La \u00abvraie\u00bb histoire du poisson d&#039;avril \u00bb(et pourquoi ce n&#039;est plus dr\u00f4le) | Vie Associative<\/title>\n<meta name=\"robots\" content=\"index, follow, max-snippet:-1, max-image-preview:large, max-video-preview:-1\" \/>\n<link rel=\"canonical\" href=\"https:\/\/vieassociative.be\/actualites\/la-vraie-histoire-du-poisson-davril-et-pourquoi-ce-nest-plus-drole\/\" \/>\n<meta property=\"og:locale\" content=\"fr_FR\" \/>\n<meta property=\"og:type\" content=\"article\" \/>\n<meta property=\"og:title\" content=\"La \u00abvraie\u00bb histoire du poisson d&#039;avril \u00bb(et pourquoi ce n&#039;est plus dr\u00f4le) | Vie Associative\" \/>\n<meta property=\"og:description\" content=\"Les origines des \u00ab\u00a0vacances\u00a0\u00bb les moins pr\u00e9f\u00e9r\u00e9es de tout le monde sont envelopp\u00e9es de myst\u00e8re. Aujourd&rsquo;hui est le 1er avril, la Journ\u00e9e des imb\u00e9ciles d&rsquo;avril,\" \/>\n<meta property=\"og:url\" content=\"https:\/\/vieassociative.be\/actualites\/la-vraie-histoire-du-poisson-davril-et-pourquoi-ce-nest-plus-drole\/\" \/>\n<meta property=\"og:site_name\" content=\"Vie Associative\" \/>\n<meta property=\"article:published_time\" content=\"2025-04-02T00:25:50+00:00\" \/>\n<meta property=\"og:image\" content=\"https:\/\/vieassociative.be\/actualites\/wp-content\/uploads\/2024\/09\/header_backgroundk-01-e1726694325946.png\" \/>\n\t<meta property=\"og:image:width\" content=\"279\" \/>\n\t<meta property=\"og:image:height\" content=\"92\" \/>\n\t<meta property=\"og:image:type\" content=\"image\/png\" \/>\n<meta name=\"author\" content=\"Julien\" \/>\n<meta name=\"twitter:card\" content=\"summary_large_image\" \/>\n<meta name=\"twitter:label1\" content=\"\u00c9crit par\" \/>\n\t<meta name=\"twitter:data1\" content=\"Julien\" \/>\n\t<meta name=\"twitter:label2\" content=\"Dur\u00e9e de lecture est.\" \/>\n\t<meta name=\"twitter:data2\" content=\"7 minutes\" \/>\n<script type=\"application\/ld+json\" class=\"yoast-schema-graph\">{\"@context\":\"https:\/\/schema.org\",\"@graph\":[{\"@type\":\"Article\",\"@id\":\"https:\/\/vieassociative.be\/actualites\/la-vraie-histoire-du-poisson-davril-et-pourquoi-ce-nest-plus-drole\/#article\",\"isPartOf\":{\"@id\":\"https:\/\/vieassociative.be\/actualites\/la-vraie-histoire-du-poisson-davril-et-pourquoi-ce-nest-plus-drole\/\"},\"author\":{\"name\":\"Julien\",\"@id\":\"https:\/\/vieassociative.be\/actualites\/#\/schema\/person\/b87ac4f82f9d4e7b7cec7395b679edc4\"},\"headline\":\"La \u00abvraie\u00bb histoire du poisson d&rsquo;avril \u00bb(et pourquoi ce n&rsquo;est plus dr\u00f4le)\",\"datePublished\":\"2025-04-02T00:25:50+00:00\",\"dateModified\":\"2025-04-02T00:25:50+00:00\",\"mainEntityOfPage\":{\"@id\":\"https:\/\/vieassociative.be\/actualites\/la-vraie-histoire-du-poisson-davril-et-pourquoi-ce-nest-plus-drole\/\"},\"wordCount\":1560,\"publisher\":{\"@id\":\"https:\/\/vieassociative.be\/actualites\/#organization\"},\"image\":{\"@id\":\"https:\/\/vieassociative.be\/actualites\/la-vraie-histoire-du-poisson-davril-et-pourquoi-ce-nest-plus-drole\/#primaryimage\"},\"thumbnailUrl\":\"https:\/\/vieassociative.be\/actualites\/wp-content\/uploads\/2025\/04\/La-vraie-histoire-du-poisson-davril-et-pourquoi-ce-nest.jpg\",\"keywords\":[\"davril\",\"dr\u00f4le\",\"histoire\",\"nest\",\"poisson\",\"Pourquoi\",\"vraie\"],\"articleSection\":[\"Divertissement\"],\"inLanguage\":\"fr-BE\"},{\"@type\":\"WebPage\",\"@id\":\"https:\/\/vieassociative.be\/actualites\/la-vraie-histoire-du-poisson-davril-et-pourquoi-ce-nest-plus-drole\/\",\"url\":\"https:\/\/vieassociative.be\/actualites\/la-vraie-histoire-du-poisson-davril-et-pourquoi-ce-nest-plus-drole\/\",\"name\":\"La \u00abvraie\u00bb histoire du poisson d'avril \u00bb(et pourquoi ce n'est plus dr\u00f4le) | Vie Associative\",\"isPartOf\":{\"@id\":\"https:\/\/vieassociative.be\/actualites\/#website\"},\"primaryImageOfPage\":{\"@id\":\"https:\/\/vieassociative.be\/actualites\/la-vraie-histoire-du-poisson-davril-et-pourquoi-ce-nest-plus-drole\/#primaryimage\"},\"image\":{\"@id\":\"https:\/\/vieassociative.be\/actualites\/la-vraie-histoire-du-poisson-davril-et-pourquoi-ce-nest-plus-drole\/#primaryimage\"},\"thumbnailUrl\":\"https:\/\/vieassociative.be\/actualites\/wp-content\/uploads\/2025\/04\/La-vraie-histoire-du-poisson-davril-et-pourquoi-ce-nest.jpg\",\"datePublished\":\"2025-04-02T00:25:50+00:00\",\"dateModified\":\"2025-04-02T00:25:50+00:00\",\"breadcrumb\":{\"@id\":\"https:\/\/vieassociative.be\/actualites\/la-vraie-histoire-du-poisson-davril-et-pourquoi-ce-nest-plus-drole\/#breadcrumb\"},\"inLanguage\":\"fr-BE\",\"potentialAction\":[{\"@type\":\"ReadAction\",\"target\":[\"https:\/\/vieassociative.be\/actualites\/la-vraie-histoire-du-poisson-davril-et-pourquoi-ce-nest-plus-drole\/\"]}]},{\"@type\":\"ImageObject\",\"inLanguage\":\"fr-BE\",\"@id\":\"https:\/\/vieassociative.be\/actualites\/la-vraie-histoire-du-poisson-davril-et-pourquoi-ce-nest-plus-drole\/#primaryimage\",\"url\":\"https:\/\/vieassociative.be\/actualites\/wp-content\/uploads\/2025\/04\/La-vraie-histoire-du-poisson-davril-et-pourquoi-ce-nest.jpg\",\"contentUrl\":\"https:\/\/vieassociative.be\/actualites\/wp-content\/uploads\/2025\/04\/La-vraie-histoire-du-poisson-davril-et-pourquoi-ce-nest.jpg\",\"width\":1200,\"height\":675,\"caption\":\"La \u00abvraie\u00bb histoire du poisson d'avril \u00bb(et pourquoi ce n'est plus dr\u00f4le)\"},{\"@type\":\"BreadcrumbList\",\"@id\":\"https:\/\/vieassociative.be\/actualites\/la-vraie-histoire-du-poisson-davril-et-pourquoi-ce-nest-plus-drole\/#breadcrumb\",\"itemListElement\":[{\"@type\":\"ListItem\",\"position\":1,\"name\":\"Accueil\",\"item\":\"https:\/\/vieassociative.be\/actualites\/\"},{\"@type\":\"ListItem\",\"position\":2,\"name\":\"La \u00abvraie\u00bb histoire du poisson d&rsquo;avril \u00bb(et pourquoi ce n&rsquo;est plus dr\u00f4le)\"}]},{\"@type\":\"WebSite\",\"@id\":\"https:\/\/vieassociative.be\/actualites\/#website\",\"url\":\"https:\/\/vieassociative.be\/actualites\/\",\"name\":\"Vie Associative\",\"description\":\"\",\"publisher\":{\"@id\":\"https:\/\/vieassociative.be\/actualites\/#organization\"},\"potentialAction\":[{\"@type\":\"SearchAction\",\"target\":{\"@type\":\"EntryPoint\",\"urlTemplate\":\"https:\/\/vieassociative.be\/actualites\/?s={search_term_string}\"},\"query-input\":{\"@type\":\"PropertyValueSpecification\",\"valueRequired\":true,\"valueName\":\"search_term_string\"}}],\"inLanguage\":\"fr-BE\"},{\"@type\":\"Organization\",\"@id\":\"https:\/\/vieassociative.be\/actualites\/#organization\",\"name\":\"Vie Associative\",\"url\":\"https:\/\/vieassociative.be\/actualites\/\",\"logo\":{\"@type\":\"ImageObject\",\"inLanguage\":\"fr-BE\",\"@id\":\"https:\/\/vieassociative.be\/actualites\/#\/schema\/logo\/image\/\",\"url\":\"https:\/\/vieassociative.be\/actualites\/wp-content\/uploads\/2024\/09\/cropped-vieassociative_favicon.ico.png\",\"contentUrl\":\"https:\/\/vieassociative.be\/actualites\/wp-content\/uploads\/2024\/09\/cropped-vieassociative_favicon.ico.png\",\"width\":512,\"height\":512,\"caption\":\"Vie Associative\"},\"image\":{\"@id\":\"https:\/\/vieassociative.be\/actualites\/#\/schema\/logo\/image\/\"}},{\"@type\":\"Person\",\"@id\":\"https:\/\/vieassociative.be\/actualites\/#\/schema\/person\/b87ac4f82f9d4e7b7cec7395b679edc4\",\"name\":\"Julien\",\"image\":{\"@type\":\"ImageObject\",\"inLanguage\":\"fr-BE\",\"@id\":\"https:\/\/vieassociative.be\/actualites\/#\/schema\/person\/image\/\",\"url\":\"https:\/\/vieassociative.be\/actualites\/wp-content\/uploads\/2024\/09\/vie-associative-1-150x150.jpg\",\"contentUrl\":\"https:\/\/vieassociative.be\/actualites\/wp-content\/uploads\/2024\/09\/vie-associative-1-150x150.jpg\",\"caption\":\"Julien\"},\"description\":\"Je suis Julien, r\u00e9dacteur pour Vie Associative. Passionn\u00e9 par le monde associatif depuis plus de 10 ans, j'ai \u00e0 c\u0153ur de partager des histoires inspirantes et de mettre en lumi\u00e8re les initiatives locales. Mon objectif est de sensibiliser et d'encourager l'engagement communautaire \u00e0 travers mes articles.\",\"sameAs\":[\"https:\/\/vieassociative.be\/\"]}]}<\/script>\n<!-- \/ Yoast SEO plugin. -->","yoast_head_json":{"title":"La \u00abvraie\u00bb histoire du poisson d'avril \u00bb(et pourquoi ce n'est plus dr\u00f4le) | Vie Associative","robots":{"index":"index","follow":"follow","max-snippet":"max-snippet:-1","max-image-preview":"max-image-preview:large","max-video-preview":"max-video-preview:-1"},"canonical":"https:\/\/vieassociative.be\/actualites\/la-vraie-histoire-du-poisson-davril-et-pourquoi-ce-nest-plus-drole\/","og_locale":"fr_FR","og_type":"article","og_title":"La \u00abvraie\u00bb histoire du poisson d'avril \u00bb(et pourquoi ce n'est plus dr\u00f4le) | Vie Associative","og_description":"Les origines des \u00ab\u00a0vacances\u00a0\u00bb les moins pr\u00e9f\u00e9r\u00e9es de tout le monde sont envelopp\u00e9es de myst\u00e8re. Aujourd&rsquo;hui est le 1er avril, la Journ\u00e9e des imb\u00e9ciles d&rsquo;avril,","og_url":"https:\/\/vieassociative.be\/actualites\/la-vraie-histoire-du-poisson-davril-et-pourquoi-ce-nest-plus-drole\/","og_site_name":"Vie Associative","article_published_time":"2025-04-02T00:25:50+00:00","og_image":[{"width":279,"height":92,"url":"https:\/\/vieassociative.be\/actualites\/wp-content\/uploads\/2024\/09\/header_backgroundk-01-e1726694325946.png","type":"image\/png"}],"author":"Julien","twitter_card":"summary_large_image","twitter_misc":{"\u00c9crit par":"Julien","Dur\u00e9e de lecture est.":"7 minutes"},"schema":{"@context":"https:\/\/schema.org","@graph":[{"@type":"Article","@id":"https:\/\/vieassociative.be\/actualites\/la-vraie-histoire-du-poisson-davril-et-pourquoi-ce-nest-plus-drole\/#article","isPartOf":{"@id":"https:\/\/vieassociative.be\/actualites\/la-vraie-histoire-du-poisson-davril-et-pourquoi-ce-nest-plus-drole\/"},"author":{"name":"Julien","@id":"https:\/\/vieassociative.be\/actualites\/#\/schema\/person\/b87ac4f82f9d4e7b7cec7395b679edc4"},"headline":"La \u00abvraie\u00bb histoire du poisson d&rsquo;avril \u00bb(et pourquoi ce n&rsquo;est plus dr\u00f4le)","datePublished":"2025-04-02T00:25:50+00:00","dateModified":"2025-04-02T00:25:50+00:00","mainEntityOfPage":{"@id":"https:\/\/vieassociative.be\/actualites\/la-vraie-histoire-du-poisson-davril-et-pourquoi-ce-nest-plus-drole\/"},"wordCount":1560,"publisher":{"@id":"https:\/\/vieassociative.be\/actualites\/#organization"},"image":{"@id":"https:\/\/vieassociative.be\/actualites\/la-vraie-histoire-du-poisson-davril-et-pourquoi-ce-nest-plus-drole\/#primaryimage"},"thumbnailUrl":"https:\/\/vieassociative.be\/actualites\/wp-content\/uploads\/2025\/04\/La-vraie-histoire-du-poisson-davril-et-pourquoi-ce-nest.jpg","keywords":["davril","dr\u00f4le","histoire","nest","poisson","Pourquoi","vraie"],"articleSection":["Divertissement"],"inLanguage":"fr-BE"},{"@type":"WebPage","@id":"https:\/\/vieassociative.be\/actualites\/la-vraie-histoire-du-poisson-davril-et-pourquoi-ce-nest-plus-drole\/","url":"https:\/\/vieassociative.be\/actualites\/la-vraie-histoire-du-poisson-davril-et-pourquoi-ce-nest-plus-drole\/","name":"La \u00abvraie\u00bb histoire du poisson d'avril \u00bb(et pourquoi ce n'est plus dr\u00f4le) | Vie Associative","isPartOf":{"@id":"https:\/\/vieassociative.be\/actualites\/#website"},"primaryImageOfPage":{"@id":"https:\/\/vieassociative.be\/actualites\/la-vraie-histoire-du-poisson-davril-et-pourquoi-ce-nest-plus-drole\/#primaryimage"},"image":{"@id":"https:\/\/vieassociative.be\/actualites\/la-vraie-histoire-du-poisson-davril-et-pourquoi-ce-nest-plus-drole\/#primaryimage"},"thumbnailUrl":"https:\/\/vieassociative.be\/actualites\/wp-content\/uploads\/2025\/04\/La-vraie-histoire-du-poisson-davril-et-pourquoi-ce-nest.jpg","datePublished":"2025-04-02T00:25:50+00:00","dateModified":"2025-04-02T00:25:50+00:00","breadcrumb":{"@id":"https:\/\/vieassociative.be\/actualites\/la-vraie-histoire-du-poisson-davril-et-pourquoi-ce-nest-plus-drole\/#breadcrumb"},"inLanguage":"fr-BE","potentialAction":[{"@type":"ReadAction","target":["https:\/\/vieassociative.be\/actualites\/la-vraie-histoire-du-poisson-davril-et-pourquoi-ce-nest-plus-drole\/"]}]},{"@type":"ImageObject","inLanguage":"fr-BE","@id":"https:\/\/vieassociative.be\/actualites\/la-vraie-histoire-du-poisson-davril-et-pourquoi-ce-nest-plus-drole\/#primaryimage","url":"https:\/\/vieassociative.be\/actualites\/wp-content\/uploads\/2025\/04\/La-vraie-histoire-du-poisson-davril-et-pourquoi-ce-nest.jpg","contentUrl":"https:\/\/vieassociative.be\/actualites\/wp-content\/uploads\/2025\/04\/La-vraie-histoire-du-poisson-davril-et-pourquoi-ce-nest.jpg","width":1200,"height":675,"caption":"La \u00abvraie\u00bb histoire du poisson d'avril \u00bb(et pourquoi ce n'est plus dr\u00f4le)"},{"@type":"BreadcrumbList","@id":"https:\/\/vieassociative.be\/actualites\/la-vraie-histoire-du-poisson-davril-et-pourquoi-ce-nest-plus-drole\/#breadcrumb","itemListElement":[{"@type":"ListItem","position":1,"name":"Accueil","item":"https:\/\/vieassociative.be\/actualites\/"},{"@type":"ListItem","position":2,"name":"La \u00abvraie\u00bb histoire du poisson d&rsquo;avril \u00bb(et pourquoi ce n&rsquo;est plus dr\u00f4le)"}]},{"@type":"WebSite","@id":"https:\/\/vieassociative.be\/actualites\/#website","url":"https:\/\/vieassociative.be\/actualites\/","name":"Vie Associative","description":"","publisher":{"@id":"https:\/\/vieassociative.be\/actualites\/#organization"},"potentialAction":[{"@type":"SearchAction","target":{"@type":"EntryPoint","urlTemplate":"https:\/\/vieassociative.be\/actualites\/?s={search_term_string}"},"query-input":{"@type":"PropertyValueSpecification","valueRequired":true,"valueName":"search_term_string"}}],"inLanguage":"fr-BE"},{"@type":"Organization","@id":"https:\/\/vieassociative.be\/actualites\/#organization","name":"Vie Associative","url":"https:\/\/vieassociative.be\/actualites\/","logo":{"@type":"ImageObject","inLanguage":"fr-BE","@id":"https:\/\/vieassociative.be\/actualites\/#\/schema\/logo\/image\/","url":"https:\/\/vieassociative.be\/actualites\/wp-content\/uploads\/2024\/09\/cropped-vieassociative_favicon.ico.png","contentUrl":"https:\/\/vieassociative.be\/actualites\/wp-content\/uploads\/2024\/09\/cropped-vieassociative_favicon.ico.png","width":512,"height":512,"caption":"Vie Associative"},"image":{"@id":"https:\/\/vieassociative.be\/actualites\/#\/schema\/logo\/image\/"}},{"@type":"Person","@id":"https:\/\/vieassociative.be\/actualites\/#\/schema\/person\/b87ac4f82f9d4e7b7cec7395b679edc4","name":"Julien","image":{"@type":"ImageObject","inLanguage":"fr-BE","@id":"https:\/\/vieassociative.be\/actualites\/#\/schema\/person\/image\/","url":"https:\/\/vieassociative.be\/actualites\/wp-content\/uploads\/2024\/09\/vie-associative-1-150x150.jpg","contentUrl":"https:\/\/vieassociative.be\/actualites\/wp-content\/uploads\/2024\/09\/vie-associative-1-150x150.jpg","caption":"Julien"},"description":"Je suis Julien, r\u00e9dacteur pour Vie Associative. Passionn\u00e9 par le monde associatif depuis plus de 10 ans, j'ai \u00e0 c\u0153ur de partager des histoires inspirantes et de mettre en lumi\u00e8re les initiatives locales. Mon objectif est de sensibiliser et d'encourager l'engagement communautaire \u00e0 travers mes articles.","sameAs":["https:\/\/vieassociative.be\/"]}]}},"_links":{"self":[{"href":"https:\/\/vieassociative.be\/actualites\/wp-json\/wp\/v2\/posts\/6349"}],"collection":[{"href":"https:\/\/vieassociative.be\/actualites\/wp-json\/wp\/v2\/posts"}],"about":[{"href":"https:\/\/vieassociative.be\/actualites\/wp-json\/wp\/v2\/types\/post"}],"author":[{"embeddable":true,"href":"https:\/\/vieassociative.be\/actualites\/wp-json\/wp\/v2\/users\/1"}],"replies":[{"embeddable":true,"href":"https:\/\/vieassociative.be\/actualites\/wp-json\/wp\/v2\/comments?post=6349"}],"version-history":[{"count":0,"href":"https:\/\/vieassociative.be\/actualites\/wp-json\/wp\/v2\/posts\/6349\/revisions"}],"wp:featuredmedia":[{"embeddable":true,"href":"https:\/\/vieassociative.be\/actualites\/wp-json\/wp\/v2\/media\/6350"}],"wp:attachment":[{"href":"https:\/\/vieassociative.be\/actualites\/wp-json\/wp\/v2\/media?parent=6349"}],"wp:term":[{"taxonomy":"category","embeddable":true,"href":"https:\/\/vieassociative.be\/actualites\/wp-json\/wp\/v2\/categories?post=6349"},{"taxonomy":"post_tag","embeddable":true,"href":"https:\/\/vieassociative.be\/actualites\/wp-json\/wp\/v2\/tags?post=6349"}],"curies":[{"name":"wp","href":"https:\/\/api.w.org\/{rel}","templated":true}]}}