{"id":6337,"date":"2025-04-01T16:17:17","date_gmt":"2025-04-01T14:17:17","guid":{"rendered":"https:\/\/vieassociative.be\/actualites\/eupener-rathaus-sera-discotheque-le-week-end\/"},"modified":"2025-04-01T16:17:17","modified_gmt":"2025-04-01T14:17:17","slug":"eupener-rathaus-sera-discotheque-le-week-end","status":"publish","type":"post","link":"https:\/\/vieassociative.be\/actualites\/eupener-rathaus-sera-discotheque-le-week-end\/","title":{"rendered":"Eupener Rathaus sera discoth\u00e9que le week-end"},"content":{"rendered":"<p><strong>Le Eupen Community College est reconnaissant en ces temps difficiles pour chaque source de revenus suppl\u00e9mentaire. Le maire et les juges la\u00efcs ont \u00e9galement trouv\u00e9 ce qu&rsquo;ils recherchaient: l&rsquo;ancien h\u00f4tel de ville d&rsquo;Eupen sera une discoth\u00e8que le week-end.<\/strong><\/p>\n<p><span id=\"more-412600\"><\/span>La ville d&rsquo;Eupen exploite la discoth\u00e8que en soi. La salle du 1er \u00e9tage sert de salle de danse et de f\u00eate, comme l&rsquo;a expliqu\u00e9 le maire Thomas Lennertz (CSP) \u00e0 \u00ab\u00a0l&rsquo;est de la Belgique directement\u00a0\u00bb. L&rsquo;ouverture de c\u00e9r\u00e9monie aura lieu le vendredi 2 mai.<\/p>\n<div id=\"attachment_401078\" class=\"wp-caption alignleft\" style=\"max-width: 300px\"><img fetchpriority=\"high\" decoding=\"async\" class=\"wp-image-401078 size-medium\" src=\"https:\/\/vieassociative.be\/actualites\/wp-content\/uploads\/2024\/12\/Premiere-reunion-du-nouveau-conseil-municipal-dEupen-aujourdhui.jpg\" alt=\"\" width=\"300\" height=\"200\"><\/p>\n<p class=\"wp-caption-text\">L&rsquo;Eupen Community College (de gauche \u00e0 droite): Joseph Thaeter, Caroline V\u00f6ll, Nicolas Pomm\u00e9, Thomas Lennertz, Lucas Reuul, Jo\u00ebl Birnbaum-K\u00f6ttgen et Fabrice Paulus. Photo: Patrick von Staufenberg<\/p>\n<\/div>\n<p>Les revenus des \u00e9v\u00e9nements de danse pour les jeunes vendredi soir, pour plus de 40 ans samedi soir et pour les personnes \u00e2g\u00e9es dimanche apr\u00e8s-midi apr\u00e8s avoir d\u00e9duit les co\u00fbts qui se d\u00e9roulent dans le Tr\u00e9sor de la ville, dont Finanzsch\u00f6ffe Fabrice Paulus (CSP) est particuli\u00e8rement satisfait. <\/p>\n<p>\u00ab\u00a0C&rsquo;est une grande chose et attirera les visiteurs de domestiques et du Rhin-Westphalie du Nord voisin \u00e0 Eupen le week-end\u00a0\u00bb, a d\u00e9clar\u00e9 Paul.<\/p>\n<p>Vendredi soir dernier, l&rsquo;orgue l\u00e9ger sp\u00e9cialement n\u00e9cessaire pour les \u00e9v\u00e9nements de d\u00e9couverte a \u00e9t\u00e9 inaugur\u00e9 et la fa\u00e7ade ext\u00e9rieure de la mairie \u00e0 cette occasion a \u00e9t\u00e9 \u00e9clair\u00e9e pour la premi\u00e8re fois. \u00c0 partir du 2 mai, la mairie se pr\u00e9sentera toujours le week-end. (Cre)<\/p>\n<p><strong><em>Sur le sujet, voir \u00e9galement l&rsquo;article suivant sur OD:<\/em><\/strong><\/p>\n<div class=\"responsive-embed widescreen\">\n<blockquote class=\"wp-embedded-content\" data-secret=\"WvUqQP3AIw\">\n<p>DG reprend l&rsquo;h\u00f4tel Bosten et fabrique une maison d&rsquo;h\u00f4tes bas\u00e9e sur le mod\u00e8le de la maison d&rsquo;h\u00f4tes du gouvernement allemand sur le Petersberg \u00e0 Bonn<\/p>\n<\/blockquote>\n<p><iframe loading=\"lazy\" class=\"wp-embedded-content\" sandbox=\"allow-scripts\" security=\"restricted\" style=\"position: absolute; visibility: hidden;\" title=\"\u201eDG \u00fcbernimmt das Hotel Bosten und macht daraus ein G\u00e4stehaus nach dem Vorbild des G\u00e4stehauses der deutschen Regierung auf dem Petersberg in Bonn\u201c \u2014 Ostbelgien Direkt\" src=\"https:\/\/ostbelgiendirekt.be\/about:blank\" data-secret=\"WvUqQP3AIw\" width=\"500\" height=\"282\" frameborder=\"0\" marginwidth=\"0\" marginheight=\"0\" scrolling=\"no\" data-rocket-lazyload=\"fitvidscompatible\" data-lazy-src=\"https:\/\/ostbelgiendirekt.be\/dg-uebernimmt-bosten-412584\/embed#?secret=nxiURaoUqH#?secret=WvUqQP3AIw\"><\/iframe><noscript><iframe class=\"wp-embedded-content\" sandbox=\"allow-scripts\" security=\"restricted\" style=\"position: absolute; visibility: hidden;\" title=\"\u201eDG \u00fcbernimmt das Hotel Bosten und macht daraus ein G\u00e4stehaus nach dem Vorbild des G\u00e4stehauses der deutschen Regierung auf dem Petersberg in Bonn\u201c \u2014 Ostbelgien Direkt\" src=\"https:\/\/ostbelgiendirekt.be\/dg-uebernimmt-bosten-412584\/embed#?secret=nxiURaoUqH#?secret=WvUqQP3AIw\" data-secret=\"WvUqQP3AIw\" width=\"500\" height=\"282\" frameborder=\"0\" marginwidth=\"0\" marginheight=\"0\" scrolling=\"no\"><\/iframe><\/noscript><\/p>\n<\/div>\n","protected":false},"excerpt":{"rendered":"<p>Le Eupen Community College est reconnaissant en ces temps difficiles pour chaque source de revenus suppl\u00e9mentaire. Le maire et les juges la\u00efcs ont \u00e9galement trouv\u00e9<\/p>\n","protected":false},"author":1,"featured_media":6338,"comment_status":"","ping_status":"","sticky":false,"template":"","format":"standard","meta":{"footnotes":""},"categories":[298],"tags":[6120,5049,6119,3230,3913],"class_list":["post-6337","post","type-post","status-publish","format-standard","has-post-thumbnail","hentry","category-belgique","tag-discotheque","tag-eupener","tag-rathaus","tag-sera","tag-weekend","generate-columns","tablet-grid-50","mobile-grid-100","grid-parent","grid-33"],"yoast_head":"<!-- This site is optimized with the Yoast SEO plugin v24.0 - https:\/\/yoast.com\/wordpress\/plugins\/seo\/ -->\n<title>Eupener Rathaus sera discoth\u00e9que le week-end | Vie Associative<\/title>\n<meta name=\"robots\" content=\"index, follow, max-snippet:-1, max-image-preview:large, max-video-preview:-1\" \/>\n<link rel=\"canonical\" href=\"https:\/\/vieassociative.be\/actualites\/eupener-rathaus-sera-discotheque-le-week-end\/\" \/>\n<meta property=\"og:locale\" content=\"fr_FR\" \/>\n<meta property=\"og:type\" content=\"article\" \/>\n<meta property=\"og:title\" content=\"Eupener Rathaus sera discoth\u00e9que le week-end | Vie Associative\" \/>\n<meta property=\"og:description\" content=\"Le Eupen Community College est reconnaissant en ces temps difficiles pour chaque source de revenus suppl\u00e9mentaire. Le maire et les juges la\u00efcs ont \u00e9galement trouv\u00e9\" \/>\n<meta property=\"og:url\" content=\"https:\/\/vieassociative.be\/actualites\/eupener-rathaus-sera-discotheque-le-week-end\/\" \/>\n<meta property=\"og:site_name\" content=\"Vie Associative\" \/>\n<meta property=\"article:published_time\" content=\"2025-04-01T14:17:17+00:00\" \/>\n<meta property=\"og:image\" content=\"https:\/\/vieassociative.be\/actualites\/wp-content\/uploads\/2024\/09\/header_backgroundk-01-e1726694325946.png\" \/>\n\t<meta property=\"og:image:width\" content=\"279\" \/>\n\t<meta property=\"og:image:height\" content=\"92\" \/>\n\t<meta property=\"og:image:type\" content=\"image\/png\" \/>\n<meta name=\"author\" content=\"Julien\" \/>\n<meta name=\"twitter:card\" content=\"summary_large_image\" \/>\n<meta name=\"twitter:label1\" content=\"\u00c9crit par\" \/>\n\t<meta name=\"twitter:data1\" content=\"Julien\" \/>\n\t<meta name=\"twitter:label2\" content=\"Dur\u00e9e de lecture est.\" \/>\n\t<meta name=\"twitter:data2\" content=\"1 minute\" \/>\n<script type=\"application\/ld+json\" class=\"yoast-schema-graph\">{\"@context\":\"https:\/\/schema.org\",\"@graph\":[{\"@type\":\"Article\",\"@id\":\"https:\/\/vieassociative.be\/actualites\/eupener-rathaus-sera-discotheque-le-week-end\/#article\",\"isPartOf\":{\"@id\":\"https:\/\/vieassociative.be\/actualites\/eupener-rathaus-sera-discotheque-le-week-end\/\"},\"author\":{\"name\":\"Julien\",\"@id\":\"https:\/\/vieassociative.be\/actualites\/#\/schema\/person\/b87ac4f82f9d4e7b7cec7395b679edc4\"},\"headline\":\"Eupener Rathaus sera discoth\u00e9que le week-end\",\"datePublished\":\"2025-04-01T14:17:17+00:00\",\"dateModified\":\"2025-04-01T14:17:17+00:00\",\"mainEntityOfPage\":{\"@id\":\"https:\/\/vieassociative.be\/actualites\/eupener-rathaus-sera-discotheque-le-week-end\/\"},\"wordCount\":306,\"publisher\":{\"@id\":\"https:\/\/vieassociative.be\/actualites\/#organization\"},\"image\":{\"@id\":\"https:\/\/vieassociative.be\/actualites\/eupener-rathaus-sera-discotheque-le-week-end\/#primaryimage\"},\"thumbnailUrl\":\"https:\/\/vieassociative.be\/actualites\/wp-content\/uploads\/2025\/04\/Eupener-Rathaus-sera-discotheque-le-week-end.jpeg\",\"keywords\":[\"discoth\u00e9que\",\"Eupener\",\"Rathaus\",\"sera\",\"weekend\"],\"articleSection\":[\"Belgique\"],\"inLanguage\":\"fr-BE\"},{\"@type\":\"WebPage\",\"@id\":\"https:\/\/vieassociative.be\/actualites\/eupener-rathaus-sera-discotheque-le-week-end\/\",\"url\":\"https:\/\/vieassociative.be\/actualites\/eupener-rathaus-sera-discotheque-le-week-end\/\",\"name\":\"Eupener Rathaus sera discoth\u00e9que le week-end | Vie Associative\",\"isPartOf\":{\"@id\":\"https:\/\/vieassociative.be\/actualites\/#website\"},\"primaryImageOfPage\":{\"@id\":\"https:\/\/vieassociative.be\/actualites\/eupener-rathaus-sera-discotheque-le-week-end\/#primaryimage\"},\"image\":{\"@id\":\"https:\/\/vieassociative.be\/actualites\/eupener-rathaus-sera-discotheque-le-week-end\/#primaryimage\"},\"thumbnailUrl\":\"https:\/\/vieassociative.be\/actualites\/wp-content\/uploads\/2025\/04\/Eupener-Rathaus-sera-discotheque-le-week-end.jpeg\",\"datePublished\":\"2025-04-01T14:17:17+00:00\",\"dateModified\":\"2025-04-01T14:17:17+00:00\",\"breadcrumb\":{\"@id\":\"https:\/\/vieassociative.be\/actualites\/eupener-rathaus-sera-discotheque-le-week-end\/#breadcrumb\"},\"inLanguage\":\"fr-BE\",\"potentialAction\":[{\"@type\":\"ReadAction\",\"target\":[\"https:\/\/vieassociative.be\/actualites\/eupener-rathaus-sera-discotheque-le-week-end\/\"]}]},{\"@type\":\"ImageObject\",\"inLanguage\":\"fr-BE\",\"@id\":\"https:\/\/vieassociative.be\/actualites\/eupener-rathaus-sera-discotheque-le-week-end\/#primaryimage\",\"url\":\"https:\/\/vieassociative.be\/actualites\/wp-content\/uploads\/2025\/04\/Eupener-Rathaus-sera-discotheque-le-week-end.jpeg\",\"contentUrl\":\"https:\/\/vieassociative.be\/actualites\/wp-content\/uploads\/2025\/04\/Eupener-Rathaus-sera-discotheque-le-week-end.jpeg\",\"width\":1200,\"height\":800,\"caption\":\"Eupener Rathaus sera discoth\u00e9que le week-end\"},{\"@type\":\"BreadcrumbList\",\"@id\":\"https:\/\/vieassociative.be\/actualites\/eupener-rathaus-sera-discotheque-le-week-end\/#breadcrumb\",\"itemListElement\":[{\"@type\":\"ListItem\",\"position\":1,\"name\":\"Accueil\",\"item\":\"https:\/\/vieassociative.be\/actualites\/\"},{\"@type\":\"ListItem\",\"position\":2,\"name\":\"Eupener Rathaus sera discoth\u00e9que le week-end\"}]},{\"@type\":\"WebSite\",\"@id\":\"https:\/\/vieassociative.be\/actualites\/#website\",\"url\":\"https:\/\/vieassociative.be\/actualites\/\",\"name\":\"Vie Associative\",\"description\":\"\",\"publisher\":{\"@id\":\"https:\/\/vieassociative.be\/actualites\/#organization\"},\"potentialAction\":[{\"@type\":\"SearchAction\",\"target\":{\"@type\":\"EntryPoint\",\"urlTemplate\":\"https:\/\/vieassociative.be\/actualites\/?s={search_term_string}\"},\"query-input\":{\"@type\":\"PropertyValueSpecification\",\"valueRequired\":true,\"valueName\":\"search_term_string\"}}],\"inLanguage\":\"fr-BE\"},{\"@type\":\"Organization\",\"@id\":\"https:\/\/vieassociative.be\/actualites\/#organization\",\"name\":\"Vie Associative\",\"url\":\"https:\/\/vieassociative.be\/actualites\/\",\"logo\":{\"@type\":\"ImageObject\",\"inLanguage\":\"fr-BE\",\"@id\":\"https:\/\/vieassociative.be\/actualites\/#\/schema\/logo\/image\/\",\"url\":\"https:\/\/vieassociative.be\/actualites\/wp-content\/uploads\/2024\/09\/cropped-vieassociative_favicon.ico.png\",\"contentUrl\":\"https:\/\/vieassociative.be\/actualites\/wp-content\/uploads\/2024\/09\/cropped-vieassociative_favicon.ico.png\",\"width\":512,\"height\":512,\"caption\":\"Vie Associative\"},\"image\":{\"@id\":\"https:\/\/vieassociative.be\/actualites\/#\/schema\/logo\/image\/\"}},{\"@type\":\"Person\",\"@id\":\"https:\/\/vieassociative.be\/actualites\/#\/schema\/person\/b87ac4f82f9d4e7b7cec7395b679edc4\",\"name\":\"Julien\",\"image\":{\"@type\":\"ImageObject\",\"inLanguage\":\"fr-BE\",\"@id\":\"https:\/\/vieassociative.be\/actualites\/#\/schema\/person\/image\/\",\"url\":\"https:\/\/vieassociative.be\/actualites\/wp-content\/uploads\/2024\/09\/vie-associative-1-150x150.jpg\",\"contentUrl\":\"https:\/\/vieassociative.be\/actualites\/wp-content\/uploads\/2024\/09\/vie-associative-1-150x150.jpg\",\"caption\":\"Julien\"},\"description\":\"Je suis Julien, r\u00e9dacteur pour Vie Associative. Passionn\u00e9 par le monde associatif depuis plus de 10 ans, j'ai \u00e0 c\u0153ur de partager des histoires inspirantes et de mettre en lumi\u00e8re les initiatives locales. Mon objectif est de sensibiliser et d'encourager l'engagement communautaire \u00e0 travers mes articles.\",\"sameAs\":[\"https:\/\/vieassociative.be\/\"]}]}<\/script>\n<!-- \/ Yoast SEO plugin. -->","yoast_head_json":{"title":"Eupener Rathaus sera discoth\u00e9que le week-end | Vie Associative","robots":{"index":"index","follow":"follow","max-snippet":"max-snippet:-1","max-image-preview":"max-image-preview:large","max-video-preview":"max-video-preview:-1"},"canonical":"https:\/\/vieassociative.be\/actualites\/eupener-rathaus-sera-discotheque-le-week-end\/","og_locale":"fr_FR","og_type":"article","og_title":"Eupener Rathaus sera discoth\u00e9que le week-end | Vie Associative","og_description":"Le Eupen Community College est reconnaissant en ces temps difficiles pour chaque source de revenus suppl\u00e9mentaire. Le maire et les juges la\u00efcs ont \u00e9galement trouv\u00e9","og_url":"https:\/\/vieassociative.be\/actualites\/eupener-rathaus-sera-discotheque-le-week-end\/","og_site_name":"Vie Associative","article_published_time":"2025-04-01T14:17:17+00:00","og_image":[{"width":279,"height":92,"url":"https:\/\/vieassociative.be\/actualites\/wp-content\/uploads\/2024\/09\/header_backgroundk-01-e1726694325946.png","type":"image\/png"}],"author":"Julien","twitter_card":"summary_large_image","twitter_misc":{"\u00c9crit par":"Julien","Dur\u00e9e de lecture est.":"1 minute"},"schema":{"@context":"https:\/\/schema.org","@graph":[{"@type":"Article","@id":"https:\/\/vieassociative.be\/actualites\/eupener-rathaus-sera-discotheque-le-week-end\/#article","isPartOf":{"@id":"https:\/\/vieassociative.be\/actualites\/eupener-rathaus-sera-discotheque-le-week-end\/"},"author":{"name":"Julien","@id":"https:\/\/vieassociative.be\/actualites\/#\/schema\/person\/b87ac4f82f9d4e7b7cec7395b679edc4"},"headline":"Eupener Rathaus sera discoth\u00e9que le week-end","datePublished":"2025-04-01T14:17:17+00:00","dateModified":"2025-04-01T14:17:17+00:00","mainEntityOfPage":{"@id":"https:\/\/vieassociative.be\/actualites\/eupener-rathaus-sera-discotheque-le-week-end\/"},"wordCount":306,"publisher":{"@id":"https:\/\/vieassociative.be\/actualites\/#organization"},"image":{"@id":"https:\/\/vieassociative.be\/actualites\/eupener-rathaus-sera-discotheque-le-week-end\/#primaryimage"},"thumbnailUrl":"https:\/\/vieassociative.be\/actualites\/wp-content\/uploads\/2025\/04\/Eupener-Rathaus-sera-discotheque-le-week-end.jpeg","keywords":["discoth\u00e9que","Eupener","Rathaus","sera","weekend"],"articleSection":["Belgique"],"inLanguage":"fr-BE"},{"@type":"WebPage","@id":"https:\/\/vieassociative.be\/actualites\/eupener-rathaus-sera-discotheque-le-week-end\/","url":"https:\/\/vieassociative.be\/actualites\/eupener-rathaus-sera-discotheque-le-week-end\/","name":"Eupener Rathaus sera discoth\u00e9que le week-end | Vie Associative","isPartOf":{"@id":"https:\/\/vieassociative.be\/actualites\/#website"},"primaryImageOfPage":{"@id":"https:\/\/vieassociative.be\/actualites\/eupener-rathaus-sera-discotheque-le-week-end\/#primaryimage"},"image":{"@id":"https:\/\/vieassociative.be\/actualites\/eupener-rathaus-sera-discotheque-le-week-end\/#primaryimage"},"thumbnailUrl":"https:\/\/vieassociative.be\/actualites\/wp-content\/uploads\/2025\/04\/Eupener-Rathaus-sera-discotheque-le-week-end.jpeg","datePublished":"2025-04-01T14:17:17+00:00","dateModified":"2025-04-01T14:17:17+00:00","breadcrumb":{"@id":"https:\/\/vieassociative.be\/actualites\/eupener-rathaus-sera-discotheque-le-week-end\/#breadcrumb"},"inLanguage":"fr-BE","potentialAction":[{"@type":"ReadAction","target":["https:\/\/vieassociative.be\/actualites\/eupener-rathaus-sera-discotheque-le-week-end\/"]}]},{"@type":"ImageObject","inLanguage":"fr-BE","@id":"https:\/\/vieassociative.be\/actualites\/eupener-rathaus-sera-discotheque-le-week-end\/#primaryimage","url":"https:\/\/vieassociative.be\/actualites\/wp-content\/uploads\/2025\/04\/Eupener-Rathaus-sera-discotheque-le-week-end.jpeg","contentUrl":"https:\/\/vieassociative.be\/actualites\/wp-content\/uploads\/2025\/04\/Eupener-Rathaus-sera-discotheque-le-week-end.jpeg","width":1200,"height":800,"caption":"Eupener Rathaus sera discoth\u00e9que le week-end"},{"@type":"BreadcrumbList","@id":"https:\/\/vieassociative.be\/actualites\/eupener-rathaus-sera-discotheque-le-week-end\/#breadcrumb","itemListElement":[{"@type":"ListItem","position":1,"name":"Accueil","item":"https:\/\/vieassociative.be\/actualites\/"},{"@type":"ListItem","position":2,"name":"Eupener Rathaus sera discoth\u00e9que le week-end"}]},{"@type":"WebSite","@id":"https:\/\/vieassociative.be\/actualites\/#website","url":"https:\/\/vieassociative.be\/actualites\/","name":"Vie Associative","description":"","publisher":{"@id":"https:\/\/vieassociative.be\/actualites\/#organization"},"potentialAction":[{"@type":"SearchAction","target":{"@type":"EntryPoint","urlTemplate":"https:\/\/vieassociative.be\/actualites\/?s={search_term_string}"},"query-input":{"@type":"PropertyValueSpecification","valueRequired":true,"valueName":"search_term_string"}}],"inLanguage":"fr-BE"},{"@type":"Organization","@id":"https:\/\/vieassociative.be\/actualites\/#organization","name":"Vie Associative","url":"https:\/\/vieassociative.be\/actualites\/","logo":{"@type":"ImageObject","inLanguage":"fr-BE","@id":"https:\/\/vieassociative.be\/actualites\/#\/schema\/logo\/image\/","url":"https:\/\/vieassociative.be\/actualites\/wp-content\/uploads\/2024\/09\/cropped-vieassociative_favicon.ico.png","contentUrl":"https:\/\/vieassociative.be\/actualites\/wp-content\/uploads\/2024\/09\/cropped-vieassociative_favicon.ico.png","width":512,"height":512,"caption":"Vie Associative"},"image":{"@id":"https:\/\/vieassociative.be\/actualites\/#\/schema\/logo\/image\/"}},{"@type":"Person","@id":"https:\/\/vieassociative.be\/actualites\/#\/schema\/person\/b87ac4f82f9d4e7b7cec7395b679edc4","name":"Julien","image":{"@type":"ImageObject","inLanguage":"fr-BE","@id":"https:\/\/vieassociative.be\/actualites\/#\/schema\/person\/image\/","url":"https:\/\/vieassociative.be\/actualites\/wp-content\/uploads\/2024\/09\/vie-associative-1-150x150.jpg","contentUrl":"https:\/\/vieassociative.be\/actualites\/wp-content\/uploads\/2024\/09\/vie-associative-1-150x150.jpg","caption":"Julien"},"description":"Je suis Julien, r\u00e9dacteur pour Vie Associative. Passionn\u00e9 par le monde associatif depuis plus de 10 ans, j'ai \u00e0 c\u0153ur de partager des histoires inspirantes et de mettre en lumi\u00e8re les initiatives locales. Mon objectif est de sensibiliser et d'encourager l'engagement communautaire \u00e0 travers mes articles.","sameAs":["https:\/\/vieassociative.be\/"]}]}},"_links":{"self":[{"href":"https:\/\/vieassociative.be\/actualites\/wp-json\/wp\/v2\/posts\/6337"}],"collection":[{"href":"https:\/\/vieassociative.be\/actualites\/wp-json\/wp\/v2\/posts"}],"about":[{"href":"https:\/\/vieassociative.be\/actualites\/wp-json\/wp\/v2\/types\/post"}],"author":[{"embeddable":true,"href":"https:\/\/vieassociative.be\/actualites\/wp-json\/wp\/v2\/users\/1"}],"replies":[{"embeddable":true,"href":"https:\/\/vieassociative.be\/actualites\/wp-json\/wp\/v2\/comments?post=6337"}],"version-history":[{"count":0,"href":"https:\/\/vieassociative.be\/actualites\/wp-json\/wp\/v2\/posts\/6337\/revisions"}],"wp:featuredmedia":[{"embeddable":true,"href":"https:\/\/vieassociative.be\/actualites\/wp-json\/wp\/v2\/media\/6338"}],"wp:attachment":[{"href":"https:\/\/vieassociative.be\/actualites\/wp-json\/wp\/v2\/media?parent=6337"}],"wp:term":[{"taxonomy":"category","embeddable":true,"href":"https:\/\/vieassociative.be\/actualites\/wp-json\/wp\/v2\/categories?post=6337"},{"taxonomy":"post_tag","embeddable":true,"href":"https:\/\/vieassociative.be\/actualites\/wp-json\/wp\/v2\/tags?post=6337"}],"curies":[{"name":"wp","href":"https:\/\/api.w.org\/{rel}","templated":true}]}}