{"id":6335,"date":"2025-04-01T15:17:57","date_gmt":"2025-04-01T13:17:57","guid":{"rendered":"https:\/\/vieassociative.be\/actualites\/ce-que-les-gens-se-trompent-cette-semaine-le-canular-le-plus-influent-de-lhistoire-americaine\/"},"modified":"2025-04-01T15:17:57","modified_gmt":"2025-04-01T13:17:57","slug":"ce-que-les-gens-se-trompent-cette-semaine-le-canular-le-plus-influent-de-lhistoire-americaine","status":"publish","type":"post","link":"https:\/\/vieassociative.be\/actualites\/ce-que-les-gens-se-trompent-cette-semaine-le-canular-le-plus-influent-de-lhistoire-americaine\/","title":{"rendered":"Ce que les gens se trompent cette semaine: le canular le plus influent de l&rsquo;histoire am\u00e9ricaine"},"content":{"rendered":"<div class=\"mt-4 leading-6 md:mb-8\">Comment une \u0153uvre obscure de la satire litt\u00e9raire a modifi\u00e9 le cours de notre nation.<\/div>\n<p><\/p>\n<p>Pour la Journ\u00e9e des imb\u00e9ciles d&rsquo;avril, j&rsquo;ai pens\u00e9 que je regarderais l&rsquo;histoire fascinante d&rsquo;une source majeure de l&rsquo;une des th\u00e9ories du complot les plus durables et les plus largement crues dans l&rsquo;histoire am\u00e9ricaine. Selon un sondage de YouGov en 2023, 54% des Am\u00e9ricains pensent que Lee Harvey Oswald n&rsquo;a pas agi seul lorsqu&rsquo;il a abattu le pr\u00e9sident John F. Kennedy en 1963 &#8211; donc la plupart des Am\u00e9ricains ont tort \u00e0 ce sujet, et ils se trompent en partie \u00e0 cause d&rsquo;une \u0153uvre de fiction publi\u00e9e \u00e0 la fin des ann\u00e9es 1960.<\/p>\n<h2 id=\"the-granddaddy-of-all-modern-conspiracy-theories\">Le grand-p\u00e8re de toutes les th\u00e9ories du complot modernes<\/h2>\n<p>L&rsquo;incr\u00e9dulit\u00e9 g\u00e9n\u00e9ralis\u00e9e dans \u00ab\u00a0l&rsquo;histoire officielle\u00a0\u00bb de l&rsquo;assassinat de Kennedy a inspir\u00e9 une biblioth\u00e8que de livres, des audiences du Congr\u00e8s, des films majeurs et, plus r\u00e9cemment, de la d\u00e9classification de milliers de documents (dont aucun, en passant, ne soutient l&rsquo;id\u00e9e d&rsquo;une conspiration). Mais plus important encore, les complots d&rsquo;assassinat de Kennedy, les th\u00e9ories du complot normalis\u00e9es et int\u00e9gr\u00e9es en g\u00e9n\u00e9ral, renfor\u00e7ant chaque \u00e9l\u00e9ment de fausses nouvelles qui ont suivi, du certificat de naissance d&rsquo;Obama au scepticisme vaccin <em>rien<\/em>. <\/p>\n<p>Mais que se passe-t-il si la base de la th\u00e9orie du complot Kennedy la plus largement accept\u00e9e \u00e9tait une \u0153uvre de fiction satirique? C&rsquo;est la pr\u00e9misse du livre r\u00e9cent de Phil Tinline <em>Ghosts of Iron Mountain: le canular du si\u00e8cle, son impact durable et ce qu&rsquo;il r\u00e9v\u00e8le sur l&rsquo;Am\u00e9rique aujourd&rsquo;hui,<\/em> un examen de l&rsquo;histoire et de l&rsquo;impact de <em>Rapport d&rsquo;Iron Mountain<\/em>une \u0153uvre de fiction de 1967 qui a commenc\u00e9 comme une satire de gauche mais est devenue l&rsquo;un des textes les plus influents de l&rsquo;histoire am\u00e9ricaine. <\/p>\n<h2 id=\"oliver-stones-jfk-and-the-cia-did-it-conspiracy\">Oliver Stone&rsquo;s <em>JFK<\/em> Et le complot \u00ab\u00a0CIA a fait\u00a0\u00bb<\/h2>\n<p>Alors qu&rsquo;il y a des centaines de th\u00e9ories sur qui \u00e9tait <em>vraiment<\/em> Derri\u00e8re l&rsquo;assassinat de Kennedy et pourquoi ils l&rsquo;ont fait, probablement la version la plus largement accept\u00e9e de l&rsquo;histoire, celle que vous pouvez croire, est la th\u00e9orie avec laquelle Oliver Stone a accompagn\u00e9 dans son film de 1991 <em>JFK<\/em>: La CIA a tu\u00e9 Kennedy parce qu&rsquo;il \u00e9tait sur le point de retirer les troupes du Vietnam et de mettre fin \u00e0 la guerre froide.  <\/p>\n<p>Le personnage principal Jim Garrison le jette ainsi dans le film: \u00ab\u00a0Ce qui s&rsquo;est pass\u00e9 le 22 novembre 1963, c&rsquo;est un coup d&rsquo;\u00c9tat &#8230; La guerre est la plus grande entreprise d&rsquo;Am\u00e9rique d&rsquo;une valeur de 80 milliards de dollars par an. Le pr\u00e9sident Kennedy a \u00e9t\u00e9 assassin\u00e9 par une conspiration qui \u00e9tait pr\u00e9vue et avanc\u00e9e aux niveaux les plus \u00e9lev\u00e9s de notre gouvernement et de la couverture de la CACE et de la CACE.\u00a0\u00bb<\/p>\n<p>Mais o\u00f9 le protagoniste de Stone a-t-il eu cette id\u00e9e? Comme les d\u00e9tails du livre de Tinline, la th\u00e9orie de la CIA est pr\u00e9sent\u00e9e dans <em>JFK<\/em> par \u00ab\u00a0X\u00a0\u00bb, un personnage bas\u00e9 sur l&rsquo;ancien colonel de la force a\u00e9rienne r\u00e9elle L. Fletcher Prouty. La source de Prouty est ce qu&rsquo;il croyait \u00eatre un \u00ab\u00a0papier de r\u00e9flexion supprim\u00e9\u00a0\u00bb <em>Rapport d&rsquo;Iron Mountain: sur la possibilit\u00e9 et l&rsquo;opportunit\u00e9 de la paix. <\/em>Et<em> Rapport d&rsquo;Iron Mountain<\/em> Un canular litt\u00e9raire est-il imagin\u00e9 par les \u00e9diteurs du journal satirique de courte dur\u00e9e et de gauche <em>Le monocle<\/em>. <\/p>\n<h2 id=\"the-birth-of-report-from-iron-mountain\">La naissance de <em>Rapport d&rsquo;Iron Mountain<\/em><\/h2>\n<p>En 1966, Victor Navasky, r\u00e9dacteur <em>Le monocle<\/em>Lisez une nouvelle sur une baisse du march\u00e9 boursier caus\u00e9e par une r\u00e9duction des d\u00e9penses militaires; Wall Street l&rsquo;a qualifi\u00e9 de \u00abpeur de la paix\u00bb. Cela a inspir\u00e9 Navasky \u00e0 la commission l&rsquo;\u00e9crivain Leonard Lewin, avec l&rsquo;aide de l&rsquo;\u00e9conomiste John Kenneth Galbraith et d&rsquo;autres, pour \u00e9crire <em>Rapport d&rsquo;Iron Mountai<\/em>N, soi-disant les r\u00e9sultats divulgu\u00e9s du \u00abgroupe d&rsquo;\u00e9tude sp\u00e9cial\u00bb charg\u00e9s par l&rsquo;administration Kennedy de planifier la transition d&rsquo;une guerre en temps de guerre \u00e0 une \u00e9conomie en temps de paix. Sa conclusion: la paix entra\u00eenerait probablement l&rsquo;effondrement des \u00c9tats-Unis.<\/p>\n<div class=\"pogoClear relative my-10 border-b-(1.5px) border-t-(1.5px) border-dashed border-black py-5 sm:my-14 sm:border-0 sm:py-0\" x-cloak x-data=\"{ commentsCount: null }\" x-init=\"commentsCount = await window.openweb.getMessagesCount(122507)\" x-show=\"commentsCount !== null &amp;&amp; commentsCount &gt; 0\">\n<div class=\"absolute top-1\/2 hidden w-full -translate-y-1\/2 border-t-(1.5px) border-dashed border-black sm:block\"><\/div>\n<div class=\"relative flex justify-center\">\n<div class=\"flex max-w-max items-center gap-x-3 bg-white px-5\">\n<div class=\"relative\">\n                <span class=\"absolute left-1\/2 top-1\/2 -translate-x-1\/2 -translate-y-1\/2 font-akshar text-sm font-medium text-black\" x-text=\"commentsCount\"><\/span><\/p>\n<p>                <svg class=\"h-8 w-8 text-black\">\n                    <use href=\"http:\/\/lifehacker.com\/images\/icons\/spritemap.svg#sprite-chat-bubble\"><\/use>\n                <\/svg>\n            <\/div>\n<p>            <span class=\"text-sm font-medium text-black\">Que pensez-vous jusqu&rsquo;\u00e0 pr\u00e9sent? <button class=\"font-semibold text-brand-green underline hover:text-brand-green-700\" onclick=\"window.openweb.scrollToComments(122507)\">Publier un commentaire.<\/button><\/span>\n        <\/div>\n<\/p><\/div>\n<\/div>\n<p><em>Mountain de fer<\/em> a \u00e9t\u00e9 \u00e9dit\u00e9 par HL Mencken et publi\u00e9 comme une \u0153uvre de non-fiction en 1967, mais la plupart des critiques et des types litt\u00e9raires l&rsquo;ont reconnu comme un commentaire social. Les membres du grand public ont cependant \u00e9t\u00e9 divis\u00e9s, donc l&rsquo;auteur Lewin a dissip\u00e9 tout doute en confirmant <em>Mountain de fer<\/em> \u00e9tait un canular en 1974. Et cela aurait d\u00fb \u00eatre la fin de celui-ci. Mais ce n&rsquo;\u00e9tait pas le cas.<\/p>\n<h2 id=\"the-strange-afterlife-of-report-from-iron-mountain\">L&rsquo;\u00e9trange vie apr\u00e8s la mort de <em>Rapport d&rsquo;Iron Mountain<\/em><\/h2>\n<p>Le vrai point de <em>Mountain de fer <\/em>\u00e9tait<em> <\/em>Pour mettre en \u00e9vidence l&rsquo;absurdit\u00e9 de la guerre froide par l&rsquo;exag\u00e9ration et la satire &#8211; le livre fait pencher la main assez fortement en sugg\u00e9rant des canapiers d&rsquo;OVNI, \u00ab\u00a0Blood Games\u00a0\u00bb, et en ramenant l&rsquo;esclavage en remplacement possible de la guerre &#8211; mais ses id\u00e9es, couch\u00e9es de leur contexte satirique, se sont pr\u00e9cipit\u00e9s en dehors du contr\u00f4le des types litt\u00e9raires qui en ont r\u00eav\u00e9. <em>Mountain de fer<\/em> J&rsquo;ai commenc\u00e9 \u00e0 percoler dans la cafeti\u00e8re toxique des penseurs marginaux, en combinant et en m\u00e9tastaser avec d&rsquo;autres textes de complot s\u00e9minaux et fictifs comme <em>Alternative 3<\/em> et <em>Les protocoles de la Fraternit\u00e9 de Sion,<\/em> jusqu&rsquo;\u00e0 <em>Mountain de fer<\/em> est devenu un texte fondamental pour les manivelles, une partie du cadre id\u00e9ologique sur lequel ils peuvent accrocher. <\/p>\n<p>Ce n&rsquo;\u00e9tait pas seulement la source d&rsquo;Oliver Stone qui s&rsquo;est confondue <em>Rapport d&rsquo;Iron Mountain<\/em> comme v\u00e9rit\u00e9. \u00c0 la grande consternation de l&rsquo;auteur, le livre a \u00e9galement \u00e9t\u00e9 red\u00e9couvert par le mouvement des milices de l&rsquo;aile en plein essor des ann\u00e9es 1980, et r\u00e9imprim\u00e9 comme non-fiction par la presse antis\u00e9mite de Noontide. Milton William Cooper a extrait<em> Mountain de fer<\/em> Dans le texte de la th\u00e9orie du complot s\u00e9minal <em>Voici un cheval p\u00e2le, <\/em>dit \u00eatre un favori de l&rsquo;Oklahoma City Bomber Timothy McVeigh. De l\u00e0, c&rsquo;est un coup droit \u00e0 \u00ab\u00a0The Deep State\u00a0\u00bb, Q-Anon, Alex Jones, des dissimulations coiff\u00e9es et tout ce que les huards sont sur cette semaine sur X.<\/p>\n","protected":false},"excerpt":{"rendered":"<p>Comment une \u0153uvre obscure de la satire litt\u00e9raire a modifi\u00e9 le cours de notre nation. Pour la Journ\u00e9e des imb\u00e9ciles d&rsquo;avril, j&rsquo;ai pens\u00e9 que je<\/p>\n","protected":false},"author":1,"featured_media":6336,"comment_status":"","ping_status":"","sticky":false,"template":"","format":"standard","meta":{"footnotes":""},"categories":[36],"tags":[2102,6117,206,1046,6118,14,2716,1348,2469],"class_list":["post-6335","post","type-post","status-publish","format-standard","has-post-thumbnail","hentry","category-divertissement","tag-americaine","tag-canular","tag-cette","tag-gens","tag-influent","tag-les","tag-lhistoire","tag-semaine","tag-trompent","generate-columns","tablet-grid-50","mobile-grid-100","grid-parent","grid-33"],"yoast_head":"<!-- This site is optimized with the Yoast SEO plugin v24.0 - https:\/\/yoast.com\/wordpress\/plugins\/seo\/ -->\n<title>Ce que les gens se trompent cette semaine: le canular le plus influent de l&#039;histoire am\u00e9ricaine | Vie Associative<\/title>\n<meta name=\"robots\" content=\"index, follow, max-snippet:-1, max-image-preview:large, max-video-preview:-1\" \/>\n<link rel=\"canonical\" href=\"https:\/\/vieassociative.be\/actualites\/ce-que-les-gens-se-trompent-cette-semaine-le-canular-le-plus-influent-de-lhistoire-americaine\/\" \/>\n<meta property=\"og:locale\" content=\"fr_FR\" \/>\n<meta property=\"og:type\" content=\"article\" \/>\n<meta property=\"og:title\" content=\"Ce que les gens se trompent cette semaine: le canular le plus influent de l&#039;histoire am\u00e9ricaine | Vie Associative\" \/>\n<meta property=\"og:description\" content=\"Comment une \u0153uvre obscure de la satire litt\u00e9raire a modifi\u00e9 le cours de notre nation. Pour la Journ\u00e9e des imb\u00e9ciles d&rsquo;avril, j&rsquo;ai pens\u00e9 que je\" \/>\n<meta property=\"og:url\" content=\"https:\/\/vieassociative.be\/actualites\/ce-que-les-gens-se-trompent-cette-semaine-le-canular-le-plus-influent-de-lhistoire-americaine\/\" \/>\n<meta property=\"og:site_name\" content=\"Vie Associative\" \/>\n<meta property=\"article:published_time\" content=\"2025-04-01T13:17:57+00:00\" \/>\n<meta property=\"og:image\" content=\"https:\/\/vieassociative.be\/actualites\/wp-content\/uploads\/2024\/09\/header_backgroundk-01-e1726694325946.png\" \/>\n\t<meta property=\"og:image:width\" content=\"279\" \/>\n\t<meta property=\"og:image:height\" content=\"92\" \/>\n\t<meta property=\"og:image:type\" content=\"image\/png\" \/>\n<meta name=\"author\" content=\"Julien\" \/>\n<meta name=\"twitter:card\" content=\"summary_large_image\" \/>\n<meta name=\"twitter:label1\" content=\"\u00c9crit par\" \/>\n\t<meta name=\"twitter:data1\" content=\"Julien\" \/>\n\t<meta name=\"twitter:label2\" content=\"Dur\u00e9e de lecture est.\" \/>\n\t<meta name=\"twitter:data2\" content=\"5 minutes\" \/>\n<script type=\"application\/ld+json\" class=\"yoast-schema-graph\">{\"@context\":\"https:\/\/schema.org\",\"@graph\":[{\"@type\":\"Article\",\"@id\":\"https:\/\/vieassociative.be\/actualites\/ce-que-les-gens-se-trompent-cette-semaine-le-canular-le-plus-influent-de-lhistoire-americaine\/#article\",\"isPartOf\":{\"@id\":\"https:\/\/vieassociative.be\/actualites\/ce-que-les-gens-se-trompent-cette-semaine-le-canular-le-plus-influent-de-lhistoire-americaine\/\"},\"author\":{\"name\":\"Julien\",\"@id\":\"https:\/\/vieassociative.be\/actualites\/#\/schema\/person\/b87ac4f82f9d4e7b7cec7395b679edc4\"},\"headline\":\"Ce que les gens se trompent cette semaine: le canular le plus influent de l&rsquo;histoire am\u00e9ricaine\",\"datePublished\":\"2025-04-01T13:17:57+00:00\",\"dateModified\":\"2025-04-01T13:17:57+00:00\",\"mainEntityOfPage\":{\"@id\":\"https:\/\/vieassociative.be\/actualites\/ce-que-les-gens-se-trompent-cette-semaine-le-canular-le-plus-influent-de-lhistoire-americaine\/\"},\"wordCount\":1114,\"publisher\":{\"@id\":\"https:\/\/vieassociative.be\/actualites\/#organization\"},\"image\":{\"@id\":\"https:\/\/vieassociative.be\/actualites\/ce-que-les-gens-se-trompent-cette-semaine-le-canular-le-plus-influent-de-lhistoire-americaine\/#primaryimage\"},\"thumbnailUrl\":\"https:\/\/vieassociative.be\/actualites\/wp-content\/uploads\/2025\/04\/Ce-que-les-gens-se-trompent-cette-semaine-le-canular.jpg\",\"keywords\":[\"am\u00e9ricaine\",\"canular\",\"cette\",\"gens\",\"influent\",\"Les\",\"lhistoire\",\"semaine\",\"trompent\"],\"articleSection\":[\"Divertissement\"],\"inLanguage\":\"fr-BE\"},{\"@type\":\"WebPage\",\"@id\":\"https:\/\/vieassociative.be\/actualites\/ce-que-les-gens-se-trompent-cette-semaine-le-canular-le-plus-influent-de-lhistoire-americaine\/\",\"url\":\"https:\/\/vieassociative.be\/actualites\/ce-que-les-gens-se-trompent-cette-semaine-le-canular-le-plus-influent-de-lhistoire-americaine\/\",\"name\":\"Ce que les gens se trompent cette semaine: le canular le plus influent de l'histoire am\u00e9ricaine | Vie Associative\",\"isPartOf\":{\"@id\":\"https:\/\/vieassociative.be\/actualites\/#website\"},\"primaryImageOfPage\":{\"@id\":\"https:\/\/vieassociative.be\/actualites\/ce-que-les-gens-se-trompent-cette-semaine-le-canular-le-plus-influent-de-lhistoire-americaine\/#primaryimage\"},\"image\":{\"@id\":\"https:\/\/vieassociative.be\/actualites\/ce-que-les-gens-se-trompent-cette-semaine-le-canular-le-plus-influent-de-lhistoire-americaine\/#primaryimage\"},\"thumbnailUrl\":\"https:\/\/vieassociative.be\/actualites\/wp-content\/uploads\/2025\/04\/Ce-que-les-gens-se-trompent-cette-semaine-le-canular.jpg\",\"datePublished\":\"2025-04-01T13:17:57+00:00\",\"dateModified\":\"2025-04-01T13:17:57+00:00\",\"breadcrumb\":{\"@id\":\"https:\/\/vieassociative.be\/actualites\/ce-que-les-gens-se-trompent-cette-semaine-le-canular-le-plus-influent-de-lhistoire-americaine\/#breadcrumb\"},\"inLanguage\":\"fr-BE\",\"potentialAction\":[{\"@type\":\"ReadAction\",\"target\":[\"https:\/\/vieassociative.be\/actualites\/ce-que-les-gens-se-trompent-cette-semaine-le-canular-le-plus-influent-de-lhistoire-americaine\/\"]}]},{\"@type\":\"ImageObject\",\"inLanguage\":\"fr-BE\",\"@id\":\"https:\/\/vieassociative.be\/actualites\/ce-que-les-gens-se-trompent-cette-semaine-le-canular-le-plus-influent-de-lhistoire-americaine\/#primaryimage\",\"url\":\"https:\/\/vieassociative.be\/actualites\/wp-content\/uploads\/2025\/04\/Ce-que-les-gens-se-trompent-cette-semaine-le-canular.jpg\",\"contentUrl\":\"https:\/\/vieassociative.be\/actualites\/wp-content\/uploads\/2025\/04\/Ce-que-les-gens-se-trompent-cette-semaine-le-canular.jpg\",\"width\":1200,\"height\":675,\"caption\":\"Ce que les gens se trompent cette semaine: le canular le plus influent de l'histoire am\u00e9ricaine\"},{\"@type\":\"BreadcrumbList\",\"@id\":\"https:\/\/vieassociative.be\/actualites\/ce-que-les-gens-se-trompent-cette-semaine-le-canular-le-plus-influent-de-lhistoire-americaine\/#breadcrumb\",\"itemListElement\":[{\"@type\":\"ListItem\",\"position\":1,\"name\":\"Accueil\",\"item\":\"https:\/\/vieassociative.be\/actualites\/\"},{\"@type\":\"ListItem\",\"position\":2,\"name\":\"Ce que les gens se trompent cette semaine: le canular le plus influent de l&rsquo;histoire am\u00e9ricaine\"}]},{\"@type\":\"WebSite\",\"@id\":\"https:\/\/vieassociative.be\/actualites\/#website\",\"url\":\"https:\/\/vieassociative.be\/actualites\/\",\"name\":\"Vie Associative\",\"description\":\"\",\"publisher\":{\"@id\":\"https:\/\/vieassociative.be\/actualites\/#organization\"},\"potentialAction\":[{\"@type\":\"SearchAction\",\"target\":{\"@type\":\"EntryPoint\",\"urlTemplate\":\"https:\/\/vieassociative.be\/actualites\/?s={search_term_string}\"},\"query-input\":{\"@type\":\"PropertyValueSpecification\",\"valueRequired\":true,\"valueName\":\"search_term_string\"}}],\"inLanguage\":\"fr-BE\"},{\"@type\":\"Organization\",\"@id\":\"https:\/\/vieassociative.be\/actualites\/#organization\",\"name\":\"Vie Associative\",\"url\":\"https:\/\/vieassociative.be\/actualites\/\",\"logo\":{\"@type\":\"ImageObject\",\"inLanguage\":\"fr-BE\",\"@id\":\"https:\/\/vieassociative.be\/actualites\/#\/schema\/logo\/image\/\",\"url\":\"https:\/\/vieassociative.be\/actualites\/wp-content\/uploads\/2024\/09\/cropped-vieassociative_favicon.ico.png\",\"contentUrl\":\"https:\/\/vieassociative.be\/actualites\/wp-content\/uploads\/2024\/09\/cropped-vieassociative_favicon.ico.png\",\"width\":512,\"height\":512,\"caption\":\"Vie Associative\"},\"image\":{\"@id\":\"https:\/\/vieassociative.be\/actualites\/#\/schema\/logo\/image\/\"}},{\"@type\":\"Person\",\"@id\":\"https:\/\/vieassociative.be\/actualites\/#\/schema\/person\/b87ac4f82f9d4e7b7cec7395b679edc4\",\"name\":\"Julien\",\"image\":{\"@type\":\"ImageObject\",\"inLanguage\":\"fr-BE\",\"@id\":\"https:\/\/vieassociative.be\/actualites\/#\/schema\/person\/image\/\",\"url\":\"https:\/\/vieassociative.be\/actualites\/wp-content\/uploads\/2024\/09\/vie-associative-1-150x150.jpg\",\"contentUrl\":\"https:\/\/vieassociative.be\/actualites\/wp-content\/uploads\/2024\/09\/vie-associative-1-150x150.jpg\",\"caption\":\"Julien\"},\"description\":\"Je suis Julien, r\u00e9dacteur pour Vie Associative. Passionn\u00e9 par le monde associatif depuis plus de 10 ans, j'ai \u00e0 c\u0153ur de partager des histoires inspirantes et de mettre en lumi\u00e8re les initiatives locales. Mon objectif est de sensibiliser et d'encourager l'engagement communautaire \u00e0 travers mes articles.\",\"sameAs\":[\"https:\/\/vieassociative.be\/\"]}]}<\/script>\n<!-- \/ Yoast SEO plugin. -->","yoast_head_json":{"title":"Ce que les gens se trompent cette semaine: le canular le plus influent de l'histoire am\u00e9ricaine | Vie Associative","robots":{"index":"index","follow":"follow","max-snippet":"max-snippet:-1","max-image-preview":"max-image-preview:large","max-video-preview":"max-video-preview:-1"},"canonical":"https:\/\/vieassociative.be\/actualites\/ce-que-les-gens-se-trompent-cette-semaine-le-canular-le-plus-influent-de-lhistoire-americaine\/","og_locale":"fr_FR","og_type":"article","og_title":"Ce que les gens se trompent cette semaine: le canular le plus influent de l'histoire am\u00e9ricaine | Vie Associative","og_description":"Comment une \u0153uvre obscure de la satire litt\u00e9raire a modifi\u00e9 le cours de notre nation. Pour la Journ\u00e9e des imb\u00e9ciles d&rsquo;avril, j&rsquo;ai pens\u00e9 que je","og_url":"https:\/\/vieassociative.be\/actualites\/ce-que-les-gens-se-trompent-cette-semaine-le-canular-le-plus-influent-de-lhistoire-americaine\/","og_site_name":"Vie Associative","article_published_time":"2025-04-01T13:17:57+00:00","og_image":[{"width":279,"height":92,"url":"https:\/\/vieassociative.be\/actualites\/wp-content\/uploads\/2024\/09\/header_backgroundk-01-e1726694325946.png","type":"image\/png"}],"author":"Julien","twitter_card":"summary_large_image","twitter_misc":{"\u00c9crit par":"Julien","Dur\u00e9e de lecture est.":"5 minutes"},"schema":{"@context":"https:\/\/schema.org","@graph":[{"@type":"Article","@id":"https:\/\/vieassociative.be\/actualites\/ce-que-les-gens-se-trompent-cette-semaine-le-canular-le-plus-influent-de-lhistoire-americaine\/#article","isPartOf":{"@id":"https:\/\/vieassociative.be\/actualites\/ce-que-les-gens-se-trompent-cette-semaine-le-canular-le-plus-influent-de-lhistoire-americaine\/"},"author":{"name":"Julien","@id":"https:\/\/vieassociative.be\/actualites\/#\/schema\/person\/b87ac4f82f9d4e7b7cec7395b679edc4"},"headline":"Ce que les gens se trompent cette semaine: le canular le plus influent de l&rsquo;histoire am\u00e9ricaine","datePublished":"2025-04-01T13:17:57+00:00","dateModified":"2025-04-01T13:17:57+00:00","mainEntityOfPage":{"@id":"https:\/\/vieassociative.be\/actualites\/ce-que-les-gens-se-trompent-cette-semaine-le-canular-le-plus-influent-de-lhistoire-americaine\/"},"wordCount":1114,"publisher":{"@id":"https:\/\/vieassociative.be\/actualites\/#organization"},"image":{"@id":"https:\/\/vieassociative.be\/actualites\/ce-que-les-gens-se-trompent-cette-semaine-le-canular-le-plus-influent-de-lhistoire-americaine\/#primaryimage"},"thumbnailUrl":"https:\/\/vieassociative.be\/actualites\/wp-content\/uploads\/2025\/04\/Ce-que-les-gens-se-trompent-cette-semaine-le-canular.jpg","keywords":["am\u00e9ricaine","canular","cette","gens","influent","Les","lhistoire","semaine","trompent"],"articleSection":["Divertissement"],"inLanguage":"fr-BE"},{"@type":"WebPage","@id":"https:\/\/vieassociative.be\/actualites\/ce-que-les-gens-se-trompent-cette-semaine-le-canular-le-plus-influent-de-lhistoire-americaine\/","url":"https:\/\/vieassociative.be\/actualites\/ce-que-les-gens-se-trompent-cette-semaine-le-canular-le-plus-influent-de-lhistoire-americaine\/","name":"Ce que les gens se trompent cette semaine: le canular le plus influent de l'histoire am\u00e9ricaine | Vie Associative","isPartOf":{"@id":"https:\/\/vieassociative.be\/actualites\/#website"},"primaryImageOfPage":{"@id":"https:\/\/vieassociative.be\/actualites\/ce-que-les-gens-se-trompent-cette-semaine-le-canular-le-plus-influent-de-lhistoire-americaine\/#primaryimage"},"image":{"@id":"https:\/\/vieassociative.be\/actualites\/ce-que-les-gens-se-trompent-cette-semaine-le-canular-le-plus-influent-de-lhistoire-americaine\/#primaryimage"},"thumbnailUrl":"https:\/\/vieassociative.be\/actualites\/wp-content\/uploads\/2025\/04\/Ce-que-les-gens-se-trompent-cette-semaine-le-canular.jpg","datePublished":"2025-04-01T13:17:57+00:00","dateModified":"2025-04-01T13:17:57+00:00","breadcrumb":{"@id":"https:\/\/vieassociative.be\/actualites\/ce-que-les-gens-se-trompent-cette-semaine-le-canular-le-plus-influent-de-lhistoire-americaine\/#breadcrumb"},"inLanguage":"fr-BE","potentialAction":[{"@type":"ReadAction","target":["https:\/\/vieassociative.be\/actualites\/ce-que-les-gens-se-trompent-cette-semaine-le-canular-le-plus-influent-de-lhistoire-americaine\/"]}]},{"@type":"ImageObject","inLanguage":"fr-BE","@id":"https:\/\/vieassociative.be\/actualites\/ce-que-les-gens-se-trompent-cette-semaine-le-canular-le-plus-influent-de-lhistoire-americaine\/#primaryimage","url":"https:\/\/vieassociative.be\/actualites\/wp-content\/uploads\/2025\/04\/Ce-que-les-gens-se-trompent-cette-semaine-le-canular.jpg","contentUrl":"https:\/\/vieassociative.be\/actualites\/wp-content\/uploads\/2025\/04\/Ce-que-les-gens-se-trompent-cette-semaine-le-canular.jpg","width":1200,"height":675,"caption":"Ce que les gens se trompent cette semaine: le canular le plus influent de l'histoire am\u00e9ricaine"},{"@type":"BreadcrumbList","@id":"https:\/\/vieassociative.be\/actualites\/ce-que-les-gens-se-trompent-cette-semaine-le-canular-le-plus-influent-de-lhistoire-americaine\/#breadcrumb","itemListElement":[{"@type":"ListItem","position":1,"name":"Accueil","item":"https:\/\/vieassociative.be\/actualites\/"},{"@type":"ListItem","position":2,"name":"Ce que les gens se trompent cette semaine: le canular le plus influent de l&rsquo;histoire am\u00e9ricaine"}]},{"@type":"WebSite","@id":"https:\/\/vieassociative.be\/actualites\/#website","url":"https:\/\/vieassociative.be\/actualites\/","name":"Vie Associative","description":"","publisher":{"@id":"https:\/\/vieassociative.be\/actualites\/#organization"},"potentialAction":[{"@type":"SearchAction","target":{"@type":"EntryPoint","urlTemplate":"https:\/\/vieassociative.be\/actualites\/?s={search_term_string}"},"query-input":{"@type":"PropertyValueSpecification","valueRequired":true,"valueName":"search_term_string"}}],"inLanguage":"fr-BE"},{"@type":"Organization","@id":"https:\/\/vieassociative.be\/actualites\/#organization","name":"Vie Associative","url":"https:\/\/vieassociative.be\/actualites\/","logo":{"@type":"ImageObject","inLanguage":"fr-BE","@id":"https:\/\/vieassociative.be\/actualites\/#\/schema\/logo\/image\/","url":"https:\/\/vieassociative.be\/actualites\/wp-content\/uploads\/2024\/09\/cropped-vieassociative_favicon.ico.png","contentUrl":"https:\/\/vieassociative.be\/actualites\/wp-content\/uploads\/2024\/09\/cropped-vieassociative_favicon.ico.png","width":512,"height":512,"caption":"Vie Associative"},"image":{"@id":"https:\/\/vieassociative.be\/actualites\/#\/schema\/logo\/image\/"}},{"@type":"Person","@id":"https:\/\/vieassociative.be\/actualites\/#\/schema\/person\/b87ac4f82f9d4e7b7cec7395b679edc4","name":"Julien","image":{"@type":"ImageObject","inLanguage":"fr-BE","@id":"https:\/\/vieassociative.be\/actualites\/#\/schema\/person\/image\/","url":"https:\/\/vieassociative.be\/actualites\/wp-content\/uploads\/2024\/09\/vie-associative-1-150x150.jpg","contentUrl":"https:\/\/vieassociative.be\/actualites\/wp-content\/uploads\/2024\/09\/vie-associative-1-150x150.jpg","caption":"Julien"},"description":"Je suis Julien, r\u00e9dacteur pour Vie Associative. Passionn\u00e9 par le monde associatif depuis plus de 10 ans, j'ai \u00e0 c\u0153ur de partager des histoires inspirantes et de mettre en lumi\u00e8re les initiatives locales. Mon objectif est de sensibiliser et d'encourager l'engagement communautaire \u00e0 travers mes articles.","sameAs":["https:\/\/vieassociative.be\/"]}]}},"_links":{"self":[{"href":"https:\/\/vieassociative.be\/actualites\/wp-json\/wp\/v2\/posts\/6335"}],"collection":[{"href":"https:\/\/vieassociative.be\/actualites\/wp-json\/wp\/v2\/posts"}],"about":[{"href":"https:\/\/vieassociative.be\/actualites\/wp-json\/wp\/v2\/types\/post"}],"author":[{"embeddable":true,"href":"https:\/\/vieassociative.be\/actualites\/wp-json\/wp\/v2\/users\/1"}],"replies":[{"embeddable":true,"href":"https:\/\/vieassociative.be\/actualites\/wp-json\/wp\/v2\/comments?post=6335"}],"version-history":[{"count":0,"href":"https:\/\/vieassociative.be\/actualites\/wp-json\/wp\/v2\/posts\/6335\/revisions"}],"wp:featuredmedia":[{"embeddable":true,"href":"https:\/\/vieassociative.be\/actualites\/wp-json\/wp\/v2\/media\/6336"}],"wp:attachment":[{"href":"https:\/\/vieassociative.be\/actualites\/wp-json\/wp\/v2\/media?parent=6335"}],"wp:term":[{"taxonomy":"category","embeddable":true,"href":"https:\/\/vieassociative.be\/actualites\/wp-json\/wp\/v2\/categories?post=6335"},{"taxonomy":"post_tag","embeddable":true,"href":"https:\/\/vieassociative.be\/actualites\/wp-json\/wp\/v2\/tags?post=6335"}],"curies":[{"name":"wp","href":"https:\/\/api.w.org\/{rel}","templated":true}]}}