{"id":6329,"date":"2025-04-01T10:17:45","date_gmt":"2025-04-01T08:17:45","guid":{"rendered":"https:\/\/vieassociative.be\/actualites\/dg-reprend-lhotel-bosten-et-fabrique-une-maison-dhotes-basee-sur-le-modele-de-la-maison-dhotes-du-gouvernement-federal-a-petersberg-a-bonn\/"},"modified":"2025-04-01T10:17:45","modified_gmt":"2025-04-01T08:17:45","slug":"dg-reprend-lhotel-bosten-et-fabrique-une-maison-dhotes-basee-sur-le-modele-de-la-maison-dhotes-du-gouvernement-federal-a-petersberg-a-bonn","status":"publish","type":"post","link":"https:\/\/vieassociative.be\/actualites\/dg-reprend-lhotel-bosten-et-fabrique-une-maison-dhotes-basee-sur-le-modele-de-la-maison-dhotes-du-gouvernement-federal-a-petersberg-a-bonn\/","title":{"rendered":"DG reprend l&rsquo;h\u00f4tel Bosten et fabrique une maison d&rsquo;h\u00f4tes bas\u00e9e sur le mod\u00e8le de la maison d&rsquo;h\u00f4tes du gouvernement f\u00e9d\u00e9ral \u00e0 Petersberg \u00e0 Bonn"},"content":{"rendered":"<p><strong>L&rsquo;ambassadeur de l&rsquo;h\u00f4tel-Bosten \u00e9tait en vente depuis la mi-2024, mais jusqu&rsquo;\u00e0 pr\u00e9sent, aucun acheteur potentiel n&rsquo;a \u00e9t\u00e9 trouv\u00e9. Mais maintenant, le moment est venu: la communaut\u00e9 allemande qui reprend l&rsquo;h\u00f4tel honor\u00e9.<\/strong><\/p>\n<p><span id=\"more-412584\"><\/span>Le Premier ministre de la DG, Oliver Paasch (ProDG), a confirm\u00e9 la vente mercredi matin \u00e0 la demande de \u00ab\u00a0East Belgium Direkt\u00a0\u00bb. Apr\u00e8s la r\u00e9novation, le complexe de construction de la ville inf\u00e9rieure doit devenir une maison d&rsquo;h\u00f4tes du gouvernement bas\u00e9e sur le mod\u00e8le de la maison d&rsquo;h\u00f4tes sur Petersberg \u00e0 Bonn, dans laquelle l&rsquo;\u00c9tat et les chefs d&rsquo;\u00c9tat et le gouvernement du monde entier ont \u00e9t\u00e9 accueillis \u00e0 l&rsquo;\u00e9poque de la soi-disant r\u00e9publique Bonn du chancelier f\u00e9d\u00e9ral.<\/p>\n<p>\u00ab\u00a0J&rsquo;ai toujours dit que la DG doit continuer \u00e0 investir dans les temps de la crise et rares\u00a0\u00bb, a d\u00e9clar\u00e9 Paasch. Le maire d&rsquo;Eupen Thomas Lennertz (CSP) \u00e9tait ravi. Depuis l&rsquo;achat de l&rsquo;h\u00f4tel Bosten par la DG, la valeur ajout\u00e9e de l&rsquo;Eupener UnterStadt serait esp\u00e9r\u00e9, a d\u00e9clar\u00e9 Lennertz.<\/p>\n<div id=\"attachment_412589\" class=\"wp-caption alignleft\" style=\"max-width: 300px\"><img fetchpriority=\"high\" decoding=\"async\" class=\"wp-image-412589 size-medium\" src=\"https:\/\/vieassociative.be\/actualites\/wp-content\/uploads\/2025\/04\/DG-reprend-lhotel-Bosten-et-fabrique-une-maison-dhotes-basee.jpg\" alt=\"\" width=\"300\" height=\"200\"><\/p>\n<p class=\"wp-caption-text\">Depuis 1954, le gouvernement f\u00e9d\u00e9ral utilise ce b\u00e2timent sur le Petersberg \u00e0 Bonn en tant que maison d&rsquo;h\u00f4tes lors de visites d&rsquo;\u00c9tat. Photo: Shutterstock<\/p>\n<\/div>\n<p>L&rsquo;h\u00f4tel Bosten a une longue tradition. Fond\u00e9e en 1896, il appartient \u00e0 la famille Bosten depuis le d\u00e9but. Lorsque Roger Bosten est d\u00e9c\u00e9d\u00e9 de fa\u00e7on inattendue en octobre 2009, son fr\u00e8re Hubert a dirig\u00e9 la fortune de l&rsquo;h\u00f4tel avant de remettre le b\u00e2timent \u00e0 Hua Mei de L\u00f6wen en 2015, mais avait toujours conseill\u00e9 sur le nouveau propri\u00e9taire<\/p>\n<p>L&rsquo;h\u00f4tel est ferm\u00e9 depuis la catastrophe des inondations en juillet 2021. Le propri\u00e9taire avait promis \u00e0 plusieurs reprises une r\u00e9ouverture pr\u00e9coce, mais jusqu&rsquo;\u00e0 aujourd&rsquo;hui, l&rsquo;h\u00f4tel n&rsquo;a pas repris ses op\u00e9rations.<\/p>\n<p>Soit dit en passant, le prix d&rsquo;achat a \u00e9t\u00e9 maintenu silencieux. Vous ne savez pas non plus qui dirigera l&rsquo;h\u00f4tel au nom du gouvernement DG \u00e0 l&rsquo;avenir. Paasch n&rsquo;a pas \u00e9t\u00e9 en mesure de confirmer que son pr\u00e9d\u00e9cesseur, en tant que Premier ministre Karl-Heinz Lambertz, a pu porter la future maison d&rsquo;h\u00f4tes.<\/p>\n<p>La nouvelle maison d&rsquo;h\u00f4tes devrait \u00eatre pr\u00eate \u00e0 occuper jusqu&rsquo;\u00e0 la journ\u00e9e festive de la communaut\u00e9 allemande le 15 novembre 2025. Le roi Philippe et la reine Mathilde sont les premiers invit\u00e9s. (Cre)<\/p>\n","protected":false},"excerpt":{"rendered":"<p>L&rsquo;ambassadeur de l&rsquo;h\u00f4tel-Bosten \u00e9tait en vente depuis la mi-2024, mais jusqu&rsquo;\u00e0 pr\u00e9sent, aucun acheteur potentiel n&rsquo;a \u00e9t\u00e9 trouv\u00e9. Mais maintenant, le moment est venu: la<\/p>\n","protected":false},"author":1,"featured_media":6330,"comment_status":"","ping_status":"","sticky":false,"template":"","format":"standard","meta":{"footnotes":""},"categories":[298],"tags":[1133,5374,6111,6112,1018,5086,615,6110,560,5113,6113,6109,33,110],"class_list":["post-6329","post","type-post","status-publish","format-standard","has-post-thumbnail","hentry","category-belgique","tag-basee","tag-bonn","tag-bosten","tag-dhotes","tag-fabrique","tag-federal","tag-gouvernement","tag-lhotel","tag-maison","tag-modele","tag-petersberg","tag-reprend","tag-sur","tag-une","generate-columns","tablet-grid-50","mobile-grid-100","grid-parent","grid-33"],"yoast_head":"<!-- This site is optimized with the Yoast SEO plugin v24.0 - https:\/\/yoast.com\/wordpress\/plugins\/seo\/ -->\n<title>DG reprend l&#039;h\u00f4tel Bosten et fabrique une maison d&#039;h\u00f4tes bas\u00e9e sur le mod\u00e8le de la maison d&#039;h\u00f4tes du gouvernement f\u00e9d\u00e9ral \u00e0 Petersberg \u00e0 Bonn | Vie Associative<\/title>\n<meta name=\"robots\" content=\"index, follow, max-snippet:-1, max-image-preview:large, max-video-preview:-1\" \/>\n<link rel=\"canonical\" href=\"https:\/\/vieassociative.be\/actualites\/dg-reprend-lhotel-bosten-et-fabrique-une-maison-dhotes-basee-sur-le-modele-de-la-maison-dhotes-du-gouvernement-federal-a-petersberg-a-bonn\/\" \/>\n<meta property=\"og:locale\" content=\"fr_FR\" \/>\n<meta property=\"og:type\" content=\"article\" \/>\n<meta property=\"og:title\" content=\"DG reprend l&#039;h\u00f4tel Bosten et fabrique une maison d&#039;h\u00f4tes bas\u00e9e sur le mod\u00e8le de la maison d&#039;h\u00f4tes du gouvernement f\u00e9d\u00e9ral \u00e0 Petersberg \u00e0 Bonn | Vie Associative\" \/>\n<meta property=\"og:description\" content=\"L&rsquo;ambassadeur de l&rsquo;h\u00f4tel-Bosten \u00e9tait en vente depuis la mi-2024, mais jusqu&rsquo;\u00e0 pr\u00e9sent, aucun acheteur potentiel n&rsquo;a \u00e9t\u00e9 trouv\u00e9. Mais maintenant, le moment est venu: la\" \/>\n<meta property=\"og:url\" content=\"https:\/\/vieassociative.be\/actualites\/dg-reprend-lhotel-bosten-et-fabrique-une-maison-dhotes-basee-sur-le-modele-de-la-maison-dhotes-du-gouvernement-federal-a-petersberg-a-bonn\/\" \/>\n<meta property=\"og:site_name\" content=\"Vie Associative\" \/>\n<meta property=\"article:published_time\" content=\"2025-04-01T08:17:45+00:00\" \/>\n<meta property=\"og:image\" content=\"https:\/\/vieassociative.be\/actualites\/wp-content\/uploads\/2024\/09\/header_backgroundk-01-e1726694325946.png\" \/>\n\t<meta property=\"og:image:width\" content=\"279\" \/>\n\t<meta property=\"og:image:height\" content=\"92\" \/>\n\t<meta property=\"og:image:type\" content=\"image\/png\" \/>\n<meta name=\"author\" content=\"Julien\" \/>\n<meta name=\"twitter:card\" content=\"summary_large_image\" \/>\n<meta name=\"twitter:label1\" content=\"\u00c9crit par\" \/>\n\t<meta name=\"twitter:data1\" content=\"Julien\" \/>\n\t<meta name=\"twitter:label2\" content=\"Dur\u00e9e de lecture est.\" \/>\n\t<meta name=\"twitter:data2\" content=\"2 minutes\" \/>\n<script type=\"application\/ld+json\" class=\"yoast-schema-graph\">{\"@context\":\"https:\/\/schema.org\",\"@graph\":[{\"@type\":\"Article\",\"@id\":\"https:\/\/vieassociative.be\/actualites\/dg-reprend-lhotel-bosten-et-fabrique-une-maison-dhotes-basee-sur-le-modele-de-la-maison-dhotes-du-gouvernement-federal-a-petersberg-a-bonn\/#article\",\"isPartOf\":{\"@id\":\"https:\/\/vieassociative.be\/actualites\/dg-reprend-lhotel-bosten-et-fabrique-une-maison-dhotes-basee-sur-le-modele-de-la-maison-dhotes-du-gouvernement-federal-a-petersberg-a-bonn\/\"},\"author\":{\"name\":\"Julien\",\"@id\":\"https:\/\/vieassociative.be\/actualites\/#\/schema\/person\/b87ac4f82f9d4e7b7cec7395b679edc4\"},\"headline\":\"DG reprend l&rsquo;h\u00f4tel Bosten et fabrique une maison d&rsquo;h\u00f4tes bas\u00e9e sur le mod\u00e8le de la maison d&rsquo;h\u00f4tes du gouvernement f\u00e9d\u00e9ral \u00e0 Petersberg \u00e0 Bonn\",\"datePublished\":\"2025-04-01T08:17:45+00:00\",\"dateModified\":\"2025-04-01T08:17:45+00:00\",\"mainEntityOfPage\":{\"@id\":\"https:\/\/vieassociative.be\/actualites\/dg-reprend-lhotel-bosten-et-fabrique-une-maison-dhotes-basee-sur-le-modele-de-la-maison-dhotes-du-gouvernement-federal-a-petersberg-a-bonn\/\"},\"wordCount\":444,\"publisher\":{\"@id\":\"https:\/\/vieassociative.be\/actualites\/#organization\"},\"image\":{\"@id\":\"https:\/\/vieassociative.be\/actualites\/dg-reprend-lhotel-bosten-et-fabrique-une-maison-dhotes-basee-sur-le-modele-de-la-maison-dhotes-du-gouvernement-federal-a-petersberg-a-bonn\/#primaryimage\"},\"thumbnailUrl\":\"https:\/\/vieassociative.be\/actualites\/wp-content\/uploads\/2025\/04\/1743495465_DG-reprend-lhotel-Bosten-et-fabrique-une-maison-dhotes-basee.jpg\",\"keywords\":[\"bas\u00e9e\",\"Bonn\",\"Bosten\",\"dh\u00f4tes\",\"fabrique\",\"f\u00e9d\u00e9ral\",\"gouvernement\",\"lh\u00f4tel\",\"maison\",\"mod\u00e8le\",\"Petersberg\",\"reprend\",\"sur\",\"une\"],\"articleSection\":[\"Belgique\"],\"inLanguage\":\"fr-BE\"},{\"@type\":\"WebPage\",\"@id\":\"https:\/\/vieassociative.be\/actualites\/dg-reprend-lhotel-bosten-et-fabrique-une-maison-dhotes-basee-sur-le-modele-de-la-maison-dhotes-du-gouvernement-federal-a-petersberg-a-bonn\/\",\"url\":\"https:\/\/vieassociative.be\/actualites\/dg-reprend-lhotel-bosten-et-fabrique-une-maison-dhotes-basee-sur-le-modele-de-la-maison-dhotes-du-gouvernement-federal-a-petersberg-a-bonn\/\",\"name\":\"DG reprend l'h\u00f4tel Bosten et fabrique une maison d'h\u00f4tes bas\u00e9e sur le mod\u00e8le de la maison d'h\u00f4tes du gouvernement f\u00e9d\u00e9ral \u00e0 Petersberg \u00e0 Bonn | Vie Associative\",\"isPartOf\":{\"@id\":\"https:\/\/vieassociative.be\/actualites\/#website\"},\"primaryImageOfPage\":{\"@id\":\"https:\/\/vieassociative.be\/actualites\/dg-reprend-lhotel-bosten-et-fabrique-une-maison-dhotes-basee-sur-le-modele-de-la-maison-dhotes-du-gouvernement-federal-a-petersberg-a-bonn\/#primaryimage\"},\"image\":{\"@id\":\"https:\/\/vieassociative.be\/actualites\/dg-reprend-lhotel-bosten-et-fabrique-une-maison-dhotes-basee-sur-le-modele-de-la-maison-dhotes-du-gouvernement-federal-a-petersberg-a-bonn\/#primaryimage\"},\"thumbnailUrl\":\"https:\/\/vieassociative.be\/actualites\/wp-content\/uploads\/2025\/04\/1743495465_DG-reprend-lhotel-Bosten-et-fabrique-une-maison-dhotes-basee.jpg\",\"datePublished\":\"2025-04-01T08:17:45+00:00\",\"dateModified\":\"2025-04-01T08:17:45+00:00\",\"breadcrumb\":{\"@id\":\"https:\/\/vieassociative.be\/actualites\/dg-reprend-lhotel-bosten-et-fabrique-une-maison-dhotes-basee-sur-le-modele-de-la-maison-dhotes-du-gouvernement-federal-a-petersberg-a-bonn\/#breadcrumb\"},\"inLanguage\":\"fr-BE\",\"potentialAction\":[{\"@type\":\"ReadAction\",\"target\":[\"https:\/\/vieassociative.be\/actualites\/dg-reprend-lhotel-bosten-et-fabrique-une-maison-dhotes-basee-sur-le-modele-de-la-maison-dhotes-du-gouvernement-federal-a-petersberg-a-bonn\/\"]}]},{\"@type\":\"ImageObject\",\"inLanguage\":\"fr-BE\",\"@id\":\"https:\/\/vieassociative.be\/actualites\/dg-reprend-lhotel-bosten-et-fabrique-une-maison-dhotes-basee-sur-le-modele-de-la-maison-dhotes-du-gouvernement-federal-a-petersberg-a-bonn\/#primaryimage\",\"url\":\"https:\/\/vieassociative.be\/actualites\/wp-content\/uploads\/2025\/04\/1743495465_DG-reprend-lhotel-Bosten-et-fabrique-une-maison-dhotes-basee.jpg\",\"contentUrl\":\"https:\/\/vieassociative.be\/actualites\/wp-content\/uploads\/2025\/04\/1743495465_DG-reprend-lhotel-Bosten-et-fabrique-une-maison-dhotes-basee.jpg\",\"width\":900,\"height\":600,\"caption\":\"DG reprend l'h\u00f4tel Bosten et fabrique une maison d'h\u00f4tes bas\u00e9e sur le mod\u00e8le de la maison d'h\u00f4tes du gouvernement f\u00e9d\u00e9ral \u00e0 Petersberg \u00e0 Bonn\"},{\"@type\":\"BreadcrumbList\",\"@id\":\"https:\/\/vieassociative.be\/actualites\/dg-reprend-lhotel-bosten-et-fabrique-une-maison-dhotes-basee-sur-le-modele-de-la-maison-dhotes-du-gouvernement-federal-a-petersberg-a-bonn\/#breadcrumb\",\"itemListElement\":[{\"@type\":\"ListItem\",\"position\":1,\"name\":\"Accueil\",\"item\":\"https:\/\/vieassociative.be\/actualites\/\"},{\"@type\":\"ListItem\",\"position\":2,\"name\":\"DG reprend l&rsquo;h\u00f4tel Bosten et fabrique une maison d&rsquo;h\u00f4tes bas\u00e9e sur le mod\u00e8le de la maison d&rsquo;h\u00f4tes du gouvernement f\u00e9d\u00e9ral \u00e0 Petersberg \u00e0 Bonn\"}]},{\"@type\":\"WebSite\",\"@id\":\"https:\/\/vieassociative.be\/actualites\/#website\",\"url\":\"https:\/\/vieassociative.be\/actualites\/\",\"name\":\"Vie Associative\",\"description\":\"\",\"publisher\":{\"@id\":\"https:\/\/vieassociative.be\/actualites\/#organization\"},\"potentialAction\":[{\"@type\":\"SearchAction\",\"target\":{\"@type\":\"EntryPoint\",\"urlTemplate\":\"https:\/\/vieassociative.be\/actualites\/?s={search_term_string}\"},\"query-input\":{\"@type\":\"PropertyValueSpecification\",\"valueRequired\":true,\"valueName\":\"search_term_string\"}}],\"inLanguage\":\"fr-BE\"},{\"@type\":\"Organization\",\"@id\":\"https:\/\/vieassociative.be\/actualites\/#organization\",\"name\":\"Vie Associative\",\"url\":\"https:\/\/vieassociative.be\/actualites\/\",\"logo\":{\"@type\":\"ImageObject\",\"inLanguage\":\"fr-BE\",\"@id\":\"https:\/\/vieassociative.be\/actualites\/#\/schema\/logo\/image\/\",\"url\":\"https:\/\/vieassociative.be\/actualites\/wp-content\/uploads\/2024\/09\/cropped-vieassociative_favicon.ico.png\",\"contentUrl\":\"https:\/\/vieassociative.be\/actualites\/wp-content\/uploads\/2024\/09\/cropped-vieassociative_favicon.ico.png\",\"width\":512,\"height\":512,\"caption\":\"Vie Associative\"},\"image\":{\"@id\":\"https:\/\/vieassociative.be\/actualites\/#\/schema\/logo\/image\/\"}},{\"@type\":\"Person\",\"@id\":\"https:\/\/vieassociative.be\/actualites\/#\/schema\/person\/b87ac4f82f9d4e7b7cec7395b679edc4\",\"name\":\"Julien\",\"image\":{\"@type\":\"ImageObject\",\"inLanguage\":\"fr-BE\",\"@id\":\"https:\/\/vieassociative.be\/actualites\/#\/schema\/person\/image\/\",\"url\":\"https:\/\/vieassociative.be\/actualites\/wp-content\/uploads\/2024\/09\/vie-associative-1-150x150.jpg\",\"contentUrl\":\"https:\/\/vieassociative.be\/actualites\/wp-content\/uploads\/2024\/09\/vie-associative-1-150x150.jpg\",\"caption\":\"Julien\"},\"description\":\"Je suis Julien, r\u00e9dacteur pour Vie Associative. Passionn\u00e9 par le monde associatif depuis plus de 10 ans, j'ai \u00e0 c\u0153ur de partager des histoires inspirantes et de mettre en lumi\u00e8re les initiatives locales. Mon objectif est de sensibiliser et d'encourager l'engagement communautaire \u00e0 travers mes articles.\",\"sameAs\":[\"https:\/\/vieassociative.be\/\"]}]}<\/script>\n<!-- \/ Yoast SEO plugin. -->","yoast_head_json":{"title":"DG reprend l'h\u00f4tel Bosten et fabrique une maison d'h\u00f4tes bas\u00e9e sur le mod\u00e8le de la maison d'h\u00f4tes du gouvernement f\u00e9d\u00e9ral \u00e0 Petersberg \u00e0 Bonn | Vie Associative","robots":{"index":"index","follow":"follow","max-snippet":"max-snippet:-1","max-image-preview":"max-image-preview:large","max-video-preview":"max-video-preview:-1"},"canonical":"https:\/\/vieassociative.be\/actualites\/dg-reprend-lhotel-bosten-et-fabrique-une-maison-dhotes-basee-sur-le-modele-de-la-maison-dhotes-du-gouvernement-federal-a-petersberg-a-bonn\/","og_locale":"fr_FR","og_type":"article","og_title":"DG reprend l'h\u00f4tel Bosten et fabrique une maison d'h\u00f4tes bas\u00e9e sur le mod\u00e8le de la maison d'h\u00f4tes du gouvernement f\u00e9d\u00e9ral \u00e0 Petersberg \u00e0 Bonn | Vie Associative","og_description":"L&rsquo;ambassadeur de l&rsquo;h\u00f4tel-Bosten \u00e9tait en vente depuis la mi-2024, mais jusqu&rsquo;\u00e0 pr\u00e9sent, aucun acheteur potentiel n&rsquo;a \u00e9t\u00e9 trouv\u00e9. Mais maintenant, le moment est venu: la","og_url":"https:\/\/vieassociative.be\/actualites\/dg-reprend-lhotel-bosten-et-fabrique-une-maison-dhotes-basee-sur-le-modele-de-la-maison-dhotes-du-gouvernement-federal-a-petersberg-a-bonn\/","og_site_name":"Vie Associative","article_published_time":"2025-04-01T08:17:45+00:00","og_image":[{"width":279,"height":92,"url":"https:\/\/vieassociative.be\/actualites\/wp-content\/uploads\/2024\/09\/header_backgroundk-01-e1726694325946.png","type":"image\/png"}],"author":"Julien","twitter_card":"summary_large_image","twitter_misc":{"\u00c9crit par":"Julien","Dur\u00e9e de lecture est.":"2 minutes"},"schema":{"@context":"https:\/\/schema.org","@graph":[{"@type":"Article","@id":"https:\/\/vieassociative.be\/actualites\/dg-reprend-lhotel-bosten-et-fabrique-une-maison-dhotes-basee-sur-le-modele-de-la-maison-dhotes-du-gouvernement-federal-a-petersberg-a-bonn\/#article","isPartOf":{"@id":"https:\/\/vieassociative.be\/actualites\/dg-reprend-lhotel-bosten-et-fabrique-une-maison-dhotes-basee-sur-le-modele-de-la-maison-dhotes-du-gouvernement-federal-a-petersberg-a-bonn\/"},"author":{"name":"Julien","@id":"https:\/\/vieassociative.be\/actualites\/#\/schema\/person\/b87ac4f82f9d4e7b7cec7395b679edc4"},"headline":"DG reprend l&rsquo;h\u00f4tel Bosten et fabrique une maison d&rsquo;h\u00f4tes bas\u00e9e sur le mod\u00e8le de la maison d&rsquo;h\u00f4tes du gouvernement f\u00e9d\u00e9ral \u00e0 Petersberg \u00e0 Bonn","datePublished":"2025-04-01T08:17:45+00:00","dateModified":"2025-04-01T08:17:45+00:00","mainEntityOfPage":{"@id":"https:\/\/vieassociative.be\/actualites\/dg-reprend-lhotel-bosten-et-fabrique-une-maison-dhotes-basee-sur-le-modele-de-la-maison-dhotes-du-gouvernement-federal-a-petersberg-a-bonn\/"},"wordCount":444,"publisher":{"@id":"https:\/\/vieassociative.be\/actualites\/#organization"},"image":{"@id":"https:\/\/vieassociative.be\/actualites\/dg-reprend-lhotel-bosten-et-fabrique-une-maison-dhotes-basee-sur-le-modele-de-la-maison-dhotes-du-gouvernement-federal-a-petersberg-a-bonn\/#primaryimage"},"thumbnailUrl":"https:\/\/vieassociative.be\/actualites\/wp-content\/uploads\/2025\/04\/1743495465_DG-reprend-lhotel-Bosten-et-fabrique-une-maison-dhotes-basee.jpg","keywords":["bas\u00e9e","Bonn","Bosten","dh\u00f4tes","fabrique","f\u00e9d\u00e9ral","gouvernement","lh\u00f4tel","maison","mod\u00e8le","Petersberg","reprend","sur","une"],"articleSection":["Belgique"],"inLanguage":"fr-BE"},{"@type":"WebPage","@id":"https:\/\/vieassociative.be\/actualites\/dg-reprend-lhotel-bosten-et-fabrique-une-maison-dhotes-basee-sur-le-modele-de-la-maison-dhotes-du-gouvernement-federal-a-petersberg-a-bonn\/","url":"https:\/\/vieassociative.be\/actualites\/dg-reprend-lhotel-bosten-et-fabrique-une-maison-dhotes-basee-sur-le-modele-de-la-maison-dhotes-du-gouvernement-federal-a-petersberg-a-bonn\/","name":"DG reprend l'h\u00f4tel Bosten et fabrique une maison d'h\u00f4tes bas\u00e9e sur le mod\u00e8le de la maison d'h\u00f4tes du gouvernement f\u00e9d\u00e9ral \u00e0 Petersberg \u00e0 Bonn | Vie Associative","isPartOf":{"@id":"https:\/\/vieassociative.be\/actualites\/#website"},"primaryImageOfPage":{"@id":"https:\/\/vieassociative.be\/actualites\/dg-reprend-lhotel-bosten-et-fabrique-une-maison-dhotes-basee-sur-le-modele-de-la-maison-dhotes-du-gouvernement-federal-a-petersberg-a-bonn\/#primaryimage"},"image":{"@id":"https:\/\/vieassociative.be\/actualites\/dg-reprend-lhotel-bosten-et-fabrique-une-maison-dhotes-basee-sur-le-modele-de-la-maison-dhotes-du-gouvernement-federal-a-petersberg-a-bonn\/#primaryimage"},"thumbnailUrl":"https:\/\/vieassociative.be\/actualites\/wp-content\/uploads\/2025\/04\/1743495465_DG-reprend-lhotel-Bosten-et-fabrique-une-maison-dhotes-basee.jpg","datePublished":"2025-04-01T08:17:45+00:00","dateModified":"2025-04-01T08:17:45+00:00","breadcrumb":{"@id":"https:\/\/vieassociative.be\/actualites\/dg-reprend-lhotel-bosten-et-fabrique-une-maison-dhotes-basee-sur-le-modele-de-la-maison-dhotes-du-gouvernement-federal-a-petersberg-a-bonn\/#breadcrumb"},"inLanguage":"fr-BE","potentialAction":[{"@type":"ReadAction","target":["https:\/\/vieassociative.be\/actualites\/dg-reprend-lhotel-bosten-et-fabrique-une-maison-dhotes-basee-sur-le-modele-de-la-maison-dhotes-du-gouvernement-federal-a-petersberg-a-bonn\/"]}]},{"@type":"ImageObject","inLanguage":"fr-BE","@id":"https:\/\/vieassociative.be\/actualites\/dg-reprend-lhotel-bosten-et-fabrique-une-maison-dhotes-basee-sur-le-modele-de-la-maison-dhotes-du-gouvernement-federal-a-petersberg-a-bonn\/#primaryimage","url":"https:\/\/vieassociative.be\/actualites\/wp-content\/uploads\/2025\/04\/1743495465_DG-reprend-lhotel-Bosten-et-fabrique-une-maison-dhotes-basee.jpg","contentUrl":"https:\/\/vieassociative.be\/actualites\/wp-content\/uploads\/2025\/04\/1743495465_DG-reprend-lhotel-Bosten-et-fabrique-une-maison-dhotes-basee.jpg","width":900,"height":600,"caption":"DG reprend l'h\u00f4tel Bosten et fabrique une maison d'h\u00f4tes bas\u00e9e sur le mod\u00e8le de la maison d'h\u00f4tes du gouvernement f\u00e9d\u00e9ral \u00e0 Petersberg \u00e0 Bonn"},{"@type":"BreadcrumbList","@id":"https:\/\/vieassociative.be\/actualites\/dg-reprend-lhotel-bosten-et-fabrique-une-maison-dhotes-basee-sur-le-modele-de-la-maison-dhotes-du-gouvernement-federal-a-petersberg-a-bonn\/#breadcrumb","itemListElement":[{"@type":"ListItem","position":1,"name":"Accueil","item":"https:\/\/vieassociative.be\/actualites\/"},{"@type":"ListItem","position":2,"name":"DG reprend l&rsquo;h\u00f4tel Bosten et fabrique une maison d&rsquo;h\u00f4tes bas\u00e9e sur le mod\u00e8le de la maison d&rsquo;h\u00f4tes du gouvernement f\u00e9d\u00e9ral \u00e0 Petersberg \u00e0 Bonn"}]},{"@type":"WebSite","@id":"https:\/\/vieassociative.be\/actualites\/#website","url":"https:\/\/vieassociative.be\/actualites\/","name":"Vie Associative","description":"","publisher":{"@id":"https:\/\/vieassociative.be\/actualites\/#organization"},"potentialAction":[{"@type":"SearchAction","target":{"@type":"EntryPoint","urlTemplate":"https:\/\/vieassociative.be\/actualites\/?s={search_term_string}"},"query-input":{"@type":"PropertyValueSpecification","valueRequired":true,"valueName":"search_term_string"}}],"inLanguage":"fr-BE"},{"@type":"Organization","@id":"https:\/\/vieassociative.be\/actualites\/#organization","name":"Vie Associative","url":"https:\/\/vieassociative.be\/actualites\/","logo":{"@type":"ImageObject","inLanguage":"fr-BE","@id":"https:\/\/vieassociative.be\/actualites\/#\/schema\/logo\/image\/","url":"https:\/\/vieassociative.be\/actualites\/wp-content\/uploads\/2024\/09\/cropped-vieassociative_favicon.ico.png","contentUrl":"https:\/\/vieassociative.be\/actualites\/wp-content\/uploads\/2024\/09\/cropped-vieassociative_favicon.ico.png","width":512,"height":512,"caption":"Vie Associative"},"image":{"@id":"https:\/\/vieassociative.be\/actualites\/#\/schema\/logo\/image\/"}},{"@type":"Person","@id":"https:\/\/vieassociative.be\/actualites\/#\/schema\/person\/b87ac4f82f9d4e7b7cec7395b679edc4","name":"Julien","image":{"@type":"ImageObject","inLanguage":"fr-BE","@id":"https:\/\/vieassociative.be\/actualites\/#\/schema\/person\/image\/","url":"https:\/\/vieassociative.be\/actualites\/wp-content\/uploads\/2024\/09\/vie-associative-1-150x150.jpg","contentUrl":"https:\/\/vieassociative.be\/actualites\/wp-content\/uploads\/2024\/09\/vie-associative-1-150x150.jpg","caption":"Julien"},"description":"Je suis Julien, r\u00e9dacteur pour Vie Associative. Passionn\u00e9 par le monde associatif depuis plus de 10 ans, j'ai \u00e0 c\u0153ur de partager des histoires inspirantes et de mettre en lumi\u00e8re les initiatives locales. Mon objectif est de sensibiliser et d'encourager l'engagement communautaire \u00e0 travers mes articles.","sameAs":["https:\/\/vieassociative.be\/"]}]}},"_links":{"self":[{"href":"https:\/\/vieassociative.be\/actualites\/wp-json\/wp\/v2\/posts\/6329"}],"collection":[{"href":"https:\/\/vieassociative.be\/actualites\/wp-json\/wp\/v2\/posts"}],"about":[{"href":"https:\/\/vieassociative.be\/actualites\/wp-json\/wp\/v2\/types\/post"}],"author":[{"embeddable":true,"href":"https:\/\/vieassociative.be\/actualites\/wp-json\/wp\/v2\/users\/1"}],"replies":[{"embeddable":true,"href":"https:\/\/vieassociative.be\/actualites\/wp-json\/wp\/v2\/comments?post=6329"}],"version-history":[{"count":0,"href":"https:\/\/vieassociative.be\/actualites\/wp-json\/wp\/v2\/posts\/6329\/revisions"}],"wp:featuredmedia":[{"embeddable":true,"href":"https:\/\/vieassociative.be\/actualites\/wp-json\/wp\/v2\/media\/6330"}],"wp:attachment":[{"href":"https:\/\/vieassociative.be\/actualites\/wp-json\/wp\/v2\/media?parent=6329"}],"wp:term":[{"taxonomy":"category","embeddable":true,"href":"https:\/\/vieassociative.be\/actualites\/wp-json\/wp\/v2\/categories?post=6329"},{"taxonomy":"post_tag","embeddable":true,"href":"https:\/\/vieassociative.be\/actualites\/wp-json\/wp\/v2\/tags?post=6329"}],"curies":[{"name":"wp","href":"https:\/\/api.w.org\/{rel}","templated":true}]}}