{"id":6319,"date":"2025-04-01T01:17:30","date_gmt":"2025-03-31T23:17:30","guid":{"rendered":"https:\/\/vieassociative.be\/actualites\/quoi-de-neuf-sur-prime-video-en-avril-2025\/"},"modified":"2025-04-01T01:17:30","modified_gmt":"2025-03-31T23:17:30","slug":"quoi-de-neuf-sur-prime-video-en-avril-2025","status":"publish","type":"post","link":"https:\/\/vieassociative.be\/actualites\/quoi-de-neuf-sur-prime-video-en-avril-2025\/","title":{"rendered":"Quoi de neuf sur Prime Video en avril 2025"},"content":{"rendered":"<div class=\"mt-4 leading-6 md:mb-8\">La s\u00e9rie de ballet \u00ab\u00a0\u00c9toile\u00a0\u00bb \u00ab\u00a0Film d&rsquo;action\u00a0\u00bb G20 \u00ab\u00a0et Gore avec Kevin Bacon.<\/div>\n<p><\/p>\n<p>Bien que Prime Video n&rsquo;ait pas publi\u00e9 une liste compl\u00e8te de contenu \u00e0 la plate-forme en avril, le streamer laisse tomber une poign\u00e9e de s\u00e9ries originales et de films tout au long du mois. <em>\u00c9toile<\/em> (24 avril), une nouvelle s\u00e9rie du cr\u00e9ateur de <em>Gilmore Girls<\/em> Et le coup de Prime Video <em>La merveilleuse Mme Maisel<\/em>est un drame \/ com\u00e9die sur le monde de la danse comp\u00e9titif \u00e0 New York et \u00e0 Paris. Le spectacle de huit \u00e9pisodes met \u00e9galement en vedette <em>La merveilleuse Mme Maisel<\/em> Les membres de la distribution Luke Kirby et Gideon Glick. <\/p>\n<div class=\"mx-auto mt-8 w-full max-w-4xl aspect-video\">\n<div id=\"video-container-7CNVhn5wA0Y\"><\/div>\n<\/div>\n<p>Les fans d&rsquo;horreur et de Gore (et Kevin Bacon) peuvent vouloir attraper des s\u00e9ries d&rsquo;action <em>Le Bondman<\/em> (3 avril), dans lequel Bacon joue un cautionnement assassin\u00e9 qui a \u00e9t\u00e9 ressuscit\u00e9 par le diable et envoy\u00e9 en mission pour collecter des d\u00e9mons qui se sont \u00e9chapp\u00e9s de l&rsquo;enfer. \u00c9galement dans le genre d&rsquo;action (et pour les fans de <em>Mourir dur<\/em>) est un nouveau film original <em>G20<\/em> (10 avril), dans lequel Viola Davis incarne le pr\u00e9sident am\u00e9ricain essayant de sauver le monde lorsque le sommet du G20 est repris par des terroristes. <\/p>\n<p>La gamme d&rsquo;avril de Prime Video comprend de nouvelles saisons de deux \u00e9missions de t\u00e9l\u00e9r\u00e9alit\u00e9, \u00e0 commencer par le deuxi\u00e8me \u00e9pisode de <em>America&rsquo;s Test Kitchen: The Next Generation<\/em> (1er avril). Le concours culinaire organis\u00e9 par Jeannie Mai et le juge Dan Souza stoppent 11 cuisiniers en aspirant pour une place sur la cuisine d&rsquo;essai am\u00e9ricaine. \u00c0 la fin du mois, les personnalit\u00e9s de la mode Clinton Kelly et Stacy Londres &#8211; de <em>Que ne pas porter<\/em> renomm\u00e9e &#8211; <em>Portez ce que vous voulez<\/em> (29 avril), une r\u00e9imagination de leur spectacle de cr\u00e9ation de style original. <\/p>\n<div class=\"pogoClear relative my-10 border-b-(1.5px) border-t-(1.5px) border-dashed border-black py-5 sm:my-14 sm:border-0 sm:py-0\" x-cloak x-data=\"{ commentsCount: null }\" x-init=\"commentsCount = await window.openweb.getMessagesCount(122486)\" x-show=\"commentsCount !== null &amp;&amp; commentsCount &gt; 0\">\n<div class=\"absolute top-1\/2 hidden w-full -translate-y-1\/2 border-t-(1.5px) border-dashed border-black sm:block\"><\/div>\n<div class=\"relative flex justify-center\">\n<div class=\"flex max-w-max items-center gap-x-3 bg-white px-5\">\n<div class=\"relative\">\n                <span class=\"absolute left-1\/2 top-1\/2 -translate-x-1\/2 -translate-y-1\/2 font-akshar text-sm font-medium text-black\" x-text=\"commentsCount\"><\/span><\/p>\n<p>                <svg class=\"h-8 w-8 text-black\">\n                    <use href=\"http:\/\/lifehacker.com\/images\/icons\/spritemap.svg#sprite-chat-bubble\"><\/use>\n                <\/svg>\n            <\/div>\n<p>            <span class=\"text-sm font-medium text-black\">Que pensez-vous jusqu&rsquo;\u00e0 pr\u00e9sent? <button class=\"font-semibold text-brand-green underline hover:text-brand-green-700\" onclick=\"window.openweb.scrollToComments(122486)\">Publier un commentaire.<\/button><\/span>\n        <\/div>\n<\/p><\/div>\n<\/div>\n<p>Voici tous les originaux qui viennent \u00e0 Prime Video en avril.<\/p>\n<h2 id=\"whats-coming-to-prime-video-in-april-2025\">Qu&rsquo;est-ce qui arrive \u00e0 Prime Video en avril 2025<\/h2>\n<h3>Disponible le 1er avril<\/h3>\n<ul>\n<li>\n<p><em>America&rsquo;s Test Kitchen: The Next Generation<\/em><\/p>\n<\/li>\n<\/ul>\n<h3>Disponible le 3 avril<\/h3>\n<ul>\n<li>\n<p><em>Le Bondman<\/em><\/p>\n<\/li>\n<\/ul>\n<h3>Disponible le 8 avril<\/h3>\n<ul>\n<li>\n<p><em>Costume mobile gundam gquuuuuux<\/em><\/p>\n<\/li>\n<li>\n<p><em>Espionner<\/em><\/p>\n<\/li>\n<\/ul>\n<h3>Disponible le 10 avril<\/h3>\n<ul>\n<li>\n<p><em>G20<\/em><\/p>\n<\/li>\n<\/ul>\n<h3>Disponible le 13 avril<\/h3>\n<ul>\n<li>\n<p><em>Parrain de Harlem<\/em><\/p>\n<\/li>\n<\/ul>\n<h3>Disponible le 17 avril<\/h3>\n<ul>\n<li>\n<p><em># 1 Happy Family USA<\/em><\/p>\n<\/li>\n<li>\n<p><em>Effet de levier: rachat<\/em> (US + Royaume-Uni uniquement)<\/p>\n<\/li>\n<\/ul>\n<h3>Disponible le 18 avril<\/h3>\n<ul>\n<li>\n<p><em>LOL: SE RIR, J\u00e1 ERA!<\/em><\/p>\n<\/li>\n<\/ul>\n<h3>Disponible le 24 avril<\/h3>\n<ul>\n<li>\n<p><em>\u00c9toile<\/em><\/p>\n<\/li>\n<\/ul>\n<h3>Disponible le 29 avril<\/h3>\n<ul>\n<li>\n<p><em>Portez ce que vous voulez<\/em><\/p>\n<\/li>\n<\/ul>\n","protected":false},"excerpt":{"rendered":"<p>La s\u00e9rie de ballet \u00ab\u00a0\u00c9toile\u00a0\u00bb \u00ab\u00a0Film d&rsquo;action\u00a0\u00bb G20 \u00ab\u00a0et Gore avec Kevin Bacon. Bien que Prime Video n&rsquo;ait pas publi\u00e9 une liste compl\u00e8te de contenu<\/p>\n","protected":false},"author":1,"featured_media":6320,"comment_status":"","ping_status":"","sticky":false,"template":"","format":"standard","meta":{"footnotes":""},"categories":[36],"tags":[3232,437,346,202,33,1204],"class_list":["post-6319","post","type-post","status-publish","format-standard","has-post-thumbnail","hentry","category-divertissement","tag-avril","tag-neuf","tag-prime","tag-quoi","tag-sur","tag-video","generate-columns","tablet-grid-50","mobile-grid-100","grid-parent","grid-33"],"yoast_head":"<!-- This site is optimized with the Yoast SEO plugin v24.0 - https:\/\/yoast.com\/wordpress\/plugins\/seo\/ -->\n<title>Quoi de neuf sur Prime Video en avril 2025 | Vie Associative<\/title>\n<meta name=\"robots\" content=\"index, follow, max-snippet:-1, max-image-preview:large, max-video-preview:-1\" \/>\n<link rel=\"canonical\" href=\"https:\/\/vieassociative.be\/actualites\/quoi-de-neuf-sur-prime-video-en-avril-2025\/\" \/>\n<meta property=\"og:locale\" content=\"fr_FR\" \/>\n<meta property=\"og:type\" content=\"article\" \/>\n<meta property=\"og:title\" content=\"Quoi de neuf sur Prime Video en avril 2025 | Vie Associative\" \/>\n<meta property=\"og:description\" content=\"La s\u00e9rie de ballet \u00ab\u00a0\u00c9toile\u00a0\u00bb \u00ab\u00a0Film d&rsquo;action\u00a0\u00bb G20 \u00ab\u00a0et Gore avec Kevin Bacon. Bien que Prime Video n&rsquo;ait pas publi\u00e9 une liste compl\u00e8te de contenu\" \/>\n<meta property=\"og:url\" content=\"https:\/\/vieassociative.be\/actualites\/quoi-de-neuf-sur-prime-video-en-avril-2025\/\" \/>\n<meta property=\"og:site_name\" content=\"Vie Associative\" \/>\n<meta property=\"article:published_time\" content=\"2025-03-31T23:17:30+00:00\" \/>\n<meta property=\"og:image\" content=\"https:\/\/vieassociative.be\/actualites\/wp-content\/uploads\/2024\/09\/header_backgroundk-01-e1726694325946.png\" \/>\n\t<meta property=\"og:image:width\" content=\"279\" \/>\n\t<meta property=\"og:image:height\" content=\"92\" \/>\n\t<meta property=\"og:image:type\" content=\"image\/png\" \/>\n<meta name=\"author\" content=\"Julien\" \/>\n<meta name=\"twitter:card\" content=\"summary_large_image\" \/>\n<meta name=\"twitter:label1\" content=\"\u00c9crit par\" \/>\n\t<meta name=\"twitter:data1\" content=\"Julien\" \/>\n\t<meta name=\"twitter:label2\" content=\"Dur\u00e9e de lecture est.\" \/>\n\t<meta name=\"twitter:data2\" content=\"2 minutes\" \/>\n<script type=\"application\/ld+json\" class=\"yoast-schema-graph\">{\"@context\":\"https:\/\/schema.org\",\"@graph\":[{\"@type\":\"Article\",\"@id\":\"https:\/\/vieassociative.be\/actualites\/quoi-de-neuf-sur-prime-video-en-avril-2025\/#article\",\"isPartOf\":{\"@id\":\"https:\/\/vieassociative.be\/actualites\/quoi-de-neuf-sur-prime-video-en-avril-2025\/\"},\"author\":{\"name\":\"Julien\",\"@id\":\"https:\/\/vieassociative.be\/actualites\/#\/schema\/person\/b87ac4f82f9d4e7b7cec7395b679edc4\"},\"headline\":\"Quoi de neuf sur Prime Video en avril 2025\",\"datePublished\":\"2025-03-31T23:17:30+00:00\",\"dateModified\":\"2025-03-31T23:17:30+00:00\",\"mainEntityOfPage\":{\"@id\":\"https:\/\/vieassociative.be\/actualites\/quoi-de-neuf-sur-prime-video-en-avril-2025\/\"},\"wordCount\":414,\"publisher\":{\"@id\":\"https:\/\/vieassociative.be\/actualites\/#organization\"},\"image\":{\"@id\":\"https:\/\/vieassociative.be\/actualites\/quoi-de-neuf-sur-prime-video-en-avril-2025\/#primaryimage\"},\"thumbnailUrl\":\"https:\/\/vieassociative.be\/actualites\/wp-content\/uploads\/2025\/04\/Quoi-de-neuf-sur-Prime-Video-en-avril-2025.png\",\"keywords\":[\"avril\",\"Neuf\",\"Prime\",\"quoi\",\"sur\",\"vid\u00e9o\"],\"articleSection\":[\"Divertissement\"],\"inLanguage\":\"fr-BE\"},{\"@type\":\"WebPage\",\"@id\":\"https:\/\/vieassociative.be\/actualites\/quoi-de-neuf-sur-prime-video-en-avril-2025\/\",\"url\":\"https:\/\/vieassociative.be\/actualites\/quoi-de-neuf-sur-prime-video-en-avril-2025\/\",\"name\":\"Quoi de neuf sur Prime Video en avril 2025 | Vie Associative\",\"isPartOf\":{\"@id\":\"https:\/\/vieassociative.be\/actualites\/#website\"},\"primaryImageOfPage\":{\"@id\":\"https:\/\/vieassociative.be\/actualites\/quoi-de-neuf-sur-prime-video-en-avril-2025\/#primaryimage\"},\"image\":{\"@id\":\"https:\/\/vieassociative.be\/actualites\/quoi-de-neuf-sur-prime-video-en-avril-2025\/#primaryimage\"},\"thumbnailUrl\":\"https:\/\/vieassociative.be\/actualites\/wp-content\/uploads\/2025\/04\/Quoi-de-neuf-sur-Prime-Video-en-avril-2025.png\",\"datePublished\":\"2025-03-31T23:17:30+00:00\",\"dateModified\":\"2025-03-31T23:17:30+00:00\",\"breadcrumb\":{\"@id\":\"https:\/\/vieassociative.be\/actualites\/quoi-de-neuf-sur-prime-video-en-avril-2025\/#breadcrumb\"},\"inLanguage\":\"fr-BE\",\"potentialAction\":[{\"@type\":\"ReadAction\",\"target\":[\"https:\/\/vieassociative.be\/actualites\/quoi-de-neuf-sur-prime-video-en-avril-2025\/\"]}]},{\"@type\":\"ImageObject\",\"inLanguage\":\"fr-BE\",\"@id\":\"https:\/\/vieassociative.be\/actualites\/quoi-de-neuf-sur-prime-video-en-avril-2025\/#primaryimage\",\"url\":\"https:\/\/vieassociative.be\/actualites\/wp-content\/uploads\/2025\/04\/Quoi-de-neuf-sur-Prime-Video-en-avril-2025.png\",\"contentUrl\":\"https:\/\/vieassociative.be\/actualites\/wp-content\/uploads\/2025\/04\/Quoi-de-neuf-sur-Prime-Video-en-avril-2025.png\",\"width\":1200,\"height\":675,\"caption\":\"Quoi de neuf sur Prime Video en avril 2025\"},{\"@type\":\"BreadcrumbList\",\"@id\":\"https:\/\/vieassociative.be\/actualites\/quoi-de-neuf-sur-prime-video-en-avril-2025\/#breadcrumb\",\"itemListElement\":[{\"@type\":\"ListItem\",\"position\":1,\"name\":\"Accueil\",\"item\":\"https:\/\/vieassociative.be\/actualites\/\"},{\"@type\":\"ListItem\",\"position\":2,\"name\":\"Quoi de neuf sur Prime Video en avril 2025\"}]},{\"@type\":\"WebSite\",\"@id\":\"https:\/\/vieassociative.be\/actualites\/#website\",\"url\":\"https:\/\/vieassociative.be\/actualites\/\",\"name\":\"Vie Associative\",\"description\":\"\",\"publisher\":{\"@id\":\"https:\/\/vieassociative.be\/actualites\/#organization\"},\"potentialAction\":[{\"@type\":\"SearchAction\",\"target\":{\"@type\":\"EntryPoint\",\"urlTemplate\":\"https:\/\/vieassociative.be\/actualites\/?s={search_term_string}\"},\"query-input\":{\"@type\":\"PropertyValueSpecification\",\"valueRequired\":true,\"valueName\":\"search_term_string\"}}],\"inLanguage\":\"fr-BE\"},{\"@type\":\"Organization\",\"@id\":\"https:\/\/vieassociative.be\/actualites\/#organization\",\"name\":\"Vie Associative\",\"url\":\"https:\/\/vieassociative.be\/actualites\/\",\"logo\":{\"@type\":\"ImageObject\",\"inLanguage\":\"fr-BE\",\"@id\":\"https:\/\/vieassociative.be\/actualites\/#\/schema\/logo\/image\/\",\"url\":\"https:\/\/vieassociative.be\/actualites\/wp-content\/uploads\/2024\/09\/cropped-vieassociative_favicon.ico.png\",\"contentUrl\":\"https:\/\/vieassociative.be\/actualites\/wp-content\/uploads\/2024\/09\/cropped-vieassociative_favicon.ico.png\",\"width\":512,\"height\":512,\"caption\":\"Vie Associative\"},\"image\":{\"@id\":\"https:\/\/vieassociative.be\/actualites\/#\/schema\/logo\/image\/\"}},{\"@type\":\"Person\",\"@id\":\"https:\/\/vieassociative.be\/actualites\/#\/schema\/person\/b87ac4f82f9d4e7b7cec7395b679edc4\",\"name\":\"Julien\",\"image\":{\"@type\":\"ImageObject\",\"inLanguage\":\"fr-BE\",\"@id\":\"https:\/\/vieassociative.be\/actualites\/#\/schema\/person\/image\/\",\"url\":\"https:\/\/vieassociative.be\/actualites\/wp-content\/uploads\/2024\/09\/vie-associative-1-150x150.jpg\",\"contentUrl\":\"https:\/\/vieassociative.be\/actualites\/wp-content\/uploads\/2024\/09\/vie-associative-1-150x150.jpg\",\"caption\":\"Julien\"},\"description\":\"Je suis Julien, r\u00e9dacteur pour Vie Associative. Passionn\u00e9 par le monde associatif depuis plus de 10 ans, j'ai \u00e0 c\u0153ur de partager des histoires inspirantes et de mettre en lumi\u00e8re les initiatives locales. Mon objectif est de sensibiliser et d'encourager l'engagement communautaire \u00e0 travers mes articles.\",\"sameAs\":[\"https:\/\/vieassociative.be\/\"]}]}<\/script>\n<!-- \/ Yoast SEO plugin. -->","yoast_head_json":{"title":"Quoi de neuf sur Prime Video en avril 2025 | Vie Associative","robots":{"index":"index","follow":"follow","max-snippet":"max-snippet:-1","max-image-preview":"max-image-preview:large","max-video-preview":"max-video-preview:-1"},"canonical":"https:\/\/vieassociative.be\/actualites\/quoi-de-neuf-sur-prime-video-en-avril-2025\/","og_locale":"fr_FR","og_type":"article","og_title":"Quoi de neuf sur Prime Video en avril 2025 | Vie Associative","og_description":"La s\u00e9rie de ballet \u00ab\u00a0\u00c9toile\u00a0\u00bb \u00ab\u00a0Film d&rsquo;action\u00a0\u00bb G20 \u00ab\u00a0et Gore avec Kevin Bacon. Bien que Prime Video n&rsquo;ait pas publi\u00e9 une liste compl\u00e8te de contenu","og_url":"https:\/\/vieassociative.be\/actualites\/quoi-de-neuf-sur-prime-video-en-avril-2025\/","og_site_name":"Vie Associative","article_published_time":"2025-03-31T23:17:30+00:00","og_image":[{"width":279,"height":92,"url":"https:\/\/vieassociative.be\/actualites\/wp-content\/uploads\/2024\/09\/header_backgroundk-01-e1726694325946.png","type":"image\/png"}],"author":"Julien","twitter_card":"summary_large_image","twitter_misc":{"\u00c9crit par":"Julien","Dur\u00e9e de lecture est.":"2 minutes"},"schema":{"@context":"https:\/\/schema.org","@graph":[{"@type":"Article","@id":"https:\/\/vieassociative.be\/actualites\/quoi-de-neuf-sur-prime-video-en-avril-2025\/#article","isPartOf":{"@id":"https:\/\/vieassociative.be\/actualites\/quoi-de-neuf-sur-prime-video-en-avril-2025\/"},"author":{"name":"Julien","@id":"https:\/\/vieassociative.be\/actualites\/#\/schema\/person\/b87ac4f82f9d4e7b7cec7395b679edc4"},"headline":"Quoi de neuf sur Prime Video en avril 2025","datePublished":"2025-03-31T23:17:30+00:00","dateModified":"2025-03-31T23:17:30+00:00","mainEntityOfPage":{"@id":"https:\/\/vieassociative.be\/actualites\/quoi-de-neuf-sur-prime-video-en-avril-2025\/"},"wordCount":414,"publisher":{"@id":"https:\/\/vieassociative.be\/actualites\/#organization"},"image":{"@id":"https:\/\/vieassociative.be\/actualites\/quoi-de-neuf-sur-prime-video-en-avril-2025\/#primaryimage"},"thumbnailUrl":"https:\/\/vieassociative.be\/actualites\/wp-content\/uploads\/2025\/04\/Quoi-de-neuf-sur-Prime-Video-en-avril-2025.png","keywords":["avril","Neuf","Prime","quoi","sur","vid\u00e9o"],"articleSection":["Divertissement"],"inLanguage":"fr-BE"},{"@type":"WebPage","@id":"https:\/\/vieassociative.be\/actualites\/quoi-de-neuf-sur-prime-video-en-avril-2025\/","url":"https:\/\/vieassociative.be\/actualites\/quoi-de-neuf-sur-prime-video-en-avril-2025\/","name":"Quoi de neuf sur Prime Video en avril 2025 | Vie Associative","isPartOf":{"@id":"https:\/\/vieassociative.be\/actualites\/#website"},"primaryImageOfPage":{"@id":"https:\/\/vieassociative.be\/actualites\/quoi-de-neuf-sur-prime-video-en-avril-2025\/#primaryimage"},"image":{"@id":"https:\/\/vieassociative.be\/actualites\/quoi-de-neuf-sur-prime-video-en-avril-2025\/#primaryimage"},"thumbnailUrl":"https:\/\/vieassociative.be\/actualites\/wp-content\/uploads\/2025\/04\/Quoi-de-neuf-sur-Prime-Video-en-avril-2025.png","datePublished":"2025-03-31T23:17:30+00:00","dateModified":"2025-03-31T23:17:30+00:00","breadcrumb":{"@id":"https:\/\/vieassociative.be\/actualites\/quoi-de-neuf-sur-prime-video-en-avril-2025\/#breadcrumb"},"inLanguage":"fr-BE","potentialAction":[{"@type":"ReadAction","target":["https:\/\/vieassociative.be\/actualites\/quoi-de-neuf-sur-prime-video-en-avril-2025\/"]}]},{"@type":"ImageObject","inLanguage":"fr-BE","@id":"https:\/\/vieassociative.be\/actualites\/quoi-de-neuf-sur-prime-video-en-avril-2025\/#primaryimage","url":"https:\/\/vieassociative.be\/actualites\/wp-content\/uploads\/2025\/04\/Quoi-de-neuf-sur-Prime-Video-en-avril-2025.png","contentUrl":"https:\/\/vieassociative.be\/actualites\/wp-content\/uploads\/2025\/04\/Quoi-de-neuf-sur-Prime-Video-en-avril-2025.png","width":1200,"height":675,"caption":"Quoi de neuf sur Prime Video en avril 2025"},{"@type":"BreadcrumbList","@id":"https:\/\/vieassociative.be\/actualites\/quoi-de-neuf-sur-prime-video-en-avril-2025\/#breadcrumb","itemListElement":[{"@type":"ListItem","position":1,"name":"Accueil","item":"https:\/\/vieassociative.be\/actualites\/"},{"@type":"ListItem","position":2,"name":"Quoi de neuf sur Prime Video en avril 2025"}]},{"@type":"WebSite","@id":"https:\/\/vieassociative.be\/actualites\/#website","url":"https:\/\/vieassociative.be\/actualites\/","name":"Vie Associative","description":"","publisher":{"@id":"https:\/\/vieassociative.be\/actualites\/#organization"},"potentialAction":[{"@type":"SearchAction","target":{"@type":"EntryPoint","urlTemplate":"https:\/\/vieassociative.be\/actualites\/?s={search_term_string}"},"query-input":{"@type":"PropertyValueSpecification","valueRequired":true,"valueName":"search_term_string"}}],"inLanguage":"fr-BE"},{"@type":"Organization","@id":"https:\/\/vieassociative.be\/actualites\/#organization","name":"Vie Associative","url":"https:\/\/vieassociative.be\/actualites\/","logo":{"@type":"ImageObject","inLanguage":"fr-BE","@id":"https:\/\/vieassociative.be\/actualites\/#\/schema\/logo\/image\/","url":"https:\/\/vieassociative.be\/actualites\/wp-content\/uploads\/2024\/09\/cropped-vieassociative_favicon.ico.png","contentUrl":"https:\/\/vieassociative.be\/actualites\/wp-content\/uploads\/2024\/09\/cropped-vieassociative_favicon.ico.png","width":512,"height":512,"caption":"Vie Associative"},"image":{"@id":"https:\/\/vieassociative.be\/actualites\/#\/schema\/logo\/image\/"}},{"@type":"Person","@id":"https:\/\/vieassociative.be\/actualites\/#\/schema\/person\/b87ac4f82f9d4e7b7cec7395b679edc4","name":"Julien","image":{"@type":"ImageObject","inLanguage":"fr-BE","@id":"https:\/\/vieassociative.be\/actualites\/#\/schema\/person\/image\/","url":"https:\/\/vieassociative.be\/actualites\/wp-content\/uploads\/2024\/09\/vie-associative-1-150x150.jpg","contentUrl":"https:\/\/vieassociative.be\/actualites\/wp-content\/uploads\/2024\/09\/vie-associative-1-150x150.jpg","caption":"Julien"},"description":"Je suis Julien, r\u00e9dacteur pour Vie Associative. Passionn\u00e9 par le monde associatif depuis plus de 10 ans, j'ai \u00e0 c\u0153ur de partager des histoires inspirantes et de mettre en lumi\u00e8re les initiatives locales. Mon objectif est de sensibiliser et d'encourager l'engagement communautaire \u00e0 travers mes articles.","sameAs":["https:\/\/vieassociative.be\/"]}]}},"_links":{"self":[{"href":"https:\/\/vieassociative.be\/actualites\/wp-json\/wp\/v2\/posts\/6319"}],"collection":[{"href":"https:\/\/vieassociative.be\/actualites\/wp-json\/wp\/v2\/posts"}],"about":[{"href":"https:\/\/vieassociative.be\/actualites\/wp-json\/wp\/v2\/types\/post"}],"author":[{"embeddable":true,"href":"https:\/\/vieassociative.be\/actualites\/wp-json\/wp\/v2\/users\/1"}],"replies":[{"embeddable":true,"href":"https:\/\/vieassociative.be\/actualites\/wp-json\/wp\/v2\/comments?post=6319"}],"version-history":[{"count":0,"href":"https:\/\/vieassociative.be\/actualites\/wp-json\/wp\/v2\/posts\/6319\/revisions"}],"wp:featuredmedia":[{"embeddable":true,"href":"https:\/\/vieassociative.be\/actualites\/wp-json\/wp\/v2\/media\/6320"}],"wp:attachment":[{"href":"https:\/\/vieassociative.be\/actualites\/wp-json\/wp\/v2\/media?parent=6319"}],"wp:term":[{"taxonomy":"category","embeddable":true,"href":"https:\/\/vieassociative.be\/actualites\/wp-json\/wp\/v2\/categories?post=6319"},{"taxonomy":"post_tag","embeddable":true,"href":"https:\/\/vieassociative.be\/actualites\/wp-json\/wp\/v2\/tags?post=6319"}],"curies":[{"name":"wp","href":"https:\/\/api.w.org\/{rel}","templated":true}]}}