{"id":6309,"date":"2025-03-31T18:17:26","date_gmt":"2025-03-31T16:17:26","guid":{"rendered":"https:\/\/vieassociative.be\/actualites\/semaine-du-mal-les-meilleures-facons-de-se-venger-legalement\/"},"modified":"2025-03-31T18:17:26","modified_gmt":"2025-03-31T16:17:26","slug":"semaine-du-mal-les-meilleures-facons-de-se-venger-legalement","status":"publish","type":"post","link":"https:\/\/vieassociative.be\/actualites\/semaine-du-mal-les-meilleures-facons-de-se-venger-legalement\/","title":{"rendered":"Semaine du mal: les meilleures fa\u00e7ons de se venger (l\u00e9galement)"},"content":{"rendered":"<div class=\"mt-4 leading-6 md:mb-8\">Ils disent \u00ab\u00a0bien vivre est la meilleure vengeance\u00a0\u00bb, mais ils disent beaucoup de merde.<\/div>\n<p><\/p>\n<p><em>Bienvenue \u00e0 Evil Week, notre plong\u00e9e annuelle dans tous les hacks l\u00e9g\u00e8rement sommaires que nous nous abstenons g\u00e9n\u00e9ralement de recommander. Vous voulez vous frayer un chemin dans les boissons gratuites, jouer \u00e0 des jeux d&rsquo;esprit \u00e9labor\u00e9s, ou, euh, laver de l&rsquo;argent? Nous avons toutes les informations dont vous avez besoin pour \u00eatre peu recommandable.<\/em><\/p>\n<p>C&rsquo;est la mauvaise semaine, alors parlons de vengeance. Juste pour cette semaine, mettons de c\u00f4t\u00e9 les (nombreuses) raisons pour lesquelles la recherche de vengeance est une mauvaise id\u00e9e &#8211; tout ce que \u00abla vengeance est finalement auto-harcarouie\u00bb ou \u00abbien vivre est la meilleure vengeance\u00bb &#8211; et se r\u00e9percuter aux sp\u00e9cificit\u00e9s de la vengeance personnelle. Vous trouverez ci-dessous un ensemble de r\u00e8gles de vengeance, une simple liste de contr\u00f4le des \u00e9l\u00e9ments exploitables pour aider \u00e0 planifier et \u00e0 ex\u00e9cuter une campagne pour apporter des probl\u00e8mes \u00e0 votre ennemi jur\u00e9 qui ne vous sera pas retrac\u00e9.<\/p>\n<p>Ces r\u00e8gles ne sont pas destin\u00e9es \u00e0 des types de vols pour qui la vengeance frappe quelqu&rsquo;un au visage. Ce genre de r\u00e9ponse \u00e9motionnelle grossi\u00e8re m\u00e8ne \u00e0 l&rsquo;escalade, au danger personnel et \u00e0 la prison. Vengeance, comme l&rsquo;a dit Khan Noonien Singh<em> Star Trek 2<\/em>est un plat le mieux servi froid, et servir la vengeance glac\u00e9e prend la planification, le temps et le d\u00e9vouement personnel. <\/p>\n<h2 id=\"decide-if-its-really-worth-it-to-you\"><strong>D\u00e9cidez si cela en vaut vraiment la peine<\/strong><\/h2>\n<p>La vengeance est d\u00e9sordonn\u00e9e et peut revenir sur vous. Une bonne planification peut r\u00e9duire les chances que votre vendetta se transforme en une boucle de r\u00e9troaction incontr\u00f4lable, mais il n&rsquo;y a pas de chose s\u00fbre. Alors demandez-vous si la douleur que vous fournissez \u00e0 votre adversaire vaut le temps, les ennuis et la dette karmique que vous encourez. (Spoiler: ce n&rsquo;est probablement pas le cas.)<\/p>\n<h2 id=\"determine-the-level-of-revenge-they-deserve\"><strong>D\u00e9terminer le niveau de vengeance qu&rsquo;ils m\u00e9ritent<\/strong><\/h2>\n<p>Les campagnes personnelles de vengeance peuvent aller de la g\u00eane mineure \u00e0 la destruction totale de la vie de votre ennemi. \u00c9tant donn\u00e9 que vous vous notez le juge, le jury et le bourreau, vous devriez prendre en compte la moralit\u00e9 de vos actions, non seulement en termes de fa\u00e7on dont cela pourrait affecter votre cible, mais aussi comment cela pourrait vous affecter, vous et les personnes qui vous tiennent \u00e0 c\u0153ur. Demandez-vous si votre ennemi le m\u00e9rite vraiment, et si oui, combien ils m\u00e9ritent.<\/p>\n<h2 id=\"dont-break-the-law\"><strong>Ne enfreignez pas la loi<\/strong><\/h2>\n<p>Les prisons sont pleines de gens qui passent la seule vie qui leur est accord\u00e9e enferm\u00e9e dans une cage parce qu&rsquo;ils ont ripost\u00e9 contre quelqu&rsquo;un pour une raison stupide, leur laissant beaucoup de temps pour r\u00e9fl\u00e9chir \u00e0 la fa\u00e7on dont la vengeance n&rsquo;\u00e9tait probablement pas le meilleur choix. Ne soyez pas une de ces personnes. Il y a une tonne de tactiques sournoises pour livrer votre propre version de la justice qui restent dans la lettre de la loi.<\/p>\n<h2 id=\"tell-no-one\"><strong>Dis \u00e0 personne<\/strong><\/h2>\n<p>Vous pourriez \u00eatre tent\u00e9 de parler \u00e0 quelqu&rsquo;un de votre plan, mais non. Vous devez porter le poids sombre de la vengeance vous-m\u00eame, alors ne vous conduisez pas \u00e0 un ami ou \u00e0 un conjoint de confiance. N&rsquo;essayez pas de r\u00e9fl\u00e9chir aux autres. Ne publiez m\u00eame pas \u00e0 ce sujet de mani\u00e8re anonyme. C&rsquo;est ainsi que les gens se font prendre. Aussi: ne prenez aucun cr\u00e9dit lorsque l&rsquo;acte est termin\u00e9. Soyez humble et apportez votre secret dans votre tombe.<\/p>\n<h2 id=\"set-a-two-year-waiting-period\"><strong>Fixez une p\u00e9riode d&rsquo;attente de deux ans<\/strong><\/h2>\n<p>\u00abAyez la patience\u00bb est la r\u00e8gle la plus importante de la vengeance froide. Une fois que vous avez d\u00e9termin\u00e9 que le salaud que vous d\u00e9testez le m\u00e9rite vraiment et que vous avez accept\u00e9 le niveau de risque personnel qui viendra de la vengeance qui pleut sur eux, de les retirer de votre vie, puis de marquer votre calendrier pendant deux ans \u00e0 l&rsquo;avenir et d&rsquo;attendre.<\/p>\n<p>Cette p\u00e9riode de \u00abrefroidissement\u00bb vous donne le temps de planifier m\u00e9ticuleusement votre op\u00e9ration de vengeance et r\u00e9duit la chance que vous soyez consid\u00e9r\u00e9 comme le coupable, mais surtout, cela aggravera la vengeance pour la victime.<\/p>\n<p>Par exemple, si vous \u00eates licenci\u00e9 d&rsquo;un emploi, vous pouvez r\u00e9duire les pneus de votre ancien patron dans le parking ce soir-l\u00e0, mais ils (et la police) vous soup\u00e7onnent fortement et vous pourriez \u00eatre enferm\u00e9. Mais si vous attendez quelques ann\u00e9es, et que la FEC commence une enqu\u00eate sur la compagnie de votre ennemi le m\u00eame jour que leur conjoint re\u00e7oit un e-mail anonyme sur les affaires qu&rsquo;ils ont, il va se sentir comme si l&rsquo;univers lui-m\u00eame conspire contre eux. Ils ne le lieront jamais \u00e0 un drone de bureau m\u00e9content qui a \u00e9t\u00e9 licenci\u00e9 il y a des ann\u00e9es.<\/p>\n<p>Une longue p\u00e9riode d&rsquo;attente vous donne \u00e9galement le temps d&rsquo;envisager de reculer. Peut-\u00eatre que passer deux ans \u00e0 planifier une campagne terroriste \u00e9labor\u00e9e suffit \u00e0 fournir une catharsis personnelle sans rien faire. Je suis dangereusement proche de dire \u00abbien vivre est la meilleure vengeance\u00bb ici, mais peut-\u00eatre que vous d\u00e9termineras qu&rsquo;il est path\u00e9tique de perdre du temps et de comploter l&rsquo;\u00e9nergie contre les autres au lieu de travailler sur vous-m\u00eame, et que quelle que soit la satisfaction que vous pourriez ressentir \u00e0 la douleur de quelqu&rsquo;un d&rsquo;autre serait finalement creux. <\/p>\n<div class=\"pogoClear relative my-10 border-b-(1.5px) border-t-(1.5px) border-dashed border-black py-5 sm:my-14 sm:border-0 sm:py-0\" x-cloak x-data=\"{ commentsCount: null }\" x-init=\"commentsCount = await window.openweb.getMessagesCount(1850974570)\" x-show=\"commentsCount !== null &amp;&amp; commentsCount &gt; 0\">\n<div class=\"absolute top-1\/2 hidden w-full -translate-y-1\/2 border-t-(1.5px) border-dashed border-black sm:block\"><\/div>\n<div class=\"relative flex justify-center\">\n<div class=\"flex max-w-max items-center gap-x-3 bg-white px-5\">\n<div class=\"relative\">\n                <span class=\"absolute left-1\/2 top-1\/2 -translate-x-1\/2 -translate-y-1\/2 font-akshar text-sm font-medium text-black\" x-text=\"commentsCount\"><\/span><\/p>\n<p>                <svg class=\"h-8 w-8 text-black\">\n                    <use href=\"http:\/\/lifehacker.com\/images\/icons\/spritemap.svg#sprite-chat-bubble\"><\/use>\n                <\/svg>\n            <\/div>\n<p>            <span class=\"text-sm font-medium text-black\">Que pensez-vous jusqu&rsquo;\u00e0 pr\u00e9sent? <button class=\"font-semibold text-brand-green underline hover:text-brand-green-700\" onclick=\"window.openweb.scrollToComments(1850974570)\">Publier un commentaire.<\/button><\/span>\n        <\/div>\n<\/p><\/div>\n<\/div>\n<h2 id=\"revenge-tactics-that-are-legal\"><strong>Tactiques de vengeance qui sont l\u00e9gales<\/strong><br \/><\/h2>\n<p>C&rsquo;est probablement pour le mieux que nous ayons des lois contre les expressions de vengeance les plus nuisibles, mais cela ne signifie pas qu&rsquo;il n&rsquo;y a pas encore de choses que vous pouvez faire pour abattre quelqu&rsquo;un. (Je ne suis pas avocat, alors v\u00e9rifiez les statuts de votre \u00c9tat concernant le harc\u00e8lement, le harc\u00e8lement et la diffamation et les suivre \u00e0 la lettre &#8211; cela ne vaut vraiment pas la peine d&rsquo;\u00eatre commis un crime.)<\/p>\n<p><strong>Impliquer les autorit\u00e9s:<\/strong> Si votre objectif engage dans quelque chose que les autorit\u00e9s seraient int\u00e9ress\u00e9es, n&rsquo;h\u00e9sitez pas \u00e0 appeler un conseil anonyme. Il n&rsquo;y a pas de fin au nombre de personnes ombrag\u00e9es et d&rsquo;entreprises qui ont \u00e9t\u00e9 pos\u00e9es par des journalistes d&rsquo;investigation utilisant des m\u00e9thodes enti\u00e8rement juridiques pour d\u00e9terrer la salet\u00e9. Prenez une le\u00e7on d&rsquo;eux et d\u00e9terminez o\u00f9 les corps sont enterr\u00e9s, puis pointez-les vers les flics. Vous ne vous vengez pas seulement, vous faites service \u00e0 la soci\u00e9t\u00e9. Mais n&rsquo;appelez pas de faux conseils aux autorit\u00e9s &#8211; c&rsquo;est extr\u00eamement ill\u00e9gal. <\/p>\n<p><strong>Devenir public<\/strong>: M\u00eame si votre adversaire ne fait rien d&rsquo;ill\u00e9gal, un groupe Facebook ou une page Web anonyme d\u00e9taillant leurs d\u00e9faillances peut d\u00e9truire efficacement leur r\u00e9putation, surtout s&rsquo;il y a d&rsquo;autres personnes qui ont \u00e9t\u00e9 l\u00e9s\u00e9es par eux. Mais avant de le faire, assurez-vous de ne diffamer personne. La diffamation est s\u00e9rieuse. D&rsquo;un autre c\u00f4t\u00e9, une personne est autoris\u00e9e \u00e0 partager ses opinions &#8211; alors marchez avec soin. <\/p>\n<p><strong>Avis en ligne<\/strong>: Si votre cible poss\u00e8de une entreprise qui s&rsquo;appuie sur des critiques en ligne, voici votre chance de \u00e9vacuer votre rate. Cibler intentionnellement une entreprise en ligne pourrait \u00eatre l\u00e9galement discutable si vous ne dites pas la v\u00e9rit\u00e9, mais aller \u00e0 Glassdoor pour dire anonymement au monde que votre ex-facteur est un con, ou frapper Yelp pour dire que le taco local sert de la nourriture d\u00e9go\u00fbtante, c&rsquo;est bien <em>Tant que tu ne mens pas<\/em>. Cela fonctionne \u00e9galement pour les lieux d&#8217;emploi par courrier \u00e9lectronique. Vous ne pouvez pas mentir, mais vous pouvez avoir une opinion.<\/p>\n<p><strong>Emploie les tactiques de vengeance surr\u00e9aliste: <\/strong>Parfois, la vengeance est mieux servie bizarre, donc je vous recommande d&rsquo;envoyer chaque jour votre adversaire une seule tranche de fromage kraft dans une enveloppe non marqu\u00e9e, sans note ni adresse de retour. Cela semble idiot, mais c&rsquo;est le genre de chose \u00e0 laquelle ils ne pourront pas cesser de penser. Chaque jour, ils se demanderont qui fait cela et pourquoi. M\u00eame dire \u00e0 quelqu&rsquo;un d&rsquo;autre, cela se produit serait embarrassant &#8211; imaginez appeler les flics et signaler que vous avez \u00e0 nouveau obtenu le fromage.<\/p>\n<p><strong>La farce \u00abretour de vos cl\u00e9s\u00bb<\/strong>: C&rsquo;est plus une farce qu&rsquo;une grave tactique de vengeance, mais quand m\u00eame. Vous pouvez acheter une tonne de cl\u00e9s sur eBay pour pas cher. Ensuite, vous pouvez les \u00e9tiqueter avec le nom et le num\u00e9ro de t\u00e9l\u00e9phone de Target. Ensuite, vous pouvez les laisser partout. Imaginez soudainement obtenir des appels de 15 personnes sur vos cl\u00e9s perdues. Vous pouvez faire toutes ces choses. Vous ne devriez pas, mais vous le pouvez. <\/p>\n<p><strong>Machine de bips aigu<\/strong>: Une autre farce, mais celle-ci est si simple et si sournoise, je devais l&rsquo;inclure. L&rsquo;ennuis\u00e9 est un appareil simple de la taille d&rsquo;un quart qui \u00e9met un bip, un cris ou un son de cricket \u00e0 des intervalles al\u00e9atoires toutes les cinq \u00e0 45 minutes. Si vous pouvez (l\u00e9galement) le placer dans un endroit difficile \u00e0 trouver, comme sous un bureau des coll\u00e8gues, il remplira sa fonction pendant trois ans, et si vous le cachez intelligemment, ils ne le trouveront jamais. <\/p>\n","protected":false},"excerpt":{"rendered":"<p>Ils disent \u00ab\u00a0bien vivre est la meilleure vengeance\u00a0\u00bb, mais ils disent beaucoup de merde. Bienvenue \u00e0 Evil Week, notre plong\u00e9e annuelle dans tous les hacks<\/p>\n","protected":false},"author":1,"featured_media":6310,"comment_status":"","ping_status":"","sticky":false,"template":"","format":"standard","meta":{"footnotes":""},"categories":[1],"tags":[119,3801,14,1299,79,1348,6102],"class_list":["post-6309","post","type-post","status-publish","format-standard","has-post-thumbnail","hentry","category-non-classe","tag-facons","tag-legalement","tag-les","tag-mal","tag-meilleures","tag-semaine","tag-venger","generate-columns","tablet-grid-50","mobile-grid-100","grid-parent","grid-33"],"yoast_head":"<!-- This site is optimized with the Yoast SEO plugin v24.0 - https:\/\/yoast.com\/wordpress\/plugins\/seo\/ -->\n<title>Semaine du mal: les meilleures fa\u00e7ons de se venger (l\u00e9galement) | Vie Associative<\/title>\n<meta name=\"robots\" content=\"index, follow, max-snippet:-1, max-image-preview:large, max-video-preview:-1\" \/>\n<link rel=\"canonical\" href=\"https:\/\/vieassociative.be\/actualites\/semaine-du-mal-les-meilleures-facons-de-se-venger-legalement\/\" \/>\n<meta property=\"og:locale\" content=\"fr_FR\" \/>\n<meta property=\"og:type\" content=\"article\" \/>\n<meta property=\"og:title\" content=\"Semaine du mal: les meilleures fa\u00e7ons de se venger (l\u00e9galement) | Vie Associative\" \/>\n<meta property=\"og:description\" content=\"Ils disent \u00ab\u00a0bien vivre est la meilleure vengeance\u00a0\u00bb, mais ils disent beaucoup de merde. Bienvenue \u00e0 Evil Week, notre plong\u00e9e annuelle dans tous les hacks\" \/>\n<meta property=\"og:url\" content=\"https:\/\/vieassociative.be\/actualites\/semaine-du-mal-les-meilleures-facons-de-se-venger-legalement\/\" \/>\n<meta property=\"og:site_name\" content=\"Vie Associative\" \/>\n<meta property=\"article:published_time\" content=\"2025-03-31T16:17:26+00:00\" \/>\n<meta property=\"og:image\" content=\"https:\/\/vieassociative.be\/actualites\/wp-content\/uploads\/2024\/09\/header_backgroundk-01-e1726694325946.png\" \/>\n\t<meta property=\"og:image:width\" content=\"279\" \/>\n\t<meta property=\"og:image:height\" content=\"92\" \/>\n\t<meta property=\"og:image:type\" content=\"image\/png\" \/>\n<meta name=\"author\" content=\"Julien\" \/>\n<meta name=\"twitter:card\" content=\"summary_large_image\" \/>\n<meta name=\"twitter:label1\" content=\"\u00c9crit par\" \/>\n\t<meta name=\"twitter:data1\" content=\"Julien\" \/>\n\t<meta name=\"twitter:label2\" content=\"Dur\u00e9e de lecture est.\" \/>\n\t<meta name=\"twitter:data2\" content=\"8 minutes\" \/>\n<script type=\"application\/ld+json\" class=\"yoast-schema-graph\">{\"@context\":\"https:\/\/schema.org\",\"@graph\":[{\"@type\":\"Article\",\"@id\":\"https:\/\/vieassociative.be\/actualites\/semaine-du-mal-les-meilleures-facons-de-se-venger-legalement\/#article\",\"isPartOf\":{\"@id\":\"https:\/\/vieassociative.be\/actualites\/semaine-du-mal-les-meilleures-facons-de-se-venger-legalement\/\"},\"author\":{\"name\":\"Julien\",\"@id\":\"https:\/\/vieassociative.be\/actualites\/#\/schema\/person\/b87ac4f82f9d4e7b7cec7395b679edc4\"},\"headline\":\"Semaine du mal: les meilleures fa\u00e7ons de se venger (l\u00e9galement)\",\"datePublished\":\"2025-03-31T16:17:26+00:00\",\"dateModified\":\"2025-03-31T16:17:26+00:00\",\"mainEntityOfPage\":{\"@id\":\"https:\/\/vieassociative.be\/actualites\/semaine-du-mal-les-meilleures-facons-de-se-venger-legalement\/\"},\"wordCount\":1613,\"publisher\":{\"@id\":\"https:\/\/vieassociative.be\/actualites\/#organization\"},\"image\":{\"@id\":\"https:\/\/vieassociative.be\/actualites\/semaine-du-mal-les-meilleures-facons-de-se-venger-legalement\/#primaryimage\"},\"thumbnailUrl\":\"https:\/\/vieassociative.be\/actualites\/wp-content\/uploads\/2025\/03\/Semaine-du-mal-les-meilleures-facons-de-se-venger-legalement.jpg\",\"keywords\":[\"fa\u00e7ons\",\"l\u00e9galement\",\"Les\",\"mal\",\"meilleures\",\"semaine\",\"venger\"],\"inLanguage\":\"fr-BE\"},{\"@type\":\"WebPage\",\"@id\":\"https:\/\/vieassociative.be\/actualites\/semaine-du-mal-les-meilleures-facons-de-se-venger-legalement\/\",\"url\":\"https:\/\/vieassociative.be\/actualites\/semaine-du-mal-les-meilleures-facons-de-se-venger-legalement\/\",\"name\":\"Semaine du mal: les meilleures fa\u00e7ons de se venger (l\u00e9galement) | Vie Associative\",\"isPartOf\":{\"@id\":\"https:\/\/vieassociative.be\/actualites\/#website\"},\"primaryImageOfPage\":{\"@id\":\"https:\/\/vieassociative.be\/actualites\/semaine-du-mal-les-meilleures-facons-de-se-venger-legalement\/#primaryimage\"},\"image\":{\"@id\":\"https:\/\/vieassociative.be\/actualites\/semaine-du-mal-les-meilleures-facons-de-se-venger-legalement\/#primaryimage\"},\"thumbnailUrl\":\"https:\/\/vieassociative.be\/actualites\/wp-content\/uploads\/2025\/03\/Semaine-du-mal-les-meilleures-facons-de-se-venger-legalement.jpg\",\"datePublished\":\"2025-03-31T16:17:26+00:00\",\"dateModified\":\"2025-03-31T16:17:26+00:00\",\"breadcrumb\":{\"@id\":\"https:\/\/vieassociative.be\/actualites\/semaine-du-mal-les-meilleures-facons-de-se-venger-legalement\/#breadcrumb\"},\"inLanguage\":\"fr-BE\",\"potentialAction\":[{\"@type\":\"ReadAction\",\"target\":[\"https:\/\/vieassociative.be\/actualites\/semaine-du-mal-les-meilleures-facons-de-se-venger-legalement\/\"]}]},{\"@type\":\"ImageObject\",\"inLanguage\":\"fr-BE\",\"@id\":\"https:\/\/vieassociative.be\/actualites\/semaine-du-mal-les-meilleures-facons-de-se-venger-legalement\/#primaryimage\",\"url\":\"https:\/\/vieassociative.be\/actualites\/wp-content\/uploads\/2025\/03\/Semaine-du-mal-les-meilleures-facons-de-se-venger-legalement.jpg\",\"contentUrl\":\"https:\/\/vieassociative.be\/actualites\/wp-content\/uploads\/2025\/03\/Semaine-du-mal-les-meilleures-facons-de-se-venger-legalement.jpg\",\"width\":1200,\"height\":675,\"caption\":\"Semaine du mal: les meilleures fa\u00e7ons de se venger (l\u00e9galement)\"},{\"@type\":\"BreadcrumbList\",\"@id\":\"https:\/\/vieassociative.be\/actualites\/semaine-du-mal-les-meilleures-facons-de-se-venger-legalement\/#breadcrumb\",\"itemListElement\":[{\"@type\":\"ListItem\",\"position\":1,\"name\":\"Accueil\",\"item\":\"https:\/\/vieassociative.be\/actualites\/\"},{\"@type\":\"ListItem\",\"position\":2,\"name\":\"Semaine du mal: les meilleures fa\u00e7ons de se venger (l\u00e9galement)\"}]},{\"@type\":\"WebSite\",\"@id\":\"https:\/\/vieassociative.be\/actualites\/#website\",\"url\":\"https:\/\/vieassociative.be\/actualites\/\",\"name\":\"Vie Associative\",\"description\":\"\",\"publisher\":{\"@id\":\"https:\/\/vieassociative.be\/actualites\/#organization\"},\"potentialAction\":[{\"@type\":\"SearchAction\",\"target\":{\"@type\":\"EntryPoint\",\"urlTemplate\":\"https:\/\/vieassociative.be\/actualites\/?s={search_term_string}\"},\"query-input\":{\"@type\":\"PropertyValueSpecification\",\"valueRequired\":true,\"valueName\":\"search_term_string\"}}],\"inLanguage\":\"fr-BE\"},{\"@type\":\"Organization\",\"@id\":\"https:\/\/vieassociative.be\/actualites\/#organization\",\"name\":\"Vie Associative\",\"url\":\"https:\/\/vieassociative.be\/actualites\/\",\"logo\":{\"@type\":\"ImageObject\",\"inLanguage\":\"fr-BE\",\"@id\":\"https:\/\/vieassociative.be\/actualites\/#\/schema\/logo\/image\/\",\"url\":\"https:\/\/vieassociative.be\/actualites\/wp-content\/uploads\/2024\/09\/cropped-vieassociative_favicon.ico.png\",\"contentUrl\":\"https:\/\/vieassociative.be\/actualites\/wp-content\/uploads\/2024\/09\/cropped-vieassociative_favicon.ico.png\",\"width\":512,\"height\":512,\"caption\":\"Vie Associative\"},\"image\":{\"@id\":\"https:\/\/vieassociative.be\/actualites\/#\/schema\/logo\/image\/\"}},{\"@type\":\"Person\",\"@id\":\"https:\/\/vieassociative.be\/actualites\/#\/schema\/person\/b87ac4f82f9d4e7b7cec7395b679edc4\",\"name\":\"Julien\",\"image\":{\"@type\":\"ImageObject\",\"inLanguage\":\"fr-BE\",\"@id\":\"https:\/\/vieassociative.be\/actualites\/#\/schema\/person\/image\/\",\"url\":\"https:\/\/vieassociative.be\/actualites\/wp-content\/uploads\/2024\/09\/vie-associative-1-150x150.jpg\",\"contentUrl\":\"https:\/\/vieassociative.be\/actualites\/wp-content\/uploads\/2024\/09\/vie-associative-1-150x150.jpg\",\"caption\":\"Julien\"},\"description\":\"Je suis Julien, r\u00e9dacteur pour Vie Associative. Passionn\u00e9 par le monde associatif depuis plus de 10 ans, j'ai \u00e0 c\u0153ur de partager des histoires inspirantes et de mettre en lumi\u00e8re les initiatives locales. Mon objectif est de sensibiliser et d'encourager l'engagement communautaire \u00e0 travers mes articles.\",\"sameAs\":[\"https:\/\/vieassociative.be\/\"]}]}<\/script>\n<!-- \/ Yoast SEO plugin. -->","yoast_head_json":{"title":"Semaine du mal: les meilleures fa\u00e7ons de se venger (l\u00e9galement) | Vie Associative","robots":{"index":"index","follow":"follow","max-snippet":"max-snippet:-1","max-image-preview":"max-image-preview:large","max-video-preview":"max-video-preview:-1"},"canonical":"https:\/\/vieassociative.be\/actualites\/semaine-du-mal-les-meilleures-facons-de-se-venger-legalement\/","og_locale":"fr_FR","og_type":"article","og_title":"Semaine du mal: les meilleures fa\u00e7ons de se venger (l\u00e9galement) | Vie Associative","og_description":"Ils disent \u00ab\u00a0bien vivre est la meilleure vengeance\u00a0\u00bb, mais ils disent beaucoup de merde. Bienvenue \u00e0 Evil Week, notre plong\u00e9e annuelle dans tous les hacks","og_url":"https:\/\/vieassociative.be\/actualites\/semaine-du-mal-les-meilleures-facons-de-se-venger-legalement\/","og_site_name":"Vie Associative","article_published_time":"2025-03-31T16:17:26+00:00","og_image":[{"width":279,"height":92,"url":"https:\/\/vieassociative.be\/actualites\/wp-content\/uploads\/2024\/09\/header_backgroundk-01-e1726694325946.png","type":"image\/png"}],"author":"Julien","twitter_card":"summary_large_image","twitter_misc":{"\u00c9crit par":"Julien","Dur\u00e9e de lecture est.":"8 minutes"},"schema":{"@context":"https:\/\/schema.org","@graph":[{"@type":"Article","@id":"https:\/\/vieassociative.be\/actualites\/semaine-du-mal-les-meilleures-facons-de-se-venger-legalement\/#article","isPartOf":{"@id":"https:\/\/vieassociative.be\/actualites\/semaine-du-mal-les-meilleures-facons-de-se-venger-legalement\/"},"author":{"name":"Julien","@id":"https:\/\/vieassociative.be\/actualites\/#\/schema\/person\/b87ac4f82f9d4e7b7cec7395b679edc4"},"headline":"Semaine du mal: les meilleures fa\u00e7ons de se venger (l\u00e9galement)","datePublished":"2025-03-31T16:17:26+00:00","dateModified":"2025-03-31T16:17:26+00:00","mainEntityOfPage":{"@id":"https:\/\/vieassociative.be\/actualites\/semaine-du-mal-les-meilleures-facons-de-se-venger-legalement\/"},"wordCount":1613,"publisher":{"@id":"https:\/\/vieassociative.be\/actualites\/#organization"},"image":{"@id":"https:\/\/vieassociative.be\/actualites\/semaine-du-mal-les-meilleures-facons-de-se-venger-legalement\/#primaryimage"},"thumbnailUrl":"https:\/\/vieassociative.be\/actualites\/wp-content\/uploads\/2025\/03\/Semaine-du-mal-les-meilleures-facons-de-se-venger-legalement.jpg","keywords":["fa\u00e7ons","l\u00e9galement","Les","mal","meilleures","semaine","venger"],"inLanguage":"fr-BE"},{"@type":"WebPage","@id":"https:\/\/vieassociative.be\/actualites\/semaine-du-mal-les-meilleures-facons-de-se-venger-legalement\/","url":"https:\/\/vieassociative.be\/actualites\/semaine-du-mal-les-meilleures-facons-de-se-venger-legalement\/","name":"Semaine du mal: les meilleures fa\u00e7ons de se venger (l\u00e9galement) | Vie Associative","isPartOf":{"@id":"https:\/\/vieassociative.be\/actualites\/#website"},"primaryImageOfPage":{"@id":"https:\/\/vieassociative.be\/actualites\/semaine-du-mal-les-meilleures-facons-de-se-venger-legalement\/#primaryimage"},"image":{"@id":"https:\/\/vieassociative.be\/actualites\/semaine-du-mal-les-meilleures-facons-de-se-venger-legalement\/#primaryimage"},"thumbnailUrl":"https:\/\/vieassociative.be\/actualites\/wp-content\/uploads\/2025\/03\/Semaine-du-mal-les-meilleures-facons-de-se-venger-legalement.jpg","datePublished":"2025-03-31T16:17:26+00:00","dateModified":"2025-03-31T16:17:26+00:00","breadcrumb":{"@id":"https:\/\/vieassociative.be\/actualites\/semaine-du-mal-les-meilleures-facons-de-se-venger-legalement\/#breadcrumb"},"inLanguage":"fr-BE","potentialAction":[{"@type":"ReadAction","target":["https:\/\/vieassociative.be\/actualites\/semaine-du-mal-les-meilleures-facons-de-se-venger-legalement\/"]}]},{"@type":"ImageObject","inLanguage":"fr-BE","@id":"https:\/\/vieassociative.be\/actualites\/semaine-du-mal-les-meilleures-facons-de-se-venger-legalement\/#primaryimage","url":"https:\/\/vieassociative.be\/actualites\/wp-content\/uploads\/2025\/03\/Semaine-du-mal-les-meilleures-facons-de-se-venger-legalement.jpg","contentUrl":"https:\/\/vieassociative.be\/actualites\/wp-content\/uploads\/2025\/03\/Semaine-du-mal-les-meilleures-facons-de-se-venger-legalement.jpg","width":1200,"height":675,"caption":"Semaine du mal: les meilleures fa\u00e7ons de se venger (l\u00e9galement)"},{"@type":"BreadcrumbList","@id":"https:\/\/vieassociative.be\/actualites\/semaine-du-mal-les-meilleures-facons-de-se-venger-legalement\/#breadcrumb","itemListElement":[{"@type":"ListItem","position":1,"name":"Accueil","item":"https:\/\/vieassociative.be\/actualites\/"},{"@type":"ListItem","position":2,"name":"Semaine du mal: les meilleures fa\u00e7ons de se venger (l\u00e9galement)"}]},{"@type":"WebSite","@id":"https:\/\/vieassociative.be\/actualites\/#website","url":"https:\/\/vieassociative.be\/actualites\/","name":"Vie Associative","description":"","publisher":{"@id":"https:\/\/vieassociative.be\/actualites\/#organization"},"potentialAction":[{"@type":"SearchAction","target":{"@type":"EntryPoint","urlTemplate":"https:\/\/vieassociative.be\/actualites\/?s={search_term_string}"},"query-input":{"@type":"PropertyValueSpecification","valueRequired":true,"valueName":"search_term_string"}}],"inLanguage":"fr-BE"},{"@type":"Organization","@id":"https:\/\/vieassociative.be\/actualites\/#organization","name":"Vie Associative","url":"https:\/\/vieassociative.be\/actualites\/","logo":{"@type":"ImageObject","inLanguage":"fr-BE","@id":"https:\/\/vieassociative.be\/actualites\/#\/schema\/logo\/image\/","url":"https:\/\/vieassociative.be\/actualites\/wp-content\/uploads\/2024\/09\/cropped-vieassociative_favicon.ico.png","contentUrl":"https:\/\/vieassociative.be\/actualites\/wp-content\/uploads\/2024\/09\/cropped-vieassociative_favicon.ico.png","width":512,"height":512,"caption":"Vie Associative"},"image":{"@id":"https:\/\/vieassociative.be\/actualites\/#\/schema\/logo\/image\/"}},{"@type":"Person","@id":"https:\/\/vieassociative.be\/actualites\/#\/schema\/person\/b87ac4f82f9d4e7b7cec7395b679edc4","name":"Julien","image":{"@type":"ImageObject","inLanguage":"fr-BE","@id":"https:\/\/vieassociative.be\/actualites\/#\/schema\/person\/image\/","url":"https:\/\/vieassociative.be\/actualites\/wp-content\/uploads\/2024\/09\/vie-associative-1-150x150.jpg","contentUrl":"https:\/\/vieassociative.be\/actualites\/wp-content\/uploads\/2024\/09\/vie-associative-1-150x150.jpg","caption":"Julien"},"description":"Je suis Julien, r\u00e9dacteur pour Vie Associative. Passionn\u00e9 par le monde associatif depuis plus de 10 ans, j'ai \u00e0 c\u0153ur de partager des histoires inspirantes et de mettre en lumi\u00e8re les initiatives locales. Mon objectif est de sensibiliser et d'encourager l'engagement communautaire \u00e0 travers mes articles.","sameAs":["https:\/\/vieassociative.be\/"]}]}},"_links":{"self":[{"href":"https:\/\/vieassociative.be\/actualites\/wp-json\/wp\/v2\/posts\/6309"}],"collection":[{"href":"https:\/\/vieassociative.be\/actualites\/wp-json\/wp\/v2\/posts"}],"about":[{"href":"https:\/\/vieassociative.be\/actualites\/wp-json\/wp\/v2\/types\/post"}],"author":[{"embeddable":true,"href":"https:\/\/vieassociative.be\/actualites\/wp-json\/wp\/v2\/users\/1"}],"replies":[{"embeddable":true,"href":"https:\/\/vieassociative.be\/actualites\/wp-json\/wp\/v2\/comments?post=6309"}],"version-history":[{"count":0,"href":"https:\/\/vieassociative.be\/actualites\/wp-json\/wp\/v2\/posts\/6309\/revisions"}],"wp:featuredmedia":[{"embeddable":true,"href":"https:\/\/vieassociative.be\/actualites\/wp-json\/wp\/v2\/media\/6310"}],"wp:attachment":[{"href":"https:\/\/vieassociative.be\/actualites\/wp-json\/wp\/v2\/media?parent=6309"}],"wp:term":[{"taxonomy":"category","embeddable":true,"href":"https:\/\/vieassociative.be\/actualites\/wp-json\/wp\/v2\/categories?post=6309"},{"taxonomy":"post_tag","embeddable":true,"href":"https:\/\/vieassociative.be\/actualites\/wp-json\/wp\/v2\/tags?post=6309"}],"curies":[{"name":"wp","href":"https:\/\/api.w.org\/{rel}","templated":true}]}}