{"id":6307,"date":"2025-03-31T16:19:27","date_gmt":"2025-03-31T14:19:27","guid":{"rendered":"https:\/\/vieassociative.be\/actualites\/le-pen-5-ans-sans-electable-et-2-ans-avec-la-cheville\/"},"modified":"2025-03-31T16:19:27","modified_gmt":"2025-03-31T14:19:27","slug":"le-pen-5-ans-sans-electable-et-2-ans-avec-la-cheville","status":"publish","type":"post","link":"https:\/\/vieassociative.be\/actualites\/le-pen-5-ans-sans-electable-et-2-ans-avec-la-cheville\/","title":{"rendered":"Le Pen 5 ans sans \u00e9lectable et 2 ans avec la cheville"},"content":{"rendered":"<p><strong>Le jugement contre Marine Le Pen fait de la nationalit\u00e9 de la droite de la France. Malgr\u00e9 une \u00e9ventuelle nomination, la candidature pr\u00e9sidentielle du politicien populaire est bloqu\u00e9e.<\/strong><\/p>\n<p><span id=\"more-412550\"><\/span>Le politicien fran\u00e7ais \u00e0 droite Marine Le Pen devrait \u00eatre en mesure de se pr\u00e9senter aux \u00e9lections pr\u00e9sidentielles de 2027. Apr\u00e8s un verdict de culpabilit\u00e9 pour d\u00e9tournement de fonds par le biais de l&rsquo;activit\u00e9 apparente des employ\u00e9s au Parlement europ\u00e9en, la Cour de Paris a eu un effet imm\u00e9diat pour la femme de 56 ans, une inattendu pour les bureaux politiques.<\/p>\n<p>De plus, le tribunal du Pen a condamn\u00e9 \u00e0 deux ans de prison par une cheville. Deux autres ann\u00e9es de prison ont \u00e9t\u00e9 suspendus. De plus, une amende de 100 000 euros a \u00e9t\u00e9 impos\u00e9e. Avant que le juge pr\u00e9sident n&rsquo;annonce le jugement complet et la peine compl\u00e8te contre Le Pen, le politicien a quitt\u00e9 la salle d&rsquo;audience.<\/p>\n<div id=\"attachment_390237\" class=\"wp-caption alignleft\" style=\"max-width: 300px\"><img fetchpriority=\"high\" decoding=\"async\" class=\"wp-image-390237 size-medium\" src=\"https:\/\/vieassociative.be\/actualites\/wp-content\/uploads\/2025\/03\/Le-Pen-5-ans-sans-electable-et-2-ans-avec.jpg\" alt=\"\" width=\"300\" height=\"200\"><\/p>\n<p class=\"wp-caption-text\">07.07.2024, France, Paris: la pr\u00e9sidente de la droite -wing Populist Party Racial Emblems National (RN), Marine Le Pen, r\u00e9pond aux journalistes apr\u00e8s le deuxi\u00e8me tour des \u00e9lections parlementaires. Photo: Louise Delmotte \/ AP<\/p>\n<\/div>\n<p>Le jugement peut \u00eatre contest\u00e9. Cependant, il est g\u00e9n\u00e9ralement peu probable qu&rsquo;un processus d&rsquo;appel atteigne un r\u00e9sultat rapide.<\/p>\n<p><strong>&#8211; Jugement inferg\u00e9:<\/strong> Le r\u00e9sultat du processus est un d\u00e9sastre pour le bon parti et le bon parti avec des ambitions politiques. La perte temporaire des droits de vote passive est une punition courante en France si les politiciens sont reconnus coupables de corruption et d&rsquo;infid\u00e9lit\u00e9. N\u00e9anmoins, en raison de la grande popularit\u00e9 du stylo, il s&rsquo;agit d&rsquo;un d\u00e9licat &#8211; des politiciens mod\u00e9r\u00e9s ont \u00e9galement enregistr\u00e9 des pr\u00e9occupations parce qu&rsquo;il pourrait \u00eatre un r\u00e9cit que le jugement \u00e9tait politiquement motiv\u00e9 pour emp\u00eacher Le Pen en tant que pr\u00e9sident.<\/p>\n<p><strong>&#8211; L&rsquo;appel du Pen est attendu:<\/strong> \u00ab\u00a0C&rsquo;est ma mort politique qui est requise avec l&rsquo;application pr\u00e9liminaire, et je pense que c&rsquo;est l&rsquo;objectif de cette op\u00e9ration d\u00e8s le d\u00e9part\u00a0\u00bb, a r\u00e9agi Le Pen \u00e0 la demande de l&rsquo;acte d&rsquo;accusation de mettre en \u0153uvre temporairement sa notable pour les bureaux politiques et imm\u00e9diatement de la force juridique du jugement.<\/p>\n<p>Ind\u00e9pendamment de cela, Le Pen devrait faire appel contre le jugement et un long chemin \u00e0 parcourir les autorit\u00e9s judiciaires. Jusqu&rsquo;\u00e0 la fin de la p\u00e9riode \u00e9lectorale, Le Pen peut continuer \u00e0 si\u00e9ger en tant que d\u00e9put\u00e9, o\u00f9 elle est la chef de groupe.<\/p>\n<\/p>\n<div id=\"attachment_405727\" class=\"wp-caption alignleft\" style=\"max-width: 300px\"><img decoding=\"async\" class=\"wp-image-405727 size-medium\" src=\"https:\/\/vieassociative.be\/actualites\/wp-content\/uploads\/2025\/01\/Jean-Marie-Le-Pen-fondateur-du-Front-National-est-mort.jpg\" alt=\"\" width=\"300\" height=\"199\"><\/p>\n<p class=\"wp-caption-text\">01.05.2012, France, Paris: Jean-Marie Le Pen (R), fondateur et ancien pr\u00e9sident du Front National (FN), et sa fille Marine, alors pr\u00e9sidente du FN, participent \u00e0 la Mayemonstration annuelle du Front National. Photo: Picture Alliance \/ DPA<\/p>\n<\/div>\n<p>L&rsquo;accusation centrale dans le processus \u00e9tait que le parti de Le Pens avait obtenu des embl\u00e8mes raciaux de l&rsquo;argent national pour les assistants parlementaires du Parlement europ\u00e9en, mais certains d&rsquo;entre eux avaient travaill\u00e9 pour le parti. L&rsquo;affaire avait accabl\u00e9 Le Pen et son parti pendant des ann\u00e9es.<\/p>\n<p><strong>&#8211; Embl\u00e8mes raciaux \u00e0 l&rsquo;\u00e9chelle nationale que jamais:<\/strong> La f\u00eate de droite en France arrivera \u00e0 la d\u00e9b\u00e2cle devant le tribunal \u00e0 un moment d\u00e9favorable, car pendant un certain temps, il a \u00e9t\u00e9 constamment repr\u00e9sent\u00e9 sur l&rsquo;avance et au Parlement pendant un certain temps. Le Front extr\u00e9miste de droite national, fond\u00e9 par son p\u00e8re r\u00e9cemment d\u00e9c\u00e9d\u00e9, Jean-Marie, nomm\u00e9 Marine Le Pen 2018 dans des embl\u00e8mes raciaux \u00e0 l&rsquo;\u00e9chelle nationale et a renonc\u00e9 \u00e0 des positions trop radicales afin de les rendre s\u00e9lectionnables dans des couches plus larges de la population.<\/p>\n<p>Le plan pr\u00e9c\u00e9dent avait \u00e9t\u00e9 que lors d&rsquo;une victoire lors de l&rsquo;\u00e9lection pr\u00e9sidentielle et d&rsquo;une victoire de son parti lors des \u00e9lections l\u00e9gislatives subs\u00e9quentes, le patron du RN Jordan Bardella (29 ans) aurait \u00e9t\u00e9 le Premier ministre. On ne sait pas encore si Bardella veut se pr\u00e9senter \u00e0 la pr\u00e9sidence.<\/p>\n<p><strong>&#8211; Le Pen a toujours rejet\u00e9 les all\u00e9gations: <\/strong>Le Pen avait toujours rejet\u00e9 les all\u00e9gations dans l&rsquo;affaire une \u00e9ventuelle activit\u00e9 impossible des employ\u00e9s de l&rsquo;UE. \u00ab\u00a0Je n&rsquo;ai pas le sentiment que j&rsquo;ai commis la moindre n\u00e9gligence\u00a0\u00bb, a-t-elle d\u00e9clar\u00e9 dans le processus. Avec elle, huit autres membres de son parti ont \u00e9t\u00e9 coupables du Parlement europ\u00e9en et de 12 assistants parlementaires. (DPA)<\/p>\n","protected":false},"excerpt":{"rendered":"<p>Le jugement contre Marine Le Pen fait de la nationalit\u00e9 de la droite de la France. Malgr\u00e9 une \u00e9ventuelle nomination, la candidature pr\u00e9sidentielle du politicien<\/p>\n","protected":false},"author":1,"featured_media":6308,"comment_status":"","ping_status":"","sticky":false,"template":"","format":"standard","meta":{"footnotes":""},"categories":[298],"tags":[584,61,5295,6101,4577,130],"class_list":["post-6307","post","type-post","status-publish","format-standard","has-post-thumbnail","hentry","category-belgique","tag-ans","tag-avec","tag-cheville","tag-electable","tag-pen","tag-sans","generate-columns","tablet-grid-50","mobile-grid-100","grid-parent","grid-33"],"yoast_head":"<!-- This site is optimized with the Yoast SEO plugin v24.0 - https:\/\/yoast.com\/wordpress\/plugins\/seo\/ -->\n<title>Le Pen 5 ans sans \u00e9lectable et 2 ans avec la cheville | Vie Associative<\/title>\n<meta name=\"robots\" content=\"index, follow, max-snippet:-1, max-image-preview:large, max-video-preview:-1\" \/>\n<link rel=\"canonical\" href=\"https:\/\/vieassociative.be\/actualites\/le-pen-5-ans-sans-electable-et-2-ans-avec-la-cheville\/\" \/>\n<meta property=\"og:locale\" content=\"fr_FR\" \/>\n<meta property=\"og:type\" content=\"article\" \/>\n<meta property=\"og:title\" content=\"Le Pen 5 ans sans \u00e9lectable et 2 ans avec la cheville | Vie Associative\" \/>\n<meta property=\"og:description\" content=\"Le jugement contre Marine Le Pen fait de la nationalit\u00e9 de la droite de la France. Malgr\u00e9 une \u00e9ventuelle nomination, la candidature pr\u00e9sidentielle du politicien\" \/>\n<meta property=\"og:url\" content=\"https:\/\/vieassociative.be\/actualites\/le-pen-5-ans-sans-electable-et-2-ans-avec-la-cheville\/\" \/>\n<meta property=\"og:site_name\" content=\"Vie Associative\" \/>\n<meta property=\"article:published_time\" content=\"2025-03-31T14:19:27+00:00\" \/>\n<meta property=\"og:image\" content=\"https:\/\/vieassociative.be\/actualites\/wp-content\/uploads\/2024\/09\/header_backgroundk-01-e1726694325946.png\" \/>\n\t<meta property=\"og:image:width\" content=\"279\" \/>\n\t<meta property=\"og:image:height\" content=\"92\" \/>\n\t<meta property=\"og:image:type\" content=\"image\/png\" \/>\n<meta name=\"author\" content=\"Julien\" \/>\n<meta name=\"twitter:card\" content=\"summary_large_image\" \/>\n<meta name=\"twitter:label1\" content=\"\u00c9crit par\" \/>\n\t<meta name=\"twitter:data1\" content=\"Julien\" \/>\n\t<meta name=\"twitter:label2\" content=\"Dur\u00e9e de lecture est.\" \/>\n\t<meta name=\"twitter:data2\" content=\"4 minutes\" \/>\n<script type=\"application\/ld+json\" class=\"yoast-schema-graph\">{\"@context\":\"https:\/\/schema.org\",\"@graph\":[{\"@type\":\"Article\",\"@id\":\"https:\/\/vieassociative.be\/actualites\/le-pen-5-ans-sans-electable-et-2-ans-avec-la-cheville\/#article\",\"isPartOf\":{\"@id\":\"https:\/\/vieassociative.be\/actualites\/le-pen-5-ans-sans-electable-et-2-ans-avec-la-cheville\/\"},\"author\":{\"name\":\"Julien\",\"@id\":\"https:\/\/vieassociative.be\/actualites\/#\/schema\/person\/b87ac4f82f9d4e7b7cec7395b679edc4\"},\"headline\":\"Le Pen 5 ans sans \u00e9lectable et 2 ans avec la cheville\",\"datePublished\":\"2025-03-31T14:19:27+00:00\",\"dateModified\":\"2025-03-31T14:19:27+00:00\",\"mainEntityOfPage\":{\"@id\":\"https:\/\/vieassociative.be\/actualites\/le-pen-5-ans-sans-electable-et-2-ans-avec-la-cheville\/\"},\"wordCount\":762,\"publisher\":{\"@id\":\"https:\/\/vieassociative.be\/actualites\/#organization\"},\"image\":{\"@id\":\"https:\/\/vieassociative.be\/actualites\/le-pen-5-ans-sans-electable-et-2-ans-avec-la-cheville\/#primaryimage\"},\"thumbnailUrl\":\"https:\/\/vieassociative.be\/actualites\/wp-content\/uploads\/2025\/03\/1743430768_Le-Pen-5-ans-sans-electable-et-2-ans-avec.jpg\",\"keywords\":[\"ans\",\"avec\",\"cheville\",\"\u00e9lectable\",\"Pen\",\"sans\"],\"articleSection\":[\"Belgique\"],\"inLanguage\":\"fr-BE\"},{\"@type\":\"WebPage\",\"@id\":\"https:\/\/vieassociative.be\/actualites\/le-pen-5-ans-sans-electable-et-2-ans-avec-la-cheville\/\",\"url\":\"https:\/\/vieassociative.be\/actualites\/le-pen-5-ans-sans-electable-et-2-ans-avec-la-cheville\/\",\"name\":\"Le Pen 5 ans sans \u00e9lectable et 2 ans avec la cheville | Vie Associative\",\"isPartOf\":{\"@id\":\"https:\/\/vieassociative.be\/actualites\/#website\"},\"primaryImageOfPage\":{\"@id\":\"https:\/\/vieassociative.be\/actualites\/le-pen-5-ans-sans-electable-et-2-ans-avec-la-cheville\/#primaryimage\"},\"image\":{\"@id\":\"https:\/\/vieassociative.be\/actualites\/le-pen-5-ans-sans-electable-et-2-ans-avec-la-cheville\/#primaryimage\"},\"thumbnailUrl\":\"https:\/\/vieassociative.be\/actualites\/wp-content\/uploads\/2025\/03\/1743430768_Le-Pen-5-ans-sans-electable-et-2-ans-avec.jpg\",\"datePublished\":\"2025-03-31T14:19:27+00:00\",\"dateModified\":\"2025-03-31T14:19:27+00:00\",\"breadcrumb\":{\"@id\":\"https:\/\/vieassociative.be\/actualites\/le-pen-5-ans-sans-electable-et-2-ans-avec-la-cheville\/#breadcrumb\"},\"inLanguage\":\"fr-BE\",\"potentialAction\":[{\"@type\":\"ReadAction\",\"target\":[\"https:\/\/vieassociative.be\/actualites\/le-pen-5-ans-sans-electable-et-2-ans-avec-la-cheville\/\"]}]},{\"@type\":\"ImageObject\",\"inLanguage\":\"fr-BE\",\"@id\":\"https:\/\/vieassociative.be\/actualites\/le-pen-5-ans-sans-electable-et-2-ans-avec-la-cheville\/#primaryimage\",\"url\":\"https:\/\/vieassociative.be\/actualites\/wp-content\/uploads\/2025\/03\/1743430768_Le-Pen-5-ans-sans-electable-et-2-ans-avec.jpg\",\"contentUrl\":\"https:\/\/vieassociative.be\/actualites\/wp-content\/uploads\/2025\/03\/1743430768_Le-Pen-5-ans-sans-electable-et-2-ans-avec.jpg\",\"width\":1200,\"height\":800,\"caption\":\"Le Pen 5 ans sans \u00e9lectable et 2 ans avec la cheville\"},{\"@type\":\"BreadcrumbList\",\"@id\":\"https:\/\/vieassociative.be\/actualites\/le-pen-5-ans-sans-electable-et-2-ans-avec-la-cheville\/#breadcrumb\",\"itemListElement\":[{\"@type\":\"ListItem\",\"position\":1,\"name\":\"Accueil\",\"item\":\"https:\/\/vieassociative.be\/actualites\/\"},{\"@type\":\"ListItem\",\"position\":2,\"name\":\"Le Pen 5 ans sans \u00e9lectable et 2 ans avec la cheville\"}]},{\"@type\":\"WebSite\",\"@id\":\"https:\/\/vieassociative.be\/actualites\/#website\",\"url\":\"https:\/\/vieassociative.be\/actualites\/\",\"name\":\"Vie Associative\",\"description\":\"\",\"publisher\":{\"@id\":\"https:\/\/vieassociative.be\/actualites\/#organization\"},\"potentialAction\":[{\"@type\":\"SearchAction\",\"target\":{\"@type\":\"EntryPoint\",\"urlTemplate\":\"https:\/\/vieassociative.be\/actualites\/?s={search_term_string}\"},\"query-input\":{\"@type\":\"PropertyValueSpecification\",\"valueRequired\":true,\"valueName\":\"search_term_string\"}}],\"inLanguage\":\"fr-BE\"},{\"@type\":\"Organization\",\"@id\":\"https:\/\/vieassociative.be\/actualites\/#organization\",\"name\":\"Vie Associative\",\"url\":\"https:\/\/vieassociative.be\/actualites\/\",\"logo\":{\"@type\":\"ImageObject\",\"inLanguage\":\"fr-BE\",\"@id\":\"https:\/\/vieassociative.be\/actualites\/#\/schema\/logo\/image\/\",\"url\":\"https:\/\/vieassociative.be\/actualites\/wp-content\/uploads\/2024\/09\/cropped-vieassociative_favicon.ico.png\",\"contentUrl\":\"https:\/\/vieassociative.be\/actualites\/wp-content\/uploads\/2024\/09\/cropped-vieassociative_favicon.ico.png\",\"width\":512,\"height\":512,\"caption\":\"Vie Associative\"},\"image\":{\"@id\":\"https:\/\/vieassociative.be\/actualites\/#\/schema\/logo\/image\/\"}},{\"@type\":\"Person\",\"@id\":\"https:\/\/vieassociative.be\/actualites\/#\/schema\/person\/b87ac4f82f9d4e7b7cec7395b679edc4\",\"name\":\"Julien\",\"image\":{\"@type\":\"ImageObject\",\"inLanguage\":\"fr-BE\",\"@id\":\"https:\/\/vieassociative.be\/actualites\/#\/schema\/person\/image\/\",\"url\":\"https:\/\/vieassociative.be\/actualites\/wp-content\/uploads\/2024\/09\/vie-associative-1-150x150.jpg\",\"contentUrl\":\"https:\/\/vieassociative.be\/actualites\/wp-content\/uploads\/2024\/09\/vie-associative-1-150x150.jpg\",\"caption\":\"Julien\"},\"description\":\"Je suis Julien, r\u00e9dacteur pour Vie Associative. Passionn\u00e9 par le monde associatif depuis plus de 10 ans, j'ai \u00e0 c\u0153ur de partager des histoires inspirantes et de mettre en lumi\u00e8re les initiatives locales. Mon objectif est de sensibiliser et d'encourager l'engagement communautaire \u00e0 travers mes articles.\",\"sameAs\":[\"https:\/\/vieassociative.be\/\"]}]}<\/script>\n<!-- \/ Yoast SEO plugin. -->","yoast_head_json":{"title":"Le Pen 5 ans sans \u00e9lectable et 2 ans avec la cheville | Vie Associative","robots":{"index":"index","follow":"follow","max-snippet":"max-snippet:-1","max-image-preview":"max-image-preview:large","max-video-preview":"max-video-preview:-1"},"canonical":"https:\/\/vieassociative.be\/actualites\/le-pen-5-ans-sans-electable-et-2-ans-avec-la-cheville\/","og_locale":"fr_FR","og_type":"article","og_title":"Le Pen 5 ans sans \u00e9lectable et 2 ans avec la cheville | Vie Associative","og_description":"Le jugement contre Marine Le Pen fait de la nationalit\u00e9 de la droite de la France. Malgr\u00e9 une \u00e9ventuelle nomination, la candidature pr\u00e9sidentielle du politicien","og_url":"https:\/\/vieassociative.be\/actualites\/le-pen-5-ans-sans-electable-et-2-ans-avec-la-cheville\/","og_site_name":"Vie Associative","article_published_time":"2025-03-31T14:19:27+00:00","og_image":[{"width":279,"height":92,"url":"https:\/\/vieassociative.be\/actualites\/wp-content\/uploads\/2024\/09\/header_backgroundk-01-e1726694325946.png","type":"image\/png"}],"author":"Julien","twitter_card":"summary_large_image","twitter_misc":{"\u00c9crit par":"Julien","Dur\u00e9e de lecture est.":"4 minutes"},"schema":{"@context":"https:\/\/schema.org","@graph":[{"@type":"Article","@id":"https:\/\/vieassociative.be\/actualites\/le-pen-5-ans-sans-electable-et-2-ans-avec-la-cheville\/#article","isPartOf":{"@id":"https:\/\/vieassociative.be\/actualites\/le-pen-5-ans-sans-electable-et-2-ans-avec-la-cheville\/"},"author":{"name":"Julien","@id":"https:\/\/vieassociative.be\/actualites\/#\/schema\/person\/b87ac4f82f9d4e7b7cec7395b679edc4"},"headline":"Le Pen 5 ans sans \u00e9lectable et 2 ans avec la cheville","datePublished":"2025-03-31T14:19:27+00:00","dateModified":"2025-03-31T14:19:27+00:00","mainEntityOfPage":{"@id":"https:\/\/vieassociative.be\/actualites\/le-pen-5-ans-sans-electable-et-2-ans-avec-la-cheville\/"},"wordCount":762,"publisher":{"@id":"https:\/\/vieassociative.be\/actualites\/#organization"},"image":{"@id":"https:\/\/vieassociative.be\/actualites\/le-pen-5-ans-sans-electable-et-2-ans-avec-la-cheville\/#primaryimage"},"thumbnailUrl":"https:\/\/vieassociative.be\/actualites\/wp-content\/uploads\/2025\/03\/1743430768_Le-Pen-5-ans-sans-electable-et-2-ans-avec.jpg","keywords":["ans","avec","cheville","\u00e9lectable","Pen","sans"],"articleSection":["Belgique"],"inLanguage":"fr-BE"},{"@type":"WebPage","@id":"https:\/\/vieassociative.be\/actualites\/le-pen-5-ans-sans-electable-et-2-ans-avec-la-cheville\/","url":"https:\/\/vieassociative.be\/actualites\/le-pen-5-ans-sans-electable-et-2-ans-avec-la-cheville\/","name":"Le Pen 5 ans sans \u00e9lectable et 2 ans avec la cheville | Vie Associative","isPartOf":{"@id":"https:\/\/vieassociative.be\/actualites\/#website"},"primaryImageOfPage":{"@id":"https:\/\/vieassociative.be\/actualites\/le-pen-5-ans-sans-electable-et-2-ans-avec-la-cheville\/#primaryimage"},"image":{"@id":"https:\/\/vieassociative.be\/actualites\/le-pen-5-ans-sans-electable-et-2-ans-avec-la-cheville\/#primaryimage"},"thumbnailUrl":"https:\/\/vieassociative.be\/actualites\/wp-content\/uploads\/2025\/03\/1743430768_Le-Pen-5-ans-sans-electable-et-2-ans-avec.jpg","datePublished":"2025-03-31T14:19:27+00:00","dateModified":"2025-03-31T14:19:27+00:00","breadcrumb":{"@id":"https:\/\/vieassociative.be\/actualites\/le-pen-5-ans-sans-electable-et-2-ans-avec-la-cheville\/#breadcrumb"},"inLanguage":"fr-BE","potentialAction":[{"@type":"ReadAction","target":["https:\/\/vieassociative.be\/actualites\/le-pen-5-ans-sans-electable-et-2-ans-avec-la-cheville\/"]}]},{"@type":"ImageObject","inLanguage":"fr-BE","@id":"https:\/\/vieassociative.be\/actualites\/le-pen-5-ans-sans-electable-et-2-ans-avec-la-cheville\/#primaryimage","url":"https:\/\/vieassociative.be\/actualites\/wp-content\/uploads\/2025\/03\/1743430768_Le-Pen-5-ans-sans-electable-et-2-ans-avec.jpg","contentUrl":"https:\/\/vieassociative.be\/actualites\/wp-content\/uploads\/2025\/03\/1743430768_Le-Pen-5-ans-sans-electable-et-2-ans-avec.jpg","width":1200,"height":800,"caption":"Le Pen 5 ans sans \u00e9lectable et 2 ans avec la cheville"},{"@type":"BreadcrumbList","@id":"https:\/\/vieassociative.be\/actualites\/le-pen-5-ans-sans-electable-et-2-ans-avec-la-cheville\/#breadcrumb","itemListElement":[{"@type":"ListItem","position":1,"name":"Accueil","item":"https:\/\/vieassociative.be\/actualites\/"},{"@type":"ListItem","position":2,"name":"Le Pen 5 ans sans \u00e9lectable et 2 ans avec la cheville"}]},{"@type":"WebSite","@id":"https:\/\/vieassociative.be\/actualites\/#website","url":"https:\/\/vieassociative.be\/actualites\/","name":"Vie Associative","description":"","publisher":{"@id":"https:\/\/vieassociative.be\/actualites\/#organization"},"potentialAction":[{"@type":"SearchAction","target":{"@type":"EntryPoint","urlTemplate":"https:\/\/vieassociative.be\/actualites\/?s={search_term_string}"},"query-input":{"@type":"PropertyValueSpecification","valueRequired":true,"valueName":"search_term_string"}}],"inLanguage":"fr-BE"},{"@type":"Organization","@id":"https:\/\/vieassociative.be\/actualites\/#organization","name":"Vie Associative","url":"https:\/\/vieassociative.be\/actualites\/","logo":{"@type":"ImageObject","inLanguage":"fr-BE","@id":"https:\/\/vieassociative.be\/actualites\/#\/schema\/logo\/image\/","url":"https:\/\/vieassociative.be\/actualites\/wp-content\/uploads\/2024\/09\/cropped-vieassociative_favicon.ico.png","contentUrl":"https:\/\/vieassociative.be\/actualites\/wp-content\/uploads\/2024\/09\/cropped-vieassociative_favicon.ico.png","width":512,"height":512,"caption":"Vie Associative"},"image":{"@id":"https:\/\/vieassociative.be\/actualites\/#\/schema\/logo\/image\/"}},{"@type":"Person","@id":"https:\/\/vieassociative.be\/actualites\/#\/schema\/person\/b87ac4f82f9d4e7b7cec7395b679edc4","name":"Julien","image":{"@type":"ImageObject","inLanguage":"fr-BE","@id":"https:\/\/vieassociative.be\/actualites\/#\/schema\/person\/image\/","url":"https:\/\/vieassociative.be\/actualites\/wp-content\/uploads\/2024\/09\/vie-associative-1-150x150.jpg","contentUrl":"https:\/\/vieassociative.be\/actualites\/wp-content\/uploads\/2024\/09\/vie-associative-1-150x150.jpg","caption":"Julien"},"description":"Je suis Julien, r\u00e9dacteur pour Vie Associative. Passionn\u00e9 par le monde associatif depuis plus de 10 ans, j'ai \u00e0 c\u0153ur de partager des histoires inspirantes et de mettre en lumi\u00e8re les initiatives locales. Mon objectif est de sensibiliser et d'encourager l'engagement communautaire \u00e0 travers mes articles.","sameAs":["https:\/\/vieassociative.be\/"]}]}},"_links":{"self":[{"href":"https:\/\/vieassociative.be\/actualites\/wp-json\/wp\/v2\/posts\/6307"}],"collection":[{"href":"https:\/\/vieassociative.be\/actualites\/wp-json\/wp\/v2\/posts"}],"about":[{"href":"https:\/\/vieassociative.be\/actualites\/wp-json\/wp\/v2\/types\/post"}],"author":[{"embeddable":true,"href":"https:\/\/vieassociative.be\/actualites\/wp-json\/wp\/v2\/users\/1"}],"replies":[{"embeddable":true,"href":"https:\/\/vieassociative.be\/actualites\/wp-json\/wp\/v2\/comments?post=6307"}],"version-history":[{"count":0,"href":"https:\/\/vieassociative.be\/actualites\/wp-json\/wp\/v2\/posts\/6307\/revisions"}],"wp:featuredmedia":[{"embeddable":true,"href":"https:\/\/vieassociative.be\/actualites\/wp-json\/wp\/v2\/media\/6308"}],"wp:attachment":[{"href":"https:\/\/vieassociative.be\/actualites\/wp-json\/wp\/v2\/media?parent=6307"}],"wp:term":[{"taxonomy":"category","embeddable":true,"href":"https:\/\/vieassociative.be\/actualites\/wp-json\/wp\/v2\/categories?post=6307"},{"taxonomy":"post_tag","embeddable":true,"href":"https:\/\/vieassociative.be\/actualites\/wp-json\/wp\/v2\/tags?post=6307"}],"curies":[{"name":"wp","href":"https:\/\/api.w.org\/{rel}","templated":true}]}}