{"id":6302,"date":"2025-03-31T12:17:44","date_gmt":"2025-03-31T10:17:44","guid":{"rendered":"https:\/\/vieassociative.be\/actualites\/tout-ce-que-vous-devez-arreter-de-faire-sur-votre-ordinateur-de-travail\/"},"modified":"2025-03-31T12:17:44","modified_gmt":"2025-03-31T10:17:44","slug":"tout-ce-que-vous-devez-arreter-de-faire-sur-votre-ordinateur-de-travail","status":"publish","type":"post","link":"https:\/\/vieassociative.be\/actualites\/tout-ce-que-vous-devez-arreter-de-faire-sur-votre-ordinateur-de-travail\/","title":{"rendered":"Tout ce que vous devez arr\u00eater de faire sur votre ordinateur de travail"},"content":{"rendered":"<div class=\"mt-4 leading-6 md:mb-8\">Supposons que vous \u00eates surveill\u00e9 et agissez en cons\u00e9quence.<\/div>\n<p><\/p>\n<p>Logiciel de surveillance des employ\u00e9s &#8211; auxquels vous pouvez vous attendre \u00e0 \u00eatre install\u00e9 en toute s\u00e9curit\u00e9 sur votre ordinateur \u00e9mis de travail &#8211; permet \u00e0 votre lieu de travail de visualiser chaque site que vous visitez, chaque e-mail que vous avez envoy\u00e9 et m\u00eame tous les mots de passe personnels que vous enregistrez. Peut-\u00eatre que vous avez d\u00e9j\u00e0 accept\u00e9 le fait que les attentes en mati\u00e8re de confidentialit\u00e9 ont \u00e9t\u00e9 essentiellement \u00e9radiqu\u00e9es. M\u00eame ainsi, ce n&rsquo;est probablement pas une excellente id\u00e9e de donner \u00e0 votre employeur un acc\u00e8s facile \u00e0 chaque moment improductif de votre journ\u00e9e, ou \u00e0 chaque blague hors couleur que vous faites sur Slack. Voici ce qu&rsquo;il faut savoir sur la fa\u00e7on dont la plupart des ordinateurs portables de travail sont surveill\u00e9s et ce que cela signifie pour votre vie priv\u00e9e en tant qu&#8217;employ\u00e9.<\/p>\n<h2 id=\"you-are-being-monitored-if-not-in-real-time\"><strong>Toi <em>sont <\/em>\u00eatre surveill\u00e9, sinon en temps r\u00e9el<\/strong><\/h2>\n<p>Selon les experts en s\u00e9curit\u00e9 de cet article de Wirecutter, vous devez supposer que oui, vous \u00eates en effet surveill\u00e9 sur votre ordinateur portable de travail. Cependant, ils soutiennent que pour la plupart d&rsquo;entre nous, la peur d&rsquo;\u00eatre fortement surveill\u00e9e au travail est injustifi\u00e9e.<\/p>\n<p>Il y a de fortes chances que lorsque vous avez re\u00e7u votre ordinateur portable \u00e9mis au travail, il est venu avec des logiciels de surveillance et de s\u00e9curit\u00e9. Cependant, la mesure dans laquelle vous \u00eates surveill\u00e9 d\u00e9pend de facteurs tels que la taille de votre entreprise, les ressources qu&rsquo;ils consacrent \u00e0 la surveillance et le type d&rsquo;informations que vous g\u00e9rez pour votre travail. Par exemple, Wirecutter souligne que si vous travaillez avec des dossiers de sant\u00e9, des donn\u00e9es financi\u00e8res ou des contrats gouvernementaux, vous pouvez compter sur votre employeur en gardant attentivement ce que vous faites.<\/p>\n<h2 id=\"from-g-suite-to-personal-desktop-folders-your-employer-can-see-it-all\"><strong>De la suite G aux dossiers de bureau personnels, votre employeur peut tout voir<\/strong><\/h2>\n<p>Business News Daily note qu &lsquo;\u00abil est important de se rappeler qu&rsquo;un appareil de travail n&rsquo;est pas votre propri\u00e9t\u00e9 &#8211; il appartient \u00e0 l&rsquo;entreprise\u00bb. Op\u00e9rez en supposant que tout ce que vous faites sur votre appareil de travail peut \u00eatre l\u00e9galement enregistr\u00e9 par votre employeur, et qu&rsquo;il est incroyablement facile d&rsquo;y acc\u00e9der. <\/p>\n<h3><strong>Histoire de la navigation: pas priv\u00e9<\/strong><\/h3>\n<p>M\u00e9fiez-vous de mener des activit\u00e9s personnelles comme le d\u00e9filement des m\u00e9dias sociaux, le travail sur une bousculade ou la recherche d&rsquo;un nouvel emploi sur votre ordinateur portable de travail. L&rsquo;acc\u00e8s de votre employeur \u00e0 ce comportement en ligne pourrait revenir pour vous mordre, Joe Rejeski, PDG et fondateur d&rsquo;Avenue X Group, Tells Glassdoor. \u00abM\u00eame si vos coll\u00e8gues font de la folie sur leurs ordinateurs de travail, vous pourriez \u00eatre celui qui est fait un exemple.\u00bb <\/p>\n<h3><strong>Google Docs: pas priv\u00e9<\/strong><\/h3>\n<p>La libert\u00e9 de la Fondation de presse aborde les raisons pour lesquelles vous ne devriez pas utiliser un compte Google \u00e9mis par l&rsquo;entreprise pour stocker vos donn\u00e9es priv\u00e9es: \u00e0 savoir, l&rsquo;administrateur avec G Suite Enterprise peut rechercher des phrases sp\u00e9cifiques dans les e-mails et documents d&rsquo;un employ\u00e9, et les employeurs peuvent \u00abconfigurer des audits pour \u00eatre inform\u00e9s d&rsquo;un comportement suspect et de cr\u00e9ation de scripts personnalis\u00e9s pour la conservation des donn\u00e9es\u00bb.<\/p>\n<h3><strong>Messager \u00e0 vos coll\u00e8gues: pas priv\u00e9<\/strong><\/h3>\n<p>Est-ce que ce manque de vie priv\u00e9e vous contrarie-t-il? Soyez prudent \u00e0 vous contrepasser sur Slack. Il est facile de se sentir comme Slack et des applications de messagerie similaires sont des conversations priv\u00e9es avec vos coll\u00e8gues, mais ces messages sont conserv\u00e9s sur un serveur et sont facilement r\u00e9cup\u00e9r\u00e9s. Slack \u00aba acc\u00e8s \u00e0 tous vos chats\u00bb, explique Trevor Timm dans une interview avec Fast Company, \u00ab(ainsi que) toute communication interne que vous ne voudrez peut-\u00eatre pas en public\u00bb, y compris des conversations priv\u00e9es. Wirecutter recommande une application tierce (comme le signal) sur votre t\u00e9l\u00e9phone personnel pour tous vos besoins de conversation secondaire.<\/p>\n<h3><strong>Dossiers de bureau: vous l&rsquo;avez devin\u00e9 &#8211; pas priv\u00e9<\/strong><\/h3>\n<p>Encore une fois, n&rsquo;oubliez pas que votre ordinateur portable \u00e9mis au travail n&rsquo;est pas votre propri\u00e9t\u00e9. Rejeski raconte \u00e0 Glassdoor une entreprise qui a fait faillite et a d\u00e9cid\u00e9 que \u00abl&rsquo;effacement en toute s\u00e9curit\u00e9 des donn\u00e9es personnelles des ordinateurs de travail n&rsquo;\u00e9tait pas exactement une priorit\u00e9 pour la gestion\u00bb. Les anciens employ\u00e9s n&rsquo;avaient aucune id\u00e9e de ce qui \u00e9tait arriv\u00e9 \u00e0 leurs ordinateurs ou aux informations stock\u00e9es sur eux, par exemple, des dossiers qui comprenaient des d\u00e9clarations de revenus, des photos de famille et d&rsquo;autres types de donn\u00e9es personnelles. <\/p>\n<div class=\"pogoClear relative my-10 border-b-(1.5px) border-t-(1.5px) border-dashed border-black py-5 sm:my-14 sm:border-0 sm:py-0\" x-cloak x-data=\"{ commentsCount: null }\" x-init=\"commentsCount = await window.openweb.getMessagesCount(1848411412)\" x-show=\"commentsCount !== null &amp;&amp; commentsCount &gt; 0\">\n<div class=\"absolute top-1\/2 hidden w-full -translate-y-1\/2 border-t-(1.5px) border-dashed border-black sm:block\"><\/div>\n<div class=\"relative flex justify-center\">\n<div class=\"flex max-w-max items-center gap-x-3 bg-white px-5\">\n<div class=\"relative\">\n                <span class=\"absolute left-1\/2 top-1\/2 -translate-x-1\/2 -translate-y-1\/2 font-akshar text-sm font-medium text-black\" x-text=\"commentsCount\"><\/span><\/p>\n<p>                <svg class=\"h-8 w-8 text-black\">\n                    <use href=\"http:\/\/lifehacker.com\/images\/icons\/spritemap.svg#sprite-chat-bubble\"><\/use>\n                <\/svg>\n            <\/div>\n<p>            <span class=\"text-sm font-medium text-black\">Que pensez-vous jusqu&rsquo;\u00e0 pr\u00e9sent? <button class=\"font-semibold text-brand-green underline hover:text-brand-green-700\" onclick=\"window.openweb.scrollToComments(1848411412)\">Publier un commentaire.<\/button><\/span>\n        <\/div>\n<\/p><\/div>\n<\/div>\n<h2 id=\"what-not-to-do-on-your-work-laptop\"><strong>Que ne pas faire sur votre ordinateur portable de travail<\/strong><\/h2>\n<p>Alors, que signifie toute cette surveillance pour vos habitudes d&rsquo;ordinateur portable? Voici un protocole g\u00e9n\u00e9ral de ce qu&rsquo;il faut \u00e9viter de faire sur vos appareils \u00e9mis au travail.<\/p>\n<ul>\n<li>\n<p><strong>N&rsquo;enregistrez pas les mots de passe personnels<\/strong>  ou stocker des informations priv\u00e9es dans les cl\u00e9s. Votre employeur pourrait th\u00e9oriquement l&rsquo;acc\u00e8s et \/ ou les essuyer \u00e0 tout moment. <\/p>\n<\/li>\n<li>\n<p><strong>Ne faites pas d\u00e9filer les m\u00e9dias sociaux<\/strong>regarder Netflix, ou faire quelque chose d&rsquo;improductif qui pourrait revenir vous hanter.<\/p>\n<\/li>\n<li>\n<p><strong>Ne parlez pas de Smack Over Slack<\/strong>ou envoyer un message \u00e0 tout ce que vous ne voudriez pas que votre employeur voie.<\/p>\n<\/li>\n<li>\n<p><strong>Ne recherchez pas de nouveaux emplois<\/strong>puisque votre employeur actuel peut voir vos habitudes de navigation. <\/p>\n<\/li>\n<li>\n<p><strong>Ne travaillez pas sur votre c\u00f4t\u00e9 bousculade<\/strong>\u00e0 moins que vous ne vouliez que les RH signalent le fait que vous travaillez pour quelqu&rsquo;un d&rsquo;autre pendant l&rsquo;entreprise. <\/p>\n<\/li>\n<li>\n<p><strong>N&rsquo;essayez pas de supprimer vous-m\u00eame le logiciel de surveillance des employ\u00e9s.<\/strong> Cela peut \u00eatre un acte de r\u00e9sistance tentant, mais cela ne fera qu&rsquo;attirer l&rsquo;attention sur vous-m\u00eame.<\/p>\n<\/li>\n<\/ul>\n<h2 id=\"best-practices-for-your-work-laptop\"><strong>Meilleures pratiques pour votre ordinateur portable de travail<\/strong><\/h2>\n<p>Voici ce que vous pouvez faire d&rsquo;autre pour minimiser l&rsquo;\u00e9tendue de la surveillance de l&#8217;employeur.<\/p>\n<ul>\n<li>\n<p>Arr\u00eatez votre ordinateur apr\u00e8s le travail. <\/p>\n<\/li>\n<li>\n<p>Couvrez votre webcam lorsqu&rsquo;il n&rsquo;est pas utilis\u00e9.<\/p>\n<\/li>\n<li>\n<p>Pour \u00e9viter d&rsquo;\u00eatre entendu, voici un conseil de ce fil Reddit: \u00ab\u00a0Achetez des \u00e9couteurs merdiques avec un micro et coupez le c\u00e2ble. Branchez-le sur votre ordinateur portable.\u00a0\u00bb Vous pouvez \u00e9galement obtenir votre propre casque avec un bouton muet mat\u00e9riel et le laisser muet jusqu&rsquo;\u00e0 ce que vous ayez besoin de parler.<\/p>\n<\/li>\n<li>\n<p>Tapez fr\u00e9quemment pour donner l&rsquo;impression que vous travaillez.<\/p>\n<\/li>\n<li>\n<p>Afin de prot\u00e9ger les donn\u00e9es pour vous-m\u00eame et votre lieu de travail, assurez-vous toujours que vous \u00eates connect\u00e9 \u00e0 une connexion Internet s\u00e9curis\u00e9e et prot\u00e9g\u00e9 par mot de passe. Ne laissez jamais votre ordinateur portable sans surveillance ou largement ouvert dans les espaces publics, surtout si vous g\u00e9rez des informations sensibles dans votre r\u00f4le. <\/p>\n<\/li>\n<\/ul>\n<h2 id=\"the-bottom-line\"><strong>La ligne de fond<\/strong><\/h2>\n<p>Vous n&rsquo;avez pas besoin de supposer que les yeux humains sont sur vous en tout temps. Cependant, si votre employeur doit trouver une raison valable de vous r\u00e9silier (par exemple dans le cas des licenciements), il a acc\u00e8s \u00e0 beaucoup de donn\u00e9es sur votre activit\u00e9 quotidienne qu&rsquo;ils peuvent parcourir r\u00e9troactivement. Heureusement, avec la connaissance de la fa\u00e7on dont vous \u00eates surveill\u00e9, vous pouvez agir en cons\u00e9quence avec les conseils en b\u00e9ton ci-dessus. <\/p>\n<p>Dans un acte de transparence radicale, je veux r\u00e9v\u00e9ler le fait que j&rsquo;ai v\u00e9rifi\u00e9 Twitter environ quarante fois dans le temps qu&rsquo;il m&rsquo;a fallu pour rechercher et \u00e9crire cet article. Oui, sur mon ordinateur portable \u00e9mis au travail. L&rsquo;ironie m&rsquo;\u00e9chappe parfois parfois. <\/p>\n","protected":false},"excerpt":{"rendered":"<p>Supposons que vous \u00eates surveill\u00e9 et agissez en cons\u00e9quence. Logiciel de surveillance des employ\u00e9s &#8211; auxquels vous pouvez vous attendre \u00e0 \u00eatre install\u00e9 en toute<\/p>\n","protected":false},"author":1,"featured_media":6303,"comment_status":"","ping_status":"","sticky":false,"template":"","format":"standard","meta":{"footnotes":""},"categories":[43],"tags":[1575,1086,127,169,33,236,504,8,4],"class_list":["post-6302","post","type-post","status-publish","format-standard","has-post-thumbnail","hentry","category-travail","tag-arreter","tag-devez","tag-faire","tag-ordinateur","tag-sur","tag-tout","tag-travail","tag-votre","tag-vous","generate-columns","tablet-grid-50","mobile-grid-100","grid-parent","grid-33"],"yoast_head":"<!-- This site is optimized with the Yoast SEO plugin v24.0 - https:\/\/yoast.com\/wordpress\/plugins\/seo\/ -->\n<title>Tout ce que vous devez arr\u00eater de faire sur votre ordinateur de travail | Vie Associative<\/title>\n<meta name=\"robots\" content=\"index, follow, max-snippet:-1, max-image-preview:large, max-video-preview:-1\" \/>\n<link rel=\"canonical\" href=\"https:\/\/vieassociative.be\/actualites\/tout-ce-que-vous-devez-arreter-de-faire-sur-votre-ordinateur-de-travail\/\" \/>\n<meta property=\"og:locale\" content=\"fr_FR\" \/>\n<meta property=\"og:type\" content=\"article\" \/>\n<meta property=\"og:title\" content=\"Tout ce que vous devez arr\u00eater de faire sur votre ordinateur de travail | Vie Associative\" \/>\n<meta property=\"og:description\" content=\"Supposons que vous \u00eates surveill\u00e9 et agissez en cons\u00e9quence. Logiciel de surveillance des employ\u00e9s &#8211; auxquels vous pouvez vous attendre \u00e0 \u00eatre install\u00e9 en toute\" \/>\n<meta property=\"og:url\" content=\"https:\/\/vieassociative.be\/actualites\/tout-ce-que-vous-devez-arreter-de-faire-sur-votre-ordinateur-de-travail\/\" \/>\n<meta property=\"og:site_name\" content=\"Vie Associative\" \/>\n<meta property=\"article:published_time\" content=\"2025-03-31T10:17:44+00:00\" \/>\n<meta property=\"og:image\" content=\"https:\/\/vieassociative.be\/actualites\/wp-content\/uploads\/2024\/09\/header_backgroundk-01-e1726694325946.png\" \/>\n\t<meta property=\"og:image:width\" content=\"279\" \/>\n\t<meta property=\"og:image:height\" content=\"92\" \/>\n\t<meta property=\"og:image:type\" content=\"image\/png\" \/>\n<meta name=\"author\" content=\"Julien\" \/>\n<meta name=\"twitter:card\" content=\"summary_large_image\" \/>\n<meta name=\"twitter:label1\" content=\"\u00c9crit par\" \/>\n\t<meta name=\"twitter:data1\" content=\"Julien\" \/>\n\t<meta name=\"twitter:label2\" content=\"Dur\u00e9e de lecture est.\" \/>\n\t<meta name=\"twitter:data2\" content=\"6 minutes\" \/>\n<script type=\"application\/ld+json\" class=\"yoast-schema-graph\">{\"@context\":\"https:\/\/schema.org\",\"@graph\":[{\"@type\":\"Article\",\"@id\":\"https:\/\/vieassociative.be\/actualites\/tout-ce-que-vous-devez-arreter-de-faire-sur-votre-ordinateur-de-travail\/#article\",\"isPartOf\":{\"@id\":\"https:\/\/vieassociative.be\/actualites\/tout-ce-que-vous-devez-arreter-de-faire-sur-votre-ordinateur-de-travail\/\"},\"author\":{\"name\":\"Julien\",\"@id\":\"https:\/\/vieassociative.be\/actualites\/#\/schema\/person\/b87ac4f82f9d4e7b7cec7395b679edc4\"},\"headline\":\"Tout ce que vous devez arr\u00eater de faire sur votre ordinateur de travail\",\"datePublished\":\"2025-03-31T10:17:44+00:00\",\"dateModified\":\"2025-03-31T10:17:44+00:00\",\"mainEntityOfPage\":{\"@id\":\"https:\/\/vieassociative.be\/actualites\/tout-ce-que-vous-devez-arreter-de-faire-sur-votre-ordinateur-de-travail\/\"},\"wordCount\":1319,\"publisher\":{\"@id\":\"https:\/\/vieassociative.be\/actualites\/#organization\"},\"image\":{\"@id\":\"https:\/\/vieassociative.be\/actualites\/tout-ce-que-vous-devez-arreter-de-faire-sur-votre-ordinateur-de-travail\/#primaryimage\"},\"thumbnailUrl\":\"https:\/\/vieassociative.be\/actualites\/wp-content\/uploads\/2025\/03\/Tout-ce-que-vous-devez-arreter-de-faire-sur-votre.jpg\",\"keywords\":[\"arr\u00eater\",\"devez\",\"faire\",\"ordinateur\",\"sur\",\"tout\",\"travail\",\"votre\",\"Vous\"],\"articleSection\":[\"Travail\"],\"inLanguage\":\"fr-BE\"},{\"@type\":\"WebPage\",\"@id\":\"https:\/\/vieassociative.be\/actualites\/tout-ce-que-vous-devez-arreter-de-faire-sur-votre-ordinateur-de-travail\/\",\"url\":\"https:\/\/vieassociative.be\/actualites\/tout-ce-que-vous-devez-arreter-de-faire-sur-votre-ordinateur-de-travail\/\",\"name\":\"Tout ce que vous devez arr\u00eater de faire sur votre ordinateur de travail | Vie Associative\",\"isPartOf\":{\"@id\":\"https:\/\/vieassociative.be\/actualites\/#website\"},\"primaryImageOfPage\":{\"@id\":\"https:\/\/vieassociative.be\/actualites\/tout-ce-que-vous-devez-arreter-de-faire-sur-votre-ordinateur-de-travail\/#primaryimage\"},\"image\":{\"@id\":\"https:\/\/vieassociative.be\/actualites\/tout-ce-que-vous-devez-arreter-de-faire-sur-votre-ordinateur-de-travail\/#primaryimage\"},\"thumbnailUrl\":\"https:\/\/vieassociative.be\/actualites\/wp-content\/uploads\/2025\/03\/Tout-ce-que-vous-devez-arreter-de-faire-sur-votre.jpg\",\"datePublished\":\"2025-03-31T10:17:44+00:00\",\"dateModified\":\"2025-03-31T10:17:44+00:00\",\"breadcrumb\":{\"@id\":\"https:\/\/vieassociative.be\/actualites\/tout-ce-que-vous-devez-arreter-de-faire-sur-votre-ordinateur-de-travail\/#breadcrumb\"},\"inLanguage\":\"fr-BE\",\"potentialAction\":[{\"@type\":\"ReadAction\",\"target\":[\"https:\/\/vieassociative.be\/actualites\/tout-ce-que-vous-devez-arreter-de-faire-sur-votre-ordinateur-de-travail\/\"]}]},{\"@type\":\"ImageObject\",\"inLanguage\":\"fr-BE\",\"@id\":\"https:\/\/vieassociative.be\/actualites\/tout-ce-que-vous-devez-arreter-de-faire-sur-votre-ordinateur-de-travail\/#primaryimage\",\"url\":\"https:\/\/vieassociative.be\/actualites\/wp-content\/uploads\/2025\/03\/Tout-ce-que-vous-devez-arreter-de-faire-sur-votre.jpg\",\"contentUrl\":\"https:\/\/vieassociative.be\/actualites\/wp-content\/uploads\/2025\/03\/Tout-ce-que-vous-devez-arreter-de-faire-sur-votre.jpg\",\"width\":1200,\"height\":675,\"caption\":\"Tout ce que vous devez arr\u00eater de faire sur votre ordinateur de travail\"},{\"@type\":\"BreadcrumbList\",\"@id\":\"https:\/\/vieassociative.be\/actualites\/tout-ce-que-vous-devez-arreter-de-faire-sur-votre-ordinateur-de-travail\/#breadcrumb\",\"itemListElement\":[{\"@type\":\"ListItem\",\"position\":1,\"name\":\"Accueil\",\"item\":\"https:\/\/vieassociative.be\/actualites\/\"},{\"@type\":\"ListItem\",\"position\":2,\"name\":\"Tout ce que vous devez arr\u00eater de faire sur votre ordinateur de travail\"}]},{\"@type\":\"WebSite\",\"@id\":\"https:\/\/vieassociative.be\/actualites\/#website\",\"url\":\"https:\/\/vieassociative.be\/actualites\/\",\"name\":\"Vie Associative\",\"description\":\"\",\"publisher\":{\"@id\":\"https:\/\/vieassociative.be\/actualites\/#organization\"},\"potentialAction\":[{\"@type\":\"SearchAction\",\"target\":{\"@type\":\"EntryPoint\",\"urlTemplate\":\"https:\/\/vieassociative.be\/actualites\/?s={search_term_string}\"},\"query-input\":{\"@type\":\"PropertyValueSpecification\",\"valueRequired\":true,\"valueName\":\"search_term_string\"}}],\"inLanguage\":\"fr-BE\"},{\"@type\":\"Organization\",\"@id\":\"https:\/\/vieassociative.be\/actualites\/#organization\",\"name\":\"Vie Associative\",\"url\":\"https:\/\/vieassociative.be\/actualites\/\",\"logo\":{\"@type\":\"ImageObject\",\"inLanguage\":\"fr-BE\",\"@id\":\"https:\/\/vieassociative.be\/actualites\/#\/schema\/logo\/image\/\",\"url\":\"https:\/\/vieassociative.be\/actualites\/wp-content\/uploads\/2024\/09\/cropped-vieassociative_favicon.ico.png\",\"contentUrl\":\"https:\/\/vieassociative.be\/actualites\/wp-content\/uploads\/2024\/09\/cropped-vieassociative_favicon.ico.png\",\"width\":512,\"height\":512,\"caption\":\"Vie Associative\"},\"image\":{\"@id\":\"https:\/\/vieassociative.be\/actualites\/#\/schema\/logo\/image\/\"}},{\"@type\":\"Person\",\"@id\":\"https:\/\/vieassociative.be\/actualites\/#\/schema\/person\/b87ac4f82f9d4e7b7cec7395b679edc4\",\"name\":\"Julien\",\"image\":{\"@type\":\"ImageObject\",\"inLanguage\":\"fr-BE\",\"@id\":\"https:\/\/vieassociative.be\/actualites\/#\/schema\/person\/image\/\",\"url\":\"https:\/\/vieassociative.be\/actualites\/wp-content\/uploads\/2024\/09\/vie-associative-1-150x150.jpg\",\"contentUrl\":\"https:\/\/vieassociative.be\/actualites\/wp-content\/uploads\/2024\/09\/vie-associative-1-150x150.jpg\",\"caption\":\"Julien\"},\"description\":\"Je suis Julien, r\u00e9dacteur pour Vie Associative. Passionn\u00e9 par le monde associatif depuis plus de 10 ans, j'ai \u00e0 c\u0153ur de partager des histoires inspirantes et de mettre en lumi\u00e8re les initiatives locales. Mon objectif est de sensibiliser et d'encourager l'engagement communautaire \u00e0 travers mes articles.\",\"sameAs\":[\"https:\/\/vieassociative.be\/\"]}]}<\/script>\n<!-- \/ Yoast SEO plugin. -->","yoast_head_json":{"title":"Tout ce que vous devez arr\u00eater de faire sur votre ordinateur de travail | Vie Associative","robots":{"index":"index","follow":"follow","max-snippet":"max-snippet:-1","max-image-preview":"max-image-preview:large","max-video-preview":"max-video-preview:-1"},"canonical":"https:\/\/vieassociative.be\/actualites\/tout-ce-que-vous-devez-arreter-de-faire-sur-votre-ordinateur-de-travail\/","og_locale":"fr_FR","og_type":"article","og_title":"Tout ce que vous devez arr\u00eater de faire sur votre ordinateur de travail | Vie Associative","og_description":"Supposons que vous \u00eates surveill\u00e9 et agissez en cons\u00e9quence. Logiciel de surveillance des employ\u00e9s &#8211; auxquels vous pouvez vous attendre \u00e0 \u00eatre install\u00e9 en toute","og_url":"https:\/\/vieassociative.be\/actualites\/tout-ce-que-vous-devez-arreter-de-faire-sur-votre-ordinateur-de-travail\/","og_site_name":"Vie Associative","article_published_time":"2025-03-31T10:17:44+00:00","og_image":[{"width":279,"height":92,"url":"https:\/\/vieassociative.be\/actualites\/wp-content\/uploads\/2024\/09\/header_backgroundk-01-e1726694325946.png","type":"image\/png"}],"author":"Julien","twitter_card":"summary_large_image","twitter_misc":{"\u00c9crit par":"Julien","Dur\u00e9e de lecture est.":"6 minutes"},"schema":{"@context":"https:\/\/schema.org","@graph":[{"@type":"Article","@id":"https:\/\/vieassociative.be\/actualites\/tout-ce-que-vous-devez-arreter-de-faire-sur-votre-ordinateur-de-travail\/#article","isPartOf":{"@id":"https:\/\/vieassociative.be\/actualites\/tout-ce-que-vous-devez-arreter-de-faire-sur-votre-ordinateur-de-travail\/"},"author":{"name":"Julien","@id":"https:\/\/vieassociative.be\/actualites\/#\/schema\/person\/b87ac4f82f9d4e7b7cec7395b679edc4"},"headline":"Tout ce que vous devez arr\u00eater de faire sur votre ordinateur de travail","datePublished":"2025-03-31T10:17:44+00:00","dateModified":"2025-03-31T10:17:44+00:00","mainEntityOfPage":{"@id":"https:\/\/vieassociative.be\/actualites\/tout-ce-que-vous-devez-arreter-de-faire-sur-votre-ordinateur-de-travail\/"},"wordCount":1319,"publisher":{"@id":"https:\/\/vieassociative.be\/actualites\/#organization"},"image":{"@id":"https:\/\/vieassociative.be\/actualites\/tout-ce-que-vous-devez-arreter-de-faire-sur-votre-ordinateur-de-travail\/#primaryimage"},"thumbnailUrl":"https:\/\/vieassociative.be\/actualites\/wp-content\/uploads\/2025\/03\/Tout-ce-que-vous-devez-arreter-de-faire-sur-votre.jpg","keywords":["arr\u00eater","devez","faire","ordinateur","sur","tout","travail","votre","Vous"],"articleSection":["Travail"],"inLanguage":"fr-BE"},{"@type":"WebPage","@id":"https:\/\/vieassociative.be\/actualites\/tout-ce-que-vous-devez-arreter-de-faire-sur-votre-ordinateur-de-travail\/","url":"https:\/\/vieassociative.be\/actualites\/tout-ce-que-vous-devez-arreter-de-faire-sur-votre-ordinateur-de-travail\/","name":"Tout ce que vous devez arr\u00eater de faire sur votre ordinateur de travail | Vie Associative","isPartOf":{"@id":"https:\/\/vieassociative.be\/actualites\/#website"},"primaryImageOfPage":{"@id":"https:\/\/vieassociative.be\/actualites\/tout-ce-que-vous-devez-arreter-de-faire-sur-votre-ordinateur-de-travail\/#primaryimage"},"image":{"@id":"https:\/\/vieassociative.be\/actualites\/tout-ce-que-vous-devez-arreter-de-faire-sur-votre-ordinateur-de-travail\/#primaryimage"},"thumbnailUrl":"https:\/\/vieassociative.be\/actualites\/wp-content\/uploads\/2025\/03\/Tout-ce-que-vous-devez-arreter-de-faire-sur-votre.jpg","datePublished":"2025-03-31T10:17:44+00:00","dateModified":"2025-03-31T10:17:44+00:00","breadcrumb":{"@id":"https:\/\/vieassociative.be\/actualites\/tout-ce-que-vous-devez-arreter-de-faire-sur-votre-ordinateur-de-travail\/#breadcrumb"},"inLanguage":"fr-BE","potentialAction":[{"@type":"ReadAction","target":["https:\/\/vieassociative.be\/actualites\/tout-ce-que-vous-devez-arreter-de-faire-sur-votre-ordinateur-de-travail\/"]}]},{"@type":"ImageObject","inLanguage":"fr-BE","@id":"https:\/\/vieassociative.be\/actualites\/tout-ce-que-vous-devez-arreter-de-faire-sur-votre-ordinateur-de-travail\/#primaryimage","url":"https:\/\/vieassociative.be\/actualites\/wp-content\/uploads\/2025\/03\/Tout-ce-que-vous-devez-arreter-de-faire-sur-votre.jpg","contentUrl":"https:\/\/vieassociative.be\/actualites\/wp-content\/uploads\/2025\/03\/Tout-ce-que-vous-devez-arreter-de-faire-sur-votre.jpg","width":1200,"height":675,"caption":"Tout ce que vous devez arr\u00eater de faire sur votre ordinateur de travail"},{"@type":"BreadcrumbList","@id":"https:\/\/vieassociative.be\/actualites\/tout-ce-que-vous-devez-arreter-de-faire-sur-votre-ordinateur-de-travail\/#breadcrumb","itemListElement":[{"@type":"ListItem","position":1,"name":"Accueil","item":"https:\/\/vieassociative.be\/actualites\/"},{"@type":"ListItem","position":2,"name":"Tout ce que vous devez arr\u00eater de faire sur votre ordinateur de travail"}]},{"@type":"WebSite","@id":"https:\/\/vieassociative.be\/actualites\/#website","url":"https:\/\/vieassociative.be\/actualites\/","name":"Vie Associative","description":"","publisher":{"@id":"https:\/\/vieassociative.be\/actualites\/#organization"},"potentialAction":[{"@type":"SearchAction","target":{"@type":"EntryPoint","urlTemplate":"https:\/\/vieassociative.be\/actualites\/?s={search_term_string}"},"query-input":{"@type":"PropertyValueSpecification","valueRequired":true,"valueName":"search_term_string"}}],"inLanguage":"fr-BE"},{"@type":"Organization","@id":"https:\/\/vieassociative.be\/actualites\/#organization","name":"Vie Associative","url":"https:\/\/vieassociative.be\/actualites\/","logo":{"@type":"ImageObject","inLanguage":"fr-BE","@id":"https:\/\/vieassociative.be\/actualites\/#\/schema\/logo\/image\/","url":"https:\/\/vieassociative.be\/actualites\/wp-content\/uploads\/2024\/09\/cropped-vieassociative_favicon.ico.png","contentUrl":"https:\/\/vieassociative.be\/actualites\/wp-content\/uploads\/2024\/09\/cropped-vieassociative_favicon.ico.png","width":512,"height":512,"caption":"Vie Associative"},"image":{"@id":"https:\/\/vieassociative.be\/actualites\/#\/schema\/logo\/image\/"}},{"@type":"Person","@id":"https:\/\/vieassociative.be\/actualites\/#\/schema\/person\/b87ac4f82f9d4e7b7cec7395b679edc4","name":"Julien","image":{"@type":"ImageObject","inLanguage":"fr-BE","@id":"https:\/\/vieassociative.be\/actualites\/#\/schema\/person\/image\/","url":"https:\/\/vieassociative.be\/actualites\/wp-content\/uploads\/2024\/09\/vie-associative-1-150x150.jpg","contentUrl":"https:\/\/vieassociative.be\/actualites\/wp-content\/uploads\/2024\/09\/vie-associative-1-150x150.jpg","caption":"Julien"},"description":"Je suis Julien, r\u00e9dacteur pour Vie Associative. Passionn\u00e9 par le monde associatif depuis plus de 10 ans, j'ai \u00e0 c\u0153ur de partager des histoires inspirantes et de mettre en lumi\u00e8re les initiatives locales. Mon objectif est de sensibiliser et d'encourager l'engagement communautaire \u00e0 travers mes articles.","sameAs":["https:\/\/vieassociative.be\/"]}]}},"_links":{"self":[{"href":"https:\/\/vieassociative.be\/actualites\/wp-json\/wp\/v2\/posts\/6302"}],"collection":[{"href":"https:\/\/vieassociative.be\/actualites\/wp-json\/wp\/v2\/posts"}],"about":[{"href":"https:\/\/vieassociative.be\/actualites\/wp-json\/wp\/v2\/types\/post"}],"author":[{"embeddable":true,"href":"https:\/\/vieassociative.be\/actualites\/wp-json\/wp\/v2\/users\/1"}],"replies":[{"embeddable":true,"href":"https:\/\/vieassociative.be\/actualites\/wp-json\/wp\/v2\/comments?post=6302"}],"version-history":[{"count":0,"href":"https:\/\/vieassociative.be\/actualites\/wp-json\/wp\/v2\/posts\/6302\/revisions"}],"wp:featuredmedia":[{"embeddable":true,"href":"https:\/\/vieassociative.be\/actualites\/wp-json\/wp\/v2\/media\/6303"}],"wp:attachment":[{"href":"https:\/\/vieassociative.be\/actualites\/wp-json\/wp\/v2\/media?parent=6302"}],"wp:term":[{"taxonomy":"category","embeddable":true,"href":"https:\/\/vieassociative.be\/actualites\/wp-json\/wp\/v2\/categories?post=6302"},{"taxonomy":"post_tag","embeddable":true,"href":"https:\/\/vieassociative.be\/actualites\/wp-json\/wp\/v2\/tags?post=6302"}],"curies":[{"name":"wp","href":"https:\/\/api.w.org\/{rel}","templated":true}]}}