{"id":6291,"date":"2025-03-30T22:18:06","date_gmt":"2025-03-30T20:18:06","guid":{"rendered":"https:\/\/vieassociative.be\/actualites\/1-0-contre-club-nxt-comme-eupen-veut-decider-au-moins-honorablement-la-saison-decevante-2024-2025\/"},"modified":"2025-03-30T22:18:06","modified_gmt":"2025-03-30T20:18:06","slug":"1-0-contre-club-nxt-comme-eupen-veut-decider-au-moins-honorablement-la-saison-decevante-2024-2025","status":"publish","type":"post","link":"https:\/\/vieassociative.be\/actualites\/1-0-contre-club-nxt-comme-eupen-veut-decider-au-moins-honorablement-la-saison-decevante-2024-2025\/","title":{"rendered":"1-0 contre Club NXT &#8211; Comme Eupen veut d\u00e9cider au moins honorablement la saison d\u00e9cevante 2024\/2025"},"content":{"rendered":"<p><strong>L&rsquo;AS Eupen n&rsquo;a r\u00e9ussi \u00e0 remporter deux matchs de suite que pour la deuxi\u00e8me fois cette saison. Apr\u00e8s la victoire 3-1 contre Francs Borains, le Black and White a battu le club NXT dimanche soir, l&rsquo;\u00e9quipe U23 du FC Bruges, 1-0 par un but de Jan Gorenc. De toute \u00e9vidence, le noir et blanc devraient honorer la saison d\u00e9cevante 2824\/2025.<\/strong><\/p>\n<p><span id=\"more-412250\"><\/span>Parce que Jong Genk avait perdu 0-1 contre Raal La Louvi\u00e8re la veille, car Eupen \u00e9tait en s\u00e9curit\u00e9 pour rester dans la Challenger Pro League avant le coup d&rsquo;envoi contre l&rsquo;\u00e9quipe U23 du FC Bruges. Et parce que 90% de la participation au tour de promotion n&rsquo;\u00e9tait plus possible (le Club NXT ne doit pas participer \u00e0 la ronde finale en tant qu&rsquo;\u00e9quipe de jeunes), le jeu entre Eupen et Club NXT n&rsquo;\u00e9tait pas trop attendu.<\/p>\n<p>La premi\u00e8re \u00e9tape \u00e0 Roeselare, o\u00f9 le Club NXT joue ses matchs \u00e0 domicile, avait remport\u00e9 Eupen 4-0. C&rsquo;\u00e9tait la meilleure performance saisonni\u00e8re du noir et blanc.<\/p>\n<div id=\"attachment_401490\" class=\"wp-caption alignleft\" style=\"max-width: 300px\"><img fetchpriority=\"high\" decoding=\"async\" class=\"wp-image-401490 size-medium\" src=\"https:\/\/vieassociative.be\/actualites\/wp-content\/uploads\/2024\/11\/Desespere-lAS-Eupen-perd-04-alors-quil-est-en-inferiorite.jpg\" alt=\"\" width=\"300\" height=\"200\"  ><\/p>\n<p class=\"wp-caption-text\">Alors que le d\u00e9fenseur Jan Gorenc a marqu\u00e9 l&rsquo;objectif de 1-0. Photo: Belga<\/p>\n<\/div>\n<p>Comme l&rsquo;entra\u00eeneur Mersad Selimbegovic a d\u00e9cid\u00e9 dans le but de Roufosse. Selon cela, les onze de d\u00e9part des h\u00f4tes semblaient comme suit: Roufosse-Paeshuyse, Gorenc, Kennedy, Alloh-Van Genecht, Baiye, D\u00e9om, Pantovic-Charles-Cook, Wedingo.<\/p>\n<p>Les joueurs d&rsquo;Eupen ont couru avec un maillot avec le num\u00e9ro 22 et le nom de Ga\u00ebtan Hendrickx, qui a subi un p\u00e9ron\u00e9 cass\u00e9 et sera port\u00e9 disparu pendant longtemps.<\/p>\n<p>La premi\u00e8re mi-temps a \u00e9t\u00e9 sans faits saillants significatifs si vous prenez un peu trop tard et que vous avez manqu\u00e9 le ballon apr\u00e8s un flanc de Charles-Cook et que vous avez rat\u00e9 le ballon apr\u00e8s un flanc de Charles-Cook et rat\u00e9 le ballon. 0: 0 La pause.<\/p>\n<p>En seconde p\u00e9riode, Eupen a d&rsquo;abord eu le plus de contacts de balle, mais sans avoir une chance claire de marquer le contraste avec l&rsquo;\u00e9quipe de jeunesse du FC Bruges, qui aurait pu prendre la t\u00eate apr\u00e8s une heure sans un d\u00e9fil\u00e9 brillant du gardien Roufosse.<\/p>\n<p>\u00c0 la 66e minute, c&rsquo;\u00e9tait le AS qui a pris les devants par Gorenc apr\u00e8s un flanc de d\u00e9som. <\/p>\n<p>La porte a donn\u00e9 la flottabilit\u00e9 en noir et blanc, mais Bruges a pouss\u00e9 \u00e0 l&rsquo;\u00e9galisation que le gardien de but d&rsquo;Eupen, Roufosse, a emp\u00each\u00e9 avec un autre d\u00e9fil\u00e9 peu avant la fin. <\/p>\n<p>Il est donc rest\u00e9 avec la victoire 1-0 de l&rsquo;As Eupen, qui est un invit\u00e9 vendredi soir \u00e0 20 h. au cinqui\u00e8me du cinqui\u00e8me de la table Sk Beveren par Christian Br\u00fcls. (Cre)<\/p>\n","protected":false},"excerpt":{"rendered":"<p>L&rsquo;AS Eupen n&rsquo;a r\u00e9ussi \u00e0 remporter deux matchs de suite que pour la deuxi\u00e8me fois cette saison. Apr\u00e8s la victoire 3-1 contre Francs Borains, le<\/p>\n","protected":false},"author":1,"featured_media":6292,"comment_status":"","ping_status":"","sticky":false,"template":"","format":"standard","meta":{"footnotes":""},"categories":[298],"tags":[269,1254,796,4626,2083,2329,6097,469,3424,690,2635],"class_list":["post-6291","post","type-post","status-publish","format-standard","has-post-thumbnail","hentry","category-belgique","tag-club","tag-comme","tag-contre","tag-decevante","tag-decider","tag-eupen","tag-honorablement","tag-moins","tag-nxt","tag-saison","tag-veut","generate-columns","tablet-grid-50","mobile-grid-100","grid-parent","grid-33"],"yoast_head":"<!-- This site is optimized with the Yoast SEO plugin v24.0 - https:\/\/yoast.com\/wordpress\/plugins\/seo\/ -->\n<title>1-0 contre Club NXT - Comme Eupen veut d\u00e9cider au moins honorablement la saison d\u00e9cevante 2024\/2025 | Vie Associative<\/title>\n<meta name=\"robots\" content=\"index, follow, max-snippet:-1, max-image-preview:large, max-video-preview:-1\" \/>\n<link rel=\"canonical\" href=\"https:\/\/vieassociative.be\/actualites\/1-0-contre-club-nxt-comme-eupen-veut-decider-au-moins-honorablement-la-saison-decevante-2024-2025\/\" \/>\n<meta property=\"og:locale\" content=\"fr_FR\" \/>\n<meta property=\"og:type\" content=\"article\" \/>\n<meta property=\"og:title\" content=\"1-0 contre Club NXT - Comme Eupen veut d\u00e9cider au moins honorablement la saison d\u00e9cevante 2024\/2025 | Vie Associative\" \/>\n<meta property=\"og:description\" content=\"L&rsquo;AS Eupen n&rsquo;a r\u00e9ussi \u00e0 remporter deux matchs de suite que pour la deuxi\u00e8me fois cette saison. Apr\u00e8s la victoire 3-1 contre Francs Borains, le\" \/>\n<meta property=\"og:url\" content=\"https:\/\/vieassociative.be\/actualites\/1-0-contre-club-nxt-comme-eupen-veut-decider-au-moins-honorablement-la-saison-decevante-2024-2025\/\" \/>\n<meta property=\"og:site_name\" content=\"Vie Associative\" \/>\n<meta property=\"article:published_time\" content=\"2025-03-30T20:18:06+00:00\" \/>\n<meta property=\"og:image\" content=\"https:\/\/vieassociative.be\/actualites\/wp-content\/uploads\/2024\/09\/header_backgroundk-01-e1726694325946.png\" \/>\n\t<meta property=\"og:image:width\" content=\"279\" \/>\n\t<meta property=\"og:image:height\" content=\"92\" \/>\n\t<meta property=\"og:image:type\" content=\"image\/png\" \/>\n<meta name=\"author\" content=\"Julien\" \/>\n<meta name=\"twitter:card\" content=\"summary_large_image\" \/>\n<meta name=\"twitter:label1\" content=\"\u00c9crit par\" \/>\n\t<meta name=\"twitter:data1\" content=\"Julien\" \/>\n\t<meta name=\"twitter:label2\" content=\"Dur\u00e9e de lecture est.\" \/>\n\t<meta name=\"twitter:data2\" content=\"2 minutes\" \/>\n<script type=\"application\/ld+json\" class=\"yoast-schema-graph\">{\"@context\":\"https:\/\/schema.org\",\"@graph\":[{\"@type\":\"Article\",\"@id\":\"https:\/\/vieassociative.be\/actualites\/1-0-contre-club-nxt-comme-eupen-veut-decider-au-moins-honorablement-la-saison-decevante-2024-2025\/#article\",\"isPartOf\":{\"@id\":\"https:\/\/vieassociative.be\/actualites\/1-0-contre-club-nxt-comme-eupen-veut-decider-au-moins-honorablement-la-saison-decevante-2024-2025\/\"},\"author\":{\"name\":\"Julien\",\"@id\":\"https:\/\/vieassociative.be\/actualites\/#\/schema\/person\/b87ac4f82f9d4e7b7cec7395b679edc4\"},\"headline\":\"1-0 contre Club NXT &#8211; Comme Eupen veut d\u00e9cider au moins honorablement la saison d\u00e9cevante 2024\/2025\",\"datePublished\":\"2025-03-30T20:18:06+00:00\",\"dateModified\":\"2025-03-30T20:18:06+00:00\",\"mainEntityOfPage\":{\"@id\":\"https:\/\/vieassociative.be\/actualites\/1-0-contre-club-nxt-comme-eupen-veut-decider-au-moins-honorablement-la-saison-decevante-2024-2025\/\"},\"wordCount\":469,\"publisher\":{\"@id\":\"https:\/\/vieassociative.be\/actualites\/#organization\"},\"image\":{\"@id\":\"https:\/\/vieassociative.be\/actualites\/1-0-contre-club-nxt-comme-eupen-veut-decider-au-moins-honorablement-la-saison-decevante-2024-2025\/#primaryimage\"},\"thumbnailUrl\":\"https:\/\/vieassociative.be\/actualites\/wp-content\/uploads\/2025\/03\/1-0-contre-Club-NXT-Comme-Eupen-veut-decider-au.jpg\",\"keywords\":[\"Club\",\"comme\",\"contre\",\"d\u00e9cevante\",\"d\u00e9cider\",\"Eupen\",\"honorablement\",\"moins\",\"NXT\",\"Saison\",\"veut\"],\"articleSection\":[\"Belgique\"],\"inLanguage\":\"fr-BE\"},{\"@type\":\"WebPage\",\"@id\":\"https:\/\/vieassociative.be\/actualites\/1-0-contre-club-nxt-comme-eupen-veut-decider-au-moins-honorablement-la-saison-decevante-2024-2025\/\",\"url\":\"https:\/\/vieassociative.be\/actualites\/1-0-contre-club-nxt-comme-eupen-veut-decider-au-moins-honorablement-la-saison-decevante-2024-2025\/\",\"name\":\"1-0 contre Club NXT - Comme Eupen veut d\u00e9cider au moins honorablement la saison d\u00e9cevante 2024\/2025 | Vie Associative\",\"isPartOf\":{\"@id\":\"https:\/\/vieassociative.be\/actualites\/#website\"},\"primaryImageOfPage\":{\"@id\":\"https:\/\/vieassociative.be\/actualites\/1-0-contre-club-nxt-comme-eupen-veut-decider-au-moins-honorablement-la-saison-decevante-2024-2025\/#primaryimage\"},\"image\":{\"@id\":\"https:\/\/vieassociative.be\/actualites\/1-0-contre-club-nxt-comme-eupen-veut-decider-au-moins-honorablement-la-saison-decevante-2024-2025\/#primaryimage\"},\"thumbnailUrl\":\"https:\/\/vieassociative.be\/actualites\/wp-content\/uploads\/2025\/03\/1-0-contre-Club-NXT-Comme-Eupen-veut-decider-au.jpg\",\"datePublished\":\"2025-03-30T20:18:06+00:00\",\"dateModified\":\"2025-03-30T20:18:06+00:00\",\"breadcrumb\":{\"@id\":\"https:\/\/vieassociative.be\/actualites\/1-0-contre-club-nxt-comme-eupen-veut-decider-au-moins-honorablement-la-saison-decevante-2024-2025\/#breadcrumb\"},\"inLanguage\":\"fr-BE\",\"potentialAction\":[{\"@type\":\"ReadAction\",\"target\":[\"https:\/\/vieassociative.be\/actualites\/1-0-contre-club-nxt-comme-eupen-veut-decider-au-moins-honorablement-la-saison-decevante-2024-2025\/\"]}]},{\"@type\":\"ImageObject\",\"inLanguage\":\"fr-BE\",\"@id\":\"https:\/\/vieassociative.be\/actualites\/1-0-contre-club-nxt-comme-eupen-veut-decider-au-moins-honorablement-la-saison-decevante-2024-2025\/#primaryimage\",\"url\":\"https:\/\/vieassociative.be\/actualites\/wp-content\/uploads\/2025\/03\/1-0-contre-Club-NXT-Comme-Eupen-veut-decider-au.jpg\",\"contentUrl\":\"https:\/\/vieassociative.be\/actualites\/wp-content\/uploads\/2025\/03\/1-0-contre-Club-NXT-Comme-Eupen-veut-decider-au.jpg\",\"width\":1200,\"height\":833,\"caption\":\"1-0 contre Club NXT - Comme Eupen veut d\u00e9cider au moins honorablement la saison d\u00e9cevante 2024\/2025\"},{\"@type\":\"BreadcrumbList\",\"@id\":\"https:\/\/vieassociative.be\/actualites\/1-0-contre-club-nxt-comme-eupen-veut-decider-au-moins-honorablement-la-saison-decevante-2024-2025\/#breadcrumb\",\"itemListElement\":[{\"@type\":\"ListItem\",\"position\":1,\"name\":\"Accueil\",\"item\":\"https:\/\/vieassociative.be\/actualites\/\"},{\"@type\":\"ListItem\",\"position\":2,\"name\":\"1-0 contre Club NXT &#8211; Comme Eupen veut d\u00e9cider au moins honorablement la saison d\u00e9cevante 2024\/2025\"}]},{\"@type\":\"WebSite\",\"@id\":\"https:\/\/vieassociative.be\/actualites\/#website\",\"url\":\"https:\/\/vieassociative.be\/actualites\/\",\"name\":\"Vie Associative\",\"description\":\"\",\"publisher\":{\"@id\":\"https:\/\/vieassociative.be\/actualites\/#organization\"},\"potentialAction\":[{\"@type\":\"SearchAction\",\"target\":{\"@type\":\"EntryPoint\",\"urlTemplate\":\"https:\/\/vieassociative.be\/actualites\/?s={search_term_string}\"},\"query-input\":{\"@type\":\"PropertyValueSpecification\",\"valueRequired\":true,\"valueName\":\"search_term_string\"}}],\"inLanguage\":\"fr-BE\"},{\"@type\":\"Organization\",\"@id\":\"https:\/\/vieassociative.be\/actualites\/#organization\",\"name\":\"Vie Associative\",\"url\":\"https:\/\/vieassociative.be\/actualites\/\",\"logo\":{\"@type\":\"ImageObject\",\"inLanguage\":\"fr-BE\",\"@id\":\"https:\/\/vieassociative.be\/actualites\/#\/schema\/logo\/image\/\",\"url\":\"https:\/\/vieassociative.be\/actualites\/wp-content\/uploads\/2024\/09\/cropped-vieassociative_favicon.ico.png\",\"contentUrl\":\"https:\/\/vieassociative.be\/actualites\/wp-content\/uploads\/2024\/09\/cropped-vieassociative_favicon.ico.png\",\"width\":512,\"height\":512,\"caption\":\"Vie Associative\"},\"image\":{\"@id\":\"https:\/\/vieassociative.be\/actualites\/#\/schema\/logo\/image\/\"}},{\"@type\":\"Person\",\"@id\":\"https:\/\/vieassociative.be\/actualites\/#\/schema\/person\/b87ac4f82f9d4e7b7cec7395b679edc4\",\"name\":\"Julien\",\"image\":{\"@type\":\"ImageObject\",\"inLanguage\":\"fr-BE\",\"@id\":\"https:\/\/vieassociative.be\/actualites\/#\/schema\/person\/image\/\",\"url\":\"https:\/\/vieassociative.be\/actualites\/wp-content\/uploads\/2024\/09\/vie-associative-1-150x150.jpg\",\"contentUrl\":\"https:\/\/vieassociative.be\/actualites\/wp-content\/uploads\/2024\/09\/vie-associative-1-150x150.jpg\",\"caption\":\"Julien\"},\"description\":\"Je suis Julien, r\u00e9dacteur pour Vie Associative. Passionn\u00e9 par le monde associatif depuis plus de 10 ans, j'ai \u00e0 c\u0153ur de partager des histoires inspirantes et de mettre en lumi\u00e8re les initiatives locales. Mon objectif est de sensibiliser et d'encourager l'engagement communautaire \u00e0 travers mes articles.\",\"sameAs\":[\"https:\/\/vieassociative.be\/\"]}]}<\/script>\n<!-- \/ Yoast SEO plugin. -->","yoast_head_json":{"title":"1-0 contre Club NXT - Comme Eupen veut d\u00e9cider au moins honorablement la saison d\u00e9cevante 2024\/2025 | Vie Associative","robots":{"index":"index","follow":"follow","max-snippet":"max-snippet:-1","max-image-preview":"max-image-preview:large","max-video-preview":"max-video-preview:-1"},"canonical":"https:\/\/vieassociative.be\/actualites\/1-0-contre-club-nxt-comme-eupen-veut-decider-au-moins-honorablement-la-saison-decevante-2024-2025\/","og_locale":"fr_FR","og_type":"article","og_title":"1-0 contre Club NXT - Comme Eupen veut d\u00e9cider au moins honorablement la saison d\u00e9cevante 2024\/2025 | Vie Associative","og_description":"L&rsquo;AS Eupen n&rsquo;a r\u00e9ussi \u00e0 remporter deux matchs de suite que pour la deuxi\u00e8me fois cette saison. Apr\u00e8s la victoire 3-1 contre Francs Borains, le","og_url":"https:\/\/vieassociative.be\/actualites\/1-0-contre-club-nxt-comme-eupen-veut-decider-au-moins-honorablement-la-saison-decevante-2024-2025\/","og_site_name":"Vie Associative","article_published_time":"2025-03-30T20:18:06+00:00","og_image":[{"width":279,"height":92,"url":"https:\/\/vieassociative.be\/actualites\/wp-content\/uploads\/2024\/09\/header_backgroundk-01-e1726694325946.png","type":"image\/png"}],"author":"Julien","twitter_card":"summary_large_image","twitter_misc":{"\u00c9crit par":"Julien","Dur\u00e9e de lecture est.":"2 minutes"},"schema":{"@context":"https:\/\/schema.org","@graph":[{"@type":"Article","@id":"https:\/\/vieassociative.be\/actualites\/1-0-contre-club-nxt-comme-eupen-veut-decider-au-moins-honorablement-la-saison-decevante-2024-2025\/#article","isPartOf":{"@id":"https:\/\/vieassociative.be\/actualites\/1-0-contre-club-nxt-comme-eupen-veut-decider-au-moins-honorablement-la-saison-decevante-2024-2025\/"},"author":{"name":"Julien","@id":"https:\/\/vieassociative.be\/actualites\/#\/schema\/person\/b87ac4f82f9d4e7b7cec7395b679edc4"},"headline":"1-0 contre Club NXT &#8211; Comme Eupen veut d\u00e9cider au moins honorablement la saison d\u00e9cevante 2024\/2025","datePublished":"2025-03-30T20:18:06+00:00","dateModified":"2025-03-30T20:18:06+00:00","mainEntityOfPage":{"@id":"https:\/\/vieassociative.be\/actualites\/1-0-contre-club-nxt-comme-eupen-veut-decider-au-moins-honorablement-la-saison-decevante-2024-2025\/"},"wordCount":469,"publisher":{"@id":"https:\/\/vieassociative.be\/actualites\/#organization"},"image":{"@id":"https:\/\/vieassociative.be\/actualites\/1-0-contre-club-nxt-comme-eupen-veut-decider-au-moins-honorablement-la-saison-decevante-2024-2025\/#primaryimage"},"thumbnailUrl":"https:\/\/vieassociative.be\/actualites\/wp-content\/uploads\/2025\/03\/1-0-contre-Club-NXT-Comme-Eupen-veut-decider-au.jpg","keywords":["Club","comme","contre","d\u00e9cevante","d\u00e9cider","Eupen","honorablement","moins","NXT","Saison","veut"],"articleSection":["Belgique"],"inLanguage":"fr-BE"},{"@type":"WebPage","@id":"https:\/\/vieassociative.be\/actualites\/1-0-contre-club-nxt-comme-eupen-veut-decider-au-moins-honorablement-la-saison-decevante-2024-2025\/","url":"https:\/\/vieassociative.be\/actualites\/1-0-contre-club-nxt-comme-eupen-veut-decider-au-moins-honorablement-la-saison-decevante-2024-2025\/","name":"1-0 contre Club NXT - Comme Eupen veut d\u00e9cider au moins honorablement la saison d\u00e9cevante 2024\/2025 | Vie Associative","isPartOf":{"@id":"https:\/\/vieassociative.be\/actualites\/#website"},"primaryImageOfPage":{"@id":"https:\/\/vieassociative.be\/actualites\/1-0-contre-club-nxt-comme-eupen-veut-decider-au-moins-honorablement-la-saison-decevante-2024-2025\/#primaryimage"},"image":{"@id":"https:\/\/vieassociative.be\/actualites\/1-0-contre-club-nxt-comme-eupen-veut-decider-au-moins-honorablement-la-saison-decevante-2024-2025\/#primaryimage"},"thumbnailUrl":"https:\/\/vieassociative.be\/actualites\/wp-content\/uploads\/2025\/03\/1-0-contre-Club-NXT-Comme-Eupen-veut-decider-au.jpg","datePublished":"2025-03-30T20:18:06+00:00","dateModified":"2025-03-30T20:18:06+00:00","breadcrumb":{"@id":"https:\/\/vieassociative.be\/actualites\/1-0-contre-club-nxt-comme-eupen-veut-decider-au-moins-honorablement-la-saison-decevante-2024-2025\/#breadcrumb"},"inLanguage":"fr-BE","potentialAction":[{"@type":"ReadAction","target":["https:\/\/vieassociative.be\/actualites\/1-0-contre-club-nxt-comme-eupen-veut-decider-au-moins-honorablement-la-saison-decevante-2024-2025\/"]}]},{"@type":"ImageObject","inLanguage":"fr-BE","@id":"https:\/\/vieassociative.be\/actualites\/1-0-contre-club-nxt-comme-eupen-veut-decider-au-moins-honorablement-la-saison-decevante-2024-2025\/#primaryimage","url":"https:\/\/vieassociative.be\/actualites\/wp-content\/uploads\/2025\/03\/1-0-contre-Club-NXT-Comme-Eupen-veut-decider-au.jpg","contentUrl":"https:\/\/vieassociative.be\/actualites\/wp-content\/uploads\/2025\/03\/1-0-contre-Club-NXT-Comme-Eupen-veut-decider-au.jpg","width":1200,"height":833,"caption":"1-0 contre Club NXT - Comme Eupen veut d\u00e9cider au moins honorablement la saison d\u00e9cevante 2024\/2025"},{"@type":"BreadcrumbList","@id":"https:\/\/vieassociative.be\/actualites\/1-0-contre-club-nxt-comme-eupen-veut-decider-au-moins-honorablement-la-saison-decevante-2024-2025\/#breadcrumb","itemListElement":[{"@type":"ListItem","position":1,"name":"Accueil","item":"https:\/\/vieassociative.be\/actualites\/"},{"@type":"ListItem","position":2,"name":"1-0 contre Club NXT &#8211; Comme Eupen veut d\u00e9cider au moins honorablement la saison d\u00e9cevante 2024\/2025"}]},{"@type":"WebSite","@id":"https:\/\/vieassociative.be\/actualites\/#website","url":"https:\/\/vieassociative.be\/actualites\/","name":"Vie Associative","description":"","publisher":{"@id":"https:\/\/vieassociative.be\/actualites\/#organization"},"potentialAction":[{"@type":"SearchAction","target":{"@type":"EntryPoint","urlTemplate":"https:\/\/vieassociative.be\/actualites\/?s={search_term_string}"},"query-input":{"@type":"PropertyValueSpecification","valueRequired":true,"valueName":"search_term_string"}}],"inLanguage":"fr-BE"},{"@type":"Organization","@id":"https:\/\/vieassociative.be\/actualites\/#organization","name":"Vie Associative","url":"https:\/\/vieassociative.be\/actualites\/","logo":{"@type":"ImageObject","inLanguage":"fr-BE","@id":"https:\/\/vieassociative.be\/actualites\/#\/schema\/logo\/image\/","url":"https:\/\/vieassociative.be\/actualites\/wp-content\/uploads\/2024\/09\/cropped-vieassociative_favicon.ico.png","contentUrl":"https:\/\/vieassociative.be\/actualites\/wp-content\/uploads\/2024\/09\/cropped-vieassociative_favicon.ico.png","width":512,"height":512,"caption":"Vie Associative"},"image":{"@id":"https:\/\/vieassociative.be\/actualites\/#\/schema\/logo\/image\/"}},{"@type":"Person","@id":"https:\/\/vieassociative.be\/actualites\/#\/schema\/person\/b87ac4f82f9d4e7b7cec7395b679edc4","name":"Julien","image":{"@type":"ImageObject","inLanguage":"fr-BE","@id":"https:\/\/vieassociative.be\/actualites\/#\/schema\/person\/image\/","url":"https:\/\/vieassociative.be\/actualites\/wp-content\/uploads\/2024\/09\/vie-associative-1-150x150.jpg","contentUrl":"https:\/\/vieassociative.be\/actualites\/wp-content\/uploads\/2024\/09\/vie-associative-1-150x150.jpg","caption":"Julien"},"description":"Je suis Julien, r\u00e9dacteur pour Vie Associative. Passionn\u00e9 par le monde associatif depuis plus de 10 ans, j'ai \u00e0 c\u0153ur de partager des histoires inspirantes et de mettre en lumi\u00e8re les initiatives locales. Mon objectif est de sensibiliser et d'encourager l'engagement communautaire \u00e0 travers mes articles.","sameAs":["https:\/\/vieassociative.be\/"]}]}},"_links":{"self":[{"href":"https:\/\/vieassociative.be\/actualites\/wp-json\/wp\/v2\/posts\/6291"}],"collection":[{"href":"https:\/\/vieassociative.be\/actualites\/wp-json\/wp\/v2\/posts"}],"about":[{"href":"https:\/\/vieassociative.be\/actualites\/wp-json\/wp\/v2\/types\/post"}],"author":[{"embeddable":true,"href":"https:\/\/vieassociative.be\/actualites\/wp-json\/wp\/v2\/users\/1"}],"replies":[{"embeddable":true,"href":"https:\/\/vieassociative.be\/actualites\/wp-json\/wp\/v2\/comments?post=6291"}],"version-history":[{"count":0,"href":"https:\/\/vieassociative.be\/actualites\/wp-json\/wp\/v2\/posts\/6291\/revisions"}],"wp:featuredmedia":[{"embeddable":true,"href":"https:\/\/vieassociative.be\/actualites\/wp-json\/wp\/v2\/media\/6292"}],"wp:attachment":[{"href":"https:\/\/vieassociative.be\/actualites\/wp-json\/wp\/v2\/media?parent=6291"}],"wp:term":[{"taxonomy":"category","embeddable":true,"href":"https:\/\/vieassociative.be\/actualites\/wp-json\/wp\/v2\/categories?post=6291"},{"taxonomy":"post_tag","embeddable":true,"href":"https:\/\/vieassociative.be\/actualites\/wp-json\/wp\/v2\/tags?post=6291"}],"curies":[{"name":"wp","href":"https:\/\/api.w.org\/{rel}","templated":true}]}}