{"id":6289,"date":"2025-03-30T21:19:12","date_gmt":"2025-03-30T19:19:12","guid":{"rendered":"https:\/\/vieassociative.be\/actualites\/le-nouveau-flux-damis-de-facebook-vous-permet-de-faire-defiler-comme-si-cetait-2008\/"},"modified":"2025-03-30T21:19:12","modified_gmt":"2025-03-30T19:19:12","slug":"le-nouveau-flux-damis-de-facebook-vous-permet-de-faire-defiler-comme-si-cetait-2008","status":"publish","type":"post","link":"https:\/\/vieassociative.be\/actualites\/le-nouveau-flux-damis-de-facebook-vous-permet-de-faire-defiler-comme-si-cetait-2008\/","title":{"rendered":"Le nouveau flux d&rsquo;amis de Facebook vous permet de faire d\u00e9filer comme si c&rsquo;\u00e9tait 2008"},"content":{"rendered":"<div class=\"mt-4 leading-6 md:mb-8\">\u00ab\u00a0OG\u00a0\u00bb Facebook est tellement de retour, dans ce seul flux.<\/div>\n<p><\/p>\n<p>Facebook veut \u00eatre \u00e0 nouveau votre ami, en vous montrant ce que font vos vrais amis. Dans une tentative de se sauver des images AI Sols et Clickbaity qui sont partout dans son flux algorithmique, Facebook met d\u00e9sormais \u00e0 jour l&rsquo;onglet Friends Dedited Friends de son application mobile pour \u00eatre un flux entier, vous montrant des mises \u00e0 jour uniquement \u00e0 partir des vraies personnes qui vous tiennent vraiment \u00e0 c\u0153ur. C&rsquo;est un changement assez important, car avant, tout ce que l&rsquo;onglet des amis a fait \u00e9tait de vous montrer des demandes d&rsquo;amis et des gens que vous connaissez peut-\u00eatre.<\/p>\n<p>Selon Facebook, l&rsquo;onglet New Friends est l&rsquo;une des \u00ab\u00a0plusieurs exp\u00e9riences de Facebook OG\u00a0\u00bb \u00ab\u00a0qui devraient \u00eatre publi\u00e9es tout au long de l&rsquo;ann\u00e9e, donc ce n&rsquo;est que le d\u00e9but. Cela dit, alors que la nouvelle fonctionnalit\u00e9 a commenc\u00e9 \u00e0 d\u00e9ployer hier aux \u00c9tats-Unis et au Canada, il n&rsquo;y a pas encore de calendrier pour un d\u00e9ploiement mondial.<\/p>\n<h2 id=\"how-does-the-new-friends-feed-work\">Comment fonctionne les nouveaux amis?<\/h2>\n<div class=\"eloquent-imagery-image\">\n<div class=\"flex justify-center\">\n                    <img decoding=\"async\" class=\"border border-gray-100\" src=\"https:\/\/vieassociative.be\/actualites\/wp-content\/uploads\/2025\/03\/Le-nouveau-flux-damis-de-Facebook-vous-permet-de-faire.png\" alt=\"Onglet d'amis facebook\" width=\"2000\" height=\"1742\" loading=\"lazy\"  >\n            <\/div>\n<\/p><\/div>\n<p>En plus d&rsquo;avoir des boutons en haut pour voir les demandes d&rsquo;amis, les anniversaires et les suggestions \u00e0 suivre, l&rsquo;onglet Friends vous permettra maintenant de faire d\u00e9filer vers le bas pour voir les histoires, les bobines et les messages de votre ami, comme dans le bon vieux temps. Cela ne semble toujours pas enti\u00e8rement chronologique &#8211; Facebook n&rsquo;a pas \u00e9t\u00e9 clair sur la fa\u00e7on dont les messages sur cet onglet sont organis\u00e9s, mais bon, c&rsquo;est un d\u00e9but.<\/p>\n<h2 id=\"how-to-pin-the-friends-feed-to-the-tab-bar\">Comment \u00e9pingler les amis Feed \u00e0 la barre d&rsquo;onglet<\/h2>\n<p>Par d\u00e9faut, le flux des nouveaux amis est assez cach\u00e9. Ne vous attendez pas \u00e0 le voir \u00e0 l&rsquo;avant et au centre simplement parce que vous avez mis \u00e0 jour l&rsquo;application Facebook. Vous devriez le trouver dans la barre de navigation de votre flux de maison en tout le bas de votre \u00e9cran, cach\u00e9 derri\u00e8re une ic\u00f4ne repr\u00e9sentant une personne debout devant une autre. Mais si vous ne le voyez pas, vous pouvez \u00e9galement l&rsquo;\u00e9pingler votre barre de navigation manuellement. Pour ce faire, cliquez sur votre <strong>Profil<\/strong> image et aller \u00e0 <strong>Param\u00e8tres et confidentialit\u00e9<\/strong> > <strong>Param\u00e8tres<\/strong> > <strong>Barre d&rsquo;onglet<\/strong>. Ici, cliquez sur le bouton \u00e0 c\u00f4t\u00e9 de <strong>Amis<\/strong> et choisissez le <strong>\u00c9pingle<\/strong> option.<\/p>\n<div class=\"pogoClear relative my-10 border-b-(1.5px) border-t-(1.5px) border-dashed border-black py-5 sm:my-14 sm:border-0 sm:py-0\" x-cloak x-data=\"{ commentsCount: null }\" x-init=\"commentsCount = await window.openweb.getMessagesCount(122468)\" x-show=\"commentsCount !== null &amp;&amp; commentsCount &gt; 0\">\n<div class=\"absolute top-1\/2 hidden w-full -translate-y-1\/2 border-t-(1.5px) border-dashed border-black sm:block\"><\/div>\n<div class=\"relative flex justify-center\">\n<div class=\"flex max-w-max items-center gap-x-3 bg-white px-5\">\n<div class=\"relative\">\n                <span class=\"absolute left-1\/2 top-1\/2 -translate-x-1\/2 -translate-y-1\/2 font-akshar text-sm font-medium text-black\" x-text=\"commentsCount\"><\/span><\/p>\n<p>                <svg class=\"h-8 w-8 text-black\">\n                    <use href=\"http:\/\/lifehacker.com\/images\/icons\/spritemap.svg#sprite-chat-bubble\"><\/use>\n                <\/svg>\n            <\/div>\n<p>            <span class=\"text-sm font-medium text-black\">Que pensez-vous jusqu&rsquo;\u00e0 pr\u00e9sent? <button class=\"font-semibold text-brand-green underline hover:text-brand-green-700\" onclick=\"window.openweb.scrollToComments(122468)\">Publier un commentaire.<\/button><\/span>\n        <\/div>\n<\/p><\/div>\n<\/div>\n<div class=\"eloquent-imagery-image\">\n<div class=\"flex justify-center\">\n                    <img decoding=\"async\" class=\"border border-gray-100\" src=\"https:\/\/vieassociative.be\/actualites\/wp-content\/uploads\/2025\/03\/1743362352_917_Le-nouveau-flux-damis-de-Facebook-vous-permet-de-faire.png\" alt=\"Onglets de signets sur Facebook\" width=\"2000\" height=\"1739\" loading=\"lazy\"  >\n            <\/div>\n<\/p><\/div>\n<p>Maintenant, le flux d&rsquo;amis sera disponible dans la barre d&rsquo;onglet. Vous pouvez appuyer et maintenir l&rsquo;onglet Friends pour le d\u00e9faire si vous ne souhaitez pas utiliser cette fonctionnalit\u00e9.<\/p>\n<p>H\u00e9, vous ne pouvez pas d\u00e9sactiver Meta IA, mais voir les mises \u00e0 jour de la vie de votre ami est au moins quelque chose.<\/p>\n","protected":false},"excerpt":{"rendered":"<p>\u00ab\u00a0OG\u00a0\u00bb Facebook est tellement de retour, dans ce seul flux. Facebook veut \u00eatre \u00e0 nouveau votre ami, en vous montrant ce que font vos vrais<\/p>\n","protected":false},"author":1,"featured_media":6290,"comment_status":"","ping_status":"","sticky":false,"template":"","format":"standard","meta":{"footnotes":""},"categories":[13],"tags":[5071,1254,6095,6096,3889,127,34,553,338,4],"class_list":["post-6289","post","type-post","status-publish","format-standard","has-post-thumbnail","hentry","category-technologie","tag-cetait","tag-comme","tag-damis","tag-defiler","tag-facebook","tag-faire","tag-flux","tag-nouveau","tag-permet","tag-vous","generate-columns","tablet-grid-50","mobile-grid-100","grid-parent","grid-33"],"yoast_head":"<!-- This site is optimized with the Yoast SEO plugin v24.0 - https:\/\/yoast.com\/wordpress\/plugins\/seo\/ -->\n<title>Le nouveau flux d&#039;amis de Facebook vous permet de faire d\u00e9filer comme si c&#039;\u00e9tait 2008 | Vie Associative<\/title>\n<meta name=\"robots\" content=\"index, follow, max-snippet:-1, max-image-preview:large, max-video-preview:-1\" \/>\n<link rel=\"canonical\" href=\"https:\/\/vieassociative.be\/actualites\/le-nouveau-flux-damis-de-facebook-vous-permet-de-faire-defiler-comme-si-cetait-2008\/\" \/>\n<meta property=\"og:locale\" content=\"fr_FR\" \/>\n<meta property=\"og:type\" content=\"article\" \/>\n<meta property=\"og:title\" content=\"Le nouveau flux d&#039;amis de Facebook vous permet de faire d\u00e9filer comme si c&#039;\u00e9tait 2008 | Vie Associative\" \/>\n<meta property=\"og:description\" content=\"\u00ab\u00a0OG\u00a0\u00bb Facebook est tellement de retour, dans ce seul flux. Facebook veut \u00eatre \u00e0 nouveau votre ami, en vous montrant ce que font vos vrais\" \/>\n<meta property=\"og:url\" content=\"https:\/\/vieassociative.be\/actualites\/le-nouveau-flux-damis-de-facebook-vous-permet-de-faire-defiler-comme-si-cetait-2008\/\" \/>\n<meta property=\"og:site_name\" content=\"Vie Associative\" \/>\n<meta property=\"article:published_time\" content=\"2025-03-30T19:19:12+00:00\" \/>\n<meta property=\"og:image\" content=\"https:\/\/vieassociative.be\/actualites\/wp-content\/uploads\/2025\/03\/Le-nouveau-flux-damis-de-Facebook-vous-permet-de-faire.png\" \/>\n<meta name=\"author\" content=\"Julien\" \/>\n<meta name=\"twitter:card\" content=\"summary_large_image\" \/>\n<meta name=\"twitter:label1\" content=\"\u00c9crit par\" \/>\n\t<meta name=\"twitter:data1\" content=\"Julien\" \/>\n\t<meta name=\"twitter:label2\" content=\"Dur\u00e9e de lecture est.\" \/>\n\t<meta name=\"twitter:data2\" content=\"2 minutes\" \/>\n<script type=\"application\/ld+json\" class=\"yoast-schema-graph\">{\"@context\":\"https:\/\/schema.org\",\"@graph\":[{\"@type\":\"Article\",\"@id\":\"https:\/\/vieassociative.be\/actualites\/le-nouveau-flux-damis-de-facebook-vous-permet-de-faire-defiler-comme-si-cetait-2008\/#article\",\"isPartOf\":{\"@id\":\"https:\/\/vieassociative.be\/actualites\/le-nouveau-flux-damis-de-facebook-vous-permet-de-faire-defiler-comme-si-cetait-2008\/\"},\"author\":{\"name\":\"Julien\",\"@id\":\"https:\/\/vieassociative.be\/actualites\/#\/schema\/person\/b87ac4f82f9d4e7b7cec7395b679edc4\"},\"headline\":\"Le nouveau flux d&rsquo;amis de Facebook vous permet de faire d\u00e9filer comme si c&rsquo;\u00e9tait 2008\",\"datePublished\":\"2025-03-30T19:19:12+00:00\",\"dateModified\":\"2025-03-30T19:19:12+00:00\",\"mainEntityOfPage\":{\"@id\":\"https:\/\/vieassociative.be\/actualites\/le-nouveau-flux-damis-de-facebook-vous-permet-de-faire-defiler-comme-si-cetait-2008\/\"},\"wordCount\":477,\"publisher\":{\"@id\":\"https:\/\/vieassociative.be\/actualites\/#organization\"},\"image\":{\"@id\":\"https:\/\/vieassociative.be\/actualites\/le-nouveau-flux-damis-de-facebook-vous-permet-de-faire-defiler-comme-si-cetait-2008\/#primaryimage\"},\"thumbnailUrl\":\"https:\/\/vieassociative.be\/actualites\/wp-content\/uploads\/2025\/03\/1743362353_Le-nouveau-flux-damis-de-Facebook-vous-permet-de-faire.png\",\"keywords\":[\"c\u00e9tait\",\"comme\",\"damis\",\"d\u00e9filer\",\"Facebook\",\"faire\",\"flux\",\"nouveau\",\"permet\",\"Vous\"],\"articleSection\":[\"Technologie\"],\"inLanguage\":\"fr-BE\"},{\"@type\":\"WebPage\",\"@id\":\"https:\/\/vieassociative.be\/actualites\/le-nouveau-flux-damis-de-facebook-vous-permet-de-faire-defiler-comme-si-cetait-2008\/\",\"url\":\"https:\/\/vieassociative.be\/actualites\/le-nouveau-flux-damis-de-facebook-vous-permet-de-faire-defiler-comme-si-cetait-2008\/\",\"name\":\"Le nouveau flux d'amis de Facebook vous permet de faire d\u00e9filer comme si c'\u00e9tait 2008 | Vie Associative\",\"isPartOf\":{\"@id\":\"https:\/\/vieassociative.be\/actualites\/#website\"},\"primaryImageOfPage\":{\"@id\":\"https:\/\/vieassociative.be\/actualites\/le-nouveau-flux-damis-de-facebook-vous-permet-de-faire-defiler-comme-si-cetait-2008\/#primaryimage\"},\"image\":{\"@id\":\"https:\/\/vieassociative.be\/actualites\/le-nouveau-flux-damis-de-facebook-vous-permet-de-faire-defiler-comme-si-cetait-2008\/#primaryimage\"},\"thumbnailUrl\":\"https:\/\/vieassociative.be\/actualites\/wp-content\/uploads\/2025\/03\/1743362353_Le-nouveau-flux-damis-de-Facebook-vous-permet-de-faire.png\",\"datePublished\":\"2025-03-30T19:19:12+00:00\",\"dateModified\":\"2025-03-30T19:19:12+00:00\",\"breadcrumb\":{\"@id\":\"https:\/\/vieassociative.be\/actualites\/le-nouveau-flux-damis-de-facebook-vous-permet-de-faire-defiler-comme-si-cetait-2008\/#breadcrumb\"},\"inLanguage\":\"fr-BE\",\"potentialAction\":[{\"@type\":\"ReadAction\",\"target\":[\"https:\/\/vieassociative.be\/actualites\/le-nouveau-flux-damis-de-facebook-vous-permet-de-faire-defiler-comme-si-cetait-2008\/\"]}]},{\"@type\":\"ImageObject\",\"inLanguage\":\"fr-BE\",\"@id\":\"https:\/\/vieassociative.be\/actualites\/le-nouveau-flux-damis-de-facebook-vous-permet-de-faire-defiler-comme-si-cetait-2008\/#primaryimage\",\"url\":\"https:\/\/vieassociative.be\/actualites\/wp-content\/uploads\/2025\/03\/1743362353_Le-nouveau-flux-damis-de-Facebook-vous-permet-de-faire.png\",\"contentUrl\":\"https:\/\/vieassociative.be\/actualites\/wp-content\/uploads\/2025\/03\/1743362353_Le-nouveau-flux-damis-de-Facebook-vous-permet-de-faire.png\",\"width\":1200,\"height\":675,\"caption\":\"Le nouveau flux d'amis de Facebook vous permet de faire d\u00e9filer comme si c'\u00e9tait 2008\"},{\"@type\":\"BreadcrumbList\",\"@id\":\"https:\/\/vieassociative.be\/actualites\/le-nouveau-flux-damis-de-facebook-vous-permet-de-faire-defiler-comme-si-cetait-2008\/#breadcrumb\",\"itemListElement\":[{\"@type\":\"ListItem\",\"position\":1,\"name\":\"Accueil\",\"item\":\"https:\/\/vieassociative.be\/actualites\/\"},{\"@type\":\"ListItem\",\"position\":2,\"name\":\"Le nouveau flux d&rsquo;amis de Facebook vous permet de faire d\u00e9filer comme si c&rsquo;\u00e9tait 2008\"}]},{\"@type\":\"WebSite\",\"@id\":\"https:\/\/vieassociative.be\/actualites\/#website\",\"url\":\"https:\/\/vieassociative.be\/actualites\/\",\"name\":\"Vie Associative\",\"description\":\"\",\"publisher\":{\"@id\":\"https:\/\/vieassociative.be\/actualites\/#organization\"},\"potentialAction\":[{\"@type\":\"SearchAction\",\"target\":{\"@type\":\"EntryPoint\",\"urlTemplate\":\"https:\/\/vieassociative.be\/actualites\/?s={search_term_string}\"},\"query-input\":{\"@type\":\"PropertyValueSpecification\",\"valueRequired\":true,\"valueName\":\"search_term_string\"}}],\"inLanguage\":\"fr-BE\"},{\"@type\":\"Organization\",\"@id\":\"https:\/\/vieassociative.be\/actualites\/#organization\",\"name\":\"Vie Associative\",\"url\":\"https:\/\/vieassociative.be\/actualites\/\",\"logo\":{\"@type\":\"ImageObject\",\"inLanguage\":\"fr-BE\",\"@id\":\"https:\/\/vieassociative.be\/actualites\/#\/schema\/logo\/image\/\",\"url\":\"https:\/\/vieassociative.be\/actualites\/wp-content\/uploads\/2024\/09\/cropped-vieassociative_favicon.ico.png\",\"contentUrl\":\"https:\/\/vieassociative.be\/actualites\/wp-content\/uploads\/2024\/09\/cropped-vieassociative_favicon.ico.png\",\"width\":512,\"height\":512,\"caption\":\"Vie Associative\"},\"image\":{\"@id\":\"https:\/\/vieassociative.be\/actualites\/#\/schema\/logo\/image\/\"}},{\"@type\":\"Person\",\"@id\":\"https:\/\/vieassociative.be\/actualites\/#\/schema\/person\/b87ac4f82f9d4e7b7cec7395b679edc4\",\"name\":\"Julien\",\"image\":{\"@type\":\"ImageObject\",\"inLanguage\":\"fr-BE\",\"@id\":\"https:\/\/vieassociative.be\/actualites\/#\/schema\/person\/image\/\",\"url\":\"https:\/\/vieassociative.be\/actualites\/wp-content\/uploads\/2024\/09\/vie-associative-1-150x150.jpg\",\"contentUrl\":\"https:\/\/vieassociative.be\/actualites\/wp-content\/uploads\/2024\/09\/vie-associative-1-150x150.jpg\",\"caption\":\"Julien\"},\"description\":\"Je suis Julien, r\u00e9dacteur pour Vie Associative. Passionn\u00e9 par le monde associatif depuis plus de 10 ans, j'ai \u00e0 c\u0153ur de partager des histoires inspirantes et de mettre en lumi\u00e8re les initiatives locales. Mon objectif est de sensibiliser et d'encourager l'engagement communautaire \u00e0 travers mes articles.\",\"sameAs\":[\"https:\/\/vieassociative.be\/\"]}]}<\/script>\n<!-- \/ Yoast SEO plugin. -->","yoast_head_json":{"title":"Le nouveau flux d'amis de Facebook vous permet de faire d\u00e9filer comme si c'\u00e9tait 2008 | Vie Associative","robots":{"index":"index","follow":"follow","max-snippet":"max-snippet:-1","max-image-preview":"max-image-preview:large","max-video-preview":"max-video-preview:-1"},"canonical":"https:\/\/vieassociative.be\/actualites\/le-nouveau-flux-damis-de-facebook-vous-permet-de-faire-defiler-comme-si-cetait-2008\/","og_locale":"fr_FR","og_type":"article","og_title":"Le nouveau flux d'amis de Facebook vous permet de faire d\u00e9filer comme si c'\u00e9tait 2008 | Vie Associative","og_description":"\u00ab\u00a0OG\u00a0\u00bb Facebook est tellement de retour, dans ce seul flux. Facebook veut \u00eatre \u00e0 nouveau votre ami, en vous montrant ce que font vos vrais","og_url":"https:\/\/vieassociative.be\/actualites\/le-nouveau-flux-damis-de-facebook-vous-permet-de-faire-defiler-comme-si-cetait-2008\/","og_site_name":"Vie Associative","article_published_time":"2025-03-30T19:19:12+00:00","og_image":[{"url":"https:\/\/vieassociative.be\/actualites\/wp-content\/uploads\/2025\/03\/Le-nouveau-flux-damis-de-Facebook-vous-permet-de-faire.png","type":"","width":"","height":""}],"author":"Julien","twitter_card":"summary_large_image","twitter_misc":{"\u00c9crit par":"Julien","Dur\u00e9e de lecture est.":"2 minutes"},"schema":{"@context":"https:\/\/schema.org","@graph":[{"@type":"Article","@id":"https:\/\/vieassociative.be\/actualites\/le-nouveau-flux-damis-de-facebook-vous-permet-de-faire-defiler-comme-si-cetait-2008\/#article","isPartOf":{"@id":"https:\/\/vieassociative.be\/actualites\/le-nouveau-flux-damis-de-facebook-vous-permet-de-faire-defiler-comme-si-cetait-2008\/"},"author":{"name":"Julien","@id":"https:\/\/vieassociative.be\/actualites\/#\/schema\/person\/b87ac4f82f9d4e7b7cec7395b679edc4"},"headline":"Le nouveau flux d&rsquo;amis de Facebook vous permet de faire d\u00e9filer comme si c&rsquo;\u00e9tait 2008","datePublished":"2025-03-30T19:19:12+00:00","dateModified":"2025-03-30T19:19:12+00:00","mainEntityOfPage":{"@id":"https:\/\/vieassociative.be\/actualites\/le-nouveau-flux-damis-de-facebook-vous-permet-de-faire-defiler-comme-si-cetait-2008\/"},"wordCount":477,"publisher":{"@id":"https:\/\/vieassociative.be\/actualites\/#organization"},"image":{"@id":"https:\/\/vieassociative.be\/actualites\/le-nouveau-flux-damis-de-facebook-vous-permet-de-faire-defiler-comme-si-cetait-2008\/#primaryimage"},"thumbnailUrl":"https:\/\/vieassociative.be\/actualites\/wp-content\/uploads\/2025\/03\/1743362353_Le-nouveau-flux-damis-de-Facebook-vous-permet-de-faire.png","keywords":["c\u00e9tait","comme","damis","d\u00e9filer","Facebook","faire","flux","nouveau","permet","Vous"],"articleSection":["Technologie"],"inLanguage":"fr-BE"},{"@type":"WebPage","@id":"https:\/\/vieassociative.be\/actualites\/le-nouveau-flux-damis-de-facebook-vous-permet-de-faire-defiler-comme-si-cetait-2008\/","url":"https:\/\/vieassociative.be\/actualites\/le-nouveau-flux-damis-de-facebook-vous-permet-de-faire-defiler-comme-si-cetait-2008\/","name":"Le nouveau flux d'amis de Facebook vous permet de faire d\u00e9filer comme si c'\u00e9tait 2008 | Vie Associative","isPartOf":{"@id":"https:\/\/vieassociative.be\/actualites\/#website"},"primaryImageOfPage":{"@id":"https:\/\/vieassociative.be\/actualites\/le-nouveau-flux-damis-de-facebook-vous-permet-de-faire-defiler-comme-si-cetait-2008\/#primaryimage"},"image":{"@id":"https:\/\/vieassociative.be\/actualites\/le-nouveau-flux-damis-de-facebook-vous-permet-de-faire-defiler-comme-si-cetait-2008\/#primaryimage"},"thumbnailUrl":"https:\/\/vieassociative.be\/actualites\/wp-content\/uploads\/2025\/03\/1743362353_Le-nouveau-flux-damis-de-Facebook-vous-permet-de-faire.png","datePublished":"2025-03-30T19:19:12+00:00","dateModified":"2025-03-30T19:19:12+00:00","breadcrumb":{"@id":"https:\/\/vieassociative.be\/actualites\/le-nouveau-flux-damis-de-facebook-vous-permet-de-faire-defiler-comme-si-cetait-2008\/#breadcrumb"},"inLanguage":"fr-BE","potentialAction":[{"@type":"ReadAction","target":["https:\/\/vieassociative.be\/actualites\/le-nouveau-flux-damis-de-facebook-vous-permet-de-faire-defiler-comme-si-cetait-2008\/"]}]},{"@type":"ImageObject","inLanguage":"fr-BE","@id":"https:\/\/vieassociative.be\/actualites\/le-nouveau-flux-damis-de-facebook-vous-permet-de-faire-defiler-comme-si-cetait-2008\/#primaryimage","url":"https:\/\/vieassociative.be\/actualites\/wp-content\/uploads\/2025\/03\/1743362353_Le-nouveau-flux-damis-de-Facebook-vous-permet-de-faire.png","contentUrl":"https:\/\/vieassociative.be\/actualites\/wp-content\/uploads\/2025\/03\/1743362353_Le-nouveau-flux-damis-de-Facebook-vous-permet-de-faire.png","width":1200,"height":675,"caption":"Le nouveau flux d'amis de Facebook vous permet de faire d\u00e9filer comme si c'\u00e9tait 2008"},{"@type":"BreadcrumbList","@id":"https:\/\/vieassociative.be\/actualites\/le-nouveau-flux-damis-de-facebook-vous-permet-de-faire-defiler-comme-si-cetait-2008\/#breadcrumb","itemListElement":[{"@type":"ListItem","position":1,"name":"Accueil","item":"https:\/\/vieassociative.be\/actualites\/"},{"@type":"ListItem","position":2,"name":"Le nouveau flux d&rsquo;amis de Facebook vous permet de faire d\u00e9filer comme si c&rsquo;\u00e9tait 2008"}]},{"@type":"WebSite","@id":"https:\/\/vieassociative.be\/actualites\/#website","url":"https:\/\/vieassociative.be\/actualites\/","name":"Vie Associative","description":"","publisher":{"@id":"https:\/\/vieassociative.be\/actualites\/#organization"},"potentialAction":[{"@type":"SearchAction","target":{"@type":"EntryPoint","urlTemplate":"https:\/\/vieassociative.be\/actualites\/?s={search_term_string}"},"query-input":{"@type":"PropertyValueSpecification","valueRequired":true,"valueName":"search_term_string"}}],"inLanguage":"fr-BE"},{"@type":"Organization","@id":"https:\/\/vieassociative.be\/actualites\/#organization","name":"Vie Associative","url":"https:\/\/vieassociative.be\/actualites\/","logo":{"@type":"ImageObject","inLanguage":"fr-BE","@id":"https:\/\/vieassociative.be\/actualites\/#\/schema\/logo\/image\/","url":"https:\/\/vieassociative.be\/actualites\/wp-content\/uploads\/2024\/09\/cropped-vieassociative_favicon.ico.png","contentUrl":"https:\/\/vieassociative.be\/actualites\/wp-content\/uploads\/2024\/09\/cropped-vieassociative_favicon.ico.png","width":512,"height":512,"caption":"Vie Associative"},"image":{"@id":"https:\/\/vieassociative.be\/actualites\/#\/schema\/logo\/image\/"}},{"@type":"Person","@id":"https:\/\/vieassociative.be\/actualites\/#\/schema\/person\/b87ac4f82f9d4e7b7cec7395b679edc4","name":"Julien","image":{"@type":"ImageObject","inLanguage":"fr-BE","@id":"https:\/\/vieassociative.be\/actualites\/#\/schema\/person\/image\/","url":"https:\/\/vieassociative.be\/actualites\/wp-content\/uploads\/2024\/09\/vie-associative-1-150x150.jpg","contentUrl":"https:\/\/vieassociative.be\/actualites\/wp-content\/uploads\/2024\/09\/vie-associative-1-150x150.jpg","caption":"Julien"},"description":"Je suis Julien, r\u00e9dacteur pour Vie Associative. Passionn\u00e9 par le monde associatif depuis plus de 10 ans, j'ai \u00e0 c\u0153ur de partager des histoires inspirantes et de mettre en lumi\u00e8re les initiatives locales. Mon objectif est de sensibiliser et d'encourager l'engagement communautaire \u00e0 travers mes articles.","sameAs":["https:\/\/vieassociative.be\/"]}]}},"_links":{"self":[{"href":"https:\/\/vieassociative.be\/actualites\/wp-json\/wp\/v2\/posts\/6289"}],"collection":[{"href":"https:\/\/vieassociative.be\/actualites\/wp-json\/wp\/v2\/posts"}],"about":[{"href":"https:\/\/vieassociative.be\/actualites\/wp-json\/wp\/v2\/types\/post"}],"author":[{"embeddable":true,"href":"https:\/\/vieassociative.be\/actualites\/wp-json\/wp\/v2\/users\/1"}],"replies":[{"embeddable":true,"href":"https:\/\/vieassociative.be\/actualites\/wp-json\/wp\/v2\/comments?post=6289"}],"version-history":[{"count":0,"href":"https:\/\/vieassociative.be\/actualites\/wp-json\/wp\/v2\/posts\/6289\/revisions"}],"wp:featuredmedia":[{"embeddable":true,"href":"https:\/\/vieassociative.be\/actualites\/wp-json\/wp\/v2\/media\/6290"}],"wp:attachment":[{"href":"https:\/\/vieassociative.be\/actualites\/wp-json\/wp\/v2\/media?parent=6289"}],"wp:term":[{"taxonomy":"category","embeddable":true,"href":"https:\/\/vieassociative.be\/actualites\/wp-json\/wp\/v2\/categories?post=6289"},{"taxonomy":"post_tag","embeddable":true,"href":"https:\/\/vieassociative.be\/actualites\/wp-json\/wp\/v2\/tags?post=6289"}],"curies":[{"name":"wp","href":"https:\/\/api.w.org\/{rel}","templated":true}]}}