{"id":6280,"date":"2025-03-30T15:17:58","date_gmt":"2025-03-30T13:17:58","guid":{"rendered":"https:\/\/vieassociative.be\/actualites\/ces-fours-neerlandais-sont-inferieurs-a-70-en-ce-moment-y-compris-mon-prefere\/"},"modified":"2025-03-30T15:17:58","modified_gmt":"2025-03-30T13:17:58","slug":"ces-fours-neerlandais-sont-inferieurs-a-70-en-ce-moment-y-compris-mon-prefere","status":"publish","type":"post","link":"https:\/\/vieassociative.be\/actualites\/ces-fours-neerlandais-sont-inferieurs-a-70-en-ce-moment-y-compris-mon-prefere\/","title":{"rendered":"Ces fours n\u00e9erlandais sont inf\u00e9rieurs \u00e0 70 $ en ce moment (y compris mon pr\u00e9f\u00e9r\u00e9)"},"content":{"rendered":"<div class=\"mt-4 leading-6 md:mb-8\">Ces fours hollandais tr\u00e8s bien not\u00e9s sont tout aussi bons que ceux de Fancy-Shmanny.<\/div>\n<p><\/p>\n<p>Les fours n\u00e9erlandais sont des g\u00e9ants en fonte lourds pr\u00eats \u00e0 relever votre prochain d\u00e9fi de cuisson, qu&rsquo;il soit cuit \u00e0 la vapeur, brais\u00e9, bouilli ou frite. Mais g\u00e9n\u00e9ralement avec autant de puissance vient (vous l&rsquo;avez devin\u00e9) un prix ridicule. Il est important de noter, alors que Staub et Le Creuset peuvent co\u00fbter 200 $ \u00e0 500 $, les autres marques sont tout aussi efficaces. Voici trois bonnes options, bien en dessous de 100 $, sur la vente d\u00e8s maintenant pour la grande vente de printemps d&rsquo;Amazon.<\/p>\n<h2 id=\"for-a-smaller-dutch-oven\">Pour un four hollandais plus petit<\/h2>\n<p>Je suis un fan de Lodge &#8211; j&rsquo;ai eu une po\u00eale en fonte de 12 pouces qui a \u00e9t\u00e9 une aide fabuleuse depuis pr\u00e8s d&rsquo;une d\u00e9cennie &#8211; et leur four hollandais de 3 quart a \u00e9t\u00e9 profond\u00e9ment r\u00e9duit. Normalement, ce Petite Lodge Dutch Oven se vend plus de 100 $, mais vous pouvez l&rsquo;obtenir pour <strong>55,17 $<\/strong>. (Notez que certaines des diff\u00e9rentes couleurs pourraient survenir \u00e0 60 $.) <\/p>\n<p>Bien qu&rsquo;un pot de 3 quart ne soit pas tr\u00e8s grand, vous pouvez toujours cuisiner trois \u00e0 quatre portions de plats d&rsquo;accompagnement, de rago\u00fbts et de soupes dans ce pot de taille. Voici quelques-unes de mes choses pr\u00e9f\u00e9r\u00e9es \u00e0 cuisiner dans mon four hollandais. Cette taille est id\u00e9ale pour les situations de stockage plus petites, et beaucoup plus l\u00e9g\u00e8re si vous n&rsquo;\u00eates pas int\u00e9ress\u00e9 \u00e0 hisser un morceau de m\u00e9tal de 15 livres sur votre po\u00eale. Cette ustensine de cuisine lourde peut durer une g\u00e9n\u00e9ration si vous vous en occupez et que vous avez l&rsquo;air \u00e9l\u00e9gant en le faisant.<\/p>\n<h2 id=\"larger-options\">Plus grandes options <\/h2>\n<p><strong>Overmont.<\/strong> Bien que je ne connaisse pas Overmont, ce four hollandais est une bonne option si vous cherchez un plus grand pot. Ce four hollandais tr\u00e8s bien not\u00e9 est un pot de 5,5 quart, ce qui est mieux pour la cuisson des pains ou la fabrication de six \u00e0 huit portions de soupes et de rago\u00fbts. Il est \u00e9galement bon pour le braisage des r\u00f4tis ou des coupes \u00e9paisses de viande, et peut supporter des temp\u00e9ratures jusqu&rsquo;\u00e0 500 \u00b0 F, se d\u00e9pla\u00e7ant de mani\u00e8re transparente du haut du four au four pour le braisage ou du pain \u00e0 haute temp\u00e9rature. C&rsquo;est <strong>59,49 $<\/strong> avec un coupon de 5 $ en ce moment. <\/p>\n<div class=\"pogoClear relative my-10 border-b-(1.5px) border-t-(1.5px) border-dashed border-black py-5 sm:my-14 sm:border-0 sm:py-0\" x-cloak x-data=\"{ commentsCount: null }\" x-init=\"commentsCount = await window.openweb.getMessagesCount(122476)\" x-show=\"commentsCount !== null &amp;&amp; commentsCount &gt; 0\">\n<div class=\"absolute top-1\/2 hidden w-full -translate-y-1\/2 border-t-(1.5px) border-dashed border-black sm:block\"><\/div>\n<div class=\"relative flex justify-center\">\n<div class=\"flex max-w-max items-center gap-x-3 bg-white px-5\">\n<div class=\"relative\">\n                <span class=\"absolute left-1\/2 top-1\/2 -translate-x-1\/2 -translate-y-1\/2 font-akshar text-sm font-medium text-black\" x-text=\"commentsCount\"><\/span><\/p>\n<p>                <svg class=\"h-8 w-8 text-black\">\n                    <use href=\"http:\/\/lifehacker.com\/images\/icons\/spritemap.svg#sprite-chat-bubble\"><\/use>\n                <\/svg>\n            <\/div>\n<p>            <span class=\"text-sm font-medium text-black\">Que pensez-vous jusqu&rsquo;\u00e0 pr\u00e9sent? <button class=\"font-semibold text-brand-green underline hover:text-brand-green-700\" onclick=\"window.openweb.scrollToComments(122476)\">Publier un commentaire.<\/button><\/span>\n        <\/div>\n<\/p><\/div>\n<\/div>\n<p><strong>Loge.<\/strong> S&rsquo;il y a une option de lodge pour un plus grand pot, je vais le trouver &#8211; et je l&rsquo;ai fait. Ceci est leur four hollandais de 6 quart en vente pour <strong>67,49 $<\/strong>. Certes, c&rsquo;est quelques dollars plus cher que le 3 quart ci-dessus, mais avec cet espace suppl\u00e9mentaire, vous pouvez faire beaucoup plus. <\/p>\n<hr>\n<div class=\" relative flex justify-center py-16 md:left-1\/2 md:w-(780px) md:max-w-max md:-translate-x-1\/2\" x-data=\"{ showAll: false }\">\n<div class=\"w-max text-center sm:text-left\">\n<div class=\"flex flex-col items-center justify-between text-black sm:flex-row sm:px-6\">\n                <span class=\"text-xs italic sm:ml-7 sm:text-sm\">Les offres sont s\u00e9lectionn\u00e9es par notre \u00e9quipe de commerce<\/span><\/p><\/div>\n<\/p><\/div>\n<\/p><\/div>\n","protected":false},"excerpt":{"rendered":"<p>Ces fours hollandais tr\u00e8s bien not\u00e9s sont tout aussi bons que ceux de Fancy-Shmanny. Les fours n\u00e9erlandais sont des g\u00e9ants en fonte lourds pr\u00eats \u00e0<\/p>\n","protected":false},"author":1,"featured_media":6281,"comment_status":"","ping_status":"","sticky":false,"template":"","format":"standard","meta":{"footnotes":""},"categories":[39],"tags":[248,4779,4750,6092,1429,49,6091,1561,18],"class_list":["post-6280","post","type-post","status-publish","format-standard","has-post-thumbnail","hentry","category-gastronomie","tag-ces","tag-compris","tag-fours","tag-inferieurs","tag-moment","tag-mon","tag-neerlandais","tag-prefere","tag-sont","generate-columns","tablet-grid-50","mobile-grid-100","grid-parent","grid-33"],"yoast_head":"<!-- This site is optimized with the Yoast SEO plugin v24.0 - https:\/\/yoast.com\/wordpress\/plugins\/seo\/ -->\n<title>Ces fours n\u00e9erlandais sont inf\u00e9rieurs \u00e0 70 $ en ce moment (y compris mon pr\u00e9f\u00e9r\u00e9) | Vie Associative<\/title>\n<meta name=\"robots\" content=\"index, follow, max-snippet:-1, max-image-preview:large, max-video-preview:-1\" \/>\n<link rel=\"canonical\" href=\"https:\/\/vieassociative.be\/actualites\/ces-fours-neerlandais-sont-inferieurs-a-70-en-ce-moment-y-compris-mon-prefere\/\" \/>\n<meta property=\"og:locale\" content=\"fr_FR\" \/>\n<meta property=\"og:type\" content=\"article\" \/>\n<meta property=\"og:title\" content=\"Ces fours n\u00e9erlandais sont inf\u00e9rieurs \u00e0 70 $ en ce moment (y compris mon pr\u00e9f\u00e9r\u00e9) | Vie Associative\" \/>\n<meta property=\"og:description\" content=\"Ces fours hollandais tr\u00e8s bien not\u00e9s sont tout aussi bons que ceux de Fancy-Shmanny. Les fours n\u00e9erlandais sont des g\u00e9ants en fonte lourds pr\u00eats \u00e0\" \/>\n<meta property=\"og:url\" content=\"https:\/\/vieassociative.be\/actualites\/ces-fours-neerlandais-sont-inferieurs-a-70-en-ce-moment-y-compris-mon-prefere\/\" \/>\n<meta property=\"og:site_name\" content=\"Vie Associative\" \/>\n<meta property=\"article:published_time\" content=\"2025-03-30T13:17:58+00:00\" \/>\n<meta property=\"og:image\" content=\"https:\/\/vieassociative.be\/actualites\/wp-content\/uploads\/2024\/09\/header_backgroundk-01-e1726694325946.png\" \/>\n\t<meta property=\"og:image:width\" content=\"279\" \/>\n\t<meta property=\"og:image:height\" content=\"92\" \/>\n\t<meta property=\"og:image:type\" content=\"image\/png\" \/>\n<meta name=\"author\" content=\"Julien\" \/>\n<meta name=\"twitter:card\" content=\"summary_large_image\" \/>\n<meta name=\"twitter:label1\" content=\"\u00c9crit par\" \/>\n\t<meta name=\"twitter:data1\" content=\"Julien\" \/>\n\t<meta name=\"twitter:label2\" content=\"Dur\u00e9e de lecture est.\" \/>\n\t<meta name=\"twitter:data2\" content=\"2 minutes\" \/>\n<script type=\"application\/ld+json\" class=\"yoast-schema-graph\">{\"@context\":\"https:\/\/schema.org\",\"@graph\":[{\"@type\":\"Article\",\"@id\":\"https:\/\/vieassociative.be\/actualites\/ces-fours-neerlandais-sont-inferieurs-a-70-en-ce-moment-y-compris-mon-prefere\/#article\",\"isPartOf\":{\"@id\":\"https:\/\/vieassociative.be\/actualites\/ces-fours-neerlandais-sont-inferieurs-a-70-en-ce-moment-y-compris-mon-prefere\/\"},\"author\":{\"name\":\"Julien\",\"@id\":\"https:\/\/vieassociative.be\/actualites\/#\/schema\/person\/b87ac4f82f9d4e7b7cec7395b679edc4\"},\"headline\":\"Ces fours n\u00e9erlandais sont inf\u00e9rieurs \u00e0 70 $ en ce moment (y compris mon pr\u00e9f\u00e9r\u00e9)\",\"datePublished\":\"2025-03-30T13:17:58+00:00\",\"dateModified\":\"2025-03-30T13:17:58+00:00\",\"mainEntityOfPage\":{\"@id\":\"https:\/\/vieassociative.be\/actualites\/ces-fours-neerlandais-sont-inferieurs-a-70-en-ce-moment-y-compris-mon-prefere\/\"},\"wordCount\":497,\"publisher\":{\"@id\":\"https:\/\/vieassociative.be\/actualites\/#organization\"},\"image\":{\"@id\":\"https:\/\/vieassociative.be\/actualites\/ces-fours-neerlandais-sont-inferieurs-a-70-en-ce-moment-y-compris-mon-prefere\/#primaryimage\"},\"thumbnailUrl\":\"https:\/\/vieassociative.be\/actualites\/wp-content\/uploads\/2025\/03\/Ces-fours-neerlandais-sont-inferieurs-a-70-en-ce.jpg\",\"keywords\":[\"ces\",\"compris\",\"fours\",\"inf\u00e9rieurs\",\"moment\",\"Mon\",\"n\u00e9erlandais\",\"pr\u00e9f\u00e9r\u00e9\",\"sont\"],\"articleSection\":[\"Gastronomie\"],\"inLanguage\":\"fr-BE\"},{\"@type\":\"WebPage\",\"@id\":\"https:\/\/vieassociative.be\/actualites\/ces-fours-neerlandais-sont-inferieurs-a-70-en-ce-moment-y-compris-mon-prefere\/\",\"url\":\"https:\/\/vieassociative.be\/actualites\/ces-fours-neerlandais-sont-inferieurs-a-70-en-ce-moment-y-compris-mon-prefere\/\",\"name\":\"Ces fours n\u00e9erlandais sont inf\u00e9rieurs \u00e0 70 $ en ce moment (y compris mon pr\u00e9f\u00e9r\u00e9) | Vie Associative\",\"isPartOf\":{\"@id\":\"https:\/\/vieassociative.be\/actualites\/#website\"},\"primaryImageOfPage\":{\"@id\":\"https:\/\/vieassociative.be\/actualites\/ces-fours-neerlandais-sont-inferieurs-a-70-en-ce-moment-y-compris-mon-prefere\/#primaryimage\"},\"image\":{\"@id\":\"https:\/\/vieassociative.be\/actualites\/ces-fours-neerlandais-sont-inferieurs-a-70-en-ce-moment-y-compris-mon-prefere\/#primaryimage\"},\"thumbnailUrl\":\"https:\/\/vieassociative.be\/actualites\/wp-content\/uploads\/2025\/03\/Ces-fours-neerlandais-sont-inferieurs-a-70-en-ce.jpg\",\"datePublished\":\"2025-03-30T13:17:58+00:00\",\"dateModified\":\"2025-03-30T13:17:58+00:00\",\"breadcrumb\":{\"@id\":\"https:\/\/vieassociative.be\/actualites\/ces-fours-neerlandais-sont-inferieurs-a-70-en-ce-moment-y-compris-mon-prefere\/#breadcrumb\"},\"inLanguage\":\"fr-BE\",\"potentialAction\":[{\"@type\":\"ReadAction\",\"target\":[\"https:\/\/vieassociative.be\/actualites\/ces-fours-neerlandais-sont-inferieurs-a-70-en-ce-moment-y-compris-mon-prefere\/\"]}]},{\"@type\":\"ImageObject\",\"inLanguage\":\"fr-BE\",\"@id\":\"https:\/\/vieassociative.be\/actualites\/ces-fours-neerlandais-sont-inferieurs-a-70-en-ce-moment-y-compris-mon-prefere\/#primaryimage\",\"url\":\"https:\/\/vieassociative.be\/actualites\/wp-content\/uploads\/2025\/03\/Ces-fours-neerlandais-sont-inferieurs-a-70-en-ce.jpg\",\"contentUrl\":\"https:\/\/vieassociative.be\/actualites\/wp-content\/uploads\/2025\/03\/Ces-fours-neerlandais-sont-inferieurs-a-70-en-ce.jpg\",\"width\":1200,\"height\":675,\"caption\":\"Ces fours n\u00e9erlandais sont inf\u00e9rieurs \u00e0 70 $ en ce moment (y compris mon pr\u00e9f\u00e9r\u00e9)\"},{\"@type\":\"BreadcrumbList\",\"@id\":\"https:\/\/vieassociative.be\/actualites\/ces-fours-neerlandais-sont-inferieurs-a-70-en-ce-moment-y-compris-mon-prefere\/#breadcrumb\",\"itemListElement\":[{\"@type\":\"ListItem\",\"position\":1,\"name\":\"Accueil\",\"item\":\"https:\/\/vieassociative.be\/actualites\/\"},{\"@type\":\"ListItem\",\"position\":2,\"name\":\"Ces fours n\u00e9erlandais sont inf\u00e9rieurs \u00e0 70 $ en ce moment (y compris mon pr\u00e9f\u00e9r\u00e9)\"}]},{\"@type\":\"WebSite\",\"@id\":\"https:\/\/vieassociative.be\/actualites\/#website\",\"url\":\"https:\/\/vieassociative.be\/actualites\/\",\"name\":\"Vie Associative\",\"description\":\"\",\"publisher\":{\"@id\":\"https:\/\/vieassociative.be\/actualites\/#organization\"},\"potentialAction\":[{\"@type\":\"SearchAction\",\"target\":{\"@type\":\"EntryPoint\",\"urlTemplate\":\"https:\/\/vieassociative.be\/actualites\/?s={search_term_string}\"},\"query-input\":{\"@type\":\"PropertyValueSpecification\",\"valueRequired\":true,\"valueName\":\"search_term_string\"}}],\"inLanguage\":\"fr-BE\"},{\"@type\":\"Organization\",\"@id\":\"https:\/\/vieassociative.be\/actualites\/#organization\",\"name\":\"Vie Associative\",\"url\":\"https:\/\/vieassociative.be\/actualites\/\",\"logo\":{\"@type\":\"ImageObject\",\"inLanguage\":\"fr-BE\",\"@id\":\"https:\/\/vieassociative.be\/actualites\/#\/schema\/logo\/image\/\",\"url\":\"https:\/\/vieassociative.be\/actualites\/wp-content\/uploads\/2024\/09\/cropped-vieassociative_favicon.ico.png\",\"contentUrl\":\"https:\/\/vieassociative.be\/actualites\/wp-content\/uploads\/2024\/09\/cropped-vieassociative_favicon.ico.png\",\"width\":512,\"height\":512,\"caption\":\"Vie Associative\"},\"image\":{\"@id\":\"https:\/\/vieassociative.be\/actualites\/#\/schema\/logo\/image\/\"}},{\"@type\":\"Person\",\"@id\":\"https:\/\/vieassociative.be\/actualites\/#\/schema\/person\/b87ac4f82f9d4e7b7cec7395b679edc4\",\"name\":\"Julien\",\"image\":{\"@type\":\"ImageObject\",\"inLanguage\":\"fr-BE\",\"@id\":\"https:\/\/vieassociative.be\/actualites\/#\/schema\/person\/image\/\",\"url\":\"https:\/\/vieassociative.be\/actualites\/wp-content\/uploads\/2024\/09\/vie-associative-1-150x150.jpg\",\"contentUrl\":\"https:\/\/vieassociative.be\/actualites\/wp-content\/uploads\/2024\/09\/vie-associative-1-150x150.jpg\",\"caption\":\"Julien\"},\"description\":\"Je suis Julien, r\u00e9dacteur pour Vie Associative. Passionn\u00e9 par le monde associatif depuis plus de 10 ans, j'ai \u00e0 c\u0153ur de partager des histoires inspirantes et de mettre en lumi\u00e8re les initiatives locales. Mon objectif est de sensibiliser et d'encourager l'engagement communautaire \u00e0 travers mes articles.\",\"sameAs\":[\"https:\/\/vieassociative.be\/\"]}]}<\/script>\n<!-- \/ Yoast SEO plugin. -->","yoast_head_json":{"title":"Ces fours n\u00e9erlandais sont inf\u00e9rieurs \u00e0 70 $ en ce moment (y compris mon pr\u00e9f\u00e9r\u00e9) | Vie Associative","robots":{"index":"index","follow":"follow","max-snippet":"max-snippet:-1","max-image-preview":"max-image-preview:large","max-video-preview":"max-video-preview:-1"},"canonical":"https:\/\/vieassociative.be\/actualites\/ces-fours-neerlandais-sont-inferieurs-a-70-en-ce-moment-y-compris-mon-prefere\/","og_locale":"fr_FR","og_type":"article","og_title":"Ces fours n\u00e9erlandais sont inf\u00e9rieurs \u00e0 70 $ en ce moment (y compris mon pr\u00e9f\u00e9r\u00e9) | Vie Associative","og_description":"Ces fours hollandais tr\u00e8s bien not\u00e9s sont tout aussi bons que ceux de Fancy-Shmanny. Les fours n\u00e9erlandais sont des g\u00e9ants en fonte lourds pr\u00eats \u00e0","og_url":"https:\/\/vieassociative.be\/actualites\/ces-fours-neerlandais-sont-inferieurs-a-70-en-ce-moment-y-compris-mon-prefere\/","og_site_name":"Vie Associative","article_published_time":"2025-03-30T13:17:58+00:00","og_image":[{"width":279,"height":92,"url":"https:\/\/vieassociative.be\/actualites\/wp-content\/uploads\/2024\/09\/header_backgroundk-01-e1726694325946.png","type":"image\/png"}],"author":"Julien","twitter_card":"summary_large_image","twitter_misc":{"\u00c9crit par":"Julien","Dur\u00e9e de lecture est.":"2 minutes"},"schema":{"@context":"https:\/\/schema.org","@graph":[{"@type":"Article","@id":"https:\/\/vieassociative.be\/actualites\/ces-fours-neerlandais-sont-inferieurs-a-70-en-ce-moment-y-compris-mon-prefere\/#article","isPartOf":{"@id":"https:\/\/vieassociative.be\/actualites\/ces-fours-neerlandais-sont-inferieurs-a-70-en-ce-moment-y-compris-mon-prefere\/"},"author":{"name":"Julien","@id":"https:\/\/vieassociative.be\/actualites\/#\/schema\/person\/b87ac4f82f9d4e7b7cec7395b679edc4"},"headline":"Ces fours n\u00e9erlandais sont inf\u00e9rieurs \u00e0 70 $ en ce moment (y compris mon pr\u00e9f\u00e9r\u00e9)","datePublished":"2025-03-30T13:17:58+00:00","dateModified":"2025-03-30T13:17:58+00:00","mainEntityOfPage":{"@id":"https:\/\/vieassociative.be\/actualites\/ces-fours-neerlandais-sont-inferieurs-a-70-en-ce-moment-y-compris-mon-prefere\/"},"wordCount":497,"publisher":{"@id":"https:\/\/vieassociative.be\/actualites\/#organization"},"image":{"@id":"https:\/\/vieassociative.be\/actualites\/ces-fours-neerlandais-sont-inferieurs-a-70-en-ce-moment-y-compris-mon-prefere\/#primaryimage"},"thumbnailUrl":"https:\/\/vieassociative.be\/actualites\/wp-content\/uploads\/2025\/03\/Ces-fours-neerlandais-sont-inferieurs-a-70-en-ce.jpg","keywords":["ces","compris","fours","inf\u00e9rieurs","moment","Mon","n\u00e9erlandais","pr\u00e9f\u00e9r\u00e9","sont"],"articleSection":["Gastronomie"],"inLanguage":"fr-BE"},{"@type":"WebPage","@id":"https:\/\/vieassociative.be\/actualites\/ces-fours-neerlandais-sont-inferieurs-a-70-en-ce-moment-y-compris-mon-prefere\/","url":"https:\/\/vieassociative.be\/actualites\/ces-fours-neerlandais-sont-inferieurs-a-70-en-ce-moment-y-compris-mon-prefere\/","name":"Ces fours n\u00e9erlandais sont inf\u00e9rieurs \u00e0 70 $ en ce moment (y compris mon pr\u00e9f\u00e9r\u00e9) | Vie Associative","isPartOf":{"@id":"https:\/\/vieassociative.be\/actualites\/#website"},"primaryImageOfPage":{"@id":"https:\/\/vieassociative.be\/actualites\/ces-fours-neerlandais-sont-inferieurs-a-70-en-ce-moment-y-compris-mon-prefere\/#primaryimage"},"image":{"@id":"https:\/\/vieassociative.be\/actualites\/ces-fours-neerlandais-sont-inferieurs-a-70-en-ce-moment-y-compris-mon-prefere\/#primaryimage"},"thumbnailUrl":"https:\/\/vieassociative.be\/actualites\/wp-content\/uploads\/2025\/03\/Ces-fours-neerlandais-sont-inferieurs-a-70-en-ce.jpg","datePublished":"2025-03-30T13:17:58+00:00","dateModified":"2025-03-30T13:17:58+00:00","breadcrumb":{"@id":"https:\/\/vieassociative.be\/actualites\/ces-fours-neerlandais-sont-inferieurs-a-70-en-ce-moment-y-compris-mon-prefere\/#breadcrumb"},"inLanguage":"fr-BE","potentialAction":[{"@type":"ReadAction","target":["https:\/\/vieassociative.be\/actualites\/ces-fours-neerlandais-sont-inferieurs-a-70-en-ce-moment-y-compris-mon-prefere\/"]}]},{"@type":"ImageObject","inLanguage":"fr-BE","@id":"https:\/\/vieassociative.be\/actualites\/ces-fours-neerlandais-sont-inferieurs-a-70-en-ce-moment-y-compris-mon-prefere\/#primaryimage","url":"https:\/\/vieassociative.be\/actualites\/wp-content\/uploads\/2025\/03\/Ces-fours-neerlandais-sont-inferieurs-a-70-en-ce.jpg","contentUrl":"https:\/\/vieassociative.be\/actualites\/wp-content\/uploads\/2025\/03\/Ces-fours-neerlandais-sont-inferieurs-a-70-en-ce.jpg","width":1200,"height":675,"caption":"Ces fours n\u00e9erlandais sont inf\u00e9rieurs \u00e0 70 $ en ce moment (y compris mon pr\u00e9f\u00e9r\u00e9)"},{"@type":"BreadcrumbList","@id":"https:\/\/vieassociative.be\/actualites\/ces-fours-neerlandais-sont-inferieurs-a-70-en-ce-moment-y-compris-mon-prefere\/#breadcrumb","itemListElement":[{"@type":"ListItem","position":1,"name":"Accueil","item":"https:\/\/vieassociative.be\/actualites\/"},{"@type":"ListItem","position":2,"name":"Ces fours n\u00e9erlandais sont inf\u00e9rieurs \u00e0 70 $ en ce moment (y compris mon pr\u00e9f\u00e9r\u00e9)"}]},{"@type":"WebSite","@id":"https:\/\/vieassociative.be\/actualites\/#website","url":"https:\/\/vieassociative.be\/actualites\/","name":"Vie Associative","description":"","publisher":{"@id":"https:\/\/vieassociative.be\/actualites\/#organization"},"potentialAction":[{"@type":"SearchAction","target":{"@type":"EntryPoint","urlTemplate":"https:\/\/vieassociative.be\/actualites\/?s={search_term_string}"},"query-input":{"@type":"PropertyValueSpecification","valueRequired":true,"valueName":"search_term_string"}}],"inLanguage":"fr-BE"},{"@type":"Organization","@id":"https:\/\/vieassociative.be\/actualites\/#organization","name":"Vie Associative","url":"https:\/\/vieassociative.be\/actualites\/","logo":{"@type":"ImageObject","inLanguage":"fr-BE","@id":"https:\/\/vieassociative.be\/actualites\/#\/schema\/logo\/image\/","url":"https:\/\/vieassociative.be\/actualites\/wp-content\/uploads\/2024\/09\/cropped-vieassociative_favicon.ico.png","contentUrl":"https:\/\/vieassociative.be\/actualites\/wp-content\/uploads\/2024\/09\/cropped-vieassociative_favicon.ico.png","width":512,"height":512,"caption":"Vie Associative"},"image":{"@id":"https:\/\/vieassociative.be\/actualites\/#\/schema\/logo\/image\/"}},{"@type":"Person","@id":"https:\/\/vieassociative.be\/actualites\/#\/schema\/person\/b87ac4f82f9d4e7b7cec7395b679edc4","name":"Julien","image":{"@type":"ImageObject","inLanguage":"fr-BE","@id":"https:\/\/vieassociative.be\/actualites\/#\/schema\/person\/image\/","url":"https:\/\/vieassociative.be\/actualites\/wp-content\/uploads\/2024\/09\/vie-associative-1-150x150.jpg","contentUrl":"https:\/\/vieassociative.be\/actualites\/wp-content\/uploads\/2024\/09\/vie-associative-1-150x150.jpg","caption":"Julien"},"description":"Je suis Julien, r\u00e9dacteur pour Vie Associative. Passionn\u00e9 par le monde associatif depuis plus de 10 ans, j'ai \u00e0 c\u0153ur de partager des histoires inspirantes et de mettre en lumi\u00e8re les initiatives locales. Mon objectif est de sensibiliser et d'encourager l'engagement communautaire \u00e0 travers mes articles.","sameAs":["https:\/\/vieassociative.be\/"]}]}},"_links":{"self":[{"href":"https:\/\/vieassociative.be\/actualites\/wp-json\/wp\/v2\/posts\/6280"}],"collection":[{"href":"https:\/\/vieassociative.be\/actualites\/wp-json\/wp\/v2\/posts"}],"about":[{"href":"https:\/\/vieassociative.be\/actualites\/wp-json\/wp\/v2\/types\/post"}],"author":[{"embeddable":true,"href":"https:\/\/vieassociative.be\/actualites\/wp-json\/wp\/v2\/users\/1"}],"replies":[{"embeddable":true,"href":"https:\/\/vieassociative.be\/actualites\/wp-json\/wp\/v2\/comments?post=6280"}],"version-history":[{"count":0,"href":"https:\/\/vieassociative.be\/actualites\/wp-json\/wp\/v2\/posts\/6280\/revisions"}],"wp:featuredmedia":[{"embeddable":true,"href":"https:\/\/vieassociative.be\/actualites\/wp-json\/wp\/v2\/media\/6281"}],"wp:attachment":[{"href":"https:\/\/vieassociative.be\/actualites\/wp-json\/wp\/v2\/media?parent=6280"}],"wp:term":[{"taxonomy":"category","embeddable":true,"href":"https:\/\/vieassociative.be\/actualites\/wp-json\/wp\/v2\/categories?post=6280"},{"taxonomy":"post_tag","embeddable":true,"href":"https:\/\/vieassociative.be\/actualites\/wp-json\/wp\/v2\/tags?post=6280"}],"curies":[{"name":"wp","href":"https:\/\/api.w.org\/{rel}","templated":true}]}}