{"id":6274,"date":"2025-03-30T10:19:26","date_gmt":"2025-03-30T08:19:26","guid":{"rendered":"https:\/\/vieassociative.be\/actualites\/les-montres-sont-modifiees-lheure-dete-commence-le-dimanche\/"},"modified":"2025-03-30T10:19:26","modified_gmt":"2025-03-30T08:19:26","slug":"les-montres-sont-modifiees-lheure-dete-commence-le-dimanche","status":"publish","type":"post","link":"https:\/\/vieassociative.be\/actualites\/les-montres-sont-modifiees-lheure-dete-commence-le-dimanche\/","title":{"rendered":"Les montres sont modifi\u00e9es: l&rsquo;heure d&rsquo;\u00e9t\u00e9 commence le dimanche"},"content":{"rendered":"<p><strong>Six mois tranquilles suivent un court d\u00e9bat excit\u00e9. Cela est possible depuis de nombreuses ann\u00e9es lors de la modification du temps. Le sujet ne doit pas \u00eatre compl\u00e8tement pos\u00e9 au niveau de l&rsquo;UE.<\/strong><\/p>\n<p><span id=\"more-412134\"><\/span>L&rsquo;heure d&rsquo;\u00e9t\u00e9 arrive: en Belgique et dans la plupart des autres pays europ\u00e9ens, les horloges seront pr\u00e9sent\u00e9es le dimanche matin (30 mars) de 2 h \u00e0 3 h 00.<\/p>\n<p>Alors que certaines personnes sont ennuy\u00e9es par une \u00abheure vol\u00e9e\u00bb de sommeil tout en pr\u00e9sentant la montre, d&rsquo;autres sont heureuses d&rsquo;un Messager de Spring de bienvenue. L&rsquo;objectif de la mesure introduite en Belgique en 1977 et en Allemagne en 1980 a \u00e9t\u00e9 la meilleure exploitation de la luminosit\u00e9 quotidienne.<\/p>\n<p>Le but de la mesure est contest\u00e9 depuis des ann\u00e9es. Les sondages entra\u00eenent souvent des majorit\u00e9s contre le changement. En 2018, la Commission europ\u00e9enne a fait interviewer les citoyens \u00e0 travers l&rsquo;Europe: 84% \u00e9taient contre la modification de l&rsquo;examen non repr\u00e9sentatif.<\/p>\n<p>Il y a environ six ans et demi, la Commission de l&rsquo;UE avait propos\u00e9 de mettre fin au changement de temps. Il n&rsquo;y a eu aucun accord sur le sujet depuis des ann\u00e9es. Cependant, le projet ne doit pas \u00eatre abandonn\u00e9. \u00ab\u00a0Nous pensons qu&rsquo;une solution coordonn\u00e9e est toujours disponible et nous encourageons les conversations renouvel\u00e9es\u00a0\u00bb, a d\u00e9clar\u00e9 une porte-parole de la Commission europ\u00e9enne sur demande.<\/p>\n<p>La pr\u00e9sidence du Conseil de l&rsquo;UE polonais a annonc\u00e9 qu&rsquo;elle parlait de mani\u00e8re informelle des \u00c9tats membres pour savoir s&rsquo;il est toujours possible de faire avancer la proposition. Une porte-parole a \u00e9galement d\u00e9clar\u00e9 qu&rsquo;il \u00e9tait conscient que la proposition n&rsquo;avait jusqu&rsquo;\u00e0 pr\u00e9sent re\u00e7u que le soutien limit\u00e9 des \u00c9tats membres. (DPA)<\/p>\n","protected":false},"excerpt":{"rendered":"<p>Six mois tranquilles suivent un court d\u00e9bat excit\u00e9. Cela est possible depuis de nombreuses ann\u00e9es lors de la modification du temps. Le sujet ne doit<\/p>\n","protected":false},"author":1,"featured_media":6275,"comment_status":"","ping_status":"","sticky":false,"template":"","format":"standard","meta":{"footnotes":""},"categories":[298],"tags":[1051,122,471,14,1296,6090,3684,18],"class_list":["post-6274","post","type-post","status-publish","format-standard","has-post-thumbnail","hentry","category-belgique","tag-commence","tag-dete","tag-dimanche","tag-les","tag-lheure","tag-modifiees","tag-montres","tag-sont","generate-columns","tablet-grid-50","mobile-grid-100","grid-parent","grid-33"],"yoast_head":"<!-- This site is optimized with the Yoast SEO plugin v24.0 - https:\/\/yoast.com\/wordpress\/plugins\/seo\/ -->\n<title>Les montres sont modifi\u00e9es: l&#039;heure d&#039;\u00e9t\u00e9 commence le dimanche | Vie Associative<\/title>\n<meta name=\"robots\" content=\"index, follow, max-snippet:-1, max-image-preview:large, max-video-preview:-1\" \/>\n<link rel=\"canonical\" href=\"https:\/\/vieassociative.be\/actualites\/les-montres-sont-modifiees-lheure-dete-commence-le-dimanche\/\" \/>\n<meta property=\"og:locale\" content=\"fr_FR\" \/>\n<meta property=\"og:type\" content=\"article\" \/>\n<meta property=\"og:title\" content=\"Les montres sont modifi\u00e9es: l&#039;heure d&#039;\u00e9t\u00e9 commence le dimanche | Vie Associative\" \/>\n<meta property=\"og:description\" content=\"Six mois tranquilles suivent un court d\u00e9bat excit\u00e9. Cela est possible depuis de nombreuses ann\u00e9es lors de la modification du temps. Le sujet ne doit\" \/>\n<meta property=\"og:url\" content=\"https:\/\/vieassociative.be\/actualites\/les-montres-sont-modifiees-lheure-dete-commence-le-dimanche\/\" \/>\n<meta property=\"og:site_name\" content=\"Vie Associative\" \/>\n<meta property=\"article:published_time\" content=\"2025-03-30T08:19:26+00:00\" \/>\n<meta property=\"og:image\" content=\"https:\/\/vieassociative.be\/actualites\/wp-content\/uploads\/2024\/09\/header_backgroundk-01-e1726694325946.png\" \/>\n\t<meta property=\"og:image:width\" content=\"279\" \/>\n\t<meta property=\"og:image:height\" content=\"92\" \/>\n\t<meta property=\"og:image:type\" content=\"image\/png\" \/>\n<meta name=\"author\" content=\"Julien\" \/>\n<meta name=\"twitter:card\" content=\"summary_large_image\" \/>\n<meta name=\"twitter:label1\" content=\"\u00c9crit par\" \/>\n\t<meta name=\"twitter:data1\" content=\"Julien\" \/>\n\t<meta name=\"twitter:label2\" content=\"Dur\u00e9e de lecture est.\" \/>\n\t<meta name=\"twitter:data2\" content=\"1 minute\" \/>\n<script type=\"application\/ld+json\" class=\"yoast-schema-graph\">{\"@context\":\"https:\/\/schema.org\",\"@graph\":[{\"@type\":\"Article\",\"@id\":\"https:\/\/vieassociative.be\/actualites\/les-montres-sont-modifiees-lheure-dete-commence-le-dimanche\/#article\",\"isPartOf\":{\"@id\":\"https:\/\/vieassociative.be\/actualites\/les-montres-sont-modifiees-lheure-dete-commence-le-dimanche\/\"},\"author\":{\"name\":\"Julien\",\"@id\":\"https:\/\/vieassociative.be\/actualites\/#\/schema\/person\/b87ac4f82f9d4e7b7cec7395b679edc4\"},\"headline\":\"Les montres sont modifi\u00e9es: l&rsquo;heure d&rsquo;\u00e9t\u00e9 commence le dimanche\",\"datePublished\":\"2025-03-30T08:19:26+00:00\",\"dateModified\":\"2025-03-30T08:19:26+00:00\",\"mainEntityOfPage\":{\"@id\":\"https:\/\/vieassociative.be\/actualites\/les-montres-sont-modifiees-lheure-dete-commence-le-dimanche\/\"},\"wordCount\":310,\"publisher\":{\"@id\":\"https:\/\/vieassociative.be\/actualites\/#organization\"},\"image\":{\"@id\":\"https:\/\/vieassociative.be\/actualites\/les-montres-sont-modifiees-lheure-dete-commence-le-dimanche\/#primaryimage\"},\"thumbnailUrl\":\"https:\/\/vieassociative.be\/actualites\/wp-content\/uploads\/2025\/03\/Les-montres-sont-modifiees-lheure-dete-commence-le-dimanche.jpeg\",\"keywords\":[\"commenc\u00e9\",\"d\u00e9t\u00e9\",\"dimanche\",\"Les\",\"lheure\",\"modifi\u00e9es\",\"montres\",\"sont\"],\"articleSection\":[\"Belgique\"],\"inLanguage\":\"fr-BE\"},{\"@type\":\"WebPage\",\"@id\":\"https:\/\/vieassociative.be\/actualites\/les-montres-sont-modifiees-lheure-dete-commence-le-dimanche\/\",\"url\":\"https:\/\/vieassociative.be\/actualites\/les-montres-sont-modifiees-lheure-dete-commence-le-dimanche\/\",\"name\":\"Les montres sont modifi\u00e9es: l'heure d'\u00e9t\u00e9 commence le dimanche | Vie Associative\",\"isPartOf\":{\"@id\":\"https:\/\/vieassociative.be\/actualites\/#website\"},\"primaryImageOfPage\":{\"@id\":\"https:\/\/vieassociative.be\/actualites\/les-montres-sont-modifiees-lheure-dete-commence-le-dimanche\/#primaryimage\"},\"image\":{\"@id\":\"https:\/\/vieassociative.be\/actualites\/les-montres-sont-modifiees-lheure-dete-commence-le-dimanche\/#primaryimage\"},\"thumbnailUrl\":\"https:\/\/vieassociative.be\/actualites\/wp-content\/uploads\/2025\/03\/Les-montres-sont-modifiees-lheure-dete-commence-le-dimanche.jpeg\",\"datePublished\":\"2025-03-30T08:19:26+00:00\",\"dateModified\":\"2025-03-30T08:19:26+00:00\",\"breadcrumb\":{\"@id\":\"https:\/\/vieassociative.be\/actualites\/les-montres-sont-modifiees-lheure-dete-commence-le-dimanche\/#breadcrumb\"},\"inLanguage\":\"fr-BE\",\"potentialAction\":[{\"@type\":\"ReadAction\",\"target\":[\"https:\/\/vieassociative.be\/actualites\/les-montres-sont-modifiees-lheure-dete-commence-le-dimanche\/\"]}]},{\"@type\":\"ImageObject\",\"inLanguage\":\"fr-BE\",\"@id\":\"https:\/\/vieassociative.be\/actualites\/les-montres-sont-modifiees-lheure-dete-commence-le-dimanche\/#primaryimage\",\"url\":\"https:\/\/vieassociative.be\/actualites\/wp-content\/uploads\/2025\/03\/Les-montres-sont-modifiees-lheure-dete-commence-le-dimanche.jpeg\",\"contentUrl\":\"https:\/\/vieassociative.be\/actualites\/wp-content\/uploads\/2025\/03\/Les-montres-sont-modifiees-lheure-dete-commence-le-dimanche.jpeg\",\"width\":1000,\"height\":750,\"caption\":\"Les montres sont modifi\u00e9es: l'heure d'\u00e9t\u00e9 commence le dimanche\"},{\"@type\":\"BreadcrumbList\",\"@id\":\"https:\/\/vieassociative.be\/actualites\/les-montres-sont-modifiees-lheure-dete-commence-le-dimanche\/#breadcrumb\",\"itemListElement\":[{\"@type\":\"ListItem\",\"position\":1,\"name\":\"Accueil\",\"item\":\"https:\/\/vieassociative.be\/actualites\/\"},{\"@type\":\"ListItem\",\"position\":2,\"name\":\"Les montres sont modifi\u00e9es: l&rsquo;heure d&rsquo;\u00e9t\u00e9 commence le dimanche\"}]},{\"@type\":\"WebSite\",\"@id\":\"https:\/\/vieassociative.be\/actualites\/#website\",\"url\":\"https:\/\/vieassociative.be\/actualites\/\",\"name\":\"Vie Associative\",\"description\":\"\",\"publisher\":{\"@id\":\"https:\/\/vieassociative.be\/actualites\/#organization\"},\"potentialAction\":[{\"@type\":\"SearchAction\",\"target\":{\"@type\":\"EntryPoint\",\"urlTemplate\":\"https:\/\/vieassociative.be\/actualites\/?s={search_term_string}\"},\"query-input\":{\"@type\":\"PropertyValueSpecification\",\"valueRequired\":true,\"valueName\":\"search_term_string\"}}],\"inLanguage\":\"fr-BE\"},{\"@type\":\"Organization\",\"@id\":\"https:\/\/vieassociative.be\/actualites\/#organization\",\"name\":\"Vie Associative\",\"url\":\"https:\/\/vieassociative.be\/actualites\/\",\"logo\":{\"@type\":\"ImageObject\",\"inLanguage\":\"fr-BE\",\"@id\":\"https:\/\/vieassociative.be\/actualites\/#\/schema\/logo\/image\/\",\"url\":\"https:\/\/vieassociative.be\/actualites\/wp-content\/uploads\/2024\/09\/cropped-vieassociative_favicon.ico.png\",\"contentUrl\":\"https:\/\/vieassociative.be\/actualites\/wp-content\/uploads\/2024\/09\/cropped-vieassociative_favicon.ico.png\",\"width\":512,\"height\":512,\"caption\":\"Vie Associative\"},\"image\":{\"@id\":\"https:\/\/vieassociative.be\/actualites\/#\/schema\/logo\/image\/\"}},{\"@type\":\"Person\",\"@id\":\"https:\/\/vieassociative.be\/actualites\/#\/schema\/person\/b87ac4f82f9d4e7b7cec7395b679edc4\",\"name\":\"Julien\",\"image\":{\"@type\":\"ImageObject\",\"inLanguage\":\"fr-BE\",\"@id\":\"https:\/\/vieassociative.be\/actualites\/#\/schema\/person\/image\/\",\"url\":\"https:\/\/vieassociative.be\/actualites\/wp-content\/uploads\/2024\/09\/vie-associative-1-150x150.jpg\",\"contentUrl\":\"https:\/\/vieassociative.be\/actualites\/wp-content\/uploads\/2024\/09\/vie-associative-1-150x150.jpg\",\"caption\":\"Julien\"},\"description\":\"Je suis Julien, r\u00e9dacteur pour Vie Associative. Passionn\u00e9 par le monde associatif depuis plus de 10 ans, j'ai \u00e0 c\u0153ur de partager des histoires inspirantes et de mettre en lumi\u00e8re les initiatives locales. Mon objectif est de sensibiliser et d'encourager l'engagement communautaire \u00e0 travers mes articles.\",\"sameAs\":[\"https:\/\/vieassociative.be\/\"]}]}<\/script>\n<!-- \/ Yoast SEO plugin. -->","yoast_head_json":{"title":"Les montres sont modifi\u00e9es: l'heure d'\u00e9t\u00e9 commence le dimanche | Vie Associative","robots":{"index":"index","follow":"follow","max-snippet":"max-snippet:-1","max-image-preview":"max-image-preview:large","max-video-preview":"max-video-preview:-1"},"canonical":"https:\/\/vieassociative.be\/actualites\/les-montres-sont-modifiees-lheure-dete-commence-le-dimanche\/","og_locale":"fr_FR","og_type":"article","og_title":"Les montres sont modifi\u00e9es: l'heure d'\u00e9t\u00e9 commence le dimanche | Vie Associative","og_description":"Six mois tranquilles suivent un court d\u00e9bat excit\u00e9. Cela est possible depuis de nombreuses ann\u00e9es lors de la modification du temps. Le sujet ne doit","og_url":"https:\/\/vieassociative.be\/actualites\/les-montres-sont-modifiees-lheure-dete-commence-le-dimanche\/","og_site_name":"Vie Associative","article_published_time":"2025-03-30T08:19:26+00:00","og_image":[{"width":279,"height":92,"url":"https:\/\/vieassociative.be\/actualites\/wp-content\/uploads\/2024\/09\/header_backgroundk-01-e1726694325946.png","type":"image\/png"}],"author":"Julien","twitter_card":"summary_large_image","twitter_misc":{"\u00c9crit par":"Julien","Dur\u00e9e de lecture est.":"1 minute"},"schema":{"@context":"https:\/\/schema.org","@graph":[{"@type":"Article","@id":"https:\/\/vieassociative.be\/actualites\/les-montres-sont-modifiees-lheure-dete-commence-le-dimanche\/#article","isPartOf":{"@id":"https:\/\/vieassociative.be\/actualites\/les-montres-sont-modifiees-lheure-dete-commence-le-dimanche\/"},"author":{"name":"Julien","@id":"https:\/\/vieassociative.be\/actualites\/#\/schema\/person\/b87ac4f82f9d4e7b7cec7395b679edc4"},"headline":"Les montres sont modifi\u00e9es: l&rsquo;heure d&rsquo;\u00e9t\u00e9 commence le dimanche","datePublished":"2025-03-30T08:19:26+00:00","dateModified":"2025-03-30T08:19:26+00:00","mainEntityOfPage":{"@id":"https:\/\/vieassociative.be\/actualites\/les-montres-sont-modifiees-lheure-dete-commence-le-dimanche\/"},"wordCount":310,"publisher":{"@id":"https:\/\/vieassociative.be\/actualites\/#organization"},"image":{"@id":"https:\/\/vieassociative.be\/actualites\/les-montres-sont-modifiees-lheure-dete-commence-le-dimanche\/#primaryimage"},"thumbnailUrl":"https:\/\/vieassociative.be\/actualites\/wp-content\/uploads\/2025\/03\/Les-montres-sont-modifiees-lheure-dete-commence-le-dimanche.jpeg","keywords":["commenc\u00e9","d\u00e9t\u00e9","dimanche","Les","lheure","modifi\u00e9es","montres","sont"],"articleSection":["Belgique"],"inLanguage":"fr-BE"},{"@type":"WebPage","@id":"https:\/\/vieassociative.be\/actualites\/les-montres-sont-modifiees-lheure-dete-commence-le-dimanche\/","url":"https:\/\/vieassociative.be\/actualites\/les-montres-sont-modifiees-lheure-dete-commence-le-dimanche\/","name":"Les montres sont modifi\u00e9es: l'heure d'\u00e9t\u00e9 commence le dimanche | Vie Associative","isPartOf":{"@id":"https:\/\/vieassociative.be\/actualites\/#website"},"primaryImageOfPage":{"@id":"https:\/\/vieassociative.be\/actualites\/les-montres-sont-modifiees-lheure-dete-commence-le-dimanche\/#primaryimage"},"image":{"@id":"https:\/\/vieassociative.be\/actualites\/les-montres-sont-modifiees-lheure-dete-commence-le-dimanche\/#primaryimage"},"thumbnailUrl":"https:\/\/vieassociative.be\/actualites\/wp-content\/uploads\/2025\/03\/Les-montres-sont-modifiees-lheure-dete-commence-le-dimanche.jpeg","datePublished":"2025-03-30T08:19:26+00:00","dateModified":"2025-03-30T08:19:26+00:00","breadcrumb":{"@id":"https:\/\/vieassociative.be\/actualites\/les-montres-sont-modifiees-lheure-dete-commence-le-dimanche\/#breadcrumb"},"inLanguage":"fr-BE","potentialAction":[{"@type":"ReadAction","target":["https:\/\/vieassociative.be\/actualites\/les-montres-sont-modifiees-lheure-dete-commence-le-dimanche\/"]}]},{"@type":"ImageObject","inLanguage":"fr-BE","@id":"https:\/\/vieassociative.be\/actualites\/les-montres-sont-modifiees-lheure-dete-commence-le-dimanche\/#primaryimage","url":"https:\/\/vieassociative.be\/actualites\/wp-content\/uploads\/2025\/03\/Les-montres-sont-modifiees-lheure-dete-commence-le-dimanche.jpeg","contentUrl":"https:\/\/vieassociative.be\/actualites\/wp-content\/uploads\/2025\/03\/Les-montres-sont-modifiees-lheure-dete-commence-le-dimanche.jpeg","width":1000,"height":750,"caption":"Les montres sont modifi\u00e9es: l'heure d'\u00e9t\u00e9 commence le dimanche"},{"@type":"BreadcrumbList","@id":"https:\/\/vieassociative.be\/actualites\/les-montres-sont-modifiees-lheure-dete-commence-le-dimanche\/#breadcrumb","itemListElement":[{"@type":"ListItem","position":1,"name":"Accueil","item":"https:\/\/vieassociative.be\/actualites\/"},{"@type":"ListItem","position":2,"name":"Les montres sont modifi\u00e9es: l&rsquo;heure d&rsquo;\u00e9t\u00e9 commence le dimanche"}]},{"@type":"WebSite","@id":"https:\/\/vieassociative.be\/actualites\/#website","url":"https:\/\/vieassociative.be\/actualites\/","name":"Vie Associative","description":"","publisher":{"@id":"https:\/\/vieassociative.be\/actualites\/#organization"},"potentialAction":[{"@type":"SearchAction","target":{"@type":"EntryPoint","urlTemplate":"https:\/\/vieassociative.be\/actualites\/?s={search_term_string}"},"query-input":{"@type":"PropertyValueSpecification","valueRequired":true,"valueName":"search_term_string"}}],"inLanguage":"fr-BE"},{"@type":"Organization","@id":"https:\/\/vieassociative.be\/actualites\/#organization","name":"Vie Associative","url":"https:\/\/vieassociative.be\/actualites\/","logo":{"@type":"ImageObject","inLanguage":"fr-BE","@id":"https:\/\/vieassociative.be\/actualites\/#\/schema\/logo\/image\/","url":"https:\/\/vieassociative.be\/actualites\/wp-content\/uploads\/2024\/09\/cropped-vieassociative_favicon.ico.png","contentUrl":"https:\/\/vieassociative.be\/actualites\/wp-content\/uploads\/2024\/09\/cropped-vieassociative_favicon.ico.png","width":512,"height":512,"caption":"Vie Associative"},"image":{"@id":"https:\/\/vieassociative.be\/actualites\/#\/schema\/logo\/image\/"}},{"@type":"Person","@id":"https:\/\/vieassociative.be\/actualites\/#\/schema\/person\/b87ac4f82f9d4e7b7cec7395b679edc4","name":"Julien","image":{"@type":"ImageObject","inLanguage":"fr-BE","@id":"https:\/\/vieassociative.be\/actualites\/#\/schema\/person\/image\/","url":"https:\/\/vieassociative.be\/actualites\/wp-content\/uploads\/2024\/09\/vie-associative-1-150x150.jpg","contentUrl":"https:\/\/vieassociative.be\/actualites\/wp-content\/uploads\/2024\/09\/vie-associative-1-150x150.jpg","caption":"Julien"},"description":"Je suis Julien, r\u00e9dacteur pour Vie Associative. Passionn\u00e9 par le monde associatif depuis plus de 10 ans, j'ai \u00e0 c\u0153ur de partager des histoires inspirantes et de mettre en lumi\u00e8re les initiatives locales. Mon objectif est de sensibiliser et d'encourager l'engagement communautaire \u00e0 travers mes articles.","sameAs":["https:\/\/vieassociative.be\/"]}]}},"_links":{"self":[{"href":"https:\/\/vieassociative.be\/actualites\/wp-json\/wp\/v2\/posts\/6274"}],"collection":[{"href":"https:\/\/vieassociative.be\/actualites\/wp-json\/wp\/v2\/posts"}],"about":[{"href":"https:\/\/vieassociative.be\/actualites\/wp-json\/wp\/v2\/types\/post"}],"author":[{"embeddable":true,"href":"https:\/\/vieassociative.be\/actualites\/wp-json\/wp\/v2\/users\/1"}],"replies":[{"embeddable":true,"href":"https:\/\/vieassociative.be\/actualites\/wp-json\/wp\/v2\/comments?post=6274"}],"version-history":[{"count":0,"href":"https:\/\/vieassociative.be\/actualites\/wp-json\/wp\/v2\/posts\/6274\/revisions"}],"wp:featuredmedia":[{"embeddable":true,"href":"https:\/\/vieassociative.be\/actualites\/wp-json\/wp\/v2\/media\/6275"}],"wp:attachment":[{"href":"https:\/\/vieassociative.be\/actualites\/wp-json\/wp\/v2\/media?parent=6274"}],"wp:term":[{"taxonomy":"category","embeddable":true,"href":"https:\/\/vieassociative.be\/actualites\/wp-json\/wp\/v2\/categories?post=6274"},{"taxonomy":"post_tag","embeddable":true,"href":"https:\/\/vieassociative.be\/actualites\/wp-json\/wp\/v2\/tags?post=6274"}],"curies":[{"name":"wp","href":"https:\/\/api.w.org\/{rel}","templated":true}]}}