{"id":6272,"date":"2025-03-30T09:17:00","date_gmt":"2025-03-30T07:17:00","guid":{"rendered":"https:\/\/vieassociative.be\/actualites\/vous-pouvez-enfin-allumer-la-page-sur-certains-kindles-sans-taper-lecran\/"},"modified":"2025-03-30T09:17:00","modified_gmt":"2025-03-30T07:17:00","slug":"vous-pouvez-enfin-allumer-la-page-sur-certains-kindles-sans-taper-lecran","status":"publish","type":"post","link":"https:\/\/vieassociative.be\/actualites\/vous-pouvez-enfin-allumer-la-page-sur-certains-kindles-sans-taper-lecran\/","title":{"rendered":"Vous pouvez enfin allumer la page sur certains Kindles sans taper l&rsquo;\u00e9cran"},"content":{"rendered":"<div class=\"mt-4 leading-6 md:mb-8\">La fonctionnalit\u00e9 ne fonctionne que sur le Kindle ColorSoft et la plus r\u00e9cente \u00e9dition Kindle Paperwhite Signature.<\/div>\n<p><\/p>\n<p>Lorsque j&rsquo;ai pass\u00e9 en revue le Kindle Colorsoft, l&rsquo;un de mes plus grands points de critique a \u00e9t\u00e9 la simplicit\u00e9 de la tablette elle-m\u00eame. Il n&rsquo;y a pas de boutons de prise en charge du stylet ou de pages, m\u00eame si Amazon avait auparavant des boutons sur l&rsquo;oasis Kindle d\u00e9sormais interrompu, et des concurrents comme la couleur Kobo Libra et Boox Go Color 7 les utilisent toujours. Jusqu&rsquo;\u00e0 pr\u00e9sent, cela signifiait que le tournage de la page vous obligeait \u00e0 toucher physiquement l&rsquo;\u00e9cran, en laissant potentiellement une empreinte digitale distrayante. <\/p>\n<p>Personnellement, ce n&rsquo;est pas un probl\u00e8me majeur pour moi &#8211; je puise simplement les marges. Mais c&rsquo;est une distraction majeure pour mon mari, qui a plut\u00f4t pris la lecture de tous ses livres sur son Kobo. Avec sa mise \u00e0 jour Kindle la plus r\u00e9cente, Amazon a maintenant introduit une autre fa\u00e7on de tourner votre page, bien que avec certaines limites.<\/p>\n<p>Dans le cadre de la mise \u00e0 jour du logiciel Kindle 5.18.1, le Kindle Colordeft et l&rsquo;\u00e9dition Signature Paperwhite de 12e g\u00e9n\u00e9ration vous permettent d\u00e9sormais de tourner la page en tapant \u00e0 peu pr\u00e8s n&rsquo;importe o\u00f9 sur l&rsquo;appareil lui-m\u00eame, que ce soit les c\u00f4t\u00e9s ou le dos. Apr\u00e8s la mise \u00e0 jour, vous obtiendrez un bref \u00e9cran d&rsquo;introduction, puis vous \u00eates libre d&rsquo;ouvrir un livre et de l&rsquo;essayer. Et ne vous inqui\u00e9tez pas &#8211; le tapissant une fois sur l&rsquo;\u00e9cran fonctionne \u00e0 la place.<\/p>\n<p>Il peut \u00eatre un peu difficile de faire baisser le calendrier au d\u00e9but, mais garder la fen\u00eatre pour un double robinet aide \u00e9galement \u00e0 pr\u00e9venir les sauts accidentels vers l&rsquo;avant. Il ne m&rsquo;a fallu que quelques minutes pour atterrir sur une cadence qui fonctionne \u00e0 chaque fois, et je ne dirais pas que le double taraudage n\u00e9cessite trop de force ou est trop inconfortable. Cela dit, je l&rsquo;ai surtout test\u00e9 sur un roman. Si vous avancez vos pages plus fr\u00e9quemment qu&rsquo;une fois environ une minute environ, je pourrais voir le geste devenir fastidieux.<\/p>\n<p>Quant aux inconv\u00e9nients, le double taraudage vous permet de faire avancer votre page. Il n&rsquo;y a pas de double taraudage pour revenir en arri\u00e8re, ce qui est un peu d\u00e9cevant. Je suppose que le Kindle n&rsquo;a tout simplement pas la technologie pour faire la diff\u00e9rence entre les robinets sur le c\u00f4t\u00e9 gauche de l&rsquo;appareil par rapport aux robinets sur le c\u00f4t\u00e9 droit, alors Amazon a choisi de cartographier tous les doubles robinets pour avancer une page \u00e0 la place. Pourtant, vous devrez peut-\u00eatre recycler un peu votre m\u00e9moire musculaire &#8211; en utilisant votre main gauche pour cela ne vous fera pas soudainement commencer \u00e0 rembobiner.<\/p>\n<div class=\"pogoClear relative my-10 border-b-(1.5px) border-t-(1.5px) border-dashed border-black py-5 sm:my-14 sm:border-0 sm:py-0\" x-cloak x-data=\"{ commentsCount: null }\" x-init=\"commentsCount = await window.openweb.getMessagesCount(122470)\" x-show=\"commentsCount !== null &amp;&amp; commentsCount &gt; 0\">\n<div class=\"absolute top-1\/2 hidden w-full -translate-y-1\/2 border-t-(1.5px) border-dashed border-black sm:block\"><\/div>\n<div class=\"relative flex justify-center\">\n<div class=\"flex max-w-max items-center gap-x-3 bg-white px-5\">\n<div class=\"relative\">\n                <span class=\"absolute left-1\/2 top-1\/2 -translate-x-1\/2 -translate-y-1\/2 font-akshar text-sm font-medium text-black\" x-text=\"commentsCount\"><\/span><\/p>\n<p>                <svg class=\"h-8 w-8 text-black\">\n                    <use href=\"http:\/\/lifehacker.com\/images\/icons\/spritemap.svg#sprite-chat-bubble\"><\/use>\n                <\/svg>\n            <\/div>\n<p>            <span class=\"text-sm font-medium text-black\">Que pensez-vous jusqu&rsquo;\u00e0 pr\u00e9sent? <button class=\"font-semibold text-brand-green underline hover:text-brand-green-700\" onclick=\"window.openweb.scrollToComments(122470)\">Publier un commentaire.<\/button><\/span>\n        <\/div>\n<\/p><\/div>\n<\/div>\n<p>Si vous \u00eates sur l&rsquo;\u00e9cran d&rsquo;accueil de votre Kindle, le geste \u00e0 double robinet fait \u00e9galement d\u00e9filer l\u00e9g\u00e8rement, ce qui est une belle touche.<\/p>\n<p>La mise \u00e0 jour logicielle 5.18.1 est maintenant disponible, et vous pouvez th\u00e9oriquement y acc\u00e9der sous <strong>Param\u00e8tres> Options de l&rsquo;appareil> Mises \u00e0 jour logicielles<\/strong>. Cela dit, mon Kindle ne l&rsquo;a pas affich\u00e9 comme une option de mise \u00e0 jour en direct, disant plut\u00f4t que j&rsquo;\u00e9tais \u00ab\u00a0sur le dernier logiciel\u00a0\u00bb alors que j&rsquo;\u00e9tais clairement toujours sur la version 5.18.0.01. Si cela vous arrive, vous pouvez plut\u00f4t t\u00e9l\u00e9charger manuellement la mise \u00e0 jour sur un ordinateur via le site Web d&rsquo;Amazon, puis le transf\u00e9rer sur votre Kindle en utilisant les instructions ci-dessous.<\/p>\n<ol>\n<li>\n<p>T\u00e9l\u00e9chargez la mise \u00e0 jour logicielle 5.18.1 pour votre appareil \u00e0 l&rsquo;aide du lien ci-dessus.<\/p>\n<\/li>\n<li>\n<p>Allumez votre Kindle.<\/p>\n<\/li>\n<li>\n<p>Connectez votre Kindle \u00e0 votre ordinateur (Amazon sugg\u00e8re d&rsquo;utiliser le c\u00e2ble de charge inclus, mais ce n&rsquo;\u00e9tait pas n\u00e9cessaire pour moi).<\/p>\n<\/li>\n<li>\n<p>\u00c0 l&rsquo;aide de l&rsquo;application File Manager de votre ordinateur, faites glisser et d\u00e9posez la mise \u00e0 jour du logiciel sur votre Kindle. Notez que, si vous \u00eates sur Mac, vous pourriez avoir besoin d&rsquo;une application s\u00e9par\u00e9e pour voir r\u00e9ellement votre appareil.<\/p>\n<\/li>\n<li>\n<p>Appuyez sur \u00ab\u00a0D\u00e9branchez\u00a0\u00bb sur votre Kindle (ou \u00e9jectez-le de votre ordinateur) et d\u00e9branchez-le de votre c\u00e2ble.<\/p>\n<\/li>\n<li>\n<p>Se diriger vers <strong>Param\u00e8tres> Options de l&rsquo;appareil<\/strong> et taper <strong>Mises \u00e0 jour logicielles<\/strong>. Votre Kindle red\u00e9marrera et appliquera la mise \u00e0 jour.<\/p>\n<\/li>\n<\/ol>\n<p>Avec cela, vous devriez \u00eatre r\u00e9gl\u00e9. Votre Kindle affichera le tutoriel \u00e0 double robinet et permettra automatiquement la fonctionnalit\u00e9. Cela dit, si vous vous trouvez accidentellement en train de taper un peu trop, vous pouvez le d\u00e9placer sous <strong>Param\u00e8tres> Options de l&rsquo;appareil> Double Tap<\/strong>.<\/p>\n","protected":false},"excerpt":{"rendered":"<p>La fonctionnalit\u00e9 ne fonctionne que sur le Kindle ColorSoft et la plus r\u00e9cente \u00e9dition Kindle Paperwhite Signature. Lorsque j&rsquo;ai pass\u00e9 en revue le Kindle Colorsoft,<\/p>\n","protected":false},"author":1,"featured_media":6273,"comment_status":"","ping_status":"","sticky":false,"template":"","format":"standard","meta":{"footnotes":""},"categories":[13],"tags":[6009,820,545,6088,4182,6087,5,130,33,6089,4],"class_list":["post-6272","post","type-post","status-publish","format-standard","has-post-thumbnail","hentry","category-technologie","tag-allumer","tag-certains","tag-enfin","tag-kindles","tag-lecran","tag-page","tag-pouvez","tag-sans","tag-sur","tag-taper","tag-vous","generate-columns","tablet-grid-50","mobile-grid-100","grid-parent","grid-33"],"yoast_head":"<!-- This site is optimized with the Yoast SEO plugin v24.0 - https:\/\/yoast.com\/wordpress\/plugins\/seo\/ -->\n<title>Vous pouvez enfin allumer la page sur certains Kindles sans taper l&#039;\u00e9cran | Vie Associative<\/title>\n<meta name=\"robots\" content=\"index, follow, max-snippet:-1, max-image-preview:large, max-video-preview:-1\" \/>\n<link rel=\"canonical\" href=\"https:\/\/vieassociative.be\/actualites\/vous-pouvez-enfin-allumer-la-page-sur-certains-kindles-sans-taper-lecran\/\" \/>\n<meta property=\"og:locale\" content=\"fr_FR\" \/>\n<meta property=\"og:type\" content=\"article\" \/>\n<meta property=\"og:title\" content=\"Vous pouvez enfin allumer la page sur certains Kindles sans taper l&#039;\u00e9cran | Vie Associative\" \/>\n<meta property=\"og:description\" content=\"La fonctionnalit\u00e9 ne fonctionne que sur le Kindle ColorSoft et la plus r\u00e9cente \u00e9dition Kindle Paperwhite Signature. Lorsque j&rsquo;ai pass\u00e9 en revue le Kindle Colorsoft,\" \/>\n<meta property=\"og:url\" content=\"https:\/\/vieassociative.be\/actualites\/vous-pouvez-enfin-allumer-la-page-sur-certains-kindles-sans-taper-lecran\/\" \/>\n<meta property=\"og:site_name\" content=\"Vie Associative\" \/>\n<meta property=\"article:published_time\" content=\"2025-03-30T07:17:00+00:00\" \/>\n<meta property=\"og:image\" content=\"https:\/\/vieassociative.be\/actualites\/wp-content\/uploads\/2024\/09\/header_backgroundk-01-e1726694325946.png\" \/>\n\t<meta property=\"og:image:width\" content=\"279\" \/>\n\t<meta property=\"og:image:height\" content=\"92\" \/>\n\t<meta property=\"og:image:type\" content=\"image\/png\" \/>\n<meta name=\"author\" content=\"Julien\" \/>\n<meta name=\"twitter:card\" content=\"summary_large_image\" \/>\n<meta name=\"twitter:label1\" content=\"\u00c9crit par\" \/>\n\t<meta name=\"twitter:data1\" content=\"Julien\" \/>\n\t<meta name=\"twitter:label2\" content=\"Dur\u00e9e de lecture est.\" \/>\n\t<meta name=\"twitter:data2\" content=\"4 minutes\" \/>\n<script type=\"application\/ld+json\" class=\"yoast-schema-graph\">{\"@context\":\"https:\/\/schema.org\",\"@graph\":[{\"@type\":\"Article\",\"@id\":\"https:\/\/vieassociative.be\/actualites\/vous-pouvez-enfin-allumer-la-page-sur-certains-kindles-sans-taper-lecran\/#article\",\"isPartOf\":{\"@id\":\"https:\/\/vieassociative.be\/actualites\/vous-pouvez-enfin-allumer-la-page-sur-certains-kindles-sans-taper-lecran\/\"},\"author\":{\"name\":\"Julien\",\"@id\":\"https:\/\/vieassociative.be\/actualites\/#\/schema\/person\/b87ac4f82f9d4e7b7cec7395b679edc4\"},\"headline\":\"Vous pouvez enfin allumer la page sur certains Kindles sans taper l&rsquo;\u00e9cran\",\"datePublished\":\"2025-03-30T07:17:00+00:00\",\"dateModified\":\"2025-03-30T07:17:00+00:00\",\"mainEntityOfPage\":{\"@id\":\"https:\/\/vieassociative.be\/actualites\/vous-pouvez-enfin-allumer-la-page-sur-certains-kindles-sans-taper-lecran\/\"},\"wordCount\":814,\"publisher\":{\"@id\":\"https:\/\/vieassociative.be\/actualites\/#organization\"},\"image\":{\"@id\":\"https:\/\/vieassociative.be\/actualites\/vous-pouvez-enfin-allumer-la-page-sur-certains-kindles-sans-taper-lecran\/#primaryimage\"},\"thumbnailUrl\":\"https:\/\/vieassociative.be\/actualites\/wp-content\/uploads\/2025\/03\/Vous-pouvez-enfin-allumer-la-page-sur-certains-Kindles-sans.jpg\",\"keywords\":[\"allumer\",\"certains\",\"enfin\",\"Kindles\",\"l\u00e9cran\",\"page\",\"pouvez\",\"sans\",\"sur\",\"taper\",\"Vous\"],\"articleSection\":[\"Technologie\"],\"inLanguage\":\"fr-BE\"},{\"@type\":\"WebPage\",\"@id\":\"https:\/\/vieassociative.be\/actualites\/vous-pouvez-enfin-allumer-la-page-sur-certains-kindles-sans-taper-lecran\/\",\"url\":\"https:\/\/vieassociative.be\/actualites\/vous-pouvez-enfin-allumer-la-page-sur-certains-kindles-sans-taper-lecran\/\",\"name\":\"Vous pouvez enfin allumer la page sur certains Kindles sans taper l'\u00e9cran | Vie Associative\",\"isPartOf\":{\"@id\":\"https:\/\/vieassociative.be\/actualites\/#website\"},\"primaryImageOfPage\":{\"@id\":\"https:\/\/vieassociative.be\/actualites\/vous-pouvez-enfin-allumer-la-page-sur-certains-kindles-sans-taper-lecran\/#primaryimage\"},\"image\":{\"@id\":\"https:\/\/vieassociative.be\/actualites\/vous-pouvez-enfin-allumer-la-page-sur-certains-kindles-sans-taper-lecran\/#primaryimage\"},\"thumbnailUrl\":\"https:\/\/vieassociative.be\/actualites\/wp-content\/uploads\/2025\/03\/Vous-pouvez-enfin-allumer-la-page-sur-certains-Kindles-sans.jpg\",\"datePublished\":\"2025-03-30T07:17:00+00:00\",\"dateModified\":\"2025-03-30T07:17:00+00:00\",\"breadcrumb\":{\"@id\":\"https:\/\/vieassociative.be\/actualites\/vous-pouvez-enfin-allumer-la-page-sur-certains-kindles-sans-taper-lecran\/#breadcrumb\"},\"inLanguage\":\"fr-BE\",\"potentialAction\":[{\"@type\":\"ReadAction\",\"target\":[\"https:\/\/vieassociative.be\/actualites\/vous-pouvez-enfin-allumer-la-page-sur-certains-kindles-sans-taper-lecran\/\"]}]},{\"@type\":\"ImageObject\",\"inLanguage\":\"fr-BE\",\"@id\":\"https:\/\/vieassociative.be\/actualites\/vous-pouvez-enfin-allumer-la-page-sur-certains-kindles-sans-taper-lecran\/#primaryimage\",\"url\":\"https:\/\/vieassociative.be\/actualites\/wp-content\/uploads\/2025\/03\/Vous-pouvez-enfin-allumer-la-page-sur-certains-Kindles-sans.jpg\",\"contentUrl\":\"https:\/\/vieassociative.be\/actualites\/wp-content\/uploads\/2025\/03\/Vous-pouvez-enfin-allumer-la-page-sur-certains-Kindles-sans.jpg\",\"width\":1200,\"height\":675,\"caption\":\"Vous pouvez enfin allumer la page sur certains Kindles sans taper l'\u00e9cran\"},{\"@type\":\"BreadcrumbList\",\"@id\":\"https:\/\/vieassociative.be\/actualites\/vous-pouvez-enfin-allumer-la-page-sur-certains-kindles-sans-taper-lecran\/#breadcrumb\",\"itemListElement\":[{\"@type\":\"ListItem\",\"position\":1,\"name\":\"Accueil\",\"item\":\"https:\/\/vieassociative.be\/actualites\/\"},{\"@type\":\"ListItem\",\"position\":2,\"name\":\"Vous pouvez enfin allumer la page sur certains Kindles sans taper l&rsquo;\u00e9cran\"}]},{\"@type\":\"WebSite\",\"@id\":\"https:\/\/vieassociative.be\/actualites\/#website\",\"url\":\"https:\/\/vieassociative.be\/actualites\/\",\"name\":\"Vie Associative\",\"description\":\"\",\"publisher\":{\"@id\":\"https:\/\/vieassociative.be\/actualites\/#organization\"},\"potentialAction\":[{\"@type\":\"SearchAction\",\"target\":{\"@type\":\"EntryPoint\",\"urlTemplate\":\"https:\/\/vieassociative.be\/actualites\/?s={search_term_string}\"},\"query-input\":{\"@type\":\"PropertyValueSpecification\",\"valueRequired\":true,\"valueName\":\"search_term_string\"}}],\"inLanguage\":\"fr-BE\"},{\"@type\":\"Organization\",\"@id\":\"https:\/\/vieassociative.be\/actualites\/#organization\",\"name\":\"Vie Associative\",\"url\":\"https:\/\/vieassociative.be\/actualites\/\",\"logo\":{\"@type\":\"ImageObject\",\"inLanguage\":\"fr-BE\",\"@id\":\"https:\/\/vieassociative.be\/actualites\/#\/schema\/logo\/image\/\",\"url\":\"https:\/\/vieassociative.be\/actualites\/wp-content\/uploads\/2024\/09\/cropped-vieassociative_favicon.ico.png\",\"contentUrl\":\"https:\/\/vieassociative.be\/actualites\/wp-content\/uploads\/2024\/09\/cropped-vieassociative_favicon.ico.png\",\"width\":512,\"height\":512,\"caption\":\"Vie Associative\"},\"image\":{\"@id\":\"https:\/\/vieassociative.be\/actualites\/#\/schema\/logo\/image\/\"}},{\"@type\":\"Person\",\"@id\":\"https:\/\/vieassociative.be\/actualites\/#\/schema\/person\/b87ac4f82f9d4e7b7cec7395b679edc4\",\"name\":\"Julien\",\"image\":{\"@type\":\"ImageObject\",\"inLanguage\":\"fr-BE\",\"@id\":\"https:\/\/vieassociative.be\/actualites\/#\/schema\/person\/image\/\",\"url\":\"https:\/\/vieassociative.be\/actualites\/wp-content\/uploads\/2024\/09\/vie-associative-1-150x150.jpg\",\"contentUrl\":\"https:\/\/vieassociative.be\/actualites\/wp-content\/uploads\/2024\/09\/vie-associative-1-150x150.jpg\",\"caption\":\"Julien\"},\"description\":\"Je suis Julien, r\u00e9dacteur pour Vie Associative. Passionn\u00e9 par le monde associatif depuis plus de 10 ans, j'ai \u00e0 c\u0153ur de partager des histoires inspirantes et de mettre en lumi\u00e8re les initiatives locales. Mon objectif est de sensibiliser et d'encourager l'engagement communautaire \u00e0 travers mes articles.\",\"sameAs\":[\"https:\/\/vieassociative.be\/\"]}]}<\/script>\n<!-- \/ Yoast SEO plugin. -->","yoast_head_json":{"title":"Vous pouvez enfin allumer la page sur certains Kindles sans taper l'\u00e9cran | Vie Associative","robots":{"index":"index","follow":"follow","max-snippet":"max-snippet:-1","max-image-preview":"max-image-preview:large","max-video-preview":"max-video-preview:-1"},"canonical":"https:\/\/vieassociative.be\/actualites\/vous-pouvez-enfin-allumer-la-page-sur-certains-kindles-sans-taper-lecran\/","og_locale":"fr_FR","og_type":"article","og_title":"Vous pouvez enfin allumer la page sur certains Kindles sans taper l'\u00e9cran | Vie Associative","og_description":"La fonctionnalit\u00e9 ne fonctionne que sur le Kindle ColorSoft et la plus r\u00e9cente \u00e9dition Kindle Paperwhite Signature. Lorsque j&rsquo;ai pass\u00e9 en revue le Kindle Colorsoft,","og_url":"https:\/\/vieassociative.be\/actualites\/vous-pouvez-enfin-allumer-la-page-sur-certains-kindles-sans-taper-lecran\/","og_site_name":"Vie Associative","article_published_time":"2025-03-30T07:17:00+00:00","og_image":[{"width":279,"height":92,"url":"https:\/\/vieassociative.be\/actualites\/wp-content\/uploads\/2024\/09\/header_backgroundk-01-e1726694325946.png","type":"image\/png"}],"author":"Julien","twitter_card":"summary_large_image","twitter_misc":{"\u00c9crit par":"Julien","Dur\u00e9e de lecture est.":"4 minutes"},"schema":{"@context":"https:\/\/schema.org","@graph":[{"@type":"Article","@id":"https:\/\/vieassociative.be\/actualites\/vous-pouvez-enfin-allumer-la-page-sur-certains-kindles-sans-taper-lecran\/#article","isPartOf":{"@id":"https:\/\/vieassociative.be\/actualites\/vous-pouvez-enfin-allumer-la-page-sur-certains-kindles-sans-taper-lecran\/"},"author":{"name":"Julien","@id":"https:\/\/vieassociative.be\/actualites\/#\/schema\/person\/b87ac4f82f9d4e7b7cec7395b679edc4"},"headline":"Vous pouvez enfin allumer la page sur certains Kindles sans taper l&rsquo;\u00e9cran","datePublished":"2025-03-30T07:17:00+00:00","dateModified":"2025-03-30T07:17:00+00:00","mainEntityOfPage":{"@id":"https:\/\/vieassociative.be\/actualites\/vous-pouvez-enfin-allumer-la-page-sur-certains-kindles-sans-taper-lecran\/"},"wordCount":814,"publisher":{"@id":"https:\/\/vieassociative.be\/actualites\/#organization"},"image":{"@id":"https:\/\/vieassociative.be\/actualites\/vous-pouvez-enfin-allumer-la-page-sur-certains-kindles-sans-taper-lecran\/#primaryimage"},"thumbnailUrl":"https:\/\/vieassociative.be\/actualites\/wp-content\/uploads\/2025\/03\/Vous-pouvez-enfin-allumer-la-page-sur-certains-Kindles-sans.jpg","keywords":["allumer","certains","enfin","Kindles","l\u00e9cran","page","pouvez","sans","sur","taper","Vous"],"articleSection":["Technologie"],"inLanguage":"fr-BE"},{"@type":"WebPage","@id":"https:\/\/vieassociative.be\/actualites\/vous-pouvez-enfin-allumer-la-page-sur-certains-kindles-sans-taper-lecran\/","url":"https:\/\/vieassociative.be\/actualites\/vous-pouvez-enfin-allumer-la-page-sur-certains-kindles-sans-taper-lecran\/","name":"Vous pouvez enfin allumer la page sur certains Kindles sans taper l'\u00e9cran | Vie Associative","isPartOf":{"@id":"https:\/\/vieassociative.be\/actualites\/#website"},"primaryImageOfPage":{"@id":"https:\/\/vieassociative.be\/actualites\/vous-pouvez-enfin-allumer-la-page-sur-certains-kindles-sans-taper-lecran\/#primaryimage"},"image":{"@id":"https:\/\/vieassociative.be\/actualites\/vous-pouvez-enfin-allumer-la-page-sur-certains-kindles-sans-taper-lecran\/#primaryimage"},"thumbnailUrl":"https:\/\/vieassociative.be\/actualites\/wp-content\/uploads\/2025\/03\/Vous-pouvez-enfin-allumer-la-page-sur-certains-Kindles-sans.jpg","datePublished":"2025-03-30T07:17:00+00:00","dateModified":"2025-03-30T07:17:00+00:00","breadcrumb":{"@id":"https:\/\/vieassociative.be\/actualites\/vous-pouvez-enfin-allumer-la-page-sur-certains-kindles-sans-taper-lecran\/#breadcrumb"},"inLanguage":"fr-BE","potentialAction":[{"@type":"ReadAction","target":["https:\/\/vieassociative.be\/actualites\/vous-pouvez-enfin-allumer-la-page-sur-certains-kindles-sans-taper-lecran\/"]}]},{"@type":"ImageObject","inLanguage":"fr-BE","@id":"https:\/\/vieassociative.be\/actualites\/vous-pouvez-enfin-allumer-la-page-sur-certains-kindles-sans-taper-lecran\/#primaryimage","url":"https:\/\/vieassociative.be\/actualites\/wp-content\/uploads\/2025\/03\/Vous-pouvez-enfin-allumer-la-page-sur-certains-Kindles-sans.jpg","contentUrl":"https:\/\/vieassociative.be\/actualites\/wp-content\/uploads\/2025\/03\/Vous-pouvez-enfin-allumer-la-page-sur-certains-Kindles-sans.jpg","width":1200,"height":675,"caption":"Vous pouvez enfin allumer la page sur certains Kindles sans taper l'\u00e9cran"},{"@type":"BreadcrumbList","@id":"https:\/\/vieassociative.be\/actualites\/vous-pouvez-enfin-allumer-la-page-sur-certains-kindles-sans-taper-lecran\/#breadcrumb","itemListElement":[{"@type":"ListItem","position":1,"name":"Accueil","item":"https:\/\/vieassociative.be\/actualites\/"},{"@type":"ListItem","position":2,"name":"Vous pouvez enfin allumer la page sur certains Kindles sans taper l&rsquo;\u00e9cran"}]},{"@type":"WebSite","@id":"https:\/\/vieassociative.be\/actualites\/#website","url":"https:\/\/vieassociative.be\/actualites\/","name":"Vie Associative","description":"","publisher":{"@id":"https:\/\/vieassociative.be\/actualites\/#organization"},"potentialAction":[{"@type":"SearchAction","target":{"@type":"EntryPoint","urlTemplate":"https:\/\/vieassociative.be\/actualites\/?s={search_term_string}"},"query-input":{"@type":"PropertyValueSpecification","valueRequired":true,"valueName":"search_term_string"}}],"inLanguage":"fr-BE"},{"@type":"Organization","@id":"https:\/\/vieassociative.be\/actualites\/#organization","name":"Vie Associative","url":"https:\/\/vieassociative.be\/actualites\/","logo":{"@type":"ImageObject","inLanguage":"fr-BE","@id":"https:\/\/vieassociative.be\/actualites\/#\/schema\/logo\/image\/","url":"https:\/\/vieassociative.be\/actualites\/wp-content\/uploads\/2024\/09\/cropped-vieassociative_favicon.ico.png","contentUrl":"https:\/\/vieassociative.be\/actualites\/wp-content\/uploads\/2024\/09\/cropped-vieassociative_favicon.ico.png","width":512,"height":512,"caption":"Vie Associative"},"image":{"@id":"https:\/\/vieassociative.be\/actualites\/#\/schema\/logo\/image\/"}},{"@type":"Person","@id":"https:\/\/vieassociative.be\/actualites\/#\/schema\/person\/b87ac4f82f9d4e7b7cec7395b679edc4","name":"Julien","image":{"@type":"ImageObject","inLanguage":"fr-BE","@id":"https:\/\/vieassociative.be\/actualites\/#\/schema\/person\/image\/","url":"https:\/\/vieassociative.be\/actualites\/wp-content\/uploads\/2024\/09\/vie-associative-1-150x150.jpg","contentUrl":"https:\/\/vieassociative.be\/actualites\/wp-content\/uploads\/2024\/09\/vie-associative-1-150x150.jpg","caption":"Julien"},"description":"Je suis Julien, r\u00e9dacteur pour Vie Associative. Passionn\u00e9 par le monde associatif depuis plus de 10 ans, j'ai \u00e0 c\u0153ur de partager des histoires inspirantes et de mettre en lumi\u00e8re les initiatives locales. Mon objectif est de sensibiliser et d'encourager l'engagement communautaire \u00e0 travers mes articles.","sameAs":["https:\/\/vieassociative.be\/"]}]}},"_links":{"self":[{"href":"https:\/\/vieassociative.be\/actualites\/wp-json\/wp\/v2\/posts\/6272"}],"collection":[{"href":"https:\/\/vieassociative.be\/actualites\/wp-json\/wp\/v2\/posts"}],"about":[{"href":"https:\/\/vieassociative.be\/actualites\/wp-json\/wp\/v2\/types\/post"}],"author":[{"embeddable":true,"href":"https:\/\/vieassociative.be\/actualites\/wp-json\/wp\/v2\/users\/1"}],"replies":[{"embeddable":true,"href":"https:\/\/vieassociative.be\/actualites\/wp-json\/wp\/v2\/comments?post=6272"}],"version-history":[{"count":0,"href":"https:\/\/vieassociative.be\/actualites\/wp-json\/wp\/v2\/posts\/6272\/revisions"}],"wp:featuredmedia":[{"embeddable":true,"href":"https:\/\/vieassociative.be\/actualites\/wp-json\/wp\/v2\/media\/6273"}],"wp:attachment":[{"href":"https:\/\/vieassociative.be\/actualites\/wp-json\/wp\/v2\/media?parent=6272"}],"wp:term":[{"taxonomy":"category","embeddable":true,"href":"https:\/\/vieassociative.be\/actualites\/wp-json\/wp\/v2\/categories?post=6272"},{"taxonomy":"post_tag","embeddable":true,"href":"https:\/\/vieassociative.be\/actualites\/wp-json\/wp\/v2\/tags?post=6272"}],"curies":[{"name":"wp","href":"https:\/\/api.w.org\/{rel}","templated":true}]}}