{"id":6269,"date":"2025-03-30T04:18:39","date_gmt":"2025-03-30T03:18:39","guid":{"rendered":"https:\/\/vieassociative.be\/actualites\/le-bayern-gagne-3-2-et-tient-bayer-leverkusen-a-distance\/"},"modified":"2025-03-30T04:18:39","modified_gmt":"2025-03-30T03:18:39","slug":"le-bayern-gagne-3-2-et-tient-bayer-leverkusen-a-distance","status":"publish","type":"post","link":"https:\/\/vieassociative.be\/actualites\/le-bayern-gagne-3-2-et-tient-bayer-leverkusen-a-distance\/","title":{"rendered":"Le Bayern gagne 3-2 et tient Bayer Leverkusen \u00e0 distance"},"content":{"rendered":"<p><strong>Le FC Bayern contre le succ\u00e8s du Leverkusen avec une victoire \u00e0 domicile. Apr\u00e8s deux matchs sans trois, l&rsquo;\u00e9quipe de Munich reprend de la vitesse dans la course au titre. Une blessure est am\u00e8re.<\/strong><\/p>\n<p><span id=\"more-412154\"><\/span>Gr\u00e2ce \u00e0 un double paquet de Leroy San\u00e9 et \u00e0 la fin du mini-flottant de Harry Kane, le FC Bayern a c\u00e9l\u00e9br\u00e9 \u00e0 nouveau une victoire dans le combat de ma\u00eetre. Apr\u00e8s deux matchs sans une paire de points, le Munich a c\u00e9l\u00e9br\u00e9 un 3-2 (1-1) contre le FC St. Pauli en Bundesliga.<\/p>\n<div id=\"attachment_412158\" class=\"wp-caption alignleft\" style=\"max-width: 300px\"><img fetchpriority=\"high\" decoding=\"async\" class=\"wp-image-412158 size-medium\" src=\"https:\/\/vieassociative.be\/actualites\/wp-content\/uploads\/2025\/03\/Le-Bayern-gagne-3-2-et-tient-Bayer-Leverkusen-a-distance.jpg\" alt=\"\" width=\"300\" height=\"221\"><\/p>\n<p class=\"wp-caption-text\">29.03.2025, Bavi\u00e8re, Munich: Raphael Guerreiro (LR), Leroy San\u00e9 et Harry Kane du FC Bayern Munich applaudissent le but 2-1 \u00e0 San\u00e9 en seconde p\u00e9riode. Photo: Peter Kneffel \/ DPA<\/p>\n<\/div>\n<p>Le lendemain du 3-1 du poursuivant Bayer Leverkusen contre VFL Bochum, le FC Bayern a d\u00e9fendu l&rsquo;avance de six points sur le Werkelf sur le chemin du 34e championnat allemand du tableau.<\/p>\n<p><strong>&#8211; St. Pauli se produit longtemps:<\/strong> Kane, qui n&rsquo;avait pas rencontr\u00e9 auparavant la Bundesliga pendant 340 minutes et a r\u00e9cemment frapp\u00e9 Br\u00eame d\u00e9but f\u00e9vrier d\u00e9but f\u00e9vrier, la direction de Munich (17e). Le grimpeur menac\u00e9 de rel\u00e9gation a rendu plus difficile la Bavi\u00e8re avec une apparence initialement courageuse au moins avant la pause et a atteint une compensation soudaine par Elias Saad (27e).<\/p>\n<p>En seconde p\u00e9riode, San\u00e9 est entr\u00e9 au point avec son quatri\u00e8me double pack de ligue pour le Bayern (53.\/71.) Les h\u00f4tes dominants. La r\u00e9sistance de Pauli est arriv\u00e9e en retard, Lars Ritzka a marqu\u00e9 2: 3 en temps suppl\u00e9mentaire. (DPA)<\/p>\n","protected":false},"excerpt":{"rendered":"<p>Le FC Bayern contre le succ\u00e8s du Leverkusen avec une victoire \u00e0 domicile. Apr\u00e8s deux matchs sans trois, l&rsquo;\u00e9quipe de Munich reprend de la vitesse<\/p>\n","protected":false},"author":1,"featured_media":6270,"comment_status":"","ping_status":"","sticky":false,"template":"","format":"standard","meta":{"footnotes":""},"categories":[298],"tags":[2821,2298,1815,2299,2822,6086],"class_list":["post-6269","post","type-post","status-publish","format-standard","has-post-thumbnail","hentry","category-belgique","tag-bayer","tag-bayern","tag-distance","tag-gagne","tag-leverkusen","tag-tient","generate-columns","tablet-grid-50","mobile-grid-100","grid-parent","grid-33"],"yoast_head":"<!-- This site is optimized with the Yoast SEO plugin v24.0 - https:\/\/yoast.com\/wordpress\/plugins\/seo\/ -->\n<title>Le Bayern gagne 3-2 et tient Bayer Leverkusen \u00e0 distance | Vie Associative<\/title>\n<meta name=\"robots\" content=\"index, follow, max-snippet:-1, max-image-preview:large, max-video-preview:-1\" \/>\n<link rel=\"canonical\" href=\"https:\/\/vieassociative.be\/actualites\/le-bayern-gagne-3-2-et-tient-bayer-leverkusen-a-distance\/\" \/>\n<meta property=\"og:locale\" content=\"fr_FR\" \/>\n<meta property=\"og:type\" content=\"article\" \/>\n<meta property=\"og:title\" content=\"Le Bayern gagne 3-2 et tient Bayer Leverkusen \u00e0 distance | Vie Associative\" \/>\n<meta property=\"og:description\" content=\"Le FC Bayern contre le succ\u00e8s du Leverkusen avec une victoire \u00e0 domicile. Apr\u00e8s deux matchs sans trois, l&rsquo;\u00e9quipe de Munich reprend de la vitesse\" \/>\n<meta property=\"og:url\" content=\"https:\/\/vieassociative.be\/actualites\/le-bayern-gagne-3-2-et-tient-bayer-leverkusen-a-distance\/\" \/>\n<meta property=\"og:site_name\" content=\"Vie Associative\" \/>\n<meta property=\"article:published_time\" content=\"2025-03-30T02:18:39+00:00\" \/>\n<meta property=\"og:image\" content=\"https:\/\/vieassociative.be\/actualites\/wp-content\/uploads\/2024\/09\/header_backgroundk-01-e1726694325946.png\" \/>\n\t<meta property=\"og:image:width\" content=\"279\" \/>\n\t<meta property=\"og:image:height\" content=\"92\" \/>\n\t<meta property=\"og:image:type\" content=\"image\/png\" \/>\n<meta name=\"author\" content=\"Julien\" \/>\n<meta name=\"twitter:card\" content=\"summary_large_image\" \/>\n<meta name=\"twitter:label1\" content=\"\u00c9crit par\" \/>\n\t<meta name=\"twitter:data1\" content=\"Julien\" \/>\n\t<meta name=\"twitter:label2\" content=\"Dur\u00e9e de lecture est.\" \/>\n\t<meta name=\"twitter:data2\" content=\"1 minute\" \/>\n<script type=\"application\/ld+json\" class=\"yoast-schema-graph\">{\"@context\":\"https:\/\/schema.org\",\"@graph\":[{\"@type\":\"Article\",\"@id\":\"https:\/\/vieassociative.be\/actualites\/le-bayern-gagne-3-2-et-tient-bayer-leverkusen-a-distance\/#article\",\"isPartOf\":{\"@id\":\"https:\/\/vieassociative.be\/actualites\/le-bayern-gagne-3-2-et-tient-bayer-leverkusen-a-distance\/\"},\"author\":{\"name\":\"Julien\",\"@id\":\"https:\/\/vieassociative.be\/actualites\/#\/schema\/person\/b87ac4f82f9d4e7b7cec7395b679edc4\"},\"headline\":\"Le Bayern gagne 3-2 et tient Bayer Leverkusen \u00e0 distance\",\"datePublished\":\"2025-03-30T02:18:39+00:00\",\"dateModified\":\"2025-03-30T02:18:39+00:00\",\"mainEntityOfPage\":{\"@id\":\"https:\/\/vieassociative.be\/actualites\/le-bayern-gagne-3-2-et-tient-bayer-leverkusen-a-distance\/\"},\"wordCount\":278,\"publisher\":{\"@id\":\"https:\/\/vieassociative.be\/actualites\/#organization\"},\"image\":{\"@id\":\"https:\/\/vieassociative.be\/actualites\/le-bayern-gagne-3-2-et-tient-bayer-leverkusen-a-distance\/#primaryimage\"},\"thumbnailUrl\":\"https:\/\/vieassociative.be\/actualites\/wp-content\/uploads\/2025\/03\/1743301119_Le-Bayern-gagne-3-2-et-tient-Bayer-Leverkusen-a-distance.jpg\",\"keywords\":[\"Bayer\",\"Bayern\",\"distance\",\"gagn\u00e9\",\"Leverkusen\",\"tient\"],\"articleSection\":[\"Belgique\"],\"inLanguage\":\"fr-BE\"},{\"@type\":\"WebPage\",\"@id\":\"https:\/\/vieassociative.be\/actualites\/le-bayern-gagne-3-2-et-tient-bayer-leverkusen-a-distance\/\",\"url\":\"https:\/\/vieassociative.be\/actualites\/le-bayern-gagne-3-2-et-tient-bayer-leverkusen-a-distance\/\",\"name\":\"Le Bayern gagne 3-2 et tient Bayer Leverkusen \u00e0 distance | Vie Associative\",\"isPartOf\":{\"@id\":\"https:\/\/vieassociative.be\/actualites\/#website\"},\"primaryImageOfPage\":{\"@id\":\"https:\/\/vieassociative.be\/actualites\/le-bayern-gagne-3-2-et-tient-bayer-leverkusen-a-distance\/#primaryimage\"},\"image\":{\"@id\":\"https:\/\/vieassociative.be\/actualites\/le-bayern-gagne-3-2-et-tient-bayer-leverkusen-a-distance\/#primaryimage\"},\"thumbnailUrl\":\"https:\/\/vieassociative.be\/actualites\/wp-content\/uploads\/2025\/03\/1743301119_Le-Bayern-gagne-3-2-et-tient-Bayer-Leverkusen-a-distance.jpg\",\"datePublished\":\"2025-03-30T02:18:39+00:00\",\"dateModified\":\"2025-03-30T02:18:39+00:00\",\"breadcrumb\":{\"@id\":\"https:\/\/vieassociative.be\/actualites\/le-bayern-gagne-3-2-et-tient-bayer-leverkusen-a-distance\/#breadcrumb\"},\"inLanguage\":\"fr-BE\",\"potentialAction\":[{\"@type\":\"ReadAction\",\"target\":[\"https:\/\/vieassociative.be\/actualites\/le-bayern-gagne-3-2-et-tient-bayer-leverkusen-a-distance\/\"]}]},{\"@type\":\"ImageObject\",\"inLanguage\":\"fr-BE\",\"@id\":\"https:\/\/vieassociative.be\/actualites\/le-bayern-gagne-3-2-et-tient-bayer-leverkusen-a-distance\/#primaryimage\",\"url\":\"https:\/\/vieassociative.be\/actualites\/wp-content\/uploads\/2025\/03\/1743301119_Le-Bayern-gagne-3-2-et-tient-Bayer-Leverkusen-a-distance.jpg\",\"contentUrl\":\"https:\/\/vieassociative.be\/actualites\/wp-content\/uploads\/2025\/03\/1743301119_Le-Bayern-gagne-3-2-et-tient-Bayer-Leverkusen-a-distance.jpg\",\"width\":1200,\"height\":812,\"caption\":\"Le Bayern gagne 3-2 et tient Bayer Leverkusen \u00e0 distance\"},{\"@type\":\"BreadcrumbList\",\"@id\":\"https:\/\/vieassociative.be\/actualites\/le-bayern-gagne-3-2-et-tient-bayer-leverkusen-a-distance\/#breadcrumb\",\"itemListElement\":[{\"@type\":\"ListItem\",\"position\":1,\"name\":\"Accueil\",\"item\":\"https:\/\/vieassociative.be\/actualites\/\"},{\"@type\":\"ListItem\",\"position\":2,\"name\":\"Le Bayern gagne 3-2 et tient Bayer Leverkusen \u00e0 distance\"}]},{\"@type\":\"WebSite\",\"@id\":\"https:\/\/vieassociative.be\/actualites\/#website\",\"url\":\"https:\/\/vieassociative.be\/actualites\/\",\"name\":\"Vie Associative\",\"description\":\"\",\"publisher\":{\"@id\":\"https:\/\/vieassociative.be\/actualites\/#organization\"},\"potentialAction\":[{\"@type\":\"SearchAction\",\"target\":{\"@type\":\"EntryPoint\",\"urlTemplate\":\"https:\/\/vieassociative.be\/actualites\/?s={search_term_string}\"},\"query-input\":{\"@type\":\"PropertyValueSpecification\",\"valueRequired\":true,\"valueName\":\"search_term_string\"}}],\"inLanguage\":\"fr-BE\"},{\"@type\":\"Organization\",\"@id\":\"https:\/\/vieassociative.be\/actualites\/#organization\",\"name\":\"Vie Associative\",\"url\":\"https:\/\/vieassociative.be\/actualites\/\",\"logo\":{\"@type\":\"ImageObject\",\"inLanguage\":\"fr-BE\",\"@id\":\"https:\/\/vieassociative.be\/actualites\/#\/schema\/logo\/image\/\",\"url\":\"https:\/\/vieassociative.be\/actualites\/wp-content\/uploads\/2024\/09\/cropped-vieassociative_favicon.ico.png\",\"contentUrl\":\"https:\/\/vieassociative.be\/actualites\/wp-content\/uploads\/2024\/09\/cropped-vieassociative_favicon.ico.png\",\"width\":512,\"height\":512,\"caption\":\"Vie Associative\"},\"image\":{\"@id\":\"https:\/\/vieassociative.be\/actualites\/#\/schema\/logo\/image\/\"}},{\"@type\":\"Person\",\"@id\":\"https:\/\/vieassociative.be\/actualites\/#\/schema\/person\/b87ac4f82f9d4e7b7cec7395b679edc4\",\"name\":\"Julien\",\"image\":{\"@type\":\"ImageObject\",\"inLanguage\":\"fr-BE\",\"@id\":\"https:\/\/vieassociative.be\/actualites\/#\/schema\/person\/image\/\",\"url\":\"https:\/\/vieassociative.be\/actualites\/wp-content\/uploads\/2024\/09\/vie-associative-1-150x150.jpg\",\"contentUrl\":\"https:\/\/vieassociative.be\/actualites\/wp-content\/uploads\/2024\/09\/vie-associative-1-150x150.jpg\",\"caption\":\"Julien\"},\"description\":\"Je suis Julien, r\u00e9dacteur pour Vie Associative. Passionn\u00e9 par le monde associatif depuis plus de 10 ans, j'ai \u00e0 c\u0153ur de partager des histoires inspirantes et de mettre en lumi\u00e8re les initiatives locales. Mon objectif est de sensibiliser et d'encourager l'engagement communautaire \u00e0 travers mes articles.\",\"sameAs\":[\"https:\/\/vieassociative.be\/\"]}]}<\/script>\n<!-- \/ Yoast SEO plugin. -->","yoast_head_json":{"title":"Le Bayern gagne 3-2 et tient Bayer Leverkusen \u00e0 distance | Vie Associative","robots":{"index":"index","follow":"follow","max-snippet":"max-snippet:-1","max-image-preview":"max-image-preview:large","max-video-preview":"max-video-preview:-1"},"canonical":"https:\/\/vieassociative.be\/actualites\/le-bayern-gagne-3-2-et-tient-bayer-leverkusen-a-distance\/","og_locale":"fr_FR","og_type":"article","og_title":"Le Bayern gagne 3-2 et tient Bayer Leverkusen \u00e0 distance | Vie Associative","og_description":"Le FC Bayern contre le succ\u00e8s du Leverkusen avec une victoire \u00e0 domicile. Apr\u00e8s deux matchs sans trois, l&rsquo;\u00e9quipe de Munich reprend de la vitesse","og_url":"https:\/\/vieassociative.be\/actualites\/le-bayern-gagne-3-2-et-tient-bayer-leverkusen-a-distance\/","og_site_name":"Vie Associative","article_published_time":"2025-03-30T02:18:39+00:00","og_image":[{"width":279,"height":92,"url":"https:\/\/vieassociative.be\/actualites\/wp-content\/uploads\/2024\/09\/header_backgroundk-01-e1726694325946.png","type":"image\/png"}],"author":"Julien","twitter_card":"summary_large_image","twitter_misc":{"\u00c9crit par":"Julien","Dur\u00e9e de lecture est.":"1 minute"},"schema":{"@context":"https:\/\/schema.org","@graph":[{"@type":"Article","@id":"https:\/\/vieassociative.be\/actualites\/le-bayern-gagne-3-2-et-tient-bayer-leverkusen-a-distance\/#article","isPartOf":{"@id":"https:\/\/vieassociative.be\/actualites\/le-bayern-gagne-3-2-et-tient-bayer-leverkusen-a-distance\/"},"author":{"name":"Julien","@id":"https:\/\/vieassociative.be\/actualites\/#\/schema\/person\/b87ac4f82f9d4e7b7cec7395b679edc4"},"headline":"Le Bayern gagne 3-2 et tient Bayer Leverkusen \u00e0 distance","datePublished":"2025-03-30T02:18:39+00:00","dateModified":"2025-03-30T02:18:39+00:00","mainEntityOfPage":{"@id":"https:\/\/vieassociative.be\/actualites\/le-bayern-gagne-3-2-et-tient-bayer-leverkusen-a-distance\/"},"wordCount":278,"publisher":{"@id":"https:\/\/vieassociative.be\/actualites\/#organization"},"image":{"@id":"https:\/\/vieassociative.be\/actualites\/le-bayern-gagne-3-2-et-tient-bayer-leverkusen-a-distance\/#primaryimage"},"thumbnailUrl":"https:\/\/vieassociative.be\/actualites\/wp-content\/uploads\/2025\/03\/1743301119_Le-Bayern-gagne-3-2-et-tient-Bayer-Leverkusen-a-distance.jpg","keywords":["Bayer","Bayern","distance","gagn\u00e9","Leverkusen","tient"],"articleSection":["Belgique"],"inLanguage":"fr-BE"},{"@type":"WebPage","@id":"https:\/\/vieassociative.be\/actualites\/le-bayern-gagne-3-2-et-tient-bayer-leverkusen-a-distance\/","url":"https:\/\/vieassociative.be\/actualites\/le-bayern-gagne-3-2-et-tient-bayer-leverkusen-a-distance\/","name":"Le Bayern gagne 3-2 et tient Bayer Leverkusen \u00e0 distance | Vie Associative","isPartOf":{"@id":"https:\/\/vieassociative.be\/actualites\/#website"},"primaryImageOfPage":{"@id":"https:\/\/vieassociative.be\/actualites\/le-bayern-gagne-3-2-et-tient-bayer-leverkusen-a-distance\/#primaryimage"},"image":{"@id":"https:\/\/vieassociative.be\/actualites\/le-bayern-gagne-3-2-et-tient-bayer-leverkusen-a-distance\/#primaryimage"},"thumbnailUrl":"https:\/\/vieassociative.be\/actualites\/wp-content\/uploads\/2025\/03\/1743301119_Le-Bayern-gagne-3-2-et-tient-Bayer-Leverkusen-a-distance.jpg","datePublished":"2025-03-30T02:18:39+00:00","dateModified":"2025-03-30T02:18:39+00:00","breadcrumb":{"@id":"https:\/\/vieassociative.be\/actualites\/le-bayern-gagne-3-2-et-tient-bayer-leverkusen-a-distance\/#breadcrumb"},"inLanguage":"fr-BE","potentialAction":[{"@type":"ReadAction","target":["https:\/\/vieassociative.be\/actualites\/le-bayern-gagne-3-2-et-tient-bayer-leverkusen-a-distance\/"]}]},{"@type":"ImageObject","inLanguage":"fr-BE","@id":"https:\/\/vieassociative.be\/actualites\/le-bayern-gagne-3-2-et-tient-bayer-leverkusen-a-distance\/#primaryimage","url":"https:\/\/vieassociative.be\/actualites\/wp-content\/uploads\/2025\/03\/1743301119_Le-Bayern-gagne-3-2-et-tient-Bayer-Leverkusen-a-distance.jpg","contentUrl":"https:\/\/vieassociative.be\/actualites\/wp-content\/uploads\/2025\/03\/1743301119_Le-Bayern-gagne-3-2-et-tient-Bayer-Leverkusen-a-distance.jpg","width":1200,"height":812,"caption":"Le Bayern gagne 3-2 et tient Bayer Leverkusen \u00e0 distance"},{"@type":"BreadcrumbList","@id":"https:\/\/vieassociative.be\/actualites\/le-bayern-gagne-3-2-et-tient-bayer-leverkusen-a-distance\/#breadcrumb","itemListElement":[{"@type":"ListItem","position":1,"name":"Accueil","item":"https:\/\/vieassociative.be\/actualites\/"},{"@type":"ListItem","position":2,"name":"Le Bayern gagne 3-2 et tient Bayer Leverkusen \u00e0 distance"}]},{"@type":"WebSite","@id":"https:\/\/vieassociative.be\/actualites\/#website","url":"https:\/\/vieassociative.be\/actualites\/","name":"Vie Associative","description":"","publisher":{"@id":"https:\/\/vieassociative.be\/actualites\/#organization"},"potentialAction":[{"@type":"SearchAction","target":{"@type":"EntryPoint","urlTemplate":"https:\/\/vieassociative.be\/actualites\/?s={search_term_string}"},"query-input":{"@type":"PropertyValueSpecification","valueRequired":true,"valueName":"search_term_string"}}],"inLanguage":"fr-BE"},{"@type":"Organization","@id":"https:\/\/vieassociative.be\/actualites\/#organization","name":"Vie Associative","url":"https:\/\/vieassociative.be\/actualites\/","logo":{"@type":"ImageObject","inLanguage":"fr-BE","@id":"https:\/\/vieassociative.be\/actualites\/#\/schema\/logo\/image\/","url":"https:\/\/vieassociative.be\/actualites\/wp-content\/uploads\/2024\/09\/cropped-vieassociative_favicon.ico.png","contentUrl":"https:\/\/vieassociative.be\/actualites\/wp-content\/uploads\/2024\/09\/cropped-vieassociative_favicon.ico.png","width":512,"height":512,"caption":"Vie Associative"},"image":{"@id":"https:\/\/vieassociative.be\/actualites\/#\/schema\/logo\/image\/"}},{"@type":"Person","@id":"https:\/\/vieassociative.be\/actualites\/#\/schema\/person\/b87ac4f82f9d4e7b7cec7395b679edc4","name":"Julien","image":{"@type":"ImageObject","inLanguage":"fr-BE","@id":"https:\/\/vieassociative.be\/actualites\/#\/schema\/person\/image\/","url":"https:\/\/vieassociative.be\/actualites\/wp-content\/uploads\/2024\/09\/vie-associative-1-150x150.jpg","contentUrl":"https:\/\/vieassociative.be\/actualites\/wp-content\/uploads\/2024\/09\/vie-associative-1-150x150.jpg","caption":"Julien"},"description":"Je suis Julien, r\u00e9dacteur pour Vie Associative. Passionn\u00e9 par le monde associatif depuis plus de 10 ans, j'ai \u00e0 c\u0153ur de partager des histoires inspirantes et de mettre en lumi\u00e8re les initiatives locales. Mon objectif est de sensibiliser et d'encourager l'engagement communautaire \u00e0 travers mes articles.","sameAs":["https:\/\/vieassociative.be\/"]}]}},"_links":{"self":[{"href":"https:\/\/vieassociative.be\/actualites\/wp-json\/wp\/v2\/posts\/6269"}],"collection":[{"href":"https:\/\/vieassociative.be\/actualites\/wp-json\/wp\/v2\/posts"}],"about":[{"href":"https:\/\/vieassociative.be\/actualites\/wp-json\/wp\/v2\/types\/post"}],"author":[{"embeddable":true,"href":"https:\/\/vieassociative.be\/actualites\/wp-json\/wp\/v2\/users\/1"}],"replies":[{"embeddable":true,"href":"https:\/\/vieassociative.be\/actualites\/wp-json\/wp\/v2\/comments?post=6269"}],"version-history":[{"count":0,"href":"https:\/\/vieassociative.be\/actualites\/wp-json\/wp\/v2\/posts\/6269\/revisions"}],"wp:featuredmedia":[{"embeddable":true,"href":"https:\/\/vieassociative.be\/actualites\/wp-json\/wp\/v2\/media\/6270"}],"wp:attachment":[{"href":"https:\/\/vieassociative.be\/actualites\/wp-json\/wp\/v2\/media?parent=6269"}],"wp:term":[{"taxonomy":"category","embeddable":true,"href":"https:\/\/vieassociative.be\/actualites\/wp-json\/wp\/v2\/categories?post=6269"},{"taxonomy":"post_tag","embeddable":true,"href":"https:\/\/vieassociative.be\/actualites\/wp-json\/wp\/v2\/tags?post=6269"}],"curies":[{"name":"wp","href":"https:\/\/api.w.org\/{rel}","templated":true}]}}