{"id":6267,"date":"2025-03-30T03:17:45","date_gmt":"2025-03-30T01:17:45","guid":{"rendered":"https:\/\/vieassociative.be\/actualites\/les-ecouteurs-de-sommeil-que-jutilise-chaque-nuit-coutent-30-de-rabais-en-ce-moment\/"},"modified":"2025-03-30T03:17:45","modified_gmt":"2025-03-30T01:17:45","slug":"les-ecouteurs-de-sommeil-que-jutilise-chaque-nuit-coutent-30-de-rabais-en-ce-moment","status":"publish","type":"post","link":"https:\/\/vieassociative.be\/actualites\/les-ecouteurs-de-sommeil-que-jutilise-chaque-nuit-coutent-30-de-rabais-en-ce-moment\/","title":{"rendered":"Les \u00e9couteurs de sommeil que j&rsquo;utilise chaque nuit co\u00fbtent 30 $ de rabais en ce moment"},"content":{"rendered":"<div class=\"mt-4 leading-6 md:mb-8\">Ces \u00e9couteurs sont sp\u00e9cialement con\u00e7us pour vous aider \u00e0 passer une bonne nuit de sommeil, et je les adore.<\/div>\n<p><\/p>\n<p>J&rsquo;ai utilis\u00e9 des \u00e9couteurs pour m&rsquo;aider \u00e0 dormir depuis un certain temps maintenant, mais je ne m&rsquo;attendais pas \u00e0 ce qu&rsquo;une entreprise fasse des \u00e9couteurs sp\u00e9cifiquement pour dormir. Le sommeil SoundCore d&rsquo;Anker A20 est exactement cela: des \u00e9couteurs con\u00e7us pour bloquer le bruit excessif sans presser inconfort contre votre oreille. Je les utilise depuis un an et je ne peux pas les recommander assez.<\/p>\n<p>En ce moment, ces \u00e9couteurs de sommeil sont en vente pour <strong>119,99 $<\/strong> (\u00e0 l&rsquo;origine 149,99 $) lors de la grande vente de printemps d&rsquo;Amazon &#8211; c&rsquo;est le prix le plus bas qu&rsquo;ils ont \u00e9t\u00e9, selon les outils de suivi des prix.<\/p>\n<div class=\"pogoClear mb-12 mt-10 rounded-md border-2 border-gray-100 py-7 shadow-xl md:py-6\">\n<div class=\"flex flex-wrap justify-between px-7 text-black no-underline md:flex-nowrap md:px-8\">\n<div class=\"order-1 mx-auto flex flex-col justify-center md:order-2 md:ml-4 md:w-full md:grow\">\n<div class=\"block cursor-pointer text-center font-akshar text-2xl font-medium leading-7 text-brand-green duration-200 ease-in-out hover:text-brand-green-700 md:text-left md:text-xl md:leading-6\">SoundCore Sleep A20\n                <\/div>\n<div class=\"mt-4 hidden md:flex md:justify-between\">\n<div class=\"self-end\">\n<div class=\"mb-0 h-11 md:flex md:flex-col md:justify-center\">\n<div class=\" font-sans leading-4 text-black\">\n<div class=\"flex flex-wrap items-center justify-center gap-x-1 md:justify-start\">\n        <span class=\"font-bold\"><\/p>\n<p>            119,99 $<br \/>\n                            <span class=\"font-medium\">\u00e0 Amazon<\/span><br \/>\n                    <\/span>\n            <\/div>\n<div class=\"flex items-center justify-center gap-x-1 font-bold md:justify-start\">\n            <span class=\"text-sm line-through\">149,99 $<\/span><br \/>\n            <span class=\"text-sm text-brand-green\">\u00c9conomisez 30,00 $<\/span>\n        <\/div>\n<\/p><\/div>\n<\/p><\/div>\n<\/p><\/div>\n<div class=\"w-44 self-end\">\n                            <button class=\"flex justify-center items-center w-full bg-brand-green text-white text-base font-sans font-medium rounded-md hover:bg-brand-green-700 hover:cursor-pointer md:text-sm h-11\"><\/p>\n<p>    Conclure un accord<br \/>\n<\/button>\n                        <\/div>\n<\/p><\/div>\n<\/p><\/div>\n<div class=\"order-2 mt-5 h-auto w-full md:order-1 md:mt-0 md:hidden\">\n<div class=\"flex aspect-video items-center justify-center\">\n                                            <img decoding=\"async\" class=\"m-0 max-h-full max-w-full rounded-md\" src=\"https:\/\/vieassociative.be\/actualites\/wp-content\/uploads\/2025\/03\/Les-ecouteurs-de-sommeil-que-jutilise-chaque-nuit-coutent-30.png\" alt=\"SoundCore Sleep A20\" width=\"auto\" height=\"auto\" loading=\"lazy\">\n                                    <\/div>\n<\/p><\/div>\n<div class=\"order-2 ml-2 hidden w-32 shrink-0 items-center md:order-1 md:ml-0 md:flex\">\n<div class=\"flex aspect-video items-center justify-center\">\n                                            <img decoding=\"async\" class=\"m-0 max-h-full max-w-full rounded-md\" src=\"https:\/\/vieassociative.be\/actualites\/wp-content\/uploads\/2025\/03\/Les-ecouteurs-de-sommeil-que-jutilise-chaque-nuit-coutent-30.png\" alt=\"SoundCore Sleep A20\" width=\"auto\" height=\"auto\" loading=\"lazy\">\n                                    <\/div>\n<\/p><\/div>\n<div class=\"order-3 flex grow flex-wrap md:hidden md:grow-0\">\n<div class=\"mt-4 w-full\">\n                        <button class=\"flex justify-center items-center w-full bg-brand-green text-white text-base font-sans font-medium rounded-md hover:bg-brand-green-700 hover:cursor-pointer md:text-sm h-11\"><\/p>\n<p>    Conclure un accord<br \/>\n<\/button>\n                    <\/div>\n<div class=\"mx-2 mt-4 w-full\">\n<div class=\" font-sans leading-4 text-black\">\n<div class=\"flex flex-wrap items-center justify-center gap-x-1 md:justify-start\">\n        <span class=\"font-bold\"><\/p>\n<p>            119,99 $<br \/>\n                            <span class=\"font-medium\">\u00e0 Amazon<\/span><br \/>\n                    <\/span>\n            <\/div>\n<div class=\"flex items-center justify-center gap-x-1 font-bold md:justify-start\">\n            <span class=\"text-sm line-through\">149,99 $<\/span><br \/>\n            <span class=\"text-sm text-brand-green\">\u00c9conomisez 30,00 $<\/span>\n        <\/div>\n<\/p><\/div>\n<\/p><\/div>\n<\/p><\/div>\n<\/p><\/div>\n<\/div>\n<p>Le sommeil A20 ne sont pas des \u00e9couteurs de bruit actifs, c&rsquo;est ainsi qu&rsquo;ils sont capables d&rsquo;avoir un si petit facteur de forme discr\u00e8te. Au lieu de cela, ils utilisent le joint intra-auriculaire pour cr\u00e9er un bloqueur de bruit naturel, qui, \u00e0 mon avis, fonctionne assez bien pour bloquer les sons. Ils s&rsquo;adaptent tr\u00e8s confortablement et ne pressent pas contre votre oreille lorsque vous dormez de votre c\u00f4t\u00e9. Tr\u00e8s rarement, je me r\u00e9veille avec l&rsquo;un d&rsquo;eux perdus dans les couvertures apr\u00e8s \u00eatre tomb\u00e9 pendant la nuit, mais cela se produit de temps en temps. <\/p>\n<p>La dur\u00e9e de vie de la batterie est de 14 heures en mode veille, qui comprend les sons de l&rsquo;application Soundcore (pensez comme un bruit blanc ou des sons relaxants). Si vous l&rsquo;avez en mode Bluetooth, o\u00f9 vous pouvez \u00e9couter Spotify ou ce que vous voulez, c&rsquo;est huit heures, mais le cas de charge lui donne une dur\u00e9e de vie totale allant jusqu&rsquo;\u00e0 80 heures entre les plug-ins.<\/p>\n<div class=\"pogoClear relative my-10 border-b-(1.5px) border-t-(1.5px) border-dashed border-black py-5 sm:my-14 sm:border-0 sm:py-0\" x-cloak x-data=\"{ commentsCount: null }\" x-init=\"commentsCount = await window.openweb.getMessagesCount(122478)\" x-show=\"commentsCount !== null &amp;&amp; commentsCount &gt; 0\">\n<div class=\"absolute top-1\/2 hidden w-full -translate-y-1\/2 border-t-(1.5px) border-dashed border-black sm:block\"><\/div>\n<div class=\"relative flex justify-center\">\n<div class=\"flex max-w-max items-center gap-x-3 bg-white px-5\">\n<div class=\"relative\">\n                <span class=\"absolute left-1\/2 top-1\/2 -translate-x-1\/2 -translate-y-1\/2 font-akshar text-sm font-medium text-black\" x-text=\"commentsCount\"><\/span><\/p>\n<p>                <svg class=\"h-8 w-8 text-black\">\n                    <use href=\"http:\/\/lifehacker.com\/images\/icons\/spritemap.svg#sprite-chat-bubble\"><\/use>\n                <\/svg>\n            <\/div>\n<p>            <span class=\"text-sm font-medium text-black\">Que pensez-vous jusqu&rsquo;\u00e0 pr\u00e9sent? <button class=\"font-semibold text-brand-green underline hover:text-brand-green-700\" onclick=\"window.openweb.scrollToComments(122478)\">Publier un commentaire.<\/button><\/span>\n        <\/div>\n<\/p><\/div>\n<\/div>\n<p>L&rsquo;application compagnon est super, avec de nombreuses fonctionnalit\u00e9s utiles pour dormir. Vous pouvez \u00e9teindre vos \u00e9couteurs apr\u00e8s un temps d\u00e9fini, avoir un suivi du sommeil qui enregistre vos donn\u00e9es de sommeil, une fonctionnalit\u00e9 de volume intelligent qui augmente ou diminue en volume en fonction du son de votre pi\u00e8ce, de votre \u00e9galiseur complet et d&rsquo;autres fonctionnalit\u00e9s. <\/p>\n<p><em>Shopping for Tech? Vie Associative peut vous aider \u00e0 prendre la bonne d\u00e9cision. Parcourez nos critiques technologiques et nos comparaisons en t\u00eate-\u00e0-t\u00eate pour tout, des ordinateurs portables et des montres intelligentes aux v\u00e9los \u00e9lectriques et aux gymnases \u00e0 domicile. Abonnez-vous \u00e0 notre newsletter d&rsquo;offres, ajoutez \u00e0 CART<\/em><em>pour les meilleures ventes envoy\u00e9es dans votre bo\u00eete de r\u00e9ception, ou parcourez nos meilleures listes directement sur Amazon, notamment:<\/em><\/p>\n<ul>\n<li>\n<p><em>Le meilleur \u00e9couteur surr\u00e9<\/em><\/p>\n<\/li>\n<li>\n<p><em>Les meilleurs \u00e9couteurs sans fil<\/em><\/p>\n<\/li>\n<li>\n<p><em>Les meilleurs ensembles d&rsquo;halt\u00e8res r\u00e9glables<\/em><\/p>\n<\/li>\n<li>\n<p><em>Les meilleurs projecteurs<\/em><\/p>\n<\/li>\n<\/ul>\n","protected":false},"excerpt":{"rendered":"<p>Ces \u00e9couteurs sont sp\u00e9cialement con\u00e7us pour vous aider \u00e0 passer une bonne nuit de sommeil, et je les adore. J&rsquo;ai utilis\u00e9 des \u00e9couteurs pour m&rsquo;aider<\/p>\n","protected":false},"author":1,"featured_media":6268,"comment_status":"","ping_status":"","sticky":false,"template":"","format":"standard","meta":{"footnotes":""},"categories":[38],"tags":[90,2244,1537,3406,14,1429,2405,5472,4050],"class_list":["post-6267","post","type-post","status-publish","format-standard","has-post-thumbnail","hentry","category-sante","tag-chaque","tag-coutent","tag-ecouteurs","tag-jutilise","tag-les","tag-moment","tag-nuit","tag-rabais","tag-sommeil","generate-columns","tablet-grid-50","mobile-grid-100","grid-parent","grid-33"],"yoast_head":"<!-- This site is optimized with the Yoast SEO plugin v24.0 - https:\/\/yoast.com\/wordpress\/plugins\/seo\/ -->\n<title>Les \u00e9couteurs de sommeil que j&#039;utilise chaque nuit co\u00fbtent 30 $ de rabais en ce moment | Vie Associative<\/title>\n<meta name=\"robots\" content=\"index, follow, max-snippet:-1, max-image-preview:large, max-video-preview:-1\" \/>\n<link rel=\"canonical\" href=\"https:\/\/vieassociative.be\/actualites\/les-ecouteurs-de-sommeil-que-jutilise-chaque-nuit-coutent-30-de-rabais-en-ce-moment\/\" \/>\n<meta property=\"og:locale\" content=\"fr_FR\" \/>\n<meta property=\"og:type\" content=\"article\" \/>\n<meta property=\"og:title\" content=\"Les \u00e9couteurs de sommeil que j&#039;utilise chaque nuit co\u00fbtent 30 $ de rabais en ce moment | Vie Associative\" \/>\n<meta property=\"og:description\" content=\"Ces \u00e9couteurs sont sp\u00e9cialement con\u00e7us pour vous aider \u00e0 passer une bonne nuit de sommeil, et je les adore. J&rsquo;ai utilis\u00e9 des \u00e9couteurs pour m&rsquo;aider\" \/>\n<meta property=\"og:url\" content=\"https:\/\/vieassociative.be\/actualites\/les-ecouteurs-de-sommeil-que-jutilise-chaque-nuit-coutent-30-de-rabais-en-ce-moment\/\" \/>\n<meta property=\"og:site_name\" content=\"Vie Associative\" \/>\n<meta property=\"article:published_time\" content=\"2025-03-30T01:17:45+00:00\" \/>\n<meta property=\"og:image\" content=\"https:\/\/vieassociative.be\/actualites\/wp-content\/uploads\/2025\/03\/Les-ecouteurs-de-sommeil-que-jutilise-chaque-nuit-coutent-30.png\" \/>\n<meta name=\"author\" content=\"Julien\" \/>\n<meta name=\"twitter:card\" content=\"summary_large_image\" \/>\n<meta name=\"twitter:label1\" content=\"\u00c9crit par\" \/>\n\t<meta name=\"twitter:data1\" content=\"Julien\" \/>\n\t<meta name=\"twitter:label2\" content=\"Dur\u00e9e de lecture est.\" \/>\n\t<meta name=\"twitter:data2\" content=\"2 minutes\" \/>\n<script type=\"application\/ld+json\" class=\"yoast-schema-graph\">{\"@context\":\"https:\/\/schema.org\",\"@graph\":[{\"@type\":\"Article\",\"@id\":\"https:\/\/vieassociative.be\/actualites\/les-ecouteurs-de-sommeil-que-jutilise-chaque-nuit-coutent-30-de-rabais-en-ce-moment\/#article\",\"isPartOf\":{\"@id\":\"https:\/\/vieassociative.be\/actualites\/les-ecouteurs-de-sommeil-que-jutilise-chaque-nuit-coutent-30-de-rabais-en-ce-moment\/\"},\"author\":{\"name\":\"Julien\",\"@id\":\"https:\/\/vieassociative.be\/actualites\/#\/schema\/person\/b87ac4f82f9d4e7b7cec7395b679edc4\"},\"headline\":\"Les \u00e9couteurs de sommeil que j&rsquo;utilise chaque nuit co\u00fbtent 30 $ de rabais en ce moment\",\"datePublished\":\"2025-03-30T01:17:45+00:00\",\"dateModified\":\"2025-03-30T01:17:45+00:00\",\"mainEntityOfPage\":{\"@id\":\"https:\/\/vieassociative.be\/actualites\/les-ecouteurs-de-sommeil-que-jutilise-chaque-nuit-coutent-30-de-rabais-en-ce-moment\/\"},\"wordCount\":499,\"publisher\":{\"@id\":\"https:\/\/vieassociative.be\/actualites\/#organization\"},\"image\":{\"@id\":\"https:\/\/vieassociative.be\/actualites\/les-ecouteurs-de-sommeil-que-jutilise-chaque-nuit-coutent-30-de-rabais-en-ce-moment\/#primaryimage\"},\"thumbnailUrl\":\"https:\/\/vieassociative.be\/actualites\/wp-content\/uploads\/2025\/03\/Les-ecouteurs-de-sommeil-que-jutilise-chaque-nuit-coutent-30.jpg\",\"keywords\":[\"chaque\",\"co\u00fbtent\",\"\u00e9couteurs\",\"jutilise\",\"Les\",\"moment\",\"nuit\",\"rabais\",\"sommeil\"],\"articleSection\":[\"Sant\u00e9\"],\"inLanguage\":\"fr-BE\"},{\"@type\":\"WebPage\",\"@id\":\"https:\/\/vieassociative.be\/actualites\/les-ecouteurs-de-sommeil-que-jutilise-chaque-nuit-coutent-30-de-rabais-en-ce-moment\/\",\"url\":\"https:\/\/vieassociative.be\/actualites\/les-ecouteurs-de-sommeil-que-jutilise-chaque-nuit-coutent-30-de-rabais-en-ce-moment\/\",\"name\":\"Les \u00e9couteurs de sommeil que j'utilise chaque nuit co\u00fbtent 30 $ de rabais en ce moment | Vie Associative\",\"isPartOf\":{\"@id\":\"https:\/\/vieassociative.be\/actualites\/#website\"},\"primaryImageOfPage\":{\"@id\":\"https:\/\/vieassociative.be\/actualites\/les-ecouteurs-de-sommeil-que-jutilise-chaque-nuit-coutent-30-de-rabais-en-ce-moment\/#primaryimage\"},\"image\":{\"@id\":\"https:\/\/vieassociative.be\/actualites\/les-ecouteurs-de-sommeil-que-jutilise-chaque-nuit-coutent-30-de-rabais-en-ce-moment\/#primaryimage\"},\"thumbnailUrl\":\"https:\/\/vieassociative.be\/actualites\/wp-content\/uploads\/2025\/03\/Les-ecouteurs-de-sommeil-que-jutilise-chaque-nuit-coutent-30.jpg\",\"datePublished\":\"2025-03-30T01:17:45+00:00\",\"dateModified\":\"2025-03-30T01:17:45+00:00\",\"breadcrumb\":{\"@id\":\"https:\/\/vieassociative.be\/actualites\/les-ecouteurs-de-sommeil-que-jutilise-chaque-nuit-coutent-30-de-rabais-en-ce-moment\/#breadcrumb\"},\"inLanguage\":\"fr-BE\",\"potentialAction\":[{\"@type\":\"ReadAction\",\"target\":[\"https:\/\/vieassociative.be\/actualites\/les-ecouteurs-de-sommeil-que-jutilise-chaque-nuit-coutent-30-de-rabais-en-ce-moment\/\"]}]},{\"@type\":\"ImageObject\",\"inLanguage\":\"fr-BE\",\"@id\":\"https:\/\/vieassociative.be\/actualites\/les-ecouteurs-de-sommeil-que-jutilise-chaque-nuit-coutent-30-de-rabais-en-ce-moment\/#primaryimage\",\"url\":\"https:\/\/vieassociative.be\/actualites\/wp-content\/uploads\/2025\/03\/Les-ecouteurs-de-sommeil-que-jutilise-chaque-nuit-coutent-30.jpg\",\"contentUrl\":\"https:\/\/vieassociative.be\/actualites\/wp-content\/uploads\/2025\/03\/Les-ecouteurs-de-sommeil-que-jutilise-chaque-nuit-coutent-30.jpg\",\"width\":1200,\"height\":675,\"caption\":\"Les \u00e9couteurs de sommeil que j'utilise chaque nuit co\u00fbtent 30 $ de rabais en ce moment\"},{\"@type\":\"BreadcrumbList\",\"@id\":\"https:\/\/vieassociative.be\/actualites\/les-ecouteurs-de-sommeil-que-jutilise-chaque-nuit-coutent-30-de-rabais-en-ce-moment\/#breadcrumb\",\"itemListElement\":[{\"@type\":\"ListItem\",\"position\":1,\"name\":\"Accueil\",\"item\":\"https:\/\/vieassociative.be\/actualites\/\"},{\"@type\":\"ListItem\",\"position\":2,\"name\":\"Les \u00e9couteurs de sommeil que j&rsquo;utilise chaque nuit co\u00fbtent 30 $ de rabais en ce moment\"}]},{\"@type\":\"WebSite\",\"@id\":\"https:\/\/vieassociative.be\/actualites\/#website\",\"url\":\"https:\/\/vieassociative.be\/actualites\/\",\"name\":\"Vie Associative\",\"description\":\"\",\"publisher\":{\"@id\":\"https:\/\/vieassociative.be\/actualites\/#organization\"},\"potentialAction\":[{\"@type\":\"SearchAction\",\"target\":{\"@type\":\"EntryPoint\",\"urlTemplate\":\"https:\/\/vieassociative.be\/actualites\/?s={search_term_string}\"},\"query-input\":{\"@type\":\"PropertyValueSpecification\",\"valueRequired\":true,\"valueName\":\"search_term_string\"}}],\"inLanguage\":\"fr-BE\"},{\"@type\":\"Organization\",\"@id\":\"https:\/\/vieassociative.be\/actualites\/#organization\",\"name\":\"Vie Associative\",\"url\":\"https:\/\/vieassociative.be\/actualites\/\",\"logo\":{\"@type\":\"ImageObject\",\"inLanguage\":\"fr-BE\",\"@id\":\"https:\/\/vieassociative.be\/actualites\/#\/schema\/logo\/image\/\",\"url\":\"https:\/\/vieassociative.be\/actualites\/wp-content\/uploads\/2024\/09\/cropped-vieassociative_favicon.ico.png\",\"contentUrl\":\"https:\/\/vieassociative.be\/actualites\/wp-content\/uploads\/2024\/09\/cropped-vieassociative_favicon.ico.png\",\"width\":512,\"height\":512,\"caption\":\"Vie Associative\"},\"image\":{\"@id\":\"https:\/\/vieassociative.be\/actualites\/#\/schema\/logo\/image\/\"}},{\"@type\":\"Person\",\"@id\":\"https:\/\/vieassociative.be\/actualites\/#\/schema\/person\/b87ac4f82f9d4e7b7cec7395b679edc4\",\"name\":\"Julien\",\"image\":{\"@type\":\"ImageObject\",\"inLanguage\":\"fr-BE\",\"@id\":\"https:\/\/vieassociative.be\/actualites\/#\/schema\/person\/image\/\",\"url\":\"https:\/\/vieassociative.be\/actualites\/wp-content\/uploads\/2024\/09\/vie-associative-1-150x150.jpg\",\"contentUrl\":\"https:\/\/vieassociative.be\/actualites\/wp-content\/uploads\/2024\/09\/vie-associative-1-150x150.jpg\",\"caption\":\"Julien\"},\"description\":\"Je suis Julien, r\u00e9dacteur pour Vie Associative. Passionn\u00e9 par le monde associatif depuis plus de 10 ans, j'ai \u00e0 c\u0153ur de partager des histoires inspirantes et de mettre en lumi\u00e8re les initiatives locales. Mon objectif est de sensibiliser et d'encourager l'engagement communautaire \u00e0 travers mes articles.\",\"sameAs\":[\"https:\/\/vieassociative.be\/\"]}]}<\/script>\n<!-- \/ Yoast SEO plugin. -->","yoast_head_json":{"title":"Les \u00e9couteurs de sommeil que j'utilise chaque nuit co\u00fbtent 30 $ de rabais en ce moment | Vie Associative","robots":{"index":"index","follow":"follow","max-snippet":"max-snippet:-1","max-image-preview":"max-image-preview:large","max-video-preview":"max-video-preview:-1"},"canonical":"https:\/\/vieassociative.be\/actualites\/les-ecouteurs-de-sommeil-que-jutilise-chaque-nuit-coutent-30-de-rabais-en-ce-moment\/","og_locale":"fr_FR","og_type":"article","og_title":"Les \u00e9couteurs de sommeil que j'utilise chaque nuit co\u00fbtent 30 $ de rabais en ce moment | Vie Associative","og_description":"Ces \u00e9couteurs sont sp\u00e9cialement con\u00e7us pour vous aider \u00e0 passer une bonne nuit de sommeil, et je les adore. J&rsquo;ai utilis\u00e9 des \u00e9couteurs pour m&rsquo;aider","og_url":"https:\/\/vieassociative.be\/actualites\/les-ecouteurs-de-sommeil-que-jutilise-chaque-nuit-coutent-30-de-rabais-en-ce-moment\/","og_site_name":"Vie Associative","article_published_time":"2025-03-30T01:17:45+00:00","og_image":[{"url":"https:\/\/vieassociative.be\/actualites\/wp-content\/uploads\/2025\/03\/Les-ecouteurs-de-sommeil-que-jutilise-chaque-nuit-coutent-30.png","type":"","width":"","height":""}],"author":"Julien","twitter_card":"summary_large_image","twitter_misc":{"\u00c9crit par":"Julien","Dur\u00e9e de lecture est.":"2 minutes"},"schema":{"@context":"https:\/\/schema.org","@graph":[{"@type":"Article","@id":"https:\/\/vieassociative.be\/actualites\/les-ecouteurs-de-sommeil-que-jutilise-chaque-nuit-coutent-30-de-rabais-en-ce-moment\/#article","isPartOf":{"@id":"https:\/\/vieassociative.be\/actualites\/les-ecouteurs-de-sommeil-que-jutilise-chaque-nuit-coutent-30-de-rabais-en-ce-moment\/"},"author":{"name":"Julien","@id":"https:\/\/vieassociative.be\/actualites\/#\/schema\/person\/b87ac4f82f9d4e7b7cec7395b679edc4"},"headline":"Les \u00e9couteurs de sommeil que j&rsquo;utilise chaque nuit co\u00fbtent 30 $ de rabais en ce moment","datePublished":"2025-03-30T01:17:45+00:00","dateModified":"2025-03-30T01:17:45+00:00","mainEntityOfPage":{"@id":"https:\/\/vieassociative.be\/actualites\/les-ecouteurs-de-sommeil-que-jutilise-chaque-nuit-coutent-30-de-rabais-en-ce-moment\/"},"wordCount":499,"publisher":{"@id":"https:\/\/vieassociative.be\/actualites\/#organization"},"image":{"@id":"https:\/\/vieassociative.be\/actualites\/les-ecouteurs-de-sommeil-que-jutilise-chaque-nuit-coutent-30-de-rabais-en-ce-moment\/#primaryimage"},"thumbnailUrl":"https:\/\/vieassociative.be\/actualites\/wp-content\/uploads\/2025\/03\/Les-ecouteurs-de-sommeil-que-jutilise-chaque-nuit-coutent-30.jpg","keywords":["chaque","co\u00fbtent","\u00e9couteurs","jutilise","Les","moment","nuit","rabais","sommeil"],"articleSection":["Sant\u00e9"],"inLanguage":"fr-BE"},{"@type":"WebPage","@id":"https:\/\/vieassociative.be\/actualites\/les-ecouteurs-de-sommeil-que-jutilise-chaque-nuit-coutent-30-de-rabais-en-ce-moment\/","url":"https:\/\/vieassociative.be\/actualites\/les-ecouteurs-de-sommeil-que-jutilise-chaque-nuit-coutent-30-de-rabais-en-ce-moment\/","name":"Les \u00e9couteurs de sommeil que j'utilise chaque nuit co\u00fbtent 30 $ de rabais en ce moment | Vie Associative","isPartOf":{"@id":"https:\/\/vieassociative.be\/actualites\/#website"},"primaryImageOfPage":{"@id":"https:\/\/vieassociative.be\/actualites\/les-ecouteurs-de-sommeil-que-jutilise-chaque-nuit-coutent-30-de-rabais-en-ce-moment\/#primaryimage"},"image":{"@id":"https:\/\/vieassociative.be\/actualites\/les-ecouteurs-de-sommeil-que-jutilise-chaque-nuit-coutent-30-de-rabais-en-ce-moment\/#primaryimage"},"thumbnailUrl":"https:\/\/vieassociative.be\/actualites\/wp-content\/uploads\/2025\/03\/Les-ecouteurs-de-sommeil-que-jutilise-chaque-nuit-coutent-30.jpg","datePublished":"2025-03-30T01:17:45+00:00","dateModified":"2025-03-30T01:17:45+00:00","breadcrumb":{"@id":"https:\/\/vieassociative.be\/actualites\/les-ecouteurs-de-sommeil-que-jutilise-chaque-nuit-coutent-30-de-rabais-en-ce-moment\/#breadcrumb"},"inLanguage":"fr-BE","potentialAction":[{"@type":"ReadAction","target":["https:\/\/vieassociative.be\/actualites\/les-ecouteurs-de-sommeil-que-jutilise-chaque-nuit-coutent-30-de-rabais-en-ce-moment\/"]}]},{"@type":"ImageObject","inLanguage":"fr-BE","@id":"https:\/\/vieassociative.be\/actualites\/les-ecouteurs-de-sommeil-que-jutilise-chaque-nuit-coutent-30-de-rabais-en-ce-moment\/#primaryimage","url":"https:\/\/vieassociative.be\/actualites\/wp-content\/uploads\/2025\/03\/Les-ecouteurs-de-sommeil-que-jutilise-chaque-nuit-coutent-30.jpg","contentUrl":"https:\/\/vieassociative.be\/actualites\/wp-content\/uploads\/2025\/03\/Les-ecouteurs-de-sommeil-que-jutilise-chaque-nuit-coutent-30.jpg","width":1200,"height":675,"caption":"Les \u00e9couteurs de sommeil que j'utilise chaque nuit co\u00fbtent 30 $ de rabais en ce moment"},{"@type":"BreadcrumbList","@id":"https:\/\/vieassociative.be\/actualites\/les-ecouteurs-de-sommeil-que-jutilise-chaque-nuit-coutent-30-de-rabais-en-ce-moment\/#breadcrumb","itemListElement":[{"@type":"ListItem","position":1,"name":"Accueil","item":"https:\/\/vieassociative.be\/actualites\/"},{"@type":"ListItem","position":2,"name":"Les \u00e9couteurs de sommeil que j&rsquo;utilise chaque nuit co\u00fbtent 30 $ de rabais en ce moment"}]},{"@type":"WebSite","@id":"https:\/\/vieassociative.be\/actualites\/#website","url":"https:\/\/vieassociative.be\/actualites\/","name":"Vie Associative","description":"","publisher":{"@id":"https:\/\/vieassociative.be\/actualites\/#organization"},"potentialAction":[{"@type":"SearchAction","target":{"@type":"EntryPoint","urlTemplate":"https:\/\/vieassociative.be\/actualites\/?s={search_term_string}"},"query-input":{"@type":"PropertyValueSpecification","valueRequired":true,"valueName":"search_term_string"}}],"inLanguage":"fr-BE"},{"@type":"Organization","@id":"https:\/\/vieassociative.be\/actualites\/#organization","name":"Vie Associative","url":"https:\/\/vieassociative.be\/actualites\/","logo":{"@type":"ImageObject","inLanguage":"fr-BE","@id":"https:\/\/vieassociative.be\/actualites\/#\/schema\/logo\/image\/","url":"https:\/\/vieassociative.be\/actualites\/wp-content\/uploads\/2024\/09\/cropped-vieassociative_favicon.ico.png","contentUrl":"https:\/\/vieassociative.be\/actualites\/wp-content\/uploads\/2024\/09\/cropped-vieassociative_favicon.ico.png","width":512,"height":512,"caption":"Vie Associative"},"image":{"@id":"https:\/\/vieassociative.be\/actualites\/#\/schema\/logo\/image\/"}},{"@type":"Person","@id":"https:\/\/vieassociative.be\/actualites\/#\/schema\/person\/b87ac4f82f9d4e7b7cec7395b679edc4","name":"Julien","image":{"@type":"ImageObject","inLanguage":"fr-BE","@id":"https:\/\/vieassociative.be\/actualites\/#\/schema\/person\/image\/","url":"https:\/\/vieassociative.be\/actualites\/wp-content\/uploads\/2024\/09\/vie-associative-1-150x150.jpg","contentUrl":"https:\/\/vieassociative.be\/actualites\/wp-content\/uploads\/2024\/09\/vie-associative-1-150x150.jpg","caption":"Julien"},"description":"Je suis Julien, r\u00e9dacteur pour Vie Associative. Passionn\u00e9 par le monde associatif depuis plus de 10 ans, j'ai \u00e0 c\u0153ur de partager des histoires inspirantes et de mettre en lumi\u00e8re les initiatives locales. Mon objectif est de sensibiliser et d'encourager l'engagement communautaire \u00e0 travers mes articles.","sameAs":["https:\/\/vieassociative.be\/"]}]}},"_links":{"self":[{"href":"https:\/\/vieassociative.be\/actualites\/wp-json\/wp\/v2\/posts\/6267"}],"collection":[{"href":"https:\/\/vieassociative.be\/actualites\/wp-json\/wp\/v2\/posts"}],"about":[{"href":"https:\/\/vieassociative.be\/actualites\/wp-json\/wp\/v2\/types\/post"}],"author":[{"embeddable":true,"href":"https:\/\/vieassociative.be\/actualites\/wp-json\/wp\/v2\/users\/1"}],"replies":[{"embeddable":true,"href":"https:\/\/vieassociative.be\/actualites\/wp-json\/wp\/v2\/comments?post=6267"}],"version-history":[{"count":0,"href":"https:\/\/vieassociative.be\/actualites\/wp-json\/wp\/v2\/posts\/6267\/revisions"}],"wp:featuredmedia":[{"embeddable":true,"href":"https:\/\/vieassociative.be\/actualites\/wp-json\/wp\/v2\/media\/6268"}],"wp:attachment":[{"href":"https:\/\/vieassociative.be\/actualites\/wp-json\/wp\/v2\/media?parent=6267"}],"wp:term":[{"taxonomy":"category","embeddable":true,"href":"https:\/\/vieassociative.be\/actualites\/wp-json\/wp\/v2\/categories?post=6267"},{"taxonomy":"post_tag","embeddable":true,"href":"https:\/\/vieassociative.be\/actualites\/wp-json\/wp\/v2\/tags?post=6267"}],"curies":[{"name":"wp","href":"https:\/\/api.w.org\/{rel}","templated":true}]}}