{"id":6265,"date":"2025-03-30T01:17:07","date_gmt":"2025-03-30T00:17:07","guid":{"rendered":"https:\/\/vieassociative.be\/actualites\/ce-kit-de-camera-de-securite-4k-sans-abonnement-et-sans-abonnement-est-a-son-prix-le-plus-bas\/"},"modified":"2025-03-30T01:17:07","modified_gmt":"2025-03-30T00:17:07","slug":"ce-kit-de-camera-de-securite-4k-sans-abonnement-et-sans-abonnement-est-a-son-prix-le-plus-bas","status":"publish","type":"post","link":"https:\/\/vieassociative.be\/actualites\/ce-kit-de-camera-de-securite-4k-sans-abonnement-et-sans-abonnement-est-a-son-prix-le-plus-bas\/","title":{"rendered":"Ce kit de cam\u00e9ra de s\u00e9curit\u00e9 4K sans abonnement et sans abonnement est \u00e0 son prix le plus bas"},"content":{"rendered":"<div class=\"mt-4 leading-6 md:mb-8\">Il est simple \u00e0 installer, s&rsquo;ex\u00e9cute efficacement de l&rsquo;\u00e9nergie solaire et saute les frais de nuage.<\/div>\n<p><\/p>\n<p>La grande vente de printemps d&rsquo;Amazon (s&rsquo;\u00e9tendant sur sept jours du 25 mars au 31 mars) donne aux acheteurs la possibilit\u00e9 de saisir de bonnes affaires sur tout, de la technologie aux produits \u00e0 domicile. C&rsquo;est la deuxi\u00e8me vente de printemps d&rsquo;Amazon, et bien qu&rsquo;il ne soit pas aussi flashy que la premi\u00e8re journ\u00e9e, il est toujours rempli de remises difficiles \u00e0 ignorer. Les membres de Prime obtiennent les meilleures offres, donc si vous le souhaitez mais ne voulez pas s&rsquo;engager, l&rsquo;essai gratuit de 30 jours d&rsquo;Amazon de Prime fait l&rsquo;affaire &#8211; n&rsquo;oubliez pas d&rsquo;annuler apr\u00e8s la vente.<\/p>\n<p>L&rsquo;une des meilleures offres dans le m\u00e9lange est l&rsquo;Eufycam S3 Pro (kit 2-cam avec Homebase 3), qui va maintenant pour 439,99 $, marqu\u00e9 de 549,99 $ &#8211; le prix le plus bas de tous les temps, selon les d\u00e9put\u00e9s. C&rsquo;est encore cher, sans aucun doute, mais c&rsquo;est l&rsquo;une des rares cam\u00e9ras de s\u00e9curit\u00e9 qui parvient \u00e0 fournir une r\u00e9solution 4K r\u00e9elle sans vous verrouiller dans un plan d&rsquo;abonnement. <\/p>\n<div class=\"pogoClear mb-12 mt-10 rounded-md border-2 border-gray-100 py-7 shadow-xl md:py-6\">\n<div class=\"flex flex-wrap justify-between px-7 text-black no-underline md:flex-nowrap md:px-8\">\n<div class=\"order-1 mx-auto flex flex-col justify-center md:order-2 md:ml-4 md:w-full md:grow\">\n<div class=\"block cursor-pointer text-center font-akshar text-2xl font-medium leading-7 text-brand-green duration-200 ease-in-out hover:text-brand-green-700 md:text-left md:text-xl md:leading-6\">Kit Eufy Security Eufycam S3 Pro 2-cam, cam\u00e9ra solaire sans fil ext\u00e9rieur, Vision nocturne maxcolor, appareil photo de s\u00e9curit\u00e9 4K avec panneau solaire, reconnaissance faciale, stockage local extensible, pas de frais mensuels\n                <\/div>\n<div class=\"mt-4 hidden md:flex md:justify-between\">\n<div class=\"self-end\">\n<div class=\"mb-0 h-11 md:flex md:flex-col md:justify-center\">\n<div class=\" font-sans leading-4 text-black\">\n<div class=\"flex flex-wrap items-center justify-center gap-x-1 md:justify-start\">\n        <span class=\"font-bold\"><\/p>\n<p>            439,99 $<br \/>\n                            <span class=\"font-medium\">\u00e0 Amazon<\/span><br \/>\n                    <\/span><br \/>\n                    <img decoding=\"async\" class=\"mt-0 h-(15px)\" src=\"https:\/\/vieassociative.be\/actualites\/wp-content\/uploads\/2025\/03\/Ce-kit-de-camera-de-securite-4K-sans-abonnement-et.svg.svg+xml\" title=\"Amazon Prime\" alt=\"Amazon Prime\">\n            <\/div>\n<div class=\"flex items-center justify-center gap-x-1 font-bold md:justify-start\">\n            <span class=\"text-sm line-through\">549,99 $<\/span><br \/>\n            <span class=\"text-sm text-brand-green\">\u00c9conomisez 110,00 $<\/span>\n        <\/div>\n<\/p><\/div>\n<\/p><\/div>\n<\/p><\/div>\n<div class=\"w-44 self-end\">\n                            <button class=\"flex justify-center items-center w-full bg-brand-green text-white text-base font-sans font-medium rounded-md hover:bg-brand-green-700 hover:cursor-pointer md:text-sm h-11\"><\/p>\n<p>    Conclure un accord<br \/>\n<\/button>\n                        <\/div>\n<\/p><\/div>\n<\/p><\/div>\n<div class=\"order-2 mt-5 h-auto w-full md:order-1 md:mt-0 md:hidden\">\n<div class=\"flex aspect-video items-center justify-center\">\n                                            <img decoding=\"async\" class=\"m-0 max-h-full max-w-full rounded-md\" src=\"https:\/\/vieassociative.be\/actualites\/wp-content\/uploads\/2025\/03\/Ce-kit-de-camera-de-securite-4K-sans-abonnement-et.jpg\" alt=\"Kit Eufy Security Eufycam S3 Pro 2-cam, cam\u00e9ra solaire sans fil ext\u00e9rieur, Vision nocturne maxcolor, appareil photo de s\u00e9curit\u00e9 4K avec panneau solaire, reconnaissance faciale, stockage local extensible, pas de frais mensuels\" width=\"auto\" height=\"auto\" loading=\"lazy\">\n                                    <\/div>\n<\/p><\/div>\n<div class=\"order-2 ml-2 hidden w-32 shrink-0 items-center md:order-1 md:ml-0 md:flex\">\n<div class=\"flex aspect-video items-center justify-center\">\n                                            <img decoding=\"async\" class=\"m-0 max-h-full max-w-full rounded-md\" src=\"https:\/\/vieassociative.be\/actualites\/wp-content\/uploads\/2025\/03\/Ce-kit-de-camera-de-securite-4K-sans-abonnement-et.jpg\" alt=\"Kit Eufy Security Eufycam S3 Pro 2-cam, cam\u00e9ra solaire sans fil ext\u00e9rieur, Vision nocturne maxcolor, appareil photo de s\u00e9curit\u00e9 4K avec panneau solaire, reconnaissance faciale, stockage local extensible, pas de frais mensuels\" width=\"auto\" height=\"auto\" loading=\"lazy\">\n                                    <\/div>\n<\/p><\/div>\n<div class=\"order-3 flex grow flex-wrap md:hidden md:grow-0\">\n<div class=\"mt-4 w-full\">\n                        <button class=\"flex justify-center items-center w-full bg-brand-green text-white text-base font-sans font-medium rounded-md hover:bg-brand-green-700 hover:cursor-pointer md:text-sm h-11\"><\/p>\n<p>    Conclure un accord<br \/>\n<\/button>\n                    <\/div>\n<div class=\"mx-2 mt-4 w-full\">\n<div class=\" font-sans leading-4 text-black\">\n<div class=\"flex flex-wrap items-center justify-center gap-x-1 md:justify-start\">\n        <span class=\"font-bold\"><\/p>\n<p>            439,99 $<br \/>\n                            <span class=\"font-medium\">\u00e0 Amazon<\/span><br \/>\n                    <\/span><br \/>\n                    <img decoding=\"async\" class=\"mt-0 h-(15px)\" src=\"https:\/\/vieassociative.be\/actualites\/wp-content\/uploads\/2025\/03\/Ce-kit-de-camera-de-securite-4K-sans-abonnement-et.svg.svg+xml\" title=\"Amazon Prime\" alt=\"Amazon Prime\">\n            <\/div>\n<div class=\"flex items-center justify-center gap-x-1 font-bold md:justify-start\">\n            <span class=\"text-sm line-through\">549,99 $<\/span><br \/>\n            <span class=\"text-sm text-brand-green\">\u00c9conomisez 110,00 $<\/span>\n        <\/div>\n<\/p><\/div>\n<\/p><\/div>\n<\/p><\/div>\n<\/p><\/div>\n<\/div>\n<p>Les cam\u00e9ras sont \u00e9quip\u00e9es de la technologie MAXCOLOR VISION d&rsquo;Eufy, qui utilise une am\u00e9lioration d&rsquo;image propuls\u00e9e par l&rsquo;IA et une impressionnante ouverture f \/ 1.0 pour offrir des images nocturnes vives presque en lumi\u00e8re du jour. De plus, l&rsquo;avantage suppl\u00e9mentaire du panneau Solarplus 2.0 signifie que vous pouvez passer pr\u00e8s d&rsquo;une ann\u00e9e enti\u00e8re sans charger la cam\u00e9ra, \u00e0 condition qu&rsquo;il obtienne une heure de soleil direct quotidiennement. Tout cela est soutenu par la Homebase 3 incluse (avec 16 Go de stockage local int\u00e9gr\u00e9, extensible jusqu&rsquo;\u00e0 16 To si vous en avez besoin), qui agit non seulement comme un centre de stockage mais aussi comme un contr\u00f4le central \u00e9quip\u00e9 d&rsquo;une sir\u00e8ne pour la gamme de s\u00e9curit\u00e9 d&rsquo;Eufy, garantissant un stockage vid\u00e9o local sans frais de nuage r\u00e9currentes.<\/p>\n<div class=\"pogoClear relative my-10 border-b-(1.5px) border-t-(1.5px) border-dashed border-black py-5 sm:my-14 sm:border-0 sm:py-0\" x-cloak x-data=\"{ commentsCount: null }\" x-init=\"commentsCount = await window.openweb.getMessagesCount(122461)\" x-show=\"commentsCount !== null &amp;&amp; commentsCount &gt; 0\">\n<div class=\"absolute top-1\/2 hidden w-full -translate-y-1\/2 border-t-(1.5px) border-dashed border-black sm:block\"><\/div>\n<div class=\"relative flex justify-center\">\n<div class=\"flex max-w-max items-center gap-x-3 bg-white px-5\">\n<div class=\"relative\">\n                <span class=\"absolute left-1\/2 top-1\/2 -translate-x-1\/2 -translate-y-1\/2 font-akshar text-sm font-medium text-black\" x-text=\"commentsCount\"><\/span><\/p>\n<p>                <svg class=\"h-8 w-8 text-black\">\n                    <use href=\"http:\/\/lifehacker.com\/images\/icons\/spritemap.svg#sprite-chat-bubble\"><\/use>\n                <\/svg>\n            <\/div>\n<p>            <span class=\"text-sm font-medium text-black\">Que pensez-vous jusqu&rsquo;\u00e0 pr\u00e9sent? <button class=\"font-semibold text-brand-green underline hover:text-brand-green-700\" onclick=\"window.openweb.scrollToComments(122461)\">Publier un commentaire.<\/button><\/span>\n        <\/div>\n<\/p><\/div>\n<\/div>\n<p>Cela dit, alors que l&rsquo;Eufycam S3 Pro, class\u00e9 IP67, propose un ensemble de fonctionnalit\u00e9s robuste &#8211; un son deux voies qui vous permet de communiquer via l&rsquo;appareil photo, des zones de d\u00e9tection de mouvement personnalisables qui peuvent \u00eatre ajust\u00e9es pour \u00e9viter de fausses alertes, et un syst\u00e8me aliment\u00e9 par AI qui peut distinguer les personnes, les animaux de compagnie et les v\u00e9hicules, vous assurant que vous pouvez vous faire une option, ce qui est important, il est important de noter que l&rsquo;int\u00e9gration avec Apple avec la r\u00e9solution tombant \u00e0 1080p et n\u00e9cessitant un abonnement iCloud pour le stockage vid\u00e9o (qui sape l&rsquo;ensemble de l&rsquo;ensemble de l&rsquo;attrait de non-substance), selon cette revue ZDNET.<\/p>\n","protected":false},"excerpt":{"rendered":"<p>Il est simple \u00e0 installer, s&rsquo;ex\u00e9cute efficacement de l&rsquo;\u00e9nergie solaire et saute les frais de nuage. La grande vente de printemps d&rsquo;Amazon (s&rsquo;\u00e9tendant sur sept<\/p>\n","protected":false},"author":1,"featured_media":6266,"comment_status":"","ping_status":"","sticky":false,"template":"","format":"standard","meta":{"footnotes":""},"categories":[13],"tags":[228,700,1487,76,1023,1399,130,151,800],"class_list":["post-6265","post","type-post","status-publish","format-standard","has-post-thumbnail","hentry","category-technologie","tag-abonnement","tag-bas","tag-camera","tag-est","tag-kit","tag-prix","tag-sans","tag-securite","tag-son","generate-columns","tablet-grid-50","mobile-grid-100","grid-parent","grid-33"],"yoast_head":"<!-- This site is optimized with the Yoast SEO plugin v24.0 - https:\/\/yoast.com\/wordpress\/plugins\/seo\/ -->\n<title>Ce kit de cam\u00e9ra de s\u00e9curit\u00e9 4K sans abonnement et sans abonnement est \u00e0 son prix le plus bas | Vie Associative<\/title>\n<meta name=\"robots\" content=\"index, follow, max-snippet:-1, max-image-preview:large, max-video-preview:-1\" \/>\n<link rel=\"canonical\" href=\"https:\/\/vieassociative.be\/actualites\/ce-kit-de-camera-de-securite-4k-sans-abonnement-et-sans-abonnement-est-a-son-prix-le-plus-bas\/\" \/>\n<meta property=\"og:locale\" content=\"fr_FR\" \/>\n<meta property=\"og:type\" content=\"article\" \/>\n<meta property=\"og:title\" content=\"Ce kit de cam\u00e9ra de s\u00e9curit\u00e9 4K sans abonnement et sans abonnement est \u00e0 son prix le plus bas | Vie Associative\" \/>\n<meta property=\"og:description\" content=\"Il est simple \u00e0 installer, s&rsquo;ex\u00e9cute efficacement de l&rsquo;\u00e9nergie solaire et saute les frais de nuage. La grande vente de printemps d&rsquo;Amazon (s&rsquo;\u00e9tendant sur sept\" \/>\n<meta property=\"og:url\" content=\"https:\/\/vieassociative.be\/actualites\/ce-kit-de-camera-de-securite-4k-sans-abonnement-et-sans-abonnement-est-a-son-prix-le-plus-bas\/\" \/>\n<meta property=\"og:site_name\" content=\"Vie Associative\" \/>\n<meta property=\"article:published_time\" content=\"2025-03-30T00:17:07+00:00\" \/>\n<meta property=\"og:image\" content=\"https:\/\/vieassociative.be\/actualites\/wp-content\/uploads\/2025\/03\/Ce-kit-de-camera-de-securite-4K-sans-abonnement-et.svg.svg+xml\" \/>\n<meta name=\"author\" content=\"Julien\" \/>\n<meta name=\"twitter:card\" content=\"summary_large_image\" \/>\n<meta name=\"twitter:label1\" content=\"\u00c9crit par\" \/>\n\t<meta name=\"twitter:data1\" content=\"Julien\" \/>\n\t<meta name=\"twitter:label2\" content=\"Dur\u00e9e de lecture est.\" \/>\n\t<meta name=\"twitter:data2\" content=\"2 minutes\" \/>\n<script type=\"application\/ld+json\" class=\"yoast-schema-graph\">{\"@context\":\"https:\/\/schema.org\",\"@graph\":[{\"@type\":\"Article\",\"@id\":\"https:\/\/vieassociative.be\/actualites\/ce-kit-de-camera-de-securite-4k-sans-abonnement-et-sans-abonnement-est-a-son-prix-le-plus-bas\/#article\",\"isPartOf\":{\"@id\":\"https:\/\/vieassociative.be\/actualites\/ce-kit-de-camera-de-securite-4k-sans-abonnement-et-sans-abonnement-est-a-son-prix-le-plus-bas\/\"},\"author\":{\"name\":\"Julien\",\"@id\":\"https:\/\/vieassociative.be\/actualites\/#\/schema\/person\/b87ac4f82f9d4e7b7cec7395b679edc4\"},\"headline\":\"Ce kit de cam\u00e9ra de s\u00e9curit\u00e9 4K sans abonnement et sans abonnement est \u00e0 son prix le plus bas\",\"datePublished\":\"2025-03-30T00:17:07+00:00\",\"dateModified\":\"2025-03-30T00:17:07+00:00\",\"mainEntityOfPage\":{\"@id\":\"https:\/\/vieassociative.be\/actualites\/ce-kit-de-camera-de-securite-4k-sans-abonnement-et-sans-abonnement-est-a-son-prix-le-plus-bas\/\"},\"wordCount\":543,\"publisher\":{\"@id\":\"https:\/\/vieassociative.be\/actualites\/#organization\"},\"image\":{\"@id\":\"https:\/\/vieassociative.be\/actualites\/ce-kit-de-camera-de-securite-4k-sans-abonnement-et-sans-abonnement-est-a-son-prix-le-plus-bas\/#primaryimage\"},\"thumbnailUrl\":\"https:\/\/vieassociative.be\/actualites\/wp-content\/uploads\/2025\/03\/Ce-kit-de-camera-de-securite-4K-sans-abonnement-et.png\",\"keywords\":[\"abonnement\",\"bas\",\"cam\u00e9ra\",\"est\",\"kit\",\"prix\",\"sans\",\"s\u00e9curit\u00e9\",\"son\"],\"articleSection\":[\"Technologie\"],\"inLanguage\":\"fr-BE\"},{\"@type\":\"WebPage\",\"@id\":\"https:\/\/vieassociative.be\/actualites\/ce-kit-de-camera-de-securite-4k-sans-abonnement-et-sans-abonnement-est-a-son-prix-le-plus-bas\/\",\"url\":\"https:\/\/vieassociative.be\/actualites\/ce-kit-de-camera-de-securite-4k-sans-abonnement-et-sans-abonnement-est-a-son-prix-le-plus-bas\/\",\"name\":\"Ce kit de cam\u00e9ra de s\u00e9curit\u00e9 4K sans abonnement et sans abonnement est \u00e0 son prix le plus bas | Vie Associative\",\"isPartOf\":{\"@id\":\"https:\/\/vieassociative.be\/actualites\/#website\"},\"primaryImageOfPage\":{\"@id\":\"https:\/\/vieassociative.be\/actualites\/ce-kit-de-camera-de-securite-4k-sans-abonnement-et-sans-abonnement-est-a-son-prix-le-plus-bas\/#primaryimage\"},\"image\":{\"@id\":\"https:\/\/vieassociative.be\/actualites\/ce-kit-de-camera-de-securite-4k-sans-abonnement-et-sans-abonnement-est-a-son-prix-le-plus-bas\/#primaryimage\"},\"thumbnailUrl\":\"https:\/\/vieassociative.be\/actualites\/wp-content\/uploads\/2025\/03\/Ce-kit-de-camera-de-securite-4K-sans-abonnement-et.png\",\"datePublished\":\"2025-03-30T00:17:07+00:00\",\"dateModified\":\"2025-03-30T00:17:07+00:00\",\"breadcrumb\":{\"@id\":\"https:\/\/vieassociative.be\/actualites\/ce-kit-de-camera-de-securite-4k-sans-abonnement-et-sans-abonnement-est-a-son-prix-le-plus-bas\/#breadcrumb\"},\"inLanguage\":\"fr-BE\",\"potentialAction\":[{\"@type\":\"ReadAction\",\"target\":[\"https:\/\/vieassociative.be\/actualites\/ce-kit-de-camera-de-securite-4k-sans-abonnement-et-sans-abonnement-est-a-son-prix-le-plus-bas\/\"]}]},{\"@type\":\"ImageObject\",\"inLanguage\":\"fr-BE\",\"@id\":\"https:\/\/vieassociative.be\/actualites\/ce-kit-de-camera-de-securite-4k-sans-abonnement-et-sans-abonnement-est-a-son-prix-le-plus-bas\/#primaryimage\",\"url\":\"https:\/\/vieassociative.be\/actualites\/wp-content\/uploads\/2025\/03\/Ce-kit-de-camera-de-securite-4K-sans-abonnement-et.png\",\"contentUrl\":\"https:\/\/vieassociative.be\/actualites\/wp-content\/uploads\/2025\/03\/Ce-kit-de-camera-de-securite-4K-sans-abonnement-et.png\",\"width\":1200,\"height\":675,\"caption\":\"Ce kit de cam\u00e9ra de s\u00e9curit\u00e9 4K sans abonnement et sans abonnement est \u00e0 son prix le plus bas\"},{\"@type\":\"BreadcrumbList\",\"@id\":\"https:\/\/vieassociative.be\/actualites\/ce-kit-de-camera-de-securite-4k-sans-abonnement-et-sans-abonnement-est-a-son-prix-le-plus-bas\/#breadcrumb\",\"itemListElement\":[{\"@type\":\"ListItem\",\"position\":1,\"name\":\"Accueil\",\"item\":\"https:\/\/vieassociative.be\/actualites\/\"},{\"@type\":\"ListItem\",\"position\":2,\"name\":\"Ce kit de cam\u00e9ra de s\u00e9curit\u00e9 4K sans abonnement et sans abonnement est \u00e0 son prix le plus bas\"}]},{\"@type\":\"WebSite\",\"@id\":\"https:\/\/vieassociative.be\/actualites\/#website\",\"url\":\"https:\/\/vieassociative.be\/actualites\/\",\"name\":\"Vie Associative\",\"description\":\"\",\"publisher\":{\"@id\":\"https:\/\/vieassociative.be\/actualites\/#organization\"},\"potentialAction\":[{\"@type\":\"SearchAction\",\"target\":{\"@type\":\"EntryPoint\",\"urlTemplate\":\"https:\/\/vieassociative.be\/actualites\/?s={search_term_string}\"},\"query-input\":{\"@type\":\"PropertyValueSpecification\",\"valueRequired\":true,\"valueName\":\"search_term_string\"}}],\"inLanguage\":\"fr-BE\"},{\"@type\":\"Organization\",\"@id\":\"https:\/\/vieassociative.be\/actualites\/#organization\",\"name\":\"Vie Associative\",\"url\":\"https:\/\/vieassociative.be\/actualites\/\",\"logo\":{\"@type\":\"ImageObject\",\"inLanguage\":\"fr-BE\",\"@id\":\"https:\/\/vieassociative.be\/actualites\/#\/schema\/logo\/image\/\",\"url\":\"https:\/\/vieassociative.be\/actualites\/wp-content\/uploads\/2024\/09\/cropped-vieassociative_favicon.ico.png\",\"contentUrl\":\"https:\/\/vieassociative.be\/actualites\/wp-content\/uploads\/2024\/09\/cropped-vieassociative_favicon.ico.png\",\"width\":512,\"height\":512,\"caption\":\"Vie Associative\"},\"image\":{\"@id\":\"https:\/\/vieassociative.be\/actualites\/#\/schema\/logo\/image\/\"}},{\"@type\":\"Person\",\"@id\":\"https:\/\/vieassociative.be\/actualites\/#\/schema\/person\/b87ac4f82f9d4e7b7cec7395b679edc4\",\"name\":\"Julien\",\"image\":{\"@type\":\"ImageObject\",\"inLanguage\":\"fr-BE\",\"@id\":\"https:\/\/vieassociative.be\/actualites\/#\/schema\/person\/image\/\",\"url\":\"https:\/\/vieassociative.be\/actualites\/wp-content\/uploads\/2024\/09\/vie-associative-1-150x150.jpg\",\"contentUrl\":\"https:\/\/vieassociative.be\/actualites\/wp-content\/uploads\/2024\/09\/vie-associative-1-150x150.jpg\",\"caption\":\"Julien\"},\"description\":\"Je suis Julien, r\u00e9dacteur pour Vie Associative. Passionn\u00e9 par le monde associatif depuis plus de 10 ans, j'ai \u00e0 c\u0153ur de partager des histoires inspirantes et de mettre en lumi\u00e8re les initiatives locales. Mon objectif est de sensibiliser et d'encourager l'engagement communautaire \u00e0 travers mes articles.\",\"sameAs\":[\"https:\/\/vieassociative.be\/\"]}]}<\/script>\n<!-- \/ Yoast SEO plugin. -->","yoast_head_json":{"title":"Ce kit de cam\u00e9ra de s\u00e9curit\u00e9 4K sans abonnement et sans abonnement est \u00e0 son prix le plus bas | Vie Associative","robots":{"index":"index","follow":"follow","max-snippet":"max-snippet:-1","max-image-preview":"max-image-preview:large","max-video-preview":"max-video-preview:-1"},"canonical":"https:\/\/vieassociative.be\/actualites\/ce-kit-de-camera-de-securite-4k-sans-abonnement-et-sans-abonnement-est-a-son-prix-le-plus-bas\/","og_locale":"fr_FR","og_type":"article","og_title":"Ce kit de cam\u00e9ra de s\u00e9curit\u00e9 4K sans abonnement et sans abonnement est \u00e0 son prix le plus bas | Vie Associative","og_description":"Il est simple \u00e0 installer, s&rsquo;ex\u00e9cute efficacement de l&rsquo;\u00e9nergie solaire et saute les frais de nuage. La grande vente de printemps d&rsquo;Amazon (s&rsquo;\u00e9tendant sur sept","og_url":"https:\/\/vieassociative.be\/actualites\/ce-kit-de-camera-de-securite-4k-sans-abonnement-et-sans-abonnement-est-a-son-prix-le-plus-bas\/","og_site_name":"Vie Associative","article_published_time":"2025-03-30T00:17:07+00:00","og_image":[{"url":"https:\/\/vieassociative.be\/actualites\/wp-content\/uploads\/2025\/03\/Ce-kit-de-camera-de-securite-4K-sans-abonnement-et.svg.svg+xml","type":"","width":"","height":""}],"author":"Julien","twitter_card":"summary_large_image","twitter_misc":{"\u00c9crit par":"Julien","Dur\u00e9e de lecture est.":"2 minutes"},"schema":{"@context":"https:\/\/schema.org","@graph":[{"@type":"Article","@id":"https:\/\/vieassociative.be\/actualites\/ce-kit-de-camera-de-securite-4k-sans-abonnement-et-sans-abonnement-est-a-son-prix-le-plus-bas\/#article","isPartOf":{"@id":"https:\/\/vieassociative.be\/actualites\/ce-kit-de-camera-de-securite-4k-sans-abonnement-et-sans-abonnement-est-a-son-prix-le-plus-bas\/"},"author":{"name":"Julien","@id":"https:\/\/vieassociative.be\/actualites\/#\/schema\/person\/b87ac4f82f9d4e7b7cec7395b679edc4"},"headline":"Ce kit de cam\u00e9ra de s\u00e9curit\u00e9 4K sans abonnement et sans abonnement est \u00e0 son prix le plus bas","datePublished":"2025-03-30T00:17:07+00:00","dateModified":"2025-03-30T00:17:07+00:00","mainEntityOfPage":{"@id":"https:\/\/vieassociative.be\/actualites\/ce-kit-de-camera-de-securite-4k-sans-abonnement-et-sans-abonnement-est-a-son-prix-le-plus-bas\/"},"wordCount":543,"publisher":{"@id":"https:\/\/vieassociative.be\/actualites\/#organization"},"image":{"@id":"https:\/\/vieassociative.be\/actualites\/ce-kit-de-camera-de-securite-4k-sans-abonnement-et-sans-abonnement-est-a-son-prix-le-plus-bas\/#primaryimage"},"thumbnailUrl":"https:\/\/vieassociative.be\/actualites\/wp-content\/uploads\/2025\/03\/Ce-kit-de-camera-de-securite-4K-sans-abonnement-et.png","keywords":["abonnement","bas","cam\u00e9ra","est","kit","prix","sans","s\u00e9curit\u00e9","son"],"articleSection":["Technologie"],"inLanguage":"fr-BE"},{"@type":"WebPage","@id":"https:\/\/vieassociative.be\/actualites\/ce-kit-de-camera-de-securite-4k-sans-abonnement-et-sans-abonnement-est-a-son-prix-le-plus-bas\/","url":"https:\/\/vieassociative.be\/actualites\/ce-kit-de-camera-de-securite-4k-sans-abonnement-et-sans-abonnement-est-a-son-prix-le-plus-bas\/","name":"Ce kit de cam\u00e9ra de s\u00e9curit\u00e9 4K sans abonnement et sans abonnement est \u00e0 son prix le plus bas | Vie Associative","isPartOf":{"@id":"https:\/\/vieassociative.be\/actualites\/#website"},"primaryImageOfPage":{"@id":"https:\/\/vieassociative.be\/actualites\/ce-kit-de-camera-de-securite-4k-sans-abonnement-et-sans-abonnement-est-a-son-prix-le-plus-bas\/#primaryimage"},"image":{"@id":"https:\/\/vieassociative.be\/actualites\/ce-kit-de-camera-de-securite-4k-sans-abonnement-et-sans-abonnement-est-a-son-prix-le-plus-bas\/#primaryimage"},"thumbnailUrl":"https:\/\/vieassociative.be\/actualites\/wp-content\/uploads\/2025\/03\/Ce-kit-de-camera-de-securite-4K-sans-abonnement-et.png","datePublished":"2025-03-30T00:17:07+00:00","dateModified":"2025-03-30T00:17:07+00:00","breadcrumb":{"@id":"https:\/\/vieassociative.be\/actualites\/ce-kit-de-camera-de-securite-4k-sans-abonnement-et-sans-abonnement-est-a-son-prix-le-plus-bas\/#breadcrumb"},"inLanguage":"fr-BE","potentialAction":[{"@type":"ReadAction","target":["https:\/\/vieassociative.be\/actualites\/ce-kit-de-camera-de-securite-4k-sans-abonnement-et-sans-abonnement-est-a-son-prix-le-plus-bas\/"]}]},{"@type":"ImageObject","inLanguage":"fr-BE","@id":"https:\/\/vieassociative.be\/actualites\/ce-kit-de-camera-de-securite-4k-sans-abonnement-et-sans-abonnement-est-a-son-prix-le-plus-bas\/#primaryimage","url":"https:\/\/vieassociative.be\/actualites\/wp-content\/uploads\/2025\/03\/Ce-kit-de-camera-de-securite-4K-sans-abonnement-et.png","contentUrl":"https:\/\/vieassociative.be\/actualites\/wp-content\/uploads\/2025\/03\/Ce-kit-de-camera-de-securite-4K-sans-abonnement-et.png","width":1200,"height":675,"caption":"Ce kit de cam\u00e9ra de s\u00e9curit\u00e9 4K sans abonnement et sans abonnement est \u00e0 son prix le plus bas"},{"@type":"BreadcrumbList","@id":"https:\/\/vieassociative.be\/actualites\/ce-kit-de-camera-de-securite-4k-sans-abonnement-et-sans-abonnement-est-a-son-prix-le-plus-bas\/#breadcrumb","itemListElement":[{"@type":"ListItem","position":1,"name":"Accueil","item":"https:\/\/vieassociative.be\/actualites\/"},{"@type":"ListItem","position":2,"name":"Ce kit de cam\u00e9ra de s\u00e9curit\u00e9 4K sans abonnement et sans abonnement est \u00e0 son prix le plus bas"}]},{"@type":"WebSite","@id":"https:\/\/vieassociative.be\/actualites\/#website","url":"https:\/\/vieassociative.be\/actualites\/","name":"Vie Associative","description":"","publisher":{"@id":"https:\/\/vieassociative.be\/actualites\/#organization"},"potentialAction":[{"@type":"SearchAction","target":{"@type":"EntryPoint","urlTemplate":"https:\/\/vieassociative.be\/actualites\/?s={search_term_string}"},"query-input":{"@type":"PropertyValueSpecification","valueRequired":true,"valueName":"search_term_string"}}],"inLanguage":"fr-BE"},{"@type":"Organization","@id":"https:\/\/vieassociative.be\/actualites\/#organization","name":"Vie Associative","url":"https:\/\/vieassociative.be\/actualites\/","logo":{"@type":"ImageObject","inLanguage":"fr-BE","@id":"https:\/\/vieassociative.be\/actualites\/#\/schema\/logo\/image\/","url":"https:\/\/vieassociative.be\/actualites\/wp-content\/uploads\/2024\/09\/cropped-vieassociative_favicon.ico.png","contentUrl":"https:\/\/vieassociative.be\/actualites\/wp-content\/uploads\/2024\/09\/cropped-vieassociative_favicon.ico.png","width":512,"height":512,"caption":"Vie Associative"},"image":{"@id":"https:\/\/vieassociative.be\/actualites\/#\/schema\/logo\/image\/"}},{"@type":"Person","@id":"https:\/\/vieassociative.be\/actualites\/#\/schema\/person\/b87ac4f82f9d4e7b7cec7395b679edc4","name":"Julien","image":{"@type":"ImageObject","inLanguage":"fr-BE","@id":"https:\/\/vieassociative.be\/actualites\/#\/schema\/person\/image\/","url":"https:\/\/vieassociative.be\/actualites\/wp-content\/uploads\/2024\/09\/vie-associative-1-150x150.jpg","contentUrl":"https:\/\/vieassociative.be\/actualites\/wp-content\/uploads\/2024\/09\/vie-associative-1-150x150.jpg","caption":"Julien"},"description":"Je suis Julien, r\u00e9dacteur pour Vie Associative. Passionn\u00e9 par le monde associatif depuis plus de 10 ans, j'ai \u00e0 c\u0153ur de partager des histoires inspirantes et de mettre en lumi\u00e8re les initiatives locales. Mon objectif est de sensibiliser et d'encourager l'engagement communautaire \u00e0 travers mes articles.","sameAs":["https:\/\/vieassociative.be\/"]}]}},"_links":{"self":[{"href":"https:\/\/vieassociative.be\/actualites\/wp-json\/wp\/v2\/posts\/6265"}],"collection":[{"href":"https:\/\/vieassociative.be\/actualites\/wp-json\/wp\/v2\/posts"}],"about":[{"href":"https:\/\/vieassociative.be\/actualites\/wp-json\/wp\/v2\/types\/post"}],"author":[{"embeddable":true,"href":"https:\/\/vieassociative.be\/actualites\/wp-json\/wp\/v2\/users\/1"}],"replies":[{"embeddable":true,"href":"https:\/\/vieassociative.be\/actualites\/wp-json\/wp\/v2\/comments?post=6265"}],"version-history":[{"count":0,"href":"https:\/\/vieassociative.be\/actualites\/wp-json\/wp\/v2\/posts\/6265\/revisions"}],"wp:featuredmedia":[{"embeddable":true,"href":"https:\/\/vieassociative.be\/actualites\/wp-json\/wp\/v2\/media\/6266"}],"wp:attachment":[{"href":"https:\/\/vieassociative.be\/actualites\/wp-json\/wp\/v2\/media?parent=6265"}],"wp:term":[{"taxonomy":"category","embeddable":true,"href":"https:\/\/vieassociative.be\/actualites\/wp-json\/wp\/v2\/categories?post=6265"},{"taxonomy":"post_tag","embeddable":true,"href":"https:\/\/vieassociative.be\/actualites\/wp-json\/wp\/v2\/tags?post=6265"}],"curies":[{"name":"wp","href":"https:\/\/api.w.org\/{rel}","templated":true}]}}